{"id":33413,"date":"2021-06-09T15:27:29","date_gmt":"2021-06-09T20:27:29","guid":{"rendered":"https:\/\/nebraskadem.wpenginepowered.com\/?p=33413"},"modified":"2021-06-09T15:43:01","modified_gmt":"2021-06-09T20:43:01","slug":"2020-starts-now","status":"publish","type":"post","link":"http:\/\/nebraskademocrats.org\/es\/blog\/2020-starts-now\/","title":{"rendered":"\u00a12022 comienza ahora!"},"content":{"rendered":"<h2><b>\u00a12022 comienza ahora!<\/b><\/h2>\n<p><span style=\"font-weight: 400;\">Don Bacon no representa bien al Segundo Distrito del Congreso de Nebraska. Desde votar con el \u201cinfierno s\u00ed\u201d cuando la atenci\u00f3n m\u00e9dica de Nebraskan estaba en juego hasta negarse a apoyar la reautorizaci\u00f3n de la Ley de Violencia contra la Mujer. Este tocino es falso. Don Bacon no est\u00e1 aqu\u00ed para resolver problemas y servir como una voz moderada y sus electores merecen algo mejor y es hora de <\/span><strong><a href=\"https:\/\/flipthatbacon.com\/\">Voltea ese tocino<\/a><\/strong><span style=\"font-weight: 400;\"> en 2022.\u00a0<\/span><\/p>\n<p><span style=\"font-weight: 400;\">El Nebraska Democratic Party se complace en anunciar el inicio de nuestra campa\u00f1a &quot;Flip that Bacon&quot;. Durante los pr\u00f3ximos meses y en el ciclo de 2022, expondremos a Don Bacon por su falta de liderazgo y organizaremos a partidarios como usted para asegurarnos de que este per\u00edodo sea el \u00faltimo.<\/span><\/p>\n<p><span style=\"font-weight: 400;\">Le recomendamos que descargue los gr\u00e1ficos de este kit de herramientas y use nuestra copia de muestra como inspiraci\u00f3n para compartir en sus redes sociales. Todo es manos a la obra: necesitamos que nos ayudes a \u201cvoltear ese tocino\u201d en 2022.\u00a0<\/span><\/p>\n<p><span style=\"font-weight: 400;\">Usted puede <\/span><strong><a href=\"https:\/\/drive.google.com\/drive\/folders\/10Gmt0qFMYJU2OkMxKacJYY__R9SqUIOI\">descargar todos los gr\u00e1ficos<\/a><\/strong><span style=\"font-weight: 400;\"> de nuestra carpeta de Google Drive o utilice las instrucciones a continuaci\u00f3n.<\/span><\/p>\n<p><span style=\"font-weight: 400;\">Comparta nuestro sitio, <\/span><a href=\"https:\/\/flipthatbacon.com\/\"><span style=\"font-weight: 400;\"><strong>FlipThatBacon.com<\/strong><\/span><\/a><span style=\"font-weight: 400;\"> a medida que publica en las redes sociales para que podamos reclutar m\u00e1s organizadores excelentes como usted.<\/span><\/p>\n<p><b>\u00bfPreguntas sobre nuestra campa\u00f1a o quieres unirte a la coalici\u00f3n?\u00a0<\/b><\/p>\n<ul>\n<li style=\"font-weight: 400;\" aria-level=\"1\"><span style=\"font-weight: 400;\">Llegar a <\/span><a href=\"mailto:info@nebraskademocrats.org\"><span style=\"font-weight: 400;\">info@nebraskademocrats.org<\/span><\/a><\/li>\n<\/ul>\n<h2><b>GIF generales<\/b><\/h2>\n<p><span style=\"font-weight: 400;\">\u00a1Divi\u00e9rtete con los GIF a continuaci\u00f3n! Comp\u00e1rtelas en Facebook, Twitter o Instagram con una leyenda que detalle por qu\u00e9 est\u00e1s listo para &quot;Voltear ese tocino&quot;.\u00a0<\/span><\/p>\n<p><span style=\"font-weight: 400;\">Para compartir, elija su gr\u00e1fico favorito (\u00a1o dos!) <\/span><strong><a href=\"https:\/\/drive.google.com\/drive\/folders\/10Gmt0qFMYJU2OkMxKacJYY__R9SqUIOI?usp=sharing\">de nuestra carpeta de Google Drive<\/a><\/strong><span style=\"font-weight: 400;\"> y gu\u00e1rdelo en su computadora. A continuaci\u00f3n, c\u00e1rguelo en la plataforma de redes sociales que desee y comp\u00e1rtalo.<\/span><\/p>\n<p><span style=\"font-weight: 400;\">\u27a1\ufe0f <\/span><strong><a href=\"https:\/\/drive.google.com\/drive\/folders\/10Gmt0qFMYJU2OkMxKacJYY__R9SqUIOI?usp=sharing\">Descargue aqu\u00ed nuestro conjunto completo de gr\u00e1ficos para Flip That Bacon. <\/a><\/strong><\/p>\n<h2><b>Facebook e Instagram<\/b><\/h2>\n<ul>\n<li aria-level=\"1\"><a href=\"https:\/\/www.facebook.com\/NebraskaDemocraticParty\/\"><b>\u00a1Me gusta en Facebook para ser parte de la acci\u00f3n y compartir actualizaciones de la campa\u00f1a!<\/b><\/a><\/li>\n<\/ul>\n<ul>\n<li style=\"font-weight: 400;\" aria-level=\"1\"><strong><a href=\"https:\/\/www.instagram.com\/nebraskadems\/\">\u00a1Siga nuestro Instagram para obtener actualizaciones y publicaciones para compartir en su cuenta e historias!\u00a0<\/a><\/strong><\/li>\n<\/ul>\n<p><span style=\"font-weight: 400;\">A continuaci\u00f3n se muestran algunos gr\u00e1ficos y una copia de muestra para que los comparta con sus socios y aliados de la coalici\u00f3n. Si\u00e9ntete libre de personalizar tu idioma y hazles saber a tus seguidores por qu\u00e9 es hora de &quot;\u00a1Voltear ese tocino!&quot;<\/span><\/p>\n<p><span style=\"font-weight: 400;\">Para compartir, elija su gr\u00e1fico favorito (\u00a1o dos!) <\/span><a href=\"https:\/\/drive.google.com\/drive\/folders\/10Gmt0qFMYJU2OkMxKacJYY__R9SqUIOI?usp=sharing\"><span style=\"font-weight: 400;\">F<strong>de nuestra carpeta de Google Drive<\/strong><\/span><\/a><span style=\"font-weight: 400;\"> y gu\u00e1rdelo en su computadora. A continuaci\u00f3n, c\u00e1rguelo en la plataforma de redes sociales que desee y comp\u00e1rtalo.<\/span><\/p>\n<h3><b>Es la hora<\/b><\/h3>\n<p><img fetchpriority=\"high\" decoding=\"async\" class=\"alignnone wp-image-33414 size-medium\" src=\"https:\/\/nebraskadem.wpenginepowered.com\/wp-content\/uploads\/2021\/06\/NDP_bacon_flip_1200X1200@100-8-1-300x300.png\" alt=\"\" width=\"300\" height=\"300\" srcset=\"https:\/\/nebraskademocrats.org\/wp-content\/uploads\/2021\/06\/NDP_bacon_flip_1200X1200@100-8-1-300x300.png 300w, https:\/\/nebraskademocrats.org\/wp-content\/uploads\/2021\/06\/NDP_bacon_flip_1200X1200@100-8-1-1024x1024.png 1024w, https:\/\/nebraskademocrats.org\/wp-content\/uploads\/2021\/06\/NDP_bacon_flip_1200X1200@100-8-1-150x150.png 150w, https:\/\/nebraskademocrats.org\/wp-content\/uploads\/2021\/06\/NDP_bacon_flip_1200X1200@100-8-1-768x768.png 768w, https:\/\/nebraskademocrats.org\/wp-content\/uploads\/2021\/06\/NDP_bacon_flip_1200X1200@100-8-1-12x12.png 12w, https:\/\/nebraskademocrats.org\/wp-content\/uploads\/2021\/06\/NDP_bacon_flip_1200X1200@100-8-1.png 1200w\" sizes=\"(max-width: 300px) 100vw, 300px\" \/><\/p>\n<p><span style=\"font-weight: 400;\">El Segundo Distrito del Congreso es un desastre. Podemos despedir a Don Bacon el pr\u00f3ximo a\u00f1o, y si trabajamos juntos, lo haremos.<\/span><\/p>\n<p><span style=\"font-weight: 400;\">Don Bacon ha tenido la oportunidad de hacer su trabajo. El fallo. \u00danase a nosotros y voltearemos ese tocino.<\/span><\/p>\n<p><b>Oh s\u00ed<\/b><\/p>\n<p><img decoding=\"async\" class=\"alignnone wp-image-33415 size-medium\" src=\"https:\/\/nebraskadem.wpenginepowered.com\/wp-content\/uploads\/2021\/06\/NDP_bacon_hellyes_1200X1200@100-100-1-300x300.jpg\" alt=\"\" width=\"300\" height=\"300\" srcset=\"https:\/\/nebraskademocrats.org\/wp-content\/uploads\/2021\/06\/NDP_bacon_hellyes_1200X1200@100-100-1-300x300.jpg 300w, https:\/\/nebraskademocrats.org\/wp-content\/uploads\/2021\/06\/NDP_bacon_hellyes_1200X1200@100-100-1-1024x1024.jpg 1024w, https:\/\/nebraskademocrats.org\/wp-content\/uploads\/2021\/06\/NDP_bacon_hellyes_1200X1200@100-100-1-150x150.jpg 150w, https:\/\/nebraskademocrats.org\/wp-content\/uploads\/2021\/06\/NDP_bacon_hellyes_1200X1200@100-100-1-768x768.jpg 768w, https:\/\/nebraskademocrats.org\/wp-content\/uploads\/2021\/06\/NDP_bacon_hellyes_1200X1200@100-100-1-12x12.jpg 12w, https:\/\/nebraskademocrats.org\/wp-content\/uploads\/2021\/06\/NDP_bacon_hellyes_1200X1200@100-100-1.jpg 1200w\" sizes=\"(max-width: 300px) 100vw, 300px\" \/><\/p>\n<p><span style=\"font-weight: 400;\">\u201cEstoy cambiando mi voto, de &#039;s\u00ed&#039; a &#039;diablos, s\u00ed&#039;\u201d. Nueve palabras cortas que podr\u00edan haber costado todo a algunos habitantes de Nebraska. Mu\u00e9strale a Don Bacon que no hemos olvidado.<\/span><\/p>\n<p><span style=\"font-weight: 400;\">\u00bfQuitarnos nuestro cuidado de la salud? Diablos no.<\/span><\/p>\n<p><span style=\"font-weight: 400;\">\u00bfVoltear el segundo distrito? Oh s\u00ed.<\/span><\/p>\n<h3><b>Contra nosotros<\/b><\/h3>\n<p><img decoding=\"async\" class=\"alignnone wp-image-33416 size-medium\" src=\"https:\/\/nebraskadem.wpenginepowered.com\/wp-content\/uploads\/2021\/06\/NDP_bacon_against_1200X1200@100-100-1-300x300.jpg\" alt=\"\" width=\"300\" height=\"300\" srcset=\"https:\/\/nebraskademocrats.org\/wp-content\/uploads\/2021\/06\/NDP_bacon_against_1200X1200@100-100-1-300x300.jpg 300w, https:\/\/nebraskademocrats.org\/wp-content\/uploads\/2021\/06\/NDP_bacon_against_1200X1200@100-100-1-1024x1024.jpg 1024w, https:\/\/nebraskademocrats.org\/wp-content\/uploads\/2021\/06\/NDP_bacon_against_1200X1200@100-100-1-150x150.jpg 150w, https:\/\/nebraskademocrats.org\/wp-content\/uploads\/2021\/06\/NDP_bacon_against_1200X1200@100-100-1-768x768.jpg 768w, https:\/\/nebraskademocrats.org\/wp-content\/uploads\/2021\/06\/NDP_bacon_against_1200X1200@100-100-1-12x12.jpg 12w, https:\/\/nebraskademocrats.org\/wp-content\/uploads\/2021\/06\/NDP_bacon_against_1200X1200@100-100-1.jpg 1200w\" sizes=\"(max-width: 300px) 100vw, 300px\" \/><\/p>\n<p><span style=\"font-weight: 400;\">Durante los \u00faltimos cuatro a\u00f1os y medio, Don Bacon ha roto sus promesas y ha olvidado de d\u00f3nde ven\u00eda. El a\u00f1o que viene, se lo recordaremos.<\/span><\/p>\n<p><span style=\"font-weight: 400;\">Don Bacon no ama nada m\u00e1s que la l\u00ednea del partido, incluso cuando lastima a los habitantes de Nebraska en casa. Es hora de voltear ese tocino.<\/span><\/p>\n<p><span style=\"font-weight: 400;\">\u27a1\ufe0f <\/span><strong><a href=\"https:\/\/drive.google.com\/drive\/folders\/10Gmt0qFMYJU2OkMxKacJYY__R9SqUIOI?usp=sharing\">Descargue aqu\u00ed nuestro conjunto completo de gr\u00e1ficos para Flip That Bacon. <\/a><\/strong><\/p>\n<h2><b>Gorjeo<\/b><\/h2>\n<ul>\n<li style=\"font-weight: 400;\" aria-level=\"1\"><a href=\"https:\/\/twitter.com\/NebraskaDems?ref_src=twsrc%5Egoogle%7Ctwcamp%5Eserp%7Ctwgr%5Eauthor\"><strong>S\u00edganos en Twitter para retuitear los mensajes de la campa\u00f1a y amplificar nuestras voces.<\/strong><span style=\"font-weight: 400;\"><br \/>\n<\/span><\/a><\/li>\n<\/ul>\n<p><span style=\"font-weight: 400;\">A continuaci\u00f3n se muestran algunos gr\u00e1ficos y una copia de muestra para que los comparta con sus socios y aliados de la coalici\u00f3n. Si\u00e9ntete libre de personalizar tu idioma y hazles saber a tus seguidores por qu\u00e9 es hora de &quot;\u00a1Voltear ese tocino!&quot;<\/span><\/p>\n<p><span style=\"font-weight: 400;\">Para compartir, elija su gr\u00e1fico favorito (\u00a1o dos!) <\/span><strong><a href=\"https:\/\/drive.google.com\/drive\/folders\/10Gmt0qFMYJU2OkMxKacJYY__R9SqUIOI?usp=sharing\">de nuestra carpeta de Google Drive<\/a><\/strong><span style=\"font-weight: 400;\"> y gu\u00e1rdelo en su computadora. A continuaci\u00f3n, c\u00e1rguelo en la plataforma de redes sociales que desee y comp\u00e1rtalo.<\/span><\/p>\n<p><span style=\"font-weight: 400;\">|\uffe3\uffe3\uffe3\uffe3\uffe3\uffe3 |<\/span><\/p>\n<p><span style=\"font-weight: 400;\">| FLIP |<\/span><\/p>\n<p><span style=\"font-weight: 400;\">| ESO |\u00a0<\/span><\/p>\n<p><span style=\"font-weight: 400;\">| BACON |\u00a0\u00a0\u00a0\u00a0\u00a0<\/span><\/p>\n<p><span style=\"font-weight: 400;\">| \u00a0 \u00a0 \u00a0 \u00a0 \u00a0 \u00a0 \u00a0 \u00a0 \u00a0 \u00a0 \u00a0 \u00a0 |<\/span><\/p>\n<p><span style=\"font-weight: 400;\">| \uff3f\uff3f\uff3f\uff3f\uff3f__ |\u00a0<\/span><\/p>\n<p><span style=\"font-weight: 400;\">(\\__\/) ||\u00a0<\/span><\/p>\n<p><span style=\"font-weight: 400;\">(\u2022 \u3145 \u2022) ||\u00a0<\/span><\/p>\n<p><span style=\"font-weight: 400;\">\/ \u3065<\/span><\/p>\n<h3><b>Oh s\u00ed<\/b><\/h3>\n<p><img loading=\"lazy\" decoding=\"async\" class=\"alignnone wp-image-33418 size-medium\" src=\"https:\/\/nebraskadem.wpenginepowered.com\/wp-content\/uploads\/2021\/06\/NDP_bacon_hellyes_1280X720@100-8-1-300x169.png\" alt=\"\" width=\"300\" height=\"169\" srcset=\"https:\/\/nebraskademocrats.org\/wp-content\/uploads\/2021\/06\/NDP_bacon_hellyes_1280X720@100-8-1-300x169.png 300w, https:\/\/nebraskademocrats.org\/wp-content\/uploads\/2021\/06\/NDP_bacon_hellyes_1280X720@100-8-1-1024x576.png 1024w, https:\/\/nebraskademocrats.org\/wp-content\/uploads\/2021\/06\/NDP_bacon_hellyes_1280X720@100-8-1-768x432.png 768w, https:\/\/nebraskademocrats.org\/wp-content\/uploads\/2021\/06\/NDP_bacon_hellyes_1280X720@100-8-1-16x9.png 16w, https:\/\/nebraskademocrats.org\/wp-content\/uploads\/2021\/06\/NDP_bacon_hellyes_1280X720@100-8-1.png 1280w\" sizes=\"(max-width: 300px) 100vw, 300px\" \/><\/p>\n<p><span style=\"font-weight: 400;\">&quot;Estoy cambiando mi voto, de &#039;s\u00ed&#039; a &#039;diablos, s\u00ed&quot;. Nueve palabras cortas que podr\u00edan haberle costado todo a algunos habitantes de Nebraska. Mu\u00e9strale a Don Bacon que no hemos olvidado.<\/span><\/p>\n<p><span style=\"font-weight: 400;\">\u00bfQuitarnos nuestro cuidado de la salud? Diablos no.<\/span><\/p>\n<p><span style=\"font-weight: 400;\">\u00bfVoltear el segundo distrito? Oh s\u00ed.<\/span><\/p>\n<h3><b>Es la hora<\/b><\/h3>\n<p><img loading=\"lazy\" decoding=\"async\" class=\"alignnone wp-image-33419 size-medium\" src=\"https:\/\/nebraskadem.wpenginepowered.com\/wp-content\/uploads\/2021\/06\/NDP_bacon_flip_1280X720@100-8-2-300x169.png\" alt=\"\" width=\"300\" height=\"169\" srcset=\"https:\/\/nebraskademocrats.org\/wp-content\/uploads\/2021\/06\/NDP_bacon_flip_1280X720@100-8-2-300x169.png 300w, https:\/\/nebraskademocrats.org\/wp-content\/uploads\/2021\/06\/NDP_bacon_flip_1280X720@100-8-2-1024x576.png 1024w, https:\/\/nebraskademocrats.org\/wp-content\/uploads\/2021\/06\/NDP_bacon_flip_1280X720@100-8-2-768x432.png 768w, https:\/\/nebraskademocrats.org\/wp-content\/uploads\/2021\/06\/NDP_bacon_flip_1280X720@100-8-2-16x9.png 16w, https:\/\/nebraskademocrats.org\/wp-content\/uploads\/2021\/06\/NDP_bacon_flip_1280X720@100-8-2.png 1280w\" sizes=\"(max-width: 300px) 100vw, 300px\" \/><\/p>\n<p><span style=\"font-weight: 400;\">El Segundo Distrito del Congreso es un desastre. Podemos despedir a Don Bacon el pr\u00f3ximo a\u00f1o, y si trabajamos juntos, lo haremos.<\/span><\/p>\n<p><span style=\"font-weight: 400;\">Don Bacon ha tenido la oportunidad de hacer su trabajo. El fallo. \u00danase a nosotros y voltearemos ese tocino.<\/span><\/p>\n<h3><b>Contra nosotros<\/b><\/h3>\n<p><img loading=\"lazy\" decoding=\"async\" class=\"alignnone wp-image-33417 size-medium\" src=\"https:\/\/nebraskadem.wpenginepowered.com\/wp-content\/uploads\/2021\/06\/NDP_bacon_against_1280X720@100-8-1-300x169.png\" alt=\"\" width=\"300\" height=\"169\" srcset=\"https:\/\/nebraskademocrats.org\/wp-content\/uploads\/2021\/06\/NDP_bacon_against_1280X720@100-8-1-300x169.png 300w, https:\/\/nebraskademocrats.org\/wp-content\/uploads\/2021\/06\/NDP_bacon_against_1280X720@100-8-1-1024x576.png 1024w, https:\/\/nebraskademocrats.org\/wp-content\/uploads\/2021\/06\/NDP_bacon_against_1280X720@100-8-1-768x432.png 768w, https:\/\/nebraskademocrats.org\/wp-content\/uploads\/2021\/06\/NDP_bacon_against_1280X720@100-8-1-16x9.png 16w, https:\/\/nebraskademocrats.org\/wp-content\/uploads\/2021\/06\/NDP_bacon_against_1280X720@100-8-1.png 1280w\" sizes=\"(max-width: 300px) 100vw, 300px\" \/><\/p>\n<p><span style=\"font-weight: 400;\">Durante los \u00faltimos cuatro a\u00f1os y medio, Don Bacon ha roto sus promesas y ha olvidado de d\u00f3nde ven\u00eda. El a\u00f1o que viene, se lo recordaremos.<\/span><\/p>\n<p><span style=\"font-weight: 400;\">Don Bacon no ama nada m\u00e1s que la l\u00ednea del partido, incluso cuando lastima a los habitantes de Nebraska en casa. Es hora de voltear ese tocino.<\/span><\/p>\n<p><span style=\"font-weight: 400;\">\u27a1\ufe0f <\/span><strong><a href=\"https:\/\/drive.google.com\/drive\/folders\/10Gmt0qFMYJU2OkMxKacJYY__R9SqUIOI?usp=sharing\">Descargue aqu\u00ed nuestro conjunto completo de gr\u00e1ficos para Flip That Bacon. <\/a><\/strong><\/p>","protected":false},"excerpt":{"rendered":"<p>2022 Starts Now! Don Bacon does not represent Nebraska\u2019s Second Congressional District well. From voting \u201chell yes\u201d when Nebraskan\u2019s healthcare was at stake to refusing to support the reauthorization of the Violence Against Women Act. This Bacon is fake. Don Bacon is not here to solve problems and serve as a moderate voice and his &#8230; <a title=\"\u00a12022 comienza ahora!\" class=\"read-more\" href=\"http:\/\/nebraskademocrats.org\/es\/blog\/2020-starts-now\/\" aria-label=\"More on 2022 Starts Now!\">Lee mas<\/a><\/p>","protected":false},"author":19,"featured_media":0,"comment_status":"closed","ping_status":"closed","sticky":false,"template":"","format":"standard","meta":{"_acf_changed":false,"_exactmetrics_skip_tracking":false,"_exactmetrics_sitenote_active":false,"_exactmetrics_sitenote_note":"","_exactmetrics_sitenote_category":0,"footnotes":""},"categories":[1],"tags":[],"class_list":["post-33413","post","type-post","status-publish","format-standard","hentry","category-blog"],"acf":[],"yoast_head":"<!-- This site is optimized with the Yoast SEO plugin v27.4 - https:\/\/yoast.com\/product\/yoast-seo-wordpress\/ -->\n<title>2022 Starts Now! &#8211; Nebraska Democratic Party<\/title>\n<meta name=\"robots\" content=\"index, follow, max-snippet:-1, max-image-preview:large, max-video-preview:-1\" \/>\n<link rel=\"canonical\" href=\"http:\/\/nebraskademocrats.org\/es\/blog\/2020-starts-now\/\" \/>\n<meta property=\"og:locale\" content=\"es_MX\" \/>\n<meta property=\"og:type\" content=\"article\" \/>\n<meta property=\"og:title\" content=\"2022 Starts Now! &#8211; Nebraska Democratic Party\" \/>\n<meta property=\"og:description\" content=\"2022 Starts Now! Don Bacon does not represent Nebraska\u2019s Second Congressional District well. From voting \u201chell yes\u201d when Nebraskan\u2019s healthcare was at stake to refusing to support the reauthorization of the Violence Against Women Act. This Bacon is fake. Don Bacon is not here to solve problems and serve as a moderate voice and his ... Read more\" \/>\n<meta property=\"og:url\" content=\"http:\/\/nebraskademocrats.org\/es\/blog\/2020-starts-now\/\" \/>\n<meta property=\"og:site_name\" content=\"Nebraska Democratic Party\" \/>\n<meta property=\"article:publisher\" content=\"https:\/\/www.facebook.com\/NebraskaDemocraticParty\/\" \/>\n<meta property=\"article:published_time\" content=\"2021-06-09T20:27:29+00:00\" \/>\n<meta property=\"article:modified_time\" content=\"2021-06-09T20:43:01+00:00\" \/>\n<meta property=\"og:image\" content=\"https:\/\/nebraskadem.wpenginepowered.com\/wp-content\/uploads\/2021\/06\/NDP_bacon_flip_1200X1200@100-8-1-300x300.png\" \/>\n<meta name=\"author\" content=\"Precious McKesson\" \/>\n<meta name=\"twitter:card\" content=\"summary_large_image\" \/>\n<meta name=\"twitter:creator\" content=\"@nebraskadems\" \/>\n<meta name=\"twitter:site\" content=\"@nebraskadems\" \/>\n<meta name=\"twitter:label1\" content=\"Escrito por\" \/>\n\t<meta name=\"twitter:data1\" content=\"Precious McKesson\" \/>\n\t<meta name=\"twitter:label2\" content=\"Tiempo de lectura\" \/>\n\t<meta name=\"twitter:data2\" content=\"5 minutos\" \/>\n<script type=\"application\/ld+json\" class=\"yoast-schema-graph\">{\"@context\":\"https:\\\/\\\/schema.org\",\"@graph\":[{\"@type\":\"Article\",\"@id\":\"http:\\\/\\\/nebraskademocrats.org\\\/zh\\\/blog\\\/2020-starts-now\\\/#article\",\"isPartOf\":{\"@id\":\"http:\\\/\\\/nebraskademocrats.org\\\/zh\\\/blog\\\/2020-starts-now\\\/\"},\"author\":{\"name\":\"Precious McKesson\",\"@id\":\"https:\\\/\\\/nebraskademocrats.org\\\/#\\\/schema\\\/person\\\/33e011ea0795f404810dc40828bcf289\"},\"headline\":\"2022 Starts Now!\",\"datePublished\":\"2021-06-09T20:27:29+00:00\",\"dateModified\":\"2021-06-09T20:43:01+00:00\",\"mainEntityOfPage\":{\"@id\":\"http:\\\/\\\/nebraskademocrats.org\\\/zh\\\/blog\\\/2020-starts-now\\\/\"},\"wordCount\":765,\"publisher\":{\"@id\":\"https:\\\/\\\/nebraskademocrats.org\\\/#organization\"},\"image\":{\"@id\":\"http:\\\/\\\/nebraskademocrats.org\\\/zh\\\/blog\\\/2020-starts-now\\\/#primaryimage\"},\"thumbnailUrl\":\"https:\\\/\\\/nebraskadem.wpenginepowered.com\\\/wp-content\\\/uploads\\\/2021\\\/06\\\/NDP_bacon_flip_1200X1200@100-8-1-300x300.png\",\"articleSection\":[\"NDP Blog\"],\"inLanguage\":\"es\"},{\"@type\":\"WebPage\",\"@id\":\"http:\\\/\\\/nebraskademocrats.org\\\/zh\\\/blog\\\/2020-starts-now\\\/\",\"url\":\"http:\\\/\\\/nebraskademocrats.org\\\/zh\\\/blog\\\/2020-starts-now\\\/\",\"name\":\"2022 Starts Now! &#8211; Nebraska Democratic Party\",\"isPartOf\":{\"@id\":\"https:\\\/\\\/nebraskademocrats.org\\\/#website\"},\"primaryImageOfPage\":{\"@id\":\"http:\\\/\\\/nebraskademocrats.org\\\/zh\\\/blog\\\/2020-starts-now\\\/#primaryimage\"},\"image\":{\"@id\":\"http:\\\/\\\/nebraskademocrats.org\\\/zh\\\/blog\\\/2020-starts-now\\\/#primaryimage\"},\"thumbnailUrl\":\"https:\\\/\\\/nebraskadem.wpenginepowered.com\\\/wp-content\\\/uploads\\\/2021\\\/06\\\/NDP_bacon_flip_1200X1200@100-8-1-300x300.png\",\"datePublished\":\"2021-06-09T20:27:29+00:00\",\"dateModified\":\"2021-06-09T20:43:01+00:00\",\"breadcrumb\":{\"@id\":\"http:\\\/\\\/nebraskademocrats.org\\\/zh\\\/blog\\\/2020-starts-now\\\/#breadcrumb\"},\"inLanguage\":\"es\",\"potentialAction\":[{\"@type\":\"ReadAction\",\"target\":[\"http:\\\/\\\/nebraskademocrats.org\\\/zh\\\/blog\\\/2020-starts-now\\\/\"]}]},{\"@type\":\"ImageObject\",\"inLanguage\":\"es\",\"@id\":\"http:\\\/\\\/nebraskademocrats.org\\\/zh\\\/blog\\\/2020-starts-now\\\/#primaryimage\",\"url\":\"https:\\\/\\\/nebraskadem.wpenginepowered.com\\\/wp-content\\\/uploads\\\/2021\\\/06\\\/NDP_bacon_flip_1200X1200@100-8-1-300x300.png\",\"contentUrl\":\"https:\\\/\\\/nebraskadem.wpenginepowered.com\\\/wp-content\\\/uploads\\\/2021\\\/06\\\/NDP_bacon_flip_1200X1200@100-8-1-300x300.png\"},{\"@type\":\"BreadcrumbList\",\"@id\":\"http:\\\/\\\/nebraskademocrats.org\\\/zh\\\/blog\\\/2020-starts-now\\\/#breadcrumb\",\"itemListElement\":[{\"@type\":\"ListItem\",\"position\":1,\"name\":\"Home\",\"item\":\"https:\\\/\\\/nebraskademocrats.org\\\/\"},{\"@type\":\"ListItem\",\"position\":2,\"name\":\"2022 Starts Now!\"}]},{\"@type\":\"WebSite\",\"@id\":\"https:\\\/\\\/nebraskademocrats.org\\\/#website\",\"url\":\"https:\\\/\\\/nebraskademocrats.org\\\/\",\"name\":\"Nebraska Democratic Party\",\"description\":\"Growing the Good Life for All Nebraskans\",\"publisher\":{\"@id\":\"https:\\\/\\\/nebraskademocrats.org\\\/#organization\"},\"potentialAction\":[{\"@type\":\"SearchAction\",\"target\":{\"@type\":\"EntryPoint\",\"urlTemplate\":\"https:\\\/\\\/nebraskademocrats.org\\\/?s={search_term_string}\"},\"query-input\":{\"@type\":\"PropertyValueSpecification\",\"valueRequired\":true,\"valueName\":\"search_term_string\"}}],\"inLanguage\":\"es\"},{\"@type\":\"Organization\",\"@id\":\"https:\\\/\\\/nebraskademocrats.org\\\/#organization\",\"name\":\"Nebraska Democratic Party\",\"url\":\"https:\\\/\\\/nebraskademocrats.org\\\/\",\"logo\":{\"@type\":\"ImageObject\",\"inLanguage\":\"es\",\"@id\":\"https:\\\/\\\/nebraskademocrats.org\\\/#\\\/schema\\\/logo\\\/image\\\/\",\"url\":\"https:\\\/\\\/nebraskadem.wpenginepowered.com\\\/wp-content\\\/uploads\\\/2016\\\/05\\\/NDP2.jpg\",\"contentUrl\":\"https:\\\/\\\/nebraskadem.wpenginepowered.com\\\/wp-content\\\/uploads\\\/2016\\\/05\\\/NDP2.jpg\",\"width\":1000,\"height\":396,\"caption\":\"Nebraska Democratic Party\"},\"image\":{\"@id\":\"https:\\\/\\\/nebraskademocrats.org\\\/#\\\/schema\\\/logo\\\/image\\\/\"},\"sameAs\":[\"https:\\\/\\\/www.facebook.com\\\/NebraskaDemocraticParty\\\/\",\"https:\\\/\\\/x.com\\\/nebraskadems\"]},{\"@type\":\"Person\",\"@id\":\"https:\\\/\\\/nebraskademocrats.org\\\/#\\\/schema\\\/person\\\/33e011ea0795f404810dc40828bcf289\",\"name\":\"Precious McKesson\",\"image\":{\"@type\":\"ImageObject\",\"inLanguage\":\"es\",\"@id\":\"https:\\\/\\\/secure.gravatar.com\\\/avatar\\\/35046e19b3373116ec64c07d386d3312028d3820dc0ffe65c344bcebc8ea9194?s=96&d=mm&r=g\",\"url\":\"https:\\\/\\\/secure.gravatar.com\\\/avatar\\\/35046e19b3373116ec64c07d386d3312028d3820dc0ffe65c344bcebc8ea9194?s=96&d=mm&r=g\",\"contentUrl\":\"https:\\\/\\\/secure.gravatar.com\\\/avatar\\\/35046e19b3373116ec64c07d386d3312028d3820dc0ffe65c344bcebc8ea9194?s=96&d=mm&r=g\",\"caption\":\"Precious McKesson\"}}]}<\/script>\n<!-- \/ Yoast SEO plugin. -->","yoast_head_json":{"title":"2022 Starts Now! &#8211; Nebraska Democratic Party","robots":{"index":"index","follow":"follow","max-snippet":"max-snippet:-1","max-image-preview":"max-image-preview:large","max-video-preview":"max-video-preview:-1"},"canonical":"http:\/\/nebraskademocrats.org\/es\/blog\/2020-starts-now\/","og_locale":"es_MX","og_type":"article","og_title":"2022 Starts Now! &#8211; Nebraska Democratic Party","og_description":"2022 Starts Now! Don Bacon does not represent Nebraska\u2019s Second Congressional District well. From voting \u201chell yes\u201d when Nebraskan\u2019s healthcare was at stake to refusing to support the reauthorization of the Violence Against Women Act. This Bacon is fake. Don Bacon is not here to solve problems and serve as a moderate voice and his ... Read more","og_url":"http:\/\/nebraskademocrats.org\/es\/blog\/2020-starts-now\/","og_site_name":"Nebraska Democratic Party","article_publisher":"https:\/\/www.facebook.com\/NebraskaDemocraticParty\/","article_published_time":"2021-06-09T20:27:29+00:00","article_modified_time":"2021-06-09T20:43:01+00:00","og_image":[{"url":"https:\/\/nebraskadem.wpenginepowered.com\/wp-content\/uploads\/2021\/06\/NDP_bacon_flip_1200X1200@100-8-1-300x300.png","type":"","width":"","height":""}],"author":"Precious McKesson","twitter_card":"summary_large_image","twitter_creator":"@nebraskadems","twitter_site":"@nebraskadems","twitter_misc":{"Escrito por":"Precious McKesson","Tiempo de lectura":"5 minutos"},"schema":{"@context":"https:\/\/schema.org","@graph":[{"@type":"Article","@id":"http:\/\/nebraskademocrats.org\/zh\/blog\/2020-starts-now\/#article","isPartOf":{"@id":"http:\/\/nebraskademocrats.org\/zh\/blog\/2020-starts-now\/"},"author":{"name":"Precious McKesson","@id":"https:\/\/nebraskademocrats.org\/#\/schema\/person\/33e011ea0795f404810dc40828bcf289"},"headline":"2022 Starts Now!","datePublished":"2021-06-09T20:27:29+00:00","dateModified":"2021-06-09T20:43:01+00:00","mainEntityOfPage":{"@id":"http:\/\/nebraskademocrats.org\/zh\/blog\/2020-starts-now\/"},"wordCount":765,"publisher":{"@id":"https:\/\/nebraskademocrats.org\/#organization"},"image":{"@id":"http:\/\/nebraskademocrats.org\/zh\/blog\/2020-starts-now\/#primaryimage"},"thumbnailUrl":"https:\/\/nebraskadem.wpenginepowered.com\/wp-content\/uploads\/2021\/06\/NDP_bacon_flip_1200X1200@100-8-1-300x300.png","articleSection":["NDP Blog"],"inLanguage":"es"},{"@type":"WebPage","@id":"http:\/\/nebraskademocrats.org\/zh\/blog\/2020-starts-now\/","url":"http:\/\/nebraskademocrats.org\/zh\/blog\/2020-starts-now\/","name":"2022 Starts Now! &#8211; Nebraska Democratic Party","isPartOf":{"@id":"https:\/\/nebraskademocrats.org\/#website"},"primaryImageOfPage":{"@id":"http:\/\/nebraskademocrats.org\/zh\/blog\/2020-starts-now\/#primaryimage"},"image":{"@id":"http:\/\/nebraskademocrats.org\/zh\/blog\/2020-starts-now\/#primaryimage"},"thumbnailUrl":"https:\/\/nebraskadem.wpenginepowered.com\/wp-content\/uploads\/2021\/06\/NDP_bacon_flip_1200X1200@100-8-1-300x300.png","datePublished":"2021-06-09T20:27:29+00:00","dateModified":"2021-06-09T20:43:01+00:00","breadcrumb":{"@id":"http:\/\/nebraskademocrats.org\/zh\/blog\/2020-starts-now\/#breadcrumb"},"inLanguage":"es","potentialAction":[{"@type":"ReadAction","target":["http:\/\/nebraskademocrats.org\/zh\/blog\/2020-starts-now\/"]}]},{"@type":"ImageObject","inLanguage":"es","@id":"http:\/\/nebraskademocrats.org\/zh\/blog\/2020-starts-now\/#primaryimage","url":"https:\/\/nebraskadem.wpenginepowered.com\/wp-content\/uploads\/2021\/06\/NDP_bacon_flip_1200X1200@100-8-1-300x300.png","contentUrl":"https:\/\/nebraskadem.wpenginepowered.com\/wp-content\/uploads\/2021\/06\/NDP_bacon_flip_1200X1200@100-8-1-300x300.png"},{"@type":"BreadcrumbList","@id":"http:\/\/nebraskademocrats.org\/zh\/blog\/2020-starts-now\/#breadcrumb","itemListElement":[{"@type":"ListItem","position":1,"name":"Home","item":"https:\/\/nebraskademocrats.org\/"},{"@type":"ListItem","position":2,"name":"2022 Starts Now!"}]},{"@type":"WebSite","@id":"https:\/\/nebraskademocrats.org\/#website","url":"https:\/\/nebraskademocrats.org\/","name":"Partido Dem\u00f3crata de Nebraska","description":"Cultivando la buena vida para todos los nebraskenses","publisher":{"@id":"https:\/\/nebraskademocrats.org\/#organization"},"potentialAction":[{"@type":"SearchAction","target":{"@type":"EntryPoint","urlTemplate":"https:\/\/nebraskademocrats.org\/?s={search_term_string}"},"query-input":{"@type":"PropertyValueSpecification","valueRequired":true,"valueName":"search_term_string"}}],"inLanguage":"es"},{"@type":"Organization","@id":"https:\/\/nebraskademocrats.org\/#organization","name":"Partido Dem\u00f3crata de Nebraska","url":"https:\/\/nebraskademocrats.org\/","logo":{"@type":"ImageObject","inLanguage":"es","@id":"https:\/\/nebraskademocrats.org\/#\/schema\/logo\/image\/","url":"https:\/\/nebraskadem.wpenginepowered.com\/wp-content\/uploads\/2016\/05\/NDP2.jpg","contentUrl":"https:\/\/nebraskadem.wpenginepowered.com\/wp-content\/uploads\/2016\/05\/NDP2.jpg","width":1000,"height":396,"caption":"Nebraska Democratic Party"},"image":{"@id":"https:\/\/nebraskademocrats.org\/#\/schema\/logo\/image\/"},"sameAs":["https:\/\/www.facebook.com\/NebraskaDemocraticParty\/","https:\/\/x.com\/nebraskadems"]},{"@type":"Person","@id":"https:\/\/nebraskademocrats.org\/#\/schema\/person\/33e011ea0795f404810dc40828bcf289","name":"Precioso McKesson","image":{"@type":"ImageObject","inLanguage":"es","@id":"https:\/\/secure.gravatar.com\/avatar\/35046e19b3373116ec64c07d386d3312028d3820dc0ffe65c344bcebc8ea9194?s=96&d=mm&r=g","url":"https:\/\/secure.gravatar.com\/avatar\/35046e19b3373116ec64c07d386d3312028d3820dc0ffe65c344bcebc8ea9194?s=96&d=mm&r=g","contentUrl":"https:\/\/secure.gravatar.com\/avatar\/35046e19b3373116ec64c07d386d3312028d3820dc0ffe65c344bcebc8ea9194?s=96&d=mm&r=g","caption":"Precious McKesson"}}]}},"_links":{"self":[{"href":"http:\/\/nebraskademocrats.org\/es\/wp-json\/wp\/v2\/posts\/33413","targetHints":{"allow":["GET"]}}],"collection":[{"href":"http:\/\/nebraskademocrats.org\/es\/wp-json\/wp\/v2\/posts"}],"about":[{"href":"http:\/\/nebraskademocrats.org\/es\/wp-json\/wp\/v2\/types\/post"}],"author":[{"embeddable":true,"href":"http:\/\/nebraskademocrats.org\/es\/wp-json\/wp\/v2\/users\/19"}],"replies":[{"embeddable":true,"href":"http:\/\/nebraskademocrats.org\/es\/wp-json\/wp\/v2\/comments?post=33413"}],"version-history":[{"count":0,"href":"http:\/\/nebraskademocrats.org\/es\/wp-json\/wp\/v2\/posts\/33413\/revisions"}],"wp:attachment":[{"href":"http:\/\/nebraskademocrats.org\/es\/wp-json\/wp\/v2\/media?parent=33413"}],"wp:term":[{"taxonomy":"category","embeddable":true,"href":"http:\/\/nebraskademocrats.org\/es\/wp-json\/wp\/v2\/categories?post=33413"},{"taxonomy":"post_tag","embeddable":true,"href":"http:\/\/nebraskademocrats.org\/es\/wp-json\/wp\/v2\/tags?post=33413"}],"curies":[{"name":"wp","href":"https:\/\/api.w.org\/{rel}","templated":true}]}}