{"id":35744,"date":"2022-01-07T13:28:13","date_gmt":"2022-01-07T19:28:13","guid":{"rendered":"https:\/\/nebraskadem.wpenginepowered.com\/?p=35744"},"modified":"2022-01-07T13:28:13","modified_gmt":"2022-01-07T19:28:13","slug":"terrible-trio-and-more-nebdems-news","status":"publish","type":"post","link":"http:\/\/nebraskademocrats.org\/es\/blog\/terrible-trio-and-more-nebdems-news\/","title":{"rendered":"Terrible Trio y m\u00e1s \u2014 #NebDems News"},"content":{"rendered":"<p><img fetchpriority=\"high\" decoding=\"async\" class=\"wp-image-6838 aligncenter\" src=\"https:\/\/nebraskadem.wpenginepowered.com\/wp-content\/uploads\/2018\/12\/NebDems-News-4-1024x569.png\" alt=\"\" width=\"410\" height=\"228\" srcset=\"https:\/\/nebraskademocrats.org\/wp-content\/uploads\/2018\/12\/NebDems-News-4-1024x569.png 1024w, https:\/\/nebraskademocrats.org\/wp-content\/uploads\/2018\/12\/NebDems-News-4-300x167.png 300w, https:\/\/nebraskademocrats.org\/wp-content\/uploads\/2018\/12\/NebDems-News-4-768x427.png 768w, https:\/\/nebraskademocrats.org\/wp-content\/uploads\/2018\/12\/NebDems-News-4.png 1081w\" sizes=\"(max-width: 410px) 100vw, 410px\" \/><\/p>\n<p>El jueves marc\u00f3 el primer aniversario del ataque al Capitolio de nuestra naci\u00f3n por parte de los partidarios del expresidente Trump en un intento fallido de anular las elecciones de 2020.<\/p>\n<p>\u201cEl a\u00f1o pasado, en lugar de tratar de proteger nuestra democracia y los valores fundamentales de Estados Unidos, los republicanos continuaron difundiendo mentiras sobre las elecciones para impulsar su deseo de restringir nuestra capacidad de votar\u201d, dijo la presidenta del NDP, Jane Kleeb. \u201cLos dem\u00f3cratas est\u00e1n comprometidos a descubrir la verdad sobre este horrible ataque y a proteger al pueblo estadounidense. El n\u00facleo de la democracia est\u00e1 en juego y los votantes recompensar\u00e1n a aquellos que se toman este momento en serio\u201d.<\/p>\n<p>Cabe se\u00f1alar que el tr\u00edo terrible de los representantes Don Bacon, Jeff Fortenberry y Adrian Smith el 14 de diciembre vot\u00f3 en contra de la H. Res. 851 para encontrar a Mark Meadows, el exjefe de gabinete de Trump, en desacato al Congreso por negarse a cooperar con una solicitud de informaci\u00f3n del comit\u00e9 especial de la C\u00e1mara que investiga la insurrecci\u00f3n.<\/p>\n<p>Un lector astuto del Lincoln Journal Star\u00a0<a href=\"https:\/\/journalstar.com\/opinion\/letters\/letter-why-hide-from-the-truth\/article_c13834d8-06fe-58c4-b992-3f167989c148.html?fbclid=IwAR1LZh_pLTQL8z3d2dlfJFLMJ6tSO4tbZv9Vve7w01qznqRRLT4BHhrkadU\">escribi\u00f3 una carta al editor<\/a>\u00a0sobre el voto.<\/p>\n<p><em>\u201cEstos miembros de la C\u00e1mara demostraron que sienten que Meadows est\u00e1 por encima de la ley. Se neg\u00f3 a cumplir con la solicitud del Comit\u00e9 Selecto de responder preguntas sobre el ataque al Capitolio de EE. UU. el 6 de enero. Su voto tambi\u00e9n demuestra que no est\u00e1n a favor de la verdad, ni est\u00e1n a favor de tomar medidas para aprender. la verdad sobre los acontecimientos de ese d\u00eda.\u201d<\/em><\/p>\n<p>No podr\u00edamos haberlo dicho mejor nosotros mismos.<\/p>\n<p style=\"text-align: center;\"><img decoding=\"async\" class=\"aligncenter\" title=\"\" src=\"https:\/\/can2-prod.s3.amazonaws.com\/uploads\/data\/000\/615\/614\/original\/blog_cart.jpg\" alt=\"\" width=\"550\" align=\"center\" \/>***<\/p>\n<p style=\"text-align: left;\"><span style=\"font-weight: 400;\">ICYMI: <\/span><span style=\"font-weight: 400;\">El presidente Joe Biden ha <\/span><a href=\"https:\/\/nebraskadem.wpenginepowered.com\/press-releases\/press-release-former-state-sen-kate-bolz-named-by-white-house-as-nebraskas-usda-rural-development-director\/\"><span style=\"font-weight: 400;\">nombrada<\/span> <span style=\"font-weight: 400;\">la exsenadora estatal Kate Bolz<\/span><\/a><span style=\"font-weight: 400;\"> como Director de Desarrollo Rural del USDA de Nebraska. Bolz represent\u00f3 al Distrito 29 en el distrito de la Legislatura de 2013 a 2021. Fue la candidata dem\u00f3crata de 2020 para el esca\u00f1o del Primer Distrito del Congreso de Nebraska.\u00a0<\/span><\/p>\n<p><span style=\"font-weight: 400;\">Biden tambi\u00e9n <\/span><a href=\"https:\/\/nebraskadem.wpenginepowered.com\/press-releases\/press-release-berge-named-by-the-white-house-as-nebraskas-state-executive-director-for-the-usda\/\"><span style=\"font-weight: 400;\">llamado John Berge<\/span><\/a><span style=\"font-weight: 400;\"> como Director Ejecutivo Estatal del USDA de la Agencia de Servicios Agr\u00edcolas de Nebraska.<\/span><span style=\"font-weight: 400;\"><br \/>\n<\/span><span style=\"font-weight: 400;\"><br \/>\n<\/span><span style=\"font-weight: 400;\">Berge ser\u00e1 responsable de supervisar la entrega de programas a los productores agr\u00edcolas en Nebraska. Estos programas de asistencia de productos b\u00e1sicos, conservaci\u00f3n, cr\u00e9dito y desastres aseguran un suministro de alimentos, fibra y combustible seguros, asequibles, abundantes y nutritivos para los consumidores.<\/span><\/p>\n<table style=\"border-collapse: collapse; width: 100%; border: none;\">\n<tbody>\n<tr>\n<td style=\"width: 50%; border: none;\"><img decoding=\"async\" class=\"alignnone wp-image-35714 size-full\" src=\"https:\/\/nebraskadem.wpenginepowered.com\/wp-content\/uploads\/2021\/12\/BOLZ-USDA.png\" alt=\"\" width=\"1080\" height=\"1080\" srcset=\"https:\/\/nebraskademocrats.org\/wp-content\/uploads\/2021\/12\/BOLZ-USDA.png 1080w, https:\/\/nebraskademocrats.org\/wp-content\/uploads\/2021\/12\/BOLZ-USDA-300x300.png 300w, https:\/\/nebraskademocrats.org\/wp-content\/uploads\/2021\/12\/BOLZ-USDA-1024x1024.png 1024w, https:\/\/nebraskademocrats.org\/wp-content\/uploads\/2021\/12\/BOLZ-USDA-150x150.png 150w, https:\/\/nebraskademocrats.org\/wp-content\/uploads\/2021\/12\/BOLZ-USDA-768x768.png 768w, https:\/\/nebraskademocrats.org\/wp-content\/uploads\/2021\/12\/BOLZ-USDA-12x12.png 12w\" sizes=\"(max-width: 1080px) 100vw, 1080px\" \/><\/td>\n<td style=\"width: 50%; border: none;\"><img decoding=\"async\" class=\"alignnone size-full wp-image-35734\" src=\"https:\/\/nebraskadem.wpenginepowered.com\/wp-content\/uploads\/2021\/12\/JohnBerge-Presidential-Appointee.png\" alt=\"\" width=\"1080\" height=\"1080\" srcset=\"https:\/\/nebraskademocrats.org\/wp-content\/uploads\/2021\/12\/JohnBerge-Presidential-Appointee.png 1080w, https:\/\/nebraskademocrats.org\/wp-content\/uploads\/2021\/12\/JohnBerge-Presidential-Appointee-300x300.png 300w, https:\/\/nebraskademocrats.org\/wp-content\/uploads\/2021\/12\/JohnBerge-Presidential-Appointee-1024x1024.png 1024w, https:\/\/nebraskademocrats.org\/wp-content\/uploads\/2021\/12\/JohnBerge-Presidential-Appointee-150x150.png 150w, https:\/\/nebraskademocrats.org\/wp-content\/uploads\/2021\/12\/JohnBerge-Presidential-Appointee-768x768.png 768w, https:\/\/nebraskademocrats.org\/wp-content\/uploads\/2021\/12\/JohnBerge-Presidential-Appointee-12x12.png 12w\" sizes=\"(max-width: 1080px) 100vw, 1080px\" \/><\/td>\n<\/tr>\n<\/tbody>\n<\/table>\n<p style=\"text-align: center;\">***<\/p>\n<p style=\"text-align: left;\">El Omaha World-Herald pregunt\u00f3 recientemente: <a href=\"https:\/\/omaha.com\/news\/state-and-regional\/govt-and-politics\/can-rep-jeff-fortenberry-survive-indictment-for-allegedly-lying-to-the-fbi\/article_81999b12-5e8b-11ec-96f5-3ba606579a4b.html\">\u00bfPuede el representante Jeff Fortenberry sobrevivir a la acusaci\u00f3n por supuestamente mentirle al FBI?<\/a><\/p>\n<p style=\"text-align: left;\">\u00a1Nosotros decimos que no! \u00a1Vote por la senadora Patty Pansing Brooks o Jazari Kual!<\/p>\n<p>Mientras tanto, un juez\u00a0<a href=\"https:\/\/www.ketv.com\/article\/federal-judge-dismisses-challenges-jeff-fortenberry-legal-team\/38657215#\">rechaz\u00f3 la moci\u00f3n de Fortenberry<\/a>\u00a0para desestimar los cargos.<\/p>\n<p><img decoding=\"async\" class=\"aligncenter\" title=\"\" src=\"https:\/\/lh5.googleusercontent.com\/rI86AieGo0p-ZeJ3bw3BOAqU9VUN4sk7i4S5EYzerkgWeCxXgNC2wgAQtCugpmNcefe98uTlBhsnVAJu6j2NdpdtX0ohZE8JgNj8_ZDfWVlXKXtaXXvt4Wn_bwZcCs0hMrSMlDNz\" alt=\"\" width=\"450\" align=\"center\" \/><\/p>\n<p style=\"text-align: center;\">***<\/p>\n<p style=\"text-align: left;\">La mejor de las suertes para nuestros esforzados legisladores dem\u00f3cratas en la sesi\u00f3n legislativa de 2020: Sens. Carol Blood, Mike McDonnell, Machaela Cavanaugh, Tony Vargas, Megan Hunt, John Cavanaugh, Wendy DeBoer, Terrell McKinney, Steve Lathrop, Justin Wayne, Lynne Walz , Matt Hansen, Anna Wishart, Patty Pansing Brooks, Eliot Bostar, Adam Morfeld y Jen Day.<\/p>\n<p><a href=\"https:\/\/nebraskadem.wpenginepowered.com\/2022-nebraska-legislature\/\"><strong>Puedes seguir la sesi\u00f3n en nuestra web.<\/strong><\/a><\/p>\n<p style=\"text-align: center;\"><img decoding=\"async\" class=\"aligncenter\" title=\"\" src=\"https:\/\/lh6.googleusercontent.com\/RPa_u6z0VrKWzWywlPRZvwFLIxqpRi2K5yfDSVbb7cJ1ZDNgrHA7WOEkdQQu9wZyCLOY9xjpEvg9jHbGtyTE50oW_edjL545spL_CSosX4wHQmTiQhjDkQ_1VCtU06ptds3E1m35\" alt=\"\" width=\"450\" align=\"center\" \/><br \/>\n***<\/p>\n<p style=\"text-align: left;\">\u00bfCrees que sabes tus cosas? \u00a1\u00danase al NDP para una noche de diversi\u00f3n y trivia! Cinco rondas de preguntas de trivia que van desde la pol\u00edtica actual, la pol\u00edtica pasada, la historia de Nebraska y mucho m\u00e1s. Forma tu equipo de seis o, si est\u00e1s solo, te emparejaremos con otros jugadores solos.<\/p>\n<div>\n<div><\/div>\n<\/div>\n<div>\n<div>\n<p><strong>28 de enero:<\/strong>\u00a06:30 p. m. a 8:30 p. m. hora central. V\u00eda Zoom.\u00a0<a href=\"https:\/\/www.mobilize.us\/nebdems\/event\/398303\/\"><strong>Registrate aqu\u00ed.<\/strong><\/a><\/p>\n<\/div>\n<\/div>\n<p><img decoding=\"async\" class=\"aligncenter\" title=\"\" src=\"https:\/\/lh5.googleusercontent.com\/kf2RMV68Pk0s6rRSuNtWunAukzb8M94-pN05PZ6XcMdq-jLQBv4UuR5oOiidKWzgGRHFecYn_Dv7a-QWJvNaXWaJ4kwxkL69x_GWfBs0lPtd8DLsEvh5LBhyrGjhzwoAT05gwktl\" alt=\"\" width=\"450\" align=\"center\" \/><\/p>\n<p style=\"text-align: center;\">***<\/p>\n<p>\u00danase al Senador Ben Nelson\u00a0<strong>20 de enero\u00a0<\/strong>en el Club de Prensa de Omaha mientras habla sobre su nuevo libro, &quot;La muerte del Senado&quot;.<\/p>\n<p>Nelson es brutalmente honesto al explicar c\u00f3mo lo perdimos y con humor, perspicacia y detalles de primera mano explica lo que se debe hacer para recuperarlo. El Senado de hoy, dice, es uno de divisi\u00f3n y rencor.<\/p>\n<p><strong><a href=\"https:\/\/nebraskadem.wpenginepowered.com\/wp-content\/uploads\/2022\/01\/Ben-Nelson-Forum.pdf?fbclid=IwAR256B2Z3_3UOmZ8xyykjCkqEfoj3RLlP7XibYWK3CFEmMNAqvWPZbYiE5c\">Ver detalles aqu\u00ed.<\/a>\u00a0<\/strong><\/p>\n<p><img decoding=\"async\" class=\"aligncenter\" src=\"https:\/\/lh6.googleusercontent.com\/yJRiuGQudFr56i93DNG6zkXzCvyLkxlL6rNdSi7D0woHM0M7xhElzKXaDtqLIegRPYnHI_SAJFZg8UIpnPQgo80FKO4fT2wrxZkfsw5ka7mLiXfW2WVpf6EbWG88ML7Nn8YpNYlH\" \/><\/p>\n<p style=\"text-align: center;\">***<\/p>\n<p>pr\u00f3ximo\u00a0<strong>lunes, 10 de enero,<\/strong>\u00a0es el primer d\u00eda que puede solicitar una boleta de voto por correo para la Elecci\u00f3n Primaria del 10 de mayo.<\/p>\n<p><a href=\"https:\/\/nebraskadem.wpenginepowered.com\/voting-center\/\"><strong>Vea c\u00f3mo en el Centro de Votaci\u00f3n del NDP<\/strong><\/a>, que contiene todo lo que necesita saber para votar.<\/p>\n<p><img decoding=\"async\" class=\"aligncenter\" title=\"\" src=\"https:\/\/lh4.googleusercontent.com\/gZEc87J79Ky__CaSENCy0jCniUMdZxH4SPxspzTtqo_OgUKPDpuTfPUnRBhAlWEJN0DAmzvhTzuU6Dsq2qB2dWWWke6osdse-dk7Dr6OVIdeubFHAIX_Cx1ngkBF19uaYlFlmM3F\" alt=\"\" width=\"450\" align=\"center\" \/><\/p>\n<p style=\"text-align: center;\">***<\/p>\n<p>Si desea obtener nuestra recopilaci\u00f3n diaria de las principales noticias y los puntos de conversaci\u00f3n de DNC M\u00c1S nuestro blog semanal, simplemente env\u00ede un correo electr\u00f3nico a\u00a0<a href=\"mailto:kevin@nebraskademocrats.org\">kevin@nebraskademocrats.org<\/a><\/p>\n<p><strong><img decoding=\"async\" class=\"aligncenter\" title=\"\" src=\"https:\/\/lh6.googleusercontent.com\/KJNBS1Ur08aB1nXEGBl1sWn7qbbo_8InddDN_nQ_Ioc31-WxpR7hdokpSffO9qYui9zktCPMQIxcfUywVE9ocxzctOlOZNNTo7uBie2oAOG7zAGBjyEuh7_pFH3Qg6I7EL0uDzHl\" alt=\"\" width=\"450\" align=\"center\" \/><\/strong><\/p>\n<p style=\"text-align: center;\">***<\/p>\n<p>Siguiendo la tradici\u00f3n de los cuatro Pinochos dada por el verificador de hechos del Washington Post, queremos saber si ha detectado mentiras, mentiras o falsedades de los pol\u00edticos republicanos de Nebraska en los medios o anuncios de campa\u00f1a.<\/p>\n<p>Si sabe de una mentira republicana en Nebraska,\u00a0<a href=\"https:\/\/docs.google.com\/forms\/d\/e\/1FAIpQLScGqoAnjdbFxlllLV5HmuECkmQ34rgi59xT2_f3tb0Eywuh5A\/viewform?usp=sf_link\"><strong>Complete \u00e9ste formulario<\/strong><\/a>\u00a0y lo agregaremos a<a href=\"https:\/\/nebraskadem.wpenginepowered.com\/gop-lies\/\"><strong>\u00a0la lista creciente.<\/strong><\/a><\/p>\n<p><img decoding=\"async\" class=\"aligncenter\" title=\"\" src=\"https:\/\/lh6.googleusercontent.com\/5Hy2PYNcx-o5JzvDRk7G8rTxGkC6EGpB0iqF-NKlD2_dFGE12E4rv4xc4nPudVm3dR57qDsPJymyKaQcyoxjJ9NSLWWLWFaTmCz51cwz-lZXX86u9-AX0ejyvY3kgJT0dDT9mpgv\" alt=\"\" width=\"450\" align=\"center\" \/><\/p>\n<p style=\"text-align: center;\">***<\/p>\n<p style=\"text-align: left;\">El 15 de noviembre, el presidente Biden promulg\u00f3 una amplia\u00a0<a href=\"https:\/\/www.washingtonpost.com\/politics\/biden-poised-to-sign-12-trillion-infrastructure-bill-fulfilling-campaign-promise-and-notching-achievement-that-eluded-trump\/2021\/11\/15\/1b69f9a6-4638-11ec-b8d9-232f4afe4d9b_story.html\">$1,2 billones de medidas de infraestructura<\/a>, logrando un logro que durante mucho tiempo hab\u00eda eludido a su predecesor en la Casa Blanca, Donald Trump. La legislaci\u00f3n, que traer\u00e1\u00a0<a href=\"https:\/\/nebraskadem.wpenginepowered.com\/biden-leads-the-way-on-infrastructure-build-back-better-plan\/\">$3 mil millones a Nebraska,<\/a>\u00a0tiene como objetivo mejorar las carreteras, puentes, tuber\u00edas, puertos y conexiones a Internet del pa\u00eds. Trump hab\u00eda intentado en repetidas ocasiones asegurar un acuerdo de infraestructura bipartidista sin \u00e9xito. \u00a1Biden tambi\u00e9n est\u00e1 luchando por su plan Build Back Better!<\/p>\n<p><a href=\"https:\/\/nebraskadem.wpenginepowered.com\/biden-leads-the-way-on-infrastructure-build-back-better-plan\/\"><strong>Comparta excelentes gr\u00e1ficos de NDP Infrastructure y Build Back Better aqu\u00ed.<\/strong><\/a><\/p>\n<p><img decoding=\"async\" class=\"aligncenter\" title=\"\" src=\"https:\/\/lh5.googleusercontent.com\/1y27glgjpgLjGfKgxzs6Xbs-vRImkU013KMYyoP8f1IGqNEy809IY9O4_st1FqOvRU-JZrKUdAgkgZg33U3L1WnxIjMzWiIvs68dB0ui3gwp5MWThH7OSjCVv8HqaBKG0WPJiQDz\" alt=\"\" width=\"450\" align=\"center\" \/><\/p>\n<p style=\"text-align: center;\">***<\/p>\n<p style=\"text-align: left;\">Ayude a construir el NDP y convi\u00e9rtase en un <a href=\"https:\/\/secure.actblue.com\/donate\/blueneb?fbclid=IwAR22ngzk6ODmk6uB8vMd9D8QAmNbQ9jsennoQsUgH-kCnEMhG8hxgJZLHY8\"><strong>Donante mensual<\/strong><\/a>\u00a0para ayudarnos a ayudar a los dem\u00f3cratas a ganar en 2022 y m\u00e1s all\u00e1!<\/p>\n<p style=\"text-align: center;\"><img decoding=\"async\" class=\"aligncenter\" title=\"\" src=\"https:\/\/lh5.googleusercontent.com\/bUi3fWp3AHAENnoxKX0z9g3yFx47HLwQsz3p4lyRHtbMhy7bo4zNDRijuPeF03EM6YjKy_iau0O3iSpMaOmOxjsYrYb7ZSV2Vgw3pnQOfE2WuqEljMIzrx1HLB8ei2hginVmkkJt\" alt=\"\" width=\"450\" align=\"center\" \/><br \/>\n***<\/p>\n<p style=\"text-align: left;\">Nuestra serie de capacitaci\u00f3n para campa\u00f1as, dirigida por la senadora estatal Carol Blood, contin\u00faa.<\/p>\n<p>La pr\u00f3xima sesi\u00f3n es el 29 de enero:\u00a0<a href=\"https:\/\/www.mobilize.us\/nebdems\/event\/429208\/\">Capacitaci\u00f3n de candidatos de NDP: servicios de NDP y respuesta a todas sus preguntas<\/a><\/p>\n<figure><img decoding=\"async\" class=\"aligncenter\" title=\"\" src=\"https:\/\/lh4.googleusercontent.com\/ZLp7M4IkENmTmZlItbhIrkt08zpGXyvIcJeXLvH5NNgUj0sUIiSvqndVO9XG-gWhVKwrECdPgttLH-hWc_DxcH7rzIX3bg5dDTyfKo2UhjFB0GpJFwq2iXuosqGmVHKbb9TElD6Q\" alt=\"\" width=\"450\" align=\"center\" \/><\/figure>\n<p>&nbsp;<\/p>\n<p style=\"text-align: center;\">***<\/p>\n<p>\u00a1\u00danase a nosotros en una llamada de bienvenida a la fiesta! Cubrimos temas como el registro de votantes y la redistribuci\u00f3n de distritos. Tambi\u00e9n daremos la palabra a nuestros caucus y consejos para que hablen sobre sus objetivos y c\u00f3mo pueden participar.<\/p>\n<p>La pr\u00f3xima llamada es\u00a0<strong>18 de enero.\u00a0<\/strong><a href=\"https:\/\/www.mobilize.us\/nebdems\/event\/284401\/\"><strong>Registrate aqu\u00ed.<\/strong><\/a><\/p>\n<p>Si tiene sugerencias sobre temas a cubrir, env\u00ede un correo electr\u00f3nico\u00a0<a href=\"mailto:gina@nebraskademocrats.org\">gina@nebraskademocrats.org<\/a>.<\/p>\n<p><img decoding=\"async\" class=\"aligncenter\" title=\"\" src=\"https:\/\/lh6.googleusercontent.com\/ofmJ6-spTepQzTU_pOTGEm410iKfAVJXgbJt2QI_5skrXfI5Wuu1Z2CNkqS9Rq8It2-kZduWU4oQimWYmpVvs_FCKT-GawnjgGKlKCHqo1gEb-eXVgJUJojAgS8sCPZNenI_uWN_\" alt=\"\" width=\"400\" align=\"center\" \/><\/p>\n<p style=\"text-align: center;\">***<\/p>\n<p>Obtenga su bot\u00edn de NDP en el\u00a0<a href=\"https:\/\/shirts101.store\/nebraska_democrats\/shop\/home\"><strong>Tienda NDP \/ Shirts 101!<\/strong><\/a><\/p>\n<p>\u00a1Hay muchos dise\u00f1os, incluido algunos geniales botines de Jomaha \/ Blue Dot!<\/p>\n<p><img decoding=\"async\" class=\"aligncenter\" title=\"\" src=\"https:\/\/lh3.googleusercontent.com\/JTuS-CANBddQjzUWLVMBLRZfUN4zM3yZBRsAaIGn5V_50TzEy1z7DZIwg880RRJ4LJWjdGH6APEeIEUG-EHmTE7dEKJ05Z7LdSj_op7fJzU50uQ2jA0eE5McCLwBQDWIAafpEoaV\" alt=\"\" width=\"450\" align=\"center\" \/><\/p>\n<p style=\"text-align: center;\">***<\/p>\n<p>Os dejamos esta semana con una representaci\u00f3n de<strong>\u00a0<\/strong><strong>Drew Sheneman.<\/strong><\/p>\n<p><strong><img decoding=\"async\" class=\"aligncenter\" title=\"\" src=\"https:\/\/lh4.googleusercontent.com\/kiIZbMnWKLdWJlJn9dErFjSy-v2MEFcKP4zbVbvpqPOmRU04_ysBpaM2uPaPDEfPasdSqIF1jRZH39YS_oZ2YL1JaqJZs7ZRa2wSjCsiCvmSD2fBh51DpC1TS4dq1sLFPbGplR27\" alt=\"\" width=\"550\" align=\"center\" \/><\/strong><\/p>\n<p>\u2013Por Kevin O&#039;Hanlon \/ Director de comunicaciones de NDP<\/p>\n<p><strong>NOTA:<\/strong>\u00a0Si desea recibir #NebDems News por correo electr\u00f3nico, env\u00edenos una nota a:\u00a0<a href=\"mailto:info@nebraskademocrats.org\"><strong>info@nebraskademocrats.org<\/strong><\/a><\/p>\n<p style=\"text-align: center;\">###<strong><br \/>\n<\/strong><strong><br \/>\n<\/strong><strong>FECHAS IMPORTANTES<\/strong><\/p>\n<p><strong>10 de enero:<\/strong>\u00a0<a href=\"https:\/\/sos.nebraska.gov\/elections\/early-voting\">Primer d\u00eda para aceptar solicitudes de votaci\u00f3n anticipada para las primarias de mayo<\/a><\/p>\n<p><strong>18 de enero:\u00a0<\/strong><a href=\"https:\/\/www.mobilize.us\/nebdems\/event\/284401\/\">Llamada de bienvenida a la fiesta<\/a><\/p>\n<p><strong>20 de enero: <\/strong><a href=\"https:\/\/nebraskadem.wpenginepowered.com\/wp-content\/uploads\/2022\/01\/Ben-Nelson-Forum.pdf\">Charla de libro del exsenador Ben Nelson sobre \u201cLa muerte del Senado\u201d en el Club de Prensa de Omaha<\/a><\/p>\n<p><strong>28 de enero:<\/strong>\u00a0<a href=\"https:\/\/www.mobilize.us\/nebdems\/event\/398303\/\">Noche de trivia de NDP<\/a><\/p>\n<p><strong>28-30 de enero:<\/strong>\u00a0<a href=\"https:\/\/nebraskadem.wpenginepowered.com\/wp-content\/uploads\/2021\/12\/Jan-2022-SCC_30-Day-Packet.pdf\">Reuni\u00f3n del Comit\u00e9 Central del Estado<\/a><\/p>\n<p><strong>29 de enero:\u00a0<\/strong><a href=\"https:\/\/www.mobilize.us\/nebdems\/event\/429208\/\">Capacitaci\u00f3n de candidatos de NDP: servicios de NDP y respuesta a todas sus preguntas<\/a><\/p>","protected":false},"excerpt":{"rendered":"<p>Thursday marked the one-year anniversary of the attack on our nation\u2019s Capitol by supporters of former President Trump in a failed bid to overturn the 2020 election. \u201cIn the past year, instead of trying to protect our democracy and the core values of America, Republicans continue to spread lies about the election in order to &#8230; <a title=\"Terrible Trio and more &#8212; #NebDems News\" class=\"read-more\" href=\"http:\/\/nebraskademocrats.org\/es\/blog\/terrible-trio-and-more-nebdems-news\/\" aria-label=\"More on Terrible Trio and more &#8212; #NebDems News\">Lee mas<\/a><\/p>","protected":false},"author":19,"featured_media":0,"comment_status":"closed","ping_status":"closed","sticky":false,"template":"","format":"standard","meta":{"_acf_changed":false,"_exactmetrics_skip_tracking":false,"_exactmetrics_sitenote_active":false,"_exactmetrics_sitenote_note":"","_exactmetrics_sitenote_category":0,"footnotes":""},"categories":[1],"tags":[],"class_list":["post-35744","post","type-post","status-publish","format-standard","hentry","category-blog"],"acf":[],"yoast_head":"<!-- This site is optimized with the Yoast SEO plugin v27.4 - https:\/\/yoast.com\/product\/yoast-seo-wordpress\/ -->\n<title>Terrible Trio and more -- #NebDems News &#8211; Nebraska Democratic Party<\/title>\n<meta name=\"robots\" content=\"index, follow, max-snippet:-1, max-image-preview:large, max-video-preview:-1\" \/>\n<link rel=\"canonical\" href=\"http:\/\/nebraskademocrats.org\/es\/blog\/terrible-trio-and-more-nebdems-news\/\" \/>\n<meta property=\"og:locale\" content=\"es_MX\" \/>\n<meta property=\"og:type\" content=\"article\" \/>\n<meta property=\"og:title\" content=\"Terrible Trio and more -- #NebDems News &#8211; Nebraska Democratic Party\" \/>\n<meta property=\"og:description\" content=\"Thursday marked the one-year anniversary of the attack on our nation\u2019s Capitol by supporters of former President Trump in a failed bid to overturn the 2020 election. \u201cIn the past year, instead of trying to protect our democracy and the core values of America, Republicans continue to spread lies about the election in order to ... Read more\" \/>\n<meta property=\"og:url\" content=\"http:\/\/nebraskademocrats.org\/es\/blog\/terrible-trio-and-more-nebdems-news\/\" \/>\n<meta property=\"og:site_name\" content=\"Nebraska Democratic Party\" \/>\n<meta property=\"article:publisher\" content=\"https:\/\/www.facebook.com\/NebraskaDemocraticParty\/\" \/>\n<meta property=\"article:published_time\" content=\"2022-01-07T19:28:13+00:00\" \/>\n<meta property=\"og:image\" content=\"https:\/\/nebraskadem.wpenginepowered.com\/wp-content\/uploads\/2018\/12\/NebDems-News-4-1024x569.png\" \/>\n<meta name=\"author\" content=\"Precious McKesson\" \/>\n<meta name=\"twitter:card\" content=\"summary_large_image\" \/>\n<meta name=\"twitter:creator\" content=\"@nebraskadems\" \/>\n<meta name=\"twitter:site\" content=\"@nebraskadems\" \/>\n<meta name=\"twitter:label1\" content=\"Escrito por\" \/>\n\t<meta name=\"twitter:data1\" content=\"Precious McKesson\" \/>\n\t<meta name=\"twitter:label2\" content=\"Tiempo de lectura\" \/>\n\t<meta name=\"twitter:data2\" content=\"8 minutos\" \/>\n<script type=\"application\/ld+json\" class=\"yoast-schema-graph\">{\"@context\":\"https:\\\/\\\/schema.org\",\"@graph\":[{\"@type\":\"Article\",\"@id\":\"http:\\\/\\\/nebraskademocrats.org\\\/zh\\\/blog\\\/terrible-trio-and-more-nebdems-news\\\/#article\",\"isPartOf\":{\"@id\":\"http:\\\/\\\/nebraskademocrats.org\\\/zh\\\/blog\\\/terrible-trio-and-more-nebdems-news\\\/\"},\"author\":{\"name\":\"Precious McKesson\",\"@id\":\"https:\\\/\\\/nebraskademocrats.org\\\/#\\\/schema\\\/person\\\/33e011ea0795f404810dc40828bcf289\"},\"headline\":\"Terrible Trio and more &#8212; #NebDems News\",\"datePublished\":\"2022-01-07T19:28:13+00:00\",\"mainEntityOfPage\":{\"@id\":\"http:\\\/\\\/nebraskademocrats.org\\\/zh\\\/blog\\\/terrible-trio-and-more-nebdems-news\\\/\"},\"wordCount\":1006,\"publisher\":{\"@id\":\"https:\\\/\\\/nebraskademocrats.org\\\/#organization\"},\"image\":{\"@id\":\"http:\\\/\\\/nebraskademocrats.org\\\/zh\\\/blog\\\/terrible-trio-and-more-nebdems-news\\\/#primaryimage\"},\"thumbnailUrl\":\"https:\\\/\\\/nebraskadem.wpenginepowered.com\\\/wp-content\\\/uploads\\\/2018\\\/12\\\/NebDems-News-4-1024x569.png\",\"articleSection\":[\"NDP Blog\"],\"inLanguage\":\"es\"},{\"@type\":\"WebPage\",\"@id\":\"http:\\\/\\\/nebraskademocrats.org\\\/zh\\\/blog\\\/terrible-trio-and-more-nebdems-news\\\/\",\"url\":\"http:\\\/\\\/nebraskademocrats.org\\\/zh\\\/blog\\\/terrible-trio-and-more-nebdems-news\\\/\",\"name\":\"Terrible Trio and more -- #NebDems News &#8211; Nebraska Democratic Party\",\"isPartOf\":{\"@id\":\"https:\\\/\\\/nebraskademocrats.org\\\/#website\"},\"primaryImageOfPage\":{\"@id\":\"http:\\\/\\\/nebraskademocrats.org\\\/zh\\\/blog\\\/terrible-trio-and-more-nebdems-news\\\/#primaryimage\"},\"image\":{\"@id\":\"http:\\\/\\\/nebraskademocrats.org\\\/zh\\\/blog\\\/terrible-trio-and-more-nebdems-news\\\/#primaryimage\"},\"thumbnailUrl\":\"https:\\\/\\\/nebraskadem.wpenginepowered.com\\\/wp-content\\\/uploads\\\/2018\\\/12\\\/NebDems-News-4-1024x569.png\",\"datePublished\":\"2022-01-07T19:28:13+00:00\",\"breadcrumb\":{\"@id\":\"http:\\\/\\\/nebraskademocrats.org\\\/zh\\\/blog\\\/terrible-trio-and-more-nebdems-news\\\/#breadcrumb\"},\"inLanguage\":\"es\",\"potentialAction\":[{\"@type\":\"ReadAction\",\"target\":[\"http:\\\/\\\/nebraskademocrats.org\\\/zh\\\/blog\\\/terrible-trio-and-more-nebdems-news\\\/\"]}]},{\"@type\":\"ImageObject\",\"inLanguage\":\"es\",\"@id\":\"http:\\\/\\\/nebraskademocrats.org\\\/zh\\\/blog\\\/terrible-trio-and-more-nebdems-news\\\/#primaryimage\",\"url\":\"https:\\\/\\\/nebraskadem.wpenginepowered.com\\\/wp-content\\\/uploads\\\/2018\\\/12\\\/NebDems-News-4-1024x569.png\",\"contentUrl\":\"https:\\\/\\\/nebraskadem.wpenginepowered.com\\\/wp-content\\\/uploads\\\/2018\\\/12\\\/NebDems-News-4-1024x569.png\"},{\"@type\":\"BreadcrumbList\",\"@id\":\"http:\\\/\\\/nebraskademocrats.org\\\/zh\\\/blog\\\/terrible-trio-and-more-nebdems-news\\\/#breadcrumb\",\"itemListElement\":[{\"@type\":\"ListItem\",\"position\":1,\"name\":\"Home\",\"item\":\"https:\\\/\\\/nebraskademocrats.org\\\/\"},{\"@type\":\"ListItem\",\"position\":2,\"name\":\"Terrible Trio and more &#8212; #NebDems News\"}]},{\"@type\":\"WebSite\",\"@id\":\"https:\\\/\\\/nebraskademocrats.org\\\/#website\",\"url\":\"https:\\\/\\\/nebraskademocrats.org\\\/\",\"name\":\"Nebraska Democratic Party\",\"description\":\"Growing the Good Life for All Nebraskans\",\"publisher\":{\"@id\":\"https:\\\/\\\/nebraskademocrats.org\\\/#organization\"},\"potentialAction\":[{\"@type\":\"SearchAction\",\"target\":{\"@type\":\"EntryPoint\",\"urlTemplate\":\"https:\\\/\\\/nebraskademocrats.org\\\/?s={search_term_string}\"},\"query-input\":{\"@type\":\"PropertyValueSpecification\",\"valueRequired\":true,\"valueName\":\"search_term_string\"}}],\"inLanguage\":\"es\"},{\"@type\":\"Organization\",\"@id\":\"https:\\\/\\\/nebraskademocrats.org\\\/#organization\",\"name\":\"Nebraska Democratic Party\",\"url\":\"https:\\\/\\\/nebraskademocrats.org\\\/\",\"logo\":{\"@type\":\"ImageObject\",\"inLanguage\":\"es\",\"@id\":\"https:\\\/\\\/nebraskademocrats.org\\\/#\\\/schema\\\/logo\\\/image\\\/\",\"url\":\"https:\\\/\\\/nebraskadem.wpenginepowered.com\\\/wp-content\\\/uploads\\\/2016\\\/05\\\/NDP2.jpg\",\"contentUrl\":\"https:\\\/\\\/nebraskadem.wpenginepowered.com\\\/wp-content\\\/uploads\\\/2016\\\/05\\\/NDP2.jpg\",\"width\":1000,\"height\":396,\"caption\":\"Nebraska Democratic Party\"},\"image\":{\"@id\":\"https:\\\/\\\/nebraskademocrats.org\\\/#\\\/schema\\\/logo\\\/image\\\/\"},\"sameAs\":[\"https:\\\/\\\/www.facebook.com\\\/NebraskaDemocraticParty\\\/\",\"https:\\\/\\\/x.com\\\/nebraskadems\"]},{\"@type\":\"Person\",\"@id\":\"https:\\\/\\\/nebraskademocrats.org\\\/#\\\/schema\\\/person\\\/33e011ea0795f404810dc40828bcf289\",\"name\":\"Precious McKesson\",\"image\":{\"@type\":\"ImageObject\",\"inLanguage\":\"es\",\"@id\":\"https:\\\/\\\/secure.gravatar.com\\\/avatar\\\/35046e19b3373116ec64c07d386d3312028d3820dc0ffe65c344bcebc8ea9194?s=96&d=mm&r=g\",\"url\":\"https:\\\/\\\/secure.gravatar.com\\\/avatar\\\/35046e19b3373116ec64c07d386d3312028d3820dc0ffe65c344bcebc8ea9194?s=96&d=mm&r=g\",\"contentUrl\":\"https:\\\/\\\/secure.gravatar.com\\\/avatar\\\/35046e19b3373116ec64c07d386d3312028d3820dc0ffe65c344bcebc8ea9194?s=96&d=mm&r=g\",\"caption\":\"Precious McKesson\"}}]}<\/script>\n<!-- \/ Yoast SEO plugin. -->","yoast_head_json":{"title":"Terrible Trio and more -- #NebDems News &#8211; Nebraska Democratic Party","robots":{"index":"index","follow":"follow","max-snippet":"max-snippet:-1","max-image-preview":"max-image-preview:large","max-video-preview":"max-video-preview:-1"},"canonical":"http:\/\/nebraskademocrats.org\/es\/blog\/terrible-trio-and-more-nebdems-news\/","og_locale":"es_MX","og_type":"article","og_title":"Terrible Trio and more -- #NebDems News &#8211; Nebraska Democratic Party","og_description":"Thursday marked the one-year anniversary of the attack on our nation\u2019s Capitol by supporters of former President Trump in a failed bid to overturn the 2020 election. \u201cIn the past year, instead of trying to protect our democracy and the core values of America, Republicans continue to spread lies about the election in order to ... Read more","og_url":"http:\/\/nebraskademocrats.org\/es\/blog\/terrible-trio-and-more-nebdems-news\/","og_site_name":"Nebraska Democratic Party","article_publisher":"https:\/\/www.facebook.com\/NebraskaDemocraticParty\/","article_published_time":"2022-01-07T19:28:13+00:00","og_image":[{"url":"https:\/\/nebraskadem.wpenginepowered.com\/wp-content\/uploads\/2018\/12\/NebDems-News-4-1024x569.png","type":"","width":"","height":""}],"author":"Precious McKesson","twitter_card":"summary_large_image","twitter_creator":"@nebraskadems","twitter_site":"@nebraskadems","twitter_misc":{"Escrito por":"Precious McKesson","Tiempo de lectura":"8 minutos"},"schema":{"@context":"https:\/\/schema.org","@graph":[{"@type":"Article","@id":"http:\/\/nebraskademocrats.org\/zh\/blog\/terrible-trio-and-more-nebdems-news\/#article","isPartOf":{"@id":"http:\/\/nebraskademocrats.org\/zh\/blog\/terrible-trio-and-more-nebdems-news\/"},"author":{"name":"Precious McKesson","@id":"https:\/\/nebraskademocrats.org\/#\/schema\/person\/33e011ea0795f404810dc40828bcf289"},"headline":"Terrible Trio and more &#8212; #NebDems News","datePublished":"2022-01-07T19:28:13+00:00","mainEntityOfPage":{"@id":"http:\/\/nebraskademocrats.org\/zh\/blog\/terrible-trio-and-more-nebdems-news\/"},"wordCount":1006,"publisher":{"@id":"https:\/\/nebraskademocrats.org\/#organization"},"image":{"@id":"http:\/\/nebraskademocrats.org\/zh\/blog\/terrible-trio-and-more-nebdems-news\/#primaryimage"},"thumbnailUrl":"https:\/\/nebraskadem.wpenginepowered.com\/wp-content\/uploads\/2018\/12\/NebDems-News-4-1024x569.png","articleSection":["NDP Blog"],"inLanguage":"es"},{"@type":"WebPage","@id":"http:\/\/nebraskademocrats.org\/zh\/blog\/terrible-trio-and-more-nebdems-news\/","url":"http:\/\/nebraskademocrats.org\/zh\/blog\/terrible-trio-and-more-nebdems-news\/","name":"Terrible Trio and more -- #NebDems News &#8211; Nebraska Democratic Party","isPartOf":{"@id":"https:\/\/nebraskademocrats.org\/#website"},"primaryImageOfPage":{"@id":"http:\/\/nebraskademocrats.org\/zh\/blog\/terrible-trio-and-more-nebdems-news\/#primaryimage"},"image":{"@id":"http:\/\/nebraskademocrats.org\/zh\/blog\/terrible-trio-and-more-nebdems-news\/#primaryimage"},"thumbnailUrl":"https:\/\/nebraskadem.wpenginepowered.com\/wp-content\/uploads\/2018\/12\/NebDems-News-4-1024x569.png","datePublished":"2022-01-07T19:28:13+00:00","breadcrumb":{"@id":"http:\/\/nebraskademocrats.org\/zh\/blog\/terrible-trio-and-more-nebdems-news\/#breadcrumb"},"inLanguage":"es","potentialAction":[{"@type":"ReadAction","target":["http:\/\/nebraskademocrats.org\/zh\/blog\/terrible-trio-and-more-nebdems-news\/"]}]},{"@type":"ImageObject","inLanguage":"es","@id":"http:\/\/nebraskademocrats.org\/zh\/blog\/terrible-trio-and-more-nebdems-news\/#primaryimage","url":"https:\/\/nebraskadem.wpenginepowered.com\/wp-content\/uploads\/2018\/12\/NebDems-News-4-1024x569.png","contentUrl":"https:\/\/nebraskadem.wpenginepowered.com\/wp-content\/uploads\/2018\/12\/NebDems-News-4-1024x569.png"},{"@type":"BreadcrumbList","@id":"http:\/\/nebraskademocrats.org\/zh\/blog\/terrible-trio-and-more-nebdems-news\/#breadcrumb","itemListElement":[{"@type":"ListItem","position":1,"name":"Home","item":"https:\/\/nebraskademocrats.org\/"},{"@type":"ListItem","position":2,"name":"Terrible Trio and more &#8212; #NebDems News"}]},{"@type":"WebSite","@id":"https:\/\/nebraskademocrats.org\/#website","url":"https:\/\/nebraskademocrats.org\/","name":"Partido Dem\u00f3crata de Nebraska","description":"Cultivando la buena vida para todos los nebraskenses","publisher":{"@id":"https:\/\/nebraskademocrats.org\/#organization"},"potentialAction":[{"@type":"SearchAction","target":{"@type":"EntryPoint","urlTemplate":"https:\/\/nebraskademocrats.org\/?s={search_term_string}"},"query-input":{"@type":"PropertyValueSpecification","valueRequired":true,"valueName":"search_term_string"}}],"inLanguage":"es"},{"@type":"Organization","@id":"https:\/\/nebraskademocrats.org\/#organization","name":"Partido Dem\u00f3crata de Nebraska","url":"https:\/\/nebraskademocrats.org\/","logo":{"@type":"ImageObject","inLanguage":"es","@id":"https:\/\/nebraskademocrats.org\/#\/schema\/logo\/image\/","url":"https:\/\/nebraskadem.wpenginepowered.com\/wp-content\/uploads\/2016\/05\/NDP2.jpg","contentUrl":"https:\/\/nebraskadem.wpenginepowered.com\/wp-content\/uploads\/2016\/05\/NDP2.jpg","width":1000,"height":396,"caption":"Nebraska Democratic Party"},"image":{"@id":"https:\/\/nebraskademocrats.org\/#\/schema\/logo\/image\/"},"sameAs":["https:\/\/www.facebook.com\/NebraskaDemocraticParty\/","https:\/\/x.com\/nebraskadems"]},{"@type":"Person","@id":"https:\/\/nebraskademocrats.org\/#\/schema\/person\/33e011ea0795f404810dc40828bcf289","name":"Precioso McKesson","image":{"@type":"ImageObject","inLanguage":"es","@id":"https:\/\/secure.gravatar.com\/avatar\/35046e19b3373116ec64c07d386d3312028d3820dc0ffe65c344bcebc8ea9194?s=96&d=mm&r=g","url":"https:\/\/secure.gravatar.com\/avatar\/35046e19b3373116ec64c07d386d3312028d3820dc0ffe65c344bcebc8ea9194?s=96&d=mm&r=g","contentUrl":"https:\/\/secure.gravatar.com\/avatar\/35046e19b3373116ec64c07d386d3312028d3820dc0ffe65c344bcebc8ea9194?s=96&d=mm&r=g","caption":"Precious McKesson"}}]}},"_links":{"self":[{"href":"http:\/\/nebraskademocrats.org\/es\/wp-json\/wp\/v2\/posts\/35744","targetHints":{"allow":["GET"]}}],"collection":[{"href":"http:\/\/nebraskademocrats.org\/es\/wp-json\/wp\/v2\/posts"}],"about":[{"href":"http:\/\/nebraskademocrats.org\/es\/wp-json\/wp\/v2\/types\/post"}],"author":[{"embeddable":true,"href":"http:\/\/nebraskademocrats.org\/es\/wp-json\/wp\/v2\/users\/19"}],"replies":[{"embeddable":true,"href":"http:\/\/nebraskademocrats.org\/es\/wp-json\/wp\/v2\/comments?post=35744"}],"version-history":[{"count":0,"href":"http:\/\/nebraskademocrats.org\/es\/wp-json\/wp\/v2\/posts\/35744\/revisions"}],"wp:attachment":[{"href":"http:\/\/nebraskademocrats.org\/es\/wp-json\/wp\/v2\/media?parent=35744"}],"wp:term":[{"taxonomy":"category","embeddable":true,"href":"http:\/\/nebraskademocrats.org\/es\/wp-json\/wp\/v2\/categories?post=35744"},{"taxonomy":"post_tag","embeddable":true,"href":"http:\/\/nebraskademocrats.org\/es\/wp-json\/wp\/v2\/tags?post=35744"}],"curies":[{"name":"wp","href":"https:\/\/api.w.org\/{rel}","templated":true}]}}