{"id":41628,"date":"2023-01-05T23:32:48","date_gmt":"2023-01-06T05:32:48","guid":{"rendered":"https:\/\/nebraskadem.wpenginepowered.com\/?p=41628"},"modified":"2023-01-05T23:32:48","modified_gmt":"2023-01-06T05:32:48","slug":"nebraska-democratic-party-chair-responds-to-swearing-in-of-governor-elect-jim-pillen","status":"publish","type":"post","link":"http:\/\/nebraskademocrats.org\/su\/press-releases\/nebraska-democratic-party-chair-responds-to-swearing-in-of-governor-elect-jim-pillen\/","title":{"rendered":"Siaran pers: Kursi Nebraska Democratic Party Ngabales Sumpahna Gubernur-kapilih Jim Pillen"},"content":{"rendered":"<p style=\"text-align: center;\"><span style=\"font-size: 14pt;\"><strong>Nebraska Democratic Party Pupuhu Ngabales <\/strong><\/span><span style=\"font-size: 14pt;\"><strong>pikeun Sumpah-Di Gubernur-kapilih Jim Pillen<\/strong><\/span><\/p>\n<p><span style=\"font-weight: 400;\">LINCOLN, NE - Kursi Nebraska Democratic Party Jane Kleeb ngabales Gubernur-milih Jim Pillen sacara resmi disumpah janten jabatan.\u00a0<\/span><\/p>\n<p><span style=\"font-weight: 400;\">&quot;Ngaran anyar, kaulinan anu sarua. Jim Pillen bakal neruskeun warisan tina urusan backdoor of anti-pilihan billionaire Pete Ricketts. Pillen nyumput ti pamilih salami kampanye na nolak ngayakeun debat sareng ayeuna anjeunna ngaku janten gubernur pikeun masarakat bari konsist\u00e9n ngadukung kawijakan ekstrim. Urang Nebraskan anu rajin terang y\u00e9n Ricketts ngagaleuh korsi Pillen, sareng pikeun ngabales, Pillen masihan Ricketts korsi S\u00e9nat AS pikeun ngabalikeun deui kahadean.<\/span><\/p>\n<p><b>Latar:\u00a0<\/b><\/p>\n<p><b>Kab\u00e9basan r\u00e9produktif<\/b><\/p>\n<p><span style=\"font-weight: 400;\">Jim Pillen nentang kab\u00e9basan r\u00e9produktif aw\u00e9w\u00e9, <\/span><a href=\"https:\/\/omaha.com\/news\/state-and-regional\/govt-and-politics\/q-a-jim-pillen-shares-how-he-plans-to-achieve-campaign-promises-as-governor\/article_31550324-772d-11ed-81b7-4323475e2433.html\"><span style=\"font-weight: 400;\">nyebutkeun dina wawancara ngan sababaraha minggu ka tukang<\/span><\/a><span style=\"font-weight: 400;\">, &quot;Kami bakal ngeureunkeun pembunuhan saloba orok anu tumuwuh dina rahim indung sabisa-bisa di Nebraska.&quot; Anjeunna mangrupikeun Republik mundur anu san\u00e9s anu ngagunakeun r\u00e9torika radang anu \u00e9ra pikeun nyerang hak-hak Nebraskan pikeun milih pilihan ngeunaan awakna sorangan.<\/span><\/p>\n<p><b>Atikan<\/b><\/p>\n<p><span style=\"font-weight: 400;\">Antawis <\/span><a href=\"https:\/\/omaha.com\/news\/state-and-regional\/govt-and-politics\/school-funding-plan-backed-by-pillen-could-cost-districts-270m-per-year-report-says\/article_91cae722-5604-11ed-81ad-cbb9c6a25cb8.html\"><span style=\"font-weight: 400;\">ngadorong doa di sakola sareng usulan pikeun ngarobih rumus dana sakola Nebraska anu tiasa ngarugikeun sababaraha distrik $270 juta<\/span><\/a><span style=\"font-weight: 400;\">, Pillen leres pisan ngadorong sakola urang ka arah anu salah.\u00a0<\/span><\/p>\n<p><b>Korupsi<\/b><\/p>\n<p><span style=\"font-weight: 400;\">kampanye gubernatorial suks\u00e9s Pillen ieu bankrolled ku urut Gov.. Pete Ricketts, anu hoping, dina mulang, Pillen bakal nunjuk anjeunna ngaganti Ben Sasse di S\u00e9nat AS. Ngagawekeun Nebraskans leungit ngagambarkeun nyata lamun korup deui-kamar po\u00e9na meunang.<\/span><\/p>\n<p><span style=\"font-weight: 400;\">Pillen og\u00e9 mungkas taun anyar <\/span><a href=\"https:\/\/twitter.com\/janekleeb\/status\/1603425199105314816?s=20&amp;t=C1zfidJ9OsUSdZDgL9MWOw&amp;link_id=1&amp;can_id=1090c462fa2e1040582b0498c95f4f8b&amp;source=email-42a55c4a022c87f2c52d3b703d05c6b51fd11cf2&amp;email_referrer=email_1772853&amp;email_subject=___\"><span style=\"font-weight: 400;\">bragging ngeunaan ngagunakeun telepon na meunang sabudeureun rapat kabuka sarta hukum FOIA<\/span><\/a><span style=\"font-weight: 400;\">, Najong kaluar ulayat na ku embracing sentimen anti demokratis nu geus datang ka ngartikeun Nebraska GOP.\u00a0<\/span><\/p>\n<p style=\"text-align: center;\"><span style=\"font-weight: 400;\">###<\/span><\/p>","protected":false},"excerpt":{"rendered":"<p>Nebraska Democratic Party Chair Responds to Swearing-In of Governor-elect Jim Pillen LINCOLN, NE \u2013 The Nebraska Democratic Party Chair Jane Kleeb responds to Governor-elect Jim Pillen officially being sworn into office.\u00a0 \u201cNew name, same game. Jim Pillen will continue the legacy of the backdoor dealings of anti-choice billionaire Pete Ricketts. Pillen hid from voters during &#8230; <a title=\"Siaran pers: Kursi Nebraska Democratic Party Ngabales Sumpahna Gubernur-kapilih Jim Pillen\" class=\"read-more\" href=\"http:\/\/nebraskademocrats.org\/su\/press-releases\/nebraska-democratic-party-chair-responds-to-swearing-in-of-governor-elect-jim-pillen\/\" aria-label=\"More on Press release: Nebraska Democratic Party Chair Responds to Swearing-In of Governor-elect Jim Pillen\">Maca deui<\/a><\/p>","protected":false},"author":19,"featured_media":0,"comment_status":"closed","ping_status":"closed","sticky":false,"template":"","format":"standard","meta":{"_acf_changed":false,"_exactmetrics_skip_tracking":false,"_exactmetrics_sitenote_active":false,"_exactmetrics_sitenote_note":"","_exactmetrics_sitenote_category":0,"footnotes":""},"categories":[4],"tags":[],"class_list":["post-41628","post","type-post","status-publish","format-standard","hentry","category-press-releases"],"acf":[],"yoast_head":"<!-- This site is optimized with the Yoast SEO plugin v27.4 - https:\/\/yoast.com\/product\/yoast-seo-wordpress\/ -->\n<title>Press release: Nebraska Democratic Party Chair Responds to Swearing-In of Governor-elect Jim Pillen &#8211; Nebraska Democratic Party<\/title>\n<meta name=\"robots\" content=\"index, follow, max-snippet:-1, max-image-preview:large, max-video-preview:-1\" \/>\n<link rel=\"canonical\" href=\"http:\/\/nebraskademocrats.org\/su\/press-releases\/nebraska-democratic-party-chair-responds-to-swearing-in-of-governor-elect-jim-pillen\/\" \/>\n<meta property=\"og:locale\" content=\"en_US\" \/>\n<meta property=\"og:type\" content=\"article\" \/>\n<meta property=\"og:title\" content=\"Press release: Nebraska Democratic Party Chair Responds to Swearing-In of Governor-elect Jim Pillen &#8211; Nebraska Democratic Party\" \/>\n<meta property=\"og:description\" content=\"Nebraska Democratic Party Chair Responds to Swearing-In of Governor-elect Jim Pillen LINCOLN, NE \u2013 The Nebraska Democratic Party Chair Jane Kleeb responds to Governor-elect Jim Pillen officially being sworn into office.\u00a0 \u201cNew name, same game. Jim Pillen will continue the legacy of the backdoor dealings of anti-choice billionaire Pete Ricketts. Pillen hid from voters during ... Read more\" \/>\n<meta property=\"og:url\" content=\"http:\/\/nebraskademocrats.org\/su\/press-releases\/nebraska-democratic-party-chair-responds-to-swearing-in-of-governor-elect-jim-pillen\/\" \/>\n<meta property=\"og:site_name\" content=\"Nebraska Democratic Party\" \/>\n<meta property=\"article:publisher\" content=\"https:\/\/www.facebook.com\/NebraskaDemocraticParty\/\" \/>\n<meta property=\"article:published_time\" content=\"2023-01-06T05:32:48+00:00\" \/>\n<meta property=\"og:image\" content=\"https:\/\/nebraskademocrats.org\/wp-content\/uploads\/2018\/09\/ne-dems-fb.jpg\" \/>\n\t<meta property=\"og:image:width\" content=\"1200\" \/>\n\t<meta property=\"og:image:height\" content=\"630\" \/>\n\t<meta property=\"og:image:type\" content=\"image\/jpeg\" \/>\n<meta name=\"author\" content=\"Precious McKesson\" \/>\n<meta name=\"twitter:card\" content=\"summary_large_image\" \/>\n<meta name=\"twitter:creator\" content=\"@nebraskadems\" \/>\n<meta name=\"twitter:site\" content=\"@nebraskadems\" \/>\n<meta name=\"twitter:label1\" content=\"Written by\" \/>\n\t<meta name=\"twitter:data1\" content=\"Precious McKesson\" \/>\n\t<meta name=\"twitter:label2\" content=\"Est. reading time\" \/>\n\t<meta name=\"twitter:data2\" content=\"2 minutes\" \/>\n<script type=\"application\/ld+json\" class=\"yoast-schema-graph\">{\"@context\":\"https:\\\/\\\/schema.org\",\"@graph\":[{\"@type\":\"Article\",\"@id\":\"http:\\\/\\\/nebraskademocrats.org\\\/zh\\\/press-releases\\\/nebraska-democratic-party-chair-responds-to-swearing-in-of-governor-elect-jim-pillen\\\/#article\",\"isPartOf\":{\"@id\":\"http:\\\/\\\/nebraskademocrats.org\\\/zh\\\/press-releases\\\/nebraska-democratic-party-chair-responds-to-swearing-in-of-governor-elect-jim-pillen\\\/\"},\"author\":{\"name\":\"Precious McKesson\",\"@id\":\"https:\\\/\\\/nebraskademocrats.org\\\/#\\\/schema\\\/person\\\/33e011ea0795f404810dc40828bcf289\"},\"headline\":\"Press release: Nebraska Democratic Party Chair Responds to Swearing-In of Governor-elect Jim Pillen\",\"datePublished\":\"2023-01-06T05:32:48+00:00\",\"mainEntityOfPage\":{\"@id\":\"http:\\\/\\\/nebraskademocrats.org\\\/zh\\\/press-releases\\\/nebraska-democratic-party-chair-responds-to-swearing-in-of-governor-elect-jim-pillen\\\/\"},\"wordCount\":281,\"publisher\":{\"@id\":\"https:\\\/\\\/nebraskademocrats.org\\\/#organization\"},\"articleSection\":[\"Press Releases\"],\"inLanguage\":\"su\"},{\"@type\":\"WebPage\",\"@id\":\"http:\\\/\\\/nebraskademocrats.org\\\/zh\\\/press-releases\\\/nebraska-democratic-party-chair-responds-to-swearing-in-of-governor-elect-jim-pillen\\\/\",\"url\":\"http:\\\/\\\/nebraskademocrats.org\\\/zh\\\/press-releases\\\/nebraska-democratic-party-chair-responds-to-swearing-in-of-governor-elect-jim-pillen\\\/\",\"name\":\"Press release: Nebraska Democratic Party Chair Responds to Swearing-In of Governor-elect Jim Pillen &#8211; Nebraska Democratic Party\",\"isPartOf\":{\"@id\":\"https:\\\/\\\/nebraskademocrats.org\\\/#website\"},\"datePublished\":\"2023-01-06T05:32:48+00:00\",\"breadcrumb\":{\"@id\":\"http:\\\/\\\/nebraskademocrats.org\\\/zh\\\/press-releases\\\/nebraska-democratic-party-chair-responds-to-swearing-in-of-governor-elect-jim-pillen\\\/#breadcrumb\"},\"inLanguage\":\"su\",\"potentialAction\":[{\"@type\":\"ReadAction\",\"target\":[\"http:\\\/\\\/nebraskademocrats.org\\\/zh\\\/press-releases\\\/nebraska-democratic-party-chair-responds-to-swearing-in-of-governor-elect-jim-pillen\\\/\"]}]},{\"@type\":\"BreadcrumbList\",\"@id\":\"http:\\\/\\\/nebraskademocrats.org\\\/zh\\\/press-releases\\\/nebraska-democratic-party-chair-responds-to-swearing-in-of-governor-elect-jim-pillen\\\/#breadcrumb\",\"itemListElement\":[{\"@type\":\"ListItem\",\"position\":1,\"name\":\"Home\",\"item\":\"https:\\\/\\\/nebraskademocrats.org\\\/\"},{\"@type\":\"ListItem\",\"position\":2,\"name\":\"Press release: Nebraska Democratic Party Chair Responds to Swearing-In of Governor-elect Jim Pillen\"}]},{\"@type\":\"WebSite\",\"@id\":\"https:\\\/\\\/nebraskademocrats.org\\\/#website\",\"url\":\"https:\\\/\\\/nebraskademocrats.org\\\/\",\"name\":\"Nebraska Democratic Party\",\"description\":\"Growing the Good Life for All Nebraskans\",\"publisher\":{\"@id\":\"https:\\\/\\\/nebraskademocrats.org\\\/#organization\"},\"potentialAction\":[{\"@type\":\"SearchAction\",\"target\":{\"@type\":\"EntryPoint\",\"urlTemplate\":\"https:\\\/\\\/nebraskademocrats.org\\\/?s={search_term_string}\"},\"query-input\":{\"@type\":\"PropertyValueSpecification\",\"valueRequired\":true,\"valueName\":\"search_term_string\"}}],\"inLanguage\":\"su\"},{\"@type\":\"Organization\",\"@id\":\"https:\\\/\\\/nebraskademocrats.org\\\/#organization\",\"name\":\"Nebraska Democratic Party\",\"url\":\"https:\\\/\\\/nebraskademocrats.org\\\/\",\"logo\":{\"@type\":\"ImageObject\",\"inLanguage\":\"su\",\"@id\":\"https:\\\/\\\/nebraskademocrats.org\\\/#\\\/schema\\\/logo\\\/image\\\/\",\"url\":\"https:\\\/\\\/nebraskadem.wpenginepowered.com\\\/wp-content\\\/uploads\\\/2016\\\/05\\\/NDP2.jpg\",\"contentUrl\":\"https:\\\/\\\/nebraskadem.wpenginepowered.com\\\/wp-content\\\/uploads\\\/2016\\\/05\\\/NDP2.jpg\",\"width\":1000,\"height\":396,\"caption\":\"Nebraska Democratic Party\"},\"image\":{\"@id\":\"https:\\\/\\\/nebraskademocrats.org\\\/#\\\/schema\\\/logo\\\/image\\\/\"},\"sameAs\":[\"https:\\\/\\\/www.facebook.com\\\/NebraskaDemocraticParty\\\/\",\"https:\\\/\\\/x.com\\\/nebraskadems\"]},{\"@type\":\"Person\",\"@id\":\"https:\\\/\\\/nebraskademocrats.org\\\/#\\\/schema\\\/person\\\/33e011ea0795f404810dc40828bcf289\",\"name\":\"Precious McKesson\",\"image\":{\"@type\":\"ImageObject\",\"inLanguage\":\"su\",\"@id\":\"https:\\\/\\\/secure.gravatar.com\\\/avatar\\\/35046e19b3373116ec64c07d386d3312028d3820dc0ffe65c344bcebc8ea9194?s=96&d=mm&r=g\",\"url\":\"https:\\\/\\\/secure.gravatar.com\\\/avatar\\\/35046e19b3373116ec64c07d386d3312028d3820dc0ffe65c344bcebc8ea9194?s=96&d=mm&r=g\",\"contentUrl\":\"https:\\\/\\\/secure.gravatar.com\\\/avatar\\\/35046e19b3373116ec64c07d386d3312028d3820dc0ffe65c344bcebc8ea9194?s=96&d=mm&r=g\",\"caption\":\"Precious McKesson\"}}]}<\/script>\n<!-- \/ Yoast SEO plugin. -->","yoast_head_json":{"title":"Press release: Nebraska Democratic Party Chair Responds to Swearing-In of Governor-elect Jim Pillen &#8211; Nebraska Democratic Party","robots":{"index":"index","follow":"follow","max-snippet":"max-snippet:-1","max-image-preview":"max-image-preview:large","max-video-preview":"max-video-preview:-1"},"canonical":"http:\/\/nebraskademocrats.org\/su\/press-releases\/nebraska-democratic-party-chair-responds-to-swearing-in-of-governor-elect-jim-pillen\/","og_locale":"en_US","og_type":"article","og_title":"Press release: Nebraska Democratic Party Chair Responds to Swearing-In of Governor-elect Jim Pillen &#8211; Nebraska Democratic Party","og_description":"Nebraska Democratic Party Chair Responds to Swearing-In of Governor-elect Jim Pillen LINCOLN, NE \u2013 The Nebraska Democratic Party Chair Jane Kleeb responds to Governor-elect Jim Pillen officially being sworn into office.\u00a0 \u201cNew name, same game. Jim Pillen will continue the legacy of the backdoor dealings of anti-choice billionaire Pete Ricketts. Pillen hid from voters during ... Read more","og_url":"http:\/\/nebraskademocrats.org\/su\/press-releases\/nebraska-democratic-party-chair-responds-to-swearing-in-of-governor-elect-jim-pillen\/","og_site_name":"Nebraska Democratic Party","article_publisher":"https:\/\/www.facebook.com\/NebraskaDemocraticParty\/","article_published_time":"2023-01-06T05:32:48+00:00","og_image":[{"width":1200,"height":630,"url":"https:\/\/nebraskademocrats.org\/wp-content\/uploads\/2018\/09\/ne-dems-fb.jpg","type":"image\/jpeg"}],"author":"Precious McKesson","twitter_card":"summary_large_image","twitter_creator":"@nebraskadems","twitter_site":"@nebraskadems","twitter_misc":{"Written by":"Precious McKesson","Est. reading time":"2 minutes"},"schema":{"@context":"https:\/\/schema.org","@graph":[{"@type":"Article","@id":"http:\/\/nebraskademocrats.org\/zh\/press-releases\/nebraska-democratic-party-chair-responds-to-swearing-in-of-governor-elect-jim-pillen\/#article","isPartOf":{"@id":"http:\/\/nebraskademocrats.org\/zh\/press-releases\/nebraska-democratic-party-chair-responds-to-swearing-in-of-governor-elect-jim-pillen\/"},"author":{"name":"Precious McKesson","@id":"https:\/\/nebraskademocrats.org\/#\/schema\/person\/33e011ea0795f404810dc40828bcf289"},"headline":"Press release: Nebraska Democratic Party Chair Responds to Swearing-In of Governor-elect Jim Pillen","datePublished":"2023-01-06T05:32:48+00:00","mainEntityOfPage":{"@id":"http:\/\/nebraskademocrats.org\/zh\/press-releases\/nebraska-democratic-party-chair-responds-to-swearing-in-of-governor-elect-jim-pillen\/"},"wordCount":281,"publisher":{"@id":"https:\/\/nebraskademocrats.org\/#organization"},"articleSection":["Press Releases"],"inLanguage":"su"},{"@type":"WebPage","@id":"http:\/\/nebraskademocrats.org\/zh\/press-releases\/nebraska-democratic-party-chair-responds-to-swearing-in-of-governor-elect-jim-pillen\/","url":"http:\/\/nebraskademocrats.org\/zh\/press-releases\/nebraska-democratic-party-chair-responds-to-swearing-in-of-governor-elect-jim-pillen\/","name":"Press release: Nebraska Democratic Party Chair Responds to Swearing-In of Governor-elect Jim Pillen &#8211; Nebraska Democratic Party","isPartOf":{"@id":"https:\/\/nebraskademocrats.org\/#website"},"datePublished":"2023-01-06T05:32:48+00:00","breadcrumb":{"@id":"http:\/\/nebraskademocrats.org\/zh\/press-releases\/nebraska-democratic-party-chair-responds-to-swearing-in-of-governor-elect-jim-pillen\/#breadcrumb"},"inLanguage":"su","potentialAction":[{"@type":"ReadAction","target":["http:\/\/nebraskademocrats.org\/zh\/press-releases\/nebraska-democratic-party-chair-responds-to-swearing-in-of-governor-elect-jim-pillen\/"]}]},{"@type":"BreadcrumbList","@id":"http:\/\/nebraskademocrats.org\/zh\/press-releases\/nebraska-democratic-party-chair-responds-to-swearing-in-of-governor-elect-jim-pillen\/#breadcrumb","itemListElement":[{"@type":"ListItem","position":1,"name":"Home","item":"https:\/\/nebraskademocrats.org\/"},{"@type":"ListItem","position":2,"name":"Press release: Nebraska Democratic Party Chair Responds to Swearing-In of Governor-elect Jim Pillen"}]},{"@type":"WebSite","@id":"https:\/\/nebraskademocrats.org\/#website","url":"https:\/\/nebraskademocrats.org\/","name":"Nebraska Democratic Party","description":"Tumuwuh Kahirupan Anu Sa\u00e9 pikeun Sadayana Nebraskan","publisher":{"@id":"https:\/\/nebraskademocrats.org\/#organization"},"potentialAction":[{"@type":"SearchAction","target":{"@type":"EntryPoint","urlTemplate":"https:\/\/nebraskademocrats.org\/?s={search_term_string}"},"query-input":{"@type":"PropertyValueSpecification","valueRequired":true,"valueName":"search_term_string"}}],"inLanguage":"su"},{"@type":"Organization","@id":"https:\/\/nebraskademocrats.org\/#organization","name":"Nebraska Democratic Party","url":"https:\/\/nebraskademocrats.org\/","logo":{"@type":"ImageObject","inLanguage":"su","@id":"https:\/\/nebraskademocrats.org\/#\/schema\/logo\/image\/","url":"https:\/\/nebraskadem.wpenginepowered.com\/wp-content\/uploads\/2016\/05\/NDP2.jpg","contentUrl":"https:\/\/nebraskadem.wpenginepowered.com\/wp-content\/uploads\/2016\/05\/NDP2.jpg","width":1000,"height":396,"caption":"Nebraska Democratic Party"},"image":{"@id":"https:\/\/nebraskademocrats.org\/#\/schema\/logo\/image\/"},"sameAs":["https:\/\/www.facebook.com\/NebraskaDemocraticParty\/","https:\/\/x.com\/nebraskadems"]},{"@type":"Person","@id":"https:\/\/nebraskademocrats.org\/#\/schema\/person\/33e011ea0795f404810dc40828bcf289","name":"McKesson mulia","image":{"@type":"ImageObject","inLanguage":"su","@id":"https:\/\/secure.gravatar.com\/avatar\/35046e19b3373116ec64c07d386d3312028d3820dc0ffe65c344bcebc8ea9194?s=96&d=mm&r=g","url":"https:\/\/secure.gravatar.com\/avatar\/35046e19b3373116ec64c07d386d3312028d3820dc0ffe65c344bcebc8ea9194?s=96&d=mm&r=g","contentUrl":"https:\/\/secure.gravatar.com\/avatar\/35046e19b3373116ec64c07d386d3312028d3820dc0ffe65c344bcebc8ea9194?s=96&d=mm&r=g","caption":"Precious McKesson"}}]}},"_links":{"self":[{"href":"http:\/\/nebraskademocrats.org\/su\/wp-json\/wp\/v2\/posts\/41628","targetHints":{"allow":["GET"]}}],"collection":[{"href":"http:\/\/nebraskademocrats.org\/su\/wp-json\/wp\/v2\/posts"}],"about":[{"href":"http:\/\/nebraskademocrats.org\/su\/wp-json\/wp\/v2\/types\/post"}],"author":[{"embeddable":true,"href":"http:\/\/nebraskademocrats.org\/su\/wp-json\/wp\/v2\/users\/19"}],"replies":[{"embeddable":true,"href":"http:\/\/nebraskademocrats.org\/su\/wp-json\/wp\/v2\/comments?post=41628"}],"version-history":[{"count":0,"href":"http:\/\/nebraskademocrats.org\/su\/wp-json\/wp\/v2\/posts\/41628\/revisions"}],"wp:attachment":[{"href":"http:\/\/nebraskademocrats.org\/su\/wp-json\/wp\/v2\/media?parent=41628"}],"wp:term":[{"taxonomy":"category","embeddable":true,"href":"http:\/\/nebraskademocrats.org\/su\/wp-json\/wp\/v2\/categories?post=41628"},{"taxonomy":"post_tag","embeddable":true,"href":"http:\/\/nebraskademocrats.org\/su\/wp-json\/wp\/v2\/tags?post=41628"}],"curies":[{"name":"wp","href":"https:\/\/api.w.org\/{rel}","templated":true}]}}