{"id":42877,"date":"2023-05-12T13:17:28","date_gmt":"2023-05-12T18:17:28","guid":{"rendered":"https:\/\/nebraskadem.wpenginepowered.com\/?p=42877"},"modified":"2023-05-12T13:17:28","modified_gmt":"2023-05-12T18:17:28","slug":"nebdemsnews-another-day-in-america","status":"publish","type":"post","link":"http:\/\/nebraskademocrats.org\/su\/blog\/nebdemsnews-another-day-in-america\/","title":{"rendered":"#NebDemsNews - Po\u00e9 Lain di Am\u00e9rika"},"content":{"rendered":"<h2>Lain Po\u00e9 di Am\u00e9rika<\/h2>\n<p>\u00c9ta naon urang geus chalked eta nepi ka ayeuna.<\/p>\n<p>Saptu kamari ieu, salapan urang maot sareng sapuluh deui anu luka dina n\u00e9mbak massal di mall balanja di Allen, TX. Anu maot kalebet sapasang duduluran umur 8 sareng 11 taun, mahasiswa umur 20 taun, sareng kulawarga ngora tilu, yuswa 37, 35, sareng 3, anu ngantunkeun budak umur 6 taun. dunya ieu tanpa kolotna atawa lanceukna.<\/p>\n<p>Maksud kuring\u2026 iraha aya anu robih demi Allah? Karasa kawas kamari kuring nulis blog ngeunaan shooting di Sakola Dasar di Tennesse, acan di dieu kuring dina yuswa 22, nyoba nempatkeun kana kecap sababaraha kantong jumbled tina \u00e9mosi nu rupa-rupa ti hanjelu sheer mun ngamuk di lobi gun. ka perhatian salaku teu lamun, tapi lamun, Nebraska salajengna.<\/p>\n<p><img decoding=\"async\" class=\"alignright\" title=\"\" src=\"https:\/\/actionnetwork.org\/s3_files\/uploads\/data\/000\/777\/993\/original\/AllenTXMemorial.png\" alt=\"\" width=\"45%\" align=\"right\" \/>Dina cara nu sarua y\u00e9n kuring geus dipelak nepi jeung t\u00e9hnologi, diajar kumaha carana make lab komputer di kelas 4, Kuring og\u00e9 geus dipelak nepi ka shootings massa keur kanyataanana ditarima tina pangalaman Am\u00e9rika. Abdi sadayana\u00a0<strong><em>hirup<\/em><\/strong>\u00a0geus ditandaan ku vigils lilin jeung drills jujur aktip, tapi euweuh parobahan substantive sabenerna nyalametkeun nyawa.<\/p>\n<p>Jigana nagara ieu kedah nyandak katingal panjang dina eunteung jeung sabenerna angka kaluar teu ngan kumaha carana nangtukeun jenis panyakitna masalah\u00a0<strong>*batuk*<\/strong>\u00a0reformasi gun\u00a0<strong>*batuk*<\/strong>, tapi og\u00e9, kumaha carana alamat isu kaayaan nu ngakibatkeun jalma bunuh kekerasan gun.<\/p>\n<p><strong>Akal sehat<\/strong><\/p>\n<p>T\u00e9t\u00e9la, akal sehat teu sakumaha biasa sakumaha ngaranna bakal ngakibatkeun kuring yakin. Kurangna hukum gun akal sehat di sakuliah nagara urang nunjukkeun y\u00e9n kira-kira satengah nagara urang, atanapi salah sahiji pajabat parpol anu kapilih, teu gaduh akal sehat. Abdi teu tiasa nyarios teu satuju kana pernyataan \u00e9ta.<\/p>\n<p>Sanaos naon anu anjeun pikahoyong ku politikus Republik, reformasi bedil akal sehat san\u00e9s bagian tina sababaraha sk\u00e9ma sosialis pikeun nyandak sadaya bedil. Nurutkeun a\u00a0<a href=\"https:\/\/iop.harvard.edu\/get-involved\/harvard-political-review\/vast-majority-americans-support-universal-background-checks?link_id=0&amp;can_id=8048c49112889d50aab7ea095738dc8d&amp;source=email-nebdemsnews-another-day-in-america&amp;email_referrer=&amp;email_subject=nebdemsnews-another-day-in-america-test\">Studi Harvard<\/a>, 83% nu boga gun jeung 72% anggota NRA sabenerna yakin dina common sense c\u00e9k tukang universal.<\/p>\n<p>Tapi upami kawijakan \u00e9ta populer pisan, naha \u00e9ta henteu lulus?<\/p>\n<p>Obrolan duit, sareng jelas-jelas ngagaleuh sora og\u00e9. NRA geus nyumbang jutaan dollar ka calon Republik luhur jeung ka handap kartu keur mere sora. Jelas PINO (pro-life in name only) memerhatikeun kasucian hirup NGAN lamun sakuna teu sangsara.<\/p>\n<p><strong>Ekstremisme - The Retak dina Yayasan Kami<\/strong><\/p>\n<p>The shooting massal panganyarna dina Allen ieu dipigaw\u00e9 ku lalaki ngora 33 taun heubeul anu &quot;epoused obsesi jeung kekerasan jeung ideologi extremist&quot;. Anjeunna ngagaduhan tato Nazi dina dadana sareng janten supremasi kulit bodas anu reueus - tapi, ekstremisme sareng terorisme domestik san\u00e9s masalah di nagara urang numutkeun Rep Don Bacon palsu.<\/p>\n<p><img decoding=\"async\" class=\"alignright\" title=\"\" src=\"https:\/\/actionnetwork.org\/s3_files\/uploads\/data\/000\/777\/995\/original\/MassShootingsGraph.png\" alt=\"\" width=\"50%\" align=\"right\" \/>Di sisi katuhu, urang ningali bagan anu ngadokumentasikeun fr\u00e9ku\u00e9nsi sareng parahna n\u00e9mbak massal salami sababaraha taun. Salaku gambar, aya hiji spidol geulis definitif dina kebangkitan shootings sakola sabudeureun 2015-2016. Hmmmm ... Kuring heran jalma nonjol naon spouting retorika ekstrimis sabudeureun waktu \u00e9ta mungkin geus sababaraha korelasi kana kana\u00e9kan kekerasan?<\/p>\n<p>Penembakan massal ieu mangrupikeun kajadian nalika para ekstremis nganggo kakuatan sareng gaduh platform. Naha \u00e9ta neo-Nazi minggu ieu, supremasi bodas anu narg\u00e9tkeun toko grosir Am\u00e9rika Afrika di Munding, New York, atanapi xenophobe anu ma\u00e9han 23 M\u00e9ksiko-Amerika di El Paso dina taun 2019, lonjakan kajahatan hate sayap katuhu nya\u00e9ta. teu bisa dipungkir.<\/p>\n<p>Pelaku di Munding sareng El Paso duanana nyebatkeun &quot;t\u00e9ori penggantian bodas&quot; Tucker Carlson, anu og\u00e9 parantos dirobih ku pamimpin GOP sapertos S\u00e9nator JD Vance sareng Ketua Kaukus Republik House Elise Stefanik.<\/p>\n<p>Aidan Scully nya\u00e9ta hiji\u00a0<a href=\"https:\/\/harvardpolitics.com\/alt-right-pipeline\/?link_id=1&amp;can_id=8048c49112889d50aab7ea095738dc8d&amp;source=email-nebdemsnews-another-day-in-america&amp;email_referrer=&amp;email_subject=nebdemsnews-another-day-in-america-test\">kontributor Harvard<\/a>\u00a0anu murag kana pipa alt-katuhu dina taun rumaja-na sareng nyarios kieu, &quot;Kawengku dina spiral alt-katuhu, kuring nyarios ka diri kuring y\u00e9n dunya salah ngartikeun kuring, padahal kanyataanna, kuring nemb\u00e9 neukteuk nyalira. Kas\u00e9hatan m\u00e9ntal kuring ngan ukur pulih nalika kuring lolos tina pipa.<\/p>\n<p>Ekstremis retorika ieu, sapertos Vance, Stefanik, Tucker Carlson, sareng tilas Pr\u00e9sid\u00e9n Donald Trump, sadayana ngamangpaatkeun ieu, mendakan jalma-jalma anu paling handap, motong aranjeunna tina kanyataan, sareng ngabom aranjeunna ku bohong pasis sareng kebencian.<\/p>\n<p>Nalika Republik ngaku &quot;kas\u00e9hatan m\u00e9ntal mangrupikeun masalah&quot;, aranjeunna kedah ningali dina eunteung. R\u00e9torika ekstremis sorangan mangrupikeun katalis sabagian ageung kekerasan ieu, sareng kedah aya akuntabilitas dina hal \u00e9ta upami nagara ieu serius pikeun nyalametkeun nyawa.<\/p>\n<h2>Sabudeureun Tanduk<\/h2>\n<p><u>Serial tukang bohong jeung Republik Congressman George Santos<\/u>\u00a0ieu boga muatan kalawan 13 cacah tina biaya f\u00e9deral. The New York Perwakilan boga, diantara hal s\u00e9j\u00e9n, ngabohong ngeunaan indungna dying di 9\/11, ngaku anjeunna Yahudi-ish; lain Yahudi, sarta pikeun nambahkeun catetan na, anjeunna ayeuna geus komitmen embezzlement, panipuan, laundering duit, jeung maling dana publik. GOP masih ayeuna ngamungkinkeun anjeunna ngawula di kantor.<\/p>\n<p><u>Urut Pr\u00e9sid\u00e9n Donald Trump<\/u>\u00a0nyandak kaca kaluar tina buku Santos &#039;, meunang muatan kalawan kajahatan sorangan minggu ieu! Tilas pr\u00e9sid\u00e9n sareng calon anu ayeuna dianggap nanggungjawaban kana serangan seksual aw\u00e9w\u00e9 anu ngaku anjeunna diperkosa anjeunna dina taun 1990-an. Sanaos Trump anu didakwa di dieu, kuring nyangka dakwaan anu nyata nya\u00e9ta ngeunaan serat moral partai Republik pikeun ngantepkeun perkosa \/ rasialis (henteu masalah cara dieja, duanana nerapkeun) janten wajah partaina.<\/p>\n<p><u>Dina warta s\u00e9j\u00e9n, Speaker DPR Kevin McCarthy<\/u>\u00a0nyepeng sakab\u00e9h \u00e9konomi global disandera ku teu raising siling hutang. McCarthy kedah ngadamel kons\u00e9si ka sisi katuhuna, dipimpin ku anu disangka pedofil Matt Gaetz, supados tiasa ngalaksanakeun perjanjian sareng tetep padamelan na. The ditahan-up ieu lumangsung alatan Gaetz ngan da\u00e9k mantuan siling hutang lamun sahandapeun $18.<\/p>\n<p><u><img fetchpriority=\"high\" decoding=\"async\" class=\"aligncenter\" title=\"\" src=\"https:\/\/actionnetwork.org\/s3_files\/uploads\/data\/000\/778\/002\/original\/AbortionISHealthcare.png\" alt=\"\" width=\"648\" height=\"286\" align=\"center\" \/><br \/>\n<\/u><\/p>\n<p><u>Pikeun ninggalkeun anjeun dina catetan alus<\/u>\u2013 aborsi nyaeta\u00a0<strong><em>tetep<\/em><\/strong>\u00a0l\u00e9gal di Nebraska! Sanaos usaha GOP pikeun ngaleungitkeun otonomi awak aw\u00e9w\u00e9. RUU \u00e9ta ayeuna parantos gandeng sareng LB574, UU &quot;Let Them Grow&quot;. RUU \u00e9ta bakal diperdebatkeun dina Salasa, 16 Mei. Upami mungkin\u2013 nunjukkeun solidaritas anjeun sareng ngadangukeun sora anjeun di Capitol dinten Salasa malem pikeun ngalawan kabijakan otoriter GOP.<\/p>\n<p><strong>Hatur nuhun pikeun maca!<\/strong><\/p>\n<p><a href=\"https:\/\/secure.actblue.com\/donate\/blueneb?link_id=2&amp;can_id=8048c49112889d50aab7ea095738dc8d&amp;source=email-nebdemsnews-another-day-in-america&amp;email_referrer=&amp;email_subject=nebdemsnews-another-day-in-america-test&amp;refcodeEmailReferrer=\"><strong>Punten pertimbangkeun janten donor bulanan pikeun p\u00e9sta nalika urang ngawangun nuju 2024!<\/strong><\/a><\/p>\n<p>Upami anjeun gaduh patarosan atanapi kom\u00e9ntar, mangga ngahubungi di\u00a0<a href=\"mailto:jack@nebraskademocrats.org\">jack@nebraskademocrats.org<\/a>.<\/p>\n<p>Sing salamet,<\/p>\n<p>Jack Schiewe<\/p>\n<p><img decoding=\"async\" class=\"alignleft\" title=\"\" src=\"https:\/\/actionnetwork.org\/s3_files\/uploads\/data\/000\/777\/997\/original\/Jack.png\" alt=\"\" width=\"109\" height=\"173\" align=\"left\" \/><\/p>\n<p>&nbsp;<\/p>\n<p>&nbsp;<\/p>\n<p>&nbsp;<\/p>","protected":false},"excerpt":{"rendered":"<p>Another Day in America That\u2019s what we\u2019ve chalked it up to now. This past Saturday, nine people died and ten more were injured in a mass shooting at a shopping mall in Allen, TX. Those who passed away include a pair of 8 and 11-year-old siblings, a 20-year-old college student, and a young family of &#8230; <a title=\"#NebDemsNews &#8211; Another Day in America\" class=\"read-more\" href=\"http:\/\/nebraskademocrats.org\/su\/blog\/nebdemsnews-another-day-in-america\/\" aria-label=\"More on #NebDemsNews &#8211; Another Day in America\">Maca deui<\/a><\/p>","protected":false},"author":25,"featured_media":0,"comment_status":"closed","ping_status":"closed","sticky":false,"template":"","format":"standard","meta":{"_acf_changed":false,"_exactmetrics_skip_tracking":false,"_exactmetrics_sitenote_active":false,"_exactmetrics_sitenote_note":"","_exactmetrics_sitenote_category":0,"footnotes":""},"categories":[1],"tags":[],"class_list":["post-42877","post","type-post","status-publish","format-standard","hentry","category-blog"],"acf":[],"yoast_head":"<!-- This site is optimized with the Yoast SEO plugin v27.4 - https:\/\/yoast.com\/product\/yoast-seo-wordpress\/ -->\n<title>#NebDemsNews - Another Day in America &#8211; Nebraska Democratic Party<\/title>\n<meta name=\"robots\" content=\"index, follow, max-snippet:-1, max-image-preview:large, max-video-preview:-1\" \/>\n<link rel=\"canonical\" href=\"http:\/\/nebraskademocrats.org\/su\/blog\/nebdemsnews-another-day-in-america\/\" \/>\n<meta property=\"og:locale\" content=\"en_US\" \/>\n<meta property=\"og:type\" content=\"article\" \/>\n<meta property=\"og:title\" content=\"#NebDemsNews - Another Day in America &#8211; Nebraska Democratic Party\" \/>\n<meta property=\"og:description\" content=\"Another Day in America That\u2019s what we\u2019ve chalked it up to now. This past Saturday, nine people died and ten more were injured in a mass shooting at a shopping mall in Allen, TX. Those who passed away include a pair of 8 and 11-year-old siblings, a 20-year-old college student, and a young family of ... Read more\" \/>\n<meta property=\"og:url\" content=\"http:\/\/nebraskademocrats.org\/su\/blog\/nebdemsnews-another-day-in-america\/\" \/>\n<meta property=\"og:site_name\" content=\"Nebraska Democratic Party\" \/>\n<meta property=\"article:publisher\" content=\"https:\/\/www.facebook.com\/NebraskaDemocraticParty\/\" \/>\n<meta property=\"article:published_time\" content=\"2023-05-12T18:17:28+00:00\" \/>\n<meta property=\"og:image\" content=\"https:\/\/actionnetwork.org\/s3_files\/uploads\/data\/000\/777\/993\/original\/AllenTXMemorial.png\" \/>\n<meta name=\"author\" content=\"Gina Frank\" \/>\n<meta name=\"twitter:card\" content=\"summary_large_image\" \/>\n<meta name=\"twitter:creator\" content=\"@nebraskadems\" \/>\n<meta name=\"twitter:site\" content=\"@nebraskadems\" \/>\n<meta name=\"twitter:label1\" content=\"Written by\" \/>\n\t<meta name=\"twitter:data1\" content=\"Gina Frank\" \/>\n\t<meta name=\"twitter:label2\" content=\"Est. reading time\" \/>\n\t<meta name=\"twitter:data2\" content=\"6 minutes\" \/>\n<script type=\"application\/ld+json\" class=\"yoast-schema-graph\">{\"@context\":\"https:\\\/\\\/schema.org\",\"@graph\":[{\"@type\":\"Article\",\"@id\":\"http:\\\/\\\/nebraskademocrats.org\\\/zh\\\/blog\\\/nebdemsnews-another-day-in-america\\\/#article\",\"isPartOf\":{\"@id\":\"http:\\\/\\\/nebraskademocrats.org\\\/zh\\\/blog\\\/nebdemsnews-another-day-in-america\\\/\"},\"author\":{\"name\":\"Gina Frank\",\"@id\":\"https:\\\/\\\/nebraskademocrats.org\\\/#\\\/schema\\\/person\\\/1adbda838587994c014170c6b52f922d\"},\"headline\":\"#NebDemsNews &#8211; Another Day in America\",\"datePublished\":\"2023-05-12T18:17:28+00:00\",\"mainEntityOfPage\":{\"@id\":\"http:\\\/\\\/nebraskademocrats.org\\\/zh\\\/blog\\\/nebdemsnews-another-day-in-america\\\/\"},\"wordCount\":1085,\"publisher\":{\"@id\":\"https:\\\/\\\/nebraskademocrats.org\\\/#organization\"},\"image\":{\"@id\":\"http:\\\/\\\/nebraskademocrats.org\\\/zh\\\/blog\\\/nebdemsnews-another-day-in-america\\\/#primaryimage\"},\"thumbnailUrl\":\"https:\\\/\\\/actionnetwork.org\\\/s3_files\\\/uploads\\\/data\\\/000\\\/777\\\/993\\\/original\\\/AllenTXMemorial.png\",\"articleSection\":[\"NDP Blog\"],\"inLanguage\":\"su\"},{\"@type\":\"WebPage\",\"@id\":\"http:\\\/\\\/nebraskademocrats.org\\\/zh\\\/blog\\\/nebdemsnews-another-day-in-america\\\/\",\"url\":\"http:\\\/\\\/nebraskademocrats.org\\\/zh\\\/blog\\\/nebdemsnews-another-day-in-america\\\/\",\"name\":\"#NebDemsNews - Another Day in America &#8211; Nebraska Democratic Party\",\"isPartOf\":{\"@id\":\"https:\\\/\\\/nebraskademocrats.org\\\/#website\"},\"primaryImageOfPage\":{\"@id\":\"http:\\\/\\\/nebraskademocrats.org\\\/zh\\\/blog\\\/nebdemsnews-another-day-in-america\\\/#primaryimage\"},\"image\":{\"@id\":\"http:\\\/\\\/nebraskademocrats.org\\\/zh\\\/blog\\\/nebdemsnews-another-day-in-america\\\/#primaryimage\"},\"thumbnailUrl\":\"https:\\\/\\\/actionnetwork.org\\\/s3_files\\\/uploads\\\/data\\\/000\\\/777\\\/993\\\/original\\\/AllenTXMemorial.png\",\"datePublished\":\"2023-05-12T18:17:28+00:00\",\"breadcrumb\":{\"@id\":\"http:\\\/\\\/nebraskademocrats.org\\\/zh\\\/blog\\\/nebdemsnews-another-day-in-america\\\/#breadcrumb\"},\"inLanguage\":\"su\",\"potentialAction\":[{\"@type\":\"ReadAction\",\"target\":[\"http:\\\/\\\/nebraskademocrats.org\\\/zh\\\/blog\\\/nebdemsnews-another-day-in-america\\\/\"]}]},{\"@type\":\"ImageObject\",\"inLanguage\":\"su\",\"@id\":\"http:\\\/\\\/nebraskademocrats.org\\\/zh\\\/blog\\\/nebdemsnews-another-day-in-america\\\/#primaryimage\",\"url\":\"https:\\\/\\\/actionnetwork.org\\\/s3_files\\\/uploads\\\/data\\\/000\\\/777\\\/993\\\/original\\\/AllenTXMemorial.png\",\"contentUrl\":\"https:\\\/\\\/actionnetwork.org\\\/s3_files\\\/uploads\\\/data\\\/000\\\/777\\\/993\\\/original\\\/AllenTXMemorial.png\"},{\"@type\":\"BreadcrumbList\",\"@id\":\"http:\\\/\\\/nebraskademocrats.org\\\/zh\\\/blog\\\/nebdemsnews-another-day-in-america\\\/#breadcrumb\",\"itemListElement\":[{\"@type\":\"ListItem\",\"position\":1,\"name\":\"Home\",\"item\":\"https:\\\/\\\/nebraskademocrats.org\\\/\"},{\"@type\":\"ListItem\",\"position\":2,\"name\":\"#NebDemsNews &#8211; Another Day in America\"}]},{\"@type\":\"WebSite\",\"@id\":\"https:\\\/\\\/nebraskademocrats.org\\\/#website\",\"url\":\"https:\\\/\\\/nebraskademocrats.org\\\/\",\"name\":\"Nebraska Democratic Party\",\"description\":\"Growing the Good Life for All Nebraskans\",\"publisher\":{\"@id\":\"https:\\\/\\\/nebraskademocrats.org\\\/#organization\"},\"potentialAction\":[{\"@type\":\"SearchAction\",\"target\":{\"@type\":\"EntryPoint\",\"urlTemplate\":\"https:\\\/\\\/nebraskademocrats.org\\\/?s={search_term_string}\"},\"query-input\":{\"@type\":\"PropertyValueSpecification\",\"valueRequired\":true,\"valueName\":\"search_term_string\"}}],\"inLanguage\":\"su\"},{\"@type\":\"Organization\",\"@id\":\"https:\\\/\\\/nebraskademocrats.org\\\/#organization\",\"name\":\"Nebraska Democratic Party\",\"url\":\"https:\\\/\\\/nebraskademocrats.org\\\/\",\"logo\":{\"@type\":\"ImageObject\",\"inLanguage\":\"su\",\"@id\":\"https:\\\/\\\/nebraskademocrats.org\\\/#\\\/schema\\\/logo\\\/image\\\/\",\"url\":\"https:\\\/\\\/nebraskadem.wpenginepowered.com\\\/wp-content\\\/uploads\\\/2016\\\/05\\\/NDP2.jpg\",\"contentUrl\":\"https:\\\/\\\/nebraskadem.wpenginepowered.com\\\/wp-content\\\/uploads\\\/2016\\\/05\\\/NDP2.jpg\",\"width\":1000,\"height\":396,\"caption\":\"Nebraska Democratic Party\"},\"image\":{\"@id\":\"https:\\\/\\\/nebraskademocrats.org\\\/#\\\/schema\\\/logo\\\/image\\\/\"},\"sameAs\":[\"https:\\\/\\\/www.facebook.com\\\/NebraskaDemocraticParty\\\/\",\"https:\\\/\\\/x.com\\\/nebraskadems\"]},{\"@type\":\"Person\",\"@id\":\"https:\\\/\\\/nebraskademocrats.org\\\/#\\\/schema\\\/person\\\/1adbda838587994c014170c6b52f922d\",\"name\":\"Gina Frank\",\"image\":{\"@type\":\"ImageObject\",\"inLanguage\":\"su\",\"@id\":\"https:\\\/\\\/secure.gravatar.com\\\/avatar\\\/dffc4c14f395d6dab2f0f83ae204a543f6fa6cbac7c6c1ac9153a90925f313f0?s=96&d=mm&r=g\",\"url\":\"https:\\\/\\\/secure.gravatar.com\\\/avatar\\\/dffc4c14f395d6dab2f0f83ae204a543f6fa6cbac7c6c1ac9153a90925f313f0?s=96&d=mm&r=g\",\"contentUrl\":\"https:\\\/\\\/secure.gravatar.com\\\/avatar\\\/dffc4c14f395d6dab2f0f83ae204a543f6fa6cbac7c6c1ac9153a90925f313f0?s=96&d=mm&r=g\",\"caption\":\"Gina Frank\"}}]}<\/script>\n<!-- \/ Yoast SEO plugin. -->","yoast_head_json":{"title":"#NebDemsNews - Another Day in America &#8211; Nebraska Democratic Party","robots":{"index":"index","follow":"follow","max-snippet":"max-snippet:-1","max-image-preview":"max-image-preview:large","max-video-preview":"max-video-preview:-1"},"canonical":"http:\/\/nebraskademocrats.org\/su\/blog\/nebdemsnews-another-day-in-america\/","og_locale":"en_US","og_type":"article","og_title":"#NebDemsNews - Another Day in America &#8211; Nebraska Democratic Party","og_description":"Another Day in America That\u2019s what we\u2019ve chalked it up to now. This past Saturday, nine people died and ten more were injured in a mass shooting at a shopping mall in Allen, TX. Those who passed away include a pair of 8 and 11-year-old siblings, a 20-year-old college student, and a young family of ... Read more","og_url":"http:\/\/nebraskademocrats.org\/su\/blog\/nebdemsnews-another-day-in-america\/","og_site_name":"Nebraska Democratic Party","article_publisher":"https:\/\/www.facebook.com\/NebraskaDemocraticParty\/","article_published_time":"2023-05-12T18:17:28+00:00","og_image":[{"url":"https:\/\/actionnetwork.org\/s3_files\/uploads\/data\/000\/777\/993\/original\/AllenTXMemorial.png","type":"","width":"","height":""}],"author":"Gina Frank","twitter_card":"summary_large_image","twitter_creator":"@nebraskadems","twitter_site":"@nebraskadems","twitter_misc":{"Written by":"Gina Frank","Est. reading time":"6 minutes"},"schema":{"@context":"https:\/\/schema.org","@graph":[{"@type":"Article","@id":"http:\/\/nebraskademocrats.org\/zh\/blog\/nebdemsnews-another-day-in-america\/#article","isPartOf":{"@id":"http:\/\/nebraskademocrats.org\/zh\/blog\/nebdemsnews-another-day-in-america\/"},"author":{"name":"Gina Frank","@id":"https:\/\/nebraskademocrats.org\/#\/schema\/person\/1adbda838587994c014170c6b52f922d"},"headline":"#NebDemsNews &#8211; Another Day in America","datePublished":"2023-05-12T18:17:28+00:00","mainEntityOfPage":{"@id":"http:\/\/nebraskademocrats.org\/zh\/blog\/nebdemsnews-another-day-in-america\/"},"wordCount":1085,"publisher":{"@id":"https:\/\/nebraskademocrats.org\/#organization"},"image":{"@id":"http:\/\/nebraskademocrats.org\/zh\/blog\/nebdemsnews-another-day-in-america\/#primaryimage"},"thumbnailUrl":"https:\/\/actionnetwork.org\/s3_files\/uploads\/data\/000\/777\/993\/original\/AllenTXMemorial.png","articleSection":["NDP Blog"],"inLanguage":"su"},{"@type":"WebPage","@id":"http:\/\/nebraskademocrats.org\/zh\/blog\/nebdemsnews-another-day-in-america\/","url":"http:\/\/nebraskademocrats.org\/zh\/blog\/nebdemsnews-another-day-in-america\/","name":"#NebDemsNews - Another Day in America &#8211; Nebraska Democratic Party","isPartOf":{"@id":"https:\/\/nebraskademocrats.org\/#website"},"primaryImageOfPage":{"@id":"http:\/\/nebraskademocrats.org\/zh\/blog\/nebdemsnews-another-day-in-america\/#primaryimage"},"image":{"@id":"http:\/\/nebraskademocrats.org\/zh\/blog\/nebdemsnews-another-day-in-america\/#primaryimage"},"thumbnailUrl":"https:\/\/actionnetwork.org\/s3_files\/uploads\/data\/000\/777\/993\/original\/AllenTXMemorial.png","datePublished":"2023-05-12T18:17:28+00:00","breadcrumb":{"@id":"http:\/\/nebraskademocrats.org\/zh\/blog\/nebdemsnews-another-day-in-america\/#breadcrumb"},"inLanguage":"su","potentialAction":[{"@type":"ReadAction","target":["http:\/\/nebraskademocrats.org\/zh\/blog\/nebdemsnews-another-day-in-america\/"]}]},{"@type":"ImageObject","inLanguage":"su","@id":"http:\/\/nebraskademocrats.org\/zh\/blog\/nebdemsnews-another-day-in-america\/#primaryimage","url":"https:\/\/actionnetwork.org\/s3_files\/uploads\/data\/000\/777\/993\/original\/AllenTXMemorial.png","contentUrl":"https:\/\/actionnetwork.org\/s3_files\/uploads\/data\/000\/777\/993\/original\/AllenTXMemorial.png"},{"@type":"BreadcrumbList","@id":"http:\/\/nebraskademocrats.org\/zh\/blog\/nebdemsnews-another-day-in-america\/#breadcrumb","itemListElement":[{"@type":"ListItem","position":1,"name":"Home","item":"https:\/\/nebraskademocrats.org\/"},{"@type":"ListItem","position":2,"name":"#NebDemsNews &#8211; Another Day in America"}]},{"@type":"WebSite","@id":"https:\/\/nebraskademocrats.org\/#website","url":"https:\/\/nebraskademocrats.org\/","name":"Nebraska Democratic Party","description":"Tumuwuh Kahirupan Anu Sa\u00e9 pikeun Sadayana Nebraskan","publisher":{"@id":"https:\/\/nebraskademocrats.org\/#organization"},"potentialAction":[{"@type":"SearchAction","target":{"@type":"EntryPoint","urlTemplate":"https:\/\/nebraskademocrats.org\/?s={search_term_string}"},"query-input":{"@type":"PropertyValueSpecification","valueRequired":true,"valueName":"search_term_string"}}],"inLanguage":"su"},{"@type":"Organization","@id":"https:\/\/nebraskademocrats.org\/#organization","name":"Nebraska Democratic Party","url":"https:\/\/nebraskademocrats.org\/","logo":{"@type":"ImageObject","inLanguage":"su","@id":"https:\/\/nebraskademocrats.org\/#\/schema\/logo\/image\/","url":"https:\/\/nebraskadem.wpenginepowered.com\/wp-content\/uploads\/2016\/05\/NDP2.jpg","contentUrl":"https:\/\/nebraskadem.wpenginepowered.com\/wp-content\/uploads\/2016\/05\/NDP2.jpg","width":1000,"height":396,"caption":"Nebraska Democratic Party"},"image":{"@id":"https:\/\/nebraskademocrats.org\/#\/schema\/logo\/image\/"},"sameAs":["https:\/\/www.facebook.com\/NebraskaDemocraticParty\/","https:\/\/x.com\/nebraskadems"]},{"@type":"Person","@id":"https:\/\/nebraskademocrats.org\/#\/schema\/person\/1adbda838587994c014170c6b52f922d","name":"Gina Frank","image":{"@type":"ImageObject","inLanguage":"su","@id":"https:\/\/secure.gravatar.com\/avatar\/dffc4c14f395d6dab2f0f83ae204a543f6fa6cbac7c6c1ac9153a90925f313f0?s=96&d=mm&r=g","url":"https:\/\/secure.gravatar.com\/avatar\/dffc4c14f395d6dab2f0f83ae204a543f6fa6cbac7c6c1ac9153a90925f313f0?s=96&d=mm&r=g","contentUrl":"https:\/\/secure.gravatar.com\/avatar\/dffc4c14f395d6dab2f0f83ae204a543f6fa6cbac7c6c1ac9153a90925f313f0?s=96&d=mm&r=g","caption":"Gina Frank"}}]}},"_links":{"self":[{"href":"http:\/\/nebraskademocrats.org\/su\/wp-json\/wp\/v2\/posts\/42877","targetHints":{"allow":["GET"]}}],"collection":[{"href":"http:\/\/nebraskademocrats.org\/su\/wp-json\/wp\/v2\/posts"}],"about":[{"href":"http:\/\/nebraskademocrats.org\/su\/wp-json\/wp\/v2\/types\/post"}],"author":[{"embeddable":true,"href":"http:\/\/nebraskademocrats.org\/su\/wp-json\/wp\/v2\/users\/25"}],"replies":[{"embeddable":true,"href":"http:\/\/nebraskademocrats.org\/su\/wp-json\/wp\/v2\/comments?post=42877"}],"version-history":[{"count":0,"href":"http:\/\/nebraskademocrats.org\/su\/wp-json\/wp\/v2\/posts\/42877\/revisions"}],"wp:attachment":[{"href":"http:\/\/nebraskademocrats.org\/su\/wp-json\/wp\/v2\/media?parent=42877"}],"wp:term":[{"taxonomy":"category","embeddable":true,"href":"http:\/\/nebraskademocrats.org\/su\/wp-json\/wp\/v2\/categories?post=42877"},{"taxonomy":"post_tag","embeddable":true,"href":"http:\/\/nebraskademocrats.org\/su\/wp-json\/wp\/v2\/tags?post=42877"}],"curies":[{"name":"wp","href":"https:\/\/api.w.org\/{rel}","templated":true}]}}