{"id":43951,"date":"2023-07-18T12:39:47","date_gmt":"2023-07-18T17:39:47","guid":{"rendered":"https:\/\/nebraskadem.wpenginepowered.com\/?p=43951"},"modified":"2023-07-18T12:39:47","modified_gmt":"2023-07-18T17:39:47","slug":"press-release-vargas-joins-workers-families-and-advocates-to-launch-paid-sick-leave-campaign","status":"publish","type":"post","link":"http:\/\/nebraskademocrats.org\/su\/blog\/press-release-vargas-joins-workers-families-and-advocates-to-launch-paid-sick-leave-campaign\/","title":{"rendered":"Press Release: Vargas ngagabung pagaw\u00e9, kulawarga, sareng ngabela pikeun ngaluncurkeun kampanye Cuti Sakit Dibayar\u00a0"},"content":{"rendered":"<blockquote>\n<div>\n<div dir=\"ltr\">\n<p dir=\"ltr\"><img decoding=\"async\" class=\"CToWUd a6T aligncenter\" tabindex=\"0\" src=\"https:\/\/lh3.googleusercontent.com\/RPrzMGomEfnZxkRvx7RsVBGV11qWDKcng4dNsZVUCCbuZO_PJ-WuLqxxI10t3whEtnQzVc8SFu5Wdn63fZFzEODuYUtbA_l0LxI6yfPyC6KpCgOLsuC9nZGdS8RcPgDtRG2k_OUBCZ7cXnarWkDTMA\" width=\"263\" height=\"161\" data-bit=\"iit\" \/><\/p>\n<p dir=\"ltr\">Pikeun ngarilis langsung: Salasa, 18 Juli 2023<br \/>\nKontak: Meg Mandy, Manajer Kampanye<br \/>\n<a href=\"mailto:meg@vargasfornebraska.com\" target=\"_blank\" rel=\"noopener\">meg@vargasfornebraska.com<\/a><\/p>\n<div>Vargas ngagabung sareng pagaw\u00e9, kulawarga, sareng ngabela pikeun ngaluncurkeun kampanye Cuti Sakit Dibayar<\/div>\n<div><\/div>\n<div>Omaha, Nebr. - Dinten, S\u00e9nator Tony Vargas ngagabung kamar pinuh ku pagawe, kulawarga, sarta ngabela nalika aranjeunna meluncurkan prakarsa kartu keur mere sora pikeun cuti gering mayar pikeun Nebraskans:<\/div>\n<div>&quot;Salam sababaraha taun, kuring parantos berjuang pikeun sadaya pagaw\u00e9 ngagaduhan aks\u00e9s kana cuti sakit sareng aman sareng cuti kulawarga anu dibayar. Salaku bapa anu damel, abdi terang kumaha pentingna tiasa ngarawat murangkalih nalika aranjeunna gering. Pagawe henteu kedah hariwang y\u00e9n miara kulawarga atanapi nyalira bakal ngarugikeun padamelan atanapi panghasilanana.<\/div>\n<div>Dina 2021, S\u00e9nator Vargas diwanohkeun <a href=\"https:\/\/nebraskalegislature.gov\/bills\/view_bill.php?DocumentID=44067\" target=\"_blank\" rel=\"noopener\" data-saferedirecturl=\"https:\/\/www.google.com\/url?q=https:\/\/nebraskalegislature.gov\/bills\/view_bill.php?DocumentID%3D44067&amp;source=gmail&amp;ust=1689786939447000&amp;usg=AOvVaw0Fq9iDBnQkteaGbQbBIHn4\">LB258<\/a>, UU Keluarga Sehat sareng Aman sareng Tempat Gaw. Anjeunna og\u00e9 parantos ngadukung tagihan di legislatif salami mangtaun-taun pikeun ngadegkeun cuti kulawarga anu dibayar.<\/p>\n<\/div>\n<p dir=\"ltr\">\nNgeunaan Tony<\/p>\n<p dir=\"ltr\">Tony Vargas geus ngalayanan Nebraskans salaku pajabat kapilih pikeun ampir dasawarsa. Tony diajar nilai-nilai komunitas, kerja keras, sareng katekunan ti kolotna, anu, ti mimiti anu hina, ngorbankeun sadayana pikeun masihan kasempetan pikeun murangkalih pikeun masa depan anu langkung cerah. Henteu masalah kumaha sibukna kulawarga \u00e9ta, aranjeunna tuang siang babarengan unggal wengi, dimana kolotna ngadorong Tony pikeun &quot;tetep di bumi, tapi ngahontal b\u00e9ntang.&quot;<\/p>\n<p dir=\"ltr\">Tony devoted karirna pikeun layanan publik sarta ngaronjatkeun kasempetan pikeun sakab\u00e9h Nebraskans. Anjeunna parantos ngalayanan komunitas urang ti saprak 2013, mimiti salaku anggota Dewan Sakola Umum Omaha teras janten anggota Legislatif Nebraska. Salaku s\u00e9nator a, Tony geus ngembangkeun hiji reputasi pikeun civility sarta gaw\u00e9 bareng saha pikeun meunangkeun hal dipigaw\u00e9 pikeun pagawe Nebraska jeung usaha leutik.<\/p>\n<p dir=\"ltr\">Anjeunna parantos suks\u00e9s ngaluluskeun undang-undang pikeun nguatkeun sakola umum urang, ningkatkeun aks\u00e9s ka kasehatan, nyorong t\u00e9knologi sareng inovasi, sareng ningkatkeun panyalindungan konsumen.<\/p>\n<p dir=\"ltr\">Tony ngamimitian karirna salaku guru sakola umum, nampi panghargaan &quot;Guru Paling Pinunjul&quot; sareng &quot;Guru Taun&quot;, sareng parantos damel di s\u00e9ktor nirlaba sareng pendidikan, nar\u00e9kahan pikeun ningkatkeun kualitas kahirupan sareng kasempetan pendidikan pikeun r\u00e9buan. barudak di sakuliah Am\u00e9rika Serikat.<\/p>\n<p dir=\"ltr\">Generasi munggaran kulawargana anu lulus kuliah, Tony nampi gelar Bachelors of Arts di Universitas Rochester sareng Masters in Education di Pace University. Tony sareng pamajikanana, Lauren, ngasuh dua budakna, Ava sareng Luca, di Omaha. Aranjeunna parishioners Bangga Gar\u00e9ja St Frances Cabrini, dimana Tony jeung Lauren anu nikah.<\/p>\n<p dir=\"ltr\">Kanggo inpo nu leuwih lengkep, mangga buka <a href=\"http:\/\/vargasfornebraska.com\/\" target=\"_blank\" rel=\"noopener\" data-saferedirecturl=\"https:\/\/www.google.com\/url?q=http:\/\/vargasfornebraska.com\/&amp;source=gmail&amp;ust=1689786939448000&amp;usg=AOvVaw0ACAk6NppDenHlTpuf1MU8\">vargasfornebraska.com<\/a>. Pikeun gambar resolusi luhur Tony, klik <a href=\"https:\/\/www.vargasfornebraska.com\/img\/_2160xAUTO_crop_center-center_none\/tonyvargas-photos-home@2x.jpg\" target=\"_blank\" rel=\"noopener\" data-saferedirecturl=\"https:\/\/www.google.com\/url?q=https:\/\/www.vargasfornebraska.com\/img\/_2160xAUTO_crop_center-center_none\/tonyvargas-photos-home@2x.jpg&amp;source=gmail&amp;ust=1689786939448000&amp;usg=AOvVaw1zSVwtvbXKAojDE01rLzBr\">Ieuh<\/a>.<\/p>\n<p dir=\"ltr\" style=\"text-align: center;\">###<\/p>\n<\/div>\n<\/div>\n<\/blockquote>","protected":false},"excerpt":{"rendered":"<p>FOR IMMEDIATE RELEASE: Tuesday, July 18, 2023 Contact: Meg Mandy, Campaign Manager meg@vargasfornebraska.com Vargas joins workers, families, and advocates to launch Paid Sick Leave campaign Omaha, Neb. &#8212; Today, Senator Tony Vargas joined a room full of workers, families, and advocates as they launched a ballot initiative for paid sick leave for Nebraskans: \u201cFor years, &#8230; <a title=\"Press Release: Vargas ngagabung pagaw\u00e9, kulawarga, sareng ngabela pikeun ngaluncurkeun kampanye Cuti Sakit Dibayar\u00a0\" class=\"read-more\" href=\"http:\/\/nebraskademocrats.org\/su\/blog\/press-release-vargas-joins-workers-families-and-advocates-to-launch-paid-sick-leave-campaign\/\" aria-label=\"More on Press Release: Vargas joins workers, families, and advocates to launch Paid Sick Leave campaign\u00a0\">Maca deui<\/a><\/p>","protected":false},"author":25,"featured_media":0,"comment_status":"closed","ping_status":"closed","sticky":false,"template":"","format":"standard","meta":{"_acf_changed":false,"_exactmetrics_skip_tracking":false,"_exactmetrics_sitenote_active":false,"_exactmetrics_sitenote_note":"","_exactmetrics_sitenote_category":0,"footnotes":""},"categories":[1],"tags":[],"class_list":["post-43951","post","type-post","status-publish","format-standard","hentry","category-blog"],"acf":[],"yoast_head":"<!-- This site is optimized with the Yoast SEO plugin v27.4 - https:\/\/yoast.com\/product\/yoast-seo-wordpress\/ -->\n<title>Press Release: Vargas joins workers, families, and advocates to launch Paid Sick Leave campaign\u00a0 &#8211; Nebraska Democratic Party<\/title>\n<meta name=\"robots\" content=\"index, follow, max-snippet:-1, max-image-preview:large, max-video-preview:-1\" \/>\n<link rel=\"canonical\" href=\"http:\/\/nebraskademocrats.org\/su\/blog\/press-release-vargas-joins-workers-families-and-advocates-to-launch-paid-sick-leave-campaign\/\" \/>\n<meta property=\"og:locale\" content=\"en_US\" \/>\n<meta property=\"og:type\" content=\"article\" \/>\n<meta property=\"og:title\" content=\"Press Release: Vargas joins workers, families, and advocates to launch Paid Sick Leave campaign\u00a0 &#8211; Nebraska Democratic Party\" \/>\n<meta property=\"og:description\" content=\"FOR IMMEDIATE RELEASE: Tuesday, July 18, 2023 Contact: Meg Mandy, Campaign Manager meg@vargasfornebraska.com Vargas joins workers, families, and advocates to launch Paid Sick Leave campaign Omaha, Neb. &#8212; Today, Senator Tony Vargas joined a room full of workers, families, and advocates as they launched a ballot initiative for paid sick leave for Nebraskans: \u201cFor years, ... Read more\" \/>\n<meta property=\"og:url\" content=\"http:\/\/nebraskademocrats.org\/su\/blog\/press-release-vargas-joins-workers-families-and-advocates-to-launch-paid-sick-leave-campaign\/\" \/>\n<meta property=\"og:site_name\" content=\"Nebraska Democratic Party\" \/>\n<meta property=\"article:publisher\" content=\"https:\/\/www.facebook.com\/NebraskaDemocraticParty\/\" \/>\n<meta property=\"article:published_time\" content=\"2023-07-18T17:39:47+00:00\" \/>\n<meta property=\"og:image\" content=\"https:\/\/lh3.googleusercontent.com\/RPrzMGomEfnZxkRvx7RsVBGV11qWDKcng4dNsZVUCCbuZO_PJ-WuLqxxI10t3whEtnQzVc8SFu5Wdn63fZFzEODuYUtbA_l0LxI6yfPyC6KpCgOLsuC9nZGdS8RcPgDtRG2k_OUBCZ7cXnarWkDTMA\" \/>\n<meta name=\"author\" content=\"Gina Frank\" \/>\n<meta name=\"twitter:card\" content=\"summary_large_image\" \/>\n<meta name=\"twitter:creator\" content=\"@nebraskadems\" \/>\n<meta name=\"twitter:site\" content=\"@nebraskadems\" \/>\n<meta name=\"twitter:label1\" content=\"Written by\" \/>\n\t<meta name=\"twitter:data1\" content=\"Gina Frank\" \/>\n<script type=\"application\/ld+json\" class=\"yoast-schema-graph\">{\"@context\":\"https:\\\/\\\/schema.org\",\"@graph\":[{\"@type\":\"Article\",\"@id\":\"http:\\\/\\\/nebraskademocrats.org\\\/zh\\\/blog\\\/press-release-vargas-joins-workers-families-and-advocates-to-launch-paid-sick-leave-campaign\\\/#article\",\"isPartOf\":{\"@id\":\"http:\\\/\\\/nebraskademocrats.org\\\/zh\\\/blog\\\/press-release-vargas-joins-workers-families-and-advocates-to-launch-paid-sick-leave-campaign\\\/\"},\"author\":{\"name\":\"Gina Frank\",\"@id\":\"https:\\\/\\\/nebraskademocrats.org\\\/#\\\/schema\\\/person\\\/1adbda838587994c014170c6b52f922d\"},\"headline\":\"Press Release: Vargas joins workers, families, and advocates to launch Paid Sick Leave campaign\u00a0\",\"datePublished\":\"2023-07-18T17:39:47+00:00\",\"mainEntityOfPage\":{\"@id\":\"http:\\\/\\\/nebraskademocrats.org\\\/zh\\\/blog\\\/press-release-vargas-joins-workers-families-and-advocates-to-launch-paid-sick-leave-campaign\\\/\"},\"wordCount\":435,\"publisher\":{\"@id\":\"https:\\\/\\\/nebraskademocrats.org\\\/#organization\"},\"image\":{\"@id\":\"http:\\\/\\\/nebraskademocrats.org\\\/zh\\\/blog\\\/press-release-vargas-joins-workers-families-and-advocates-to-launch-paid-sick-leave-campaign\\\/#primaryimage\"},\"thumbnailUrl\":\"https:\\\/\\\/lh3.googleusercontent.com\\\/RPrzMGomEfnZxkRvx7RsVBGV11qWDKcng4dNsZVUCCbuZO_PJ-WuLqxxI10t3whEtnQzVc8SFu5Wdn63fZFzEODuYUtbA_l0LxI6yfPyC6KpCgOLsuC9nZGdS8RcPgDtRG2k_OUBCZ7cXnarWkDTMA\",\"articleSection\":[\"NDP Blog\"],\"inLanguage\":\"su\"},{\"@type\":\"WebPage\",\"@id\":\"http:\\\/\\\/nebraskademocrats.org\\\/zh\\\/blog\\\/press-release-vargas-joins-workers-families-and-advocates-to-launch-paid-sick-leave-campaign\\\/\",\"url\":\"http:\\\/\\\/nebraskademocrats.org\\\/zh\\\/blog\\\/press-release-vargas-joins-workers-families-and-advocates-to-launch-paid-sick-leave-campaign\\\/\",\"name\":\"Press Release: Vargas joins workers, families, and advocates to launch Paid Sick Leave campaign\u00a0 &#8211; Nebraska Democratic Party\",\"isPartOf\":{\"@id\":\"https:\\\/\\\/nebraskademocrats.org\\\/#website\"},\"primaryImageOfPage\":{\"@id\":\"http:\\\/\\\/nebraskademocrats.org\\\/zh\\\/blog\\\/press-release-vargas-joins-workers-families-and-advocates-to-launch-paid-sick-leave-campaign\\\/#primaryimage\"},\"image\":{\"@id\":\"http:\\\/\\\/nebraskademocrats.org\\\/zh\\\/blog\\\/press-release-vargas-joins-workers-families-and-advocates-to-launch-paid-sick-leave-campaign\\\/#primaryimage\"},\"thumbnailUrl\":\"https:\\\/\\\/lh3.googleusercontent.com\\\/RPrzMGomEfnZxkRvx7RsVBGV11qWDKcng4dNsZVUCCbuZO_PJ-WuLqxxI10t3whEtnQzVc8SFu5Wdn63fZFzEODuYUtbA_l0LxI6yfPyC6KpCgOLsuC9nZGdS8RcPgDtRG2k_OUBCZ7cXnarWkDTMA\",\"datePublished\":\"2023-07-18T17:39:47+00:00\",\"breadcrumb\":{\"@id\":\"http:\\\/\\\/nebraskademocrats.org\\\/zh\\\/blog\\\/press-release-vargas-joins-workers-families-and-advocates-to-launch-paid-sick-leave-campaign\\\/#breadcrumb\"},\"inLanguage\":\"su\",\"potentialAction\":[{\"@type\":\"ReadAction\",\"target\":[\"http:\\\/\\\/nebraskademocrats.org\\\/zh\\\/blog\\\/press-release-vargas-joins-workers-families-and-advocates-to-launch-paid-sick-leave-campaign\\\/\"]}]},{\"@type\":\"ImageObject\",\"inLanguage\":\"su\",\"@id\":\"http:\\\/\\\/nebraskademocrats.org\\\/zh\\\/blog\\\/press-release-vargas-joins-workers-families-and-advocates-to-launch-paid-sick-leave-campaign\\\/#primaryimage\",\"url\":\"https:\\\/\\\/lh3.googleusercontent.com\\\/RPrzMGomEfnZxkRvx7RsVBGV11qWDKcng4dNsZVUCCbuZO_PJ-WuLqxxI10t3whEtnQzVc8SFu5Wdn63fZFzEODuYUtbA_l0LxI6yfPyC6KpCgOLsuC9nZGdS8RcPgDtRG2k_OUBCZ7cXnarWkDTMA\",\"contentUrl\":\"https:\\\/\\\/lh3.googleusercontent.com\\\/RPrzMGomEfnZxkRvx7RsVBGV11qWDKcng4dNsZVUCCbuZO_PJ-WuLqxxI10t3whEtnQzVc8SFu5Wdn63fZFzEODuYUtbA_l0LxI6yfPyC6KpCgOLsuC9nZGdS8RcPgDtRG2k_OUBCZ7cXnarWkDTMA\"},{\"@type\":\"BreadcrumbList\",\"@id\":\"http:\\\/\\\/nebraskademocrats.org\\\/zh\\\/blog\\\/press-release-vargas-joins-workers-families-and-advocates-to-launch-paid-sick-leave-campaign\\\/#breadcrumb\",\"itemListElement\":[{\"@type\":\"ListItem\",\"position\":1,\"name\":\"Home\",\"item\":\"https:\\\/\\\/nebraskademocrats.org\\\/\"},{\"@type\":\"ListItem\",\"position\":2,\"name\":\"Press Release: Vargas joins workers, families, and advocates to launch Paid Sick Leave campaign\u00a0\"}]},{\"@type\":\"WebSite\",\"@id\":\"https:\\\/\\\/nebraskademocrats.org\\\/#website\",\"url\":\"https:\\\/\\\/nebraskademocrats.org\\\/\",\"name\":\"Nebraska Democratic Party\",\"description\":\"Growing the Good Life for All Nebraskans\",\"publisher\":{\"@id\":\"https:\\\/\\\/nebraskademocrats.org\\\/#organization\"},\"potentialAction\":[{\"@type\":\"SearchAction\",\"target\":{\"@type\":\"EntryPoint\",\"urlTemplate\":\"https:\\\/\\\/nebraskademocrats.org\\\/?s={search_term_string}\"},\"query-input\":{\"@type\":\"PropertyValueSpecification\",\"valueRequired\":true,\"valueName\":\"search_term_string\"}}],\"inLanguage\":\"su\"},{\"@type\":\"Organization\",\"@id\":\"https:\\\/\\\/nebraskademocrats.org\\\/#organization\",\"name\":\"Nebraska Democratic Party\",\"url\":\"https:\\\/\\\/nebraskademocrats.org\\\/\",\"logo\":{\"@type\":\"ImageObject\",\"inLanguage\":\"su\",\"@id\":\"https:\\\/\\\/nebraskademocrats.org\\\/#\\\/schema\\\/logo\\\/image\\\/\",\"url\":\"https:\\\/\\\/nebraskadem.wpenginepowered.com\\\/wp-content\\\/uploads\\\/2016\\\/05\\\/NDP2.jpg\",\"contentUrl\":\"https:\\\/\\\/nebraskadem.wpenginepowered.com\\\/wp-content\\\/uploads\\\/2016\\\/05\\\/NDP2.jpg\",\"width\":1000,\"height\":396,\"caption\":\"Nebraska Democratic Party\"},\"image\":{\"@id\":\"https:\\\/\\\/nebraskademocrats.org\\\/#\\\/schema\\\/logo\\\/image\\\/\"},\"sameAs\":[\"https:\\\/\\\/www.facebook.com\\\/NebraskaDemocraticParty\\\/\",\"https:\\\/\\\/x.com\\\/nebraskadems\"]},{\"@type\":\"Person\",\"@id\":\"https:\\\/\\\/nebraskademocrats.org\\\/#\\\/schema\\\/person\\\/1adbda838587994c014170c6b52f922d\",\"name\":\"Gina Frank\",\"image\":{\"@type\":\"ImageObject\",\"inLanguage\":\"su\",\"@id\":\"https:\\\/\\\/secure.gravatar.com\\\/avatar\\\/dffc4c14f395d6dab2f0f83ae204a543f6fa6cbac7c6c1ac9153a90925f313f0?s=96&d=mm&r=g\",\"url\":\"https:\\\/\\\/secure.gravatar.com\\\/avatar\\\/dffc4c14f395d6dab2f0f83ae204a543f6fa6cbac7c6c1ac9153a90925f313f0?s=96&d=mm&r=g\",\"contentUrl\":\"https:\\\/\\\/secure.gravatar.com\\\/avatar\\\/dffc4c14f395d6dab2f0f83ae204a543f6fa6cbac7c6c1ac9153a90925f313f0?s=96&d=mm&r=g\",\"caption\":\"Gina Frank\"}}]}<\/script>\n<!-- \/ Yoast SEO plugin. -->","yoast_head_json":{"title":"Press Release: Vargas joins workers, families, and advocates to launch Paid Sick Leave campaign\u00a0 &#8211; Nebraska Democratic Party","robots":{"index":"index","follow":"follow","max-snippet":"max-snippet:-1","max-image-preview":"max-image-preview:large","max-video-preview":"max-video-preview:-1"},"canonical":"http:\/\/nebraskademocrats.org\/su\/blog\/press-release-vargas-joins-workers-families-and-advocates-to-launch-paid-sick-leave-campaign\/","og_locale":"en_US","og_type":"article","og_title":"Press Release: Vargas joins workers, families, and advocates to launch Paid Sick Leave campaign\u00a0 &#8211; Nebraska Democratic Party","og_description":"FOR IMMEDIATE RELEASE: Tuesday, July 18, 2023 Contact: Meg Mandy, Campaign Manager meg@vargasfornebraska.com Vargas joins workers, families, and advocates to launch Paid Sick Leave campaign Omaha, Neb. &#8212; Today, Senator Tony Vargas joined a room full of workers, families, and advocates as they launched a ballot initiative for paid sick leave for Nebraskans: \u201cFor years, ... Read more","og_url":"http:\/\/nebraskademocrats.org\/su\/blog\/press-release-vargas-joins-workers-families-and-advocates-to-launch-paid-sick-leave-campaign\/","og_site_name":"Nebraska Democratic Party","article_publisher":"https:\/\/www.facebook.com\/NebraskaDemocraticParty\/","article_published_time":"2023-07-18T17:39:47+00:00","og_image":[{"url":"https:\/\/lh3.googleusercontent.com\/RPrzMGomEfnZxkRvx7RsVBGV11qWDKcng4dNsZVUCCbuZO_PJ-WuLqxxI10t3whEtnQzVc8SFu5Wdn63fZFzEODuYUtbA_l0LxI6yfPyC6KpCgOLsuC9nZGdS8RcPgDtRG2k_OUBCZ7cXnarWkDTMA","type":"","width":"","height":""}],"author":"Gina Frank","twitter_card":"summary_large_image","twitter_creator":"@nebraskadems","twitter_site":"@nebraskadems","twitter_misc":{"Written by":"Gina Frank"},"schema":{"@context":"https:\/\/schema.org","@graph":[{"@type":"Article","@id":"http:\/\/nebraskademocrats.org\/zh\/blog\/press-release-vargas-joins-workers-families-and-advocates-to-launch-paid-sick-leave-campaign\/#article","isPartOf":{"@id":"http:\/\/nebraskademocrats.org\/zh\/blog\/press-release-vargas-joins-workers-families-and-advocates-to-launch-paid-sick-leave-campaign\/"},"author":{"name":"Gina Frank","@id":"https:\/\/nebraskademocrats.org\/#\/schema\/person\/1adbda838587994c014170c6b52f922d"},"headline":"Press Release: Vargas joins workers, families, and advocates to launch Paid Sick Leave campaign\u00a0","datePublished":"2023-07-18T17:39:47+00:00","mainEntityOfPage":{"@id":"http:\/\/nebraskademocrats.org\/zh\/blog\/press-release-vargas-joins-workers-families-and-advocates-to-launch-paid-sick-leave-campaign\/"},"wordCount":435,"publisher":{"@id":"https:\/\/nebraskademocrats.org\/#organization"},"image":{"@id":"http:\/\/nebraskademocrats.org\/zh\/blog\/press-release-vargas-joins-workers-families-and-advocates-to-launch-paid-sick-leave-campaign\/#primaryimage"},"thumbnailUrl":"https:\/\/lh3.googleusercontent.com\/RPrzMGomEfnZxkRvx7RsVBGV11qWDKcng4dNsZVUCCbuZO_PJ-WuLqxxI10t3whEtnQzVc8SFu5Wdn63fZFzEODuYUtbA_l0LxI6yfPyC6KpCgOLsuC9nZGdS8RcPgDtRG2k_OUBCZ7cXnarWkDTMA","articleSection":["NDP Blog"],"inLanguage":"su"},{"@type":"WebPage","@id":"http:\/\/nebraskademocrats.org\/zh\/blog\/press-release-vargas-joins-workers-families-and-advocates-to-launch-paid-sick-leave-campaign\/","url":"http:\/\/nebraskademocrats.org\/zh\/blog\/press-release-vargas-joins-workers-families-and-advocates-to-launch-paid-sick-leave-campaign\/","name":"Press Release: Vargas joins workers, families, and advocates to launch Paid Sick Leave campaign\u00a0 &#8211; Nebraska Democratic Party","isPartOf":{"@id":"https:\/\/nebraskademocrats.org\/#website"},"primaryImageOfPage":{"@id":"http:\/\/nebraskademocrats.org\/zh\/blog\/press-release-vargas-joins-workers-families-and-advocates-to-launch-paid-sick-leave-campaign\/#primaryimage"},"image":{"@id":"http:\/\/nebraskademocrats.org\/zh\/blog\/press-release-vargas-joins-workers-families-and-advocates-to-launch-paid-sick-leave-campaign\/#primaryimage"},"thumbnailUrl":"https:\/\/lh3.googleusercontent.com\/RPrzMGomEfnZxkRvx7RsVBGV11qWDKcng4dNsZVUCCbuZO_PJ-WuLqxxI10t3whEtnQzVc8SFu5Wdn63fZFzEODuYUtbA_l0LxI6yfPyC6KpCgOLsuC9nZGdS8RcPgDtRG2k_OUBCZ7cXnarWkDTMA","datePublished":"2023-07-18T17:39:47+00:00","breadcrumb":{"@id":"http:\/\/nebraskademocrats.org\/zh\/blog\/press-release-vargas-joins-workers-families-and-advocates-to-launch-paid-sick-leave-campaign\/#breadcrumb"},"inLanguage":"su","potentialAction":[{"@type":"ReadAction","target":["http:\/\/nebraskademocrats.org\/zh\/blog\/press-release-vargas-joins-workers-families-and-advocates-to-launch-paid-sick-leave-campaign\/"]}]},{"@type":"ImageObject","inLanguage":"su","@id":"http:\/\/nebraskademocrats.org\/zh\/blog\/press-release-vargas-joins-workers-families-and-advocates-to-launch-paid-sick-leave-campaign\/#primaryimage","url":"https:\/\/lh3.googleusercontent.com\/RPrzMGomEfnZxkRvx7RsVBGV11qWDKcng4dNsZVUCCbuZO_PJ-WuLqxxI10t3whEtnQzVc8SFu5Wdn63fZFzEODuYUtbA_l0LxI6yfPyC6KpCgOLsuC9nZGdS8RcPgDtRG2k_OUBCZ7cXnarWkDTMA","contentUrl":"https:\/\/lh3.googleusercontent.com\/RPrzMGomEfnZxkRvx7RsVBGV11qWDKcng4dNsZVUCCbuZO_PJ-WuLqxxI10t3whEtnQzVc8SFu5Wdn63fZFzEODuYUtbA_l0LxI6yfPyC6KpCgOLsuC9nZGdS8RcPgDtRG2k_OUBCZ7cXnarWkDTMA"},{"@type":"BreadcrumbList","@id":"http:\/\/nebraskademocrats.org\/zh\/blog\/press-release-vargas-joins-workers-families-and-advocates-to-launch-paid-sick-leave-campaign\/#breadcrumb","itemListElement":[{"@type":"ListItem","position":1,"name":"Home","item":"https:\/\/nebraskademocrats.org\/"},{"@type":"ListItem","position":2,"name":"Press Release: Vargas joins workers, families, and advocates to launch Paid Sick Leave campaign\u00a0"}]},{"@type":"WebSite","@id":"https:\/\/nebraskademocrats.org\/#website","url":"https:\/\/nebraskademocrats.org\/","name":"Nebraska Democratic Party","description":"Tumuwuh Kahirupan Anu Sa\u00e9 pikeun Sadayana Nebraskan","publisher":{"@id":"https:\/\/nebraskademocrats.org\/#organization"},"potentialAction":[{"@type":"SearchAction","target":{"@type":"EntryPoint","urlTemplate":"https:\/\/nebraskademocrats.org\/?s={search_term_string}"},"query-input":{"@type":"PropertyValueSpecification","valueRequired":true,"valueName":"search_term_string"}}],"inLanguage":"su"},{"@type":"Organization","@id":"https:\/\/nebraskademocrats.org\/#organization","name":"Nebraska Democratic Party","url":"https:\/\/nebraskademocrats.org\/","logo":{"@type":"ImageObject","inLanguage":"su","@id":"https:\/\/nebraskademocrats.org\/#\/schema\/logo\/image\/","url":"https:\/\/nebraskadem.wpenginepowered.com\/wp-content\/uploads\/2016\/05\/NDP2.jpg","contentUrl":"https:\/\/nebraskadem.wpenginepowered.com\/wp-content\/uploads\/2016\/05\/NDP2.jpg","width":1000,"height":396,"caption":"Nebraska Democratic Party"},"image":{"@id":"https:\/\/nebraskademocrats.org\/#\/schema\/logo\/image\/"},"sameAs":["https:\/\/www.facebook.com\/NebraskaDemocraticParty\/","https:\/\/x.com\/nebraskadems"]},{"@type":"Person","@id":"https:\/\/nebraskademocrats.org\/#\/schema\/person\/1adbda838587994c014170c6b52f922d","name":"Gina Frank","image":{"@type":"ImageObject","inLanguage":"su","@id":"https:\/\/secure.gravatar.com\/avatar\/dffc4c14f395d6dab2f0f83ae204a543f6fa6cbac7c6c1ac9153a90925f313f0?s=96&d=mm&r=g","url":"https:\/\/secure.gravatar.com\/avatar\/dffc4c14f395d6dab2f0f83ae204a543f6fa6cbac7c6c1ac9153a90925f313f0?s=96&d=mm&r=g","contentUrl":"https:\/\/secure.gravatar.com\/avatar\/dffc4c14f395d6dab2f0f83ae204a543f6fa6cbac7c6c1ac9153a90925f313f0?s=96&d=mm&r=g","caption":"Gina Frank"}}]}},"_links":{"self":[{"href":"http:\/\/nebraskademocrats.org\/su\/wp-json\/wp\/v2\/posts\/43951","targetHints":{"allow":["GET"]}}],"collection":[{"href":"http:\/\/nebraskademocrats.org\/su\/wp-json\/wp\/v2\/posts"}],"about":[{"href":"http:\/\/nebraskademocrats.org\/su\/wp-json\/wp\/v2\/types\/post"}],"author":[{"embeddable":true,"href":"http:\/\/nebraskademocrats.org\/su\/wp-json\/wp\/v2\/users\/25"}],"replies":[{"embeddable":true,"href":"http:\/\/nebraskademocrats.org\/su\/wp-json\/wp\/v2\/comments?post=43951"}],"version-history":[{"count":0,"href":"http:\/\/nebraskademocrats.org\/su\/wp-json\/wp\/v2\/posts\/43951\/revisions"}],"wp:attachment":[{"href":"http:\/\/nebraskademocrats.org\/su\/wp-json\/wp\/v2\/media?parent=43951"}],"wp:term":[{"taxonomy":"category","embeddable":true,"href":"http:\/\/nebraskademocrats.org\/su\/wp-json\/wp\/v2\/categories?post=43951"},{"taxonomy":"post_tag","embeddable":true,"href":"http:\/\/nebraskademocrats.org\/su\/wp-json\/wp\/v2\/tags?post=43951"}],"curies":[{"name":"wp","href":"https:\/\/api.w.org\/{rel}","templated":true}]}}