{"id":35719,"date":"2021-12-17T14:22:25","date_gmt":"2021-12-17T20:22:25","guid":{"rendered":"https:\/\/nebraskadem.wpenginepowered.com\/?p=35719"},"modified":"2021-12-17T14:22:25","modified_gmt":"2021-12-17T20:22:25","slug":"press-release-former-state-sen-kate-bolz-named-by-white-house-as-nebraskas-usda-rural-development-director","status":"publish","type":"post","link":"http:\/\/nebraskademocrats.org\/vi\/press-releases\/press-release-former-state-sen-kate-bolz-named-by-white-house-as-nebraskas-usda-rural-development-director\/","title":{"rendered":"Th\u00f4ng c\u00e1o b\u00e1o ch\u00ed: C\u1ef1u Th\u01b0\u1ee3ng ngh\u1ecb s\u0129 bang Kate Bolz \u0111\u01b0\u1ee3c Nh\u00e0 Tr\u1eafng b\u1ed5 nhi\u1ec7m l\u00e0m Gi\u00e1m \u0111\u1ed1c Ph\u00e1t tri\u1ec3n N\u00f4ng th\u00f4n USDA c\u1ee7a Nebraska"},"content":{"rendered":"<p><img fetchpriority=\"high\" decoding=\"async\" class=\"wp-image-35714 aligncenter\" src=\"https:\/\/nebraskadem.wpenginepowered.com\/wp-content\/uploads\/2021\/12\/BOLZ-USDA-1024x1024.png\" alt=\"\" width=\"379\" height=\"379\" srcset=\"https:\/\/nebraskademocrats.org\/wp-content\/uploads\/2021\/12\/BOLZ-USDA-1024x1024.png 1024w, https:\/\/nebraskademocrats.org\/wp-content\/uploads\/2021\/12\/BOLZ-USDA-300x300.png 300w, https:\/\/nebraskademocrats.org\/wp-content\/uploads\/2021\/12\/BOLZ-USDA-150x150.png 150w, https:\/\/nebraskademocrats.org\/wp-content\/uploads\/2021\/12\/BOLZ-USDA-768x768.png 768w, https:\/\/nebraskademocrats.org\/wp-content\/uploads\/2021\/12\/BOLZ-USDA-12x12.png 12w, https:\/\/nebraskademocrats.org\/wp-content\/uploads\/2021\/12\/BOLZ-USDA.png 1080w\" sizes=\"(max-width: 379px) 100vw, 379px\" \/><\/p>\n<p><span style=\"font-weight: 400;\">V\u00e0o th\u1ee9 S\u00e1u, <\/span><a href=\"https:\/\/www.whitehouse.gov\/briefing-room\/statements-releases\/2021\/12\/17\/president-biden-announces-key-regional-appointments-for-usda-hud-and-fema\/\"><span style=\"font-weight: 400;\">T\u1ed5ng th\u1ed1ng Joe Biden<\/span><\/a><span style=\"font-weight: 400;\"> \u0111\u00e3 \u0111\u1eb7t t\u00ean cho c\u1ef1u Th\u01b0\u1ee3ng ngh\u1ecb s\u0129 Kate Bolz l\u00e0<\/span> <span style=\"font-weight: 400;\">Gi\u00e1m \u0111\u1ed1c Ph\u00e1t tri\u1ec3n N\u00f4ng th\u00f4n USDA c\u1ee7a Nebraska.<\/span><\/p>\n<p><span style=\"font-weight: 400;\">Bolz \u0111\u1ea1i di\u1ec7n cho Qu\u1eadn 29 trong khu v\u1ef1c L\u1eadp ph\u00e1p t\u1eeb n\u0103m 2013 \u0111\u1ebfn n\u0103m 2021. C\u00f4 l\u00e0 \u1ee9ng c\u1eed vi\u00ean \u0110\u1ea3ng D\u00e2n ch\u1ee7 n\u0103m 2020 cho chi\u1ebfc gh\u1ebf Qu\u1eadn Qu\u1ed1c h\u1ed9i \u0111\u1ea7u ti\u00ean c\u1ee7a Nebraska.\u00a0<\/span><\/p>\n<p><span style=\"font-weight: 400;\">Ch\u1ee7 t\u1ecbch NDP Jane Kleeb cho bi\u1ebft: <\/span><span style=\"font-weight: 400;\">\u201cKate Bolz s\u1ebd \u0111i kh\u1eafp ti\u1ec3u bang \u0111\u1ec3 \u0111\u1ea3m b\u1ea3o r\u1eb1ng c\u00e1c c\u1ed9ng \u0111\u1ed3ng n\u00f4ng th\u00f4n \u0111\u01b0\u1ee3c l\u1eafng nghe v\u00e0 c\u00f3 c\u00e1c ngu\u1ed3n l\u1ef1c \u0111\u1ec3 gi\u1ea3i quy\u1ebft c\u00e1c v\u1ea5n \u0111\u1ec1 \u1edf c\u1ea5p \u0111\u1ecba ph\u01b0\u01a1ng. T\u1ed5ng th\u1ed1ng Biden \u0111\u00e3 ch\u1ec9 \u0111\u1ecbnh m\u1ed9t nh\u00e0 l\u00e3nh \u0111\u1ea1o, \u0111\u1ed1i t\u00e1c v\u00e0 \u0111\u1ed3ng minh c\u1ee7a c\u00e1c c\u1ed9ng \u0111\u1ed3ng n\u00f4ng th\u00f4n v\u00e0 \u0110\u1ea3ng D\u00e2n ch\u1ee7 r\u1ea5t mong c\u00f3 Kate Bolz trong vai tr\u00f2 quan tr\u1ecdng n\u00e0y \u201d.<\/span><\/p>","protected":false},"excerpt":{"rendered":"<p>On Friday, President Joe Biden named former state Sen. Kate Bolz as Nebraska\u2019s USDA Rural Development Director. Bolz represented the 29th District in the Legislature district from 2013 to 2021. She was the 2020 Democratic candidate for Nebraska\u2019s First Congressional District seat.\u00a0 Said NDP Chair Jane Kleeb: \u201cKate Bolz will travel the state making sure &#8230; <a title=\"Th\u00f4ng c\u00e1o b\u00e1o ch\u00ed: C\u1ef1u Th\u01b0\u1ee3ng ngh\u1ecb s\u0129 bang Kate Bolz \u0111\u01b0\u1ee3c Nh\u00e0 Tr\u1eafng b\u1ed5 nhi\u1ec7m l\u00e0m Gi\u00e1m \u0111\u1ed1c Ph\u00e1t tri\u1ec3n N\u00f4ng th\u00f4n USDA c\u1ee7a Nebraska\" class=\"read-more\" href=\"http:\/\/nebraskademocrats.org\/vi\/press-releases\/press-release-former-state-sen-kate-bolz-named-by-white-house-as-nebraskas-usda-rural-development-director\/\" aria-label=\"More on Press release: Former state Sen. Kate Bolz named by White House as Nebraska\u2019s USDA Rural Development Director\">\u0110\u1ecdc th\u00eam<\/a><\/p>","protected":false},"author":19,"featured_media":0,"comment_status":"closed","ping_status":"closed","sticky":false,"template":"","format":"standard","meta":{"_acf_changed":false,"_exactmetrics_skip_tracking":false,"_exactmetrics_sitenote_active":false,"_exactmetrics_sitenote_note":"","_exactmetrics_sitenote_category":0,"footnotes":""},"categories":[4],"tags":[],"class_list":["post-35719","post","type-post","status-publish","format-standard","hentry","category-press-releases"],"acf":[],"yoast_head":"<!-- This site is optimized with the Yoast SEO plugin v27.4 - https:\/\/yoast.com\/product\/yoast-seo-wordpress\/ -->\n<title>Press release: Former state Sen. Kate Bolz named by White House as Nebraska\u2019s USDA Rural Development Director &#8211; Nebraska Democratic Party<\/title>\n<meta name=\"robots\" content=\"index, follow, max-snippet:-1, max-image-preview:large, max-video-preview:-1\" \/>\n<link rel=\"canonical\" href=\"http:\/\/nebraskademocrats.org\/vi\/press-releases\/press-release-former-state-sen-kate-bolz-named-by-white-house-as-nebraskas-usda-rural-development-director\/\" \/>\n<meta property=\"og:locale\" content=\"vi_VN\" \/>\n<meta property=\"og:type\" content=\"article\" \/>\n<meta property=\"og:title\" content=\"Press release: Former state Sen. Kate Bolz named by White House as Nebraska\u2019s USDA Rural Development Director &#8211; Nebraska Democratic Party\" \/>\n<meta property=\"og:description\" content=\"On Friday, President Joe Biden named former state Sen. Kate Bolz as Nebraska\u2019s USDA Rural Development Director. Bolz represented the 29th District in the Legislature district from 2013 to 2021. She was the 2020 Democratic candidate for Nebraska\u2019s First Congressional District seat.\u00a0 Said NDP Chair Jane Kleeb: \u201cKate Bolz will travel the state making sure ... Read more\" \/>\n<meta property=\"og:url\" content=\"http:\/\/nebraskademocrats.org\/vi\/press-releases\/press-release-former-state-sen-kate-bolz-named-by-white-house-as-nebraskas-usda-rural-development-director\/\" \/>\n<meta property=\"og:site_name\" content=\"Nebraska Democratic Party\" \/>\n<meta property=\"article:publisher\" content=\"https:\/\/www.facebook.com\/NebraskaDemocraticParty\/\" \/>\n<meta property=\"article:published_time\" content=\"2021-12-17T20:22:25+00:00\" \/>\n<meta property=\"og:image\" content=\"https:\/\/nebraskadem.wpenginepowered.com\/wp-content\/uploads\/2021\/12\/BOLZ-USDA-1024x1024.png\" \/>\n<meta name=\"author\" content=\"Precious McKesson\" \/>\n<meta name=\"twitter:card\" content=\"summary_large_image\" \/>\n<meta name=\"twitter:creator\" content=\"@nebraskadems\" \/>\n<meta name=\"twitter:site\" content=\"@nebraskadems\" \/>\n<meta name=\"twitter:label1\" content=\"\u0110\u01b0\u1ee3c vi\u1ebft b\u1edfi\" \/>\n\t<meta name=\"twitter:data1\" content=\"Precious McKesson\" \/>\n\t<meta name=\"twitter:label2\" content=\"\u01af\u1edbc t\u00ednh th\u1eddi gian \u0111\u1ecdc\" \/>\n\t<meta name=\"twitter:data2\" content=\"1 ph\u00fat\" \/>\n<script type=\"application\/ld+json\" class=\"yoast-schema-graph\">{\"@context\":\"https:\\\/\\\/schema.org\",\"@graph\":[{\"@type\":\"Article\",\"@id\":\"http:\\\/\\\/nebraskademocrats.org\\\/zh\\\/press-releases\\\/press-release-former-state-sen-kate-bolz-named-by-white-house-as-nebraskas-usda-rural-development-director\\\/#article\",\"isPartOf\":{\"@id\":\"http:\\\/\\\/nebraskademocrats.org\\\/zh\\\/press-releases\\\/press-release-former-state-sen-kate-bolz-named-by-white-house-as-nebraskas-usda-rural-development-director\\\/\"},\"author\":{\"name\":\"Precious McKesson\",\"@id\":\"https:\\\/\\\/nebraskademocrats.org\\\/#\\\/schema\\\/person\\\/33e011ea0795f404810dc40828bcf289\"},\"headline\":\"Press release: Former state Sen. Kate Bolz named by White House as Nebraska\u2019s USDA Rural Development Director\",\"datePublished\":\"2021-12-17T20:22:25+00:00\",\"mainEntityOfPage\":{\"@id\":\"http:\\\/\\\/nebraskademocrats.org\\\/zh\\\/press-releases\\\/press-release-former-state-sen-kate-bolz-named-by-white-house-as-nebraskas-usda-rural-development-director\\\/\"},\"wordCount\":114,\"publisher\":{\"@id\":\"https:\\\/\\\/nebraskademocrats.org\\\/#organization\"},\"image\":{\"@id\":\"http:\\\/\\\/nebraskademocrats.org\\\/zh\\\/press-releases\\\/press-release-former-state-sen-kate-bolz-named-by-white-house-as-nebraskas-usda-rural-development-director\\\/#primaryimage\"},\"thumbnailUrl\":\"https:\\\/\\\/nebraskadem.wpenginepowered.com\\\/wp-content\\\/uploads\\\/2021\\\/12\\\/BOLZ-USDA-1024x1024.png\",\"articleSection\":[\"Press Releases\"],\"inLanguage\":\"vi\"},{\"@type\":\"WebPage\",\"@id\":\"http:\\\/\\\/nebraskademocrats.org\\\/zh\\\/press-releases\\\/press-release-former-state-sen-kate-bolz-named-by-white-house-as-nebraskas-usda-rural-development-director\\\/\",\"url\":\"http:\\\/\\\/nebraskademocrats.org\\\/zh\\\/press-releases\\\/press-release-former-state-sen-kate-bolz-named-by-white-house-as-nebraskas-usda-rural-development-director\\\/\",\"name\":\"Press release: Former state Sen. Kate Bolz named by White House as Nebraska\u2019s USDA Rural Development Director &#8211; Nebraska Democratic Party\",\"isPartOf\":{\"@id\":\"https:\\\/\\\/nebraskademocrats.org\\\/#website\"},\"primaryImageOfPage\":{\"@id\":\"http:\\\/\\\/nebraskademocrats.org\\\/zh\\\/press-releases\\\/press-release-former-state-sen-kate-bolz-named-by-white-house-as-nebraskas-usda-rural-development-director\\\/#primaryimage\"},\"image\":{\"@id\":\"http:\\\/\\\/nebraskademocrats.org\\\/zh\\\/press-releases\\\/press-release-former-state-sen-kate-bolz-named-by-white-house-as-nebraskas-usda-rural-development-director\\\/#primaryimage\"},\"thumbnailUrl\":\"https:\\\/\\\/nebraskadem.wpenginepowered.com\\\/wp-content\\\/uploads\\\/2021\\\/12\\\/BOLZ-USDA-1024x1024.png\",\"datePublished\":\"2021-12-17T20:22:25+00:00\",\"breadcrumb\":{\"@id\":\"http:\\\/\\\/nebraskademocrats.org\\\/zh\\\/press-releases\\\/press-release-former-state-sen-kate-bolz-named-by-white-house-as-nebraskas-usda-rural-development-director\\\/#breadcrumb\"},\"inLanguage\":\"vi\",\"potentialAction\":[{\"@type\":\"ReadAction\",\"target\":[\"http:\\\/\\\/nebraskademocrats.org\\\/zh\\\/press-releases\\\/press-release-former-state-sen-kate-bolz-named-by-white-house-as-nebraskas-usda-rural-development-director\\\/\"]}]},{\"@type\":\"ImageObject\",\"inLanguage\":\"vi\",\"@id\":\"http:\\\/\\\/nebraskademocrats.org\\\/zh\\\/press-releases\\\/press-release-former-state-sen-kate-bolz-named-by-white-house-as-nebraskas-usda-rural-development-director\\\/#primaryimage\",\"url\":\"https:\\\/\\\/nebraskadem.wpenginepowered.com\\\/wp-content\\\/uploads\\\/2021\\\/12\\\/BOLZ-USDA-1024x1024.png\",\"contentUrl\":\"https:\\\/\\\/nebraskadem.wpenginepowered.com\\\/wp-content\\\/uploads\\\/2021\\\/12\\\/BOLZ-USDA-1024x1024.png\"},{\"@type\":\"BreadcrumbList\",\"@id\":\"http:\\\/\\\/nebraskademocrats.org\\\/zh\\\/press-releases\\\/press-release-former-state-sen-kate-bolz-named-by-white-house-as-nebraskas-usda-rural-development-director\\\/#breadcrumb\",\"itemListElement\":[{\"@type\":\"ListItem\",\"position\":1,\"name\":\"Home\",\"item\":\"https:\\\/\\\/nebraskademocrats.org\\\/\"},{\"@type\":\"ListItem\",\"position\":2,\"name\":\"Press release: Former state Sen. Kate Bolz named by White House as Nebraska\u2019s USDA Rural Development Director\"}]},{\"@type\":\"WebSite\",\"@id\":\"https:\\\/\\\/nebraskademocrats.org\\\/#website\",\"url\":\"https:\\\/\\\/nebraskademocrats.org\\\/\",\"name\":\"Nebraska Democratic Party\",\"description\":\"Growing the Good Life for All Nebraskans\",\"publisher\":{\"@id\":\"https:\\\/\\\/nebraskademocrats.org\\\/#organization\"},\"potentialAction\":[{\"@type\":\"SearchAction\",\"target\":{\"@type\":\"EntryPoint\",\"urlTemplate\":\"https:\\\/\\\/nebraskademocrats.org\\\/?s={search_term_string}\"},\"query-input\":{\"@type\":\"PropertyValueSpecification\",\"valueRequired\":true,\"valueName\":\"search_term_string\"}}],\"inLanguage\":\"vi\"},{\"@type\":\"Organization\",\"@id\":\"https:\\\/\\\/nebraskademocrats.org\\\/#organization\",\"name\":\"Nebraska Democratic Party\",\"url\":\"https:\\\/\\\/nebraskademocrats.org\\\/\",\"logo\":{\"@type\":\"ImageObject\",\"inLanguage\":\"vi\",\"@id\":\"https:\\\/\\\/nebraskademocrats.org\\\/#\\\/schema\\\/logo\\\/image\\\/\",\"url\":\"https:\\\/\\\/nebraskadem.wpenginepowered.com\\\/wp-content\\\/uploads\\\/2016\\\/05\\\/NDP2.jpg\",\"contentUrl\":\"https:\\\/\\\/nebraskadem.wpenginepowered.com\\\/wp-content\\\/uploads\\\/2016\\\/05\\\/NDP2.jpg\",\"width\":1000,\"height\":396,\"caption\":\"Nebraska Democratic Party\"},\"image\":{\"@id\":\"https:\\\/\\\/nebraskademocrats.org\\\/#\\\/schema\\\/logo\\\/image\\\/\"},\"sameAs\":[\"https:\\\/\\\/www.facebook.com\\\/NebraskaDemocraticParty\\\/\",\"https:\\\/\\\/x.com\\\/nebraskadems\"]},{\"@type\":\"Person\",\"@id\":\"https:\\\/\\\/nebraskademocrats.org\\\/#\\\/schema\\\/person\\\/33e011ea0795f404810dc40828bcf289\",\"name\":\"Precious McKesson\",\"image\":{\"@type\":\"ImageObject\",\"inLanguage\":\"vi\",\"@id\":\"https:\\\/\\\/secure.gravatar.com\\\/avatar\\\/35046e19b3373116ec64c07d386d3312028d3820dc0ffe65c344bcebc8ea9194?s=96&d=mm&r=g\",\"url\":\"https:\\\/\\\/secure.gravatar.com\\\/avatar\\\/35046e19b3373116ec64c07d386d3312028d3820dc0ffe65c344bcebc8ea9194?s=96&d=mm&r=g\",\"contentUrl\":\"https:\\\/\\\/secure.gravatar.com\\\/avatar\\\/35046e19b3373116ec64c07d386d3312028d3820dc0ffe65c344bcebc8ea9194?s=96&d=mm&r=g\",\"caption\":\"Precious McKesson\"}}]}<\/script>\n<!-- \/ Yoast SEO plugin. -->","yoast_head_json":{"title":"Press release: Former state Sen. Kate Bolz named by White House as Nebraska\u2019s USDA Rural Development Director &#8211; Nebraska Democratic Party","robots":{"index":"index","follow":"follow","max-snippet":"max-snippet:-1","max-image-preview":"max-image-preview:large","max-video-preview":"max-video-preview:-1"},"canonical":"http:\/\/nebraskademocrats.org\/vi\/press-releases\/press-release-former-state-sen-kate-bolz-named-by-white-house-as-nebraskas-usda-rural-development-director\/","og_locale":"vi_VN","og_type":"article","og_title":"Press release: Former state Sen. Kate Bolz named by White House as Nebraska\u2019s USDA Rural Development Director &#8211; Nebraska Democratic Party","og_description":"On Friday, President Joe Biden named former state Sen. Kate Bolz as Nebraska\u2019s USDA Rural Development Director. Bolz represented the 29th District in the Legislature district from 2013 to 2021. She was the 2020 Democratic candidate for Nebraska\u2019s First Congressional District seat.\u00a0 Said NDP Chair Jane Kleeb: \u201cKate Bolz will travel the state making sure ... Read more","og_url":"http:\/\/nebraskademocrats.org\/vi\/press-releases\/press-release-former-state-sen-kate-bolz-named-by-white-house-as-nebraskas-usda-rural-development-director\/","og_site_name":"Nebraska Democratic Party","article_publisher":"https:\/\/www.facebook.com\/NebraskaDemocraticParty\/","article_published_time":"2021-12-17T20:22:25+00:00","og_image":[{"url":"https:\/\/nebraskadem.wpenginepowered.com\/wp-content\/uploads\/2021\/12\/BOLZ-USDA-1024x1024.png","type":"","width":"","height":""}],"author":"Precious McKesson","twitter_card":"summary_large_image","twitter_creator":"@nebraskadems","twitter_site":"@nebraskadems","twitter_misc":{"\u0110\u01b0\u1ee3c vi\u1ebft b\u1edfi":"Precious McKesson","\u01af\u1edbc t\u00ednh th\u1eddi gian \u0111\u1ecdc":"1 ph\u00fat"},"schema":{"@context":"https:\/\/schema.org","@graph":[{"@type":"Article","@id":"http:\/\/nebraskademocrats.org\/zh\/press-releases\/press-release-former-state-sen-kate-bolz-named-by-white-house-as-nebraskas-usda-rural-development-director\/#article","isPartOf":{"@id":"http:\/\/nebraskademocrats.org\/zh\/press-releases\/press-release-former-state-sen-kate-bolz-named-by-white-house-as-nebraskas-usda-rural-development-director\/"},"author":{"name":"Precious McKesson","@id":"https:\/\/nebraskademocrats.org\/#\/schema\/person\/33e011ea0795f404810dc40828bcf289"},"headline":"Press release: Former state Sen. Kate Bolz named by White House as Nebraska\u2019s USDA Rural Development Director","datePublished":"2021-12-17T20:22:25+00:00","mainEntityOfPage":{"@id":"http:\/\/nebraskademocrats.org\/zh\/press-releases\/press-release-former-state-sen-kate-bolz-named-by-white-house-as-nebraskas-usda-rural-development-director\/"},"wordCount":114,"publisher":{"@id":"https:\/\/nebraskademocrats.org\/#organization"},"image":{"@id":"http:\/\/nebraskademocrats.org\/zh\/press-releases\/press-release-former-state-sen-kate-bolz-named-by-white-house-as-nebraskas-usda-rural-development-director\/#primaryimage"},"thumbnailUrl":"https:\/\/nebraskadem.wpenginepowered.com\/wp-content\/uploads\/2021\/12\/BOLZ-USDA-1024x1024.png","articleSection":["Press Releases"],"inLanguage":"vi"},{"@type":"WebPage","@id":"http:\/\/nebraskademocrats.org\/zh\/press-releases\/press-release-former-state-sen-kate-bolz-named-by-white-house-as-nebraskas-usda-rural-development-director\/","url":"http:\/\/nebraskademocrats.org\/zh\/press-releases\/press-release-former-state-sen-kate-bolz-named-by-white-house-as-nebraskas-usda-rural-development-director\/","name":"Press release: Former state Sen. Kate Bolz named by White House as Nebraska\u2019s USDA Rural Development Director &#8211; Nebraska Democratic Party","isPartOf":{"@id":"https:\/\/nebraskademocrats.org\/#website"},"primaryImageOfPage":{"@id":"http:\/\/nebraskademocrats.org\/zh\/press-releases\/press-release-former-state-sen-kate-bolz-named-by-white-house-as-nebraskas-usda-rural-development-director\/#primaryimage"},"image":{"@id":"http:\/\/nebraskademocrats.org\/zh\/press-releases\/press-release-former-state-sen-kate-bolz-named-by-white-house-as-nebraskas-usda-rural-development-director\/#primaryimage"},"thumbnailUrl":"https:\/\/nebraskadem.wpenginepowered.com\/wp-content\/uploads\/2021\/12\/BOLZ-USDA-1024x1024.png","datePublished":"2021-12-17T20:22:25+00:00","breadcrumb":{"@id":"http:\/\/nebraskademocrats.org\/zh\/press-releases\/press-release-former-state-sen-kate-bolz-named-by-white-house-as-nebraskas-usda-rural-development-director\/#breadcrumb"},"inLanguage":"vi","potentialAction":[{"@type":"ReadAction","target":["http:\/\/nebraskademocrats.org\/zh\/press-releases\/press-release-former-state-sen-kate-bolz-named-by-white-house-as-nebraskas-usda-rural-development-director\/"]}]},{"@type":"ImageObject","inLanguage":"vi","@id":"http:\/\/nebraskademocrats.org\/zh\/press-releases\/press-release-former-state-sen-kate-bolz-named-by-white-house-as-nebraskas-usda-rural-development-director\/#primaryimage","url":"https:\/\/nebraskadem.wpenginepowered.com\/wp-content\/uploads\/2021\/12\/BOLZ-USDA-1024x1024.png","contentUrl":"https:\/\/nebraskadem.wpenginepowered.com\/wp-content\/uploads\/2021\/12\/BOLZ-USDA-1024x1024.png"},{"@type":"BreadcrumbList","@id":"http:\/\/nebraskademocrats.org\/zh\/press-releases\/press-release-former-state-sen-kate-bolz-named-by-white-house-as-nebraskas-usda-rural-development-director\/#breadcrumb","itemListElement":[{"@type":"ListItem","position":1,"name":"Home","item":"https:\/\/nebraskademocrats.org\/"},{"@type":"ListItem","position":2,"name":"Press release: Former state Sen. Kate Bolz named by White House as Nebraska\u2019s USDA Rural Development Director"}]},{"@type":"WebSite","@id":"https:\/\/nebraskademocrats.org\/#website","url":"https:\/\/nebraskademocrats.org\/","name":"Nebraska Democratic Party","description":"Ph\u00e1t tri\u1ec3n cu\u1ed9c s\u1ed1ng t\u1ed1t \u0111\u1eb9p cho t\u1ea5t c\u1ea3 Nebraskans","publisher":{"@id":"https:\/\/nebraskademocrats.org\/#organization"},"potentialAction":[{"@type":"SearchAction","target":{"@type":"EntryPoint","urlTemplate":"https:\/\/nebraskademocrats.org\/?s={search_term_string}"},"query-input":{"@type":"PropertyValueSpecification","valueRequired":true,"valueName":"search_term_string"}}],"inLanguage":"vi"},{"@type":"Organization","@id":"https:\/\/nebraskademocrats.org\/#organization","name":"Nebraska Democratic Party","url":"https:\/\/nebraskademocrats.org\/","logo":{"@type":"ImageObject","inLanguage":"vi","@id":"https:\/\/nebraskademocrats.org\/#\/schema\/logo\/image\/","url":"https:\/\/nebraskadem.wpenginepowered.com\/wp-content\/uploads\/2016\/05\/NDP2.jpg","contentUrl":"https:\/\/nebraskadem.wpenginepowered.com\/wp-content\/uploads\/2016\/05\/NDP2.jpg","width":1000,"height":396,"caption":"Nebraska Democratic Party"},"image":{"@id":"https:\/\/nebraskademocrats.org\/#\/schema\/logo\/image\/"},"sameAs":["https:\/\/www.facebook.com\/NebraskaDemocraticParty\/","https:\/\/x.com\/nebraskadems"]},{"@type":"Person","@id":"https:\/\/nebraskademocrats.org\/#\/schema\/person\/33e011ea0795f404810dc40828bcf289","name":"McKesson qu\u00fd gi\u00e1","image":{"@type":"ImageObject","inLanguage":"vi","@id":"https:\/\/secure.gravatar.com\/avatar\/35046e19b3373116ec64c07d386d3312028d3820dc0ffe65c344bcebc8ea9194?s=96&d=mm&r=g","url":"https:\/\/secure.gravatar.com\/avatar\/35046e19b3373116ec64c07d386d3312028d3820dc0ffe65c344bcebc8ea9194?s=96&d=mm&r=g","contentUrl":"https:\/\/secure.gravatar.com\/avatar\/35046e19b3373116ec64c07d386d3312028d3820dc0ffe65c344bcebc8ea9194?s=96&d=mm&r=g","caption":"Precious McKesson"}}]}},"_links":{"self":[{"href":"http:\/\/nebraskademocrats.org\/vi\/wp-json\/wp\/v2\/posts\/35719","targetHints":{"allow":["GET"]}}],"collection":[{"href":"http:\/\/nebraskademocrats.org\/vi\/wp-json\/wp\/v2\/posts"}],"about":[{"href":"http:\/\/nebraskademocrats.org\/vi\/wp-json\/wp\/v2\/types\/post"}],"author":[{"embeddable":true,"href":"http:\/\/nebraskademocrats.org\/vi\/wp-json\/wp\/v2\/users\/19"}],"replies":[{"embeddable":true,"href":"http:\/\/nebraskademocrats.org\/vi\/wp-json\/wp\/v2\/comments?post=35719"}],"version-history":[{"count":0,"href":"http:\/\/nebraskademocrats.org\/vi\/wp-json\/wp\/v2\/posts\/35719\/revisions"}],"wp:attachment":[{"href":"http:\/\/nebraskademocrats.org\/vi\/wp-json\/wp\/v2\/media?parent=35719"}],"wp:term":[{"taxonomy":"category","embeddable":true,"href":"http:\/\/nebraskademocrats.org\/vi\/wp-json\/wp\/v2\/categories?post=35719"},{"taxonomy":"post_tag","embeddable":true,"href":"http:\/\/nebraskademocrats.org\/vi\/wp-json\/wp\/v2\/tags?post=35719"}],"curies":[{"name":"wp","href":"https:\/\/api.w.org\/{rel}","templated":true}]}}