{"id":35733,"date":"2021-12-30T11:22:12","date_gmt":"2021-12-30T17:22:12","guid":{"rendered":"https:\/\/nebraskadem.wpenginepowered.com\/?p=35733"},"modified":"2021-12-30T11:25:10","modified_gmt":"2021-12-30T17:25:10","slug":"press-release-berge-named-by-the-white-house-as-nebraskas-state-executive-director-for-the-usda","status":"publish","type":"post","link":"http:\/\/nebraskademocrats.org\/vi\/press-releases\/press-release-berge-named-by-the-white-house-as-nebraskas-state-executive-director-for-the-usda\/","title":{"rendered":"Th\u00f4ng c\u00e1o b\u00e1o ch\u00ed: Berge \u0111\u01b0\u1ee3c Nh\u00e0 Tr\u1eafng b\u1ed5 nhi\u1ec7m l\u00e0m Gi\u00e1m \u0111\u1ed1c \u0110i\u1ec1u h\u00e0nh Nh\u00e0 n\u01b0\u1edbc c\u1ee7a Nebraska cho USDA"},"content":{"rendered":"<p><img fetchpriority=\"high\" decoding=\"async\" class=\"wp-image-35734 aligncenter\" src=\"https:\/\/nebraskadem.wpenginepowered.com\/wp-content\/uploads\/2021\/12\/JohnBerge-Presidential-Appointee-1024x1024.png\" alt=\"\" width=\"310\" height=\"309\" srcset=\"https:\/\/nebraskademocrats.org\/wp-content\/uploads\/2021\/12\/JohnBerge-Presidential-Appointee-1024x1024.png 1024w, https:\/\/nebraskademocrats.org\/wp-content\/uploads\/2021\/12\/JohnBerge-Presidential-Appointee-300x300.png 300w, https:\/\/nebraskademocrats.org\/wp-content\/uploads\/2021\/12\/JohnBerge-Presidential-Appointee-150x150.png 150w, https:\/\/nebraskademocrats.org\/wp-content\/uploads\/2021\/12\/JohnBerge-Presidential-Appointee-768x768.png 768w, https:\/\/nebraskademocrats.org\/wp-content\/uploads\/2021\/12\/JohnBerge-Presidential-Appointee-12x12.png 12w, https:\/\/nebraskademocrats.org\/wp-content\/uploads\/2021\/12\/JohnBerge-Presidential-Appointee.png 1080w\" sizes=\"(max-width: 310px) 100vw, 310px\" \/><\/p>\n<p><span style=\"font-weight: 400;\"><br \/>\nT\u1ed5ng th\u1ed1ng Joe Biden \u0111\u00e3<a href=\"https:\/\/www.whitehouse.gov\/briefing-room\/statements-releases\/2021\/12\/29\/president-biden-announces-key-regional-appointments-for-usda-hud-and-sba\/\"> t\u00ean l\u00e0 John Berge<\/a> l\u00e0 Gi\u00e1m \u0111\u1ed1c \u0110i\u1ec1u h\u00e0nh Nh\u00e0 n\u01b0\u1edbc USDA c\u1ee7a C\u01a1 quan D\u1ecbch v\u1ee5 Trang tr\u1ea1i cho Nebraska.<\/span><\/p>\n<p><span style=\"font-weight: 400;\">Berge s\u1ebd ch\u1ecbu tr\u00e1ch nhi\u1ec7m gi\u00e1m s\u00e1t vi\u1ec7c cung c\u1ea5p c\u00e1c ch\u01b0\u01a1ng tr\u00ecnh cho c\u00e1c nh\u00e0 s\u1ea3n xu\u1ea5t n\u00f4ng nghi\u1ec7p \u1edf Nebraska. C\u00e1c ch\u01b0\u01a1ng tr\u00ecnh h\u1ed7 tr\u1ee3 h\u00e0ng h\u00f3a, b\u1ea3o t\u1ed3n, t\u00edn d\u1ee5ng v\u00e0 thi\u00ean tai n\u00e0y \u0111\u1ea3m b\u1ea3o cung c\u1ea5p th\u1ef1c ph\u1ea9m, ch\u1ea5t x\u01a1 v\u00e0 nhi\u00ean li\u1ec7u an to\u00e0n, gi\u00e1 c\u1ea3 ph\u1ea3i ch\u0103ng, d\u1ed3i d\u00e0o v\u00e0 b\u1ed5 d\u01b0\u1ee1ng cho ng\u01b0\u1eddi ti\u00eau d\u00f9ng.<\/span><\/p>\n<p><span style=\"font-weight: 400;\">Ch\u1ee7 t\u1ecbch NDP Jane Kleeb cho bi\u1ebft: <\/span><span style=\"font-weight: 400;\">\u201cJohn Berge l\u00e0 ng\u01b0\u1eddi \u1ee7ng h\u1ed9 l\u00e2u n\u0103m cho c\u00e1c c\u1ed9ng \u0111\u1ed3ng n\u00f4ng th\u00f4n v\u1edbi t\u01b0 c\u00e1ch l\u00e0 l\u00e3nh \u0111\u1ea1o c\u1ee7a Khu T\u00e0i nguy\u00ean Thi\u00ean nhi\u00ean (NRD) v\u00e0 l\u00e0 ng\u01b0\u1eddi t\u1eebng \u0111\u01b0\u1ee3c b\u1ed5 nhi\u1ec7m cho Ch\u00ednh quy\u1ec1n Obama. Bang c\u1ee7a ch\u00fang t\u00f4i th\u1eadt may m\u1eafn khi c\u00f3 Berge \u1edf v\u1ecb tr\u00ed l\u00e3nh \u0111\u1ea1o v\u00e0 ch\u00fang t\u00f4i mong mu\u1ed1n \u0111\u01b0\u1ee3c ti\u1ebfp c\u1eadn v\u00e0 c\u00e1c ngu\u1ed3n l\u1ef1c \u0111\u1ec3 h\u1ed7 tr\u1ee3 c\u00e1c c\u1ed9ng \u0111\u1ed3ng n\u00f4ng th\u00f4n m\u1ea1nh m\u1ebd v\u00e0 c\u01a1 s\u1edf kinh t\u1ebf n\u00f4ng nghi\u1ec7p c\u1ee7a ch\u00fang t\u00f4i. \u201d<\/span><\/p>\n<p><span style=\"font-weight: 400;\">B<\/span><span style=\"font-weight: 400;\">erge l\u00e0 t\u1ed5ng gi\u00e1m \u0111\u1ed1c v\u00e0 gi\u00e1m \u0111\u1ed1c \u0111i\u1ec1u h\u00e0nh c\u1ee7a North Platte NRD \u1edf Scottsbluff t\u1eeb n\u0103m 2013. Tr\u01b0\u1edbc \u0111\u00f3, \u00f4ng \u0111\u00e3 gi\u1eef m\u1ed9t s\u1ed1 v\u1ecb tr\u00ed t\u1ea1i USDA, bao g\u1ed3m ph\u00f3 qu\u1ea3n tr\u1ecb vi\u00ean c\u1ee7a C\u01a1 quan D\u1ecbch v\u1ee5 N\u00f4ng nghi\u1ec7p, gi\u00e1m \u0111\u1ed1c \u0111i\u1ec1u h\u00e0nh c\u1ee7a H\u1ed9i \u0111\u1ed3ng N\u00f4ng nghi\u1ec7p v\u00e0 L\u01b0\u01a1ng th\u1ef1c Qu\u1ed1c gia, <\/span><span style=\"font-weight: 400;\">ph\u00f3 v\u00e0 quy\u1ec1n tr\u1ee3 l\u00fd th\u01b0 k\u00fd v\u1ec1 quan h\u1ec7 qu\u1ed1c h\u1ed9i v\u00e0 li\u00ean l\u1ea1c vi\u00ean Nh\u00e0 Tr\u1eafng cho v\u0103n ph\u00f2ng th\u01b0 k\u00fd.<\/span><span style=\"font-weight: 400;\">\u00a0\u00d4ng l\u00e0 gi\u00e1m \u0111\u1ed1c nh\u00e0 n\u01b0\u1edbc c\u1ee7a Obama t\u1ea1i M\u1ef9 v\u00e0o n\u0103m 2008 v\u00e0 c\u0169ng l\u00e0 gi\u00e1m \u0111\u1ed1c \u0111i\u1ec1u h\u00e0nh c\u1ee7a <\/span>Western Nebraska Community College Foundation, c\u00f9ng c\u00e1c v\u1ecb tr\u00ed kh\u00e1c.<\/p>","protected":false},"excerpt":{"rendered":"<p>President Joe Biden has named John Berge as the USDA State Executive Director of the Farm Service Agency for Nebraska. Berge will be responsible for overseeing the delivery of programs to agricultural producers in Nebraska. These commodity, conservation, credit, and disaster assistance programs ensure a safe, affordable, abundant, and nutritious food, fiber and fuel supply &#8230; <a title=\"Th\u00f4ng c\u00e1o b\u00e1o ch\u00ed: Berge \u0111\u01b0\u1ee3c Nh\u00e0 Tr\u1eafng b\u1ed5 nhi\u1ec7m l\u00e0m Gi\u00e1m \u0111\u1ed1c \u0110i\u1ec1u h\u00e0nh Nh\u00e0 n\u01b0\u1edbc c\u1ee7a Nebraska cho USDA\" class=\"read-more\" href=\"http:\/\/nebraskademocrats.org\/vi\/press-releases\/press-release-berge-named-by-the-white-house-as-nebraskas-state-executive-director-for-the-usda\/\" aria-label=\"More on Press release: Berge named by the White House as Nebraska\u2019s State Executive Director for the USDA\">\u0110\u1ecdc th\u00eam<\/a><\/p>","protected":false},"author":19,"featured_media":0,"comment_status":"closed","ping_status":"closed","sticky":false,"template":"","format":"standard","meta":{"_acf_changed":false,"_exactmetrics_skip_tracking":false,"_exactmetrics_sitenote_active":false,"_exactmetrics_sitenote_note":"","_exactmetrics_sitenote_category":0,"footnotes":""},"categories":[4],"tags":[],"class_list":["post-35733","post","type-post","status-publish","format-standard","hentry","category-press-releases"],"acf":[],"yoast_head":"<!-- This site is optimized with the Yoast SEO plugin v27.4 - https:\/\/yoast.com\/product\/yoast-seo-wordpress\/ -->\n<title>Press release: Berge named by the White House as Nebraska\u2019s State Executive Director for the USDA &#8211; Nebraska Democratic Party<\/title>\n<meta name=\"robots\" content=\"index, follow, max-snippet:-1, max-image-preview:large, max-video-preview:-1\" \/>\n<link rel=\"canonical\" href=\"http:\/\/nebraskademocrats.org\/vi\/press-releases\/press-release-berge-named-by-the-white-house-as-nebraskas-state-executive-director-for-the-usda\/\" \/>\n<meta property=\"og:locale\" content=\"vi_VN\" \/>\n<meta property=\"og:type\" content=\"article\" \/>\n<meta property=\"og:title\" content=\"Press release: Berge named by the White House as Nebraska\u2019s State Executive Director for the USDA &#8211; Nebraska Democratic Party\" \/>\n<meta property=\"og:description\" content=\"President Joe Biden has named John Berge as the USDA State Executive Director of the Farm Service Agency for Nebraska. Berge will be responsible for overseeing the delivery of programs to agricultural producers in Nebraska. These commodity, conservation, credit, and disaster assistance programs ensure a safe, affordable, abundant, and nutritious food, fiber and fuel supply ... Read more\" \/>\n<meta property=\"og:url\" content=\"http:\/\/nebraskademocrats.org\/vi\/press-releases\/press-release-berge-named-by-the-white-house-as-nebraskas-state-executive-director-for-the-usda\/\" \/>\n<meta property=\"og:site_name\" content=\"Nebraska Democratic Party\" \/>\n<meta property=\"article:publisher\" content=\"https:\/\/www.facebook.com\/NebraskaDemocraticParty\/\" \/>\n<meta property=\"article:published_time\" content=\"2021-12-30T17:22:12+00:00\" \/>\n<meta property=\"article:modified_time\" content=\"2021-12-30T17:25:10+00:00\" \/>\n<meta property=\"og:image\" content=\"https:\/\/nebraskadem.wpenginepowered.com\/wp-content\/uploads\/2021\/12\/JohnBerge-Presidential-Appointee-1024x1024.png\" \/>\n<meta name=\"author\" content=\"Precious McKesson\" \/>\n<meta name=\"twitter:card\" content=\"summary_large_image\" \/>\n<meta name=\"twitter:creator\" content=\"@nebraskadems\" \/>\n<meta name=\"twitter:site\" content=\"@nebraskadems\" \/>\n<meta name=\"twitter:label1\" content=\"\u0110\u01b0\u1ee3c vi\u1ebft b\u1edfi\" \/>\n\t<meta name=\"twitter:data1\" content=\"Precious McKesson\" \/>\n\t<meta name=\"twitter:label2\" content=\"\u01af\u1edbc t\u00ednh th\u1eddi gian \u0111\u1ecdc\" \/>\n\t<meta name=\"twitter:data2\" content=\"2 ph\u00fat\" \/>\n<script type=\"application\/ld+json\" class=\"yoast-schema-graph\">{\"@context\":\"https:\\\/\\\/schema.org\",\"@graph\":[{\"@type\":\"Article\",\"@id\":\"http:\\\/\\\/nebraskademocrats.org\\\/zh\\\/press-releases\\\/press-release-berge-named-by-the-white-house-as-nebraskas-state-executive-director-for-the-usda\\\/#article\",\"isPartOf\":{\"@id\":\"http:\\\/\\\/nebraskademocrats.org\\\/zh\\\/press-releases\\\/press-release-berge-named-by-the-white-house-as-nebraskas-state-executive-director-for-the-usda\\\/\"},\"author\":{\"name\":\"Precious McKesson\",\"@id\":\"https:\\\/\\\/nebraskademocrats.org\\\/#\\\/schema\\\/person\\\/33e011ea0795f404810dc40828bcf289\"},\"headline\":\"Press release: Berge named by the White House as Nebraska\u2019s State Executive Director for the USDA\",\"datePublished\":\"2021-12-30T17:22:12+00:00\",\"dateModified\":\"2021-12-30T17:25:10+00:00\",\"mainEntityOfPage\":{\"@id\":\"http:\\\/\\\/nebraskademocrats.org\\\/zh\\\/press-releases\\\/press-release-berge-named-by-the-white-house-as-nebraskas-state-executive-director-for-the-usda\\\/\"},\"wordCount\":221,\"publisher\":{\"@id\":\"https:\\\/\\\/nebraskademocrats.org\\\/#organization\"},\"image\":{\"@id\":\"http:\\\/\\\/nebraskademocrats.org\\\/zh\\\/press-releases\\\/press-release-berge-named-by-the-white-house-as-nebraskas-state-executive-director-for-the-usda\\\/#primaryimage\"},\"thumbnailUrl\":\"https:\\\/\\\/nebraskadem.wpenginepowered.com\\\/wp-content\\\/uploads\\\/2021\\\/12\\\/JohnBerge-Presidential-Appointee-1024x1024.png\",\"articleSection\":[\"Press Releases\"],\"inLanguage\":\"vi\"},{\"@type\":\"WebPage\",\"@id\":\"http:\\\/\\\/nebraskademocrats.org\\\/zh\\\/press-releases\\\/press-release-berge-named-by-the-white-house-as-nebraskas-state-executive-director-for-the-usda\\\/\",\"url\":\"http:\\\/\\\/nebraskademocrats.org\\\/zh\\\/press-releases\\\/press-release-berge-named-by-the-white-house-as-nebraskas-state-executive-director-for-the-usda\\\/\",\"name\":\"Press release: Berge named by the White House as Nebraska\u2019s State Executive Director for the USDA &#8211; Nebraska Democratic Party\",\"isPartOf\":{\"@id\":\"https:\\\/\\\/nebraskademocrats.org\\\/#website\"},\"primaryImageOfPage\":{\"@id\":\"http:\\\/\\\/nebraskademocrats.org\\\/zh\\\/press-releases\\\/press-release-berge-named-by-the-white-house-as-nebraskas-state-executive-director-for-the-usda\\\/#primaryimage\"},\"image\":{\"@id\":\"http:\\\/\\\/nebraskademocrats.org\\\/zh\\\/press-releases\\\/press-release-berge-named-by-the-white-house-as-nebraskas-state-executive-director-for-the-usda\\\/#primaryimage\"},\"thumbnailUrl\":\"https:\\\/\\\/nebraskadem.wpenginepowered.com\\\/wp-content\\\/uploads\\\/2021\\\/12\\\/JohnBerge-Presidential-Appointee-1024x1024.png\",\"datePublished\":\"2021-12-30T17:22:12+00:00\",\"dateModified\":\"2021-12-30T17:25:10+00:00\",\"breadcrumb\":{\"@id\":\"http:\\\/\\\/nebraskademocrats.org\\\/zh\\\/press-releases\\\/press-release-berge-named-by-the-white-house-as-nebraskas-state-executive-director-for-the-usda\\\/#breadcrumb\"},\"inLanguage\":\"vi\",\"potentialAction\":[{\"@type\":\"ReadAction\",\"target\":[\"http:\\\/\\\/nebraskademocrats.org\\\/zh\\\/press-releases\\\/press-release-berge-named-by-the-white-house-as-nebraskas-state-executive-director-for-the-usda\\\/\"]}]},{\"@type\":\"ImageObject\",\"inLanguage\":\"vi\",\"@id\":\"http:\\\/\\\/nebraskademocrats.org\\\/zh\\\/press-releases\\\/press-release-berge-named-by-the-white-house-as-nebraskas-state-executive-director-for-the-usda\\\/#primaryimage\",\"url\":\"https:\\\/\\\/nebraskadem.wpenginepowered.com\\\/wp-content\\\/uploads\\\/2021\\\/12\\\/JohnBerge-Presidential-Appointee-1024x1024.png\",\"contentUrl\":\"https:\\\/\\\/nebraskadem.wpenginepowered.com\\\/wp-content\\\/uploads\\\/2021\\\/12\\\/JohnBerge-Presidential-Appointee-1024x1024.png\"},{\"@type\":\"BreadcrumbList\",\"@id\":\"http:\\\/\\\/nebraskademocrats.org\\\/zh\\\/press-releases\\\/press-release-berge-named-by-the-white-house-as-nebraskas-state-executive-director-for-the-usda\\\/#breadcrumb\",\"itemListElement\":[{\"@type\":\"ListItem\",\"position\":1,\"name\":\"Home\",\"item\":\"https:\\\/\\\/nebraskademocrats.org\\\/\"},{\"@type\":\"ListItem\",\"position\":2,\"name\":\"Press release: Berge named by the White House as Nebraska\u2019s State Executive Director for the USDA\"}]},{\"@type\":\"WebSite\",\"@id\":\"https:\\\/\\\/nebraskademocrats.org\\\/#website\",\"url\":\"https:\\\/\\\/nebraskademocrats.org\\\/\",\"name\":\"Nebraska Democratic Party\",\"description\":\"Growing the Good Life for All Nebraskans\",\"publisher\":{\"@id\":\"https:\\\/\\\/nebraskademocrats.org\\\/#organization\"},\"potentialAction\":[{\"@type\":\"SearchAction\",\"target\":{\"@type\":\"EntryPoint\",\"urlTemplate\":\"https:\\\/\\\/nebraskademocrats.org\\\/?s={search_term_string}\"},\"query-input\":{\"@type\":\"PropertyValueSpecification\",\"valueRequired\":true,\"valueName\":\"search_term_string\"}}],\"inLanguage\":\"vi\"},{\"@type\":\"Organization\",\"@id\":\"https:\\\/\\\/nebraskademocrats.org\\\/#organization\",\"name\":\"Nebraska Democratic Party\",\"url\":\"https:\\\/\\\/nebraskademocrats.org\\\/\",\"logo\":{\"@type\":\"ImageObject\",\"inLanguage\":\"vi\",\"@id\":\"https:\\\/\\\/nebraskademocrats.org\\\/#\\\/schema\\\/logo\\\/image\\\/\",\"url\":\"https:\\\/\\\/nebraskadem.wpenginepowered.com\\\/wp-content\\\/uploads\\\/2016\\\/05\\\/NDP2.jpg\",\"contentUrl\":\"https:\\\/\\\/nebraskadem.wpenginepowered.com\\\/wp-content\\\/uploads\\\/2016\\\/05\\\/NDP2.jpg\",\"width\":1000,\"height\":396,\"caption\":\"Nebraska Democratic Party\"},\"image\":{\"@id\":\"https:\\\/\\\/nebraskademocrats.org\\\/#\\\/schema\\\/logo\\\/image\\\/\"},\"sameAs\":[\"https:\\\/\\\/www.facebook.com\\\/NebraskaDemocraticParty\\\/\",\"https:\\\/\\\/x.com\\\/nebraskadems\"]},{\"@type\":\"Person\",\"@id\":\"https:\\\/\\\/nebraskademocrats.org\\\/#\\\/schema\\\/person\\\/33e011ea0795f404810dc40828bcf289\",\"name\":\"Precious McKesson\",\"image\":{\"@type\":\"ImageObject\",\"inLanguage\":\"vi\",\"@id\":\"https:\\\/\\\/secure.gravatar.com\\\/avatar\\\/35046e19b3373116ec64c07d386d3312028d3820dc0ffe65c344bcebc8ea9194?s=96&d=mm&r=g\",\"url\":\"https:\\\/\\\/secure.gravatar.com\\\/avatar\\\/35046e19b3373116ec64c07d386d3312028d3820dc0ffe65c344bcebc8ea9194?s=96&d=mm&r=g\",\"contentUrl\":\"https:\\\/\\\/secure.gravatar.com\\\/avatar\\\/35046e19b3373116ec64c07d386d3312028d3820dc0ffe65c344bcebc8ea9194?s=96&d=mm&r=g\",\"caption\":\"Precious McKesson\"}}]}<\/script>\n<!-- \/ Yoast SEO plugin. -->","yoast_head_json":{"title":"Press release: Berge named by the White House as Nebraska\u2019s State Executive Director for the USDA &#8211; Nebraska Democratic Party","robots":{"index":"index","follow":"follow","max-snippet":"max-snippet:-1","max-image-preview":"max-image-preview:large","max-video-preview":"max-video-preview:-1"},"canonical":"http:\/\/nebraskademocrats.org\/vi\/press-releases\/press-release-berge-named-by-the-white-house-as-nebraskas-state-executive-director-for-the-usda\/","og_locale":"vi_VN","og_type":"article","og_title":"Press release: Berge named by the White House as Nebraska\u2019s State Executive Director for the USDA &#8211; Nebraska Democratic Party","og_description":"President Joe Biden has named John Berge as the USDA State Executive Director of the Farm Service Agency for Nebraska. Berge will be responsible for overseeing the delivery of programs to agricultural producers in Nebraska. These commodity, conservation, credit, and disaster assistance programs ensure a safe, affordable, abundant, and nutritious food, fiber and fuel supply ... Read more","og_url":"http:\/\/nebraskademocrats.org\/vi\/press-releases\/press-release-berge-named-by-the-white-house-as-nebraskas-state-executive-director-for-the-usda\/","og_site_name":"Nebraska Democratic Party","article_publisher":"https:\/\/www.facebook.com\/NebraskaDemocraticParty\/","article_published_time":"2021-12-30T17:22:12+00:00","article_modified_time":"2021-12-30T17:25:10+00:00","og_image":[{"url":"https:\/\/nebraskadem.wpenginepowered.com\/wp-content\/uploads\/2021\/12\/JohnBerge-Presidential-Appointee-1024x1024.png","type":"","width":"","height":""}],"author":"Precious McKesson","twitter_card":"summary_large_image","twitter_creator":"@nebraskadems","twitter_site":"@nebraskadems","twitter_misc":{"\u0110\u01b0\u1ee3c vi\u1ebft b\u1edfi":"Precious McKesson","\u01af\u1edbc t\u00ednh th\u1eddi gian \u0111\u1ecdc":"2 ph\u00fat"},"schema":{"@context":"https:\/\/schema.org","@graph":[{"@type":"Article","@id":"http:\/\/nebraskademocrats.org\/zh\/press-releases\/press-release-berge-named-by-the-white-house-as-nebraskas-state-executive-director-for-the-usda\/#article","isPartOf":{"@id":"http:\/\/nebraskademocrats.org\/zh\/press-releases\/press-release-berge-named-by-the-white-house-as-nebraskas-state-executive-director-for-the-usda\/"},"author":{"name":"Precious McKesson","@id":"https:\/\/nebraskademocrats.org\/#\/schema\/person\/33e011ea0795f404810dc40828bcf289"},"headline":"Press release: Berge named by the White House as Nebraska\u2019s State Executive Director for the USDA","datePublished":"2021-12-30T17:22:12+00:00","dateModified":"2021-12-30T17:25:10+00:00","mainEntityOfPage":{"@id":"http:\/\/nebraskademocrats.org\/zh\/press-releases\/press-release-berge-named-by-the-white-house-as-nebraskas-state-executive-director-for-the-usda\/"},"wordCount":221,"publisher":{"@id":"https:\/\/nebraskademocrats.org\/#organization"},"image":{"@id":"http:\/\/nebraskademocrats.org\/zh\/press-releases\/press-release-berge-named-by-the-white-house-as-nebraskas-state-executive-director-for-the-usda\/#primaryimage"},"thumbnailUrl":"https:\/\/nebraskadem.wpenginepowered.com\/wp-content\/uploads\/2021\/12\/JohnBerge-Presidential-Appointee-1024x1024.png","articleSection":["Press Releases"],"inLanguage":"vi"},{"@type":"WebPage","@id":"http:\/\/nebraskademocrats.org\/zh\/press-releases\/press-release-berge-named-by-the-white-house-as-nebraskas-state-executive-director-for-the-usda\/","url":"http:\/\/nebraskademocrats.org\/zh\/press-releases\/press-release-berge-named-by-the-white-house-as-nebraskas-state-executive-director-for-the-usda\/","name":"Press release: Berge named by the White House as Nebraska\u2019s State Executive Director for the USDA &#8211; Nebraska Democratic Party","isPartOf":{"@id":"https:\/\/nebraskademocrats.org\/#website"},"primaryImageOfPage":{"@id":"http:\/\/nebraskademocrats.org\/zh\/press-releases\/press-release-berge-named-by-the-white-house-as-nebraskas-state-executive-director-for-the-usda\/#primaryimage"},"image":{"@id":"http:\/\/nebraskademocrats.org\/zh\/press-releases\/press-release-berge-named-by-the-white-house-as-nebraskas-state-executive-director-for-the-usda\/#primaryimage"},"thumbnailUrl":"https:\/\/nebraskadem.wpenginepowered.com\/wp-content\/uploads\/2021\/12\/JohnBerge-Presidential-Appointee-1024x1024.png","datePublished":"2021-12-30T17:22:12+00:00","dateModified":"2021-12-30T17:25:10+00:00","breadcrumb":{"@id":"http:\/\/nebraskademocrats.org\/zh\/press-releases\/press-release-berge-named-by-the-white-house-as-nebraskas-state-executive-director-for-the-usda\/#breadcrumb"},"inLanguage":"vi","potentialAction":[{"@type":"ReadAction","target":["http:\/\/nebraskademocrats.org\/zh\/press-releases\/press-release-berge-named-by-the-white-house-as-nebraskas-state-executive-director-for-the-usda\/"]}]},{"@type":"ImageObject","inLanguage":"vi","@id":"http:\/\/nebraskademocrats.org\/zh\/press-releases\/press-release-berge-named-by-the-white-house-as-nebraskas-state-executive-director-for-the-usda\/#primaryimage","url":"https:\/\/nebraskadem.wpenginepowered.com\/wp-content\/uploads\/2021\/12\/JohnBerge-Presidential-Appointee-1024x1024.png","contentUrl":"https:\/\/nebraskadem.wpenginepowered.com\/wp-content\/uploads\/2021\/12\/JohnBerge-Presidential-Appointee-1024x1024.png"},{"@type":"BreadcrumbList","@id":"http:\/\/nebraskademocrats.org\/zh\/press-releases\/press-release-berge-named-by-the-white-house-as-nebraskas-state-executive-director-for-the-usda\/#breadcrumb","itemListElement":[{"@type":"ListItem","position":1,"name":"Home","item":"https:\/\/nebraskademocrats.org\/"},{"@type":"ListItem","position":2,"name":"Press release: Berge named by the White House as Nebraska\u2019s State Executive Director for the USDA"}]},{"@type":"WebSite","@id":"https:\/\/nebraskademocrats.org\/#website","url":"https:\/\/nebraskademocrats.org\/","name":"Nebraska Democratic Party","description":"Ph\u00e1t tri\u1ec3n cu\u1ed9c s\u1ed1ng t\u1ed1t \u0111\u1eb9p cho t\u1ea5t c\u1ea3 Nebraskans","publisher":{"@id":"https:\/\/nebraskademocrats.org\/#organization"},"potentialAction":[{"@type":"SearchAction","target":{"@type":"EntryPoint","urlTemplate":"https:\/\/nebraskademocrats.org\/?s={search_term_string}"},"query-input":{"@type":"PropertyValueSpecification","valueRequired":true,"valueName":"search_term_string"}}],"inLanguage":"vi"},{"@type":"Organization","@id":"https:\/\/nebraskademocrats.org\/#organization","name":"Nebraska Democratic Party","url":"https:\/\/nebraskademocrats.org\/","logo":{"@type":"ImageObject","inLanguage":"vi","@id":"https:\/\/nebraskademocrats.org\/#\/schema\/logo\/image\/","url":"https:\/\/nebraskadem.wpenginepowered.com\/wp-content\/uploads\/2016\/05\/NDP2.jpg","contentUrl":"https:\/\/nebraskadem.wpenginepowered.com\/wp-content\/uploads\/2016\/05\/NDP2.jpg","width":1000,"height":396,"caption":"Nebraska Democratic Party"},"image":{"@id":"https:\/\/nebraskademocrats.org\/#\/schema\/logo\/image\/"},"sameAs":["https:\/\/www.facebook.com\/NebraskaDemocraticParty\/","https:\/\/x.com\/nebraskadems"]},{"@type":"Person","@id":"https:\/\/nebraskademocrats.org\/#\/schema\/person\/33e011ea0795f404810dc40828bcf289","name":"McKesson qu\u00fd gi\u00e1","image":{"@type":"ImageObject","inLanguage":"vi","@id":"https:\/\/secure.gravatar.com\/avatar\/35046e19b3373116ec64c07d386d3312028d3820dc0ffe65c344bcebc8ea9194?s=96&d=mm&r=g","url":"https:\/\/secure.gravatar.com\/avatar\/35046e19b3373116ec64c07d386d3312028d3820dc0ffe65c344bcebc8ea9194?s=96&d=mm&r=g","contentUrl":"https:\/\/secure.gravatar.com\/avatar\/35046e19b3373116ec64c07d386d3312028d3820dc0ffe65c344bcebc8ea9194?s=96&d=mm&r=g","caption":"Precious McKesson"}}]}},"_links":{"self":[{"href":"http:\/\/nebraskademocrats.org\/vi\/wp-json\/wp\/v2\/posts\/35733","targetHints":{"allow":["GET"]}}],"collection":[{"href":"http:\/\/nebraskademocrats.org\/vi\/wp-json\/wp\/v2\/posts"}],"about":[{"href":"http:\/\/nebraskademocrats.org\/vi\/wp-json\/wp\/v2\/types\/post"}],"author":[{"embeddable":true,"href":"http:\/\/nebraskademocrats.org\/vi\/wp-json\/wp\/v2\/users\/19"}],"replies":[{"embeddable":true,"href":"http:\/\/nebraskademocrats.org\/vi\/wp-json\/wp\/v2\/comments?post=35733"}],"version-history":[{"count":0,"href":"http:\/\/nebraskademocrats.org\/vi\/wp-json\/wp\/v2\/posts\/35733\/revisions"}],"wp:attachment":[{"href":"http:\/\/nebraskademocrats.org\/vi\/wp-json\/wp\/v2\/media?parent=35733"}],"wp:term":[{"taxonomy":"category","embeddable":true,"href":"http:\/\/nebraskademocrats.org\/vi\/wp-json\/wp\/v2\/categories?post=35733"},{"taxonomy":"post_tag","embeddable":true,"href":"http:\/\/nebraskademocrats.org\/vi\/wp-json\/wp\/v2\/tags?post=35733"}],"curies":[{"name":"wp","href":"https:\/\/api.w.org\/{rel}","templated":true}]}}