{"id":36874,"date":"2022-03-08T13:58:14","date_gmt":"2022-03-08T19:58:14","guid":{"rendered":"https:\/\/nebraskadem.wpenginepowered.com\/?p=36874"},"modified":"2022-03-08T13:58:28","modified_gmt":"2022-03-08T19:58:28","slug":"american-rescue-plan-child-tax-credit-goes-to-437000-children-in-nebraska-and-eitc-expansion-benefits-104000-more-workers","status":"publish","type":"post","link":"http:\/\/nebraskademocrats.org\/vi\/blog\/american-rescue-plan-child-tax-credit-goes-to-437000-children-in-nebraska-and-eitc-expansion-benefits-104000-more-workers\/","title":{"rendered":"K\u1ebf ho\u1ea1ch Gi\u1ea3i c\u1ee9u Hoa K\u1ef3: T\u00edn d\u1ee5ng Thu\u1ebf Tr\u1ebb em d\u00e0nh cho 437.000 tr\u1ebb em \u1edf Nebraska v\u00e0 vi\u1ec7c m\u1edf r\u1ed9ng EITC mang l\u1ea1i l\u1ee3i \u00edch cho 104.000 c\u00f4ng nh\u00e2n kh\u00e1c"},"content":{"rendered":"<p><img fetchpriority=\"high\" decoding=\"async\" class=\"size-full wp-image-36857 aligncenter\" src=\"https:\/\/nebraskadem.wpenginepowered.com\/wp-content\/uploads\/2022\/03\/American-Recue.jpg\" alt=\"\" width=\"274\" height=\"184\" srcset=\"https:\/\/nebraskademocrats.org\/wp-content\/uploads\/2022\/03\/American-Recue.jpg 274w, https:\/\/nebraskademocrats.org\/wp-content\/uploads\/2022\/03\/American-Recue-18x12.jpg 18w\" sizes=\"(max-width: 274px) 100vw, 274px\" \/><\/p>\n<p><span style=\"font-weight: 400;\">H\u00f4m nay, Nh\u00f3m th\u1ef1c hi\u1ec7n K\u1ebf ho\u1ea1ch gi\u1ea3i c\u1ee9u ng\u01b0\u1eddi M\u1ef9 (ARP) c\u1ee7a Nh\u00e0 Tr\u1eafng \u0111\u00e3 c\u00f4ng b\u1ed1 \u01b0\u1edbc t\u00ednh c\u1ee7a t\u1eebng ti\u1ec3u bang v\u1ec1 vi\u1ec7c m\u1edf r\u1ed9ng T\u00edn d\u1ee5ng thu\u1ebf tr\u1ebb em (CTC), c\u0169ng nh\u01b0 \u01b0\u1edbc t\u00ednh c\u1ee7a t\u1eebng ti\u1ec3u bang v\u1ec1 s\u1ed1 l\u01b0\u1ee3ng c\u00f4ng nh\u00e2n s\u1ebd \u0111\u01b0\u1ee3c h\u01b0\u1edfng l\u1ee3i t\u1eeb t\u0103ng g\u1ea5p ba l\u1ea7n T\u00edn d\u1ee5ng thu\u1ebf thu nh\u1eadp ki\u1ebfm \u0111\u01b0\u1ee3c (EITC) cho ng\u01b0\u1eddi lao \u0111\u1ed9ng kh\u00f4ng c\u00f3 con ph\u1ee5 thu\u1ed9c.<\/span><\/p>\n<p><span style=\"font-weight: 400;\"> B\u1ed9 T\u00e0i ch\u00ednh v\u00e0 Nh\u00e0 Tr\u1eafng c\u0169ng \u0111ang m\u1edf r\u1ed9ng c\u00e1c n\u1ed7 l\u1ef1c \u0111\u1ec3 l\u00e0m cho nhi\u1ec1u ng\u01b0\u1eddi M\u1ef9 bi\u1ebft h\u01a1n v\u1ec1 s\u1ef1 m\u1edf r\u1ed9ng \u0111\u00e1ng k\u1ec3 c\u1ee7a T\u00edn d\u1ee5ng Thu\u1ebf Ch\u0103m s\u00f3c Tr\u1ebb em v\u00e0 Ng\u01b0\u1eddi ph\u1ee5 thu\u1ed9c.<\/span><\/p>\n<p><span style=\"font-weight: 400;\"> \u1ede Nebraska, T\u00edn d\u1ee5ng thu\u1ebf tr\u1ebb em l\u1ecbch s\u1eed n\u0103m nay \u01b0\u1edbc t\u00ednh s\u1ebd mang l\u1ea1i l\u1ee3i \u00edch cho 241.000 gia \u0111\u00ecnh v\u1edbi 437.000 tr\u1ebb em.1<\/span><\/p>\n<p>\u27a2 Nh\u1edd ARP, \u0111\u1ea1i \u0111a s\u1ed1 c\u00e1c gia \u0111\u00ecnh \u1edf Nebraska s\u1ebd nh\u1eadn \u0111\u01b0\u1ee3c $3.000 cho m\u1ed7i tr\u1ebb em t\u1eeb 6-17 tu\u1ed5i v\u00e0 $3.600 cho m\u1ed7i tr\u1ebb em d\u01b0\u1edbi 6 tu\u1ed5i do T\u00edn d\u1ee5ng thu\u1ebf tr\u1ebb em n\u0103m 2021 t\u0103ng l\u00ean.<\/p>\n<p>\u27a2 Tr\u00ean to\u00e0n qu\u1ed1c, \u01b0\u1edbc t\u00ednh c\u00f3 g\u1ea7n 40 tri\u1ec7u gia \u0111\u00ecnh v\u1edbi kho\u1ea3ng 65 tri\u1ec7u tr\u1ebb em s\u1ebd \u0111\u01b0\u1ee3c h\u01b0\u1edfng l\u1ee3i t\u1eeb CTC n\u00e2ng cao theo ARP \u2014 nhi\u1ec1u nh\u1ea5t t\u1eeb tr\u01b0\u1edbc \u0111\u1ebfn nay. T\u00edn d\u1ee5ng Thu\u1ebf Thu nh\u1eadp Thu nh\u1eadp \u0111\u01b0\u1ee3c m\u1edf r\u1ed9ng s\u1ebd mang l\u1ea1i l\u1ee3i \u00edch cho kho\u1ea3ng 104.000 c\u00f4ng nh\u00e2n kh\u00f4ng c\u00f3 con ph\u1ee5 thu\u1ed9c \u1edf Nebraska. 2<\/p>\n<p>\u27a2 ARP t\u0103ng g\u1ea7n g\u1ea5p ba EITC l\u00ean kho\u1ea3ng $1.500 \u0111\u1ed1i v\u1edbi ng\u01b0\u1eddi lao \u0111\u1ed9ng kh\u00f4ng c\u00f3 con c\u00e1i ph\u1ee5 thu\u1ed9c, mang l\u1ea1i m\u1ee9c t\u0103ng th\u1ef1c t\u1ebf \u0111\u1ea7u ti\u00ean k\u1ec3 t\u1eeb n\u0103m 1993.<\/p>\n<p>\u27a2 L\u1ea7n \u0111\u1ea7u ti\u00ean, nh\u1eefng ng\u01b0\u1eddi lao \u0111\u1ed9ng tr\u1ebb h\u01a1n (t\u1eeb 19-24 tu\u1ed5i) v\u00e0 l\u1edbn h\u01a1n (65 tu\u1ed5i tr\u1edf l\u00ean) kh\u00f4ng c\u00f3 con c\u00e1i ph\u1ee5 thu\u1ed9c \u1edf Nebraska \u0111\u1ee7 \u0111i\u1ec1u ki\u1ec7n cho EITC.<\/p>\n<p>\u27a2 Tr\u00ean to\u00e0n qu\u1ed1c, \u01b0\u1edbc t\u00ednh c\u00f3 h\u01a1n 17 tri\u1ec7u ng\u01b0\u1eddi lao \u0111\u1ed9ng \u0111\u01b0\u1ee3c h\u01b0\u1edfng l\u1ee3i t\u1eeb kho\u1ea3n t\u00edn d\u1ee5ng m\u1edf r\u1ed9ng - nh\u1eadn th\u00eam t\u1edbi $1.500 cho nh\u1eefng ng\u01b0\u1eddi m\u1edbi \u0111\u1ee7 \u0111i\u1ec1u ki\u1ec7n, g\u1ea7n $1.000 cho nh\u1eefng ng\u01b0\u1eddi tr\u01b0\u1edbc \u0111\u00f3 \u0111\u00e3 nh\u1eadn \u0111\u01b0\u1ee3c l\u1ee3i \u00edch t\u1ed1i \u0111a v\u00e0 trung b\u00ecnh h\u01a1n $700. T\u00edn d\u1ee5ng Thu\u1ebf Ch\u0103m s\u00f3c Tr\u1ebb em v\u00e0 Ng\u01b0\u1eddi ph\u1ee5 thu\u1ed9c \u0111ang cung c\u1ea5p cho c\u00e1c b\u1eadc cha m\u1eb9 Nebraska \u0111ang l\u00e0m vi\u1ec7c gi\u1ea3m b\u1edbt chi ph\u00ed ch\u0103m s\u00f3c tr\u1ebb em cao.<\/p>\n<p>\u27a2 N\u0103m nay, c\u00e1c gia \u0111\u00ecnh Nebraska c\u00f3 thu nh\u1eadp d\u01b0\u1edbi $125.000 s\u1ebd nh\u1eadn l\u1ea1i t\u1edbi m\u1ed9t n\u1eeda s\u1ed1 ti\u1ec1n h\u1ecd \u0111\u00e3 chi cho vi\u1ec7c ch\u0103m s\u00f3c tr\u1ebb em v\u00e0o n\u0103m 2021 khi \u0111ang l\u00e0m vi\u1ec7c ho\u1eb7c h\u1ecdc t\u1eadp \u2014 ti\u1ebft ki\u1ec7m t\u1edbi $4.000 cho m\u1ed9t tr\u1ebb ho\u1eb7c $8.000 cho hai con tr\u1edf l\u00ean d\u01b0\u1edbi 13 tu\u1ed5i. C\u00e1c gia \u0111\u00ecnh c\u00f3 thu nh\u1eadp l\u00ean \u0111\u1ebfn $438,000 c\u00f3 th\u1ec3 nh\u1eadn \u0111\u01b0\u1ee3c m\u1ed9t ph\u1ea7n t\u00edn d\u1ee5ng.<\/p>\n<p>\u27a2 Tr\u00ean to\u00e0n qu\u1ed1c, \u01b0\u1edbc t\u00ednh c\u00f3 h\u01a1n 7 tri\u1ec7u gia \u0111\u00ecnh \u0111\u01b0\u1ee3c h\u01b0\u1edfng l\u1ee3i t\u1eeb vi\u1ec7c m\u1edf r\u1ed9ng CDCTC, nh\u1eadn \u0111\u01b0\u1ee3c l\u1ee3i \u00edch trung b\u00ecnh l\u1edbn h\u01a1n g\u1ea5p ba l\u1ea7n so v\u1edbi nh\u1eefng n\u0103m tr\u01b0\u1edbc.<\/p>\n<p>***<\/p>\n<h6><span style=\"font-weight: 400;\">1 Nh\u1eefng \u01b0\u1edbc t\u00ednh n\u00e0y l\u00e0 t\u1eeb Nh\u00f3m th\u1ef1c hi\u1ec7n ARP c\u1ee7a Nh\u00e0 Tr\u1eafng. C\u00e1c t\u00ednh to\u00e1n d\u1ef1a tr\u00ean (1) D\u1eef li\u1ec7u c\u1ee7a B\u1ed9 Ng\u00e2n kh\u1ed1 v\u1ec1 s\u1ed1 ti\u1ec1n thanh to\u00e1n T\u00edch l\u0169y tr\u01b0\u1edbc cho kho\u1ea3n ti\u1ec1n \u1ee9ng tr\u01b0\u1edbc thu\u1ebf cho tr\u1ebb em, theo ti\u1ec3u bang, t\u1eeb th\u00e1ng 7 n\u0103m 2021 \u0111\u1ebfn th\u00e1ng 12 n\u0103m 2021 v\u00e0 (2) \u01b0\u1edbc t\u00ednh c\u1ee7a IRS t\u1eeb th\u00e1ng 5 n\u0103m 2021 v\u1ec1 s\u1ed1 h\u1ed9 gia \u0111\u00ecnh v\u00e0 tr\u1ebb em d\u1ef1 ki\u1ebfn s\u1ebd nh\u1eadn \u0111\u01b0\u1ee3c t\u1ea1m \u1ee9ng c\u00e1c kho\u1ea3n thanh to\u00e1n; 3) c\u00e1c \u0111i\u1ec1u ch\u1ec9nh \u0111\u01b0\u1ee3c th\u1ef1c hi\u1ec7n \u0111\u1ed1i v\u1edbi c\u00e1c s\u1ed1 li\u1ec7u c\u1ee7a Kho b\u1ea1c v\u00e0 IRS \u0111\u01b0\u1ee3c c\u00f4ng b\u1ed1 \u0111\u1ec3 gi\u1ea3i th\u00edch cho nh\u1eefng ng\u01b0\u1eddi n\u1ed9p thu\u1ebf \u0111\u00e3 ch\u1ecdn kh\u00f4ng nh\u1eadn c\u00e1c kho\u1ea3n thanh to\u00e1n CTC tr\u01b0\u1edbc v\u00e0 cho s\u1ed1 l\u01b0\u1ee3ng ca sinh \u01b0\u1edbc t\u00ednh v\u00e0o n\u0103m 2021 \u2014 \u0111\u1ec3 \u01b0\u1edbc t\u00ednh s\u1ed1 l\u01b0\u1ee3ng \u0111\u01a1n v\u1ecb thu\u1ebf v\u00e0 s\u1ed1 l\u01b0\u1ee3ng tr\u1ebb em \u0111\u1ee7 ti\u00eau chu\u1ea9n li\u00ean quan, d\u1ef1 ki\u1ebfn nh\u1eadn CTCK cho n\u0103m t\u00ednh thu\u1ebf 2021<\/span><\/h6>\n<h6><span style=\"font-weight: 400;\"> 2 \u01af\u1edbc t\u00ednh v\u1ec1 nh\u1eefng ng\u01b0\u1eddi lao \u0111\u1ed9ng kh\u00f4ng c\u00f3 ng\u01b0\u1eddi ph\u1ee5 thu\u1ed9c s\u1ebd \u0111\u01b0\u1ee3c h\u01b0\u1edfng l\u1ee3i t\u1eeb vi\u1ec7c m\u1edf r\u1ed9ng EITC c\u1ee7a K\u1ebf ho\u1ea1ch Gi\u1ea3i c\u1ee9u Hoa K\u1ef3 \u0111\u01b0\u1ee3c l\u1ea5y t\u1eeb \u0110\u1ea1o lu\u1eadt K\u1ebf ho\u1ea1ch Gi\u1ea3i c\u1ee9u Hoa K\u1ef3 c\u1ee7a Trung t\u00e2m Ng\u00e2n s\u00e1ch v\u00e0 Ch\u00ednh s\u00e1ch (CBPP) bao g\u1ed3m c\u00e1c M\u1edf r\u1ed9ng Quan tr\u1ecdng v\u1ec1 T\u00edn d\u1ee5ng Thu\u1ebf Tr\u1ebb em v\u00e0 EITC. 3 CBPP \u01b0\u1edbc t\u00ednh r\u1eb1ng kho\u1ea3ng 17.<\/span><\/h6>\n<h6><span style=\"font-weight: 400;\">3 tri\u1ec7u c\u00f4ng nh\u00e2n s\u1ebd \u0111\u01b0\u1ee3c h\u01b0\u1edfng l\u1ee3i t\u1eeb vi\u1ec7c m\u1edf r\u1ed9ng quy m\u00f4 to\u00e0n qu\u1ed1c. \u01af\u1edbc t\u00ednh m\u1ee9c t\u0103ng trung b\u00ecnh c\u1ee7a kho\u1ea3n t\u00edn d\u1ee5ng nh\u1eadn \u0111\u01b0\u1ee3c d\u1ef1a tr\u00ean ph\u00e2n t\u00edch c\u1ee7a Kho b\u1ea1c. 4 \u01af\u1edbc t\u00ednh c\u1ee7a Trung t\u00e2m Ch\u00ednh s\u00e1ch Thu\u1ebf. \u0110\u1ec3 bi\u1ebft th\u00eam chi ti\u1ebft, h\u00e3y xem: T21-0053 - Thu\u1ebf Tr\u1ee3 c\u1ea5p Tr\u1ebb em v\u00e0 T\u00edn d\u1ee5ng Thu\u1ebf Ch\u0103m s\u00f3c Ng\u01b0\u1eddi ph\u1ee5 thu\u1ed9c, theo Ph\u1ea7n tr\u0103m Thu nh\u1eadp Ti\u1ec1n m\u1eb7t M\u1edf r\u1ed9ng, 2021<\/span><\/h6>","protected":false},"excerpt":{"rendered":"<p>H\u00f4m nay, Nh\u00f3m th\u1ef1c hi\u1ec7n K\u1ebf ho\u1ea1ch gi\u1ea3i c\u1ee9u ng\u01b0\u1eddi M\u1ef9 (ARP) c\u1ee7a Nh\u00e0 Tr\u1eafng \u0111\u00e3 c\u00f4ng b\u1ed1 \u01b0\u1edbc t\u00ednh c\u1ee7a t\u1eebng ti\u1ec3u bang v\u1ec1 vi\u1ec7c m\u1edf r\u1ed9ng T\u00edn d\u1ee5ng thu\u1ebf tr\u1ebb em (CTC), c\u0169ng nh\u01b0 \u01b0\u1edbc t\u00ednh c\u1ee7a t\u1eebng ti\u1ec3u bang v\u1ec1 s\u1ed1 l\u01b0\u1ee3ng c\u00f4ng nh\u00e2n s\u1ebd \u0111\u01b0\u1ee3c h\u01b0\u1edfng l\u1ee3i t\u1eeb t\u0103ng g\u1ea5p ba l\u1ea7n T\u00edn d\u1ee5ng thu\u1ebf thu nh\u1eadp ki\u1ebfm \u0111\u01b0\u1ee3c (EITC) cho ng\u01b0\u1eddi lao \u0111\u1ed9ng kh\u00f4ng c\u00f3 con ph\u1ee5 thu\u1ed9c. B\u1ed9 Ng\u00e2n kh\u1ed1 v\u00e0 White\u2026 <a title=\"K\u1ebf ho\u1ea1ch Gi\u1ea3i c\u1ee9u Hoa K\u1ef3: T\u00edn d\u1ee5ng Thu\u1ebf Tr\u1ebb em d\u00e0nh cho 437.000 tr\u1ebb em \u1edf Nebraska v\u00e0 vi\u1ec7c m\u1edf r\u1ed9ng EITC mang l\u1ea1i l\u1ee3i \u00edch cho 104.000 c\u00f4ng nh\u00e2n kh\u00e1c\" class=\"read-more\" href=\"http:\/\/nebraskademocrats.org\/vi\/blog\/american-rescue-plan-child-tax-credit-goes-to-437000-children-in-nebraska-and-eitc-expansion-benefits-104000-more-workers\/\" aria-label=\"Th\u00f4ng tin th\u00eam v\u1ec1 K\u1ebf ho\u1ea1ch gi\u1ea3i c\u1ee9u M\u1ef9: T\u00edn d\u1ee5ng thu\u1ebf tr\u1ebb em \u0111\u01b0\u1ee3c c\u1ea5p cho 437.000 tr\u1ebb em \u1edf Nebraska v\u00e0 vi\u1ec7c m\u1edf r\u1ed9ng EITC mang l\u1ea1i l\u1ee3i \u00edch cho 104.000 c\u00f4ng nh\u00e2n kh\u00e1c\">\u0110\u1ecdc th\u00eam<\/a><\/p>","protected":false},"author":19,"featured_media":0,"comment_status":"closed","ping_status":"closed","sticky":false,"template":"","format":"standard","meta":{"_acf_changed":false,"_exactmetrics_skip_tracking":false,"_exactmetrics_sitenote_active":false,"_exactmetrics_sitenote_note":"","_exactmetrics_sitenote_category":0,"footnotes":""},"categories":[1],"tags":[],"class_list":["post-36874","post","type-post","status-publish","format-standard","hentry","category-blog"],"acf":[],"yoast_head":"<!-- This site is optimized with the Yoast SEO plugin v27.5 - https:\/\/yoast.com\/product\/yoast-seo-wordpress\/ -->\n<title>American Rescue Plan: Child Tax Credit goes to 437,000 children in Nebraska and EITC expansion benefits 104,000 more workers &#8211; Nebraska Democratic Party<\/title>\n<meta name=\"robots\" content=\"index, follow, max-snippet:-1, max-image-preview:large, max-video-preview:-1\" \/>\n<link rel=\"canonical\" href=\"http:\/\/nebraskademocrats.org\/vi\/blog\/american-rescue-plan-child-tax-credit-goes-to-437000-children-in-nebraska-and-eitc-expansion-benefits-104000-more-workers\/\" \/>\n<meta property=\"og:locale\" content=\"vi_VN\" \/>\n<meta property=\"og:type\" content=\"article\" \/>\n<meta property=\"og:title\" content=\"American Rescue Plan: Child Tax Credit goes to 437,000 children in Nebraska and EITC expansion benefits 104,000 more workers &#8211; Nebraska Democratic Party\" \/>\n<meta property=\"og:description\" content=\"Today, the White House American Rescue Plan (ARP) Implementation Team announced state-by-state estimates of the expansion of the Child Tax Credit (CTC), as well as state-by-state estimates of the number of workers who will benefit from the tripling of the Earned Income Tax Credit (EITC) for workers without dependent children. The Treasury Department and White ... Read more\" \/>\n<meta property=\"og:url\" content=\"http:\/\/nebraskademocrats.org\/vi\/blog\/american-rescue-plan-child-tax-credit-goes-to-437000-children-in-nebraska-and-eitc-expansion-benefits-104000-more-workers\/\" \/>\n<meta property=\"og:site_name\" content=\"Nebraska Democratic Party\" \/>\n<meta property=\"article:publisher\" content=\"https:\/\/www.facebook.com\/NebraskaDemocraticParty\/\" \/>\n<meta property=\"article:published_time\" content=\"2022-03-08T19:58:14+00:00\" \/>\n<meta property=\"article:modified_time\" content=\"2022-03-08T19:58:28+00:00\" \/>\n<meta property=\"og:image\" content=\"https:\/\/nebraskadem.wpenginepowered.com\/wp-content\/uploads\/2022\/03\/American-Recue.jpg\" \/>\n<meta name=\"author\" content=\"Precious McKesson\" \/>\n<meta name=\"twitter:card\" content=\"summary_large_image\" \/>\n<meta name=\"twitter:creator\" content=\"@nebraskadems\" \/>\n<meta name=\"twitter:site\" content=\"@nebraskadems\" \/>\n<meta name=\"twitter:label1\" content=\"\u0110\u01b0\u1ee3c vi\u1ebft b\u1edfi\" \/>\n\t<meta name=\"twitter:data1\" content=\"Precious McKesson\" \/>\n\t<meta name=\"twitter:label2\" content=\"\u01af\u1edbc t\u00ednh th\u1eddi gian \u0111\u1ecdc\" \/>\n\t<meta name=\"twitter:data2\" content=\"3 ph\u00fat\" \/>\n<script type=\"application\/ld+json\" class=\"yoast-schema-graph\">{\"@context\":\"https:\\\/\\\/schema.org\",\"@graph\":[{\"@type\":\"Article\",\"@id\":\"http:\\\/\\\/nebraskademocrats.org\\\/zh\\\/blog\\\/american-rescue-plan-child-tax-credit-goes-to-437000-children-in-nebraska-and-eitc-expansion-benefits-104000-more-workers\\\/#article\",\"isPartOf\":{\"@id\":\"http:\\\/\\\/nebraskademocrats.org\\\/zh\\\/blog\\\/american-rescue-plan-child-tax-credit-goes-to-437000-children-in-nebraska-and-eitc-expansion-benefits-104000-more-workers\\\/\"},\"author\":{\"name\":\"Precious McKesson\",\"@id\":\"https:\\\/\\\/nebraskademocrats.org\\\/#\\\/schema\\\/person\\\/33e011ea0795f404810dc40828bcf289\"},\"headline\":\"American Rescue Plan: Child Tax Credit goes to 437,000 children in Nebraska and EITC expansion benefits 104,000 more workers\",\"datePublished\":\"2022-03-08T19:58:14+00:00\",\"dateModified\":\"2022-03-08T19:58:28+00:00\",\"mainEntityOfPage\":{\"@id\":\"http:\\\/\\\/nebraskademocrats.org\\\/zh\\\/blog\\\/american-rescue-plan-child-tax-credit-goes-to-437000-children-in-nebraska-and-eitc-expansion-benefits-104000-more-workers\\\/\"},\"wordCount\":548,\"publisher\":{\"@id\":\"https:\\\/\\\/nebraskademocrats.org\\\/#organization\"},\"image\":{\"@id\":\"http:\\\/\\\/nebraskademocrats.org\\\/zh\\\/blog\\\/american-rescue-plan-child-tax-credit-goes-to-437000-children-in-nebraska-and-eitc-expansion-benefits-104000-more-workers\\\/#primaryimage\"},\"thumbnailUrl\":\"https:\\\/\\\/nebraskadem.wpenginepowered.com\\\/wp-content\\\/uploads\\\/2022\\\/03\\\/American-Recue.jpg\",\"articleSection\":[\"NDP Blog\"],\"inLanguage\":\"vi\"},{\"@type\":\"WebPage\",\"@id\":\"http:\\\/\\\/nebraskademocrats.org\\\/zh\\\/blog\\\/american-rescue-plan-child-tax-credit-goes-to-437000-children-in-nebraska-and-eitc-expansion-benefits-104000-more-workers\\\/\",\"url\":\"http:\\\/\\\/nebraskademocrats.org\\\/zh\\\/blog\\\/american-rescue-plan-child-tax-credit-goes-to-437000-children-in-nebraska-and-eitc-expansion-benefits-104000-more-workers\\\/\",\"name\":\"American Rescue Plan: Child Tax Credit goes to 437,000 children in Nebraska and EITC expansion benefits 104,000 more workers &#8211; Nebraska Democratic Party\",\"isPartOf\":{\"@id\":\"https:\\\/\\\/nebraskademocrats.org\\\/#website\"},\"primaryImageOfPage\":{\"@id\":\"http:\\\/\\\/nebraskademocrats.org\\\/zh\\\/blog\\\/american-rescue-plan-child-tax-credit-goes-to-437000-children-in-nebraska-and-eitc-expansion-benefits-104000-more-workers\\\/#primaryimage\"},\"image\":{\"@id\":\"http:\\\/\\\/nebraskademocrats.org\\\/zh\\\/blog\\\/american-rescue-plan-child-tax-credit-goes-to-437000-children-in-nebraska-and-eitc-expansion-benefits-104000-more-workers\\\/#primaryimage\"},\"thumbnailUrl\":\"https:\\\/\\\/nebraskadem.wpenginepowered.com\\\/wp-content\\\/uploads\\\/2022\\\/03\\\/American-Recue.jpg\",\"datePublished\":\"2022-03-08T19:58:14+00:00\",\"dateModified\":\"2022-03-08T19:58:28+00:00\",\"breadcrumb\":{\"@id\":\"http:\\\/\\\/nebraskademocrats.org\\\/zh\\\/blog\\\/american-rescue-plan-child-tax-credit-goes-to-437000-children-in-nebraska-and-eitc-expansion-benefits-104000-more-workers\\\/#breadcrumb\"},\"inLanguage\":\"vi\",\"potentialAction\":[{\"@type\":\"ReadAction\",\"target\":[\"http:\\\/\\\/nebraskademocrats.org\\\/zh\\\/blog\\\/american-rescue-plan-child-tax-credit-goes-to-437000-children-in-nebraska-and-eitc-expansion-benefits-104000-more-workers\\\/\"]}]},{\"@type\":\"ImageObject\",\"inLanguage\":\"vi\",\"@id\":\"http:\\\/\\\/nebraskademocrats.org\\\/zh\\\/blog\\\/american-rescue-plan-child-tax-credit-goes-to-437000-children-in-nebraska-and-eitc-expansion-benefits-104000-more-workers\\\/#primaryimage\",\"url\":\"https:\\\/\\\/nebraskadem.wpenginepowered.com\\\/wp-content\\\/uploads\\\/2022\\\/03\\\/American-Recue.jpg\",\"contentUrl\":\"https:\\\/\\\/nebraskadem.wpenginepowered.com\\\/wp-content\\\/uploads\\\/2022\\\/03\\\/American-Recue.jpg\"},{\"@type\":\"BreadcrumbList\",\"@id\":\"http:\\\/\\\/nebraskademocrats.org\\\/zh\\\/blog\\\/american-rescue-plan-child-tax-credit-goes-to-437000-children-in-nebraska-and-eitc-expansion-benefits-104000-more-workers\\\/#breadcrumb\",\"itemListElement\":[{\"@type\":\"ListItem\",\"position\":1,\"name\":\"Home\",\"item\":\"https:\\\/\\\/nebraskademocrats.org\\\/\"},{\"@type\":\"ListItem\",\"position\":2,\"name\":\"American Rescue Plan: Child Tax Credit goes to 437,000 children in Nebraska and EITC expansion benefits 104,000 more workers\"}]},{\"@type\":\"WebSite\",\"@id\":\"https:\\\/\\\/nebraskademocrats.org\\\/#website\",\"url\":\"https:\\\/\\\/nebraskademocrats.org\\\/\",\"name\":\"Nebraska Democratic Party\",\"description\":\"Growing the Good Life for All Nebraskans\",\"publisher\":{\"@id\":\"https:\\\/\\\/nebraskademocrats.org\\\/#organization\"},\"potentialAction\":[{\"@type\":\"SearchAction\",\"target\":{\"@type\":\"EntryPoint\",\"urlTemplate\":\"https:\\\/\\\/nebraskademocrats.org\\\/?s={search_term_string}\"},\"query-input\":{\"@type\":\"PropertyValueSpecification\",\"valueRequired\":true,\"valueName\":\"search_term_string\"}}],\"inLanguage\":\"vi\"},{\"@type\":\"Organization\",\"@id\":\"https:\\\/\\\/nebraskademocrats.org\\\/#organization\",\"name\":\"Nebraska Democratic Party\",\"url\":\"https:\\\/\\\/nebraskademocrats.org\\\/\",\"logo\":{\"@type\":\"ImageObject\",\"inLanguage\":\"vi\",\"@id\":\"https:\\\/\\\/nebraskademocrats.org\\\/#\\\/schema\\\/logo\\\/image\\\/\",\"url\":\"https:\\\/\\\/nebraskadem.wpenginepowered.com\\\/wp-content\\\/uploads\\\/2016\\\/05\\\/NDP2.jpg\",\"contentUrl\":\"https:\\\/\\\/nebraskadem.wpenginepowered.com\\\/wp-content\\\/uploads\\\/2016\\\/05\\\/NDP2.jpg\",\"width\":1000,\"height\":396,\"caption\":\"Nebraska Democratic Party\"},\"image\":{\"@id\":\"https:\\\/\\\/nebraskademocrats.org\\\/#\\\/schema\\\/logo\\\/image\\\/\"},\"sameAs\":[\"https:\\\/\\\/www.facebook.com\\\/NebraskaDemocraticParty\\\/\",\"https:\\\/\\\/x.com\\\/nebraskadems\"]},{\"@type\":\"Person\",\"@id\":\"https:\\\/\\\/nebraskademocrats.org\\\/#\\\/schema\\\/person\\\/33e011ea0795f404810dc40828bcf289\",\"name\":\"Precious McKesson\",\"image\":{\"@type\":\"ImageObject\",\"inLanguage\":\"vi\",\"@id\":\"https:\\\/\\\/secure.gravatar.com\\\/avatar\\\/35046e19b3373116ec64c07d386d3312028d3820dc0ffe65c344bcebc8ea9194?s=96&d=mm&r=g\",\"url\":\"https:\\\/\\\/secure.gravatar.com\\\/avatar\\\/35046e19b3373116ec64c07d386d3312028d3820dc0ffe65c344bcebc8ea9194?s=96&d=mm&r=g\",\"contentUrl\":\"https:\\\/\\\/secure.gravatar.com\\\/avatar\\\/35046e19b3373116ec64c07d386d3312028d3820dc0ffe65c344bcebc8ea9194?s=96&d=mm&r=g\",\"caption\":\"Precious McKesson\"}}]}<\/script>\n<!-- \/ Yoast SEO plugin. -->","yoast_head_json":{"title":"American Rescue Plan: Child Tax Credit goes to 437,000 children in Nebraska and EITC expansion benefits 104,000 more workers &#8211; Nebraska Democratic Party","robots":{"index":"index","follow":"follow","max-snippet":"max-snippet:-1","max-image-preview":"max-image-preview:large","max-video-preview":"max-video-preview:-1"},"canonical":"http:\/\/nebraskademocrats.org\/vi\/blog\/american-rescue-plan-child-tax-credit-goes-to-437000-children-in-nebraska-and-eitc-expansion-benefits-104000-more-workers\/","og_locale":"vi_VN","og_type":"article","og_title":"American Rescue Plan: Child Tax Credit goes to 437,000 children in Nebraska and EITC expansion benefits 104,000 more workers &#8211; Nebraska Democratic Party","og_description":"Today, the White House American Rescue Plan (ARP) Implementation Team announced state-by-state estimates of the expansion of the Child Tax Credit (CTC), as well as state-by-state estimates of the number of workers who will benefit from the tripling of the Earned Income Tax Credit (EITC) for workers without dependent children. The Treasury Department and White ... Read more","og_url":"http:\/\/nebraskademocrats.org\/vi\/blog\/american-rescue-plan-child-tax-credit-goes-to-437000-children-in-nebraska-and-eitc-expansion-benefits-104000-more-workers\/","og_site_name":"Nebraska Democratic Party","article_publisher":"https:\/\/www.facebook.com\/NebraskaDemocraticParty\/","article_published_time":"2022-03-08T19:58:14+00:00","article_modified_time":"2022-03-08T19:58:28+00:00","og_image":[{"url":"https:\/\/nebraskadem.wpenginepowered.com\/wp-content\/uploads\/2022\/03\/American-Recue.jpg","type":"","width":"","height":""}],"author":"Precious McKesson","twitter_card":"summary_large_image","twitter_creator":"@nebraskadems","twitter_site":"@nebraskadems","twitter_misc":{"\u0110\u01b0\u1ee3c vi\u1ebft b\u1edfi":"Precious McKesson","\u01af\u1edbc t\u00ednh th\u1eddi gian \u0111\u1ecdc":"3 ph\u00fat"},"schema":{"@context":"https:\/\/schema.org","@graph":[{"@type":"Article","@id":"http:\/\/nebraskademocrats.org\/zh\/blog\/american-rescue-plan-child-tax-credit-goes-to-437000-children-in-nebraska-and-eitc-expansion-benefits-104000-more-workers\/#article","isPartOf":{"@id":"http:\/\/nebraskademocrats.org\/zh\/blog\/american-rescue-plan-child-tax-credit-goes-to-437000-children-in-nebraska-and-eitc-expansion-benefits-104000-more-workers\/"},"author":{"name":"Precious McKesson","@id":"https:\/\/nebraskademocrats.org\/#\/schema\/person\/33e011ea0795f404810dc40828bcf289"},"headline":"American Rescue Plan: Child Tax Credit goes to 437,000 children in Nebraska and EITC expansion benefits 104,000 more workers","datePublished":"2022-03-08T19:58:14+00:00","dateModified":"2022-03-08T19:58:28+00:00","mainEntityOfPage":{"@id":"http:\/\/nebraskademocrats.org\/zh\/blog\/american-rescue-plan-child-tax-credit-goes-to-437000-children-in-nebraska-and-eitc-expansion-benefits-104000-more-workers\/"},"wordCount":548,"publisher":{"@id":"https:\/\/nebraskademocrats.org\/#organization"},"image":{"@id":"http:\/\/nebraskademocrats.org\/zh\/blog\/american-rescue-plan-child-tax-credit-goes-to-437000-children-in-nebraska-and-eitc-expansion-benefits-104000-more-workers\/#primaryimage"},"thumbnailUrl":"https:\/\/nebraskadem.wpenginepowered.com\/wp-content\/uploads\/2022\/03\/American-Recue.jpg","articleSection":["NDP Blog"],"inLanguage":"vi"},{"@type":"WebPage","@id":"http:\/\/nebraskademocrats.org\/zh\/blog\/american-rescue-plan-child-tax-credit-goes-to-437000-children-in-nebraska-and-eitc-expansion-benefits-104000-more-workers\/","url":"http:\/\/nebraskademocrats.org\/zh\/blog\/american-rescue-plan-child-tax-credit-goes-to-437000-children-in-nebraska-and-eitc-expansion-benefits-104000-more-workers\/","name":"American Rescue Plan: Child Tax Credit goes to 437,000 children in Nebraska and EITC expansion benefits 104,000 more workers &#8211; Nebraska Democratic Party","isPartOf":{"@id":"https:\/\/nebraskademocrats.org\/#website"},"primaryImageOfPage":{"@id":"http:\/\/nebraskademocrats.org\/zh\/blog\/american-rescue-plan-child-tax-credit-goes-to-437000-children-in-nebraska-and-eitc-expansion-benefits-104000-more-workers\/#primaryimage"},"image":{"@id":"http:\/\/nebraskademocrats.org\/zh\/blog\/american-rescue-plan-child-tax-credit-goes-to-437000-children-in-nebraska-and-eitc-expansion-benefits-104000-more-workers\/#primaryimage"},"thumbnailUrl":"https:\/\/nebraskadem.wpenginepowered.com\/wp-content\/uploads\/2022\/03\/American-Recue.jpg","datePublished":"2022-03-08T19:58:14+00:00","dateModified":"2022-03-08T19:58:28+00:00","breadcrumb":{"@id":"http:\/\/nebraskademocrats.org\/zh\/blog\/american-rescue-plan-child-tax-credit-goes-to-437000-children-in-nebraska-and-eitc-expansion-benefits-104000-more-workers\/#breadcrumb"},"inLanguage":"vi","potentialAction":[{"@type":"ReadAction","target":["http:\/\/nebraskademocrats.org\/zh\/blog\/american-rescue-plan-child-tax-credit-goes-to-437000-children-in-nebraska-and-eitc-expansion-benefits-104000-more-workers\/"]}]},{"@type":"ImageObject","inLanguage":"vi","@id":"http:\/\/nebraskademocrats.org\/zh\/blog\/american-rescue-plan-child-tax-credit-goes-to-437000-children-in-nebraska-and-eitc-expansion-benefits-104000-more-workers\/#primaryimage","url":"https:\/\/nebraskadem.wpenginepowered.com\/wp-content\/uploads\/2022\/03\/American-Recue.jpg","contentUrl":"https:\/\/nebraskadem.wpenginepowered.com\/wp-content\/uploads\/2022\/03\/American-Recue.jpg"},{"@type":"BreadcrumbList","@id":"http:\/\/nebraskademocrats.org\/zh\/blog\/american-rescue-plan-child-tax-credit-goes-to-437000-children-in-nebraska-and-eitc-expansion-benefits-104000-more-workers\/#breadcrumb","itemListElement":[{"@type":"ListItem","position":1,"name":"Home","item":"https:\/\/nebraskademocrats.org\/"},{"@type":"ListItem","position":2,"name":"American Rescue Plan: Child Tax Credit goes to 437,000 children in Nebraska and EITC expansion benefits 104,000 more workers"}]},{"@type":"WebSite","@id":"https:\/\/nebraskademocrats.org\/#website","url":"https:\/\/nebraskademocrats.org\/","name":"Nebraska Democratic Party","description":"Ph\u00e1t tri\u1ec3n cu\u1ed9c s\u1ed1ng t\u1ed1t \u0111\u1eb9p cho t\u1ea5t c\u1ea3 Nebraskans","publisher":{"@id":"https:\/\/nebraskademocrats.org\/#organization"},"potentialAction":[{"@type":"SearchAction","target":{"@type":"EntryPoint","urlTemplate":"https:\/\/nebraskademocrats.org\/?s={search_term_string}"},"query-input":{"@type":"PropertyValueSpecification","valueRequired":true,"valueName":"search_term_string"}}],"inLanguage":"vi"},{"@type":"Organization","@id":"https:\/\/nebraskademocrats.org\/#organization","name":"Nebraska Democratic Party","url":"https:\/\/nebraskademocrats.org\/","logo":{"@type":"ImageObject","inLanguage":"vi","@id":"https:\/\/nebraskademocrats.org\/#\/schema\/logo\/image\/","url":"https:\/\/nebraskadem.wpenginepowered.com\/wp-content\/uploads\/2016\/05\/NDP2.jpg","contentUrl":"https:\/\/nebraskadem.wpenginepowered.com\/wp-content\/uploads\/2016\/05\/NDP2.jpg","width":1000,"height":396,"caption":"Nebraska Democratic Party"},"image":{"@id":"https:\/\/nebraskademocrats.org\/#\/schema\/logo\/image\/"},"sameAs":["https:\/\/www.facebook.com\/NebraskaDemocraticParty\/","https:\/\/x.com\/nebraskadems"]},{"@type":"Person","@id":"https:\/\/nebraskademocrats.org\/#\/schema\/person\/33e011ea0795f404810dc40828bcf289","name":"McKesson qu\u00fd gi\u00e1","image":{"@type":"ImageObject","inLanguage":"vi","@id":"https:\/\/secure.gravatar.com\/avatar\/35046e19b3373116ec64c07d386d3312028d3820dc0ffe65c344bcebc8ea9194?s=96&d=mm&r=g","url":"https:\/\/secure.gravatar.com\/avatar\/35046e19b3373116ec64c07d386d3312028d3820dc0ffe65c344bcebc8ea9194?s=96&d=mm&r=g","contentUrl":"https:\/\/secure.gravatar.com\/avatar\/35046e19b3373116ec64c07d386d3312028d3820dc0ffe65c344bcebc8ea9194?s=96&d=mm&r=g","caption":"Precious McKesson"}}]}},"_links":{"self":[{"href":"http:\/\/nebraskademocrats.org\/vi\/wp-json\/wp\/v2\/posts\/36874","targetHints":{"allow":["GET"]}}],"collection":[{"href":"http:\/\/nebraskademocrats.org\/vi\/wp-json\/wp\/v2\/posts"}],"about":[{"href":"http:\/\/nebraskademocrats.org\/vi\/wp-json\/wp\/v2\/types\/post"}],"author":[{"embeddable":true,"href":"http:\/\/nebraskademocrats.org\/vi\/wp-json\/wp\/v2\/users\/19"}],"replies":[{"embeddable":true,"href":"http:\/\/nebraskademocrats.org\/vi\/wp-json\/wp\/v2\/comments?post=36874"}],"version-history":[{"count":0,"href":"http:\/\/nebraskademocrats.org\/vi\/wp-json\/wp\/v2\/posts\/36874\/revisions"}],"wp:attachment":[{"href":"http:\/\/nebraskademocrats.org\/vi\/wp-json\/wp\/v2\/media?parent=36874"}],"wp:term":[{"taxonomy":"category","embeddable":true,"href":"http:\/\/nebraskademocrats.org\/vi\/wp-json\/wp\/v2\/categories?post=36874"},{"taxonomy":"post_tag","embeddable":true,"href":"http:\/\/nebraskademocrats.org\/vi\/wp-json\/wp\/v2\/tags?post=36874"}],"curies":[{"name":"wp","href":"https:\/\/api.w.org\/{rel}","templated":true}]}}