{"id":38710,"date":"2022-08-01T10:20:52","date_gmt":"2022-08-01T15:20:52","guid":{"rendered":"https:\/\/nebraskadem.wpenginepowered.com\/?p=38710"},"modified":"2022-08-01T13:31:36","modified_gmt":"2022-08-01T18:31:36","slug":"ndps-harrold-responds-to-failure-of-senate-to-pass-pact-act-to-help-veterans","status":"publish","type":"post","link":"http:\/\/nebraskademocrats.org\/vi\/blog\/ndps-harrold-responds-to-failure-of-senate-to-pass-pact-act-to-help-veterans\/","title":{"rendered":"NDP&#039;s Harrold ph\u1ea3n \u1ee9ng tr\u01b0\u1edbc vi\u1ec7c Th\u01b0\u1ee3ng vi\u1ec7n kh\u00f4ng th\u00f4ng qua \u0110\u1ea1o lu\u1eadt PACT \u0111\u1ec3 gi\u00fap \u0111\u1ee1 c\u00e1c c\u1ef1u chi\u1ebfn binh"},"content":{"rendered":"<div class=\"\" data-block=\"true\" data-editor=\"f4onb\" data-offset-key=\"69uk-0-0\">\n<div class=\"_1mf _1mj\" data-offset-key=\"69uk-0-0\">\n<p><em>L\u01afU \u00dd: T\u00e1c gi\u1ea3, Jim Harrold, ch\u1ee7 t\u1ecbch H\u1ed9i \u0111\u1ed3ng C\u1ef1u chi\u1ebfn binh v\u00e0 Gia \u0111\u00ecnh Qu\u00e2n nh\u00e2n c\u1ee7a NDP, vi\u1ebft v\u1ec1 th\u1ea5t b\u1ea1i c\u1ee7a Th\u01b0\u1ee3ng vi\u1ec7n Hoa K\u1ef3 v\u00e0o ng\u00e0y 27 th\u00e1ng 7 trong vi\u1ec7c th\u00fac \u0111\u1ea9y \u0110\u1ea1o lu\u1eadt PACT.<\/em><\/p>\n<p>&nbsp;<\/p>\n<\/div>\n<\/div>\n<div data-offset-key=\"69uk-0-0\"><img fetchpriority=\"high\" decoding=\"async\" class=\"wp-image-38717 aligncenter\" src=\"https:\/\/nebraskadem.wpenginepowered.com\/wp-content\/uploads\/2022\/08\/Deb-Fischer-celebrating-1-1-1024x1024.png\" alt=\"\" width=\"449\" height=\"449\" srcset=\"https:\/\/nebraskademocrats.org\/wp-content\/uploads\/2022\/08\/Deb-Fischer-celebrating-1-1-1024x1024.png 1024w, https:\/\/nebraskademocrats.org\/wp-content\/uploads\/2022\/08\/Deb-Fischer-celebrating-1-1-300x300.png 300w, https:\/\/nebraskademocrats.org\/wp-content\/uploads\/2022\/08\/Deb-Fischer-celebrating-1-1-150x150.png 150w, https:\/\/nebraskademocrats.org\/wp-content\/uploads\/2022\/08\/Deb-Fischer-celebrating-1-1-768x768.png 768w, https:\/\/nebraskademocrats.org\/wp-content\/uploads\/2022\/08\/Deb-Fischer-celebrating-1-1-12x12.png 12w, https:\/\/nebraskademocrats.org\/wp-content\/uploads\/2022\/08\/Deb-Fischer-celebrating-1-1.png 1080w\" sizes=\"(max-width: 449px) 100vw, 449px\" \/><\/div>\n<div data-offset-key=\"69uk-0-0\"><\/div>\n<div data-offset-key=\"69uk-0-0\"><\/div>\n<div data-offset-key=\"69uk-0-0\"><span style=\"font-size: 12pt;\"><span style=\"font-size: 12pt;\"><br \/>\nGi\u1ed1ng nh\u01b0 nhi\u1ec1u ng\u01b0\u1eddi trong s\u1ed1 b\u1ea1n v\u00e0 gia \u0111\u00ecnh c\u1ee7a b\u1ea1n, t\u00f4i \u0111\u00e3 ph\u1ee5c v\u1ee5 v\u00e0 gia \u0111\u00ecnh t\u00f4i ph\u1ee5c v\u1ee5 c\u00f9ng v\u1edbi t\u00f4i. Gi\u1ed1ng nh\u01b0 b\u1ea1n, t\u00f4i c\u00f3 nh\u1eefng ng\u01b0\u1eddi b\u1ea1n \u0111\u00e3 hy sinh \u0111\u1ec3 ph\u1ee5c v\u1ee5 \u0111\u1ea5t n\u01b0\u1edbc n\u00e0y.<\/span><\/span>Nhi\u1ec1u ng\u01b0\u1eddi trong s\u1ed1 h\u1ecd \u0111\u00e3 ch\u1ebft v\u00e0i th\u00e1ng ho\u1eb7c v\u00e0i n\u0103m sau khi r\u1eddi kh\u1ecfi khu v\u1ef1c chi\u1ebfn \u0111\u1ea5u m\u00e0 h\u1ecd t\u1eebng ph\u1ee5c v\u1ee5 do nh\u1eefng v\u1ebft s\u1eb9o v\u1ec1 th\u1ec3 ch\u1ea5t v\u00e0 t\u00ecnh c\u1ea3m. Nhi\u1ec1u ng\u01b0\u1eddi v\u1eabn \u1edf b\u00ean ch\u00fang ta, m\u1ed9t s\u1ed1 ng\u01b0\u1eddi v\u1eabn ph\u1ea3i ch\u1ecbu \u0111\u1ef1ng nh\u1eefng v\u1ebft s\u1eb9o v\u1ec1 th\u1ec3 ch\u1ea5t v\u00e0 t\u00ecnh c\u1ea3m.<\/p>\n<p>Th\u01b0\u1ee3ng vi\u1ec7n \u0111\u00e3 th\u1ea5t b\u1ea1i trong vi\u1ec7c th\u00fac \u0111\u1ea9y \u0110\u1ea1o lu\u1eadt PACT, v\u1ed1n s\u1ebd cung c\u1ea5p d\u1ecbch v\u1ee5 ch\u0103m s\u00f3c s\u1ee9c kh\u1ecfe b\u1ed5 sung cho \u00edt nh\u1ea5t ba tri\u1ec7u c\u1ef1u chi\u1ebfn binh b\u1ecb ph\u01a1i nhi\u1ec5m v\u1edbi c\u00e1c ch\u1ea5t \u0111\u1ed9c nh\u01b0 ch\u1ea5t \u0111\u1ed9c da cam v\u00e0 c\u00e1c h\u1ed1 b\u1ecfng th\u01b0\u1eddng \u0111\u01b0\u1ee3c s\u1eed d\u1ee5ng \u1edf Iraq v\u00e0 Afghanistan.<\/p>\n<\/div>\n<div class=\"\" data-block=\"true\" data-editor=\"f4onb\" data-offset-key=\"69uk-0-0\">\n<div class=\"_1mf _1mj\" data-offset-key=\"69uk-0-0\">\u0110\u00fang l\u00e0 cu\u1ed9c b\u1ecf phi\u1ebfu t\u1ea1i Th\u01b0\u1ee3ng vi\u1ec7n l\u00e0 m\u1ed9t cu\u1ed9c b\u1ecf phi\u1ebfu mang t\u00ednh th\u1ee7 t\u1ee5c, v\u00ec n\u00f3 l\u00e0 m\u1ed9t cu\u1ed9c b\u1ecf phi\u1ebfu \u0111\u1ec3 ch\u1ea5m d\u1ee9t m\u1ed9t s\u1ef1 b\u1ea5t \u0111\u1ed3ng v\u1ec1 d\u1ef1 lu\u1eadt. C\u0169ng \u0111\u00fang khi 55 th\u01b0\u1ee3ng ngh\u1ecb s\u0129, trong \u0111\u00f3 c\u00f3 m\u1ed9t s\u1ed1 \u00edt \u0111\u1ea3ng vi\u00ean \u0110\u1ea3ng C\u1ed9ng h\u00f2a, \u0111\u00e3 b\u1ecf phi\u1ebfu \u0111\u1ec3 k\u1ebft th\u00fac cu\u1ed9c b\u1ecf phi\u1ebfu \u0111\u1ec3 cho ph\u00e9p b\u1ecf phi\u1ebfu v\u1ec1 ch\u00ednh d\u1ef1 lu\u1eadt. ngh\u0129 r\u1eb1ng h\u00f3a \u0111\u01a1n qu\u00e1 \u0111\u1eaft. B\u00e2y gi\u1edd, c\u00f3 kh\u1ea3 n\u0103ng l\u00e0 d\u1ef1 lu\u1eadt cu\u1ed1i c\u00f9ng s\u1ebd \u0111\u01b0\u1ee3c \u0111\u01b0a ra s\u00e0n c\u1ee7a Th\u01b0\u1ee3ng vi\u1ec7n \u0111\u1ec3 bi\u1ec3u quy\u1ebft, nh\u01b0ng kh\u00f4ng c\u00f3 kh\u1ea3 n\u0103ng l\u00e0 d\u1ef1 lu\u1eadt s\u1ebd gi\u1ed1ng nhau.<\/p>\n<p>Ch\u00fang t\u00f4i \u0111\u00e3 ti\u1ebfn r\u1ea5t g\u1ea7n \u0111\u1ebfn vi\u1ec7c \u0111\u00f2i l\u1ea1i c\u00f4ng b\u1eb1ng cho h\u00e0ng tri\u1ec7u c\u1ef1u chi\u1ebfn binh. Th\u01b0\u1ee3ng vi\u1ec7n \u0111\u00e3 th\u00f4ng qua m\u1ed9t phi\u00ean b\u1ea3n c\u1ee7a d\u1ef1 lu\u1eadt b\u1ecb H\u1ea1 vi\u1ec7n b\u00e1c b\u1ecf. Sau khi H\u1ea1 vi\u1ec7n cu\u1ed1i c\u00f9ng \u0111\u00e3 ph\u00ea duy\u1ec7t phi\u00ean b\u1ea3n c\u1ee7a n\u00f3 v\u00e0 g\u1eedi n\u00f3 tr\u1edf l\u1ea1i Th\u01b0\u1ee3ng vi\u1ec7n, gi\u1edd \u0111\u00e2y ch\u00fang t\u00f4i th\u1ea5t v\u1ecdng khi th\u1ea5y r\u1eb1ng b\u1ed9 phim \u0111\u00e3 d\u1eebng n\u00f3 l\u1ea1i \u0111\u00fang h\u01b0\u1edbng. Th\u1ef1c t\u1ebf l\u00e0 b\u1ea5t k\u1ec3 Th\u01b0\u1ee3ng ngh\u1ecb s\u0129 Toomey n\u00f3i g\u00ec, d\u1ef1 lu\u1eadt m\u00e0 \u00f4ng v\u00e0 c\u00e1c th\u00e0nh vi\u00ean \u0111\u1ea3ng C\u1ed9ng h\u00f2a c\u1ee7a \u00f4ng \u0111\u00e3 \u0111\u00ecnh tr\u1ec7 v\u1ec1 c\u01a1 b\u1ea3n v\u1eabn gi\u1ed1ng v\u1edbi d\u1ef1 lu\u1eadt \u0111\u00e3 \u0111\u01b0\u1ee3c Th\u01b0\u1ee3ng vi\u1ec7n th\u00f4ng qua v\u00e0i th\u00e1ng tr\u01b0\u1edbc.<\/p>\n<p>T\u00f4i th\u1ea5t v\u1ecdng c\u00f9ng v\u1edbi h\u1ea7u h\u1ebft c\u00e1c b\u1ea1n r\u1eb1ng \u0111\u00e2y l\u00e0 n\u01a1i ch\u00fang ta \u0111ang \u1edf.<\/p>\n<p>C\u1ea3 Th\u01b0\u1ee3ng ngh\u1ecb s\u0129 Deb Fischer v\u00e0 Th\u01b0\u1ee3ng ngh\u1ecb s\u0129 Ben Sasse \u0111\u1ec1u b\u1ecf phi\u1ebfu v\u1edbi Th\u01b0\u1ee3ng ngh\u1ecb s\u0129 Toomey \u0111\u1ec3 gi\u1eef nguy\u00ean v\u1ecb tr\u00ed c\u1ee7a b\u1ed9 phim.<\/p>\n<p>Tuy nhi\u00ean, \u0111\u00e2y l\u00e0 m\u1ed9t c\u00e2u n\u00f3i c\u1ee7a Th\u01b0\u1ee3ng ngh\u1ecb s\u0129 Jon Tester c\u1ee7a Montana r\u1ea5t th\u00edch h\u1ee3p v\u00e0o th\u1eddi \u0111i\u1ec3m n\u00e0y: \u201cN\u1ebfu b\u1ea1n c\u00f3 \u0111\u1ee7 can \u0111\u1ea3m \u0111\u1ec3 c\u1eed ai \u0111\u00f3 tham chi\u1ebfn, th\u00ec t\u1ed1t h\u01a1n b\u1ea1n n\u00ean c\u00f3 gan \u0111\u1ec3 ch\u0103m s\u00f3c h\u1ecd khi h\u1ecd v\u1ec1 nh\u00e0.\u201d<\/p>\n<p>Th\u01b0\u1ee3ng ngh\u1ecb s\u0129 Chris Murphy, c\u0169ng \u0111\u00e3 c\u00f3 m\u1ed9t s\u1ed1 l\u1eddi d\u00e0nh cho c\u00e1c \u0111\u1ed3ng nghi\u1ec7p Th\u01b0\u1ee3ng vi\u1ec7n c\u1ee7a m\u00ecnh tr\u00ean s\u00e0n c\u1ee7a Th\u01b0\u1ee3ng vi\u1ec7n. <a href=\"https:\/\/www.youtube.com\/watch?v=YRiHnc0B3VY\">B\u1ea1n c\u00f3 th\u1ec3 xem nh\u1eadn x\u00e9t c\u1ee7a anh \u1ea5y \u1edf \u0111\u00e2y.<\/a><\/p>\n<p>C\u00f3 l\u1ebd b\u1ea1n c\u0169ng bi\u1ebft r\u1eb1ng Qu\u00e2n \u0111\u1ed9i v\u00e0 c\u00e1c d\u1ecbch v\u1ee5 kh\u00e1c \u0111ang g\u1eb7p kh\u00f3 kh\u0103n trong vi\u1ec7c \u0111\u00e1p \u1ee9ng c\u00e1c m\u1ee5c ti\u00eau tuy\u1ec3n d\u1ee5ng. S\u1ef1 th\u1ea5t b\u1ea1i c\u1ee7a c\u00e1c nh\u00e0 l\u00e3nh \u0111\u1ea1o c\u1ee7a ch\u00fang ta trong vi\u1ec7c ch\u0103m s\u00f3c c\u00e1c c\u1ef1u chi\u1ebfn binh s\u1ebd kh\u00f4ng gi\u00fap \u00edch \u0111\u01b0\u1ee3c g\u00ec.<\/p>\n<p>T\u00f4i \u0111\u00e3 g\u1ecdi v\u00e0 g\u1eedi e-mail \u0111\u1ebfn v\u0103n ph\u00f2ng c\u1ee7a Th\u01b0\u1ee3ng ngh\u1ecb s\u0129 Fischer v\u00e0 Th\u01b0\u1ee3ng ngh\u1ecb s\u0129 Sasse \u0111\u1ec3 b\u00e0y t\u1ecf s\u1ef1 th\u1ea5t v\u1ecdng c\u1ee7a t\u00f4i. T\u00f4i hy v\u1ecdng b\u1ea1n c\u0169ng s\u1ebd l\u00e0m nh\u01b0 v\u1eady. T\u00f4i c\u0169ng s\u1ebd y\u00eau c\u1ea7u b\u1ea1n li\u00ean h\u1ec7 v\u1edbi m\u1ea1ng l\u01b0\u1edbi C\u1ef1u chi\u1ebfn binh v\u00e0 Gia \u0111\u00ecnh c\u1ee7a ri\u00eang b\u1ea1n, c\u00f9ng v\u1edbi B\u1ea1n b\u00e8 c\u1ee7a C\u1ef1u chi\u1ebfn binh, v\u00e0 y\u00eau c\u1ea7u h\u1ecd l\u00e0m \u0111i\u1ec1u t\u01b0\u01a1ng t\u1ef1. G\u1ecdi cho c\u00e1c th\u01b0\u1ee3ng ngh\u1ecb s\u0129 c\u1ee7a b\u1ea1n.<\/p>\n<\/div>\n<div data-offset-key=\"69uk-0-0\"><\/div>\n<div class=\"_1mf _1mj\" data-offset-key=\"69uk-0-0\">\n<div class=\"\" data-block=\"true\" data-editor=\"f4onb\" data-offset-key=\"e9q9p-0-0\">\n<div class=\"_1mf _1mj\" data-offset-key=\"e9q9p-0-0\">\n<p><span data-offset-key=\"e9q9p-0-0\">&#8212;<strong>Th\u00f4ng tin li\u00ean h\u1ec7 cho<\/strong> <strong>Th\u01b0\u1ee3ng ngh\u1ecb s\u0129 Fischer:<\/strong> 202-224-6551.<\/span><span data-offset-key=\"e9q9p-0-0\">S\u1ed1 kh\u00e1c l\u00e0 t\u1ea1i c\u00f4 \u1ea5y <a href=\"https:\/\/www.fischer.senate.gov\/public\/\">trang m\u1ea1ng.<\/a><\/span><\/p>\n<p>&#8212;<strong>Th\u00f4ng tin li\u00ean h\u1ec7 v\u1edbi Sen. Sasse:<\/strong> 202-224-4224. C\u00e1c con s\u1ed1 kh\u00e1c l\u00e0 c\u1ee7a anh \u1ea5y <a href=\"https:\/\/www.sasse.senate.gov\/public\/\">trang m\u1ea1ng.<\/a><\/p>\n<\/div>\n<\/div>\n<div class=\"\" data-block=\"true\" data-editor=\"f4onb\" data-offset-key=\"eradu-0-0\">\n<div class=\"_1mf _1mj\" data-offset-key=\"eradu-0-0\"><span data-offset-key=\"eradu-0-0\"><br \/>\n<\/span>Ch\u00fang ta \u0111\u00e3 m\u1ea5t qu\u00e1 nhi\u1ec1u ng\u01b0\u1eddi t\u1ed1t s\u1ed1ng s\u00f3t sau c\u00e1c cu\u1ed9c chi\u1ebfn tranh \u1edf Vi\u1ec7t Nam, \u1edf Iraq, \u1edf Afghanistan v\u00e0 \u1edf nhi\u1ec1u n\u01a1i kh\u00e1c, ch\u1ec9 \u0111\u1ec3 tr\u1edf v\u1ec1 nh\u00e0 v\u00e0 ch\u1ecbu nh\u1eefng t\u00e1c \u0111\u1ed9ng l\u00e2u d\u00e0i c\u1ee7a ch\u1ea5t \u0111\u1ed9c h\u00f3a h\u1ecdc \u0111\u01b0\u1ee3c s\u1eed d\u1ee5ng trong c\u00e1c cu\u1ed9c xung \u0111\u1ed9t. Ch\u00fang ta ph\u1ea3i m\u1ea5t th\u00eam bao nhi\u00eau n\u1eefa?<\/p>\n<\/div>\n<\/div>\n<\/div>\n<\/div>\n<div class=\"\" data-block=\"true\" data-editor=\"f4onb\" data-offset-key=\"392a4-0-0\">\n<div class=\"_1mf _1mj\" data-offset-key=\"392a4-0-0\"><span data-offset-key=\"392a4-0-0\">Jim Harrold<\/span><\/div>\n<\/div>\n<div class=\"\" data-block=\"true\" data-editor=\"f4onb\" data-offset-key=\"5055q-0-0\"><\/div>","protected":false},"excerpt":{"rendered":"<p>NOTE: The author, Jim Harrold, chair of the NDP&#8217;s Veterans and Military Families Council, writes about the U.S. Senate&#8217;s failure on July 27 to advance the PACT Act. &nbsp; Like many of you and your families, I served and my family served alongside me. Like you, I have friends who have died in service to &#8230; <a title=\"NDP&#8217;s Harrold responds to failure of Senate to pass PACT Act to help veterans\" class=\"read-more\" href=\"http:\/\/nebraskademocrats.org\/vi\/blog\/ndps-harrold-responds-to-failure-of-senate-to-pass-pact-act-to-help-veterans\/\" aria-label=\"More on NDP&#8217;s Harrold responds to failure of Senate to pass PACT Act to help veterans\">\u0110\u1ecdc th\u00eam<\/a><\/p>","protected":false},"author":19,"featured_media":0,"comment_status":"closed","ping_status":"closed","sticky":false,"template":"","format":"standard","meta":{"_acf_changed":false,"_exactmetrics_skip_tracking":false,"_exactmetrics_sitenote_active":false,"_exactmetrics_sitenote_note":"","_exactmetrics_sitenote_category":0,"footnotes":""},"categories":[1],"tags":[],"class_list":["post-38710","post","type-post","status-publish","format-standard","hentry","category-blog"],"acf":[],"yoast_head":"<!-- This site is optimized with the Yoast SEO plugin v27.4 - https:\/\/yoast.com\/product\/yoast-seo-wordpress\/ -->\n<title>NDP&#039;s Harrold responds to failure of Senate to pass PACT Act to help veterans &#8211; Nebraska Democratic Party<\/title>\n<meta name=\"robots\" content=\"index, follow, max-snippet:-1, max-image-preview:large, max-video-preview:-1\" \/>\n<link rel=\"canonical\" href=\"http:\/\/nebraskademocrats.org\/vi\/blog\/ndps-harrold-responds-to-failure-of-senate-to-pass-pact-act-to-help-veterans\/\" \/>\n<meta property=\"og:locale\" content=\"vi_VN\" \/>\n<meta property=\"og:type\" content=\"article\" \/>\n<meta property=\"og:title\" content=\"NDP&#039;s Harrold responds to failure of Senate to pass PACT Act to help veterans &#8211; Nebraska Democratic Party\" \/>\n<meta property=\"og:description\" content=\"NOTE: The author, Jim Harrold, chair of the NDP&#8217;s Veterans and Military Families Council, writes about the U.S. Senate&#8217;s failure on July 27 to advance the PACT Act. &nbsp; Like many of you and your families, I served and my family served alongside me. Like you, I have friends who have died in service to ... Read more\" \/>\n<meta property=\"og:url\" content=\"http:\/\/nebraskademocrats.org\/vi\/blog\/ndps-harrold-responds-to-failure-of-senate-to-pass-pact-act-to-help-veterans\/\" \/>\n<meta property=\"og:site_name\" content=\"Nebraska Democratic Party\" \/>\n<meta property=\"article:publisher\" content=\"https:\/\/www.facebook.com\/NebraskaDemocraticParty\/\" \/>\n<meta property=\"article:published_time\" content=\"2022-08-01T15:20:52+00:00\" \/>\n<meta property=\"article:modified_time\" content=\"2022-08-01T18:31:36+00:00\" \/>\n<meta property=\"og:image\" content=\"https:\/\/nebraskadem.wpenginepowered.com\/wp-content\/uploads\/2022\/08\/Deb-Fischer-celebrating-1-1-1024x1024.png\" \/>\n<meta name=\"author\" content=\"Precious McKesson\" \/>\n<meta name=\"twitter:card\" content=\"summary_large_image\" \/>\n<meta name=\"twitter:creator\" content=\"@nebraskadems\" \/>\n<meta name=\"twitter:site\" content=\"@nebraskadems\" \/>\n<meta name=\"twitter:label1\" content=\"\u0110\u01b0\u1ee3c vi\u1ebft b\u1edfi\" \/>\n\t<meta name=\"twitter:data1\" content=\"Precious McKesson\" \/>\n\t<meta name=\"twitter:label2\" content=\"\u01af\u1edbc t\u00ednh th\u1eddi gian \u0111\u1ecdc\" \/>\n\t<meta name=\"twitter:data2\" content=\"3 ph\u00fat\" \/>\n<script type=\"application\/ld+json\" class=\"yoast-schema-graph\">{\"@context\":\"https:\\\/\\\/schema.org\",\"@graph\":[{\"@type\":\"Article\",\"@id\":\"http:\\\/\\\/nebraskademocrats.org\\\/zh\\\/blog\\\/ndps-harrold-responds-to-failure-of-senate-to-pass-pact-act-to-help-veterans\\\/#article\",\"isPartOf\":{\"@id\":\"http:\\\/\\\/nebraskademocrats.org\\\/zh\\\/blog\\\/ndps-harrold-responds-to-failure-of-senate-to-pass-pact-act-to-help-veterans\\\/\"},\"author\":{\"name\":\"Precious McKesson\",\"@id\":\"https:\\\/\\\/nebraskademocrats.org\\\/#\\\/schema\\\/person\\\/33e011ea0795f404810dc40828bcf289\"},\"headline\":\"NDP&#8217;s Harrold responds to failure of Senate to pass PACT Act to help veterans\",\"datePublished\":\"2022-08-01T15:20:52+00:00\",\"dateModified\":\"2022-08-01T18:31:36+00:00\",\"mainEntityOfPage\":{\"@id\":\"http:\\\/\\\/nebraskademocrats.org\\\/zh\\\/blog\\\/ndps-harrold-responds-to-failure-of-senate-to-pass-pact-act-to-help-veterans\\\/\"},\"wordCount\":619,\"publisher\":{\"@id\":\"https:\\\/\\\/nebraskademocrats.org\\\/#organization\"},\"image\":{\"@id\":\"http:\\\/\\\/nebraskademocrats.org\\\/zh\\\/blog\\\/ndps-harrold-responds-to-failure-of-senate-to-pass-pact-act-to-help-veterans\\\/#primaryimage\"},\"thumbnailUrl\":\"https:\\\/\\\/nebraskadem.wpenginepowered.com\\\/wp-content\\\/uploads\\\/2022\\\/08\\\/Deb-Fischer-celebrating-1-1-1024x1024.png\",\"articleSection\":[\"NDP Blog\"],\"inLanguage\":\"vi\"},{\"@type\":\"WebPage\",\"@id\":\"http:\\\/\\\/nebraskademocrats.org\\\/zh\\\/blog\\\/ndps-harrold-responds-to-failure-of-senate-to-pass-pact-act-to-help-veterans\\\/\",\"url\":\"http:\\\/\\\/nebraskademocrats.org\\\/zh\\\/blog\\\/ndps-harrold-responds-to-failure-of-senate-to-pass-pact-act-to-help-veterans\\\/\",\"name\":\"NDP's Harrold responds to failure of Senate to pass PACT Act to help veterans &#8211; Nebraska Democratic Party\",\"isPartOf\":{\"@id\":\"https:\\\/\\\/nebraskademocrats.org\\\/#website\"},\"primaryImageOfPage\":{\"@id\":\"http:\\\/\\\/nebraskademocrats.org\\\/zh\\\/blog\\\/ndps-harrold-responds-to-failure-of-senate-to-pass-pact-act-to-help-veterans\\\/#primaryimage\"},\"image\":{\"@id\":\"http:\\\/\\\/nebraskademocrats.org\\\/zh\\\/blog\\\/ndps-harrold-responds-to-failure-of-senate-to-pass-pact-act-to-help-veterans\\\/#primaryimage\"},\"thumbnailUrl\":\"https:\\\/\\\/nebraskadem.wpenginepowered.com\\\/wp-content\\\/uploads\\\/2022\\\/08\\\/Deb-Fischer-celebrating-1-1-1024x1024.png\",\"datePublished\":\"2022-08-01T15:20:52+00:00\",\"dateModified\":\"2022-08-01T18:31:36+00:00\",\"breadcrumb\":{\"@id\":\"http:\\\/\\\/nebraskademocrats.org\\\/zh\\\/blog\\\/ndps-harrold-responds-to-failure-of-senate-to-pass-pact-act-to-help-veterans\\\/#breadcrumb\"},\"inLanguage\":\"vi\",\"potentialAction\":[{\"@type\":\"ReadAction\",\"target\":[\"http:\\\/\\\/nebraskademocrats.org\\\/zh\\\/blog\\\/ndps-harrold-responds-to-failure-of-senate-to-pass-pact-act-to-help-veterans\\\/\"]}]},{\"@type\":\"ImageObject\",\"inLanguage\":\"vi\",\"@id\":\"http:\\\/\\\/nebraskademocrats.org\\\/zh\\\/blog\\\/ndps-harrold-responds-to-failure-of-senate-to-pass-pact-act-to-help-veterans\\\/#primaryimage\",\"url\":\"https:\\\/\\\/nebraskadem.wpenginepowered.com\\\/wp-content\\\/uploads\\\/2022\\\/08\\\/Deb-Fischer-celebrating-1-1-1024x1024.png\",\"contentUrl\":\"https:\\\/\\\/nebraskadem.wpenginepowered.com\\\/wp-content\\\/uploads\\\/2022\\\/08\\\/Deb-Fischer-celebrating-1-1-1024x1024.png\"},{\"@type\":\"BreadcrumbList\",\"@id\":\"http:\\\/\\\/nebraskademocrats.org\\\/zh\\\/blog\\\/ndps-harrold-responds-to-failure-of-senate-to-pass-pact-act-to-help-veterans\\\/#breadcrumb\",\"itemListElement\":[{\"@type\":\"ListItem\",\"position\":1,\"name\":\"Home\",\"item\":\"https:\\\/\\\/nebraskademocrats.org\\\/\"},{\"@type\":\"ListItem\",\"position\":2,\"name\":\"NDP&#8217;s Harrold responds to failure of Senate to pass PACT Act to help veterans\"}]},{\"@type\":\"WebSite\",\"@id\":\"https:\\\/\\\/nebraskademocrats.org\\\/#website\",\"url\":\"https:\\\/\\\/nebraskademocrats.org\\\/\",\"name\":\"Nebraska Democratic Party\",\"description\":\"Growing the Good Life for All Nebraskans\",\"publisher\":{\"@id\":\"https:\\\/\\\/nebraskademocrats.org\\\/#organization\"},\"potentialAction\":[{\"@type\":\"SearchAction\",\"target\":{\"@type\":\"EntryPoint\",\"urlTemplate\":\"https:\\\/\\\/nebraskademocrats.org\\\/?s={search_term_string}\"},\"query-input\":{\"@type\":\"PropertyValueSpecification\",\"valueRequired\":true,\"valueName\":\"search_term_string\"}}],\"inLanguage\":\"vi\"},{\"@type\":\"Organization\",\"@id\":\"https:\\\/\\\/nebraskademocrats.org\\\/#organization\",\"name\":\"Nebraska Democratic Party\",\"url\":\"https:\\\/\\\/nebraskademocrats.org\\\/\",\"logo\":{\"@type\":\"ImageObject\",\"inLanguage\":\"vi\",\"@id\":\"https:\\\/\\\/nebraskademocrats.org\\\/#\\\/schema\\\/logo\\\/image\\\/\",\"url\":\"https:\\\/\\\/nebraskadem.wpenginepowered.com\\\/wp-content\\\/uploads\\\/2016\\\/05\\\/NDP2.jpg\",\"contentUrl\":\"https:\\\/\\\/nebraskadem.wpenginepowered.com\\\/wp-content\\\/uploads\\\/2016\\\/05\\\/NDP2.jpg\",\"width\":1000,\"height\":396,\"caption\":\"Nebraska Democratic Party\"},\"image\":{\"@id\":\"https:\\\/\\\/nebraskademocrats.org\\\/#\\\/schema\\\/logo\\\/image\\\/\"},\"sameAs\":[\"https:\\\/\\\/www.facebook.com\\\/NebraskaDemocraticParty\\\/\",\"https:\\\/\\\/x.com\\\/nebraskadems\"]},{\"@type\":\"Person\",\"@id\":\"https:\\\/\\\/nebraskademocrats.org\\\/#\\\/schema\\\/person\\\/33e011ea0795f404810dc40828bcf289\",\"name\":\"Precious McKesson\",\"image\":{\"@type\":\"ImageObject\",\"inLanguage\":\"vi\",\"@id\":\"https:\\\/\\\/secure.gravatar.com\\\/avatar\\\/35046e19b3373116ec64c07d386d3312028d3820dc0ffe65c344bcebc8ea9194?s=96&d=mm&r=g\",\"url\":\"https:\\\/\\\/secure.gravatar.com\\\/avatar\\\/35046e19b3373116ec64c07d386d3312028d3820dc0ffe65c344bcebc8ea9194?s=96&d=mm&r=g\",\"contentUrl\":\"https:\\\/\\\/secure.gravatar.com\\\/avatar\\\/35046e19b3373116ec64c07d386d3312028d3820dc0ffe65c344bcebc8ea9194?s=96&d=mm&r=g\",\"caption\":\"Precious McKesson\"}}]}<\/script>\n<!-- \/ Yoast SEO plugin. -->","yoast_head_json":{"title":"NDP's Harrold responds to failure of Senate to pass PACT Act to help veterans &#8211; Nebraska Democratic Party","robots":{"index":"index","follow":"follow","max-snippet":"max-snippet:-1","max-image-preview":"max-image-preview:large","max-video-preview":"max-video-preview:-1"},"canonical":"http:\/\/nebraskademocrats.org\/vi\/blog\/ndps-harrold-responds-to-failure-of-senate-to-pass-pact-act-to-help-veterans\/","og_locale":"vi_VN","og_type":"article","og_title":"NDP's Harrold responds to failure of Senate to pass PACT Act to help veterans &#8211; Nebraska Democratic Party","og_description":"NOTE: The author, Jim Harrold, chair of the NDP&#8217;s Veterans and Military Families Council, writes about the U.S. Senate&#8217;s failure on July 27 to advance the PACT Act. &nbsp; Like many of you and your families, I served and my family served alongside me. Like you, I have friends who have died in service to ... Read more","og_url":"http:\/\/nebraskademocrats.org\/vi\/blog\/ndps-harrold-responds-to-failure-of-senate-to-pass-pact-act-to-help-veterans\/","og_site_name":"Nebraska Democratic Party","article_publisher":"https:\/\/www.facebook.com\/NebraskaDemocraticParty\/","article_published_time":"2022-08-01T15:20:52+00:00","article_modified_time":"2022-08-01T18:31:36+00:00","og_image":[{"url":"https:\/\/nebraskadem.wpenginepowered.com\/wp-content\/uploads\/2022\/08\/Deb-Fischer-celebrating-1-1-1024x1024.png","type":"","width":"","height":""}],"author":"Precious McKesson","twitter_card":"summary_large_image","twitter_creator":"@nebraskadems","twitter_site":"@nebraskadems","twitter_misc":{"\u0110\u01b0\u1ee3c vi\u1ebft b\u1edfi":"Precious McKesson","\u01af\u1edbc t\u00ednh th\u1eddi gian \u0111\u1ecdc":"3 ph\u00fat"},"schema":{"@context":"https:\/\/schema.org","@graph":[{"@type":"Article","@id":"http:\/\/nebraskademocrats.org\/zh\/blog\/ndps-harrold-responds-to-failure-of-senate-to-pass-pact-act-to-help-veterans\/#article","isPartOf":{"@id":"http:\/\/nebraskademocrats.org\/zh\/blog\/ndps-harrold-responds-to-failure-of-senate-to-pass-pact-act-to-help-veterans\/"},"author":{"name":"Precious McKesson","@id":"https:\/\/nebraskademocrats.org\/#\/schema\/person\/33e011ea0795f404810dc40828bcf289"},"headline":"NDP&#8217;s Harrold responds to failure of Senate to pass PACT Act to help veterans","datePublished":"2022-08-01T15:20:52+00:00","dateModified":"2022-08-01T18:31:36+00:00","mainEntityOfPage":{"@id":"http:\/\/nebraskademocrats.org\/zh\/blog\/ndps-harrold-responds-to-failure-of-senate-to-pass-pact-act-to-help-veterans\/"},"wordCount":619,"publisher":{"@id":"https:\/\/nebraskademocrats.org\/#organization"},"image":{"@id":"http:\/\/nebraskademocrats.org\/zh\/blog\/ndps-harrold-responds-to-failure-of-senate-to-pass-pact-act-to-help-veterans\/#primaryimage"},"thumbnailUrl":"https:\/\/nebraskadem.wpenginepowered.com\/wp-content\/uploads\/2022\/08\/Deb-Fischer-celebrating-1-1-1024x1024.png","articleSection":["NDP Blog"],"inLanguage":"vi"},{"@type":"WebPage","@id":"http:\/\/nebraskademocrats.org\/zh\/blog\/ndps-harrold-responds-to-failure-of-senate-to-pass-pact-act-to-help-veterans\/","url":"http:\/\/nebraskademocrats.org\/zh\/blog\/ndps-harrold-responds-to-failure-of-senate-to-pass-pact-act-to-help-veterans\/","name":"NDP's Harrold responds to failure of Senate to pass PACT Act to help veterans &#8211; Nebraska Democratic Party","isPartOf":{"@id":"https:\/\/nebraskademocrats.org\/#website"},"primaryImageOfPage":{"@id":"http:\/\/nebraskademocrats.org\/zh\/blog\/ndps-harrold-responds-to-failure-of-senate-to-pass-pact-act-to-help-veterans\/#primaryimage"},"image":{"@id":"http:\/\/nebraskademocrats.org\/zh\/blog\/ndps-harrold-responds-to-failure-of-senate-to-pass-pact-act-to-help-veterans\/#primaryimage"},"thumbnailUrl":"https:\/\/nebraskadem.wpenginepowered.com\/wp-content\/uploads\/2022\/08\/Deb-Fischer-celebrating-1-1-1024x1024.png","datePublished":"2022-08-01T15:20:52+00:00","dateModified":"2022-08-01T18:31:36+00:00","breadcrumb":{"@id":"http:\/\/nebraskademocrats.org\/zh\/blog\/ndps-harrold-responds-to-failure-of-senate-to-pass-pact-act-to-help-veterans\/#breadcrumb"},"inLanguage":"vi","potentialAction":[{"@type":"ReadAction","target":["http:\/\/nebraskademocrats.org\/zh\/blog\/ndps-harrold-responds-to-failure-of-senate-to-pass-pact-act-to-help-veterans\/"]}]},{"@type":"ImageObject","inLanguage":"vi","@id":"http:\/\/nebraskademocrats.org\/zh\/blog\/ndps-harrold-responds-to-failure-of-senate-to-pass-pact-act-to-help-veterans\/#primaryimage","url":"https:\/\/nebraskadem.wpenginepowered.com\/wp-content\/uploads\/2022\/08\/Deb-Fischer-celebrating-1-1-1024x1024.png","contentUrl":"https:\/\/nebraskadem.wpenginepowered.com\/wp-content\/uploads\/2022\/08\/Deb-Fischer-celebrating-1-1-1024x1024.png"},{"@type":"BreadcrumbList","@id":"http:\/\/nebraskademocrats.org\/zh\/blog\/ndps-harrold-responds-to-failure-of-senate-to-pass-pact-act-to-help-veterans\/#breadcrumb","itemListElement":[{"@type":"ListItem","position":1,"name":"Home","item":"https:\/\/nebraskademocrats.org\/"},{"@type":"ListItem","position":2,"name":"NDP&#8217;s Harrold responds to failure of Senate to pass PACT Act to help veterans"}]},{"@type":"WebSite","@id":"https:\/\/nebraskademocrats.org\/#website","url":"https:\/\/nebraskademocrats.org\/","name":"Nebraska Democratic Party","description":"Ph\u00e1t tri\u1ec3n cu\u1ed9c s\u1ed1ng t\u1ed1t \u0111\u1eb9p cho t\u1ea5t c\u1ea3 Nebraskans","publisher":{"@id":"https:\/\/nebraskademocrats.org\/#organization"},"potentialAction":[{"@type":"SearchAction","target":{"@type":"EntryPoint","urlTemplate":"https:\/\/nebraskademocrats.org\/?s={search_term_string}"},"query-input":{"@type":"PropertyValueSpecification","valueRequired":true,"valueName":"search_term_string"}}],"inLanguage":"vi"},{"@type":"Organization","@id":"https:\/\/nebraskademocrats.org\/#organization","name":"Nebraska Democratic Party","url":"https:\/\/nebraskademocrats.org\/","logo":{"@type":"ImageObject","inLanguage":"vi","@id":"https:\/\/nebraskademocrats.org\/#\/schema\/logo\/image\/","url":"https:\/\/nebraskadem.wpenginepowered.com\/wp-content\/uploads\/2016\/05\/NDP2.jpg","contentUrl":"https:\/\/nebraskadem.wpenginepowered.com\/wp-content\/uploads\/2016\/05\/NDP2.jpg","width":1000,"height":396,"caption":"Nebraska Democratic Party"},"image":{"@id":"https:\/\/nebraskademocrats.org\/#\/schema\/logo\/image\/"},"sameAs":["https:\/\/www.facebook.com\/NebraskaDemocraticParty\/","https:\/\/x.com\/nebraskadems"]},{"@type":"Person","@id":"https:\/\/nebraskademocrats.org\/#\/schema\/person\/33e011ea0795f404810dc40828bcf289","name":"McKesson qu\u00fd gi\u00e1","image":{"@type":"ImageObject","inLanguage":"vi","@id":"https:\/\/secure.gravatar.com\/avatar\/35046e19b3373116ec64c07d386d3312028d3820dc0ffe65c344bcebc8ea9194?s=96&d=mm&r=g","url":"https:\/\/secure.gravatar.com\/avatar\/35046e19b3373116ec64c07d386d3312028d3820dc0ffe65c344bcebc8ea9194?s=96&d=mm&r=g","contentUrl":"https:\/\/secure.gravatar.com\/avatar\/35046e19b3373116ec64c07d386d3312028d3820dc0ffe65c344bcebc8ea9194?s=96&d=mm&r=g","caption":"Precious McKesson"}}]}},"_links":{"self":[{"href":"http:\/\/nebraskademocrats.org\/vi\/wp-json\/wp\/v2\/posts\/38710","targetHints":{"allow":["GET"]}}],"collection":[{"href":"http:\/\/nebraskademocrats.org\/vi\/wp-json\/wp\/v2\/posts"}],"about":[{"href":"http:\/\/nebraskademocrats.org\/vi\/wp-json\/wp\/v2\/types\/post"}],"author":[{"embeddable":true,"href":"http:\/\/nebraskademocrats.org\/vi\/wp-json\/wp\/v2\/users\/19"}],"replies":[{"embeddable":true,"href":"http:\/\/nebraskademocrats.org\/vi\/wp-json\/wp\/v2\/comments?post=38710"}],"version-history":[{"count":0,"href":"http:\/\/nebraskademocrats.org\/vi\/wp-json\/wp\/v2\/posts\/38710\/revisions"}],"wp:attachment":[{"href":"http:\/\/nebraskademocrats.org\/vi\/wp-json\/wp\/v2\/media?parent=38710"}],"wp:term":[{"taxonomy":"category","embeddable":true,"href":"http:\/\/nebraskademocrats.org\/vi\/wp-json\/wp\/v2\/categories?post=38710"},{"taxonomy":"post_tag","embeddable":true,"href":"http:\/\/nebraskademocrats.org\/vi\/wp-json\/wp\/v2\/tags?post=38710"}],"curies":[{"name":"wp","href":"https:\/\/api.w.org\/{rel}","templated":true}]}}