{"id":10731,"date":"2019-11-26T10:55:48","date_gmt":"2019-11-26T16:55:48","guid":{"rendered":"https:\/\/nebraskadem.wpenginepowered.com\/?p=10731"},"modified":"2019-11-26T10:58:48","modified_gmt":"2019-11-26T16:58:48","slug":"turkey-day-to-do-list","status":"publish","type":"post","link":"https:\/\/nebraskademocrats.org\/es\/blog\/turkey-day-to-do-list\/","title":{"rendered":"Lista de tareas del d\u00eda de Turqu\u00eda"},"content":{"rendered":"<div data-elementor-type=\"wp-post\" data-elementor-id=\"10731\" class=\"elementor elementor-10731\" data-elementor-post-type=\"post\">\n\t\t\t\t\t\t<section class=\"elementor-section elementor-top-section elementor-element elementor-element-6707dbbc elementor-section-boxed elementor-section-height-default elementor-section-height-default\" data-id=\"6707dbbc\" data-element_type=\"section\" data-e-type=\"section\">\n\t\t\t\t\t\t<div class=\"elementor-container elementor-column-gap-default\">\n\t\t\t\t\t<div class=\"elementor-column elementor-col-100 elementor-top-column elementor-element elementor-element-6d5b4c1b\" data-id=\"6d5b4c1b\" data-element_type=\"column\" data-e-type=\"column\">\n\t\t\t<div class=\"elementor-widget-wrap elementor-element-populated\">\n\t\t\t\t\t\t<div class=\"elementor-element elementor-element-72661490 elementor-widget elementor-widget-text-editor\" data-id=\"72661490\" data-element_type=\"widget\" data-e-type=\"widget\" data-widget_type=\"text-editor.default\">\n\t\t\t\t<div class=\"elementor-widget-container\">\n\t\t\t\t\t\t\t\t\t<p><img fetchpriority=\"high\" decoding=\"async\" class=\"wp-image-10773 aligncenter\" src=\"https:\/\/nebraskademocrats.org\/wp-content\/uploads\/2019\/11\/FIXED-NEBDEMS_Thanksgiving-1-300x300.png\" alt=\"\" width=\"375\" height=\"375\" srcset=\"https:\/\/nebraskademocrats.org\/wp-content\/uploads\/2019\/11\/FIXED-NEBDEMS_Thanksgiving-1-300x300.png 300w, https:\/\/nebraskademocrats.org\/wp-content\/uploads\/2019\/11\/FIXED-NEBDEMS_Thanksgiving-1-150x150.png 150w, https:\/\/nebraskademocrats.org\/wp-content\/uploads\/2019\/11\/FIXED-NEBDEMS_Thanksgiving-1-768x768.png 768w, https:\/\/nebraskademocrats.org\/wp-content\/uploads\/2019\/11\/FIXED-NEBDEMS_Thanksgiving-1-1024x1024.png 1024w, https:\/\/nebraskademocrats.org\/wp-content\/uploads\/2019\/11\/FIXED-NEBDEMS_Thanksgiving-1.png 1080w\" sizes=\"(max-width: 375px) 100vw, 375px\" \/><\/p><p>La mayor\u00eda de nosotros estaremos con amigos y familiares este D\u00eda de Acci\u00f3n de Gracias, y quer\u00edamos ayudarlo a prepararse para la posible posibilidad de que la pol\u00edtica encuentre su camino en la conversaci\u00f3n.<\/p><p>Te estamos preguntando <a href=\"https:\/\/www.facebook.com\/watch\/?v=2644566985609192\"><strong>para compartir nuestro nuevo comercial con la familia<\/strong><\/a> - incluido el t\u00edo Grumpy GOP que mira Fox News - o cualquiera que est\u00e9 entusiasmado con la forma en que el Partido Dem\u00f3crata de Nebraska est\u00e1 impulsando el ciclo electoral 2020.<\/p>\t\t\t\t\t\t\t\t<\/div>\n\t\t\t\t<\/div>\n\t\t\t\t<div class=\"elementor-element elementor-element-9dd34f7 elementor-widget elementor-widget-facebook-embed\" data-id=\"9dd34f7\" data-element_type=\"widget\" data-e-type=\"widget\" data-widget_type=\"facebook-embed.default\">\n\t\t\t\t<div class=\"elementor-widget-container\">\n\t\t\t\t\t<div style=\"min-height: 1px\" class=\"elementor-facebook-widget fb-video\" data-href=\"https:\/\/www.facebook.com\/watch\/?v=2644566985609192\" data-show-text=\"false\" data-allowfullscreen=\"false\" data-autoplay=\"false\" data-show-captions=\"false\"><\/div>\t\t\t\t<\/div>\n\t\t\t\t<\/div>\n\t\t\t\t<div class=\"elementor-element elementor-element-a6c5db7 elementor-widget elementor-widget-text-editor\" data-id=\"a6c5db7\" data-element_type=\"widget\" data-e-type=\"widget\" data-widget_type=\"text-editor.default\">\n\t\t\t\t<div class=\"elementor-widget-container\">\n\t\t\t\t\t\t\t\t\t<p><strong><a href=\"https:\/\/docs.google.com\/forms\/d\/e\/1FAIpQLSf6mUjFNWAub7IQ9hUJ8_jtX_PcS6XGR_5RjobZBV04-KOV4w\/viewform?usp=sf_link\">Su segunda tarea es inscribirse para ser un Capit\u00e1n de bloque NDP o inscribir a otros.<\/a><\/strong><\/p><p>Los capitanes de bloque del NDP tienen asignadas 50 casas en su vecindario para mantenerse en contacto durante el a\u00f1o. Este proyecto nos est\u00e1 ayudando a ganar elecciones y a mantenernos conectados con las bases para ayudar a que nuestros candidatos ganen. Ahora tenemos 600 Capitanes de bloque y necesitamos llegar a 1,000. <strong><a href=\"https:\/\/nebraskademocrats.org\/es\/become-a-block-captain\/\">Aprende m\u00e1s aqu\u00ed.<\/a><\/strong><\/p><p>Otra gran manera de ayudar es convertirse y\u00a0<strong><a href=\"https:\/\/secure.actblue.com\/contribute\/page\/nebdem\">Donante mensual del PND<\/a>,<\/strong>\u00a0que es la columna vertebral de nuestro esfuerzo por elegir a m\u00e1s dem\u00f3cratas.<\/p><p>\u00a1Disfrute sus vacaciones! Muestre a todos el nuevo comercial y ay\u00fadenos a alcanzar nuestra meta de 1,000 nuevos Capitanes de bloque.<\/p><p>Suyo en el Servicio Democr\u00e1tico,<\/p><p>Jane Kleeb, presidenta del PND<\/p>\t\t\t\t\t\t\t\t<\/div>\n\t\t\t\t<\/div>\n\t\t\t\t\t<\/div>\n\t\t<\/div>\n\t\t\t\t\t<\/div>\n\t\t<\/section>\n\t\t\t\t<\/div>","protected":false},"excerpt":{"rendered":"<p>Most of us will be with friends and family this Thanksgiving &#8212; and we wanted to help you prepare for the likely possibility that politics will find its way into the conversation. We are asking you to share our new commercial with family &#8212; including that Fox News-watching Grumpy GOP Uncle &#8212; or anyone who &#8230; <a title=\"Lista de tareas del d\u00eda de Turqu\u00eda\" class=\"read-more\" href=\"https:\/\/nebraskademocrats.org\/es\/blog\/turkey-day-to-do-list\/\" aria-label=\"More on Turkey Day To-Do List\">Lee mas<\/a><\/p>","protected":false},"author":19,"featured_media":0,"comment_status":"closed","ping_status":"closed","sticky":false,"template":"","format":"standard","meta":{"_acf_changed":false,"_exactmetrics_skip_tracking":false,"_exactmetrics_sitenote_active":false,"_exactmetrics_sitenote_note":"","_exactmetrics_sitenote_category":0,"footnotes":""},"categories":[1],"tags":[],"class_list":["post-10731","post","type-post","status-publish","format-standard","hentry","category-blog"],"acf":[],"yoast_head":"<!-- This site is optimized with the Yoast SEO plugin v27.4 - https:\/\/yoast.com\/product\/yoast-seo-wordpress\/ -->\n<title>Turkey Day To-Do List &#8211; Nebraska Democratic Party<\/title>\n<meta name=\"robots\" content=\"index, follow, max-snippet:-1, max-image-preview:large, max-video-preview:-1\" \/>\n<link rel=\"canonical\" href=\"https:\/\/nebraskademocrats.org\/es\/blog\/turkey-day-to-do-list\/\" \/>\n<meta property=\"og:locale\" content=\"es_MX\" \/>\n<meta property=\"og:type\" content=\"article\" \/>\n<meta property=\"og:title\" content=\"Turkey Day To-Do List &#8211; Nebraska Democratic Party\" \/>\n<meta property=\"og:description\" content=\"Most of us will be with friends and family this Thanksgiving &#8212; and we wanted to help you prepare for the likely possibility that politics will find its way into the conversation. We are asking you to share our new commercial with family &#8212; including that Fox News-watching Grumpy GOP Uncle &#8212; or anyone who ... Read more\" \/>\n<meta property=\"og:url\" content=\"https:\/\/nebraskademocrats.org\/es\/blog\/turkey-day-to-do-list\/\" \/>\n<meta property=\"og:site_name\" content=\"Nebraska Democratic Party\" \/>\n<meta property=\"article:publisher\" content=\"https:\/\/www.facebook.com\/NebraskaDemocraticParty\/\" \/>\n<meta property=\"article:published_time\" content=\"2019-11-26T16:55:48+00:00\" \/>\n<meta property=\"article:modified_time\" content=\"2019-11-26T16:58:48+00:00\" \/>\n<meta property=\"og:image\" content=\"https:\/\/nebraskadem.wpenginepowered.com\/wp-content\/uploads\/2019\/11\/FIXED-NEBDEMS_Thanksgiving-1-300x300.png\" \/>\n<meta name=\"author\" content=\"Precious McKesson\" \/>\n<meta name=\"twitter:card\" content=\"summary_large_image\" \/>\n<meta name=\"twitter:creator\" content=\"@nebraskadems\" \/>\n<meta name=\"twitter:site\" content=\"@nebraskadems\" \/>\n<meta name=\"twitter:label1\" content=\"Escrito por\" \/>\n\t<meta name=\"twitter:data1\" content=\"Precious McKesson\" \/>\n\t<meta name=\"twitter:label2\" content=\"Tiempo de lectura\" \/>\n\t<meta name=\"twitter:data2\" content=\"1 minuto\" \/>\n<script type=\"application\/ld+json\" class=\"yoast-schema-graph\">{\"@context\":\"https:\\\/\\\/schema.org\",\"@graph\":[{\"@type\":\"Article\",\"@id\":\"https:\\\/\\\/nebraskademocrats.org\\\/blog\\\/turkey-day-to-do-list\\\/#article\",\"isPartOf\":{\"@id\":\"https:\\\/\\\/nebraskademocrats.org\\\/blog\\\/turkey-day-to-do-list\\\/\"},\"author\":{\"name\":\"Precious McKesson\",\"@id\":\"https:\\\/\\\/nebraskademocrats.org\\\/#\\\/schema\\\/person\\\/33e011ea0795f404810dc40828bcf289\"},\"headline\":\"Turkey Day To-Do List\",\"datePublished\":\"2019-11-26T16:55:48+00:00\",\"dateModified\":\"2019-11-26T16:58:48+00:00\",\"mainEntityOfPage\":{\"@id\":\"https:\\\/\\\/nebraskademocrats.org\\\/blog\\\/turkey-day-to-do-list\\\/\"},\"wordCount\":189,\"publisher\":{\"@id\":\"https:\\\/\\\/nebraskademocrats.org\\\/#organization\"},\"image\":{\"@id\":\"https:\\\/\\\/nebraskademocrats.org\\\/blog\\\/turkey-day-to-do-list\\\/#primaryimage\"},\"thumbnailUrl\":\"https:\\\/\\\/nebraskadem.wpenginepowered.com\\\/wp-content\\\/uploads\\\/2019\\\/11\\\/FIXED-NEBDEMS_Thanksgiving-1-300x300.png\",\"articleSection\":[\"NDP Blog\"],\"inLanguage\":\"es\"},{\"@type\":\"WebPage\",\"@id\":\"https:\\\/\\\/nebraskademocrats.org\\\/blog\\\/turkey-day-to-do-list\\\/\",\"url\":\"https:\\\/\\\/nebraskademocrats.org\\\/blog\\\/turkey-day-to-do-list\\\/\",\"name\":\"Turkey Day To-Do List &#8211; Nebraska Democratic Party\",\"isPartOf\":{\"@id\":\"https:\\\/\\\/nebraskademocrats.org\\\/#website\"},\"primaryImageOfPage\":{\"@id\":\"https:\\\/\\\/nebraskademocrats.org\\\/blog\\\/turkey-day-to-do-list\\\/#primaryimage\"},\"image\":{\"@id\":\"https:\\\/\\\/nebraskademocrats.org\\\/blog\\\/turkey-day-to-do-list\\\/#primaryimage\"},\"thumbnailUrl\":\"https:\\\/\\\/nebraskadem.wpenginepowered.com\\\/wp-content\\\/uploads\\\/2019\\\/11\\\/FIXED-NEBDEMS_Thanksgiving-1-300x300.png\",\"datePublished\":\"2019-11-26T16:55:48+00:00\",\"dateModified\":\"2019-11-26T16:58:48+00:00\",\"breadcrumb\":{\"@id\":\"https:\\\/\\\/nebraskademocrats.org\\\/blog\\\/turkey-day-to-do-list\\\/#breadcrumb\"},\"inLanguage\":\"es\",\"potentialAction\":[{\"@type\":\"ReadAction\",\"target\":[\"https:\\\/\\\/nebraskademocrats.org\\\/blog\\\/turkey-day-to-do-list\\\/\"]}]},{\"@type\":\"ImageObject\",\"inLanguage\":\"es\",\"@id\":\"https:\\\/\\\/nebraskademocrats.org\\\/blog\\\/turkey-day-to-do-list\\\/#primaryimage\",\"url\":\"https:\\\/\\\/nebraskadem.wpenginepowered.com\\\/wp-content\\\/uploads\\\/2019\\\/11\\\/FIXED-NEBDEMS_Thanksgiving-1-300x300.png\",\"contentUrl\":\"https:\\\/\\\/nebraskadem.wpenginepowered.com\\\/wp-content\\\/uploads\\\/2019\\\/11\\\/FIXED-NEBDEMS_Thanksgiving-1-300x300.png\"},{\"@type\":\"BreadcrumbList\",\"@id\":\"https:\\\/\\\/nebraskademocrats.org\\\/blog\\\/turkey-day-to-do-list\\\/#breadcrumb\",\"itemListElement\":[{\"@type\":\"ListItem\",\"position\":1,\"name\":\"Home\",\"item\":\"https:\\\/\\\/nebraskademocrats.org\\\/\"},{\"@type\":\"ListItem\",\"position\":2,\"name\":\"Turkey Day To-Do List\"}]},{\"@type\":\"WebSite\",\"@id\":\"https:\\\/\\\/nebraskademocrats.org\\\/#website\",\"url\":\"https:\\\/\\\/nebraskademocrats.org\\\/\",\"name\":\"Nebraska Democratic Party\",\"description\":\"Growing the Good Life for All Nebraskans\",\"publisher\":{\"@id\":\"https:\\\/\\\/nebraskademocrats.org\\\/#organization\"},\"potentialAction\":[{\"@type\":\"SearchAction\",\"target\":{\"@type\":\"EntryPoint\",\"urlTemplate\":\"https:\\\/\\\/nebraskademocrats.org\\\/?s={search_term_string}\"},\"query-input\":{\"@type\":\"PropertyValueSpecification\",\"valueRequired\":true,\"valueName\":\"search_term_string\"}}],\"inLanguage\":\"es\"},{\"@type\":\"Organization\",\"@id\":\"https:\\\/\\\/nebraskademocrats.org\\\/#organization\",\"name\":\"Nebraska Democratic Party\",\"url\":\"https:\\\/\\\/nebraskademocrats.org\\\/\",\"logo\":{\"@type\":\"ImageObject\",\"inLanguage\":\"es\",\"@id\":\"https:\\\/\\\/nebraskademocrats.org\\\/#\\\/schema\\\/logo\\\/image\\\/\",\"url\":\"https:\\\/\\\/nebraskadem.wpenginepowered.com\\\/wp-content\\\/uploads\\\/2016\\\/05\\\/NDP2.jpg\",\"contentUrl\":\"https:\\\/\\\/nebraskadem.wpenginepowered.com\\\/wp-content\\\/uploads\\\/2016\\\/05\\\/NDP2.jpg\",\"width\":1000,\"height\":396,\"caption\":\"Nebraska Democratic Party\"},\"image\":{\"@id\":\"https:\\\/\\\/nebraskademocrats.org\\\/#\\\/schema\\\/logo\\\/image\\\/\"},\"sameAs\":[\"https:\\\/\\\/www.facebook.com\\\/NebraskaDemocraticParty\\\/\",\"https:\\\/\\\/x.com\\\/nebraskadems\"]},{\"@type\":\"Person\",\"@id\":\"https:\\\/\\\/nebraskademocrats.org\\\/#\\\/schema\\\/person\\\/33e011ea0795f404810dc40828bcf289\",\"name\":\"Precious McKesson\",\"image\":{\"@type\":\"ImageObject\",\"inLanguage\":\"es\",\"@id\":\"https:\\\/\\\/secure.gravatar.com\\\/avatar\\\/35046e19b3373116ec64c07d386d3312028d3820dc0ffe65c344bcebc8ea9194?s=96&d=mm&r=g\",\"url\":\"https:\\\/\\\/secure.gravatar.com\\\/avatar\\\/35046e19b3373116ec64c07d386d3312028d3820dc0ffe65c344bcebc8ea9194?s=96&d=mm&r=g\",\"contentUrl\":\"https:\\\/\\\/secure.gravatar.com\\\/avatar\\\/35046e19b3373116ec64c07d386d3312028d3820dc0ffe65c344bcebc8ea9194?s=96&d=mm&r=g\",\"caption\":\"Precious McKesson\"}}]}<\/script>\n<!-- \/ Yoast SEO plugin. -->","yoast_head_json":{"title":"Turkey Day To-Do List &#8211; Nebraska Democratic Party","robots":{"index":"index","follow":"follow","max-snippet":"max-snippet:-1","max-image-preview":"max-image-preview:large","max-video-preview":"max-video-preview:-1"},"canonical":"https:\/\/nebraskademocrats.org\/es\/blog\/turkey-day-to-do-list\/","og_locale":"es_MX","og_type":"article","og_title":"Turkey Day To-Do List &#8211; Nebraska Democratic Party","og_description":"Most of us will be with friends and family this Thanksgiving &#8212; and we wanted to help you prepare for the likely possibility that politics will find its way into the conversation. We are asking you to share our new commercial with family &#8212; including that Fox News-watching Grumpy GOP Uncle &#8212; or anyone who ... Read more","og_url":"https:\/\/nebraskademocrats.org\/es\/blog\/turkey-day-to-do-list\/","og_site_name":"Nebraska Democratic Party","article_publisher":"https:\/\/www.facebook.com\/NebraskaDemocraticParty\/","article_published_time":"2019-11-26T16:55:48+00:00","article_modified_time":"2019-11-26T16:58:48+00:00","og_image":[{"url":"https:\/\/nebraskadem.wpenginepowered.com\/wp-content\/uploads\/2019\/11\/FIXED-NEBDEMS_Thanksgiving-1-300x300.png","type":"","width":"","height":""}],"author":"Precious McKesson","twitter_card":"summary_large_image","twitter_creator":"@nebraskadems","twitter_site":"@nebraskadems","twitter_misc":{"Escrito por":"Precious McKesson","Tiempo de lectura":"1 minuto"},"schema":{"@context":"https:\/\/schema.org","@graph":[{"@type":"Article","@id":"https:\/\/nebraskademocrats.org\/blog\/turkey-day-to-do-list\/#article","isPartOf":{"@id":"https:\/\/nebraskademocrats.org\/blog\/turkey-day-to-do-list\/"},"author":{"name":"Precious McKesson","@id":"https:\/\/nebraskademocrats.org\/#\/schema\/person\/33e011ea0795f404810dc40828bcf289"},"headline":"Turkey Day To-Do List","datePublished":"2019-11-26T16:55:48+00:00","dateModified":"2019-11-26T16:58:48+00:00","mainEntityOfPage":{"@id":"https:\/\/nebraskademocrats.org\/blog\/turkey-day-to-do-list\/"},"wordCount":189,"publisher":{"@id":"https:\/\/nebraskademocrats.org\/#organization"},"image":{"@id":"https:\/\/nebraskademocrats.org\/blog\/turkey-day-to-do-list\/#primaryimage"},"thumbnailUrl":"https:\/\/nebraskadem.wpenginepowered.com\/wp-content\/uploads\/2019\/11\/FIXED-NEBDEMS_Thanksgiving-1-300x300.png","articleSection":["NDP Blog"],"inLanguage":"es"},{"@type":"WebPage","@id":"https:\/\/nebraskademocrats.org\/blog\/turkey-day-to-do-list\/","url":"https:\/\/nebraskademocrats.org\/blog\/turkey-day-to-do-list\/","name":"Turkey Day To-Do List &#8211; Nebraska Democratic Party","isPartOf":{"@id":"https:\/\/nebraskademocrats.org\/#website"},"primaryImageOfPage":{"@id":"https:\/\/nebraskademocrats.org\/blog\/turkey-day-to-do-list\/#primaryimage"},"image":{"@id":"https:\/\/nebraskademocrats.org\/blog\/turkey-day-to-do-list\/#primaryimage"},"thumbnailUrl":"https:\/\/nebraskadem.wpenginepowered.com\/wp-content\/uploads\/2019\/11\/FIXED-NEBDEMS_Thanksgiving-1-300x300.png","datePublished":"2019-11-26T16:55:48+00:00","dateModified":"2019-11-26T16:58:48+00:00","breadcrumb":{"@id":"https:\/\/nebraskademocrats.org\/blog\/turkey-day-to-do-list\/#breadcrumb"},"inLanguage":"es","potentialAction":[{"@type":"ReadAction","target":["https:\/\/nebraskademocrats.org\/blog\/turkey-day-to-do-list\/"]}]},{"@type":"ImageObject","inLanguage":"es","@id":"https:\/\/nebraskademocrats.org\/blog\/turkey-day-to-do-list\/#primaryimage","url":"https:\/\/nebraskadem.wpenginepowered.com\/wp-content\/uploads\/2019\/11\/FIXED-NEBDEMS_Thanksgiving-1-300x300.png","contentUrl":"https:\/\/nebraskadem.wpenginepowered.com\/wp-content\/uploads\/2019\/11\/FIXED-NEBDEMS_Thanksgiving-1-300x300.png"},{"@type":"BreadcrumbList","@id":"https:\/\/nebraskademocrats.org\/blog\/turkey-day-to-do-list\/#breadcrumb","itemListElement":[{"@type":"ListItem","position":1,"name":"Home","item":"https:\/\/nebraskademocrats.org\/"},{"@type":"ListItem","position":2,"name":"Turkey Day To-Do List"}]},{"@type":"WebSite","@id":"https:\/\/nebraskademocrats.org\/#website","url":"https:\/\/nebraskademocrats.org\/","name":"Partido Dem\u00f3crata de Nebraska","description":"Cultivando la buena vida para todos los nebraskenses","publisher":{"@id":"https:\/\/nebraskademocrats.org\/#organization"},"potentialAction":[{"@type":"SearchAction","target":{"@type":"EntryPoint","urlTemplate":"https:\/\/nebraskademocrats.org\/?s={search_term_string}"},"query-input":{"@type":"PropertyValueSpecification","valueRequired":true,"valueName":"search_term_string"}}],"inLanguage":"es"},{"@type":"Organization","@id":"https:\/\/nebraskademocrats.org\/#organization","name":"Partido Dem\u00f3crata de Nebraska","url":"https:\/\/nebraskademocrats.org\/","logo":{"@type":"ImageObject","inLanguage":"es","@id":"https:\/\/nebraskademocrats.org\/#\/schema\/logo\/image\/","url":"https:\/\/nebraskadem.wpenginepowered.com\/wp-content\/uploads\/2016\/05\/NDP2.jpg","contentUrl":"https:\/\/nebraskadem.wpenginepowered.com\/wp-content\/uploads\/2016\/05\/NDP2.jpg","width":1000,"height":396,"caption":"Nebraska Democratic Party"},"image":{"@id":"https:\/\/nebraskademocrats.org\/#\/schema\/logo\/image\/"},"sameAs":["https:\/\/www.facebook.com\/NebraskaDemocraticParty\/","https:\/\/x.com\/nebraskadems"]},{"@type":"Person","@id":"https:\/\/nebraskademocrats.org\/#\/schema\/person\/33e011ea0795f404810dc40828bcf289","name":"Precioso McKesson","image":{"@type":"ImageObject","inLanguage":"es","@id":"https:\/\/secure.gravatar.com\/avatar\/35046e19b3373116ec64c07d386d3312028d3820dc0ffe65c344bcebc8ea9194?s=96&d=mm&r=g","url":"https:\/\/secure.gravatar.com\/avatar\/35046e19b3373116ec64c07d386d3312028d3820dc0ffe65c344bcebc8ea9194?s=96&d=mm&r=g","contentUrl":"https:\/\/secure.gravatar.com\/avatar\/35046e19b3373116ec64c07d386d3312028d3820dc0ffe65c344bcebc8ea9194?s=96&d=mm&r=g","caption":"Precious McKesson"}}]}},"_links":{"self":[{"href":"https:\/\/nebraskademocrats.org\/es\/wp-json\/wp\/v2\/posts\/10731","targetHints":{"allow":["GET"]}}],"collection":[{"href":"https:\/\/nebraskademocrats.org\/es\/wp-json\/wp\/v2\/posts"}],"about":[{"href":"https:\/\/nebraskademocrats.org\/es\/wp-json\/wp\/v2\/types\/post"}],"author":[{"embeddable":true,"href":"https:\/\/nebraskademocrats.org\/es\/wp-json\/wp\/v2\/users\/19"}],"replies":[{"embeddable":true,"href":"https:\/\/nebraskademocrats.org\/es\/wp-json\/wp\/v2\/comments?post=10731"}],"version-history":[{"count":0,"href":"https:\/\/nebraskademocrats.org\/es\/wp-json\/wp\/v2\/posts\/10731\/revisions"}],"wp:attachment":[{"href":"https:\/\/nebraskademocrats.org\/es\/wp-json\/wp\/v2\/media?parent=10731"}],"wp:term":[{"taxonomy":"category","embeddable":true,"href":"https:\/\/nebraskademocrats.org\/es\/wp-json\/wp\/v2\/categories?post=10731"},{"taxonomy":"post_tag","embeddable":true,"href":"https:\/\/nebraskademocrats.org\/es\/wp-json\/wp\/v2\/tags?post=10731"}],"curies":[{"name":"wp","href":"https:\/\/api.w.org\/{rel}","templated":true}]}}