{"id":1182,"date":"2015-11-09T03:04:36","date_gmt":"2015-11-09T03:04:36","guid":{"rendered":"http:\/\/nebraska.precisionnewmedia.com\/?p=1182"},"modified":"2016-08-16T03:05:05","modified_gmt":"2016-08-16T03:05:05","slug":"sasses-record-of-obstruction-contradicts-his-maiden-senate-speech","status":"publish","type":"post","link":"https:\/\/nebraskademocrats.org\/es\/blog\/sasses-record-of-obstruction-contradicts-his-maiden-senate-speech\/","title":{"rendered":"El historial de obstrucci\u00f3n de Sasse contradice su discurso inaugural en el Senado"},"content":{"rendered":"<p class=\"p1\"><span class=\"s1\">La semana pasada, el senador Ben Sasse recibi\u00f3 elogios por su discurso inaugural del Senado de los medios de comunicaci\u00f3n nacionales y locales. En ese discurso, Sasse denunci\u00f3 el hecho de que el Senado ya no trabaja para resolver los problemas de los Estados Unidos. Critic\u00f3 lo que calific\u00f3: &quot;pol\u00edtica simple,&quot; t\u00e1cticas radicales &quot;y el uso de las reglas del Senado para&quot; camisas y pieles. ejercicios.&quot; Sasse dijo que el Senado deber\u00eda estar &quot;reduciendo la polarizaci\u00f3n&quot; y reformado para resolver lo que llam\u00f3 &quot;problemas generacionales&quot;.<\/span><\/p>\n<p class=\"p1\">Es bastante f\u00e1cil para alguien que no est\u00e1 familiarizado con el historial de Sasse alabar este discurso. Ciertamente tiene raz\u00f3n cuando nos dijo que el Senado no est\u00e1 resolviendo los problemas a largo plazo que enfrenta Estados Unidos. Sin embargo, la historia no comenz\u00f3 cuando el senador Sasse tom\u00f3 el micr\u00f3fono la semana pasada en el Senado.<\/p>\n<p class=\"p1\">El propio historial de Sasse como candidato y senador estadounidense contradice directamente la ret\u00f3rica elocuente en su discurso. Como candidato, Sasse pronostic\u00f3 que la Ley del Cuidado de Salud a Bajo Precio har\u00eda que Estados Unidos &quot;dejara de existir&quot;. Esta fue una declaraci\u00f3n importante porque la extrema derecha del partido republicano se consume con la creencia de que Obama y sus pol\u00edticas arruinar\u00e1n a Estados Unidos. Esta visi\u00f3n apocal\u00edptica hace que los conservadores en el Congreso, como Sasse, adopten t\u00e1cticas de tierra quemada que han da\u00f1ado el pa\u00eds.<\/p>\n<p class=\"p1\">Los conservadores que creen genuinamente que Estados Unidos est\u00e1 condenado est\u00e1n dispuestos a adoptar cualquier t\u00e1ctica, independientemente de cu\u00e1n t\u00f3xico y da\u00f1ino, en lo que creen que es un \u00faltimo esfuerzo para salvar al pa\u00eds. Es por eso que los derechistas como Sasse han apoyado repetidamente los cierres del gobierno y las amenazas de incumplimiento de las obligaciones de los EE. UU.<\/p>\n<p class=\"p1\">Como candidato, Sasse apoy\u00f3 el cierre del gobierno de 2013 que le cost\u00f3 a la econom\u00eda $24 mil millones y 120,000 empleos. Adem\u00e1s, como senador, Sasse vot\u00f3 para cerrar el Departamento de Seguridad Nacional cuando los terroristas amenazaban al Mall of America en Minneapolis. Sasse tambi\u00e9n vot\u00f3 recientemente en contra de un proyecto de ley que financi\u00f3 al gobierno y elev\u00f3 el techo de la deuda. Si Sasse hubiera salido con la suya, estar\u00edamos pasando por otro cierre en este momento y Estados Unidos habr\u00eda endurecido a sus acreedores.<\/p>\n<p class=\"p1\">El apoyo reiterado de Sasse a los cierres del gobierno no es la \u00fanica disfunci\u00f3n que ha apoyado. El senador junior de Nebraska retuvo recientemente a todos los nominados al Departamento de Salud y Servicios Humanos hasta que obtenga respuestas sobre por qu\u00e9 CoOpportunity Insurance colaps\u00f3 a principios de este a\u00f1o. Como discut\u00ed en otro art\u00edculo, ser\u00eda mucho m\u00e1s productivo para Sasse asociarse con personas como el Representante Brad Ashford para encontrar soluciones bipartidistas para mejorar la atenci\u00f3n de Obama.<\/p>\n<p class=\"p1\">El apoyo del senador Sasse a las t\u00e1cticas obstructivas se deriva de su negativa a comprometerse y buscar soluciones bipartidistas. Como candidato, Sasse se\u00f1al\u00f3 su falta de inter\u00e9s en el compromiso al solicitar y recibir el respaldo de Ted Cruz, uno de los miembros m\u00e1s extremistas de los Estados Unidos. Cruz es conocido por decir: \u201cNo creo que lo que Washington necesita sea m\u00e1s compromiso. &quot;<\/p>\n<p class=\"p1\">Desde que fue elegido, Sasse ha votado con Cruz y otros radicales en oposici\u00f3n para aprobar una legislaci\u00f3n que cont\u00f3 con un abrumador apoyo bipartidista. En abril, Sasse vot\u00f3 en contra del arreglo m\u00e9dico de Medicare, que pas\u00f3 al Senado por un margen de 92-8. Este proyecto de ley se aprob\u00f3 menos de tres horas antes de que los funcionarios federales hubieran reducido los pagos a los proveedores de atenci\u00f3n m\u00e9dica en 21%. Si eso hubiera ocurrido, muchos m\u00e9dicos y proveedores de atenci\u00f3n m\u00e9dica se habr\u00edan negado a tratar a las personas mayores. Adem\u00e1s, la aprobaci\u00f3n de esta legislaci\u00f3n fue aclamada por los miembros del Congreso en ambos partidos como un triunfo bipartidista.<\/p>\n<p class=\"p1\">Sasse no solo se ha opuesto a la atenci\u00f3n m\u00e9dica para las personas mayores, incluso ha votado en contra de la atenci\u00f3n m\u00e9dica para nuestros veteranos. El mes pasado, Sasse vot\u00f3 con otros 3 senadores extremistas en contra de un proyecto de ley que habr\u00eda mantenido abiertos los hospitales de veteranos. El proyecto de ley para brindar atenci\u00f3n m\u00e9dica a nuestros veteranos fue aprobado por un margen de 91-4. Incluso el senador Fischer vot\u00f3 a favor. La Administraci\u00f3n de Veteranos hab\u00eda indicado que podr\u00eda tener que comenzar a cerrar hospitales si el Congreso se hubiera negado a aprobar este proyecto de ley. A pesar de las altas apuestas involucradas en esta legislaci\u00f3n, Sasse vot\u00f3 para cerrar los hospitales de veteranos. El Omaha World Herald inform\u00f3 que un &quot;portavoz de Sasse declin\u00f3 hacer comentarios sobre lo que el senador hubiera preferido que hiciera el Congreso&quot;.<\/p>\n<p class=\"p1\">Hasta ahora en su breve carrera en el Senado, Sasse realmente no ha demostrado ning\u00fan deseo de reformar el Senado o hacerlo funcionar, fuera de su ret\u00f3rica. Siempre me gusta decir que las acciones hablan m\u00e1s que las palabras. En cualquier caso, d\u00e1ndole a Sasse el beneficio de la duda, \u00bfqu\u00e9 llamados &quot;problemas generacionales&quot; quiere resolver si el Senado volviera a trabajar?<\/p>\n<p class=\"p1\">En su discurso inaugural, Sasse dijo que nuestro &quot;presupuesto de derecho es completamente falso&quot; y pidi\u00f3 &quot;decir la verdad&quot; sobre lo que \u00e9l llam\u00f3 &quot;derecho sobre prometedor&quot;. Este tipo de declaraciones deben leerse en contexto con la afirmaci\u00f3n anterior de Sasse, compartida por muchos extremos, de que Estados Unidos est\u00e1 en bancarrota y pronto ser\u00e1 como Grecia.<\/p>\n<p class=\"p1\">Lo que eso significa es que Sasse apoya la privatizaci\u00f3n de la Seguridad Social y la entrega a Wall Street. Adem\u00e1s, Sasse apoya la reducci\u00f3n de los beneficios del Seguro Social al aumentar la edad de jubilaci\u00f3n e instituir pruebas de medios.<\/p>\n<p class=\"p1\">Los planes de Sasse para Medicare son igualmente extremos. Sasse, junto con los otros miembros de la delegaci\u00f3n republicana del Congreso de Nebraska, ha votado para poner fin a Medicare tal como lo conocemos y entregarlo a la industria privada de seguros de salud. Su plan romper\u00eda nuestras promesas a las personas mayores y convertir\u00eda a Medicare en un sistema de cupones.<\/p>\n<p class=\"p1\">El apoyo del Senador de Fremont para destripar el Seguro Social y Medicare se basa en su llamada preocupaci\u00f3n por la &quot;responsabilidad fiscal&quot;. Esa llamada &quot;preocupaci\u00f3n&quot; no impidi\u00f3 que Sasse votara a favor de una derogaci\u00f3n del impuesto al patrimonio a principios de este a\u00f1o. Esta reducci\u00f3n de impuestos solo beneficiar\u00eda a los 0.2% superiores de los estadounidenses y agregar\u00eda $269 mil millones al d\u00e9ficit. Todav\u00eda no ha habido ninguna evidencia de que alguna granja haya sido vendida para pagar el impuesto al patrimonio en la historia reciente.<\/p>\n<p class=\"p1\">La conclusi\u00f3n aqu\u00ed es que hay una desconexi\u00f3n significativa entre la bonita ret\u00f3rica de Sasse y su historial real. Adem\u00e1s, si se sale con la suya y el Senado trabaja de la manera en que \u00e9l quiere que funcione, los ciudadanos de la tercera edad de Nebraska pagar\u00e1n un precio enorme para financiar otro recorte de impuestos para los estadounidenses m\u00e1s ricos.<\/p>\n<p class=\"p1\">Es obvio que Sasse no comparte nuestros valores, los valores de Nebraska. Los nebraskanos creemos en una jubilaci\u00f3n segura y digna para nuestros ciudadanos mayores. La mayor\u00eda de los habitantes de Nebraska no quieren volver a los d\u00edas en que los ancianos fueron enviados a casas pobres y granjas pobres despu\u00e9s de que se arruinaran.<\/p>\n<p class=\"p1\">Es nuestro deber como dem\u00f3cratas de Nebraska se\u00f1alar a los medios de comunicaci\u00f3n y a otros l\u00edderes de opini\u00f3n que la ret\u00f3rica de Sasse sobre la fijaci\u00f3n del Senado est\u00e1 directamente contradicha por su historial real. Uno no puede conciliar los dos. Tambi\u00e9n debemos informar a nuestros conciudadanos sobre la visi\u00f3n radical de Sasse para el pa\u00eds, una visi\u00f3n que la mayor\u00eda de los nebraskianos no comparte.<\/p>","protected":false},"excerpt":{"rendered":"<p>Last week, Senator Ben Sasse received gushing praise for his maiden Senate speech from both the national and local media. \u00a0In that speech, Sasse decried the fact that the Senate doesn&#8217;t work anymore to solve the problems of the U.S. \u00a0He criticized what he termed: &#8220;bare knuckled politics, &#8220;radical tactics,&#8221; and the use of Senate &#8230; <a title=\"Sasse&#8217;s Record Of Obstruction Contradicts His Maiden Senate Speech\" class=\"read-more\" href=\"https:\/\/nebraskademocrats.org\/es\/blog\/sasses-record-of-obstruction-contradicts-his-maiden-senate-speech\/\" aria-label=\"More on Sasse&#8217;s Record Of Obstruction Contradicts His Maiden Senate Speech\">Lee mas<\/a><\/p>","protected":false},"author":19,"featured_media":0,"comment_status":"open","ping_status":"open","sticky":false,"template":"","format":"standard","meta":{"_acf_changed":false,"_exactmetrics_skip_tracking":false,"_exactmetrics_sitenote_active":false,"_exactmetrics_sitenote_note":"","_exactmetrics_sitenote_category":0,"footnotes":""},"categories":[1],"tags":[],"class_list":["post-1182","post","type-post","status-publish","format-standard","hentry","category-blog"],"acf":[],"yoast_head":"<!-- This site is optimized with the Yoast SEO plugin v27.5 - https:\/\/yoast.com\/product\/yoast-seo-wordpress\/ -->\n<title>Sasse&#039;s Record Of Obstruction Contradicts His Maiden Senate Speech &#8211; Nebraska Democratic Party<\/title>\n<meta name=\"robots\" content=\"index, follow, max-snippet:-1, max-image-preview:large, max-video-preview:-1\" \/>\n<link rel=\"canonical\" href=\"https:\/\/nebraskademocrats.org\/es\/blog\/sasses-record-of-obstruction-contradicts-his-maiden-senate-speech\/\" \/>\n<meta property=\"og:locale\" content=\"es_MX\" \/>\n<meta property=\"og:type\" content=\"article\" \/>\n<meta property=\"og:title\" content=\"Sasse&#039;s Record Of Obstruction Contradicts His Maiden Senate Speech &#8211; Nebraska Democratic Party\" \/>\n<meta property=\"og:description\" content=\"Last week, Senator Ben Sasse received gushing praise for his maiden Senate speech from both the national and local media. \u00a0In that speech, Sasse decried the fact that the Senate doesn&#8217;t work anymore to solve the problems of the U.S. \u00a0He criticized what he termed: &#8220;bare knuckled politics, &#8220;radical tactics,&#8221; and the use of Senate ... Read more\" \/>\n<meta property=\"og:url\" content=\"https:\/\/nebraskademocrats.org\/es\/blog\/sasses-record-of-obstruction-contradicts-his-maiden-senate-speech\/\" \/>\n<meta property=\"og:site_name\" content=\"Nebraska Democratic Party\" \/>\n<meta property=\"article:publisher\" content=\"https:\/\/www.facebook.com\/NebraskaDemocraticParty\/\" \/>\n<meta property=\"article:published_time\" content=\"2015-11-09T03:04:36+00:00\" \/>\n<meta property=\"article:modified_time\" content=\"2016-08-16T03:05:05+00:00\" \/>\n<meta property=\"og:image\" content=\"https:\/\/nebraskademocrats.org\/wp-content\/uploads\/2018\/09\/ne-dems-fb.jpg\" \/>\n\t<meta property=\"og:image:width\" content=\"1200\" \/>\n\t<meta property=\"og:image:height\" content=\"630\" \/>\n\t<meta property=\"og:image:type\" content=\"image\/jpeg\" \/>\n<meta name=\"author\" content=\"Precious McKesson\" \/>\n<meta name=\"twitter:card\" content=\"summary_large_image\" \/>\n<meta name=\"twitter:creator\" content=\"@nebraskadems\" \/>\n<meta name=\"twitter:site\" content=\"@nebraskadems\" \/>\n<meta name=\"twitter:label1\" content=\"Escrito por\" \/>\n\t<meta name=\"twitter:data1\" content=\"Precious McKesson\" \/>\n\t<meta name=\"twitter:label2\" content=\"Tiempo de lectura\" \/>\n\t<meta name=\"twitter:data2\" content=\"6 minutos\" \/>\n<script type=\"application\/ld+json\" class=\"yoast-schema-graph\">{\"@context\":\"https:\\\/\\\/schema.org\",\"@graph\":[{\"@type\":\"Article\",\"@id\":\"https:\\\/\\\/nebraskademocrats.org\\\/blog\\\/sasses-record-of-obstruction-contradicts-his-maiden-senate-speech\\\/#article\",\"isPartOf\":{\"@id\":\"https:\\\/\\\/nebraskademocrats.org\\\/blog\\\/sasses-record-of-obstruction-contradicts-his-maiden-senate-speech\\\/\"},\"author\":{\"name\":\"Precious McKesson\",\"@id\":\"https:\\\/\\\/nebraskademocrats.org\\\/#\\\/schema\\\/person\\\/33e011ea0795f404810dc40828bcf289\"},\"headline\":\"Sasse&#8217;s Record Of Obstruction Contradicts His Maiden Senate Speech\",\"datePublished\":\"2015-11-09T03:04:36+00:00\",\"dateModified\":\"2016-08-16T03:05:05+00:00\",\"mainEntityOfPage\":{\"@id\":\"https:\\\/\\\/nebraskademocrats.org\\\/blog\\\/sasses-record-of-obstruction-contradicts-his-maiden-senate-speech\\\/\"},\"wordCount\":1191,\"commentCount\":0,\"publisher\":{\"@id\":\"https:\\\/\\\/nebraskademocrats.org\\\/#organization\"},\"articleSection\":[\"NDP Blog\"],\"inLanguage\":\"es\"},{\"@type\":\"WebPage\",\"@id\":\"https:\\\/\\\/nebraskademocrats.org\\\/blog\\\/sasses-record-of-obstruction-contradicts-his-maiden-senate-speech\\\/\",\"url\":\"https:\\\/\\\/nebraskademocrats.org\\\/blog\\\/sasses-record-of-obstruction-contradicts-his-maiden-senate-speech\\\/\",\"name\":\"Sasse's Record Of Obstruction Contradicts His Maiden Senate Speech &#8211; Nebraska Democratic Party\",\"isPartOf\":{\"@id\":\"https:\\\/\\\/nebraskademocrats.org\\\/#website\"},\"datePublished\":\"2015-11-09T03:04:36+00:00\",\"dateModified\":\"2016-08-16T03:05:05+00:00\",\"breadcrumb\":{\"@id\":\"https:\\\/\\\/nebraskademocrats.org\\\/blog\\\/sasses-record-of-obstruction-contradicts-his-maiden-senate-speech\\\/#breadcrumb\"},\"inLanguage\":\"es\",\"potentialAction\":[{\"@type\":\"ReadAction\",\"target\":[\"https:\\\/\\\/nebraskademocrats.org\\\/blog\\\/sasses-record-of-obstruction-contradicts-his-maiden-senate-speech\\\/\"]}]},{\"@type\":\"BreadcrumbList\",\"@id\":\"https:\\\/\\\/nebraskademocrats.org\\\/blog\\\/sasses-record-of-obstruction-contradicts-his-maiden-senate-speech\\\/#breadcrumb\",\"itemListElement\":[{\"@type\":\"ListItem\",\"position\":1,\"name\":\"Home\",\"item\":\"https:\\\/\\\/nebraskademocrats.org\\\/\"},{\"@type\":\"ListItem\",\"position\":2,\"name\":\"Sasse&#8217;s Record Of Obstruction Contradicts His Maiden Senate Speech\"}]},{\"@type\":\"WebSite\",\"@id\":\"https:\\\/\\\/nebraskademocrats.org\\\/#website\",\"url\":\"https:\\\/\\\/nebraskademocrats.org\\\/\",\"name\":\"Nebraska Democratic Party\",\"description\":\"Growing the Good Life for All Nebraskans\",\"publisher\":{\"@id\":\"https:\\\/\\\/nebraskademocrats.org\\\/#organization\"},\"potentialAction\":[{\"@type\":\"SearchAction\",\"target\":{\"@type\":\"EntryPoint\",\"urlTemplate\":\"https:\\\/\\\/nebraskademocrats.org\\\/?s={search_term_string}\"},\"query-input\":{\"@type\":\"PropertyValueSpecification\",\"valueRequired\":true,\"valueName\":\"search_term_string\"}}],\"inLanguage\":\"es\"},{\"@type\":\"Organization\",\"@id\":\"https:\\\/\\\/nebraskademocrats.org\\\/#organization\",\"name\":\"Nebraska Democratic Party\",\"url\":\"https:\\\/\\\/nebraskademocrats.org\\\/\",\"logo\":{\"@type\":\"ImageObject\",\"inLanguage\":\"es\",\"@id\":\"https:\\\/\\\/nebraskademocrats.org\\\/#\\\/schema\\\/logo\\\/image\\\/\",\"url\":\"https:\\\/\\\/nebraskadem.wpenginepowered.com\\\/wp-content\\\/uploads\\\/2016\\\/05\\\/NDP2.jpg\",\"contentUrl\":\"https:\\\/\\\/nebraskadem.wpenginepowered.com\\\/wp-content\\\/uploads\\\/2016\\\/05\\\/NDP2.jpg\",\"width\":1000,\"height\":396,\"caption\":\"Nebraska Democratic Party\"},\"image\":{\"@id\":\"https:\\\/\\\/nebraskademocrats.org\\\/#\\\/schema\\\/logo\\\/image\\\/\"},\"sameAs\":[\"https:\\\/\\\/www.facebook.com\\\/NebraskaDemocraticParty\\\/\",\"https:\\\/\\\/x.com\\\/nebraskadems\"]},{\"@type\":\"Person\",\"@id\":\"https:\\\/\\\/nebraskademocrats.org\\\/#\\\/schema\\\/person\\\/33e011ea0795f404810dc40828bcf289\",\"name\":\"Precious McKesson\",\"image\":{\"@type\":\"ImageObject\",\"inLanguage\":\"es\",\"@id\":\"https:\\\/\\\/secure.gravatar.com\\\/avatar\\\/35046e19b3373116ec64c07d386d3312028d3820dc0ffe65c344bcebc8ea9194?s=96&d=mm&r=g\",\"url\":\"https:\\\/\\\/secure.gravatar.com\\\/avatar\\\/35046e19b3373116ec64c07d386d3312028d3820dc0ffe65c344bcebc8ea9194?s=96&d=mm&r=g\",\"contentUrl\":\"https:\\\/\\\/secure.gravatar.com\\\/avatar\\\/35046e19b3373116ec64c07d386d3312028d3820dc0ffe65c344bcebc8ea9194?s=96&d=mm&r=g\",\"caption\":\"Precious McKesson\"}}]}<\/script>\n<!-- \/ Yoast SEO plugin. -->","yoast_head_json":{"title":"Sasse's Record Of Obstruction Contradicts His Maiden Senate Speech &#8211; Nebraska Democratic Party","robots":{"index":"index","follow":"follow","max-snippet":"max-snippet:-1","max-image-preview":"max-image-preview:large","max-video-preview":"max-video-preview:-1"},"canonical":"https:\/\/nebraskademocrats.org\/es\/blog\/sasses-record-of-obstruction-contradicts-his-maiden-senate-speech\/","og_locale":"es_MX","og_type":"article","og_title":"Sasse's Record Of Obstruction Contradicts His Maiden Senate Speech &#8211; Nebraska Democratic Party","og_description":"Last week, Senator Ben Sasse received gushing praise for his maiden Senate speech from both the national and local media. \u00a0In that speech, Sasse decried the fact that the Senate doesn&#8217;t work anymore to solve the problems of the U.S. \u00a0He criticized what he termed: &#8220;bare knuckled politics, &#8220;radical tactics,&#8221; and the use of Senate ... Read more","og_url":"https:\/\/nebraskademocrats.org\/es\/blog\/sasses-record-of-obstruction-contradicts-his-maiden-senate-speech\/","og_site_name":"Nebraska Democratic Party","article_publisher":"https:\/\/www.facebook.com\/NebraskaDemocraticParty\/","article_published_time":"2015-11-09T03:04:36+00:00","article_modified_time":"2016-08-16T03:05:05+00:00","og_image":[{"width":1200,"height":630,"url":"https:\/\/nebraskademocrats.org\/wp-content\/uploads\/2018\/09\/ne-dems-fb.jpg","type":"image\/jpeg"}],"author":"Precious McKesson","twitter_card":"summary_large_image","twitter_creator":"@nebraskadems","twitter_site":"@nebraskadems","twitter_misc":{"Escrito por":"Precious McKesson","Tiempo de lectura":"6 minutos"},"schema":{"@context":"https:\/\/schema.org","@graph":[{"@type":"Article","@id":"https:\/\/nebraskademocrats.org\/blog\/sasses-record-of-obstruction-contradicts-his-maiden-senate-speech\/#article","isPartOf":{"@id":"https:\/\/nebraskademocrats.org\/blog\/sasses-record-of-obstruction-contradicts-his-maiden-senate-speech\/"},"author":{"name":"Precious McKesson","@id":"https:\/\/nebraskademocrats.org\/#\/schema\/person\/33e011ea0795f404810dc40828bcf289"},"headline":"Sasse&#8217;s Record Of Obstruction Contradicts His Maiden Senate Speech","datePublished":"2015-11-09T03:04:36+00:00","dateModified":"2016-08-16T03:05:05+00:00","mainEntityOfPage":{"@id":"https:\/\/nebraskademocrats.org\/blog\/sasses-record-of-obstruction-contradicts-his-maiden-senate-speech\/"},"wordCount":1191,"commentCount":0,"publisher":{"@id":"https:\/\/nebraskademocrats.org\/#organization"},"articleSection":["NDP Blog"],"inLanguage":"es"},{"@type":"WebPage","@id":"https:\/\/nebraskademocrats.org\/blog\/sasses-record-of-obstruction-contradicts-his-maiden-senate-speech\/","url":"https:\/\/nebraskademocrats.org\/blog\/sasses-record-of-obstruction-contradicts-his-maiden-senate-speech\/","name":"Sasse's Record Of Obstruction Contradicts His Maiden Senate Speech &#8211; Nebraska Democratic Party","isPartOf":{"@id":"https:\/\/nebraskademocrats.org\/#website"},"datePublished":"2015-11-09T03:04:36+00:00","dateModified":"2016-08-16T03:05:05+00:00","breadcrumb":{"@id":"https:\/\/nebraskademocrats.org\/blog\/sasses-record-of-obstruction-contradicts-his-maiden-senate-speech\/#breadcrumb"},"inLanguage":"es","potentialAction":[{"@type":"ReadAction","target":["https:\/\/nebraskademocrats.org\/blog\/sasses-record-of-obstruction-contradicts-his-maiden-senate-speech\/"]}]},{"@type":"BreadcrumbList","@id":"https:\/\/nebraskademocrats.org\/blog\/sasses-record-of-obstruction-contradicts-his-maiden-senate-speech\/#breadcrumb","itemListElement":[{"@type":"ListItem","position":1,"name":"Home","item":"https:\/\/nebraskademocrats.org\/"},{"@type":"ListItem","position":2,"name":"Sasse&#8217;s Record Of Obstruction Contradicts His Maiden Senate Speech"}]},{"@type":"WebSite","@id":"https:\/\/nebraskademocrats.org\/#website","url":"https:\/\/nebraskademocrats.org\/","name":"Partido Dem\u00f3crata de Nebraska","description":"Cultivando la buena vida para todos los nebraskenses","publisher":{"@id":"https:\/\/nebraskademocrats.org\/#organization"},"potentialAction":[{"@type":"SearchAction","target":{"@type":"EntryPoint","urlTemplate":"https:\/\/nebraskademocrats.org\/?s={search_term_string}"},"query-input":{"@type":"PropertyValueSpecification","valueRequired":true,"valueName":"search_term_string"}}],"inLanguage":"es"},{"@type":"Organization","@id":"https:\/\/nebraskademocrats.org\/#organization","name":"Partido Dem\u00f3crata de Nebraska","url":"https:\/\/nebraskademocrats.org\/","logo":{"@type":"ImageObject","inLanguage":"es","@id":"https:\/\/nebraskademocrats.org\/#\/schema\/logo\/image\/","url":"https:\/\/nebraskadem.wpenginepowered.com\/wp-content\/uploads\/2016\/05\/NDP2.jpg","contentUrl":"https:\/\/nebraskadem.wpenginepowered.com\/wp-content\/uploads\/2016\/05\/NDP2.jpg","width":1000,"height":396,"caption":"Nebraska Democratic Party"},"image":{"@id":"https:\/\/nebraskademocrats.org\/#\/schema\/logo\/image\/"},"sameAs":["https:\/\/www.facebook.com\/NebraskaDemocraticParty\/","https:\/\/x.com\/nebraskadems"]},{"@type":"Person","@id":"https:\/\/nebraskademocrats.org\/#\/schema\/person\/33e011ea0795f404810dc40828bcf289","name":"Precioso McKesson","image":{"@type":"ImageObject","inLanguage":"es","@id":"https:\/\/secure.gravatar.com\/avatar\/35046e19b3373116ec64c07d386d3312028d3820dc0ffe65c344bcebc8ea9194?s=96&d=mm&r=g","url":"https:\/\/secure.gravatar.com\/avatar\/35046e19b3373116ec64c07d386d3312028d3820dc0ffe65c344bcebc8ea9194?s=96&d=mm&r=g","contentUrl":"https:\/\/secure.gravatar.com\/avatar\/35046e19b3373116ec64c07d386d3312028d3820dc0ffe65c344bcebc8ea9194?s=96&d=mm&r=g","caption":"Precious McKesson"}}]}},"_links":{"self":[{"href":"https:\/\/nebraskademocrats.org\/es\/wp-json\/wp\/v2\/posts\/1182","targetHints":{"allow":["GET"]}}],"collection":[{"href":"https:\/\/nebraskademocrats.org\/es\/wp-json\/wp\/v2\/posts"}],"about":[{"href":"https:\/\/nebraskademocrats.org\/es\/wp-json\/wp\/v2\/types\/post"}],"author":[{"embeddable":true,"href":"https:\/\/nebraskademocrats.org\/es\/wp-json\/wp\/v2\/users\/19"}],"replies":[{"embeddable":true,"href":"https:\/\/nebraskademocrats.org\/es\/wp-json\/wp\/v2\/comments?post=1182"}],"version-history":[{"count":0,"href":"https:\/\/nebraskademocrats.org\/es\/wp-json\/wp\/v2\/posts\/1182\/revisions"}],"wp:attachment":[{"href":"https:\/\/nebraskademocrats.org\/es\/wp-json\/wp\/v2\/media?parent=1182"}],"wp:term":[{"taxonomy":"category","embeddable":true,"href":"https:\/\/nebraskademocrats.org\/es\/wp-json\/wp\/v2\/categories?post=1182"},{"taxonomy":"post_tag","embeddable":true,"href":"https:\/\/nebraskademocrats.org\/es\/wp-json\/wp\/v2\/tags?post=1182"}],"curies":[{"name":"wp","href":"https:\/\/api.w.org\/{rel}","templated":true}]}}