{"id":12347,"date":"2020-02-14T14:05:38","date_gmt":"2020-02-14T20:05:38","guid":{"rendered":"https:\/\/nebraskadem.wpenginepowered.com\/?p=12347"},"modified":"2020-02-14T14:05:38","modified_gmt":"2020-02-14T20:05:38","slug":"trouble-with-tweets-and-more-nebdems-news","status":"publish","type":"post","link":"https:\/\/nebraskademocrats.org\/es\/blog\/trouble-with-tweets-and-more-nebdems-news\/","title":{"rendered":"Problemas con tweets y m\u00e1s - #NebDems News"},"content":{"rendered":"<p><img fetchpriority=\"high\" decoding=\"async\" class=\"size-medium wp-image-6838 aligncenter\" src=\"https:\/\/nebraskadem.wpenginepowered.com\/wp-content\/uploads\/2018\/12\/NebDems-News-4-300x167.png\" alt=\"\" width=\"300\" height=\"167\" srcset=\"https:\/\/nebraskademocrats.org\/wp-content\/uploads\/2018\/12\/NebDems-News-4-300x167.png 300w, https:\/\/nebraskademocrats.org\/wp-content\/uploads\/2018\/12\/NebDems-News-4-768x427.png 768w, https:\/\/nebraskademocrats.org\/wp-content\/uploads\/2018\/12\/NebDems-News-4-1024x569.png 1024w, https:\/\/nebraskademocrats.org\/wp-content\/uploads\/2018\/12\/NebDems-News-4.png 1081w\" sizes=\"(max-width: 300px) 100vw, 300px\" \/><\/p>\n<p>Bueno, comience la cuenta regresiva para que el fiscal general William Barr obtenga el gancho del presidente Trump.<\/p>\n<p>Usted conoce el simulacro: un funcionario del gabinete, una persona designada u otro funcionario del gobierno cuestiona, critica o rechaza p\u00fablicamente a El Presidente, Trump dice que no le molesta, y poco despu\u00e9s, est\u00e1n fuera.<\/p>\n<p>Barr dijo el jueves\u00a0<a href=\"https:\/\/abcnews.go.com\/Politics\/barr-blasts-trumps-tweets-stone-case-impossible-job\/story?id=68963276\"><strong>ABC Noticias<\/strong><\/a>\u00a0que los constantes tuits de Trump sobre los casos del Departamento de Justicia &quot;me imposibilitan hacer mi trabajo&quot;.<\/p>\n<p>Cuando se le pregunt\u00f3 si estaba preparado para las consecuencias de criticar al presidente, su jefe, Barr dijo &quot;por supuesto&quot; porque su trabajo es dirigir el Departamento de Justicia y tomar decisiones sobre &quot;lo que creo que es lo correcto&quot;.<\/p>\n<p>A principios de esta semana,\u00a0<a href=\"https:\/\/www.businessinsider.com\/trump-oddly-quiet-after-william-barr-issues-rare-public-rebuke-2020-2\"><strong>Trump tuite\u00f3 quejas<\/strong><\/a>\u00a0sobre la recomendaci\u00f3n de sentencia ofrecida por los fiscales federales en el caso de Roger Stone. Stone, un antiguo confidente de Trump, fue declarado culpable por siete cargos, incluida la obstrucci\u00f3n de la justicia, declaraciones falsas y manipulaci\u00f3n de testigos relacionados con la investigaci\u00f3n del abogado especial Robert Mueller en Rusia.<\/p>\n<p>Barr le dijo a ABC:\u00a0<em>&quot;No voy a ser intimidado o influenciado por nadie ... ya sea el Congreso, la junta editorial de un peri\u00f3dico o el presidente&quot;, dijo Barr. \u201cHar\u00e9 lo que creo que es correcto. Y ya sabes ... No puedo hacer mi trabajo aqu\u00ed en el departamento con un comentario de fondo constante que me debilita &quot;.<\/em><\/p>\n<p>M\u00e1s tarde, la secretaria de prensa de la Casa Blanca, Stephanie Grisham, dijo en un comunicado\u00a0<em>&quot;El presidente tiene plena fe y confianza en que el fiscal general Barr haga su trabajo y cumpla la ley&quot;.<\/em><\/p>\n<p>Para fines de planificaci\u00f3n de Barr, el n\u00famero de\u00a0<a href=\"https:\/\/twomenandatruck.com\/movers\/va\/washington-dc\/arlington\"><strong>Dos hombres y un cami\u00f3n<\/strong><\/a>\u00a0en el \u00e1rea de Washington DC es (202) 798-7649.<\/p>\n<p><img decoding=\"async\" class=\"aligncenter\" title=\"\" src=\"https:\/\/lh6.googleusercontent.com\/UN2ci8XsTgGU5cRSNi_pxF65wyuPN20srLcnjXHiJV_3bqvOUlI_D-QnOPnXkJvWb6mQnjSXZuaoayYD5e_rBImlJiyd1E1Z-P6KQO3dI7o2I7pS678UqThzzfuruT8EW6KCoev5\" alt=\"\" width=\"450\" align=\"center\" \/><\/p>\n<p style=\"text-align: center;\">***<\/p>\n<p>Hablando de desagradar a POTUS, el candidato presidencial dem\u00f3crata Michael Bloomberg, ex alcalde del antiguo lugar de domicilio de Trump, la ciudad de Nueva York, arroj\u00f3 algo de sombra el jueves sobre la plataforma de comunicaciones preferida de Trump, la m\u00e1quina el\u00e9ctrica de Twitter.<\/p>\n<p><img decoding=\"async\" class=\"aligncenter\" title=\"\" src=\"https:\/\/lh3.googleusercontent.com\/QQ2jpFzLW88B9lZgVtdzuRPj4b9I5XEONJsKFRAvi0D7Wsql9bE6w0IDK_VskF8RnQW-Abfmbvb82ypExbYmBY9p8oSbtzFel8YrOQINnlHmr3i5t3-fV_URd5WVnC8oT9iB6U5X\" alt=\"\" width=\"450\" align=\"center\" \/><\/p>\n<p>QUEMAR<\/p>\n<p style=\"text-align: center;\">***<\/p>\n<p>El saludo anual del NDP a los senadores estatales se realizar\u00e1 el 11 de marzo en Lincoln.<\/p>\n<p>El tema de este a\u00f1o es El arte de legislar.<\/p>\n<p><a href=\"https:\/\/nebraskadem.wpenginepowered.com\/blog\/ndps-salute-to-state-senators-is-march-11\/\"><strong>Consigue tus entradas y mesas aqu\u00ed.<\/strong><\/a><\/p>\n<p><strong><img decoding=\"async\" class=\"aligncenter\" title=\"\" src=\"https:\/\/lh6.googleusercontent.com\/coOn8UpoKyZSMLF_78i-UQGl1x2VIg5dJz3wJnWnlszxRQflAWpQyVa37NWQQlEVUY7ej63MkDz33sri4pHrNtOQrRHmip9N3yfx_3zXATyING9-onRlLMP-7ULDS9gdE5-9IVQS\" alt=\"\" width=\"400\" align=\"center\" \/><\/strong><\/p>\n<p style=\"text-align: center;\">***<\/p>\n<p>\u00a1Felicitaciones al donante mensual de NDP Melvin Luetchens de Murdock, NE, por ganar dos boletos gratis para la producci\u00f3n del Teatro Aquila de &quot;1984&quot; de George Orwell la pr\u00f3xima semana!<\/p>\n<p>Haremos un sorteo de nuestra lista de donantes mensuales para el programa &quot;She the People&quot; de The Second City en<br \/>\n29 de febrero de 2020 a las 7:30 p.m.<\/p>\n<div>\n<p>\u00bfNo eres un donante mensual?\u00a0<strong><a href=\"https:\/\/secure.actblue.com\/contribute\/page\/nebdem\">Reg\u00edstrate. Es f\u00e1cil.<\/a>\u200b<\/p>\n<p><\/strong>\u00a1Y nos ayuda a elegir Dems!<\/p>\n<\/div>\n<p><img decoding=\"async\" class=\"size-medium wp-image-12395 aligncenter\" src=\"https:\/\/nebraskadem.wpenginepowered.com\/wp-content\/uploads\/2020\/02\/SHE_THE_PEOPLE_Now_Magazine_800x600_001-e1559058465399-300x225.png\" alt=\"\" width=\"300\" height=\"225\" srcset=\"https:\/\/nebraskademocrats.org\/wp-content\/uploads\/2020\/02\/SHE_THE_PEOPLE_Now_Magazine_800x600_001-e1559058465399-300x225.png 300w, https:\/\/nebraskademocrats.org\/wp-content\/uploads\/2020\/02\/SHE_THE_PEOPLE_Now_Magazine_800x600_001-e1559058465399.png 498w\" sizes=\"(max-width: 300px) 100vw, 300px\" \/><\/p>\n<p style=\"text-align: center;\">***<\/p>\n<p>Si usted o alguien que usted conoce est\u00e1 pensando en postularse para un cargo, la gu\u00eda del Partido Dem\u00f3crata de Nebraska le brinda un proceso paso a paso para ver para qu\u00e9 cargos es elegible en funci\u00f3n de su direcci\u00f3n, c\u00f3mo ver qui\u00e9n ocupa actualmente el puesto , c\u00f3mo presentar y, por \u00faltimo, todos los plazos de presentaci\u00f3n.<\/p>\n<p><a href=\"https:\/\/nebraskadem.wpenginepowered.com\/blog\/thinking-about-running-for-office-we-can-help\/\"><strong>VER M\u00c1S AQU\u00cd.<\/strong><\/a><\/p>\n<p>Nuestro equipo siempre puede reunirse con usted para responder preguntas y ayudarlo a comenzar. Solo correo electr\u00f3nico\u00a0<a href=\"mailto:info@nebraskademocrats.org\"><strong>info@nebraskademocrats.org<\/strong><\/a>\u00a0y un miembro del equipo se comunicar\u00e1 con usted.<\/p>\n<p><img decoding=\"async\" class=\"aligncenter\" title=\"\" src=\"https:\/\/lh5.googleusercontent.com\/94aagyutEITLJCoqcSRaXq6vMR9lXxIRUAKxHgPqIBay4RTMSQGicVcGT386F56Hq6hjpJ1SjP5Q4Pzd7QcE-6go5Ks0HQEbiKgAWyYmRoS8IzbMFQ8YyhgCzWRHzYO3hdV2lLl6\" alt=\"\" width=\"400\" align=\"center\" \/><\/p>\n<p style=\"text-align: center;\">***<\/p>\n<p>El Comit\u00e9 Nacional Dem\u00f3crata aprob\u00f3 el Plan de Selecci\u00f3n de Delegados del NDP para la Convenci\u00f3n Nacional Dem\u00f3crata 2020.<\/p>\n<p>El NDP enviar\u00e1\u00a0<strong>33 delegados a la convenci\u00f3n nacional<\/strong>\u00a0en Milwaukee<\/p>\n<p>Los delegados autom\u00e1ticos son el presidente del PND\u00a0<strong>Jane Kleeb<\/strong>, Primer presidente asociado\u00a0<strong>Registro de Richard<\/strong>Comisionado Nacional\u00a0<strong>Ron Kaminski<\/strong>y mujer del comit\u00e9 nacional\u00a0<strong>Patty Zieg<\/strong>.<\/p>\n<p>Se seleccionar\u00e1n 29 delegados nacionales adicionales en la Convenci\u00f3n Estatal del PND, que se realizar\u00e1\u00a0<strong>Del 5 al 7 de junio en Omaha en el Downtown Marriott.<\/strong><\/p>\n<p><a href=\"https:\/\/nebraskadem.wpenginepowered.com\/blog\/how-to-become-a-delegate-to-the-2020-democratic-national-convention\/\"><strong>Lee el DSP aqu\u00ed<\/strong><\/a>\u00a0y vea c\u00f3mo convertirse en delegado.<\/p>\n<p>Adem\u00e1s, estamos realizando\u00a0<a href=\"https:\/\/nebraskadem.wpenginepowered.com\/blog\/ndp-offering-delegate-101-training\/\"><strong>Delegado 101 Entrenamientos<\/strong><\/a>\u00a0en todo el estado para que las personas aprendan el proceso para convertirse en delegados.<\/p>\n<p>Eso incluye uno siguiente<strong>\u00a0<\/strong><strong><a href=\"https:\/\/www.facebook.com\/events\/474889413192672\/\">\u00a1Martes 18 de febrero en Omaha!<\/a><\/strong><\/p>\n<p><img decoding=\"async\" class=\"aligncenter\" title=\"\" src=\"https:\/\/lh6.googleusercontent.com\/2ngsMMmmZnC6gbSyzj9qNOo1k_NvIxMVV83MpDbOVYztu0S2zgaMYTUmTvF5AlsoPd4ORD_6K7frdiVs1_ohmjVYg0sWkvf7F4qD6SFcU3frCzX0bOk5GSiOt2iP98-8zXinSorz\" alt=\"\" width=\"400\" align=\"center\" \/><\/p>\n<p style=\"text-align: center;\">***<\/p>\n<p>\u00danase a sus compa\u00f1eros dem\u00f3cratas ma\u00f1ana en Omaha para un Big Blue Canvass para ayudar a Tim Royers, el candidato para el esca\u00f1o del Distrito 31 en la Legislatura de Nebraska.<\/p>\n<p><a href=\"https:\/\/www.facebook.com\/events\/201366857668538\/\"><strong>Ver m\u00e1s informaci\u00f3n aqu\u00ed.<\/strong><\/a><\/p>\n<p><img decoding=\"async\" class=\"aligncenter\" title=\"\" src=\"https:\/\/lh6.googleusercontent.com\/EoPEEy6TG2izP6BJJXmEpRddzu-2CXj8eEu5q4izJWLO7LAozD-oRxG0D6fPkpZWyW3IP8e5sU797Vuf5sW8hLuj3ek-6L8pJeh75R6b7utgRJgn2z0q7p70LlCP13vDmzSz3PSo\" alt=\"\" width=\"400\" align=\"center\" \/><\/p>\n<p style=\"text-align: center;\">***<\/p>\n<p>El Noveno Debate Presidencial Democr\u00e1tico, organizado por NBC News y MSNBC Las Vegas, Nevada, en asociaci\u00f3n con The Nevada Independent, es el mi\u00e9rcoles.<\/p>\n<p>\u00danase a sus compa\u00f1eros dem\u00f3cratas en un\u00a0<strong><a href=\"https:\/\/nebraskadem.wpenginepowered.com\/blog\/democrats-planning-tv-watch-parties-for-ninth-democratic-presidential-debate\/\">TV Watch Party!<\/a><\/strong><\/p>\n<figure><strong><img decoding=\"async\" class=\"aligncenter\" title=\"\" src=\"https:\/\/lh3.googleusercontent.com\/zfCPWEleJpInV3oUw2gua2e1Ezr-S4-G0aHLEGbECVH7bUHKCw9B_EHrxILvzBm_8b9BIuF_AlWlctwrxqNbUkw9XSw1TddikPcFhRz3Rt_lH9ieqkxFWNw-0fLpC-WIOh96ixQb\" alt=\"\" width=\"400\" align=\"center\" \/><\/strong><\/figure>\n<p>&nbsp;<\/p>\n<p style=\"text-align: center;\">***<\/p>\n<p>Recuerde solicitar su solicitud de Voto por Correo si desea votar desde su hogar en la Elecci\u00f3n Primaria del 12 de mayo. Tenemos todos los enlaces a los formularios, las fechas para el registro de votantes y m\u00e1s en nuestro\u00a0<a href=\"https:\/\/nebraskadem.wpenginepowered.com\/voting-center\/\"><strong>Centro de votaci\u00f3n.<\/strong><\/a><\/p>\n<p><img decoding=\"async\" class=\"aligncenter\" title=\"\" src=\"https:\/\/lh6.googleusercontent.com\/LpQVSL_EgNcDfl6Q4VcLwWzbsbQQKjgCADy-x8VG4JJVbK2Re2JXPD8dYbbphlFmEpJzlI_s58Cykp2HzXTEW8p4oLYeEkpjFXucnrTmzPLBQj8RMgYO-JKLD4llDtC3cKK9yNdF\" alt=\"\" width=\"350\" align=\"center\" \/><\/p>\n<p style=\"text-align: center;\">***<\/p>\n<p>Os dejamos esta semana con una representaci\u00f3n de\u00a0<strong>Chris Britt<\/strong>\u00a0sobre la intervenci\u00f3n del Departamento de Justicia de Barr para reducir la pena de prisi\u00f3n recomendada para Roger Stone.<\/p>\n<p><img decoding=\"async\" class=\"aligncenter\" title=\"\" src=\"https:\/\/lh3.googleusercontent.com\/W7HepgyuWNlLUBl7fYCwTcTvE7bJtRBD8Hf_-XRxd85IykJ085qOeoJVvuBXTONzZOYJWlOUZ8a-HeoAqzQAs3dJ4VHBLmrcAbAozAFlPOzeooSFJ9NLgS358FWG5aStUMXzElTm\" alt=\"\" width=\"450\" align=\"center\" \/>.<\/p>\n<p>\u2013Por Kevin O&#039;Hanlon \/ Director de comunicaciones de NDP<\/p>\n<p><strong>NOTA:<\/strong>\u00a0Si desea recibir #NebDems News por correo electr\u00f3nico, env\u00edenos una nota a:\u00a0<strong><a href=\"mailto:info@nebraskademocrats.org\">info@nebraskademocrats.org<\/a><\/strong><a href=\"mailto:info@nebraskademocrats.org\"><br \/>\n<\/a><\/p>\n<p>###<\/p>\n<h2 style=\"text-align: center;\"><a href=\"https:\/\/nebraskadem.wpenginepowered.com\/candidates\/\">\u00a1Vea la lista creciente de candidatos dem\u00f3cratas 2020 que se postulan en Nebraska!<\/a><\/h2>\n<p><strong>FECHAS IMPORTANTES<\/strong><\/p>\n<p><strong>15 de febrero:\u00a0<\/strong><a href=\"https:\/\/www.facebook.com\/events\/201366857668538\/\">Big Blue Canvass en LD31 en Omaha<\/a><\/p>\n<p><strong>18 de febrero:<\/strong>\u00a0<a href=\"https:\/\/www.facebook.com\/events\/474889413192672\/\">Delegado 101 Entrenando con dem\u00f3cratas universitarios en Omaha<\/a><\/p>\n<p><strong>19 de febrero:\u00a0<\/strong><a href=\"https:\/\/nebraskadem.wpenginepowered.com\/event\/9th-democratic-presidential-debate\/?link_id=20&amp;can_id=b263939168b7b17d4a4901e8096a6b3a&amp;source=email-acquittal-acrimony-and-more-nebdems-news&amp;email_referrer=&amp;email_subject=acquittal-acrimony-and-more-nebdems-news\">Noveno debate presidencial dem\u00f3crata<\/a><\/p>\n<p><strong>20 de febrero:\u00a0<\/strong><a href=\"https:\/\/nebraskadem.wpenginepowered.com\/event\/ndp-chair-jane-kleeb-speaks-with-holt-county-dems\/\">La presidenta del NDP, Jane Kleeb, habla con los dem\u00f3cratas del condado de Holt<\/a><\/p>\n<p><strong>22 de febrero:\u00a0<\/strong><a href=\"https:\/\/www.facebook.com\/events\/634565750714784\/\">Big Blue Canvass en LD49 en Gretna<\/a><\/p>\n<p><strong>25 de febrero:<\/strong>\u00a0<a href=\"https:\/\/nebraskadem.wpenginepowered.com\/event\/10th-democratic-presidential-debate\/?link_id=23&amp;can_id=b263939168b7b17d4a4901e8096a6b3a&amp;source=email-acquittal-acrimony-and-more-nebdems-news&amp;email_referrer=&amp;email_subject=acquittal-acrimony-and-more-nebdems-news\">D\u00e9cimo Debate Democr\u00e1tico Presidencial<\/a><\/p>\n<p><strong>29 de febrero:<\/strong>\u00a0<a href=\"https:\/\/nebraskadem.wpenginepowered.com\/event\/block-captain-training-leap-into-the-2020-elections\/\">Block Captain Training: \u00a1Salta a las elecciones de 2020!<\/a><\/p>\n<div><\/div>","protected":false},"excerpt":{"rendered":"<p>Well, start the countdown for Attorney General William Barr to get the hook from President Trump. You know the drill: A cabinet official, appointee or other government official publicly questions,\u00a0 criticizes or bucks El Presidente, Trump says he isn\u2019t bothered by it &#8212; and soon after, they are out. Barr on Thursday told\u00a0ABC News\u00a0that Trump\u2019s &#8230; <a title=\"Trouble with tweets and more &#8212; #NebDems News\" class=\"read-more\" href=\"https:\/\/nebraskademocrats.org\/es\/blog\/trouble-with-tweets-and-more-nebdems-news\/\" aria-label=\"More on Trouble with tweets and more &#8212; #NebDems News\">Lee mas<\/a><\/p>","protected":false},"author":19,"featured_media":0,"comment_status":"closed","ping_status":"closed","sticky":false,"template":"","format":"standard","meta":{"_acf_changed":false,"_exactmetrics_skip_tracking":false,"_exactmetrics_sitenote_active":false,"_exactmetrics_sitenote_note":"","_exactmetrics_sitenote_category":0,"footnotes":""},"categories":[1],"tags":[],"class_list":["post-12347","post","type-post","status-publish","format-standard","hentry","category-blog"],"acf":[],"yoast_head":"<!-- This site is optimized with the Yoast SEO plugin v27.4 - https:\/\/yoast.com\/product\/yoast-seo-wordpress\/ -->\n<title>Trouble with tweets and more -- #NebDems News &#8211; Nebraska Democratic Party<\/title>\n<meta name=\"robots\" content=\"index, follow, max-snippet:-1, max-image-preview:large, max-video-preview:-1\" \/>\n<link rel=\"canonical\" href=\"https:\/\/nebraskademocrats.org\/es\/blog\/trouble-with-tweets-and-more-nebdems-news\/\" \/>\n<meta property=\"og:locale\" content=\"es_MX\" \/>\n<meta property=\"og:type\" content=\"article\" \/>\n<meta property=\"og:title\" content=\"Trouble with tweets and more -- #NebDems News &#8211; Nebraska Democratic Party\" \/>\n<meta property=\"og:description\" content=\"Well, start the countdown for Attorney General William Barr to get the hook from President Trump. You know the drill: A cabinet official, appointee or other government official publicly questions,\u00a0 criticizes or bucks El Presidente, Trump says he isn\u2019t bothered by it &#8212; and soon after, they are out. Barr on Thursday told\u00a0ABC News\u00a0that Trump\u2019s ... Read more\" \/>\n<meta property=\"og:url\" content=\"https:\/\/nebraskademocrats.org\/es\/blog\/trouble-with-tweets-and-more-nebdems-news\/\" \/>\n<meta property=\"og:site_name\" content=\"Nebraska Democratic Party\" \/>\n<meta property=\"article:publisher\" content=\"https:\/\/www.facebook.com\/NebraskaDemocraticParty\/\" \/>\n<meta property=\"article:published_time\" content=\"2020-02-14T20:05:38+00:00\" \/>\n<meta property=\"og:image\" content=\"https:\/\/nebraskadem.wpenginepowered.com\/wp-content\/uploads\/2018\/12\/NebDems-News-4-300x167.png\" \/>\n<meta name=\"author\" content=\"Precious McKesson\" \/>\n<meta name=\"twitter:card\" content=\"summary_large_image\" \/>\n<meta name=\"twitter:creator\" content=\"@nebraskadems\" \/>\n<meta name=\"twitter:site\" content=\"@nebraskadems\" \/>\n<meta name=\"twitter:label1\" content=\"Escrito por\" \/>\n\t<meta name=\"twitter:data1\" content=\"Precious McKesson\" \/>\n\t<meta name=\"twitter:label2\" content=\"Tiempo de lectura\" \/>\n\t<meta name=\"twitter:data2\" content=\"4 minutos\" \/>\n<script type=\"application\/ld+json\" class=\"yoast-schema-graph\">{\"@context\":\"https:\\\/\\\/schema.org\",\"@graph\":[{\"@type\":\"Article\",\"@id\":\"https:\\\/\\\/nebraskademocrats.org\\\/blog\\\/trouble-with-tweets-and-more-nebdems-news\\\/#article\",\"isPartOf\":{\"@id\":\"https:\\\/\\\/nebraskademocrats.org\\\/blog\\\/trouble-with-tweets-and-more-nebdems-news\\\/\"},\"author\":{\"name\":\"Precious McKesson\",\"@id\":\"https:\\\/\\\/nebraskademocrats.org\\\/#\\\/schema\\\/person\\\/33e011ea0795f404810dc40828bcf289\"},\"headline\":\"Trouble with tweets and more &#8212; #NebDems News\",\"datePublished\":\"2020-02-14T20:05:38+00:00\",\"mainEntityOfPage\":{\"@id\":\"https:\\\/\\\/nebraskademocrats.org\\\/blog\\\/trouble-with-tweets-and-more-nebdems-news\\\/\"},\"wordCount\":835,\"publisher\":{\"@id\":\"https:\\\/\\\/nebraskademocrats.org\\\/#organization\"},\"image\":{\"@id\":\"https:\\\/\\\/nebraskademocrats.org\\\/blog\\\/trouble-with-tweets-and-more-nebdems-news\\\/#primaryimage\"},\"thumbnailUrl\":\"https:\\\/\\\/nebraskadem.wpenginepowered.com\\\/wp-content\\\/uploads\\\/2018\\\/12\\\/NebDems-News-4-300x167.png\",\"articleSection\":[\"NDP Blog\"],\"inLanguage\":\"es\"},{\"@type\":\"WebPage\",\"@id\":\"https:\\\/\\\/nebraskademocrats.org\\\/blog\\\/trouble-with-tweets-and-more-nebdems-news\\\/\",\"url\":\"https:\\\/\\\/nebraskademocrats.org\\\/blog\\\/trouble-with-tweets-and-more-nebdems-news\\\/\",\"name\":\"Trouble with tweets and more -- #NebDems News &#8211; Nebraska Democratic Party\",\"isPartOf\":{\"@id\":\"https:\\\/\\\/nebraskademocrats.org\\\/#website\"},\"primaryImageOfPage\":{\"@id\":\"https:\\\/\\\/nebraskademocrats.org\\\/blog\\\/trouble-with-tweets-and-more-nebdems-news\\\/#primaryimage\"},\"image\":{\"@id\":\"https:\\\/\\\/nebraskademocrats.org\\\/blog\\\/trouble-with-tweets-and-more-nebdems-news\\\/#primaryimage\"},\"thumbnailUrl\":\"https:\\\/\\\/nebraskadem.wpenginepowered.com\\\/wp-content\\\/uploads\\\/2018\\\/12\\\/NebDems-News-4-300x167.png\",\"datePublished\":\"2020-02-14T20:05:38+00:00\",\"breadcrumb\":{\"@id\":\"https:\\\/\\\/nebraskademocrats.org\\\/blog\\\/trouble-with-tweets-and-more-nebdems-news\\\/#breadcrumb\"},\"inLanguage\":\"es\",\"potentialAction\":[{\"@type\":\"ReadAction\",\"target\":[\"https:\\\/\\\/nebraskademocrats.org\\\/blog\\\/trouble-with-tweets-and-more-nebdems-news\\\/\"]}]},{\"@type\":\"ImageObject\",\"inLanguage\":\"es\",\"@id\":\"https:\\\/\\\/nebraskademocrats.org\\\/blog\\\/trouble-with-tweets-and-more-nebdems-news\\\/#primaryimage\",\"url\":\"https:\\\/\\\/nebraskadem.wpenginepowered.com\\\/wp-content\\\/uploads\\\/2018\\\/12\\\/NebDems-News-4-300x167.png\",\"contentUrl\":\"https:\\\/\\\/nebraskadem.wpenginepowered.com\\\/wp-content\\\/uploads\\\/2018\\\/12\\\/NebDems-News-4-300x167.png\"},{\"@type\":\"BreadcrumbList\",\"@id\":\"https:\\\/\\\/nebraskademocrats.org\\\/blog\\\/trouble-with-tweets-and-more-nebdems-news\\\/#breadcrumb\",\"itemListElement\":[{\"@type\":\"ListItem\",\"position\":1,\"name\":\"Home\",\"item\":\"https:\\\/\\\/nebraskademocrats.org\\\/\"},{\"@type\":\"ListItem\",\"position\":2,\"name\":\"Trouble with tweets and more &#8212; #NebDems News\"}]},{\"@type\":\"WebSite\",\"@id\":\"https:\\\/\\\/nebraskademocrats.org\\\/#website\",\"url\":\"https:\\\/\\\/nebraskademocrats.org\\\/\",\"name\":\"Nebraska Democratic Party\",\"description\":\"Growing the Good Life for All Nebraskans\",\"publisher\":{\"@id\":\"https:\\\/\\\/nebraskademocrats.org\\\/#organization\"},\"potentialAction\":[{\"@type\":\"SearchAction\",\"target\":{\"@type\":\"EntryPoint\",\"urlTemplate\":\"https:\\\/\\\/nebraskademocrats.org\\\/?s={search_term_string}\"},\"query-input\":{\"@type\":\"PropertyValueSpecification\",\"valueRequired\":true,\"valueName\":\"search_term_string\"}}],\"inLanguage\":\"es\"},{\"@type\":\"Organization\",\"@id\":\"https:\\\/\\\/nebraskademocrats.org\\\/#organization\",\"name\":\"Nebraska Democratic Party\",\"url\":\"https:\\\/\\\/nebraskademocrats.org\\\/\",\"logo\":{\"@type\":\"ImageObject\",\"inLanguage\":\"es\",\"@id\":\"https:\\\/\\\/nebraskademocrats.org\\\/#\\\/schema\\\/logo\\\/image\\\/\",\"url\":\"https:\\\/\\\/nebraskadem.wpenginepowered.com\\\/wp-content\\\/uploads\\\/2016\\\/05\\\/NDP2.jpg\",\"contentUrl\":\"https:\\\/\\\/nebraskadem.wpenginepowered.com\\\/wp-content\\\/uploads\\\/2016\\\/05\\\/NDP2.jpg\",\"width\":1000,\"height\":396,\"caption\":\"Nebraska Democratic Party\"},\"image\":{\"@id\":\"https:\\\/\\\/nebraskademocrats.org\\\/#\\\/schema\\\/logo\\\/image\\\/\"},\"sameAs\":[\"https:\\\/\\\/www.facebook.com\\\/NebraskaDemocraticParty\\\/\",\"https:\\\/\\\/x.com\\\/nebraskadems\"]},{\"@type\":\"Person\",\"@id\":\"https:\\\/\\\/nebraskademocrats.org\\\/#\\\/schema\\\/person\\\/33e011ea0795f404810dc40828bcf289\",\"name\":\"Precious McKesson\",\"image\":{\"@type\":\"ImageObject\",\"inLanguage\":\"es\",\"@id\":\"https:\\\/\\\/secure.gravatar.com\\\/avatar\\\/35046e19b3373116ec64c07d386d3312028d3820dc0ffe65c344bcebc8ea9194?s=96&d=mm&r=g\",\"url\":\"https:\\\/\\\/secure.gravatar.com\\\/avatar\\\/35046e19b3373116ec64c07d386d3312028d3820dc0ffe65c344bcebc8ea9194?s=96&d=mm&r=g\",\"contentUrl\":\"https:\\\/\\\/secure.gravatar.com\\\/avatar\\\/35046e19b3373116ec64c07d386d3312028d3820dc0ffe65c344bcebc8ea9194?s=96&d=mm&r=g\",\"caption\":\"Precious McKesson\"}}]}<\/script>\n<!-- \/ Yoast SEO plugin. -->","yoast_head_json":{"title":"Trouble with tweets and more -- #NebDems News &#8211; Nebraska Democratic Party","robots":{"index":"index","follow":"follow","max-snippet":"max-snippet:-1","max-image-preview":"max-image-preview:large","max-video-preview":"max-video-preview:-1"},"canonical":"https:\/\/nebraskademocrats.org\/es\/blog\/trouble-with-tweets-and-more-nebdems-news\/","og_locale":"es_MX","og_type":"article","og_title":"Trouble with tweets and more -- #NebDems News &#8211; Nebraska Democratic Party","og_description":"Well, start the countdown for Attorney General William Barr to get the hook from President Trump. You know the drill: A cabinet official, appointee or other government official publicly questions,\u00a0 criticizes or bucks El Presidente, Trump says he isn\u2019t bothered by it &#8212; and soon after, they are out. Barr on Thursday told\u00a0ABC News\u00a0that Trump\u2019s ... Read more","og_url":"https:\/\/nebraskademocrats.org\/es\/blog\/trouble-with-tweets-and-more-nebdems-news\/","og_site_name":"Nebraska Democratic Party","article_publisher":"https:\/\/www.facebook.com\/NebraskaDemocraticParty\/","article_published_time":"2020-02-14T20:05:38+00:00","og_image":[{"url":"https:\/\/nebraskadem.wpenginepowered.com\/wp-content\/uploads\/2018\/12\/NebDems-News-4-300x167.png","type":"","width":"","height":""}],"author":"Precious McKesson","twitter_card":"summary_large_image","twitter_creator":"@nebraskadems","twitter_site":"@nebraskadems","twitter_misc":{"Escrito por":"Precious McKesson","Tiempo de lectura":"4 minutos"},"schema":{"@context":"https:\/\/schema.org","@graph":[{"@type":"Article","@id":"https:\/\/nebraskademocrats.org\/blog\/trouble-with-tweets-and-more-nebdems-news\/#article","isPartOf":{"@id":"https:\/\/nebraskademocrats.org\/blog\/trouble-with-tweets-and-more-nebdems-news\/"},"author":{"name":"Precious McKesson","@id":"https:\/\/nebraskademocrats.org\/#\/schema\/person\/33e011ea0795f404810dc40828bcf289"},"headline":"Trouble with tweets and more &#8212; #NebDems News","datePublished":"2020-02-14T20:05:38+00:00","mainEntityOfPage":{"@id":"https:\/\/nebraskademocrats.org\/blog\/trouble-with-tweets-and-more-nebdems-news\/"},"wordCount":835,"publisher":{"@id":"https:\/\/nebraskademocrats.org\/#organization"},"image":{"@id":"https:\/\/nebraskademocrats.org\/blog\/trouble-with-tweets-and-more-nebdems-news\/#primaryimage"},"thumbnailUrl":"https:\/\/nebraskadem.wpenginepowered.com\/wp-content\/uploads\/2018\/12\/NebDems-News-4-300x167.png","articleSection":["NDP Blog"],"inLanguage":"es"},{"@type":"WebPage","@id":"https:\/\/nebraskademocrats.org\/blog\/trouble-with-tweets-and-more-nebdems-news\/","url":"https:\/\/nebraskademocrats.org\/blog\/trouble-with-tweets-and-more-nebdems-news\/","name":"Trouble with tweets and more -- #NebDems News &#8211; Nebraska Democratic Party","isPartOf":{"@id":"https:\/\/nebraskademocrats.org\/#website"},"primaryImageOfPage":{"@id":"https:\/\/nebraskademocrats.org\/blog\/trouble-with-tweets-and-more-nebdems-news\/#primaryimage"},"image":{"@id":"https:\/\/nebraskademocrats.org\/blog\/trouble-with-tweets-and-more-nebdems-news\/#primaryimage"},"thumbnailUrl":"https:\/\/nebraskadem.wpenginepowered.com\/wp-content\/uploads\/2018\/12\/NebDems-News-4-300x167.png","datePublished":"2020-02-14T20:05:38+00:00","breadcrumb":{"@id":"https:\/\/nebraskademocrats.org\/blog\/trouble-with-tweets-and-more-nebdems-news\/#breadcrumb"},"inLanguage":"es","potentialAction":[{"@type":"ReadAction","target":["https:\/\/nebraskademocrats.org\/blog\/trouble-with-tweets-and-more-nebdems-news\/"]}]},{"@type":"ImageObject","inLanguage":"es","@id":"https:\/\/nebraskademocrats.org\/blog\/trouble-with-tweets-and-more-nebdems-news\/#primaryimage","url":"https:\/\/nebraskadem.wpenginepowered.com\/wp-content\/uploads\/2018\/12\/NebDems-News-4-300x167.png","contentUrl":"https:\/\/nebraskadem.wpenginepowered.com\/wp-content\/uploads\/2018\/12\/NebDems-News-4-300x167.png"},{"@type":"BreadcrumbList","@id":"https:\/\/nebraskademocrats.org\/blog\/trouble-with-tweets-and-more-nebdems-news\/#breadcrumb","itemListElement":[{"@type":"ListItem","position":1,"name":"Home","item":"https:\/\/nebraskademocrats.org\/"},{"@type":"ListItem","position":2,"name":"Trouble with tweets and more &#8212; #NebDems News"}]},{"@type":"WebSite","@id":"https:\/\/nebraskademocrats.org\/#website","url":"https:\/\/nebraskademocrats.org\/","name":"Partido Dem\u00f3crata de Nebraska","description":"Cultivando la buena vida para todos los nebraskenses","publisher":{"@id":"https:\/\/nebraskademocrats.org\/#organization"},"potentialAction":[{"@type":"SearchAction","target":{"@type":"EntryPoint","urlTemplate":"https:\/\/nebraskademocrats.org\/?s={search_term_string}"},"query-input":{"@type":"PropertyValueSpecification","valueRequired":true,"valueName":"search_term_string"}}],"inLanguage":"es"},{"@type":"Organization","@id":"https:\/\/nebraskademocrats.org\/#organization","name":"Partido Dem\u00f3crata de Nebraska","url":"https:\/\/nebraskademocrats.org\/","logo":{"@type":"ImageObject","inLanguage":"es","@id":"https:\/\/nebraskademocrats.org\/#\/schema\/logo\/image\/","url":"https:\/\/nebraskadem.wpenginepowered.com\/wp-content\/uploads\/2016\/05\/NDP2.jpg","contentUrl":"https:\/\/nebraskadem.wpenginepowered.com\/wp-content\/uploads\/2016\/05\/NDP2.jpg","width":1000,"height":396,"caption":"Nebraska Democratic Party"},"image":{"@id":"https:\/\/nebraskademocrats.org\/#\/schema\/logo\/image\/"},"sameAs":["https:\/\/www.facebook.com\/NebraskaDemocraticParty\/","https:\/\/x.com\/nebraskadems"]},{"@type":"Person","@id":"https:\/\/nebraskademocrats.org\/#\/schema\/person\/33e011ea0795f404810dc40828bcf289","name":"Precioso McKesson","image":{"@type":"ImageObject","inLanguage":"es","@id":"https:\/\/secure.gravatar.com\/avatar\/35046e19b3373116ec64c07d386d3312028d3820dc0ffe65c344bcebc8ea9194?s=96&d=mm&r=g","url":"https:\/\/secure.gravatar.com\/avatar\/35046e19b3373116ec64c07d386d3312028d3820dc0ffe65c344bcebc8ea9194?s=96&d=mm&r=g","contentUrl":"https:\/\/secure.gravatar.com\/avatar\/35046e19b3373116ec64c07d386d3312028d3820dc0ffe65c344bcebc8ea9194?s=96&d=mm&r=g","caption":"Precious McKesson"}}]}},"_links":{"self":[{"href":"https:\/\/nebraskademocrats.org\/es\/wp-json\/wp\/v2\/posts\/12347","targetHints":{"allow":["GET"]}}],"collection":[{"href":"https:\/\/nebraskademocrats.org\/es\/wp-json\/wp\/v2\/posts"}],"about":[{"href":"https:\/\/nebraskademocrats.org\/es\/wp-json\/wp\/v2\/types\/post"}],"author":[{"embeddable":true,"href":"https:\/\/nebraskademocrats.org\/es\/wp-json\/wp\/v2\/users\/19"}],"replies":[{"embeddable":true,"href":"https:\/\/nebraskademocrats.org\/es\/wp-json\/wp\/v2\/comments?post=12347"}],"version-history":[{"count":0,"href":"https:\/\/nebraskademocrats.org\/es\/wp-json\/wp\/v2\/posts\/12347\/revisions"}],"wp:attachment":[{"href":"https:\/\/nebraskademocrats.org\/es\/wp-json\/wp\/v2\/media?parent=12347"}],"wp:term":[{"taxonomy":"category","embeddable":true,"href":"https:\/\/nebraskademocrats.org\/es\/wp-json\/wp\/v2\/categories?post=12347"},{"taxonomy":"post_tag","embeddable":true,"href":"https:\/\/nebraskademocrats.org\/es\/wp-json\/wp\/v2\/tags?post=12347"}],"curies":[{"name":"wp","href":"https:\/\/api.w.org\/{rel}","templated":true}]}}