{"id":14010,"date":"2020-02-26T15:24:53","date_gmt":"2020-02-26T21:24:53","guid":{"rendered":"https:\/\/nebraskadem.wpenginepowered.com\/?p=14010"},"modified":"2020-02-26T16:38:27","modified_gmt":"2020-02-26T22:38:27","slug":"trump-cut-global-health-funding-as-coronavirus-spreads","status":"publish","type":"post","link":"https:\/\/nebraskademocrats.org\/es\/blog\/trump-cut-global-health-funding-as-coronavirus-spreads\/","title":{"rendered":"Trump redujo los fondos para la salud mundial a medida que se propaga el coronavirus"},"content":{"rendered":"<div class=\"\" data-block=\"true\" data-editor=\"19bpa\" data-offset-key=\"62d0r-0-0\">La administraci\u00f3n de Trump est\u00e1 luchando para responder al coronavirus despu\u00e9s de que Trump propuso recortes presupuestarios a fondos de salud cr\u00edticos y elimin\u00f3 a los principales funcionarios de salud que habr\u00edan liderado nuestra respuesta a esta pandemia.<\/div>\n<div class=\"\" data-block=\"true\" data-editor=\"19bpa\" data-offset-key=\"cuq0q-0-0\">\n<div class=\"_1mf _1mj\" data-offset-key=\"cuq0q-0-0\">\n<p><strong>El presupuesto de Trump reducir\u00eda los fondos del HHS en casi un 10 por ciento.<br \/>\n<\/strong><strong><a href=\"https:\/\/democrats.us1.list-manage.com\/track\/click?u=b575b9e5364b5673b6f9df3f1&amp;id=f2cfb4cabc&amp;e=a68f42d483\">El Correo de Washington:<\/a><\/strong> &quot;La solicitud de presupuesto para 2021 presentada el lunes al Congreso incluye un recorte de casi el 10 por ciento a los Servicios Humanos y de Salud y un recorte del 26 por ciento a la Agencia de Protecci\u00f3n Ambiental&quot;.<\/p>\n<\/div>\n<\/div>\n<div class=\"\" data-block=\"true\" data-editor=\"19bpa\" data-offset-key=\"59roq-0-0\">\n<div class=\"_1mf _1mj\" data-offset-key=\"59roq-0-0\"><strong>El presupuesto de Trump reducir\u00eda los fondos de los CDC en casi un 16 por ciento.<br \/>\n<a href=\"https:\/\/democrats.us1.list-manage.com\/track\/click?u=b575b9e5364b5673b6f9df3f1&amp;id=d12ef37dca&amp;e=a68f42d483\">El Correo de Washington:<\/a><\/strong> &quot;La solicitud de presupuesto recortar\u00eda los fondos para los Centros para el Control y la Prevenci\u00f3n de Enfermedades en casi un 16 por ciento&quot;.<strong>El presupuesto de Trump reducir\u00eda los fondos de Estados Unidos a la Organizaci\u00f3n Mundial de la Salud en m\u00e1s de la mitad.<\/strong><br \/>\n<strong><a href=\"https:\/\/democrats.us1.list-manage.com\/track\/click?u=b575b9e5364b5673b6f9df3f1&amp;id=b8a055cc68&amp;e=a68f42d483\">ABC Noticias:<\/a><\/strong> &quot;La propuesta tambi\u00e9n reducir\u00eda los fondos para la Organizaci\u00f3n Mundial de la Salud en 53% y para la Organizaci\u00f3n Panamericana de la Salud en 75%&quot;.<\/p>\n<p><strong>El presupuesto de Trump recortar\u00eda $3 mil millones de los programas de salud global del gobierno de EE. UU.<\/strong><br \/>\n<strong><a href=\"https:\/\/democrats.us1.list-manage.com\/track\/click?u=b575b9e5364b5673b6f9df3f1&amp;id=c65d5ff87a&amp;e=a68f42d483\">ABC Noticias<\/a><\/strong>: &quot;En medio de dos crisis mundiales de salud, la administraci\u00f3n Trump ha propuesto recortar $3 mil millones de los programas de salud global del gobierno de EE. UU. En su \u00faltima solicitud de presupuesto&quot;.<\/p>\n<p><strong>Trump elimin\u00f3 al equipo de la Casa Blanca responsable de liderar la respuesta de Estados Unidos a las pandemias mortales.<\/strong><br \/>\n<strong><a href=\"https:\/\/democrats.us1.list-manage.com\/track\/click?u=b575b9e5364b5673b6f9df3f1&amp;id=9e9827b60e&amp;e=a68f42d483\">El Correo de Washington:<\/a><\/strong> &quot;El principal funcionario de la Casa Blanca responsable de liderar la respuesta de los Estados Unidos en caso de una pandemia mortal dej\u00f3 la administraci\u00f3n, y el equipo de seguridad sanitaria global que supervis\u00f3 fue desmantelado por una reorganizaci\u00f3n del asesor de seguridad nacional John Bolton&quot;.<\/p>\n<\/div>\n<\/div>\n<div class=\"\" data-block=\"true\" data-editor=\"19bpa\" data-offset-key=\"161rk-0-0\">\n<div class=\"_1mf _1mj\" data-offset-key=\"161rk-0-0\"><\/div>\n<\/div>","protected":false},"excerpt":{"rendered":"<p>The Trump administration is scrambling to respond to coronavirus after Trump proposed budget cuts to critical health funding, and removed top health officials who would\u2019ve led our response to this pandemic. Trump\u2019s budget would cut HHS funding by nearly 10 percent. Washington Post: \u201cThe 2021 budget request delivered Monday to Congress includes a nearly 10 &#8230; <a title=\"Trump redujo los fondos para la salud mundial a medida que se propaga el coronavirus\" class=\"read-more\" href=\"https:\/\/nebraskademocrats.org\/es\/blog\/trump-cut-global-health-funding-as-coronavirus-spreads\/\" aria-label=\"More on Trump Cut Global Health Funding As Coronavirus Spreads\">Lee mas<\/a><\/p>","protected":false},"author":19,"featured_media":0,"comment_status":"closed","ping_status":"closed","sticky":false,"template":"","format":"standard","meta":{"_acf_changed":false,"_exactmetrics_skip_tracking":false,"_exactmetrics_sitenote_active":false,"_exactmetrics_sitenote_note":"","_exactmetrics_sitenote_category":0,"footnotes":""},"categories":[1],"tags":[],"class_list":["post-14010","post","type-post","status-publish","format-standard","hentry","category-blog"],"acf":[],"yoast_head":"<!-- This site is optimized with the Yoast SEO plugin v27.4 - https:\/\/yoast.com\/product\/yoast-seo-wordpress\/ -->\n<title>Trump Cut Global Health Funding As Coronavirus Spreads &#8211; Nebraska Democratic Party<\/title>\n<meta name=\"robots\" content=\"index, follow, max-snippet:-1, max-image-preview:large, max-video-preview:-1\" \/>\n<link rel=\"canonical\" href=\"https:\/\/nebraskademocrats.org\/es\/blog\/trump-cut-global-health-funding-as-coronavirus-spreads\/\" \/>\n<meta property=\"og:locale\" content=\"es_MX\" \/>\n<meta property=\"og:type\" content=\"article\" \/>\n<meta property=\"og:title\" content=\"Trump Cut Global Health Funding As Coronavirus Spreads &#8211; Nebraska Democratic Party\" \/>\n<meta property=\"og:description\" content=\"The Trump administration is scrambling to respond to coronavirus after Trump proposed budget cuts to critical health funding, and removed top health officials who would\u2019ve led our response to this pandemic. Trump\u2019s budget would cut HHS funding by nearly 10 percent. Washington Post: \u201cThe 2021 budget request delivered Monday to Congress includes a nearly 10 ... Read more\" \/>\n<meta property=\"og:url\" content=\"https:\/\/nebraskademocrats.org\/es\/blog\/trump-cut-global-health-funding-as-coronavirus-spreads\/\" \/>\n<meta property=\"og:site_name\" content=\"Nebraska Democratic Party\" \/>\n<meta property=\"article:publisher\" content=\"https:\/\/www.facebook.com\/NebraskaDemocraticParty\/\" \/>\n<meta property=\"article:published_time\" content=\"2020-02-26T21:24:53+00:00\" \/>\n<meta property=\"article:modified_time\" content=\"2020-02-26T22:38:27+00:00\" \/>\n<meta property=\"og:image\" content=\"https:\/\/nebraskademocrats.org\/wp-content\/uploads\/2018\/09\/ne-dems-fb.jpg\" \/>\n\t<meta property=\"og:image:width\" content=\"1200\" \/>\n\t<meta property=\"og:image:height\" content=\"630\" \/>\n\t<meta property=\"og:image:type\" content=\"image\/jpeg\" \/>\n<meta name=\"author\" content=\"Precious McKesson\" \/>\n<meta name=\"twitter:card\" content=\"summary_large_image\" \/>\n<meta name=\"twitter:creator\" content=\"@nebraskadems\" \/>\n<meta name=\"twitter:site\" content=\"@nebraskadems\" \/>\n<meta name=\"twitter:label1\" content=\"Escrito por\" \/>\n\t<meta name=\"twitter:data1\" content=\"Precious McKesson\" \/>\n\t<meta name=\"twitter:label2\" content=\"Tiempo de lectura\" \/>\n\t<meta name=\"twitter:data2\" content=\"1 minuto\" \/>\n<script type=\"application\/ld+json\" class=\"yoast-schema-graph\">{\"@context\":\"https:\\\/\\\/schema.org\",\"@graph\":[{\"@type\":\"Article\",\"@id\":\"https:\\\/\\\/nebraskademocrats.org\\\/blog\\\/trump-cut-global-health-funding-as-coronavirus-spreads\\\/#article\",\"isPartOf\":{\"@id\":\"https:\\\/\\\/nebraskademocrats.org\\\/blog\\\/trump-cut-global-health-funding-as-coronavirus-spreads\\\/\"},\"author\":{\"name\":\"Precious McKesson\",\"@id\":\"https:\\\/\\\/nebraskademocrats.org\\\/#\\\/schema\\\/person\\\/33e011ea0795f404810dc40828bcf289\"},\"headline\":\"Trump Cut Global Health Funding As Coronavirus Spreads\",\"datePublished\":\"2020-02-26T21:24:53+00:00\",\"dateModified\":\"2020-02-26T22:38:27+00:00\",\"mainEntityOfPage\":{\"@id\":\"https:\\\/\\\/nebraskademocrats.org\\\/blog\\\/trump-cut-global-health-funding-as-coronavirus-spreads\\\/\"},\"wordCount\":250,\"publisher\":{\"@id\":\"https:\\\/\\\/nebraskademocrats.org\\\/#organization\"},\"articleSection\":[\"NDP Blog\"],\"inLanguage\":\"es\"},{\"@type\":\"WebPage\",\"@id\":\"https:\\\/\\\/nebraskademocrats.org\\\/blog\\\/trump-cut-global-health-funding-as-coronavirus-spreads\\\/\",\"url\":\"https:\\\/\\\/nebraskademocrats.org\\\/blog\\\/trump-cut-global-health-funding-as-coronavirus-spreads\\\/\",\"name\":\"Trump Cut Global Health Funding As Coronavirus Spreads &#8211; Nebraska Democratic Party\",\"isPartOf\":{\"@id\":\"https:\\\/\\\/nebraskademocrats.org\\\/#website\"},\"datePublished\":\"2020-02-26T21:24:53+00:00\",\"dateModified\":\"2020-02-26T22:38:27+00:00\",\"breadcrumb\":{\"@id\":\"https:\\\/\\\/nebraskademocrats.org\\\/blog\\\/trump-cut-global-health-funding-as-coronavirus-spreads\\\/#breadcrumb\"},\"inLanguage\":\"es\",\"potentialAction\":[{\"@type\":\"ReadAction\",\"target\":[\"https:\\\/\\\/nebraskademocrats.org\\\/blog\\\/trump-cut-global-health-funding-as-coronavirus-spreads\\\/\"]}]},{\"@type\":\"BreadcrumbList\",\"@id\":\"https:\\\/\\\/nebraskademocrats.org\\\/blog\\\/trump-cut-global-health-funding-as-coronavirus-spreads\\\/#breadcrumb\",\"itemListElement\":[{\"@type\":\"ListItem\",\"position\":1,\"name\":\"Home\",\"item\":\"https:\\\/\\\/nebraskademocrats.org\\\/\"},{\"@type\":\"ListItem\",\"position\":2,\"name\":\"Trump Cut Global Health Funding As Coronavirus Spreads\"}]},{\"@type\":\"WebSite\",\"@id\":\"https:\\\/\\\/nebraskademocrats.org\\\/#website\",\"url\":\"https:\\\/\\\/nebraskademocrats.org\\\/\",\"name\":\"Nebraska Democratic Party\",\"description\":\"Growing the Good Life for All Nebraskans\",\"publisher\":{\"@id\":\"https:\\\/\\\/nebraskademocrats.org\\\/#organization\"},\"potentialAction\":[{\"@type\":\"SearchAction\",\"target\":{\"@type\":\"EntryPoint\",\"urlTemplate\":\"https:\\\/\\\/nebraskademocrats.org\\\/?s={search_term_string}\"},\"query-input\":{\"@type\":\"PropertyValueSpecification\",\"valueRequired\":true,\"valueName\":\"search_term_string\"}}],\"inLanguage\":\"es\"},{\"@type\":\"Organization\",\"@id\":\"https:\\\/\\\/nebraskademocrats.org\\\/#organization\",\"name\":\"Nebraska Democratic Party\",\"url\":\"https:\\\/\\\/nebraskademocrats.org\\\/\",\"logo\":{\"@type\":\"ImageObject\",\"inLanguage\":\"es\",\"@id\":\"https:\\\/\\\/nebraskademocrats.org\\\/#\\\/schema\\\/logo\\\/image\\\/\",\"url\":\"https:\\\/\\\/nebraskadem.wpenginepowered.com\\\/wp-content\\\/uploads\\\/2016\\\/05\\\/NDP2.jpg\",\"contentUrl\":\"https:\\\/\\\/nebraskadem.wpenginepowered.com\\\/wp-content\\\/uploads\\\/2016\\\/05\\\/NDP2.jpg\",\"width\":1000,\"height\":396,\"caption\":\"Nebraska Democratic Party\"},\"image\":{\"@id\":\"https:\\\/\\\/nebraskademocrats.org\\\/#\\\/schema\\\/logo\\\/image\\\/\"},\"sameAs\":[\"https:\\\/\\\/www.facebook.com\\\/NebraskaDemocraticParty\\\/\",\"https:\\\/\\\/x.com\\\/nebraskadems\"]},{\"@type\":\"Person\",\"@id\":\"https:\\\/\\\/nebraskademocrats.org\\\/#\\\/schema\\\/person\\\/33e011ea0795f404810dc40828bcf289\",\"name\":\"Precious McKesson\",\"image\":{\"@type\":\"ImageObject\",\"inLanguage\":\"es\",\"@id\":\"https:\\\/\\\/secure.gravatar.com\\\/avatar\\\/35046e19b3373116ec64c07d386d3312028d3820dc0ffe65c344bcebc8ea9194?s=96&d=mm&r=g\",\"url\":\"https:\\\/\\\/secure.gravatar.com\\\/avatar\\\/35046e19b3373116ec64c07d386d3312028d3820dc0ffe65c344bcebc8ea9194?s=96&d=mm&r=g\",\"contentUrl\":\"https:\\\/\\\/secure.gravatar.com\\\/avatar\\\/35046e19b3373116ec64c07d386d3312028d3820dc0ffe65c344bcebc8ea9194?s=96&d=mm&r=g\",\"caption\":\"Precious McKesson\"}}]}<\/script>\n<!-- \/ Yoast SEO plugin. -->","yoast_head_json":{"title":"Trump Cut Global Health Funding As Coronavirus Spreads &#8211; Nebraska Democratic Party","robots":{"index":"index","follow":"follow","max-snippet":"max-snippet:-1","max-image-preview":"max-image-preview:large","max-video-preview":"max-video-preview:-1"},"canonical":"https:\/\/nebraskademocrats.org\/es\/blog\/trump-cut-global-health-funding-as-coronavirus-spreads\/","og_locale":"es_MX","og_type":"article","og_title":"Trump Cut Global Health Funding As Coronavirus Spreads &#8211; Nebraska Democratic Party","og_description":"The Trump administration is scrambling to respond to coronavirus after Trump proposed budget cuts to critical health funding, and removed top health officials who would\u2019ve led our response to this pandemic. Trump\u2019s budget would cut HHS funding by nearly 10 percent. Washington Post: \u201cThe 2021 budget request delivered Monday to Congress includes a nearly 10 ... Read more","og_url":"https:\/\/nebraskademocrats.org\/es\/blog\/trump-cut-global-health-funding-as-coronavirus-spreads\/","og_site_name":"Nebraska Democratic Party","article_publisher":"https:\/\/www.facebook.com\/NebraskaDemocraticParty\/","article_published_time":"2020-02-26T21:24:53+00:00","article_modified_time":"2020-02-26T22:38:27+00:00","og_image":[{"width":1200,"height":630,"url":"https:\/\/nebraskademocrats.org\/wp-content\/uploads\/2018\/09\/ne-dems-fb.jpg","type":"image\/jpeg"}],"author":"Precious McKesson","twitter_card":"summary_large_image","twitter_creator":"@nebraskadems","twitter_site":"@nebraskadems","twitter_misc":{"Escrito por":"Precious McKesson","Tiempo de lectura":"1 minuto"},"schema":{"@context":"https:\/\/schema.org","@graph":[{"@type":"Article","@id":"https:\/\/nebraskademocrats.org\/blog\/trump-cut-global-health-funding-as-coronavirus-spreads\/#article","isPartOf":{"@id":"https:\/\/nebraskademocrats.org\/blog\/trump-cut-global-health-funding-as-coronavirus-spreads\/"},"author":{"name":"Precious McKesson","@id":"https:\/\/nebraskademocrats.org\/#\/schema\/person\/33e011ea0795f404810dc40828bcf289"},"headline":"Trump Cut Global Health Funding As Coronavirus Spreads","datePublished":"2020-02-26T21:24:53+00:00","dateModified":"2020-02-26T22:38:27+00:00","mainEntityOfPage":{"@id":"https:\/\/nebraskademocrats.org\/blog\/trump-cut-global-health-funding-as-coronavirus-spreads\/"},"wordCount":250,"publisher":{"@id":"https:\/\/nebraskademocrats.org\/#organization"},"articleSection":["NDP Blog"],"inLanguage":"es"},{"@type":"WebPage","@id":"https:\/\/nebraskademocrats.org\/blog\/trump-cut-global-health-funding-as-coronavirus-spreads\/","url":"https:\/\/nebraskademocrats.org\/blog\/trump-cut-global-health-funding-as-coronavirus-spreads\/","name":"Trump Cut Global Health Funding As Coronavirus Spreads &#8211; Nebraska Democratic Party","isPartOf":{"@id":"https:\/\/nebraskademocrats.org\/#website"},"datePublished":"2020-02-26T21:24:53+00:00","dateModified":"2020-02-26T22:38:27+00:00","breadcrumb":{"@id":"https:\/\/nebraskademocrats.org\/blog\/trump-cut-global-health-funding-as-coronavirus-spreads\/#breadcrumb"},"inLanguage":"es","potentialAction":[{"@type":"ReadAction","target":["https:\/\/nebraskademocrats.org\/blog\/trump-cut-global-health-funding-as-coronavirus-spreads\/"]}]},{"@type":"BreadcrumbList","@id":"https:\/\/nebraskademocrats.org\/blog\/trump-cut-global-health-funding-as-coronavirus-spreads\/#breadcrumb","itemListElement":[{"@type":"ListItem","position":1,"name":"Home","item":"https:\/\/nebraskademocrats.org\/"},{"@type":"ListItem","position":2,"name":"Trump Cut Global Health Funding As Coronavirus Spreads"}]},{"@type":"WebSite","@id":"https:\/\/nebraskademocrats.org\/#website","url":"https:\/\/nebraskademocrats.org\/","name":"Partido Dem\u00f3crata de Nebraska","description":"Cultivando la buena vida para todos los nebraskenses","publisher":{"@id":"https:\/\/nebraskademocrats.org\/#organization"},"potentialAction":[{"@type":"SearchAction","target":{"@type":"EntryPoint","urlTemplate":"https:\/\/nebraskademocrats.org\/?s={search_term_string}"},"query-input":{"@type":"PropertyValueSpecification","valueRequired":true,"valueName":"search_term_string"}}],"inLanguage":"es"},{"@type":"Organization","@id":"https:\/\/nebraskademocrats.org\/#organization","name":"Partido Dem\u00f3crata de Nebraska","url":"https:\/\/nebraskademocrats.org\/","logo":{"@type":"ImageObject","inLanguage":"es","@id":"https:\/\/nebraskademocrats.org\/#\/schema\/logo\/image\/","url":"https:\/\/nebraskadem.wpenginepowered.com\/wp-content\/uploads\/2016\/05\/NDP2.jpg","contentUrl":"https:\/\/nebraskadem.wpenginepowered.com\/wp-content\/uploads\/2016\/05\/NDP2.jpg","width":1000,"height":396,"caption":"Nebraska Democratic Party"},"image":{"@id":"https:\/\/nebraskademocrats.org\/#\/schema\/logo\/image\/"},"sameAs":["https:\/\/www.facebook.com\/NebraskaDemocraticParty\/","https:\/\/x.com\/nebraskadems"]},{"@type":"Person","@id":"https:\/\/nebraskademocrats.org\/#\/schema\/person\/33e011ea0795f404810dc40828bcf289","name":"Precioso McKesson","image":{"@type":"ImageObject","inLanguage":"es","@id":"https:\/\/secure.gravatar.com\/avatar\/35046e19b3373116ec64c07d386d3312028d3820dc0ffe65c344bcebc8ea9194?s=96&d=mm&r=g","url":"https:\/\/secure.gravatar.com\/avatar\/35046e19b3373116ec64c07d386d3312028d3820dc0ffe65c344bcebc8ea9194?s=96&d=mm&r=g","contentUrl":"https:\/\/secure.gravatar.com\/avatar\/35046e19b3373116ec64c07d386d3312028d3820dc0ffe65c344bcebc8ea9194?s=96&d=mm&r=g","caption":"Precious McKesson"}}]}},"_links":{"self":[{"href":"https:\/\/nebraskademocrats.org\/es\/wp-json\/wp\/v2\/posts\/14010","targetHints":{"allow":["GET"]}}],"collection":[{"href":"https:\/\/nebraskademocrats.org\/es\/wp-json\/wp\/v2\/posts"}],"about":[{"href":"https:\/\/nebraskademocrats.org\/es\/wp-json\/wp\/v2\/types\/post"}],"author":[{"embeddable":true,"href":"https:\/\/nebraskademocrats.org\/es\/wp-json\/wp\/v2\/users\/19"}],"replies":[{"embeddable":true,"href":"https:\/\/nebraskademocrats.org\/es\/wp-json\/wp\/v2\/comments?post=14010"}],"version-history":[{"count":0,"href":"https:\/\/nebraskademocrats.org\/es\/wp-json\/wp\/v2\/posts\/14010\/revisions"}],"wp:attachment":[{"href":"https:\/\/nebraskademocrats.org\/es\/wp-json\/wp\/v2\/media?parent=14010"}],"wp:term":[{"taxonomy":"category","embeddable":true,"href":"https:\/\/nebraskademocrats.org\/es\/wp-json\/wp\/v2\/categories?post=14010"},{"taxonomy":"post_tag","embeddable":true,"href":"https:\/\/nebraskademocrats.org\/es\/wp-json\/wp\/v2\/tags?post=14010"}],"curies":[{"name":"wp","href":"https:\/\/api.w.org\/{rel}","templated":true}]}}