{"id":1463,"date":"2016-11-14T14:10:16","date_gmt":"2016-11-14T20:10:16","guid":{"rendered":"http:\/\/nebraskadem.wpenginepowered.com\/?p=1463"},"modified":"2016-11-14T14:12:17","modified_gmt":"2016-11-14T20:12:17","slug":"stothert-kicks-off-re-election-bid-embracing-trump-campaign","status":"publish","type":"post","link":"https:\/\/nebraskademocrats.org\/es\/press-releases\/stothert-kicks-off-re-election-bid-embracing-trump-campaign\/","title":{"rendered":"Stothert lanza candidatura a la reelecci\u00f3n abrazando la campa\u00f1a de Trump"},"content":{"rendered":"<p id=\"m_-8123411377957824434docs-internal-guid-b599681e-6467-afbd-60a8-76391cf2c86c\" dir=\"ltr\"><strong>OMAHA, NE<\/strong> - M\u00e1s tarde <span class=\"aBn\" tabindex=\"0\" data-term=\"goog_539369283\"><span class=\"aQJ\">esta noche<\/span><\/span>, la alcaldesa de Omaha, Jean Stothert, iniciar\u00e1 su campa\u00f1a de reelecci\u00f3n con el exgobernador de Nebraska, Dave Heineman, como maestro de ceremonias.<\/p>\n<div dir=\"ltr\">\u00a0\u00a0\u00a0\u00a0\u00a0\u00a0\u00a0\u00a0\u00a0\u00a0 M\u00e1s recientemente, Dave Heineman se desempe\u00f1\u00f3 como presidente honorario de la campa\u00f1a Trump for President en Nebraska. Despu\u00e9s de manifestar inicialmente su apoyo al candidato republicano, la alcaldesa Stothert luego se neg\u00f3 a decirle al p\u00fablico oa los medios por qui\u00e9n votar\u00eda como presidente.<\/div>\n<div dir=\"ltr\"><\/div>\n<div dir=\"ltr\"><\/div>\n<div dir=\"ltr\">\n<div dir=\"ltr\">\u00a0\u00a0\u00a0\u00a0\u00a0\u00a0\u00a0\u00a0\u00a0\u00a0\u201cJean Stothert no ser\u00eda honesta con la gente de Omaha sobre a qui\u00e9n apoy\u00f3 para presidente. Pero, el presidente del estado de Trump al iniciar su campa\u00f1a borra cualquier duda de que estaba 100% detr\u00e1s de Donald Trump, al igual que Dave Heineman\u201d, dijo el presidente de Nebraska Democratic Party, Vince Powers.<\/div>\n<\/div>\n<div dir=\"ltr\"><\/div>\n<div dir=\"ltr\"><\/div>\n<div dir=\"ltr\">\n<div dir=\"ltr\">\u00a0\u00a0\u00a0\u00a0\u00a0\u00a0\u00a0\u00a0\u00a0\u00a0\u201cDonald Trump ser\u00e1 nuestro pr\u00f3ximo presidente, pero los votantes de Omaha lo rechazaron rotundamente con m\u00e1s de 12,000 votos. Este es solo otro ejemplo de Jean Stothert diciendo cualquier cosa para ser elegida\u201d, dijo Powers.<\/div>\n<\/div>\n<div dir=\"ltr\"><\/div>\n<div dir=\"ltr\"><\/div>\n<div dir=\"ltr\">\u00a0\u00a0\u00a0\u00a0\u00a0\u00a0\u00a0\u00a0\u00a0\u00a0\u201cElla no cumpli\u00f3 sus promesas de derogar el impuesto a los restaurantes y el impuesto a las ruedas. Ella sigue dejando que las calles y la infraestructura de Omaha se derrumben. Y no ha logrado liderar mientras los buenos y bien pagados trabajos con ConAgra y tal vez ahora West Corporation est\u00e1n huyendo de la ciudad\u201d.<\/div>\n<div dir=\"ltr\"><\/div>\n<div dir=\"ltr\">\n<div dir=\"ltr\">\u00a0\u00a0\u00a0\u00a0\u00a0\u00a0\u00a0\u00a0\u00a0\u00a0\u201cJean Stothert puede ocultar lo que representa, pero no puede ocultarlo de su historial. Los votantes de Omaha no se dejar\u00e1n enga\u00f1ar esta primavera cuando elijan a un nuevo alcalde en quien realmente puedan confiar para cumplir sus promesas\u2026\u201d<\/div>\n<\/div>","protected":false},"excerpt":{"rendered":"<p>OMAHA, NE \u2013 Later tonight, Omaha Mayor Jean Stothert will kick off her re-election campaign with former Nebraska Governor Dave Heineman serving as Master of Ceremonies. \u00a0\u00a0\u00a0\u00a0\u00a0\u00a0\u00a0\u00a0\u00a0\u00a0 Most recently, Dave Heineman served as Honorary Chair of the Trump for President campaign in Nebraska. After initially stating her support for the Republican nominee, Mayor Stothert later &#8230; <a title=\"Stothert lanza candidatura a la reelecci\u00f3n abrazando la campa\u00f1a de Trump\" class=\"read-more\" href=\"https:\/\/nebraskademocrats.org\/es\/press-releases\/stothert-kicks-off-re-election-bid-embracing-trump-campaign\/\" aria-label=\"More on Stothert Kicks Off Re-Election Bid Embracing Trump Campaign\">Lee mas<\/a><\/p>","protected":false},"author":19,"featured_media":0,"comment_status":"open","ping_status":"open","sticky":false,"template":"","format":"standard","meta":{"_acf_changed":false,"_exactmetrics_skip_tracking":false,"_exactmetrics_sitenote_active":false,"_exactmetrics_sitenote_note":"","_exactmetrics_sitenote_category":0,"footnotes":""},"categories":[4],"tags":[],"class_list":["post-1463","post","type-post","status-publish","format-standard","hentry","category-press-releases"],"acf":[],"yoast_head":"<!-- This site is optimized with the Yoast SEO plugin v27.4 - https:\/\/yoast.com\/product\/yoast-seo-wordpress\/ -->\n<title>Stothert Kicks Off Re-Election Bid Embracing Trump Campaign &#8211; Nebraska Democratic Party<\/title>\n<meta name=\"robots\" content=\"index, follow, max-snippet:-1, max-image-preview:large, max-video-preview:-1\" \/>\n<link rel=\"canonical\" href=\"https:\/\/nebraskademocrats.org\/es\/press-releases\/stothert-kicks-off-re-election-bid-embracing-trump-campaign\/\" \/>\n<meta property=\"og:locale\" content=\"es_MX\" \/>\n<meta property=\"og:type\" content=\"article\" \/>\n<meta property=\"og:title\" content=\"Stothert Kicks Off Re-Election Bid Embracing Trump Campaign &#8211; Nebraska Democratic Party\" \/>\n<meta property=\"og:description\" content=\"OMAHA, NE \u2013 Later tonight, Omaha Mayor Jean Stothert will kick off her re-election campaign with former Nebraska Governor Dave Heineman serving as Master of Ceremonies. \u00a0\u00a0\u00a0\u00a0\u00a0\u00a0\u00a0\u00a0\u00a0\u00a0 Most recently, Dave Heineman served as Honorary Chair of the Trump for President campaign in Nebraska. After initially stating her support for the Republican nominee, Mayor Stothert later ... Read more\" \/>\n<meta property=\"og:url\" content=\"https:\/\/nebraskademocrats.org\/es\/press-releases\/stothert-kicks-off-re-election-bid-embracing-trump-campaign\/\" \/>\n<meta property=\"og:site_name\" content=\"Nebraska Democratic Party\" \/>\n<meta property=\"article:publisher\" content=\"https:\/\/www.facebook.com\/NebraskaDemocraticParty\/\" \/>\n<meta property=\"article:published_time\" content=\"2016-11-14T20:10:16+00:00\" \/>\n<meta property=\"article:modified_time\" content=\"2016-11-14T20:12:17+00:00\" \/>\n<meta property=\"og:image\" content=\"https:\/\/nebraskademocrats.org\/wp-content\/uploads\/2018\/09\/ne-dems-fb.jpg\" \/>\n\t<meta property=\"og:image:width\" content=\"1200\" \/>\n\t<meta property=\"og:image:height\" content=\"630\" \/>\n\t<meta property=\"og:image:type\" content=\"image\/jpeg\" \/>\n<meta name=\"author\" content=\"Precious McKesson\" \/>\n<meta name=\"twitter:card\" content=\"summary_large_image\" \/>\n<meta name=\"twitter:creator\" content=\"@nebraskadems\" \/>\n<meta name=\"twitter:site\" content=\"@nebraskadems\" \/>\n<meta name=\"twitter:label1\" content=\"Escrito por\" \/>\n\t<meta name=\"twitter:data1\" content=\"Precious McKesson\" \/>\n\t<meta name=\"twitter:label2\" content=\"Tiempo de lectura\" \/>\n\t<meta name=\"twitter:data2\" content=\"1 minuto\" \/>\n<script type=\"application\/ld+json\" class=\"yoast-schema-graph\">{\"@context\":\"https:\\\/\\\/schema.org\",\"@graph\":[{\"@type\":\"Article\",\"@id\":\"https:\\\/\\\/nebraskademocrats.org\\\/press-releases\\\/stothert-kicks-off-re-election-bid-embracing-trump-campaign\\\/#article\",\"isPartOf\":{\"@id\":\"https:\\\/\\\/nebraskademocrats.org\\\/press-releases\\\/stothert-kicks-off-re-election-bid-embracing-trump-campaign\\\/\"},\"author\":{\"name\":\"Precious McKesson\",\"@id\":\"https:\\\/\\\/nebraskademocrats.org\\\/#\\\/schema\\\/person\\\/33e011ea0795f404810dc40828bcf289\"},\"headline\":\"Stothert Kicks Off Re-Election Bid Embracing Trump Campaign\",\"datePublished\":\"2016-11-14T20:10:16+00:00\",\"dateModified\":\"2016-11-14T20:12:17+00:00\",\"mainEntityOfPage\":{\"@id\":\"https:\\\/\\\/nebraskademocrats.org\\\/press-releases\\\/stothert-kicks-off-re-election-bid-embracing-trump-campaign\\\/\"},\"wordCount\":242,\"commentCount\":0,\"publisher\":{\"@id\":\"https:\\\/\\\/nebraskademocrats.org\\\/#organization\"},\"articleSection\":[\"Press Releases\"],\"inLanguage\":\"es\"},{\"@type\":\"WebPage\",\"@id\":\"https:\\\/\\\/nebraskademocrats.org\\\/press-releases\\\/stothert-kicks-off-re-election-bid-embracing-trump-campaign\\\/\",\"url\":\"https:\\\/\\\/nebraskademocrats.org\\\/press-releases\\\/stothert-kicks-off-re-election-bid-embracing-trump-campaign\\\/\",\"name\":\"Stothert Kicks Off Re-Election Bid Embracing Trump Campaign &#8211; Nebraska Democratic Party\",\"isPartOf\":{\"@id\":\"https:\\\/\\\/nebraskademocrats.org\\\/#website\"},\"datePublished\":\"2016-11-14T20:10:16+00:00\",\"dateModified\":\"2016-11-14T20:12:17+00:00\",\"breadcrumb\":{\"@id\":\"https:\\\/\\\/nebraskademocrats.org\\\/press-releases\\\/stothert-kicks-off-re-election-bid-embracing-trump-campaign\\\/#breadcrumb\"},\"inLanguage\":\"es\",\"potentialAction\":[{\"@type\":\"ReadAction\",\"target\":[\"https:\\\/\\\/nebraskademocrats.org\\\/press-releases\\\/stothert-kicks-off-re-election-bid-embracing-trump-campaign\\\/\"]}]},{\"@type\":\"BreadcrumbList\",\"@id\":\"https:\\\/\\\/nebraskademocrats.org\\\/press-releases\\\/stothert-kicks-off-re-election-bid-embracing-trump-campaign\\\/#breadcrumb\",\"itemListElement\":[{\"@type\":\"ListItem\",\"position\":1,\"name\":\"Home\",\"item\":\"https:\\\/\\\/nebraskademocrats.org\\\/\"},{\"@type\":\"ListItem\",\"position\":2,\"name\":\"Stothert Kicks Off Re-Election Bid Embracing Trump Campaign\"}]},{\"@type\":\"WebSite\",\"@id\":\"https:\\\/\\\/nebraskademocrats.org\\\/#website\",\"url\":\"https:\\\/\\\/nebraskademocrats.org\\\/\",\"name\":\"Nebraska Democratic Party\",\"description\":\"Growing the Good Life for All Nebraskans\",\"publisher\":{\"@id\":\"https:\\\/\\\/nebraskademocrats.org\\\/#organization\"},\"potentialAction\":[{\"@type\":\"SearchAction\",\"target\":{\"@type\":\"EntryPoint\",\"urlTemplate\":\"https:\\\/\\\/nebraskademocrats.org\\\/?s={search_term_string}\"},\"query-input\":{\"@type\":\"PropertyValueSpecification\",\"valueRequired\":true,\"valueName\":\"search_term_string\"}}],\"inLanguage\":\"es\"},{\"@type\":\"Organization\",\"@id\":\"https:\\\/\\\/nebraskademocrats.org\\\/#organization\",\"name\":\"Nebraska Democratic Party\",\"url\":\"https:\\\/\\\/nebraskademocrats.org\\\/\",\"logo\":{\"@type\":\"ImageObject\",\"inLanguage\":\"es\",\"@id\":\"https:\\\/\\\/nebraskademocrats.org\\\/#\\\/schema\\\/logo\\\/image\\\/\",\"url\":\"https:\\\/\\\/nebraskadem.wpenginepowered.com\\\/wp-content\\\/uploads\\\/2016\\\/05\\\/NDP2.jpg\",\"contentUrl\":\"https:\\\/\\\/nebraskadem.wpenginepowered.com\\\/wp-content\\\/uploads\\\/2016\\\/05\\\/NDP2.jpg\",\"width\":1000,\"height\":396,\"caption\":\"Nebraska Democratic Party\"},\"image\":{\"@id\":\"https:\\\/\\\/nebraskademocrats.org\\\/#\\\/schema\\\/logo\\\/image\\\/\"},\"sameAs\":[\"https:\\\/\\\/www.facebook.com\\\/NebraskaDemocraticParty\\\/\",\"https:\\\/\\\/x.com\\\/nebraskadems\"]},{\"@type\":\"Person\",\"@id\":\"https:\\\/\\\/nebraskademocrats.org\\\/#\\\/schema\\\/person\\\/33e011ea0795f404810dc40828bcf289\",\"name\":\"Precious McKesson\",\"image\":{\"@type\":\"ImageObject\",\"inLanguage\":\"es\",\"@id\":\"https:\\\/\\\/secure.gravatar.com\\\/avatar\\\/35046e19b3373116ec64c07d386d3312028d3820dc0ffe65c344bcebc8ea9194?s=96&d=mm&r=g\",\"url\":\"https:\\\/\\\/secure.gravatar.com\\\/avatar\\\/35046e19b3373116ec64c07d386d3312028d3820dc0ffe65c344bcebc8ea9194?s=96&d=mm&r=g\",\"contentUrl\":\"https:\\\/\\\/secure.gravatar.com\\\/avatar\\\/35046e19b3373116ec64c07d386d3312028d3820dc0ffe65c344bcebc8ea9194?s=96&d=mm&r=g\",\"caption\":\"Precious McKesson\"}}]}<\/script>\n<!-- \/ Yoast SEO plugin. -->","yoast_head_json":{"title":"Stothert Kicks Off Re-Election Bid Embracing Trump Campaign &#8211; Nebraska Democratic Party","robots":{"index":"index","follow":"follow","max-snippet":"max-snippet:-1","max-image-preview":"max-image-preview:large","max-video-preview":"max-video-preview:-1"},"canonical":"https:\/\/nebraskademocrats.org\/es\/press-releases\/stothert-kicks-off-re-election-bid-embracing-trump-campaign\/","og_locale":"es_MX","og_type":"article","og_title":"Stothert Kicks Off Re-Election Bid Embracing Trump Campaign &#8211; Nebraska Democratic Party","og_description":"OMAHA, NE \u2013 Later tonight, Omaha Mayor Jean Stothert will kick off her re-election campaign with former Nebraska Governor Dave Heineman serving as Master of Ceremonies. \u00a0\u00a0\u00a0\u00a0\u00a0\u00a0\u00a0\u00a0\u00a0\u00a0 Most recently, Dave Heineman served as Honorary Chair of the Trump for President campaign in Nebraska. After initially stating her support for the Republican nominee, Mayor Stothert later ... Read more","og_url":"https:\/\/nebraskademocrats.org\/es\/press-releases\/stothert-kicks-off-re-election-bid-embracing-trump-campaign\/","og_site_name":"Nebraska Democratic Party","article_publisher":"https:\/\/www.facebook.com\/NebraskaDemocraticParty\/","article_published_time":"2016-11-14T20:10:16+00:00","article_modified_time":"2016-11-14T20:12:17+00:00","og_image":[{"width":1200,"height":630,"url":"https:\/\/nebraskademocrats.org\/wp-content\/uploads\/2018\/09\/ne-dems-fb.jpg","type":"image\/jpeg"}],"author":"Precious McKesson","twitter_card":"summary_large_image","twitter_creator":"@nebraskadems","twitter_site":"@nebraskadems","twitter_misc":{"Escrito por":"Precious McKesson","Tiempo de lectura":"1 minuto"},"schema":{"@context":"https:\/\/schema.org","@graph":[{"@type":"Article","@id":"https:\/\/nebraskademocrats.org\/press-releases\/stothert-kicks-off-re-election-bid-embracing-trump-campaign\/#article","isPartOf":{"@id":"https:\/\/nebraskademocrats.org\/press-releases\/stothert-kicks-off-re-election-bid-embracing-trump-campaign\/"},"author":{"name":"Precious McKesson","@id":"https:\/\/nebraskademocrats.org\/#\/schema\/person\/33e011ea0795f404810dc40828bcf289"},"headline":"Stothert Kicks Off Re-Election Bid Embracing Trump Campaign","datePublished":"2016-11-14T20:10:16+00:00","dateModified":"2016-11-14T20:12:17+00:00","mainEntityOfPage":{"@id":"https:\/\/nebraskademocrats.org\/press-releases\/stothert-kicks-off-re-election-bid-embracing-trump-campaign\/"},"wordCount":242,"commentCount":0,"publisher":{"@id":"https:\/\/nebraskademocrats.org\/#organization"},"articleSection":["Press Releases"],"inLanguage":"es"},{"@type":"WebPage","@id":"https:\/\/nebraskademocrats.org\/press-releases\/stothert-kicks-off-re-election-bid-embracing-trump-campaign\/","url":"https:\/\/nebraskademocrats.org\/press-releases\/stothert-kicks-off-re-election-bid-embracing-trump-campaign\/","name":"Stothert Kicks Off Re-Election Bid Embracing Trump Campaign &#8211; Nebraska Democratic Party","isPartOf":{"@id":"https:\/\/nebraskademocrats.org\/#website"},"datePublished":"2016-11-14T20:10:16+00:00","dateModified":"2016-11-14T20:12:17+00:00","breadcrumb":{"@id":"https:\/\/nebraskademocrats.org\/press-releases\/stothert-kicks-off-re-election-bid-embracing-trump-campaign\/#breadcrumb"},"inLanguage":"es","potentialAction":[{"@type":"ReadAction","target":["https:\/\/nebraskademocrats.org\/press-releases\/stothert-kicks-off-re-election-bid-embracing-trump-campaign\/"]}]},{"@type":"BreadcrumbList","@id":"https:\/\/nebraskademocrats.org\/press-releases\/stothert-kicks-off-re-election-bid-embracing-trump-campaign\/#breadcrumb","itemListElement":[{"@type":"ListItem","position":1,"name":"Home","item":"https:\/\/nebraskademocrats.org\/"},{"@type":"ListItem","position":2,"name":"Stothert Kicks Off Re-Election Bid Embracing Trump Campaign"}]},{"@type":"WebSite","@id":"https:\/\/nebraskademocrats.org\/#website","url":"https:\/\/nebraskademocrats.org\/","name":"Partido Dem\u00f3crata de Nebraska","description":"Cultivando la buena vida para todos los nebraskenses","publisher":{"@id":"https:\/\/nebraskademocrats.org\/#organization"},"potentialAction":[{"@type":"SearchAction","target":{"@type":"EntryPoint","urlTemplate":"https:\/\/nebraskademocrats.org\/?s={search_term_string}"},"query-input":{"@type":"PropertyValueSpecification","valueRequired":true,"valueName":"search_term_string"}}],"inLanguage":"es"},{"@type":"Organization","@id":"https:\/\/nebraskademocrats.org\/#organization","name":"Partido Dem\u00f3crata de Nebraska","url":"https:\/\/nebraskademocrats.org\/","logo":{"@type":"ImageObject","inLanguage":"es","@id":"https:\/\/nebraskademocrats.org\/#\/schema\/logo\/image\/","url":"https:\/\/nebraskadem.wpenginepowered.com\/wp-content\/uploads\/2016\/05\/NDP2.jpg","contentUrl":"https:\/\/nebraskadem.wpenginepowered.com\/wp-content\/uploads\/2016\/05\/NDP2.jpg","width":1000,"height":396,"caption":"Nebraska Democratic Party"},"image":{"@id":"https:\/\/nebraskademocrats.org\/#\/schema\/logo\/image\/"},"sameAs":["https:\/\/www.facebook.com\/NebraskaDemocraticParty\/","https:\/\/x.com\/nebraskadems"]},{"@type":"Person","@id":"https:\/\/nebraskademocrats.org\/#\/schema\/person\/33e011ea0795f404810dc40828bcf289","name":"Precioso McKesson","image":{"@type":"ImageObject","inLanguage":"es","@id":"https:\/\/secure.gravatar.com\/avatar\/35046e19b3373116ec64c07d386d3312028d3820dc0ffe65c344bcebc8ea9194?s=96&d=mm&r=g","url":"https:\/\/secure.gravatar.com\/avatar\/35046e19b3373116ec64c07d386d3312028d3820dc0ffe65c344bcebc8ea9194?s=96&d=mm&r=g","contentUrl":"https:\/\/secure.gravatar.com\/avatar\/35046e19b3373116ec64c07d386d3312028d3820dc0ffe65c344bcebc8ea9194?s=96&d=mm&r=g","caption":"Precious McKesson"}}]}},"_links":{"self":[{"href":"https:\/\/nebraskademocrats.org\/es\/wp-json\/wp\/v2\/posts\/1463","targetHints":{"allow":["GET"]}}],"collection":[{"href":"https:\/\/nebraskademocrats.org\/es\/wp-json\/wp\/v2\/posts"}],"about":[{"href":"https:\/\/nebraskademocrats.org\/es\/wp-json\/wp\/v2\/types\/post"}],"author":[{"embeddable":true,"href":"https:\/\/nebraskademocrats.org\/es\/wp-json\/wp\/v2\/users\/19"}],"replies":[{"embeddable":true,"href":"https:\/\/nebraskademocrats.org\/es\/wp-json\/wp\/v2\/comments?post=1463"}],"version-history":[{"count":0,"href":"https:\/\/nebraskademocrats.org\/es\/wp-json\/wp\/v2\/posts\/1463\/revisions"}],"wp:attachment":[{"href":"https:\/\/nebraskademocrats.org\/es\/wp-json\/wp\/v2\/media?parent=1463"}],"wp:term":[{"taxonomy":"category","embeddable":true,"href":"https:\/\/nebraskademocrats.org\/es\/wp-json\/wp\/v2\/categories?post=1463"},{"taxonomy":"post_tag","embeddable":true,"href":"https:\/\/nebraskademocrats.org\/es\/wp-json\/wp\/v2\/tags?post=1463"}],"curies":[{"name":"wp","href":"https:\/\/api.w.org\/{rel}","templated":true}]}}