{"id":20906,"date":"2020-07-03T14:04:55","date_gmt":"2020-07-03T19:04:55","guid":{"rendered":"https:\/\/nebraskadem.wpenginepowered.com\/?p=20906"},"modified":"2020-07-03T14:04:55","modified_gmt":"2020-07-03T19:04:55","slug":"sans-plans-and-more-nebdems-news","status":"publish","type":"post","link":"https:\/\/nebraskademocrats.org\/es\/blog\/sans-plans-and-more-nebdems-news\/","title":{"rendered":"Sans Plans y m\u00e1s - #NebDems News"},"content":{"rendered":"<p><img fetchpriority=\"high\" decoding=\"async\" class=\"size-medium wp-image-6838 aligncenter\" src=\"https:\/\/nebraskadem.wpenginepowered.com\/wp-content\/uploads\/2018\/12\/NebDems-News-4-300x167.png\" alt=\"\" width=\"300\" height=\"167\" srcset=\"https:\/\/nebraskademocrats.org\/wp-content\/uploads\/2018\/12\/NebDems-News-4-300x167.png 300w, https:\/\/nebraskademocrats.org\/wp-content\/uploads\/2018\/12\/NebDems-News-4-768x427.png 768w, https:\/\/nebraskademocrats.org\/wp-content\/uploads\/2018\/12\/NebDems-News-4-1024x569.png 1024w, https:\/\/nebraskademocrats.org\/wp-content\/uploads\/2018\/12\/NebDems-News-4.png 1081w\" sizes=\"(max-width: 300px) 100vw, 300px\" \/><\/p>\n<p>Cuatro meses a partir de hoy es el 3 de noviembre, d\u00eda de las elecciones. Y eso deber\u00eda asustar a todos.<\/p>\n<p>\u00bfPor qu\u00e9?<\/p>\n<p>Bueno, a pesar de todas las encuestas que muestran al vicepresidente Joe Biden muy por delante del presidente Trump, existe la posibilidad de que Trump pueda perder el voto popular y a\u00fan as\u00ed ganar un segundo mandato debido al Colegio Electoral. \u00bfSuena familiar?<\/p>\n<p>El jefe de softbol de Fox News, Chucker Sean Hannity, recientemente organiz\u00f3 un evento en el ayuntamiento en el que<strong>\u00a0<\/strong><a href=\"https:\/\/www.cnn.com\/2020\/06\/26\/politics\/donald-trump-second-term\/index.html\"><strong>le pregunt\u00f3 a 45 sobre sus planes si ganaba.<\/strong><\/a>\u00a0La respuesta de Trump fue, en esencia, que no ten\u00eda ninguna.<\/p>\n<p>&quot;Una de las cosas que ser\u00e1 realmente genial: la palabra experiencia sigue siendo buena, siempre digo que el talento es m\u00e1s importante que la experiencia, siempre lo he dicho, pero la palabra experiencia es una palabra muy importante, un significado muy importante, &quot;Dijo Trump.<\/p>\n<p>Se arremolin\u00f3 por el desag\u00fce despu\u00e9s de eso. \u00bfL\u00ednea de fondo? No hay plan, que Esquire&#039;s<strong>\u00a0<\/strong><a href=\"https:\/\/www.esquire.com\/news-politics\/a32979953\/trump-second-term-agenda-sean-hannity\/\"><strong>Jack Holmes\u00a0<\/strong><\/a>c\u00e9lebre.<\/p>\n<p><em>Trump es simplemente la expresi\u00f3n m\u00e1s llamativa de esto, convirtiendo la oficina de gobierno m\u00e1s alta de la naci\u00f3n en un acto de circo rodante\u00a0<\/em><span class=\"redactor-unlink\"><em>mientras tritura las instituciones de la democracia<\/em><\/span><em>, y mientras\u00a0<\/em><span class=\"redactor-unlink\"><em>las termitas del estado van a trabajar detr\u00e1s de escena<\/em><\/span><em>.<\/em><\/p>\n<p><em>Es dif\u00edcil no sentir que se le acab\u00f3 el vapor, que est\u00e1 harto de hacer este trabajo que en realidad nunca quiso. Pero entonces recuerdas que, gracias a nuestro sistema idiota, podr\u00eda ser reelegido a pesar de perder el voto popular.\u00a0<\/em><span class=\"redactor-unlink\"><em>hasta en un seis por ciento<\/em><\/span><em>. \u00bfCu\u00e1l ser\u00eda su agenda entonces?<\/em><\/p>\n<p>Solo 123 d\u00edas antes de las elecciones.<\/p>\n<p><img decoding=\"async\" class=\"aligncenter\" title=\"\" src=\"https:\/\/lh6.googleusercontent.com\/7egR22YKZea765NEDbaCSe02HN6oWQPIhNq8pd1l3Tnttxa_TLRi-X96e6ggbY5-EUDsjECznNmBzuOXp5KyWtqmO31Q3QSo49HTD5F_iQcmHAuCLz4XqcUpI4aY7eGWYSF2s6XL\" alt=\"\" width=\"400\" align=\"center\" \/><\/p>\n<h6 style=\"text-align: center;\">Caricatura de DonkeyHotey<\/h6>\n<p style=\"text-align: center;\"><strong>***<\/strong><strong><br \/>\n<\/strong><\/p>\n<p>El Nebraska Democratic Party se complace en anunciar inversiones en los esfuerzos de Get-Out The-Vote de nuestro estado a medida que avanzamos hacia la Elecci\u00f3n General del 3 de noviembre.<\/p>\n<p>Nuestro equipo de NDP ahora incluye un equipo fuerte y diverso de 14 miembros del personal para ayudarnos a elegir a los dem\u00f3cratas en las urnas este noviembre, incluida la recuperaci\u00f3n del &quot;Punto Azul&quot; en el Distrito 2 del Congreso.<\/p>\n<p>Trabajando con donantes comprometidos de Nebraska junto con socios nacionales: el Comit\u00e9 de Campa\u00f1a del Congreso Democr\u00e1tico, el Comit\u00e9 Nacional Dem\u00f3crata y el equipo del Vicepresidente Joe Biden, hemos obtenido recursos adicionales que hicieron posible varias nuevas contrataciones y nos permitieron expandir nuestro Capit\u00e1n de bloque, Gu\u00eda del votante y programas de voto por correo.<\/p>\n<p>\u00danase a la fiesta para dar la bienvenida a nuevos miembros a nuestro equipo de campa\u00f1a:<\/p>\n<p><strong>Peter Coyne<\/strong>\u00a0director de operaciones<br \/>\n<strong>Drew Rodriguez,<\/strong>\u00a0Director regional de campo<br \/>\n<strong>F\u00e1tima Flores-Lagunas,<\/strong>\u00a0Director de campa\u00f1a<br \/>\n<strong>Giselle Bergmeier,<\/strong>\u00a0Director de movilizaci\u00f3n<br \/>\n<strong>Preston Love,<\/strong>\u00a0Organizador de circunscripci\u00f3n<br \/>\n<strong>Adonna Bryant,<\/strong>\u00a0Organizador de campo<br \/>\n<strong>Alejandra Escobar,<\/strong>\u00a0Organizador de campo<br \/>\n<strong>Nathan Johnson<\/strong>\u00a0Organizador de campo<br \/>\n<strong>Jaden Wade\u00a0<\/strong>Organizador de campo<\/p>\n<p><a href=\"https:\/\/nebraskadem.wpenginepowered.com\/blog\/growing-our-party-to-win\/\"><strong>Leer m\u00e1s aqu\u00ed.<\/strong><\/a><\/p>\n<p style=\"text-align: center;\"><strong><img decoding=\"async\" class=\"aligncenter\" title=\"\" src=\"https:\/\/lh5.googleusercontent.com\/6DAUiPnFv48yK-vwd3_iDPTGnv1XRbqmbnDVGxFEL9kXMqSJoyrDqlPja6634z6X7DRV3pVO2N6fzjKh70iUGGedg2yufpfSTxBjqsB3_UGlpES72GYvmaFjmvapvLV9zvaukJJ0\" alt=\"\" width=\"400\" align=\"center\" \/><\/strong><strong><br \/>\n<\/strong>***<\/p>\n<p>El Proyecto Lincoln, que lo ha estado sacudiendo con una serie de anuncios anti-Trump, golpe\u00f3 a uno fuera del parque esta semana con uno por la inacci\u00f3n de Trump ante la noticia de que Rusia pag\u00f3 las recompensas talibanes para matar a las tropas estadounidenses en Afganist\u00e1n.<\/p>\n<p><strong><a href=\"https:\/\/youtu.be\/nytBEWbwOkw\">M\u00edralo aqu\u00ed.<\/a><\/strong><\/p>\n<p><a href=\"https:\/\/youtu.be\/nytBEWbwOkw\"><img decoding=\"async\" class=\"aligncenter\" src=\"https:\/\/lh3.googleusercontent.com\/Cbu9AjdO-6SLlNLQcBtj2Nf_04xgGtiwf8EqBgepbBvAzmBnETs1DrhoHUi01cV89GkkXD5td03BuR44hB7vDzbKXuuB3ICJkLPrSJPU92xDmYUS2lep4cd9XZ7oQnMgzsU1whlZ\" alt=\"\" width=\"450\" height=\"281\" align=\"center\" \/><\/a><\/p>\n<p style=\"text-align: center;\">***<\/p>\n<p>Los organizadores de la petici\u00f3n para legalizar la marihuana medicinal entregaron el jueves m\u00e1s de 182,000 firmas a la oficina del Secretario de Estado para que el asunto se presente en la boleta electoral del 3 de noviembre.<\/p>\n<p>Felicitaciones a las Sens. Estatales Anna Wishart y Adam Morfeld por liderar el esfuerzo.<\/p>\n<p style=\"text-align: center;\"><img decoding=\"async\" class=\"aligncenter\" title=\"\" src=\"https:\/\/can2-prod.s3.amazonaws.com\/uploads\/data\/000\/421\/488\/original\/mm.png\" alt=\"\" width=\"450\" align=\"center\" \/>***<\/p>\n<p>Os dejamos esta semana con una representaci\u00f3n de\u00a0<strong>Mike Luckovich<\/strong>\u00a0sobre c\u00f3mo la prisa de los republicanos por reabrir la econom\u00eda ha llevado a un aumento en los casos de coronavirus.<\/p>\n<p><img decoding=\"async\" class=\"aligncenter\" title=\"\" src=\"https:\/\/lh4.googleusercontent.com\/FkYGlK58HX9tBwibvjHUSPLvd8XVb8b3nmpcVuXRuf4cNX0goebvDGhrxs8NFFLYdWLHQgtt4zJiFSpOH3S4954X4hgRuErKfXMVoNWNx41fzBvqXpsym5mJsVdiMrRYyoJ3n8is\" alt=\"\" width=\"450\" align=\"center\" \/><\/p>\n<p>&nbsp;<\/p>\n<p style=\"text-align: left;\">\u2013Por Kevin O&#039;Hanlon \/ Director de comunicaciones de NDP<\/p>\n<p><strong>NOTA:<\/strong>\u00a0Si desea recibir #NebDems News por correo electr\u00f3nico, env\u00edenos una nota a:\u00a0<a href=\"mailto:info@nebraskademocrats.org\"><strong>info@nebraskademocrats.org<\/strong><\/a><\/p>\n<p style=\"text-align: center;\">###<strong><br \/>\n<\/strong><strong><br \/>\n<\/strong><strong>FECHAS IMPORTANTES<\/strong><\/p>\n<p><strong>NOTA:\u00a0<\/strong><strong>Todos los eventos en persona del NDP han sido pospuestos hasta nuevo aviso. Consulte nuestra p\u00e1gina de Facebook y nuestro sitio web para obtener actualizaciones. Si hab\u00eda planeado asistir a alg\u00fan evento no relacionado con el PND, le recomendamos que consulte con los organizadores sobre el estado.<\/strong><\/p>\n<p><strong><br \/>\n<\/strong><strong>6 de julio:<\/strong>\u00a0<a href=\"https:\/\/sos.nebraska.gov\/elections\/voter-forms\">Primer d\u00eda para solicitar una boleta de votaci\u00f3n por correo para las elecciones del 3 de noviembre<\/a><\/p>\n<p><strong>10 de julio<\/strong>\u00a0<a href=\"https:\/\/www.facebook.com\/events\/500818657179366\/\">Bloquear el entrenamiento del capit\u00e1n: centrarse en votar por correo<\/a><\/p>\n<p><strong>17 de julio:<\/strong>\u00a0<a href=\"https:\/\/nebraskadem.wpenginepowered.com\/event\/voter-registration-booth-at-taste-of-north-omaha\/\">Cabina de registro de votantes en Taste of North Omaha<\/a><\/p>\n<p><strong>18 de julio<\/strong>\u00a0<a href=\"https:\/\/nebraskadem.wpenginepowered.com\/event\/voter-registration-booth-at-taste-of-north-omaha-2\/\">Cabina de registro de votantes en Taste of North Omaha<\/a><\/p>","protected":false},"excerpt":{"rendered":"<p>Four months from today is Nov. 3 &#8212; election day. And that ought to scare the hoo-ha out of you. Why? Well, despite all the polls showing Vice President Joe Biden well ahead of President Trump, there remains a chance Trump could lose the popular vote and still win a second term because of the &#8230; <a title=\"Sans Plans and more &#8212; #NebDems News\" class=\"read-more\" href=\"https:\/\/nebraskademocrats.org\/es\/blog\/sans-plans-and-more-nebdems-news\/\" aria-label=\"More on Sans Plans and more &#8212; #NebDems News\">Lee mas<\/a><\/p>","protected":false},"author":19,"featured_media":0,"comment_status":"closed","ping_status":"closed","sticky":false,"template":"","format":"standard","meta":{"_acf_changed":false,"_exactmetrics_skip_tracking":false,"_exactmetrics_sitenote_active":false,"_exactmetrics_sitenote_note":"","_exactmetrics_sitenote_category":0,"footnotes":""},"categories":[1],"tags":[],"class_list":["post-20906","post","type-post","status-publish","format-standard","hentry","category-blog"],"acf":[],"yoast_head":"<!-- This site is optimized with the Yoast SEO plugin v27.4 - https:\/\/yoast.com\/product\/yoast-seo-wordpress\/ -->\n<title>Sans Plans and more -- #NebDems News &#8211; Nebraska Democratic Party<\/title>\n<meta name=\"robots\" content=\"index, follow, max-snippet:-1, max-image-preview:large, max-video-preview:-1\" \/>\n<link rel=\"canonical\" href=\"https:\/\/nebraskademocrats.org\/es\/blog\/sans-plans-and-more-nebdems-news\/\" \/>\n<meta property=\"og:locale\" content=\"es_MX\" \/>\n<meta property=\"og:type\" content=\"article\" \/>\n<meta property=\"og:title\" content=\"Sans Plans and more -- #NebDems News &#8211; Nebraska Democratic Party\" \/>\n<meta property=\"og:description\" content=\"Four months from today is Nov. 3 &#8212; election day. And that ought to scare the hoo-ha out of you. Why? Well, despite all the polls showing Vice President Joe Biden well ahead of President Trump, there remains a chance Trump could lose the popular vote and still win a second term because of the ... Read more\" \/>\n<meta property=\"og:url\" content=\"https:\/\/nebraskademocrats.org\/es\/blog\/sans-plans-and-more-nebdems-news\/\" \/>\n<meta property=\"og:site_name\" content=\"Nebraska Democratic Party\" \/>\n<meta property=\"article:publisher\" content=\"https:\/\/www.facebook.com\/NebraskaDemocraticParty\/\" \/>\n<meta property=\"article:published_time\" content=\"2020-07-03T19:04:55+00:00\" \/>\n<meta property=\"og:image\" content=\"https:\/\/nebraskadem.wpenginepowered.com\/wp-content\/uploads\/2018\/12\/NebDems-News-4-300x167.png\" \/>\n<meta name=\"author\" content=\"Precious McKesson\" \/>\n<meta name=\"twitter:card\" content=\"summary_large_image\" \/>\n<meta name=\"twitter:creator\" content=\"@nebraskadems\" \/>\n<meta name=\"twitter:site\" content=\"@nebraskadems\" \/>\n<meta name=\"twitter:label1\" content=\"Escrito por\" \/>\n\t<meta name=\"twitter:data1\" content=\"Precious McKesson\" \/>\n\t<meta name=\"twitter:label2\" content=\"Tiempo de lectura\" \/>\n\t<meta name=\"twitter:data2\" content=\"3 minutos\" \/>\n<script type=\"application\/ld+json\" class=\"yoast-schema-graph\">{\"@context\":\"https:\\\/\\\/schema.org\",\"@graph\":[{\"@type\":\"Article\",\"@id\":\"https:\\\/\\\/nebraskademocrats.org\\\/blog\\\/sans-plans-and-more-nebdems-news\\\/#article\",\"isPartOf\":{\"@id\":\"https:\\\/\\\/nebraskademocrats.org\\\/blog\\\/sans-plans-and-more-nebdems-news\\\/\"},\"author\":{\"name\":\"Precious McKesson\",\"@id\":\"https:\\\/\\\/nebraskademocrats.org\\\/#\\\/schema\\\/person\\\/33e011ea0795f404810dc40828bcf289\"},\"headline\":\"Sans Plans and more &#8212; #NebDems News\",\"datePublished\":\"2020-07-03T19:04:55+00:00\",\"mainEntityOfPage\":{\"@id\":\"https:\\\/\\\/nebraskademocrats.org\\\/blog\\\/sans-plans-and-more-nebdems-news\\\/\"},\"wordCount\":663,\"publisher\":{\"@id\":\"https:\\\/\\\/nebraskademocrats.org\\\/#organization\"},\"image\":{\"@id\":\"https:\\\/\\\/nebraskademocrats.org\\\/blog\\\/sans-plans-and-more-nebdems-news\\\/#primaryimage\"},\"thumbnailUrl\":\"https:\\\/\\\/nebraskadem.wpenginepowered.com\\\/wp-content\\\/uploads\\\/2018\\\/12\\\/NebDems-News-4-300x167.png\",\"articleSection\":[\"NDP Blog\"],\"inLanguage\":\"es\"},{\"@type\":\"WebPage\",\"@id\":\"https:\\\/\\\/nebraskademocrats.org\\\/blog\\\/sans-plans-and-more-nebdems-news\\\/\",\"url\":\"https:\\\/\\\/nebraskademocrats.org\\\/blog\\\/sans-plans-and-more-nebdems-news\\\/\",\"name\":\"Sans Plans and more -- #NebDems News &#8211; Nebraska Democratic Party\",\"isPartOf\":{\"@id\":\"https:\\\/\\\/nebraskademocrats.org\\\/#website\"},\"primaryImageOfPage\":{\"@id\":\"https:\\\/\\\/nebraskademocrats.org\\\/blog\\\/sans-plans-and-more-nebdems-news\\\/#primaryimage\"},\"image\":{\"@id\":\"https:\\\/\\\/nebraskademocrats.org\\\/blog\\\/sans-plans-and-more-nebdems-news\\\/#primaryimage\"},\"thumbnailUrl\":\"https:\\\/\\\/nebraskadem.wpenginepowered.com\\\/wp-content\\\/uploads\\\/2018\\\/12\\\/NebDems-News-4-300x167.png\",\"datePublished\":\"2020-07-03T19:04:55+00:00\",\"breadcrumb\":{\"@id\":\"https:\\\/\\\/nebraskademocrats.org\\\/blog\\\/sans-plans-and-more-nebdems-news\\\/#breadcrumb\"},\"inLanguage\":\"es\",\"potentialAction\":[{\"@type\":\"ReadAction\",\"target\":[\"https:\\\/\\\/nebraskademocrats.org\\\/blog\\\/sans-plans-and-more-nebdems-news\\\/\"]}]},{\"@type\":\"ImageObject\",\"inLanguage\":\"es\",\"@id\":\"https:\\\/\\\/nebraskademocrats.org\\\/blog\\\/sans-plans-and-more-nebdems-news\\\/#primaryimage\",\"url\":\"https:\\\/\\\/nebraskadem.wpenginepowered.com\\\/wp-content\\\/uploads\\\/2018\\\/12\\\/NebDems-News-4-300x167.png\",\"contentUrl\":\"https:\\\/\\\/nebraskadem.wpenginepowered.com\\\/wp-content\\\/uploads\\\/2018\\\/12\\\/NebDems-News-4-300x167.png\"},{\"@type\":\"BreadcrumbList\",\"@id\":\"https:\\\/\\\/nebraskademocrats.org\\\/blog\\\/sans-plans-and-more-nebdems-news\\\/#breadcrumb\",\"itemListElement\":[{\"@type\":\"ListItem\",\"position\":1,\"name\":\"Home\",\"item\":\"https:\\\/\\\/nebraskademocrats.org\\\/\"},{\"@type\":\"ListItem\",\"position\":2,\"name\":\"Sans Plans and more &#8212; #NebDems News\"}]},{\"@type\":\"WebSite\",\"@id\":\"https:\\\/\\\/nebraskademocrats.org\\\/#website\",\"url\":\"https:\\\/\\\/nebraskademocrats.org\\\/\",\"name\":\"Nebraska Democratic Party\",\"description\":\"Growing the Good Life for All Nebraskans\",\"publisher\":{\"@id\":\"https:\\\/\\\/nebraskademocrats.org\\\/#organization\"},\"potentialAction\":[{\"@type\":\"SearchAction\",\"target\":{\"@type\":\"EntryPoint\",\"urlTemplate\":\"https:\\\/\\\/nebraskademocrats.org\\\/?s={search_term_string}\"},\"query-input\":{\"@type\":\"PropertyValueSpecification\",\"valueRequired\":true,\"valueName\":\"search_term_string\"}}],\"inLanguage\":\"es\"},{\"@type\":\"Organization\",\"@id\":\"https:\\\/\\\/nebraskademocrats.org\\\/#organization\",\"name\":\"Nebraska Democratic Party\",\"url\":\"https:\\\/\\\/nebraskademocrats.org\\\/\",\"logo\":{\"@type\":\"ImageObject\",\"inLanguage\":\"es\",\"@id\":\"https:\\\/\\\/nebraskademocrats.org\\\/#\\\/schema\\\/logo\\\/image\\\/\",\"url\":\"https:\\\/\\\/nebraskadem.wpenginepowered.com\\\/wp-content\\\/uploads\\\/2016\\\/05\\\/NDP2.jpg\",\"contentUrl\":\"https:\\\/\\\/nebraskadem.wpenginepowered.com\\\/wp-content\\\/uploads\\\/2016\\\/05\\\/NDP2.jpg\",\"width\":1000,\"height\":396,\"caption\":\"Nebraska Democratic Party\"},\"image\":{\"@id\":\"https:\\\/\\\/nebraskademocrats.org\\\/#\\\/schema\\\/logo\\\/image\\\/\"},\"sameAs\":[\"https:\\\/\\\/www.facebook.com\\\/NebraskaDemocraticParty\\\/\",\"https:\\\/\\\/x.com\\\/nebraskadems\"]},{\"@type\":\"Person\",\"@id\":\"https:\\\/\\\/nebraskademocrats.org\\\/#\\\/schema\\\/person\\\/33e011ea0795f404810dc40828bcf289\",\"name\":\"Precious McKesson\",\"image\":{\"@type\":\"ImageObject\",\"inLanguage\":\"es\",\"@id\":\"https:\\\/\\\/secure.gravatar.com\\\/avatar\\\/35046e19b3373116ec64c07d386d3312028d3820dc0ffe65c344bcebc8ea9194?s=96&d=mm&r=g\",\"url\":\"https:\\\/\\\/secure.gravatar.com\\\/avatar\\\/35046e19b3373116ec64c07d386d3312028d3820dc0ffe65c344bcebc8ea9194?s=96&d=mm&r=g\",\"contentUrl\":\"https:\\\/\\\/secure.gravatar.com\\\/avatar\\\/35046e19b3373116ec64c07d386d3312028d3820dc0ffe65c344bcebc8ea9194?s=96&d=mm&r=g\",\"caption\":\"Precious McKesson\"}}]}<\/script>\n<!-- \/ Yoast SEO plugin. -->","yoast_head_json":{"title":"Sans Plans and more -- #NebDems News &#8211; Nebraska Democratic Party","robots":{"index":"index","follow":"follow","max-snippet":"max-snippet:-1","max-image-preview":"max-image-preview:large","max-video-preview":"max-video-preview:-1"},"canonical":"https:\/\/nebraskademocrats.org\/es\/blog\/sans-plans-and-more-nebdems-news\/","og_locale":"es_MX","og_type":"article","og_title":"Sans Plans and more -- #NebDems News &#8211; Nebraska Democratic Party","og_description":"Four months from today is Nov. 3 &#8212; election day. And that ought to scare the hoo-ha out of you. Why? Well, despite all the polls showing Vice President Joe Biden well ahead of President Trump, there remains a chance Trump could lose the popular vote and still win a second term because of the ... Read more","og_url":"https:\/\/nebraskademocrats.org\/es\/blog\/sans-plans-and-more-nebdems-news\/","og_site_name":"Nebraska Democratic Party","article_publisher":"https:\/\/www.facebook.com\/NebraskaDemocraticParty\/","article_published_time":"2020-07-03T19:04:55+00:00","og_image":[{"url":"https:\/\/nebraskadem.wpenginepowered.com\/wp-content\/uploads\/2018\/12\/NebDems-News-4-300x167.png","type":"","width":"","height":""}],"author":"Precious McKesson","twitter_card":"summary_large_image","twitter_creator":"@nebraskadems","twitter_site":"@nebraskadems","twitter_misc":{"Escrito por":"Precious McKesson","Tiempo de lectura":"3 minutos"},"schema":{"@context":"https:\/\/schema.org","@graph":[{"@type":"Article","@id":"https:\/\/nebraskademocrats.org\/blog\/sans-plans-and-more-nebdems-news\/#article","isPartOf":{"@id":"https:\/\/nebraskademocrats.org\/blog\/sans-plans-and-more-nebdems-news\/"},"author":{"name":"Precious McKesson","@id":"https:\/\/nebraskademocrats.org\/#\/schema\/person\/33e011ea0795f404810dc40828bcf289"},"headline":"Sans Plans and more &#8212; #NebDems News","datePublished":"2020-07-03T19:04:55+00:00","mainEntityOfPage":{"@id":"https:\/\/nebraskademocrats.org\/blog\/sans-plans-and-more-nebdems-news\/"},"wordCount":663,"publisher":{"@id":"https:\/\/nebraskademocrats.org\/#organization"},"image":{"@id":"https:\/\/nebraskademocrats.org\/blog\/sans-plans-and-more-nebdems-news\/#primaryimage"},"thumbnailUrl":"https:\/\/nebraskadem.wpenginepowered.com\/wp-content\/uploads\/2018\/12\/NebDems-News-4-300x167.png","articleSection":["NDP Blog"],"inLanguage":"es"},{"@type":"WebPage","@id":"https:\/\/nebraskademocrats.org\/blog\/sans-plans-and-more-nebdems-news\/","url":"https:\/\/nebraskademocrats.org\/blog\/sans-plans-and-more-nebdems-news\/","name":"Sans Plans and more -- #NebDems News &#8211; Nebraska Democratic Party","isPartOf":{"@id":"https:\/\/nebraskademocrats.org\/#website"},"primaryImageOfPage":{"@id":"https:\/\/nebraskademocrats.org\/blog\/sans-plans-and-more-nebdems-news\/#primaryimage"},"image":{"@id":"https:\/\/nebraskademocrats.org\/blog\/sans-plans-and-more-nebdems-news\/#primaryimage"},"thumbnailUrl":"https:\/\/nebraskadem.wpenginepowered.com\/wp-content\/uploads\/2018\/12\/NebDems-News-4-300x167.png","datePublished":"2020-07-03T19:04:55+00:00","breadcrumb":{"@id":"https:\/\/nebraskademocrats.org\/blog\/sans-plans-and-more-nebdems-news\/#breadcrumb"},"inLanguage":"es","potentialAction":[{"@type":"ReadAction","target":["https:\/\/nebraskademocrats.org\/blog\/sans-plans-and-more-nebdems-news\/"]}]},{"@type":"ImageObject","inLanguage":"es","@id":"https:\/\/nebraskademocrats.org\/blog\/sans-plans-and-more-nebdems-news\/#primaryimage","url":"https:\/\/nebraskadem.wpenginepowered.com\/wp-content\/uploads\/2018\/12\/NebDems-News-4-300x167.png","contentUrl":"https:\/\/nebraskadem.wpenginepowered.com\/wp-content\/uploads\/2018\/12\/NebDems-News-4-300x167.png"},{"@type":"BreadcrumbList","@id":"https:\/\/nebraskademocrats.org\/blog\/sans-plans-and-more-nebdems-news\/#breadcrumb","itemListElement":[{"@type":"ListItem","position":1,"name":"Home","item":"https:\/\/nebraskademocrats.org\/"},{"@type":"ListItem","position":2,"name":"Sans Plans and more &#8212; #NebDems News"}]},{"@type":"WebSite","@id":"https:\/\/nebraskademocrats.org\/#website","url":"https:\/\/nebraskademocrats.org\/","name":"Partido Dem\u00f3crata de Nebraska","description":"Cultivando la buena vida para todos los nebraskenses","publisher":{"@id":"https:\/\/nebraskademocrats.org\/#organization"},"potentialAction":[{"@type":"SearchAction","target":{"@type":"EntryPoint","urlTemplate":"https:\/\/nebraskademocrats.org\/?s={search_term_string}"},"query-input":{"@type":"PropertyValueSpecification","valueRequired":true,"valueName":"search_term_string"}}],"inLanguage":"es"},{"@type":"Organization","@id":"https:\/\/nebraskademocrats.org\/#organization","name":"Partido Dem\u00f3crata de Nebraska","url":"https:\/\/nebraskademocrats.org\/","logo":{"@type":"ImageObject","inLanguage":"es","@id":"https:\/\/nebraskademocrats.org\/#\/schema\/logo\/image\/","url":"https:\/\/nebraskadem.wpenginepowered.com\/wp-content\/uploads\/2016\/05\/NDP2.jpg","contentUrl":"https:\/\/nebraskadem.wpenginepowered.com\/wp-content\/uploads\/2016\/05\/NDP2.jpg","width":1000,"height":396,"caption":"Nebraska Democratic Party"},"image":{"@id":"https:\/\/nebraskademocrats.org\/#\/schema\/logo\/image\/"},"sameAs":["https:\/\/www.facebook.com\/NebraskaDemocraticParty\/","https:\/\/x.com\/nebraskadems"]},{"@type":"Person","@id":"https:\/\/nebraskademocrats.org\/#\/schema\/person\/33e011ea0795f404810dc40828bcf289","name":"Precioso McKesson","image":{"@type":"ImageObject","inLanguage":"es","@id":"https:\/\/secure.gravatar.com\/avatar\/35046e19b3373116ec64c07d386d3312028d3820dc0ffe65c344bcebc8ea9194?s=96&d=mm&r=g","url":"https:\/\/secure.gravatar.com\/avatar\/35046e19b3373116ec64c07d386d3312028d3820dc0ffe65c344bcebc8ea9194?s=96&d=mm&r=g","contentUrl":"https:\/\/secure.gravatar.com\/avatar\/35046e19b3373116ec64c07d386d3312028d3820dc0ffe65c344bcebc8ea9194?s=96&d=mm&r=g","caption":"Precious McKesson"}}]}},"_links":{"self":[{"href":"https:\/\/nebraskademocrats.org\/es\/wp-json\/wp\/v2\/posts\/20906","targetHints":{"allow":["GET"]}}],"collection":[{"href":"https:\/\/nebraskademocrats.org\/es\/wp-json\/wp\/v2\/posts"}],"about":[{"href":"https:\/\/nebraskademocrats.org\/es\/wp-json\/wp\/v2\/types\/post"}],"author":[{"embeddable":true,"href":"https:\/\/nebraskademocrats.org\/es\/wp-json\/wp\/v2\/users\/19"}],"replies":[{"embeddable":true,"href":"https:\/\/nebraskademocrats.org\/es\/wp-json\/wp\/v2\/comments?post=20906"}],"version-history":[{"count":0,"href":"https:\/\/nebraskademocrats.org\/es\/wp-json\/wp\/v2\/posts\/20906\/revisions"}],"wp:attachment":[{"href":"https:\/\/nebraskademocrats.org\/es\/wp-json\/wp\/v2\/media?parent=20906"}],"wp:term":[{"taxonomy":"category","embeddable":true,"href":"https:\/\/nebraskademocrats.org\/es\/wp-json\/wp\/v2\/categories?post=20906"},{"taxonomy":"post_tag","embeddable":true,"href":"https:\/\/nebraskademocrats.org\/es\/wp-json\/wp\/v2\/tags?post=20906"}],"curies":[{"name":"wp","href":"https:\/\/api.w.org\/{rel}","templated":true}]}}