{"id":2375,"date":"2017-06-01T09:14:52","date_gmt":"2017-06-01T14:14:52","guid":{"rendered":"http:\/\/nebraskadem.wpenginepowered.com\/?p=2375"},"modified":"2017-06-19T07:54:26","modified_gmt":"2017-06-19T12:54:26","slug":"chair-jane-kleeb-challenges-rep-adrian-smith-to-the-food-stamp-challenge","status":"publish","type":"post","link":"https:\/\/nebraskademocrats.org\/es\/press-releases\/chair-jane-kleeb-challenges-rep-adrian-smith-to-the-food-stamp-challenge\/","title":{"rendered":"La presidenta Jane Kleeb desaf\u00eda al representante Adrian Smith al Food Stamp Challenge"},"content":{"rendered":"<div class=\"\">\n<p><span class=\"\" style=\"font-size: 12pt;\">La presidenta de Nebraska Democratic Party, Jane Kleeb, est\u00e1 desafiando al representante Adrian Smith al Food Stamp Challenge debido a sus impactantes comentarios la semana pasada que se negaron a decir que los estadounidenses tienen derecho a comer. El Food Stamp Challenge brinda a los funcionarios electos la oportunidad de comprender lo dif\u00edcil que es sobrevivir con los cupones de alimentos (aproximadamente $1.00 por comida). Muchos funcionarios electos han asumido este desaf\u00edo para tener una peque\u00f1a idea de lo que los ciudadanos que luchan para llegar a fin de mes se enfrentan diariamente.<\/span><\/p>\n<p>Dados los recortes masivos al programa de Cupones para Alimentos en el cruel presupuesto de Trump \u2014m\u00e1s de $190 mil millones mientras que les da a los millonarios un recorte de impuestos de $2 billones\u2014 Rep. Smith debe abordar por qu\u00e9 est\u00e1 tan fuera de contacto.<\/p>\n<\/div>\n<div class=\"\">\n<div class=\"\"><span style=\"font-size: 12pt;\">\u00a0<\/span><\/div>\n<div class=\"\"><span class=\"\" style=\"font-size: 12pt;\"><b class=\"\">Declaraci\u00f3n del presidente Kleeb sobre el desaf\u00edo:<\/b><\/span><\/div>\n<div class=\"\"><span style=\"font-size: 12pt;\"><span class=\"\">&quot;<\/span><span class=\"\">El representante Smith demuestra una y otra vez que no est\u00e1 en contacto con los problemas en el terreno en su hogar. La pobreza es un problema en las zonas rurales de Nebraska. Unirse a m\u00ed en el Food Stamp Challenge demostrar\u00e1 que est\u00e1 dispuesto a caminar en la piel de aquellos que m\u00e1s necesitan comida. Los cupones de alimentos son una red de seguridad para los habitantes de Nebraska y, especialmente provenientes de un estado de AG, el Representante Smith deber\u00eda conocer la importancia cr\u00edtica de los alimentos para nuestras familias &quot;.<\/span><\/span><\/div>\n<div class=\"\"><span class=\"\" style=\"font-size: 12pt;\">\u00a0<\/span><\/div>\n<div class=\"\"><span class=\"\" style=\"font-size: 12pt;\"><b class=\"\">Para m\u00e1s detalles sobre el Food Stamp Challenge:<\/b><\/span><\/div>\n<div class=\"\"><span class=\"\" style=\"font-size: 12pt;\"><a class=\"\" href=\"http:\/\/www.foodstamped.com\/get-involved\/take-the-challenge\">http:\/\/www.foodstamped.com\/get-involved\/take-the-challenge<\/a><\/span><\/div>\n<div class=\"\"><span class=\"\" style=\"font-size: 12pt;\">\u00a0<\/span><\/div>\n<div class=\"\"><span class=\"\" style=\"font-size: 12pt;\"><b class=\"\">Antecedentes del comentario de Adrian Smith:<\/b><\/span><\/div>\n<div class=\"\"><span class=\"\" style=\"font-size: 12pt;\">El representante Adrian Smith apareci\u00f3 en un programa de NPR cuando le preguntaron sobre los recortes a los cupones de alimentos. Este extracto es del <a class=\"\" href=\"https:\/\/www.washingtonpost.com\/opinions\/congressman-refuses-to-say-if-americans-are-entitled-to-eat\/2017\/05\/31\/aa9f1bd0-4622-11e7-a196-a1bb629f64cb_story.html?utm_term=.44750cca662a\">Cobertura del Washington Post<\/a>.<\/span><\/div>\n<div class=\"\" style=\"padding-left: 30px;\"><span class=\"\" style=\"font-size: 12pt;\">\u00a0<\/span><\/div>\n<div class=\"\" style=\"padding-left: 60px;\">\n<p><span style=\"font-size: 12pt;\">Scott Simon, un entrevistador genial de NPR, le pregunt\u00f3 al representante Adrian Smith (R-Neb.), Miembro del Comit\u00e9 de Medios y Arbitrios y una figura influyente en la pol\u00edtica agr\u00edcola, sobre la propuesta de Trump de hacer grandes recortes a los cupones de alimentos.<\/span><\/p>\n<p><span style=\"font-size: 12pt;\">Smith postul\u00f3 que el programa podr\u00eda reducirse de manera que &quot;no perjudique a los m\u00e1s vulnerables&quot;.<\/span><\/p>\n<p><span style=\"font-size: 12pt;\">&quot;Bueno, d\u00e9jame preguntarte esto sin rodeos: \u00bfTodos los estadounidenses tienen derecho a comer?&quot; Simon pregunt\u00f3.<\/span><\/p>\n<p><span style=\"font-size: 12pt;\">Smith estaba perplejo. &quot;Bueno, ellos - nutrici\u00f3n, obviamente, sabemos que es muy importante. Y espero que podamos mirar a ...<\/span><\/p>\n<p><span style=\"font-size: 12pt;\">Simon interrumpi\u00f3: \u201cBueno, no solo es importante, es esencial para la vida. \u00bfTodos los estadounidenses tienen derecho a comer?<\/span><\/p>\n<p><span style=\"font-size: 12pt;\">Smith estuvo de acuerdo en que la nutrici\u00f3n &quot;es esencial&quot;, pero continu\u00f3 ignorando la pregunta sobre si los estadounidenses tienen derecho a comer.<\/span><\/p>\n<p>Simon intent\u00f3 por tercera vez: &quot;Entonces, \u00bftodos los estadounidenses tienen derecho a comer, y los cupones de alimentos son algo que deber\u00eda ser el garante definitivo?&quot;<\/p>\n<p>Una vez m\u00e1s, el legislador objet\u00f3: &quot;Creo que sabemos que, dada la necesidad de nutrici\u00f3n, podr\u00eda haber varias formas de abordar eso&quot;.<\/p>\n<p>Hubo m\u00e1s, pero todo se redujo a esto: en los Estados Unidos, en 2017, un poderoso miembro del Congreso se niega a garantizar que los estadounidenses puedan contar con el consumo de alimentos.<\/p>\n<\/div>\n<\/div>\n<div class=\"\" style=\"text-align: center;\">###<\/div>\n<div class=\"\">\n<div class=\"\"><\/div>\n<div class=\"\"><span style=\"font-size: 12pt;\"><span class=\"\"><strong>Contacto de prensa:<\/strong><br \/>\nJacob Denniston,\u00a0<\/span><span class=\"\">402-540-6145,\u00a0<a class=\"\" href=\"mailto:jacob@nebraskademocrats.org\">jacob@nebraskademocrats.org<\/a><\/span><\/span><\/div>\n<\/div>","protected":false},"excerpt":{"rendered":"<p>Nebraska Democratic Party Chair Jane Kleeb is challenging Rep. Adrian Smith to the Food Stamp Challenge given his shocking comments last week refusing to say Americans are entitled to eat. The Food Stamp Challenge gives elected officials an opportunity to understand how difficult it is to get by on food stamps (roughly $1.00 a meal).\u00a0 &#8230; <a title=\"La presidenta Jane Kleeb desaf\u00eda al representante Adrian Smith al Food Stamp Challenge\" class=\"read-more\" href=\"https:\/\/nebraskademocrats.org\/es\/press-releases\/chair-jane-kleeb-challenges-rep-adrian-smith-to-the-food-stamp-challenge\/\" aria-label=\"More on Chair Jane Kleeb challenges Rep. Adrian Smith to the Food Stamp Challenge\">Lee mas<\/a><\/p>","protected":false},"author":7,"featured_media":2377,"comment_status":"closed","ping_status":"closed","sticky":false,"template":"","format":"standard","meta":{"_acf_changed":false,"_exactmetrics_skip_tracking":false,"_exactmetrics_sitenote_active":false,"_exactmetrics_sitenote_note":"","_exactmetrics_sitenote_category":0,"footnotes":""},"categories":[4],"tags":[],"class_list":["post-2375","post","type-post","status-publish","format-standard","has-post-thumbnail","hentry","category-press-releases"],"acf":[],"yoast_head":"<!-- This site is optimized with the Yoast SEO plugin v27.4 - https:\/\/yoast.com\/product\/yoast-seo-wordpress\/ -->\n<title>Chair Jane Kleeb challenges Rep. Adrian Smith to the Food Stamp Challenge &#8211; Nebraska Democratic Party<\/title>\n<meta name=\"robots\" content=\"index, follow, max-snippet:-1, max-image-preview:large, max-video-preview:-1\" \/>\n<link rel=\"canonical\" href=\"https:\/\/nebraskademocrats.org\/es\/press-releases\/chair-jane-kleeb-challenges-rep-adrian-smith-to-the-food-stamp-challenge\/\" \/>\n<meta property=\"og:locale\" content=\"es_MX\" \/>\n<meta property=\"og:type\" content=\"article\" \/>\n<meta property=\"og:title\" content=\"Chair Jane Kleeb challenges Rep. Adrian Smith to the Food Stamp Challenge &#8211; Nebraska Democratic Party\" \/>\n<meta property=\"og:description\" content=\"Nebraska Democratic Party Chair Jane Kleeb is challenging Rep. Adrian Smith to the Food Stamp Challenge given his shocking comments last week refusing to say Americans are entitled to eat. The Food Stamp Challenge gives elected officials an opportunity to understand how difficult it is to get by on food stamps (roughly $1.00 a meal).\u00a0 ... Read more\" \/>\n<meta property=\"og:url\" content=\"https:\/\/nebraskademocrats.org\/es\/press-releases\/chair-jane-kleeb-challenges-rep-adrian-smith-to-the-food-stamp-challenge\/\" \/>\n<meta property=\"og:site_name\" content=\"Nebraska Democratic Party\" \/>\n<meta property=\"article:publisher\" content=\"https:\/\/www.facebook.com\/NebraskaDemocraticParty\/\" \/>\n<meta property=\"article:published_time\" content=\"2017-06-01T14:14:52+00:00\" \/>\n<meta property=\"article:modified_time\" content=\"2017-06-19T12:54:26+00:00\" \/>\n<meta property=\"og:image\" content=\"https:\/\/nebraskademocrats.org\/wp-content\/uploads\/2017\/06\/cattle-1-1024x683.jpg\" \/>\n\t<meta property=\"og:image:width\" content=\"1024\" \/>\n\t<meta property=\"og:image:height\" content=\"683\" \/>\n\t<meta property=\"og:image:type\" content=\"image\/jpeg\" \/>\n<meta name=\"author\" content=\"Jane Kleeb\" \/>\n<meta name=\"twitter:card\" content=\"summary_large_image\" \/>\n<meta name=\"twitter:creator\" content=\"@nebraskadems\" \/>\n<meta name=\"twitter:site\" content=\"@nebraskadems\" \/>\n<meta name=\"twitter:label1\" content=\"Escrito por\" \/>\n\t<meta name=\"twitter:data1\" content=\"Jane Kleeb\" \/>\n\t<meta name=\"twitter:label2\" content=\"Tiempo de lectura\" \/>\n\t<meta name=\"twitter:data2\" content=\"2 minutos\" \/>\n<script type=\"application\/ld+json\" class=\"yoast-schema-graph\">{\"@context\":\"https:\\\/\\\/schema.org\",\"@graph\":[{\"@type\":\"Article\",\"@id\":\"https:\\\/\\\/nebraskademocrats.org\\\/press-releases\\\/chair-jane-kleeb-challenges-rep-adrian-smith-to-the-food-stamp-challenge\\\/#article\",\"isPartOf\":{\"@id\":\"https:\\\/\\\/nebraskademocrats.org\\\/press-releases\\\/chair-jane-kleeb-challenges-rep-adrian-smith-to-the-food-stamp-challenge\\\/\"},\"author\":{\"name\":\"Jane Kleeb\",\"@id\":\"https:\\\/\\\/nebraskademocrats.org\\\/#\\\/schema\\\/person\\\/648fdf0197d280b37b5d8b98515d2ee9\"},\"headline\":\"Chair Jane Kleeb challenges Rep. Adrian Smith to the Food Stamp Challenge\",\"datePublished\":\"2017-06-01T14:14:52+00:00\",\"dateModified\":\"2017-06-19T12:54:26+00:00\",\"mainEntityOfPage\":{\"@id\":\"https:\\\/\\\/nebraskademocrats.org\\\/press-releases\\\/chair-jane-kleeb-challenges-rep-adrian-smith-to-the-food-stamp-challenge\\\/\"},\"wordCount\":479,\"publisher\":{\"@id\":\"https:\\\/\\\/nebraskademocrats.org\\\/#organization\"},\"image\":{\"@id\":\"https:\\\/\\\/nebraskademocrats.org\\\/press-releases\\\/chair-jane-kleeb-challenges-rep-adrian-smith-to-the-food-stamp-challenge\\\/#primaryimage\"},\"thumbnailUrl\":\"https:\\\/\\\/nebraskademocrats.org\\\/wp-content\\\/uploads\\\/2017\\\/06\\\/cattle-1.jpg\",\"articleSection\":[\"Press Releases\"],\"inLanguage\":\"es\"},{\"@type\":\"WebPage\",\"@id\":\"https:\\\/\\\/nebraskademocrats.org\\\/press-releases\\\/chair-jane-kleeb-challenges-rep-adrian-smith-to-the-food-stamp-challenge\\\/\",\"url\":\"https:\\\/\\\/nebraskademocrats.org\\\/press-releases\\\/chair-jane-kleeb-challenges-rep-adrian-smith-to-the-food-stamp-challenge\\\/\",\"name\":\"Chair Jane Kleeb challenges Rep. Adrian Smith to the Food Stamp Challenge &#8211; Nebraska Democratic Party\",\"isPartOf\":{\"@id\":\"https:\\\/\\\/nebraskademocrats.org\\\/#website\"},\"primaryImageOfPage\":{\"@id\":\"https:\\\/\\\/nebraskademocrats.org\\\/press-releases\\\/chair-jane-kleeb-challenges-rep-adrian-smith-to-the-food-stamp-challenge\\\/#primaryimage\"},\"image\":{\"@id\":\"https:\\\/\\\/nebraskademocrats.org\\\/press-releases\\\/chair-jane-kleeb-challenges-rep-adrian-smith-to-the-food-stamp-challenge\\\/#primaryimage\"},\"thumbnailUrl\":\"https:\\\/\\\/nebraskademocrats.org\\\/wp-content\\\/uploads\\\/2017\\\/06\\\/cattle-1.jpg\",\"datePublished\":\"2017-06-01T14:14:52+00:00\",\"dateModified\":\"2017-06-19T12:54:26+00:00\",\"breadcrumb\":{\"@id\":\"https:\\\/\\\/nebraskademocrats.org\\\/press-releases\\\/chair-jane-kleeb-challenges-rep-adrian-smith-to-the-food-stamp-challenge\\\/#breadcrumb\"},\"inLanguage\":\"es\",\"potentialAction\":[{\"@type\":\"ReadAction\",\"target\":[\"https:\\\/\\\/nebraskademocrats.org\\\/press-releases\\\/chair-jane-kleeb-challenges-rep-adrian-smith-to-the-food-stamp-challenge\\\/\"]}]},{\"@type\":\"ImageObject\",\"inLanguage\":\"es\",\"@id\":\"https:\\\/\\\/nebraskademocrats.org\\\/press-releases\\\/chair-jane-kleeb-challenges-rep-adrian-smith-to-the-food-stamp-challenge\\\/#primaryimage\",\"url\":\"https:\\\/\\\/nebraskademocrats.org\\\/wp-content\\\/uploads\\\/2017\\\/06\\\/cattle-1.jpg\",\"contentUrl\":\"https:\\\/\\\/nebraskademocrats.org\\\/wp-content\\\/uploads\\\/2017\\\/06\\\/cattle-1.jpg\",\"width\":5184,\"height\":3456},{\"@type\":\"BreadcrumbList\",\"@id\":\"https:\\\/\\\/nebraskademocrats.org\\\/press-releases\\\/chair-jane-kleeb-challenges-rep-adrian-smith-to-the-food-stamp-challenge\\\/#breadcrumb\",\"itemListElement\":[{\"@type\":\"ListItem\",\"position\":1,\"name\":\"Home\",\"item\":\"https:\\\/\\\/nebraskademocrats.org\\\/\"},{\"@type\":\"ListItem\",\"position\":2,\"name\":\"Chair Jane Kleeb challenges Rep. Adrian Smith to the Food Stamp Challenge\"}]},{\"@type\":\"WebSite\",\"@id\":\"https:\\\/\\\/nebraskademocrats.org\\\/#website\",\"url\":\"https:\\\/\\\/nebraskademocrats.org\\\/\",\"name\":\"Nebraska Democratic Party\",\"description\":\"Growing the Good Life for All Nebraskans\",\"publisher\":{\"@id\":\"https:\\\/\\\/nebraskademocrats.org\\\/#organization\"},\"potentialAction\":[{\"@type\":\"SearchAction\",\"target\":{\"@type\":\"EntryPoint\",\"urlTemplate\":\"https:\\\/\\\/nebraskademocrats.org\\\/?s={search_term_string}\"},\"query-input\":{\"@type\":\"PropertyValueSpecification\",\"valueRequired\":true,\"valueName\":\"search_term_string\"}}],\"inLanguage\":\"es\"},{\"@type\":\"Organization\",\"@id\":\"https:\\\/\\\/nebraskademocrats.org\\\/#organization\",\"name\":\"Nebraska Democratic Party\",\"url\":\"https:\\\/\\\/nebraskademocrats.org\\\/\",\"logo\":{\"@type\":\"ImageObject\",\"inLanguage\":\"es\",\"@id\":\"https:\\\/\\\/nebraskademocrats.org\\\/#\\\/schema\\\/logo\\\/image\\\/\",\"url\":\"https:\\\/\\\/nebraskadem.wpenginepowered.com\\\/wp-content\\\/uploads\\\/2016\\\/05\\\/NDP2.jpg\",\"contentUrl\":\"https:\\\/\\\/nebraskadem.wpenginepowered.com\\\/wp-content\\\/uploads\\\/2016\\\/05\\\/NDP2.jpg\",\"width\":1000,\"height\":396,\"caption\":\"Nebraska Democratic Party\"},\"image\":{\"@id\":\"https:\\\/\\\/nebraskademocrats.org\\\/#\\\/schema\\\/logo\\\/image\\\/\"},\"sameAs\":[\"https:\\\/\\\/www.facebook.com\\\/NebraskaDemocraticParty\\\/\",\"https:\\\/\\\/x.com\\\/nebraskadems\"]},{\"@type\":\"Person\",\"@id\":\"https:\\\/\\\/nebraskademocrats.org\\\/#\\\/schema\\\/person\\\/648fdf0197d280b37b5d8b98515d2ee9\",\"name\":\"Jane Kleeb\",\"image\":{\"@type\":\"ImageObject\",\"inLanguage\":\"es\",\"@id\":\"https:\\\/\\\/secure.gravatar.com\\\/avatar\\\/d0c227d7e36b4c78b92b6c8a332c74e381cb575cee3c5c2159651dba25d02f93?s=96&d=mm&r=g\",\"url\":\"https:\\\/\\\/secure.gravatar.com\\\/avatar\\\/d0c227d7e36b4c78b92b6c8a332c74e381cb575cee3c5c2159651dba25d02f93?s=96&d=mm&r=g\",\"contentUrl\":\"https:\\\/\\\/secure.gravatar.com\\\/avatar\\\/d0c227d7e36b4c78b92b6c8a332c74e381cb575cee3c5c2159651dba25d02f93?s=96&d=mm&r=g\",\"caption\":\"Jane Kleeb\"}}]}<\/script>\n<!-- \/ Yoast SEO plugin. -->","yoast_head_json":{"title":"Chair Jane Kleeb challenges Rep. Adrian Smith to the Food Stamp Challenge &#8211; Nebraska Democratic Party","robots":{"index":"index","follow":"follow","max-snippet":"max-snippet:-1","max-image-preview":"max-image-preview:large","max-video-preview":"max-video-preview:-1"},"canonical":"https:\/\/nebraskademocrats.org\/es\/press-releases\/chair-jane-kleeb-challenges-rep-adrian-smith-to-the-food-stamp-challenge\/","og_locale":"es_MX","og_type":"article","og_title":"Chair Jane Kleeb challenges Rep. Adrian Smith to the Food Stamp Challenge &#8211; Nebraska Democratic Party","og_description":"Nebraska Democratic Party Chair Jane Kleeb is challenging Rep. Adrian Smith to the Food Stamp Challenge given his shocking comments last week refusing to say Americans are entitled to eat. The Food Stamp Challenge gives elected officials an opportunity to understand how difficult it is to get by on food stamps (roughly $1.00 a meal).\u00a0 ... Read more","og_url":"https:\/\/nebraskademocrats.org\/es\/press-releases\/chair-jane-kleeb-challenges-rep-adrian-smith-to-the-food-stamp-challenge\/","og_site_name":"Nebraska Democratic Party","article_publisher":"https:\/\/www.facebook.com\/NebraskaDemocraticParty\/","article_published_time":"2017-06-01T14:14:52+00:00","article_modified_time":"2017-06-19T12:54:26+00:00","og_image":[{"width":1024,"height":683,"url":"https:\/\/nebraskademocrats.org\/wp-content\/uploads\/2017\/06\/cattle-1-1024x683.jpg","type":"image\/jpeg"}],"author":"Jane Kleeb","twitter_card":"summary_large_image","twitter_creator":"@nebraskadems","twitter_site":"@nebraskadems","twitter_misc":{"Escrito por":"Jane Kleeb","Tiempo de lectura":"2 minutos"},"schema":{"@context":"https:\/\/schema.org","@graph":[{"@type":"Article","@id":"https:\/\/nebraskademocrats.org\/press-releases\/chair-jane-kleeb-challenges-rep-adrian-smith-to-the-food-stamp-challenge\/#article","isPartOf":{"@id":"https:\/\/nebraskademocrats.org\/press-releases\/chair-jane-kleeb-challenges-rep-adrian-smith-to-the-food-stamp-challenge\/"},"author":{"name":"Jane Kleeb","@id":"https:\/\/nebraskademocrats.org\/#\/schema\/person\/648fdf0197d280b37b5d8b98515d2ee9"},"headline":"Chair Jane Kleeb challenges Rep. Adrian Smith to the Food Stamp Challenge","datePublished":"2017-06-01T14:14:52+00:00","dateModified":"2017-06-19T12:54:26+00:00","mainEntityOfPage":{"@id":"https:\/\/nebraskademocrats.org\/press-releases\/chair-jane-kleeb-challenges-rep-adrian-smith-to-the-food-stamp-challenge\/"},"wordCount":479,"publisher":{"@id":"https:\/\/nebraskademocrats.org\/#organization"},"image":{"@id":"https:\/\/nebraskademocrats.org\/press-releases\/chair-jane-kleeb-challenges-rep-adrian-smith-to-the-food-stamp-challenge\/#primaryimage"},"thumbnailUrl":"https:\/\/nebraskademocrats.org\/wp-content\/uploads\/2017\/06\/cattle-1.jpg","articleSection":["Press Releases"],"inLanguage":"es"},{"@type":"WebPage","@id":"https:\/\/nebraskademocrats.org\/press-releases\/chair-jane-kleeb-challenges-rep-adrian-smith-to-the-food-stamp-challenge\/","url":"https:\/\/nebraskademocrats.org\/press-releases\/chair-jane-kleeb-challenges-rep-adrian-smith-to-the-food-stamp-challenge\/","name":"Chair Jane Kleeb challenges Rep. Adrian Smith to the Food Stamp Challenge &#8211; Nebraska Democratic Party","isPartOf":{"@id":"https:\/\/nebraskademocrats.org\/#website"},"primaryImageOfPage":{"@id":"https:\/\/nebraskademocrats.org\/press-releases\/chair-jane-kleeb-challenges-rep-adrian-smith-to-the-food-stamp-challenge\/#primaryimage"},"image":{"@id":"https:\/\/nebraskademocrats.org\/press-releases\/chair-jane-kleeb-challenges-rep-adrian-smith-to-the-food-stamp-challenge\/#primaryimage"},"thumbnailUrl":"https:\/\/nebraskademocrats.org\/wp-content\/uploads\/2017\/06\/cattle-1.jpg","datePublished":"2017-06-01T14:14:52+00:00","dateModified":"2017-06-19T12:54:26+00:00","breadcrumb":{"@id":"https:\/\/nebraskademocrats.org\/press-releases\/chair-jane-kleeb-challenges-rep-adrian-smith-to-the-food-stamp-challenge\/#breadcrumb"},"inLanguage":"es","potentialAction":[{"@type":"ReadAction","target":["https:\/\/nebraskademocrats.org\/press-releases\/chair-jane-kleeb-challenges-rep-adrian-smith-to-the-food-stamp-challenge\/"]}]},{"@type":"ImageObject","inLanguage":"es","@id":"https:\/\/nebraskademocrats.org\/press-releases\/chair-jane-kleeb-challenges-rep-adrian-smith-to-the-food-stamp-challenge\/#primaryimage","url":"https:\/\/nebraskademocrats.org\/wp-content\/uploads\/2017\/06\/cattle-1.jpg","contentUrl":"https:\/\/nebraskademocrats.org\/wp-content\/uploads\/2017\/06\/cattle-1.jpg","width":5184,"height":3456},{"@type":"BreadcrumbList","@id":"https:\/\/nebraskademocrats.org\/press-releases\/chair-jane-kleeb-challenges-rep-adrian-smith-to-the-food-stamp-challenge\/#breadcrumb","itemListElement":[{"@type":"ListItem","position":1,"name":"Home","item":"https:\/\/nebraskademocrats.org\/"},{"@type":"ListItem","position":2,"name":"Chair Jane Kleeb challenges Rep. Adrian Smith to the Food Stamp Challenge"}]},{"@type":"WebSite","@id":"https:\/\/nebraskademocrats.org\/#website","url":"https:\/\/nebraskademocrats.org\/","name":"Partido Dem\u00f3crata de Nebraska","description":"Cultivando la buena vida para todos los nebraskenses","publisher":{"@id":"https:\/\/nebraskademocrats.org\/#organization"},"potentialAction":[{"@type":"SearchAction","target":{"@type":"EntryPoint","urlTemplate":"https:\/\/nebraskademocrats.org\/?s={search_term_string}"},"query-input":{"@type":"PropertyValueSpecification","valueRequired":true,"valueName":"search_term_string"}}],"inLanguage":"es"},{"@type":"Organization","@id":"https:\/\/nebraskademocrats.org\/#organization","name":"Partido Dem\u00f3crata de Nebraska","url":"https:\/\/nebraskademocrats.org\/","logo":{"@type":"ImageObject","inLanguage":"es","@id":"https:\/\/nebraskademocrats.org\/#\/schema\/logo\/image\/","url":"https:\/\/nebraskadem.wpenginepowered.com\/wp-content\/uploads\/2016\/05\/NDP2.jpg","contentUrl":"https:\/\/nebraskadem.wpenginepowered.com\/wp-content\/uploads\/2016\/05\/NDP2.jpg","width":1000,"height":396,"caption":"Nebraska Democratic Party"},"image":{"@id":"https:\/\/nebraskademocrats.org\/#\/schema\/logo\/image\/"},"sameAs":["https:\/\/www.facebook.com\/NebraskaDemocraticParty\/","https:\/\/x.com\/nebraskadems"]},{"@type":"Person","@id":"https:\/\/nebraskademocrats.org\/#\/schema\/person\/648fdf0197d280b37b5d8b98515d2ee9","name":"Jane Kleeb","image":{"@type":"ImageObject","inLanguage":"es","@id":"https:\/\/secure.gravatar.com\/avatar\/d0c227d7e36b4c78b92b6c8a332c74e381cb575cee3c5c2159651dba25d02f93?s=96&d=mm&r=g","url":"https:\/\/secure.gravatar.com\/avatar\/d0c227d7e36b4c78b92b6c8a332c74e381cb575cee3c5c2159651dba25d02f93?s=96&d=mm&r=g","contentUrl":"https:\/\/secure.gravatar.com\/avatar\/d0c227d7e36b4c78b92b6c8a332c74e381cb575cee3c5c2159651dba25d02f93?s=96&d=mm&r=g","caption":"Jane Kleeb"}}]}},"_links":{"self":[{"href":"https:\/\/nebraskademocrats.org\/es\/wp-json\/wp\/v2\/posts\/2375","targetHints":{"allow":["GET"]}}],"collection":[{"href":"https:\/\/nebraskademocrats.org\/es\/wp-json\/wp\/v2\/posts"}],"about":[{"href":"https:\/\/nebraskademocrats.org\/es\/wp-json\/wp\/v2\/types\/post"}],"author":[{"embeddable":true,"href":"https:\/\/nebraskademocrats.org\/es\/wp-json\/wp\/v2\/users\/7"}],"replies":[{"embeddable":true,"href":"https:\/\/nebraskademocrats.org\/es\/wp-json\/wp\/v2\/comments?post=2375"}],"version-history":[{"count":0,"href":"https:\/\/nebraskademocrats.org\/es\/wp-json\/wp\/v2\/posts\/2375\/revisions"}],"wp:featuredmedia":[{"embeddable":true,"href":"https:\/\/nebraskademocrats.org\/es\/wp-json\/wp\/v2\/media\/2377"}],"wp:attachment":[{"href":"https:\/\/nebraskademocrats.org\/es\/wp-json\/wp\/v2\/media?parent=2375"}],"wp:term":[{"taxonomy":"category","embeddable":true,"href":"https:\/\/nebraskademocrats.org\/es\/wp-json\/wp\/v2\/categories?post=2375"},{"taxonomy":"post_tag","embeddable":true,"href":"https:\/\/nebraskademocrats.org\/es\/wp-json\/wp\/v2\/tags?post=2375"}],"curies":[{"name":"wp","href":"https:\/\/api.w.org\/{rel}","templated":true}]}}