{"id":2687,"date":"2017-07-26T16:01:57","date_gmt":"2017-07-26T21:01:57","guid":{"rendered":"http:\/\/nebraskadem.wpenginepowered.com\/?p=2687"},"modified":"2017-07-26T16:01:57","modified_gmt":"2017-07-26T21:01:57","slug":"advisory-senators-sasse-and-fischer-vote-to-take-away-health-care","status":"publish","type":"post","link":"https:\/\/nebraskademocrats.org\/es\/press-releases\/advisory-senators-sasse-and-fischer-vote-to-take-away-health-care\/","title":{"rendered":"AVISO: los senadores Sasse y Fischer votan para quitar la atenci\u00f3n m\u00e9dica"},"content":{"rendered":"<p dir=\"ltr\">Washington DC- El Senado vot\u00f3 hoy para derogar la Ley del Cuidado de Salud a Bajo Precio sin ning\u00fan reemplazo, dejando a decenas de millones de personas sin seguro. El senador Sasse y Fischer votaron a favor de la derogaci\u00f3n. La derogaci\u00f3n perdi\u00f3 45-55 con 7 senadores republicanos uni\u00e9ndose a todos los dem\u00f3cratas para votar en contra de la medida. El hecho de que los senadores de Nebraska votaran a favor de la derogaci\u00f3n fue en contra de los deseos de todos los habitantes de Nebraska. Deben responder a todos los que conf\u00edan en la cobertura que les ha brindado la ACA. Votar por la derogaci\u00f3n fue irresponsable y una traici\u00f3n a la confianza que se les dio cuando fueron elegidos.<\/p>\n<p>&nbsp;<\/p>\n<p dir=\"ltr\">\u201cNi el senador Ben Sasse ni la senadora Deb Fischer mostraron coraje o agallas frente a Trump. Votar por la derogaci\u00f3n de la atenci\u00f3n m\u00e9dica es una verg\u00fcenza. Afortunadamente, un pu\u00f1ado de republicanos se uni\u00f3 a todos los dem\u00f3cratas para salvar nuestra atenci\u00f3n m\u00e9dica. Gracias a todos los ciudadanos que siguen apareciendo para que nuestras voces se escuchen alto y claro. Necesitamos trabajar hacia soluciones reales como Medicare para todos\u201d. -Silla Jane Kleeb<\/p>","protected":false},"excerpt":{"rendered":"<p>Washington D.C.- The Senate voted today to repeal the Affordable Care Act without any replacement leaving tens of millions of people without insurance. Senator Sasse and Fischer both voted in favor of the repeal. The repeal lost 45-55 with 7 Republican Senators joining all Democrats in voting against the measure. The fact that the Nebraskan &#8230; <a title=\"AVISO: los senadores Sasse y Fischer votan para quitar la atenci\u00f3n m\u00e9dica\" class=\"read-more\" href=\"https:\/\/nebraskademocrats.org\/es\/press-releases\/advisory-senators-sasse-and-fischer-vote-to-take-away-health-care\/\" aria-label=\"More on ADVISORY: Senators Sasse and Fischer Vote to take away Health Care\">Lee mas<\/a><\/p>","protected":false},"author":19,"featured_media":0,"comment_status":"closed","ping_status":"closed","sticky":false,"template":"","format":"standard","meta":{"_acf_changed":false,"_exactmetrics_skip_tracking":false,"_exactmetrics_sitenote_active":false,"_exactmetrics_sitenote_note":"","_exactmetrics_sitenote_category":0,"footnotes":""},"categories":[4],"tags":[],"class_list":["post-2687","post","type-post","status-publish","format-standard","hentry","category-press-releases"],"acf":[],"yoast_head":"<!-- This site is optimized with the Yoast SEO plugin v27.4 - https:\/\/yoast.com\/product\/yoast-seo-wordpress\/ -->\n<title>ADVISORY: Senators Sasse and Fischer Vote to take away Health Care &#8211; Nebraska Democratic Party<\/title>\n<meta name=\"robots\" content=\"index, follow, max-snippet:-1, max-image-preview:large, max-video-preview:-1\" \/>\n<link rel=\"canonical\" href=\"https:\/\/nebraskademocrats.org\/es\/press-releases\/advisory-senators-sasse-and-fischer-vote-to-take-away-health-care\/\" \/>\n<meta property=\"og:locale\" content=\"es_MX\" \/>\n<meta property=\"og:type\" content=\"article\" \/>\n<meta property=\"og:title\" content=\"ADVISORY: Senators Sasse and Fischer Vote to take away Health Care &#8211; Nebraska Democratic Party\" \/>\n<meta property=\"og:description\" content=\"Washington D.C.- The Senate voted today to repeal the Affordable Care Act without any replacement leaving tens of millions of people without insurance. Senator Sasse and Fischer both voted in favor of the repeal. The repeal lost 45-55 with 7 Republican Senators joining all Democrats in voting against the measure. The fact that the Nebraskan ... Read more\" \/>\n<meta property=\"og:url\" content=\"https:\/\/nebraskademocrats.org\/es\/press-releases\/advisory-senators-sasse-and-fischer-vote-to-take-away-health-care\/\" \/>\n<meta property=\"og:site_name\" content=\"Nebraska Democratic Party\" \/>\n<meta property=\"article:publisher\" content=\"https:\/\/www.facebook.com\/NebraskaDemocraticParty\/\" \/>\n<meta property=\"article:published_time\" content=\"2017-07-26T21:01:57+00:00\" \/>\n<meta property=\"og:image\" content=\"https:\/\/nebraskademocrats.org\/wp-content\/uploads\/2018\/09\/ne-dems-fb.jpg\" \/>\n\t<meta property=\"og:image:width\" content=\"1200\" \/>\n\t<meta property=\"og:image:height\" content=\"630\" \/>\n\t<meta property=\"og:image:type\" content=\"image\/jpeg\" \/>\n<meta name=\"author\" content=\"Precious McKesson\" \/>\n<meta name=\"twitter:card\" content=\"summary_large_image\" \/>\n<meta name=\"twitter:creator\" content=\"@nebraskadems\" \/>\n<meta name=\"twitter:site\" content=\"@nebraskadems\" \/>\n<meta name=\"twitter:label1\" content=\"Escrito por\" \/>\n\t<meta name=\"twitter:data1\" content=\"Precious McKesson\" \/>\n\t<meta name=\"twitter:label2\" content=\"Tiempo de lectura\" \/>\n\t<meta name=\"twitter:data2\" content=\"1 minuto\" \/>\n<script type=\"application\/ld+json\" class=\"yoast-schema-graph\">{\"@context\":\"https:\\\/\\\/schema.org\",\"@graph\":[{\"@type\":\"Article\",\"@id\":\"https:\\\/\\\/nebraskademocrats.org\\\/press-releases\\\/advisory-senators-sasse-and-fischer-vote-to-take-away-health-care\\\/#article\",\"isPartOf\":{\"@id\":\"https:\\\/\\\/nebraskademocrats.org\\\/press-releases\\\/advisory-senators-sasse-and-fischer-vote-to-take-away-health-care\\\/\"},\"author\":{\"name\":\"Precious McKesson\",\"@id\":\"https:\\\/\\\/nebraskademocrats.org\\\/#\\\/schema\\\/person\\\/33e011ea0795f404810dc40828bcf289\"},\"headline\":\"ADVISORY: Senators Sasse and Fischer Vote to take away Health Care\",\"datePublished\":\"2017-07-26T21:01:57+00:00\",\"mainEntityOfPage\":{\"@id\":\"https:\\\/\\\/nebraskademocrats.org\\\/press-releases\\\/advisory-senators-sasse-and-fischer-vote-to-take-away-health-care\\\/\"},\"wordCount\":188,\"publisher\":{\"@id\":\"https:\\\/\\\/nebraskademocrats.org\\\/#organization\"},\"articleSection\":[\"Press Releases\"],\"inLanguage\":\"es\"},{\"@type\":\"WebPage\",\"@id\":\"https:\\\/\\\/nebraskademocrats.org\\\/press-releases\\\/advisory-senators-sasse-and-fischer-vote-to-take-away-health-care\\\/\",\"url\":\"https:\\\/\\\/nebraskademocrats.org\\\/press-releases\\\/advisory-senators-sasse-and-fischer-vote-to-take-away-health-care\\\/\",\"name\":\"ADVISORY: Senators Sasse and Fischer Vote to take away Health Care &#8211; Nebraska Democratic Party\",\"isPartOf\":{\"@id\":\"https:\\\/\\\/nebraskademocrats.org\\\/#website\"},\"datePublished\":\"2017-07-26T21:01:57+00:00\",\"breadcrumb\":{\"@id\":\"https:\\\/\\\/nebraskademocrats.org\\\/press-releases\\\/advisory-senators-sasse-and-fischer-vote-to-take-away-health-care\\\/#breadcrumb\"},\"inLanguage\":\"es\",\"potentialAction\":[{\"@type\":\"ReadAction\",\"target\":[\"https:\\\/\\\/nebraskademocrats.org\\\/press-releases\\\/advisory-senators-sasse-and-fischer-vote-to-take-away-health-care\\\/\"]}]},{\"@type\":\"BreadcrumbList\",\"@id\":\"https:\\\/\\\/nebraskademocrats.org\\\/press-releases\\\/advisory-senators-sasse-and-fischer-vote-to-take-away-health-care\\\/#breadcrumb\",\"itemListElement\":[{\"@type\":\"ListItem\",\"position\":1,\"name\":\"Home\",\"item\":\"https:\\\/\\\/nebraskademocrats.org\\\/\"},{\"@type\":\"ListItem\",\"position\":2,\"name\":\"ADVISORY: Senators Sasse and Fischer Vote to take away Health Care\"}]},{\"@type\":\"WebSite\",\"@id\":\"https:\\\/\\\/nebraskademocrats.org\\\/#website\",\"url\":\"https:\\\/\\\/nebraskademocrats.org\\\/\",\"name\":\"Nebraska Democratic Party\",\"description\":\"Growing the Good Life for All Nebraskans\",\"publisher\":{\"@id\":\"https:\\\/\\\/nebraskademocrats.org\\\/#organization\"},\"potentialAction\":[{\"@type\":\"SearchAction\",\"target\":{\"@type\":\"EntryPoint\",\"urlTemplate\":\"https:\\\/\\\/nebraskademocrats.org\\\/?s={search_term_string}\"},\"query-input\":{\"@type\":\"PropertyValueSpecification\",\"valueRequired\":true,\"valueName\":\"search_term_string\"}}],\"inLanguage\":\"es\"},{\"@type\":\"Organization\",\"@id\":\"https:\\\/\\\/nebraskademocrats.org\\\/#organization\",\"name\":\"Nebraska Democratic Party\",\"url\":\"https:\\\/\\\/nebraskademocrats.org\\\/\",\"logo\":{\"@type\":\"ImageObject\",\"inLanguage\":\"es\",\"@id\":\"https:\\\/\\\/nebraskademocrats.org\\\/#\\\/schema\\\/logo\\\/image\\\/\",\"url\":\"https:\\\/\\\/nebraskadem.wpenginepowered.com\\\/wp-content\\\/uploads\\\/2016\\\/05\\\/NDP2.jpg\",\"contentUrl\":\"https:\\\/\\\/nebraskadem.wpenginepowered.com\\\/wp-content\\\/uploads\\\/2016\\\/05\\\/NDP2.jpg\",\"width\":1000,\"height\":396,\"caption\":\"Nebraska Democratic Party\"},\"image\":{\"@id\":\"https:\\\/\\\/nebraskademocrats.org\\\/#\\\/schema\\\/logo\\\/image\\\/\"},\"sameAs\":[\"https:\\\/\\\/www.facebook.com\\\/NebraskaDemocraticParty\\\/\",\"https:\\\/\\\/x.com\\\/nebraskadems\"]},{\"@type\":\"Person\",\"@id\":\"https:\\\/\\\/nebraskademocrats.org\\\/#\\\/schema\\\/person\\\/33e011ea0795f404810dc40828bcf289\",\"name\":\"Precious McKesson\",\"image\":{\"@type\":\"ImageObject\",\"inLanguage\":\"es\",\"@id\":\"https:\\\/\\\/secure.gravatar.com\\\/avatar\\\/35046e19b3373116ec64c07d386d3312028d3820dc0ffe65c344bcebc8ea9194?s=96&d=mm&r=g\",\"url\":\"https:\\\/\\\/secure.gravatar.com\\\/avatar\\\/35046e19b3373116ec64c07d386d3312028d3820dc0ffe65c344bcebc8ea9194?s=96&d=mm&r=g\",\"contentUrl\":\"https:\\\/\\\/secure.gravatar.com\\\/avatar\\\/35046e19b3373116ec64c07d386d3312028d3820dc0ffe65c344bcebc8ea9194?s=96&d=mm&r=g\",\"caption\":\"Precious McKesson\"}}]}<\/script>\n<!-- \/ Yoast SEO plugin. -->","yoast_head_json":{"title":"ADVISORY: Senators Sasse and Fischer Vote to take away Health Care &#8211; Nebraska Democratic Party","robots":{"index":"index","follow":"follow","max-snippet":"max-snippet:-1","max-image-preview":"max-image-preview:large","max-video-preview":"max-video-preview:-1"},"canonical":"https:\/\/nebraskademocrats.org\/es\/press-releases\/advisory-senators-sasse-and-fischer-vote-to-take-away-health-care\/","og_locale":"es_MX","og_type":"article","og_title":"ADVISORY: Senators Sasse and Fischer Vote to take away Health Care &#8211; Nebraska Democratic Party","og_description":"Washington D.C.- The Senate voted today to repeal the Affordable Care Act without any replacement leaving tens of millions of people without insurance. Senator Sasse and Fischer both voted in favor of the repeal. The repeal lost 45-55 with 7 Republican Senators joining all Democrats in voting against the measure. The fact that the Nebraskan ... Read more","og_url":"https:\/\/nebraskademocrats.org\/es\/press-releases\/advisory-senators-sasse-and-fischer-vote-to-take-away-health-care\/","og_site_name":"Nebraska Democratic Party","article_publisher":"https:\/\/www.facebook.com\/NebraskaDemocraticParty\/","article_published_time":"2017-07-26T21:01:57+00:00","og_image":[{"width":1200,"height":630,"url":"https:\/\/nebraskademocrats.org\/wp-content\/uploads\/2018\/09\/ne-dems-fb.jpg","type":"image\/jpeg"}],"author":"Precious McKesson","twitter_card":"summary_large_image","twitter_creator":"@nebraskadems","twitter_site":"@nebraskadems","twitter_misc":{"Escrito por":"Precious McKesson","Tiempo de lectura":"1 minuto"},"schema":{"@context":"https:\/\/schema.org","@graph":[{"@type":"Article","@id":"https:\/\/nebraskademocrats.org\/press-releases\/advisory-senators-sasse-and-fischer-vote-to-take-away-health-care\/#article","isPartOf":{"@id":"https:\/\/nebraskademocrats.org\/press-releases\/advisory-senators-sasse-and-fischer-vote-to-take-away-health-care\/"},"author":{"name":"Precious McKesson","@id":"https:\/\/nebraskademocrats.org\/#\/schema\/person\/33e011ea0795f404810dc40828bcf289"},"headline":"ADVISORY: Senators Sasse and Fischer Vote to take away Health Care","datePublished":"2017-07-26T21:01:57+00:00","mainEntityOfPage":{"@id":"https:\/\/nebraskademocrats.org\/press-releases\/advisory-senators-sasse-and-fischer-vote-to-take-away-health-care\/"},"wordCount":188,"publisher":{"@id":"https:\/\/nebraskademocrats.org\/#organization"},"articleSection":["Press Releases"],"inLanguage":"es"},{"@type":"WebPage","@id":"https:\/\/nebraskademocrats.org\/press-releases\/advisory-senators-sasse-and-fischer-vote-to-take-away-health-care\/","url":"https:\/\/nebraskademocrats.org\/press-releases\/advisory-senators-sasse-and-fischer-vote-to-take-away-health-care\/","name":"ADVISORY: Senators Sasse and Fischer Vote to take away Health Care &#8211; Nebraska Democratic Party","isPartOf":{"@id":"https:\/\/nebraskademocrats.org\/#website"},"datePublished":"2017-07-26T21:01:57+00:00","breadcrumb":{"@id":"https:\/\/nebraskademocrats.org\/press-releases\/advisory-senators-sasse-and-fischer-vote-to-take-away-health-care\/#breadcrumb"},"inLanguage":"es","potentialAction":[{"@type":"ReadAction","target":["https:\/\/nebraskademocrats.org\/press-releases\/advisory-senators-sasse-and-fischer-vote-to-take-away-health-care\/"]}]},{"@type":"BreadcrumbList","@id":"https:\/\/nebraskademocrats.org\/press-releases\/advisory-senators-sasse-and-fischer-vote-to-take-away-health-care\/#breadcrumb","itemListElement":[{"@type":"ListItem","position":1,"name":"Home","item":"https:\/\/nebraskademocrats.org\/"},{"@type":"ListItem","position":2,"name":"ADVISORY: Senators Sasse and Fischer Vote to take away Health Care"}]},{"@type":"WebSite","@id":"https:\/\/nebraskademocrats.org\/#website","url":"https:\/\/nebraskademocrats.org\/","name":"Partido Dem\u00f3crata de Nebraska","description":"Cultivando la buena vida para todos los nebraskenses","publisher":{"@id":"https:\/\/nebraskademocrats.org\/#organization"},"potentialAction":[{"@type":"SearchAction","target":{"@type":"EntryPoint","urlTemplate":"https:\/\/nebraskademocrats.org\/?s={search_term_string}"},"query-input":{"@type":"PropertyValueSpecification","valueRequired":true,"valueName":"search_term_string"}}],"inLanguage":"es"},{"@type":"Organization","@id":"https:\/\/nebraskademocrats.org\/#organization","name":"Partido Dem\u00f3crata de Nebraska","url":"https:\/\/nebraskademocrats.org\/","logo":{"@type":"ImageObject","inLanguage":"es","@id":"https:\/\/nebraskademocrats.org\/#\/schema\/logo\/image\/","url":"https:\/\/nebraskadem.wpenginepowered.com\/wp-content\/uploads\/2016\/05\/NDP2.jpg","contentUrl":"https:\/\/nebraskadem.wpenginepowered.com\/wp-content\/uploads\/2016\/05\/NDP2.jpg","width":1000,"height":396,"caption":"Nebraska Democratic Party"},"image":{"@id":"https:\/\/nebraskademocrats.org\/#\/schema\/logo\/image\/"},"sameAs":["https:\/\/www.facebook.com\/NebraskaDemocraticParty\/","https:\/\/x.com\/nebraskadems"]},{"@type":"Person","@id":"https:\/\/nebraskademocrats.org\/#\/schema\/person\/33e011ea0795f404810dc40828bcf289","name":"Precioso McKesson","image":{"@type":"ImageObject","inLanguage":"es","@id":"https:\/\/secure.gravatar.com\/avatar\/35046e19b3373116ec64c07d386d3312028d3820dc0ffe65c344bcebc8ea9194?s=96&d=mm&r=g","url":"https:\/\/secure.gravatar.com\/avatar\/35046e19b3373116ec64c07d386d3312028d3820dc0ffe65c344bcebc8ea9194?s=96&d=mm&r=g","contentUrl":"https:\/\/secure.gravatar.com\/avatar\/35046e19b3373116ec64c07d386d3312028d3820dc0ffe65c344bcebc8ea9194?s=96&d=mm&r=g","caption":"Precious McKesson"}}]}},"_links":{"self":[{"href":"https:\/\/nebraskademocrats.org\/es\/wp-json\/wp\/v2\/posts\/2687","targetHints":{"allow":["GET"]}}],"collection":[{"href":"https:\/\/nebraskademocrats.org\/es\/wp-json\/wp\/v2\/posts"}],"about":[{"href":"https:\/\/nebraskademocrats.org\/es\/wp-json\/wp\/v2\/types\/post"}],"author":[{"embeddable":true,"href":"https:\/\/nebraskademocrats.org\/es\/wp-json\/wp\/v2\/users\/19"}],"replies":[{"embeddable":true,"href":"https:\/\/nebraskademocrats.org\/es\/wp-json\/wp\/v2\/comments?post=2687"}],"version-history":[{"count":0,"href":"https:\/\/nebraskademocrats.org\/es\/wp-json\/wp\/v2\/posts\/2687\/revisions"}],"wp:attachment":[{"href":"https:\/\/nebraskademocrats.org\/es\/wp-json\/wp\/v2\/media?parent=2687"}],"wp:term":[{"taxonomy":"category","embeddable":true,"href":"https:\/\/nebraskademocrats.org\/es\/wp-json\/wp\/v2\/categories?post=2687"},{"taxonomy":"post_tag","embeddable":true,"href":"https:\/\/nebraskademocrats.org\/es\/wp-json\/wp\/v2\/tags?post=2687"}],"curies":[{"name":"wp","href":"https:\/\/api.w.org\/{rel}","templated":true}]}}