{"id":2786,"date":"2017-08-22T10:39:31","date_gmt":"2017-08-22T15:39:31","guid":{"rendered":"http:\/\/nebraskadem.wpenginepowered.com\/?p=2786"},"modified":"2017-08-22T10:39:31","modified_gmt":"2017-08-22T15:39:31","slug":"chair-jane-kleebs-statement-on-president-trumps-speech-on-adding-more-troops-into-war-in-afghanistan","status":"publish","type":"post","link":"https:\/\/nebraskademocrats.org\/es\/press-releases\/chair-jane-kleebs-statement-on-president-trumps-speech-on-adding-more-troops-into-war-in-afghanistan\/","title":{"rendered":"Declaraci\u00f3n de la presidenta Jane Kleeb sobre el discurso del presidente Trump sobre la adici\u00f3n de m\u00e1s tropas a la guerra en Afganist\u00e1n"},"content":{"rendered":"<p>\u201cLa construcci\u00f3n de la naci\u00f3n est\u00e1 fuera de la mesa. No tenemos fecha de fin de la guerra. El Departamento de Estado no tiene suficiente personal. Esto es de Trump\u00a0<a class=\"_58cn\" href=\"https:\/\/www.facebook.com\/hashtag\/winning?source=feed_text&amp;story_id=1457815340952941\" data-ft=\"{&quot;tn&quot;:&quot;*N&quot;,&quot;type&quot;:104}\"><span class=\"_5afx\"><span class=\"_58cl _5afz\" aria-label=\"hashtag\">#<\/span><span class=\"_58cm\">victorioso<\/span><\/span><\/a>\u00a0\u00bfplan? Nuestra naci\u00f3n necesitaba escuchar un plan. Necesit\u00e1bamos escuchar c\u00f3mo se construye la democracia en un pa\u00eds que ha estado en guerra durante casi dos d\u00e9cadas. Est\u00e1 claro que los dos senadores de Nebraska, Fischer y Sasse, que sirven en el Comit\u00e9 de Servicios Armados, deben proporcionar los controles y el equilibrio que tanto necesitan y obtener respuestas sobre cu\u00e1nto tiempo y a qu\u00e9 costo permanecer\u00e1n nuestras tropas en Afganist\u00e1n &quot;.<\/p>\n<p>Para ver las declaraciones de apoyo que los senadores Fischer y Sasse hicieron a Trump, lea este art\u00edculo del <a href=\"http:\/\/www.omaha.com\/news\/military\/trump-s-speech-on-afghanistan-has-nebraska-and-iowa-republicans\/article_738866ae-1d7a-54da-8770-10f3e21aaea9.html\">Omaha World Hearld<\/a>.<\/p>\n<p>&nbsp;<\/p>","protected":false},"excerpt":{"rendered":"<p>&#8220;Nation building is off the table. We have no end date to the war. The State Department is understaffed. This is Trump&#8217;s\u00a0#winning\u00a0plan? Our nation needed to hear a plan. We needed to hear how democracy is built in a country that has been at war for almost two decades. It is clear that Nebraska&#8217;s two &#8230; <a title=\"Chair Jane Kleeb&#8217;s statement on President Trump&#8217;s speech on adding more troops into war in Afghanistan\" class=\"read-more\" href=\"https:\/\/nebraskademocrats.org\/es\/press-releases\/chair-jane-kleebs-statement-on-president-trumps-speech-on-adding-more-troops-into-war-in-afghanistan\/\" aria-label=\"More on Chair Jane Kleeb&#8217;s statement on President Trump&#8217;s speech on adding more troops into war in Afghanistan\">Lee mas<\/a><\/p>","protected":false},"author":19,"featured_media":0,"comment_status":"closed","ping_status":"closed","sticky":false,"template":"","format":"standard","meta":{"_acf_changed":false,"_exactmetrics_skip_tracking":false,"_exactmetrics_sitenote_active":false,"_exactmetrics_sitenote_note":"","_exactmetrics_sitenote_category":0,"footnotes":""},"categories":[4],"tags":[],"class_list":["post-2786","post","type-post","status-publish","format-standard","hentry","category-press-releases"],"acf":[],"yoast_head":"<!-- This site is optimized with the Yoast SEO plugin v27.4 - https:\/\/yoast.com\/product\/yoast-seo-wordpress\/ -->\n<title>Chair Jane Kleeb&#039;s statement on President Trump&#039;s speech on adding more troops into war in Afghanistan &#8211; Nebraska Democratic Party<\/title>\n<meta name=\"robots\" content=\"index, follow, max-snippet:-1, max-image-preview:large, max-video-preview:-1\" \/>\n<link rel=\"canonical\" href=\"https:\/\/nebraskademocrats.org\/es\/press-releases\/chair-jane-kleebs-statement-on-president-trumps-speech-on-adding-more-troops-into-war-in-afghanistan\/\" \/>\n<meta property=\"og:locale\" content=\"es_MX\" \/>\n<meta property=\"og:type\" content=\"article\" \/>\n<meta property=\"og:title\" content=\"Chair Jane Kleeb&#039;s statement on President Trump&#039;s speech on adding more troops into war in Afghanistan &#8211; Nebraska Democratic Party\" \/>\n<meta property=\"og:description\" content=\"&#8220;Nation building is off the table. We have no end date to the war. The State Department is understaffed. This is Trump&#8217;s\u00a0#winning\u00a0plan? Our nation needed to hear a plan. We needed to hear how democracy is built in a country that has been at war for almost two decades. It is clear that Nebraska&#8217;s two ... Read more\" \/>\n<meta property=\"og:url\" content=\"https:\/\/nebraskademocrats.org\/es\/press-releases\/chair-jane-kleebs-statement-on-president-trumps-speech-on-adding-more-troops-into-war-in-afghanistan\/\" \/>\n<meta property=\"og:site_name\" content=\"Nebraska Democratic Party\" \/>\n<meta property=\"article:publisher\" content=\"https:\/\/www.facebook.com\/NebraskaDemocraticParty\/\" \/>\n<meta property=\"article:published_time\" content=\"2017-08-22T15:39:31+00:00\" \/>\n<meta property=\"og:image\" content=\"https:\/\/nebraskademocrats.org\/wp-content\/uploads\/2018\/09\/ne-dems-fb.jpg\" \/>\n\t<meta property=\"og:image:width\" content=\"1200\" \/>\n\t<meta property=\"og:image:height\" content=\"630\" \/>\n\t<meta property=\"og:image:type\" content=\"image\/jpeg\" \/>\n<meta name=\"author\" content=\"Precious McKesson\" \/>\n<meta name=\"twitter:card\" content=\"summary_large_image\" \/>\n<meta name=\"twitter:creator\" content=\"@nebraskadems\" \/>\n<meta name=\"twitter:site\" content=\"@nebraskadems\" \/>\n<meta name=\"twitter:label1\" content=\"Escrito por\" \/>\n\t<meta name=\"twitter:data1\" content=\"Precious McKesson\" \/>\n\t<meta name=\"twitter:label2\" content=\"Tiempo de lectura\" \/>\n\t<meta name=\"twitter:data2\" content=\"1 minuto\" \/>\n<script type=\"application\/ld+json\" class=\"yoast-schema-graph\">{\"@context\":\"https:\\\/\\\/schema.org\",\"@graph\":[{\"@type\":\"Article\",\"@id\":\"https:\\\/\\\/nebraskademocrats.org\\\/press-releases\\\/chair-jane-kleebs-statement-on-president-trumps-speech-on-adding-more-troops-into-war-in-afghanistan\\\/#article\",\"isPartOf\":{\"@id\":\"https:\\\/\\\/nebraskademocrats.org\\\/press-releases\\\/chair-jane-kleebs-statement-on-president-trumps-speech-on-adding-more-troops-into-war-in-afghanistan\\\/\"},\"author\":{\"name\":\"Precious McKesson\",\"@id\":\"https:\\\/\\\/nebraskademocrats.org\\\/#\\\/schema\\\/person\\\/33e011ea0795f404810dc40828bcf289\"},\"headline\":\"Chair Jane Kleeb&#8217;s statement on President Trump&#8217;s speech on adding more troops into war in Afghanistan\",\"datePublished\":\"2017-08-22T15:39:31+00:00\",\"mainEntityOfPage\":{\"@id\":\"https:\\\/\\\/nebraskademocrats.org\\\/press-releases\\\/chair-jane-kleebs-statement-on-president-trumps-speech-on-adding-more-troops-into-war-in-afghanistan\\\/\"},\"wordCount\":135,\"publisher\":{\"@id\":\"https:\\\/\\\/nebraskademocrats.org\\\/#organization\"},\"articleSection\":[\"Press Releases\"],\"inLanguage\":\"es\"},{\"@type\":\"WebPage\",\"@id\":\"https:\\\/\\\/nebraskademocrats.org\\\/press-releases\\\/chair-jane-kleebs-statement-on-president-trumps-speech-on-adding-more-troops-into-war-in-afghanistan\\\/\",\"url\":\"https:\\\/\\\/nebraskademocrats.org\\\/press-releases\\\/chair-jane-kleebs-statement-on-president-trumps-speech-on-adding-more-troops-into-war-in-afghanistan\\\/\",\"name\":\"Chair Jane Kleeb's statement on President Trump's speech on adding more troops into war in Afghanistan &#8211; Nebraska Democratic Party\",\"isPartOf\":{\"@id\":\"https:\\\/\\\/nebraskademocrats.org\\\/#website\"},\"datePublished\":\"2017-08-22T15:39:31+00:00\",\"breadcrumb\":{\"@id\":\"https:\\\/\\\/nebraskademocrats.org\\\/press-releases\\\/chair-jane-kleebs-statement-on-president-trumps-speech-on-adding-more-troops-into-war-in-afghanistan\\\/#breadcrumb\"},\"inLanguage\":\"es\",\"potentialAction\":[{\"@type\":\"ReadAction\",\"target\":[\"https:\\\/\\\/nebraskademocrats.org\\\/press-releases\\\/chair-jane-kleebs-statement-on-president-trumps-speech-on-adding-more-troops-into-war-in-afghanistan\\\/\"]}]},{\"@type\":\"BreadcrumbList\",\"@id\":\"https:\\\/\\\/nebraskademocrats.org\\\/press-releases\\\/chair-jane-kleebs-statement-on-president-trumps-speech-on-adding-more-troops-into-war-in-afghanistan\\\/#breadcrumb\",\"itemListElement\":[{\"@type\":\"ListItem\",\"position\":1,\"name\":\"Home\",\"item\":\"https:\\\/\\\/nebraskademocrats.org\\\/\"},{\"@type\":\"ListItem\",\"position\":2,\"name\":\"Chair Jane Kleeb&#8217;s statement on President Trump&#8217;s speech on adding more troops into war in Afghanistan\"}]},{\"@type\":\"WebSite\",\"@id\":\"https:\\\/\\\/nebraskademocrats.org\\\/#website\",\"url\":\"https:\\\/\\\/nebraskademocrats.org\\\/\",\"name\":\"Nebraska Democratic Party\",\"description\":\"Growing the Good Life for All Nebraskans\",\"publisher\":{\"@id\":\"https:\\\/\\\/nebraskademocrats.org\\\/#organization\"},\"potentialAction\":[{\"@type\":\"SearchAction\",\"target\":{\"@type\":\"EntryPoint\",\"urlTemplate\":\"https:\\\/\\\/nebraskademocrats.org\\\/?s={search_term_string}\"},\"query-input\":{\"@type\":\"PropertyValueSpecification\",\"valueRequired\":true,\"valueName\":\"search_term_string\"}}],\"inLanguage\":\"es\"},{\"@type\":\"Organization\",\"@id\":\"https:\\\/\\\/nebraskademocrats.org\\\/#organization\",\"name\":\"Nebraska Democratic Party\",\"url\":\"https:\\\/\\\/nebraskademocrats.org\\\/\",\"logo\":{\"@type\":\"ImageObject\",\"inLanguage\":\"es\",\"@id\":\"https:\\\/\\\/nebraskademocrats.org\\\/#\\\/schema\\\/logo\\\/image\\\/\",\"url\":\"https:\\\/\\\/nebraskadem.wpenginepowered.com\\\/wp-content\\\/uploads\\\/2016\\\/05\\\/NDP2.jpg\",\"contentUrl\":\"https:\\\/\\\/nebraskadem.wpenginepowered.com\\\/wp-content\\\/uploads\\\/2016\\\/05\\\/NDP2.jpg\",\"width\":1000,\"height\":396,\"caption\":\"Nebraska Democratic Party\"},\"image\":{\"@id\":\"https:\\\/\\\/nebraskademocrats.org\\\/#\\\/schema\\\/logo\\\/image\\\/\"},\"sameAs\":[\"https:\\\/\\\/www.facebook.com\\\/NebraskaDemocraticParty\\\/\",\"https:\\\/\\\/x.com\\\/nebraskadems\"]},{\"@type\":\"Person\",\"@id\":\"https:\\\/\\\/nebraskademocrats.org\\\/#\\\/schema\\\/person\\\/33e011ea0795f404810dc40828bcf289\",\"name\":\"Precious McKesson\",\"image\":{\"@type\":\"ImageObject\",\"inLanguage\":\"es\",\"@id\":\"https:\\\/\\\/secure.gravatar.com\\\/avatar\\\/35046e19b3373116ec64c07d386d3312028d3820dc0ffe65c344bcebc8ea9194?s=96&d=mm&r=g\",\"url\":\"https:\\\/\\\/secure.gravatar.com\\\/avatar\\\/35046e19b3373116ec64c07d386d3312028d3820dc0ffe65c344bcebc8ea9194?s=96&d=mm&r=g\",\"contentUrl\":\"https:\\\/\\\/secure.gravatar.com\\\/avatar\\\/35046e19b3373116ec64c07d386d3312028d3820dc0ffe65c344bcebc8ea9194?s=96&d=mm&r=g\",\"caption\":\"Precious McKesson\"}}]}<\/script>\n<!-- \/ Yoast SEO plugin. -->","yoast_head_json":{"title":"Chair Jane Kleeb's statement on President Trump's speech on adding more troops into war in Afghanistan &#8211; Nebraska Democratic Party","robots":{"index":"index","follow":"follow","max-snippet":"max-snippet:-1","max-image-preview":"max-image-preview:large","max-video-preview":"max-video-preview:-1"},"canonical":"https:\/\/nebraskademocrats.org\/es\/press-releases\/chair-jane-kleebs-statement-on-president-trumps-speech-on-adding-more-troops-into-war-in-afghanistan\/","og_locale":"es_MX","og_type":"article","og_title":"Chair Jane Kleeb's statement on President Trump's speech on adding more troops into war in Afghanistan &#8211; Nebraska Democratic Party","og_description":"&#8220;Nation building is off the table. We have no end date to the war. The State Department is understaffed. This is Trump&#8217;s\u00a0#winning\u00a0plan? Our nation needed to hear a plan. We needed to hear how democracy is built in a country that has been at war for almost two decades. It is clear that Nebraska&#8217;s two ... Read more","og_url":"https:\/\/nebraskademocrats.org\/es\/press-releases\/chair-jane-kleebs-statement-on-president-trumps-speech-on-adding-more-troops-into-war-in-afghanistan\/","og_site_name":"Nebraska Democratic Party","article_publisher":"https:\/\/www.facebook.com\/NebraskaDemocraticParty\/","article_published_time":"2017-08-22T15:39:31+00:00","og_image":[{"width":1200,"height":630,"url":"https:\/\/nebraskademocrats.org\/wp-content\/uploads\/2018\/09\/ne-dems-fb.jpg","type":"image\/jpeg"}],"author":"Precious McKesson","twitter_card":"summary_large_image","twitter_creator":"@nebraskadems","twitter_site":"@nebraskadems","twitter_misc":{"Escrito por":"Precious McKesson","Tiempo de lectura":"1 minuto"},"schema":{"@context":"https:\/\/schema.org","@graph":[{"@type":"Article","@id":"https:\/\/nebraskademocrats.org\/press-releases\/chair-jane-kleebs-statement-on-president-trumps-speech-on-adding-more-troops-into-war-in-afghanistan\/#article","isPartOf":{"@id":"https:\/\/nebraskademocrats.org\/press-releases\/chair-jane-kleebs-statement-on-president-trumps-speech-on-adding-more-troops-into-war-in-afghanistan\/"},"author":{"name":"Precious McKesson","@id":"https:\/\/nebraskademocrats.org\/#\/schema\/person\/33e011ea0795f404810dc40828bcf289"},"headline":"Chair Jane Kleeb&#8217;s statement on President Trump&#8217;s speech on adding more troops into war in Afghanistan","datePublished":"2017-08-22T15:39:31+00:00","mainEntityOfPage":{"@id":"https:\/\/nebraskademocrats.org\/press-releases\/chair-jane-kleebs-statement-on-president-trumps-speech-on-adding-more-troops-into-war-in-afghanistan\/"},"wordCount":135,"publisher":{"@id":"https:\/\/nebraskademocrats.org\/#organization"},"articleSection":["Press Releases"],"inLanguage":"es"},{"@type":"WebPage","@id":"https:\/\/nebraskademocrats.org\/press-releases\/chair-jane-kleebs-statement-on-president-trumps-speech-on-adding-more-troops-into-war-in-afghanistan\/","url":"https:\/\/nebraskademocrats.org\/press-releases\/chair-jane-kleebs-statement-on-president-trumps-speech-on-adding-more-troops-into-war-in-afghanistan\/","name":"Chair Jane Kleeb's statement on President Trump's speech on adding more troops into war in Afghanistan &#8211; Nebraska Democratic Party","isPartOf":{"@id":"https:\/\/nebraskademocrats.org\/#website"},"datePublished":"2017-08-22T15:39:31+00:00","breadcrumb":{"@id":"https:\/\/nebraskademocrats.org\/press-releases\/chair-jane-kleebs-statement-on-president-trumps-speech-on-adding-more-troops-into-war-in-afghanistan\/#breadcrumb"},"inLanguage":"es","potentialAction":[{"@type":"ReadAction","target":["https:\/\/nebraskademocrats.org\/press-releases\/chair-jane-kleebs-statement-on-president-trumps-speech-on-adding-more-troops-into-war-in-afghanistan\/"]}]},{"@type":"BreadcrumbList","@id":"https:\/\/nebraskademocrats.org\/press-releases\/chair-jane-kleebs-statement-on-president-trumps-speech-on-adding-more-troops-into-war-in-afghanistan\/#breadcrumb","itemListElement":[{"@type":"ListItem","position":1,"name":"Home","item":"https:\/\/nebraskademocrats.org\/"},{"@type":"ListItem","position":2,"name":"Chair Jane Kleeb&#8217;s statement on President Trump&#8217;s speech on adding more troops into war in Afghanistan"}]},{"@type":"WebSite","@id":"https:\/\/nebraskademocrats.org\/#website","url":"https:\/\/nebraskademocrats.org\/","name":"Partido Dem\u00f3crata de Nebraska","description":"Cultivando la buena vida para todos los nebraskenses","publisher":{"@id":"https:\/\/nebraskademocrats.org\/#organization"},"potentialAction":[{"@type":"SearchAction","target":{"@type":"EntryPoint","urlTemplate":"https:\/\/nebraskademocrats.org\/?s={search_term_string}"},"query-input":{"@type":"PropertyValueSpecification","valueRequired":true,"valueName":"search_term_string"}}],"inLanguage":"es"},{"@type":"Organization","@id":"https:\/\/nebraskademocrats.org\/#organization","name":"Partido Dem\u00f3crata de Nebraska","url":"https:\/\/nebraskademocrats.org\/","logo":{"@type":"ImageObject","inLanguage":"es","@id":"https:\/\/nebraskademocrats.org\/#\/schema\/logo\/image\/","url":"https:\/\/nebraskadem.wpenginepowered.com\/wp-content\/uploads\/2016\/05\/NDP2.jpg","contentUrl":"https:\/\/nebraskadem.wpenginepowered.com\/wp-content\/uploads\/2016\/05\/NDP2.jpg","width":1000,"height":396,"caption":"Nebraska Democratic Party"},"image":{"@id":"https:\/\/nebraskademocrats.org\/#\/schema\/logo\/image\/"},"sameAs":["https:\/\/www.facebook.com\/NebraskaDemocraticParty\/","https:\/\/x.com\/nebraskadems"]},{"@type":"Person","@id":"https:\/\/nebraskademocrats.org\/#\/schema\/person\/33e011ea0795f404810dc40828bcf289","name":"Precioso McKesson","image":{"@type":"ImageObject","inLanguage":"es","@id":"https:\/\/secure.gravatar.com\/avatar\/35046e19b3373116ec64c07d386d3312028d3820dc0ffe65c344bcebc8ea9194?s=96&d=mm&r=g","url":"https:\/\/secure.gravatar.com\/avatar\/35046e19b3373116ec64c07d386d3312028d3820dc0ffe65c344bcebc8ea9194?s=96&d=mm&r=g","contentUrl":"https:\/\/secure.gravatar.com\/avatar\/35046e19b3373116ec64c07d386d3312028d3820dc0ffe65c344bcebc8ea9194?s=96&d=mm&r=g","caption":"Precious McKesson"}}]}},"_links":{"self":[{"href":"https:\/\/nebraskademocrats.org\/es\/wp-json\/wp\/v2\/posts\/2786","targetHints":{"allow":["GET"]}}],"collection":[{"href":"https:\/\/nebraskademocrats.org\/es\/wp-json\/wp\/v2\/posts"}],"about":[{"href":"https:\/\/nebraskademocrats.org\/es\/wp-json\/wp\/v2\/types\/post"}],"author":[{"embeddable":true,"href":"https:\/\/nebraskademocrats.org\/es\/wp-json\/wp\/v2\/users\/19"}],"replies":[{"embeddable":true,"href":"https:\/\/nebraskademocrats.org\/es\/wp-json\/wp\/v2\/comments?post=2786"}],"version-history":[{"count":0,"href":"https:\/\/nebraskademocrats.org\/es\/wp-json\/wp\/v2\/posts\/2786\/revisions"}],"wp:attachment":[{"href":"https:\/\/nebraskademocrats.org\/es\/wp-json\/wp\/v2\/media?parent=2786"}],"wp:term":[{"taxonomy":"category","embeddable":true,"href":"https:\/\/nebraskademocrats.org\/es\/wp-json\/wp\/v2\/categories?post=2786"},{"taxonomy":"post_tag","embeddable":true,"href":"https:\/\/nebraskademocrats.org\/es\/wp-json\/wp\/v2\/tags?post=2786"}],"curies":[{"name":"wp","href":"https:\/\/api.w.org\/{rel}","templated":true}]}}