{"id":2923,"date":"2017-09-15T11:05:42","date_gmt":"2017-09-15T16:05:42","guid":{"rendered":"http:\/\/nebraskadem.wpenginepowered.com\/?p=2923"},"modified":"2017-09-15T11:05:42","modified_gmt":"2017-09-15T16:05:42","slug":"democrats-support-dreamers","status":"publish","type":"post","link":"https:\/\/nebraskademocrats.org\/es\/blog\/democrats-support-dreamers\/","title":{"rendered":"Los dem\u00f3cratas apoyan a los DREAMers"},"content":{"rendered":"<p><span style=\"font-weight: 400;\">Todos los d\u00edas parece Pres. Trump est\u00e1 diciendo algo nuevo sobre su posici\u00f3n en el programa DACA (Acci\u00f3n Diferida para los Llegados en la Infancia). Est\u00e1 claro que su fiscal general, Jeff Sessions, hizo un anuncio de que la Administraci\u00f3n Trump planea poner fin a DACA en seis meses.<\/span><span style=\"font-weight: 400;\"> En los Estados Unidos, ahora tenemos casi 800,000 DREAMers en el condado cuyas vidas est\u00e1n en peligro de ser completamente desarraigadas. Tenemos 3,371 habitantes de Nebraska que son DREAMers, tienen amigos, familiares, trabajos, recuerdos y futuros aqu\u00ed, que ahora est\u00e1n en peligro.<\/span><\/p>\n<p><span style=\"font-weight: 400;\">Estamos con los DREAMers. Como dem\u00f3cratas, creemos que la diversidad nos hace m\u00e1s fuertes. Apoyamos a los DREAMers, son nuestros amigos, vecinos, compa\u00f1eros de clase, compa\u00f1eros de trabajo y nuestra inspiraci\u00f3n de trabajar por una vida mejor. <\/span><\/p>\n<p><span style=\"font-weight: 400;\">Como Partido Dem\u00f3crata, apoyamos a los So\u00f1adores y a elegir a m\u00e1s Dem\u00f3cratas latinos para que sus voces e ideas est\u00e9n en la mesa para hacer leyes que impacten a las familias y los j\u00f3venes.<\/span><\/p>\n<p><span style=\"font-weight: 400;\">Puede mostrar su apoyo donando $25 para obtener una camiseta de Democrats Support Dreamers. Todos los ingresos se destinan a apoyar un fondo para candidatos de color latinos y comunitarios en 2018:<\/span><a href=\"https:\/\/secure.actblue.com\/donate\/nedreamers\"> <span style=\"font-weight: 400;\">https:\/\/secure.actblue.com\/donate\/nedreamers<\/span><\/a><\/p>\n<p><b>Aqu\u00ed hay informaci\u00f3n que todos deber\u00edan saber sobre lo que puede hacer para ayudar a un DREAMer:<\/b><\/p>\n<p><span style=\"font-weight: 400;\">-Si no tiene DACA o una solicitud de DACA pendiente, ya no puede aplicar. <\/span><\/p>\n<p><span style=\"font-weight: 400;\">-Si tiene DACA que vence el 5 de marzo de 2018 o antes. \u2013 Si tiene DACA y un permiso de trabajo que vence el 5 de marzo de 2018 o antes, puede solicitar una renovaci\u00f3n de 2 a\u00f1os, pero su solicitud debe ser recibida en o antes del 5 de octubre de 2017.<\/span><\/p>\n<p><span style=\"font-weight: 400;\">-Si tiene DACA que vence despu\u00e9s del 5 de marzo de 2018. Si su DACA y su permiso de trabajo vencen despu\u00e9s del 5 de marzo de 2018, no es elegible para una extensi\u00f3n y su DACA, autorizaci\u00f3n de trabajo y protecci\u00f3n contra la deportaci\u00f3n vencer\u00e1n en la fecha que se muestra en su aviso de aprobaci\u00f3n de DACA y permiso de trabajo.<\/span><\/p>\n<p><span style=\"font-weight: 400;\">-Si tiene una solicitud de DACA pendiente. Si tiene una solicitud de DACA que se recibi\u00f3 en USCIS el 5 de septiembre de 2017 o antes, su solicitud continuar\u00e1 siendo procesada.<\/span><\/p>\n<p><span style=\"font-weight: 400;\">-Si tiene DACA y un documento de viaje de permiso anticipado v\u00e1lido. Si tiene DACA y tiene un documento de libertad condicional anticipada actualmente v\u00e1lido, a\u00fan puede usar el documento para viajar y regresar a los EE. UU. siempre que regrese ANTES de que venza el documento. Sin embargo, incluso con un documento de viaje v\u00e1lido, CBP a\u00fan puede negarse a dejarlo entrar. Antes de viajar, hable con un abogado de inmigraci\u00f3n calificado.<\/span><\/p>\n<p><span style=\"font-weight: 400;\">-Si tiene pendiente una solicitud de documento de viaje de libertad condicional anticipada. USCIS ya no procesar\u00e1 ni aprobar\u00e1 solicitudes de permiso anticipado para beneficiarios de DACA. Si tiene una solicitud de libertad condicional anticipada basada en DACA pendiente a partir del 5 de septiembre de 2017, USCIS cerrar\u00e1 la solicitud y le devolver\u00e1 las tarifas de presentaci\u00f3n.<\/span><\/p>\n<p><span style=\"font-weight: 400;\">-Tu DACA puede ser cancelado en cualquier momento. Incluso con DACA v\u00e1lido y un permiso de trabajo v\u00e1lido, el gobierno puede terminar su DACA y permiso de trabajo en cualquier momento si cree que ya no es elegible o por cualquier otra raz\u00f3n.<\/span><\/p>\n<p><span style=\"font-weight: 400;\">-Si tiene preguntas, hable con un abogado de inmigraci\u00f3n lo antes posible. <\/span><\/p>\n<p><span style=\"font-weight: 400;\">-No hable con un notario. Los notarios no son abogados y no est\u00e1n capacitados para comprender completamente el complejo sistema de inmigraci\u00f3n de los Estados Unidos. \u00a0<\/span><\/p>\n<p><span style=\"font-weight: 400;\">-SO\u00d1ADORES y Aliados No se Rindan. El Congreso puede aprobar un proyecto de ley para ofrecer una forma permanente para que aquellos con DACA permanezcan en los Estados Unidos. \u00a1Llame y d\u00edgale al Congreso que defienda a los Dreamers!<\/span><\/p>\n<p>&nbsp;<\/p>\n<p><span style=\"font-weight: 400;\">Cortes\u00eda de AILA<\/span><\/p>\n<p><span style=\"font-weight: 400;\">Editado por<\/span><\/p>\n<p><span style=\"font-weight: 400;\">SA Mora James, JD<\/span><\/p>\n<p><span style=\"font-weight: 400;\">Abogada\/Abogado<\/span><\/p>\n<p>&nbsp;<\/p>\n<p><span style=\"font-weight: 400;\">Si tiene preguntas y necesita hablar con un abogado de inmigraci\u00f3n, puede llamar a los siguientes bufetes de abogados:<\/span><\/p>\n<p>&nbsp;<\/p>\n<p><span style=\"font-weight: 400;\">Oficina Legal Mora James<\/span><\/p>\n<p><span style=\"font-weight: 400;\">Lincoln, NE<\/span><\/p>\n<p><span style=\"font-weight: 400;\">402-890-2295<\/span><\/p>\n<p>&nbsp;<\/p>\n<p><span style=\"font-weight: 400;\">Monz\u00f3n, Guerra y Asociados<\/span><\/p>\n<p><span style=\"font-weight: 400;\">Lincoln, NE<\/span><\/p>\n<p><span style=\"font-weight: 400;\">402-477-8188<\/span><\/p>\n<p>&nbsp;<\/p>\n<p><span style=\"font-weight: 400;\">Kasaby y Nicholls<\/span><\/p>\n<p><span style=\"font-weight: 400;\">Omaha, NE<\/span><\/p>\n<p><span style=\"font-weight: 400;\">402-884-0700<\/span><\/p>\n<p>&nbsp;<\/p>\n<p><span style=\"font-weight: 400;\">Bufete de abogados Curley<\/span><\/p>\n<p><span style=\"font-weight: 400;\">Omaha, NE<\/span><\/p>\n<p><span style=\"font-weight: 400;\">402-733-8989<\/span><\/p>\n<p>&nbsp;<\/p>\n<p><span style=\"font-weight: 400;\">Como Partido Dem\u00f3crata, apoyamos a los So\u00f1adores y a elegir a m\u00e1s Dem\u00f3cratas latinos para que sus voces e ideas est\u00e9n en la mesa para hacer leyes que impacten a las familias y los j\u00f3venes.<\/span><\/p>\n<p><span style=\"font-weight: 400;\">Puede mostrar su apoyo donando $25 para obtener una camiseta de Democrats Support Dreamers. Todos los ingresos se destinan a apoyar un fondo para candidatos de color latinos y comunitarios en 2018:<\/span><a href=\"https:\/\/secure.actblue.com\/donate\/nedreamers\"> <span style=\"font-weight: 400;\">https:\/\/secure.actblue.com\/donate\/nedreamers<\/span><\/a><\/p>\n<p><span style=\"font-weight: 400;\">Gracias a los latinos electos actuales en nuestro estado: Senador estatal Tony Vargas, Presidente de MCC Roger Garcia, Miembro de la Junta Escolar de OPS Amanda Ryan, Miembro de la Junta de la Autoridad del Aeropuerto Lincoln Zachary Mora James, Miembro de la Junta del Distrito de Recursos Naturales de Papio Missouri River Larry Bradley, Escuela Schuyler Mynor Hernandez, miembro de la junta de Western Community College, Linda Guzman-Gonzales, miembro de la junta de la ciudad de Scottsbluff, Ray Gonzales, miembro del consejo de la ciudad de Scottsbluff, Tony Gomez, miembro de la comisi\u00f3n del condado de Dakota, y Oscar Gomez, miembro del consejo de la ciudad de South Sioux.<\/span><\/p>\n<p><img fetchpriority=\"high\" decoding=\"async\" class=\"alignnone size-medium wp-image-2930 alignleft\" src=\"https:\/\/nebraskadem.wpenginepowered.com\/wp-content\/uploads\/2017\/09\/NDP-DACA-Share-Graphic-1-300x300.png\" alt=\"\" width=\"300\" height=\"300\" \/><\/p>\n<p><img decoding=\"async\" class=\"alignnone size-medium wp-image-2937\" src=\"https:\/\/nebraskadem.wpenginepowered.com\/wp-content\/uploads\/2017\/09\/NDP-DACA-Shirt-Mockup-1-300x300.jpeg\" alt=\"\" width=\"300\" height=\"300\" srcset=\"https:\/\/nebraskademocrats.org\/wp-content\/uploads\/2017\/09\/NDP-DACA-Shirt-Mockup-1-300x300.jpeg 300w, https:\/\/nebraskademocrats.org\/wp-content\/uploads\/2017\/09\/NDP-DACA-Shirt-Mockup-1-150x150.jpeg 150w, https:\/\/nebraskademocrats.org\/wp-content\/uploads\/2017\/09\/NDP-DACA-Shirt-Mockup-1.jpeg 480w\" sizes=\"(max-width: 300px) 100vw, 300px\" \/><\/p>","protected":false},"excerpt":{"rendered":"<p>Every day it seems Pres. Trump is saying something new about his position on the DACA (Deferred Action Childhood Arrivals) program. It is clear that his Attorney General Jeff Sessions made an announcement the Trump Administration plans on ending DACA in six months. In the United States, we now have nearly 800,000 DREAMers in the &#8230; <a title=\"Los dem\u00f3cratas apoyan a los DREAMers\" class=\"read-more\" href=\"https:\/\/nebraskademocrats.org\/es\/blog\/democrats-support-dreamers\/\" aria-label=\"More on Democrats Support DREAMers\">Lee mas<\/a><\/p>","protected":false},"author":19,"featured_media":0,"comment_status":"closed","ping_status":"closed","sticky":false,"template":"","format":"standard","meta":{"_acf_changed":false,"_exactmetrics_skip_tracking":false,"_exactmetrics_sitenote_active":false,"_exactmetrics_sitenote_note":"","_exactmetrics_sitenote_category":0,"footnotes":""},"categories":[1],"tags":[],"class_list":["post-2923","post","type-post","status-publish","format-standard","hentry","category-blog"],"acf":[],"yoast_head":"<!-- This site is optimized with the Yoast SEO plugin v27.4 - https:\/\/yoast.com\/product\/yoast-seo-wordpress\/ -->\n<title>Democrats Support DREAMers &#8211; Nebraska Democratic Party<\/title>\n<meta name=\"robots\" content=\"index, follow, max-snippet:-1, max-image-preview:large, max-video-preview:-1\" \/>\n<link rel=\"canonical\" href=\"https:\/\/nebraskademocrats.org\/es\/blog\/democrats-support-dreamers\/\" \/>\n<meta property=\"og:locale\" content=\"es_MX\" \/>\n<meta property=\"og:type\" content=\"article\" \/>\n<meta property=\"og:title\" content=\"Democrats Support DREAMers &#8211; Nebraska Democratic Party\" \/>\n<meta property=\"og:description\" content=\"Every day it seems Pres. Trump is saying something new about his position on the DACA (Deferred Action Childhood Arrivals) program. It is clear that his Attorney General Jeff Sessions made an announcement the Trump Administration plans on ending DACA in six months. In the United States, we now have nearly 800,000 DREAMers in the ... Read more\" \/>\n<meta property=\"og:url\" content=\"https:\/\/nebraskademocrats.org\/es\/blog\/democrats-support-dreamers\/\" \/>\n<meta property=\"og:site_name\" content=\"Nebraska Democratic Party\" \/>\n<meta property=\"article:publisher\" content=\"https:\/\/www.facebook.com\/NebraskaDemocraticParty\/\" \/>\n<meta property=\"article:published_time\" content=\"2017-09-15T16:05:42+00:00\" \/>\n<meta property=\"og:image\" content=\"https:\/\/nebraskadem.wpenginepowered.com\/wp-content\/uploads\/2017\/09\/NDP-DACA-Share-Graphic-1-300x300.png\" \/>\n<meta name=\"author\" content=\"Precious McKesson\" \/>\n<meta name=\"twitter:card\" content=\"summary_large_image\" \/>\n<meta name=\"twitter:creator\" content=\"@nebraskadems\" \/>\n<meta name=\"twitter:site\" content=\"@nebraskadems\" \/>\n<meta name=\"twitter:label1\" content=\"Escrito por\" \/>\n\t<meta name=\"twitter:data1\" content=\"Precious McKesson\" \/>\n\t<meta name=\"twitter:label2\" content=\"Tiempo de lectura\" \/>\n\t<meta name=\"twitter:data2\" content=\"4 minutos\" \/>\n<script type=\"application\/ld+json\" class=\"yoast-schema-graph\">{\"@context\":\"https:\\\/\\\/schema.org\",\"@graph\":[{\"@type\":\"Article\",\"@id\":\"https:\\\/\\\/nebraskademocrats.org\\\/zh\\\/blog\\\/democrats-support-dreamers\\\/#article\",\"isPartOf\":{\"@id\":\"https:\\\/\\\/nebraskademocrats.org\\\/zh\\\/blog\\\/democrats-support-dreamers\\\/\"},\"author\":{\"name\":\"Precious McKesson\",\"@id\":\"https:\\\/\\\/nebraskademocrats.org\\\/#\\\/schema\\\/person\\\/33e011ea0795f404810dc40828bcf289\"},\"headline\":\"Democrats Support DREAMers\",\"datePublished\":\"2017-09-15T16:05:42+00:00\",\"mainEntityOfPage\":{\"@id\":\"https:\\\/\\\/nebraskademocrats.org\\\/zh\\\/blog\\\/democrats-support-dreamers\\\/\"},\"wordCount\":776,\"publisher\":{\"@id\":\"https:\\\/\\\/nebraskademocrats.org\\\/#organization\"},\"image\":{\"@id\":\"https:\\\/\\\/nebraskademocrats.org\\\/zh\\\/blog\\\/democrats-support-dreamers\\\/#primaryimage\"},\"thumbnailUrl\":\"https:\\\/\\\/nebraskadem.wpenginepowered.com\\\/wp-content\\\/uploads\\\/2017\\\/09\\\/NDP-DACA-Share-Graphic-1-300x300.png\",\"articleSection\":[\"NDP Blog\"],\"inLanguage\":\"es\"},{\"@type\":\"WebPage\",\"@id\":\"https:\\\/\\\/nebraskademocrats.org\\\/zh\\\/blog\\\/democrats-support-dreamers\\\/\",\"url\":\"https:\\\/\\\/nebraskademocrats.org\\\/zh\\\/blog\\\/democrats-support-dreamers\\\/\",\"name\":\"Democrats Support DREAMers &#8211; Nebraska Democratic Party\",\"isPartOf\":{\"@id\":\"https:\\\/\\\/nebraskademocrats.org\\\/#website\"},\"primaryImageOfPage\":{\"@id\":\"https:\\\/\\\/nebraskademocrats.org\\\/zh\\\/blog\\\/democrats-support-dreamers\\\/#primaryimage\"},\"image\":{\"@id\":\"https:\\\/\\\/nebraskademocrats.org\\\/zh\\\/blog\\\/democrats-support-dreamers\\\/#primaryimage\"},\"thumbnailUrl\":\"https:\\\/\\\/nebraskadem.wpenginepowered.com\\\/wp-content\\\/uploads\\\/2017\\\/09\\\/NDP-DACA-Share-Graphic-1-300x300.png\",\"datePublished\":\"2017-09-15T16:05:42+00:00\",\"breadcrumb\":{\"@id\":\"https:\\\/\\\/nebraskademocrats.org\\\/zh\\\/blog\\\/democrats-support-dreamers\\\/#breadcrumb\"},\"inLanguage\":\"es\",\"potentialAction\":[{\"@type\":\"ReadAction\",\"target\":[\"https:\\\/\\\/nebraskademocrats.org\\\/zh\\\/blog\\\/democrats-support-dreamers\\\/\"]}]},{\"@type\":\"ImageObject\",\"inLanguage\":\"es\",\"@id\":\"https:\\\/\\\/nebraskademocrats.org\\\/zh\\\/blog\\\/democrats-support-dreamers\\\/#primaryimage\",\"url\":\"https:\\\/\\\/nebraskadem.wpenginepowered.com\\\/wp-content\\\/uploads\\\/2017\\\/09\\\/NDP-DACA-Share-Graphic-1-300x300.png\",\"contentUrl\":\"https:\\\/\\\/nebraskadem.wpenginepowered.com\\\/wp-content\\\/uploads\\\/2017\\\/09\\\/NDP-DACA-Share-Graphic-1-300x300.png\"},{\"@type\":\"BreadcrumbList\",\"@id\":\"https:\\\/\\\/nebraskademocrats.org\\\/zh\\\/blog\\\/democrats-support-dreamers\\\/#breadcrumb\",\"itemListElement\":[{\"@type\":\"ListItem\",\"position\":1,\"name\":\"Home\",\"item\":\"https:\\\/\\\/nebraskademocrats.org\\\/\"},{\"@type\":\"ListItem\",\"position\":2,\"name\":\"Democrats Support DREAMers\"}]},{\"@type\":\"WebSite\",\"@id\":\"https:\\\/\\\/nebraskademocrats.org\\\/#website\",\"url\":\"https:\\\/\\\/nebraskademocrats.org\\\/\",\"name\":\"Nebraska Democratic Party\",\"description\":\"Growing the Good Life for All Nebraskans\",\"publisher\":{\"@id\":\"https:\\\/\\\/nebraskademocrats.org\\\/#organization\"},\"potentialAction\":[{\"@type\":\"SearchAction\",\"target\":{\"@type\":\"EntryPoint\",\"urlTemplate\":\"https:\\\/\\\/nebraskademocrats.org\\\/?s={search_term_string}\"},\"query-input\":{\"@type\":\"PropertyValueSpecification\",\"valueRequired\":true,\"valueName\":\"search_term_string\"}}],\"inLanguage\":\"es\"},{\"@type\":\"Organization\",\"@id\":\"https:\\\/\\\/nebraskademocrats.org\\\/#organization\",\"name\":\"Nebraska Democratic Party\",\"url\":\"https:\\\/\\\/nebraskademocrats.org\\\/\",\"logo\":{\"@type\":\"ImageObject\",\"inLanguage\":\"es\",\"@id\":\"https:\\\/\\\/nebraskademocrats.org\\\/#\\\/schema\\\/logo\\\/image\\\/\",\"url\":\"https:\\\/\\\/nebraskadem.wpenginepowered.com\\\/wp-content\\\/uploads\\\/2016\\\/05\\\/NDP2.jpg\",\"contentUrl\":\"https:\\\/\\\/nebraskadem.wpenginepowered.com\\\/wp-content\\\/uploads\\\/2016\\\/05\\\/NDP2.jpg\",\"width\":1000,\"height\":396,\"caption\":\"Nebraska Democratic Party\"},\"image\":{\"@id\":\"https:\\\/\\\/nebraskademocrats.org\\\/#\\\/schema\\\/logo\\\/image\\\/\"},\"sameAs\":[\"https:\\\/\\\/www.facebook.com\\\/NebraskaDemocraticParty\\\/\",\"https:\\\/\\\/x.com\\\/nebraskadems\"]},{\"@type\":\"Person\",\"@id\":\"https:\\\/\\\/nebraskademocrats.org\\\/#\\\/schema\\\/person\\\/33e011ea0795f404810dc40828bcf289\",\"name\":\"Precious McKesson\",\"image\":{\"@type\":\"ImageObject\",\"inLanguage\":\"es\",\"@id\":\"https:\\\/\\\/secure.gravatar.com\\\/avatar\\\/35046e19b3373116ec64c07d386d3312028d3820dc0ffe65c344bcebc8ea9194?s=96&d=mm&r=g\",\"url\":\"https:\\\/\\\/secure.gravatar.com\\\/avatar\\\/35046e19b3373116ec64c07d386d3312028d3820dc0ffe65c344bcebc8ea9194?s=96&d=mm&r=g\",\"contentUrl\":\"https:\\\/\\\/secure.gravatar.com\\\/avatar\\\/35046e19b3373116ec64c07d386d3312028d3820dc0ffe65c344bcebc8ea9194?s=96&d=mm&r=g\",\"caption\":\"Precious McKesson\"}}]}<\/script>\n<!-- \/ Yoast SEO plugin. -->","yoast_head_json":{"title":"Democrats Support DREAMers &#8211; Nebraska Democratic Party","robots":{"index":"index","follow":"follow","max-snippet":"max-snippet:-1","max-image-preview":"max-image-preview:large","max-video-preview":"max-video-preview:-1"},"canonical":"https:\/\/nebraskademocrats.org\/es\/blog\/democrats-support-dreamers\/","og_locale":"es_MX","og_type":"article","og_title":"Democrats Support DREAMers &#8211; Nebraska Democratic Party","og_description":"Every day it seems Pres. Trump is saying something new about his position on the DACA (Deferred Action Childhood Arrivals) program. It is clear that his Attorney General Jeff Sessions made an announcement the Trump Administration plans on ending DACA in six months. In the United States, we now have nearly 800,000 DREAMers in the ... Read more","og_url":"https:\/\/nebraskademocrats.org\/es\/blog\/democrats-support-dreamers\/","og_site_name":"Nebraska Democratic Party","article_publisher":"https:\/\/www.facebook.com\/NebraskaDemocraticParty\/","article_published_time":"2017-09-15T16:05:42+00:00","og_image":[{"url":"https:\/\/nebraskadem.wpenginepowered.com\/wp-content\/uploads\/2017\/09\/NDP-DACA-Share-Graphic-1-300x300.png","type":"","width":"","height":""}],"author":"Precious McKesson","twitter_card":"summary_large_image","twitter_creator":"@nebraskadems","twitter_site":"@nebraskadems","twitter_misc":{"Escrito por":"Precious McKesson","Tiempo de lectura":"4 minutos"},"schema":{"@context":"https:\/\/schema.org","@graph":[{"@type":"Article","@id":"https:\/\/nebraskademocrats.org\/zh\/blog\/democrats-support-dreamers\/#article","isPartOf":{"@id":"https:\/\/nebraskademocrats.org\/zh\/blog\/democrats-support-dreamers\/"},"author":{"name":"Precious McKesson","@id":"https:\/\/nebraskademocrats.org\/#\/schema\/person\/33e011ea0795f404810dc40828bcf289"},"headline":"Democrats Support DREAMers","datePublished":"2017-09-15T16:05:42+00:00","mainEntityOfPage":{"@id":"https:\/\/nebraskademocrats.org\/zh\/blog\/democrats-support-dreamers\/"},"wordCount":776,"publisher":{"@id":"https:\/\/nebraskademocrats.org\/#organization"},"image":{"@id":"https:\/\/nebraskademocrats.org\/zh\/blog\/democrats-support-dreamers\/#primaryimage"},"thumbnailUrl":"https:\/\/nebraskadem.wpenginepowered.com\/wp-content\/uploads\/2017\/09\/NDP-DACA-Share-Graphic-1-300x300.png","articleSection":["NDP Blog"],"inLanguage":"es"},{"@type":"WebPage","@id":"https:\/\/nebraskademocrats.org\/zh\/blog\/democrats-support-dreamers\/","url":"https:\/\/nebraskademocrats.org\/zh\/blog\/democrats-support-dreamers\/","name":"Democrats Support DREAMers &#8211; Nebraska Democratic Party","isPartOf":{"@id":"https:\/\/nebraskademocrats.org\/#website"},"primaryImageOfPage":{"@id":"https:\/\/nebraskademocrats.org\/zh\/blog\/democrats-support-dreamers\/#primaryimage"},"image":{"@id":"https:\/\/nebraskademocrats.org\/zh\/blog\/democrats-support-dreamers\/#primaryimage"},"thumbnailUrl":"https:\/\/nebraskadem.wpenginepowered.com\/wp-content\/uploads\/2017\/09\/NDP-DACA-Share-Graphic-1-300x300.png","datePublished":"2017-09-15T16:05:42+00:00","breadcrumb":{"@id":"https:\/\/nebraskademocrats.org\/zh\/blog\/democrats-support-dreamers\/#breadcrumb"},"inLanguage":"es","potentialAction":[{"@type":"ReadAction","target":["https:\/\/nebraskademocrats.org\/zh\/blog\/democrats-support-dreamers\/"]}]},{"@type":"ImageObject","inLanguage":"es","@id":"https:\/\/nebraskademocrats.org\/zh\/blog\/democrats-support-dreamers\/#primaryimage","url":"https:\/\/nebraskadem.wpenginepowered.com\/wp-content\/uploads\/2017\/09\/NDP-DACA-Share-Graphic-1-300x300.png","contentUrl":"https:\/\/nebraskadem.wpenginepowered.com\/wp-content\/uploads\/2017\/09\/NDP-DACA-Share-Graphic-1-300x300.png"},{"@type":"BreadcrumbList","@id":"https:\/\/nebraskademocrats.org\/zh\/blog\/democrats-support-dreamers\/#breadcrumb","itemListElement":[{"@type":"ListItem","position":1,"name":"Home","item":"https:\/\/nebraskademocrats.org\/"},{"@type":"ListItem","position":2,"name":"Democrats Support DREAMers"}]},{"@type":"WebSite","@id":"https:\/\/nebraskademocrats.org\/#website","url":"https:\/\/nebraskademocrats.org\/","name":"Partido Dem\u00f3crata de Nebraska","description":"Cultivando la buena vida para todos los nebraskenses","publisher":{"@id":"https:\/\/nebraskademocrats.org\/#organization"},"potentialAction":[{"@type":"SearchAction","target":{"@type":"EntryPoint","urlTemplate":"https:\/\/nebraskademocrats.org\/?s={search_term_string}"},"query-input":{"@type":"PropertyValueSpecification","valueRequired":true,"valueName":"search_term_string"}}],"inLanguage":"es"},{"@type":"Organization","@id":"https:\/\/nebraskademocrats.org\/#organization","name":"Partido Dem\u00f3crata de Nebraska","url":"https:\/\/nebraskademocrats.org\/","logo":{"@type":"ImageObject","inLanguage":"es","@id":"https:\/\/nebraskademocrats.org\/#\/schema\/logo\/image\/","url":"https:\/\/nebraskadem.wpenginepowered.com\/wp-content\/uploads\/2016\/05\/NDP2.jpg","contentUrl":"https:\/\/nebraskadem.wpenginepowered.com\/wp-content\/uploads\/2016\/05\/NDP2.jpg","width":1000,"height":396,"caption":"Nebraska Democratic Party"},"image":{"@id":"https:\/\/nebraskademocrats.org\/#\/schema\/logo\/image\/"},"sameAs":["https:\/\/www.facebook.com\/NebraskaDemocraticParty\/","https:\/\/x.com\/nebraskadems"]},{"@type":"Person","@id":"https:\/\/nebraskademocrats.org\/#\/schema\/person\/33e011ea0795f404810dc40828bcf289","name":"Precioso McKesson","image":{"@type":"ImageObject","inLanguage":"es","@id":"https:\/\/secure.gravatar.com\/avatar\/35046e19b3373116ec64c07d386d3312028d3820dc0ffe65c344bcebc8ea9194?s=96&d=mm&r=g","url":"https:\/\/secure.gravatar.com\/avatar\/35046e19b3373116ec64c07d386d3312028d3820dc0ffe65c344bcebc8ea9194?s=96&d=mm&r=g","contentUrl":"https:\/\/secure.gravatar.com\/avatar\/35046e19b3373116ec64c07d386d3312028d3820dc0ffe65c344bcebc8ea9194?s=96&d=mm&r=g","caption":"Precious McKesson"}}]}},"_links":{"self":[{"href":"https:\/\/nebraskademocrats.org\/es\/wp-json\/wp\/v2\/posts\/2923","targetHints":{"allow":["GET"]}}],"collection":[{"href":"https:\/\/nebraskademocrats.org\/es\/wp-json\/wp\/v2\/posts"}],"about":[{"href":"https:\/\/nebraskademocrats.org\/es\/wp-json\/wp\/v2\/types\/post"}],"author":[{"embeddable":true,"href":"https:\/\/nebraskademocrats.org\/es\/wp-json\/wp\/v2\/users\/19"}],"replies":[{"embeddable":true,"href":"https:\/\/nebraskademocrats.org\/es\/wp-json\/wp\/v2\/comments?post=2923"}],"version-history":[{"count":0,"href":"https:\/\/nebraskademocrats.org\/es\/wp-json\/wp\/v2\/posts\/2923\/revisions"}],"wp:attachment":[{"href":"https:\/\/nebraskademocrats.org\/es\/wp-json\/wp\/v2\/media?parent=2923"}],"wp:term":[{"taxonomy":"category","embeddable":true,"href":"https:\/\/nebraskademocrats.org\/es\/wp-json\/wp\/v2\/categories?post=2923"},{"taxonomy":"post_tag","embeddable":true,"href":"https:\/\/nebraskademocrats.org\/es\/wp-json\/wp\/v2\/tags?post=2923"}],"curies":[{"name":"wp","href":"https:\/\/api.w.org\/{rel}","templated":true}]}}