{"id":29570,"date":"2021-01-11T12:00:34","date_gmt":"2021-01-11T18:00:34","guid":{"rendered":"https:\/\/nebraskadem.wpenginepowered.com\/?p=29570"},"modified":"2021-01-11T12:04:28","modified_gmt":"2021-01-11T18:04:28","slug":"press-release-ndp-chair-kleeb-applauds-impeachment-proceedings","status":"publish","type":"post","link":"https:\/\/nebraskademocrats.org\/es\/press-releases\/press-release-ndp-chair-kleeb-applauds-impeachment-proceedings\/","title":{"rendered":"Comunicado de prensa: El presidente del NDP, Kleeb, aplaude los procedimientos de juicio pol\u00edtico"},"content":{"rendered":"<p><span style=\"font-weight: 400;\">La presidenta del NDP, Jane Kleeb, aplaudi\u00f3 la presentaci\u00f3n de los dem\u00f3cratas de la C\u00e1mara el lunes de <\/span><a href=\"https:\/\/int.nyt.com\/data\/documenttools\/articles-impeachment-trump-xml\/b0422e292cebafda\/full.pdf\"><span style=\"font-weight: 400;\">un art\u00edculo de acusaci\u00f3n<\/span><\/a> <span style=\"font-weight: 400;\">contra el presidente Trump por incitar a una mafia que atac\u00f3 el Capitolio la semana pasada, prometiendo presionar la acusaci\u00f3n mientras los republicanos bloquearon su movimiento para pedir formalmente al vicepresidente Mike Pence que lo despoje del poder bajo la 25a Enmienda. Esta es la primera vez en la historia de nuestra naci\u00f3n donde un presidente en funciones vio dos procesos de juicio pol\u00edtico.<\/span><\/p>\n<p><span style=\"font-weight: 400;\">\u201cDonald Trump ha socavado nuestra democracia durante cuatro largos a\u00f1os difundiendo informaci\u00f3n err\u00f3nea y fomentando la violencia. Trump, y todos los republicanos que lo cubrieron, incitaron la horrible insurrecci\u00f3n la semana pasada en el Capitolio que vio morir a cinco personas, incluido un oficial de polic\u00eda del Capitolio. Trump es un peligro claro y presente para nuestra naci\u00f3n. Debe ser acusado \u201d, dijo Kleeb.<\/span><\/p>\n<p><span style=\"font-weight: 400;\">En una carta del domingo a los colegas de la C\u00e1mara, el presidente Pelosi dijo: \u201cActuaremos con urgencia, porque este presidente representa una amenaza inminente. El horror del ataque continuo a nuestra democracia perpetrado por este presidente se intensifica y tambi\u00e9n lo es la necesidad inmediata de acci\u00f3n \u201d.<\/span><\/p>","protected":false},"excerpt":{"rendered":"<p>NDP Chair Jane Kleeb applauded the filing by House Democrats Monday of an article of impeachment against President Trump for inciting a mob that attacked the Capitol last week, vowing to press the charge as Republicans blocked their move to formally call on Vice President Mike Pence to strip him of power under the 25th &#8230; <a title=\"Comunicado de prensa: El presidente del NDP, Kleeb, aplaude los procedimientos de juicio pol\u00edtico\" class=\"read-more\" href=\"https:\/\/nebraskademocrats.org\/es\/press-releases\/press-release-ndp-chair-kleeb-applauds-impeachment-proceedings\/\" aria-label=\"More on Press release: NDP Chair Kleeb applauds impeachment proceedings\">Lee mas<\/a><\/p>","protected":false},"author":19,"featured_media":0,"comment_status":"closed","ping_status":"closed","sticky":false,"template":"","format":"standard","meta":{"_acf_changed":false,"_exactmetrics_skip_tracking":false,"_exactmetrics_sitenote_active":false,"_exactmetrics_sitenote_note":"","_exactmetrics_sitenote_category":0,"footnotes":""},"categories":[4],"tags":[],"class_list":["post-29570","post","type-post","status-publish","format-standard","hentry","category-press-releases"],"acf":[],"yoast_head":"<!-- This site is optimized with the Yoast SEO plugin v27.4 - https:\/\/yoast.com\/product\/yoast-seo-wordpress\/ -->\n<title>Press release: NDP Chair Kleeb applauds impeachment proceedings &#8211; Nebraska Democratic Party<\/title>\n<meta name=\"robots\" content=\"index, follow, max-snippet:-1, max-image-preview:large, max-video-preview:-1\" \/>\n<link rel=\"canonical\" href=\"https:\/\/nebraskademocrats.org\/es\/press-releases\/press-release-ndp-chair-kleeb-applauds-impeachment-proceedings\/\" \/>\n<meta property=\"og:locale\" content=\"es_MX\" \/>\n<meta property=\"og:type\" content=\"article\" \/>\n<meta property=\"og:title\" content=\"Press release: NDP Chair Kleeb applauds impeachment proceedings &#8211; Nebraska Democratic Party\" \/>\n<meta property=\"og:description\" content=\"NDP Chair Jane Kleeb applauded the filing by House Democrats Monday of an article of impeachment against President Trump for inciting a mob that attacked the Capitol last week, vowing to press the charge as Republicans blocked their move to formally call on Vice President Mike Pence to strip him of power under the 25th ... Read more\" \/>\n<meta property=\"og:url\" content=\"https:\/\/nebraskademocrats.org\/es\/press-releases\/press-release-ndp-chair-kleeb-applauds-impeachment-proceedings\/\" \/>\n<meta property=\"og:site_name\" content=\"Nebraska Democratic Party\" \/>\n<meta property=\"article:publisher\" content=\"https:\/\/www.facebook.com\/NebraskaDemocraticParty\/\" \/>\n<meta property=\"article:published_time\" content=\"2021-01-11T18:00:34+00:00\" \/>\n<meta property=\"article:modified_time\" content=\"2021-01-11T18:04:28+00:00\" \/>\n<meta property=\"og:image\" content=\"https:\/\/nebraskademocrats.org\/wp-content\/uploads\/2018\/09\/ne-dems-fb.jpg\" \/>\n\t<meta property=\"og:image:width\" content=\"1200\" \/>\n\t<meta property=\"og:image:height\" content=\"630\" \/>\n\t<meta property=\"og:image:type\" content=\"image\/jpeg\" \/>\n<meta name=\"author\" content=\"Precious McKesson\" \/>\n<meta name=\"twitter:card\" content=\"summary_large_image\" \/>\n<meta name=\"twitter:creator\" content=\"@nebraskadems\" \/>\n<meta name=\"twitter:site\" content=\"@nebraskadems\" \/>\n<meta name=\"twitter:label1\" content=\"Escrito por\" \/>\n\t<meta name=\"twitter:data1\" content=\"Precious McKesson\" \/>\n\t<meta name=\"twitter:label2\" content=\"Tiempo de lectura\" \/>\n\t<meta name=\"twitter:data2\" content=\"1 minuto\" \/>\n<script type=\"application\/ld+json\" class=\"yoast-schema-graph\">{\"@context\":\"https:\\\/\\\/schema.org\",\"@graph\":[{\"@type\":\"Article\",\"@id\":\"https:\\\/\\\/nebraskademocrats.org\\\/press-releases\\\/press-release-ndp-chair-kleeb-applauds-impeachment-proceedings\\\/#article\",\"isPartOf\":{\"@id\":\"https:\\\/\\\/nebraskademocrats.org\\\/press-releases\\\/press-release-ndp-chair-kleeb-applauds-impeachment-proceedings\\\/\"},\"author\":{\"name\":\"Precious McKesson\",\"@id\":\"https:\\\/\\\/nebraskademocrats.org\\\/#\\\/schema\\\/person\\\/33e011ea0795f404810dc40828bcf289\"},\"headline\":\"Press release: NDP Chair Kleeb applauds impeachment proceedings\",\"datePublished\":\"2021-01-11T18:00:34+00:00\",\"dateModified\":\"2021-01-11T18:04:28+00:00\",\"mainEntityOfPage\":{\"@id\":\"https:\\\/\\\/nebraskademocrats.org\\\/press-releases\\\/press-release-ndp-chair-kleeb-applauds-impeachment-proceedings\\\/\"},\"wordCount\":188,\"publisher\":{\"@id\":\"https:\\\/\\\/nebraskademocrats.org\\\/#organization\"},\"articleSection\":[\"Press Releases\"],\"inLanguage\":\"es\"},{\"@type\":\"WebPage\",\"@id\":\"https:\\\/\\\/nebraskademocrats.org\\\/press-releases\\\/press-release-ndp-chair-kleeb-applauds-impeachment-proceedings\\\/\",\"url\":\"https:\\\/\\\/nebraskademocrats.org\\\/press-releases\\\/press-release-ndp-chair-kleeb-applauds-impeachment-proceedings\\\/\",\"name\":\"Press release: NDP Chair Kleeb applauds impeachment proceedings &#8211; Nebraska Democratic Party\",\"isPartOf\":{\"@id\":\"https:\\\/\\\/nebraskademocrats.org\\\/#website\"},\"datePublished\":\"2021-01-11T18:00:34+00:00\",\"dateModified\":\"2021-01-11T18:04:28+00:00\",\"breadcrumb\":{\"@id\":\"https:\\\/\\\/nebraskademocrats.org\\\/press-releases\\\/press-release-ndp-chair-kleeb-applauds-impeachment-proceedings\\\/#breadcrumb\"},\"inLanguage\":\"es\",\"potentialAction\":[{\"@type\":\"ReadAction\",\"target\":[\"https:\\\/\\\/nebraskademocrats.org\\\/press-releases\\\/press-release-ndp-chair-kleeb-applauds-impeachment-proceedings\\\/\"]}]},{\"@type\":\"BreadcrumbList\",\"@id\":\"https:\\\/\\\/nebraskademocrats.org\\\/press-releases\\\/press-release-ndp-chair-kleeb-applauds-impeachment-proceedings\\\/#breadcrumb\",\"itemListElement\":[{\"@type\":\"ListItem\",\"position\":1,\"name\":\"Home\",\"item\":\"https:\\\/\\\/nebraskademocrats.org\\\/\"},{\"@type\":\"ListItem\",\"position\":2,\"name\":\"Press release: NDP Chair Kleeb applauds impeachment proceedings\"}]},{\"@type\":\"WebSite\",\"@id\":\"https:\\\/\\\/nebraskademocrats.org\\\/#website\",\"url\":\"https:\\\/\\\/nebraskademocrats.org\\\/\",\"name\":\"Nebraska Democratic Party\",\"description\":\"Growing the Good Life for All Nebraskans\",\"publisher\":{\"@id\":\"https:\\\/\\\/nebraskademocrats.org\\\/#organization\"},\"potentialAction\":[{\"@type\":\"SearchAction\",\"target\":{\"@type\":\"EntryPoint\",\"urlTemplate\":\"https:\\\/\\\/nebraskademocrats.org\\\/?s={search_term_string}\"},\"query-input\":{\"@type\":\"PropertyValueSpecification\",\"valueRequired\":true,\"valueName\":\"search_term_string\"}}],\"inLanguage\":\"es\"},{\"@type\":\"Organization\",\"@id\":\"https:\\\/\\\/nebraskademocrats.org\\\/#organization\",\"name\":\"Nebraska Democratic Party\",\"url\":\"https:\\\/\\\/nebraskademocrats.org\\\/\",\"logo\":{\"@type\":\"ImageObject\",\"inLanguage\":\"es\",\"@id\":\"https:\\\/\\\/nebraskademocrats.org\\\/#\\\/schema\\\/logo\\\/image\\\/\",\"url\":\"https:\\\/\\\/nebraskadem.wpenginepowered.com\\\/wp-content\\\/uploads\\\/2016\\\/05\\\/NDP2.jpg\",\"contentUrl\":\"https:\\\/\\\/nebraskadem.wpenginepowered.com\\\/wp-content\\\/uploads\\\/2016\\\/05\\\/NDP2.jpg\",\"width\":1000,\"height\":396,\"caption\":\"Nebraska Democratic Party\"},\"image\":{\"@id\":\"https:\\\/\\\/nebraskademocrats.org\\\/#\\\/schema\\\/logo\\\/image\\\/\"},\"sameAs\":[\"https:\\\/\\\/www.facebook.com\\\/NebraskaDemocraticParty\\\/\",\"https:\\\/\\\/x.com\\\/nebraskadems\"]},{\"@type\":\"Person\",\"@id\":\"https:\\\/\\\/nebraskademocrats.org\\\/#\\\/schema\\\/person\\\/33e011ea0795f404810dc40828bcf289\",\"name\":\"Precious McKesson\",\"image\":{\"@type\":\"ImageObject\",\"inLanguage\":\"es\",\"@id\":\"https:\\\/\\\/secure.gravatar.com\\\/avatar\\\/35046e19b3373116ec64c07d386d3312028d3820dc0ffe65c344bcebc8ea9194?s=96&d=mm&r=g\",\"url\":\"https:\\\/\\\/secure.gravatar.com\\\/avatar\\\/35046e19b3373116ec64c07d386d3312028d3820dc0ffe65c344bcebc8ea9194?s=96&d=mm&r=g\",\"contentUrl\":\"https:\\\/\\\/secure.gravatar.com\\\/avatar\\\/35046e19b3373116ec64c07d386d3312028d3820dc0ffe65c344bcebc8ea9194?s=96&d=mm&r=g\",\"caption\":\"Precious McKesson\"}}]}<\/script>\n<!-- \/ Yoast SEO plugin. -->","yoast_head_json":{"title":"Press release: NDP Chair Kleeb applauds impeachment proceedings &#8211; Nebraska Democratic Party","robots":{"index":"index","follow":"follow","max-snippet":"max-snippet:-1","max-image-preview":"max-image-preview:large","max-video-preview":"max-video-preview:-1"},"canonical":"https:\/\/nebraskademocrats.org\/es\/press-releases\/press-release-ndp-chair-kleeb-applauds-impeachment-proceedings\/","og_locale":"es_MX","og_type":"article","og_title":"Press release: NDP Chair Kleeb applauds impeachment proceedings &#8211; Nebraska Democratic Party","og_description":"NDP Chair Jane Kleeb applauded the filing by House Democrats Monday of an article of impeachment against President Trump for inciting a mob that attacked the Capitol last week, vowing to press the charge as Republicans blocked their move to formally call on Vice President Mike Pence to strip him of power under the 25th ... Read more","og_url":"https:\/\/nebraskademocrats.org\/es\/press-releases\/press-release-ndp-chair-kleeb-applauds-impeachment-proceedings\/","og_site_name":"Nebraska Democratic Party","article_publisher":"https:\/\/www.facebook.com\/NebraskaDemocraticParty\/","article_published_time":"2021-01-11T18:00:34+00:00","article_modified_time":"2021-01-11T18:04:28+00:00","og_image":[{"width":1200,"height":630,"url":"https:\/\/nebraskademocrats.org\/wp-content\/uploads\/2018\/09\/ne-dems-fb.jpg","type":"image\/jpeg"}],"author":"Precious McKesson","twitter_card":"summary_large_image","twitter_creator":"@nebraskadems","twitter_site":"@nebraskadems","twitter_misc":{"Escrito por":"Precious McKesson","Tiempo de lectura":"1 minuto"},"schema":{"@context":"https:\/\/schema.org","@graph":[{"@type":"Article","@id":"https:\/\/nebraskademocrats.org\/press-releases\/press-release-ndp-chair-kleeb-applauds-impeachment-proceedings\/#article","isPartOf":{"@id":"https:\/\/nebraskademocrats.org\/press-releases\/press-release-ndp-chair-kleeb-applauds-impeachment-proceedings\/"},"author":{"name":"Precious McKesson","@id":"https:\/\/nebraskademocrats.org\/#\/schema\/person\/33e011ea0795f404810dc40828bcf289"},"headline":"Press release: NDP Chair Kleeb applauds impeachment proceedings","datePublished":"2021-01-11T18:00:34+00:00","dateModified":"2021-01-11T18:04:28+00:00","mainEntityOfPage":{"@id":"https:\/\/nebraskademocrats.org\/press-releases\/press-release-ndp-chair-kleeb-applauds-impeachment-proceedings\/"},"wordCount":188,"publisher":{"@id":"https:\/\/nebraskademocrats.org\/#organization"},"articleSection":["Press Releases"],"inLanguage":"es"},{"@type":"WebPage","@id":"https:\/\/nebraskademocrats.org\/press-releases\/press-release-ndp-chair-kleeb-applauds-impeachment-proceedings\/","url":"https:\/\/nebraskademocrats.org\/press-releases\/press-release-ndp-chair-kleeb-applauds-impeachment-proceedings\/","name":"Press release: NDP Chair Kleeb applauds impeachment proceedings &#8211; Nebraska Democratic Party","isPartOf":{"@id":"https:\/\/nebraskademocrats.org\/#website"},"datePublished":"2021-01-11T18:00:34+00:00","dateModified":"2021-01-11T18:04:28+00:00","breadcrumb":{"@id":"https:\/\/nebraskademocrats.org\/press-releases\/press-release-ndp-chair-kleeb-applauds-impeachment-proceedings\/#breadcrumb"},"inLanguage":"es","potentialAction":[{"@type":"ReadAction","target":["https:\/\/nebraskademocrats.org\/press-releases\/press-release-ndp-chair-kleeb-applauds-impeachment-proceedings\/"]}]},{"@type":"BreadcrumbList","@id":"https:\/\/nebraskademocrats.org\/press-releases\/press-release-ndp-chair-kleeb-applauds-impeachment-proceedings\/#breadcrumb","itemListElement":[{"@type":"ListItem","position":1,"name":"Home","item":"https:\/\/nebraskademocrats.org\/"},{"@type":"ListItem","position":2,"name":"Press release: NDP Chair Kleeb applauds impeachment proceedings"}]},{"@type":"WebSite","@id":"https:\/\/nebraskademocrats.org\/#website","url":"https:\/\/nebraskademocrats.org\/","name":"Partido Dem\u00f3crata de Nebraska","description":"Cultivando la buena vida para todos los nebraskenses","publisher":{"@id":"https:\/\/nebraskademocrats.org\/#organization"},"potentialAction":[{"@type":"SearchAction","target":{"@type":"EntryPoint","urlTemplate":"https:\/\/nebraskademocrats.org\/?s={search_term_string}"},"query-input":{"@type":"PropertyValueSpecification","valueRequired":true,"valueName":"search_term_string"}}],"inLanguage":"es"},{"@type":"Organization","@id":"https:\/\/nebraskademocrats.org\/#organization","name":"Partido Dem\u00f3crata de Nebraska","url":"https:\/\/nebraskademocrats.org\/","logo":{"@type":"ImageObject","inLanguage":"es","@id":"https:\/\/nebraskademocrats.org\/#\/schema\/logo\/image\/","url":"https:\/\/nebraskadem.wpenginepowered.com\/wp-content\/uploads\/2016\/05\/NDP2.jpg","contentUrl":"https:\/\/nebraskadem.wpenginepowered.com\/wp-content\/uploads\/2016\/05\/NDP2.jpg","width":1000,"height":396,"caption":"Nebraska Democratic Party"},"image":{"@id":"https:\/\/nebraskademocrats.org\/#\/schema\/logo\/image\/"},"sameAs":["https:\/\/www.facebook.com\/NebraskaDemocraticParty\/","https:\/\/x.com\/nebraskadems"]},{"@type":"Person","@id":"https:\/\/nebraskademocrats.org\/#\/schema\/person\/33e011ea0795f404810dc40828bcf289","name":"Precioso McKesson","image":{"@type":"ImageObject","inLanguage":"es","@id":"https:\/\/secure.gravatar.com\/avatar\/35046e19b3373116ec64c07d386d3312028d3820dc0ffe65c344bcebc8ea9194?s=96&d=mm&r=g","url":"https:\/\/secure.gravatar.com\/avatar\/35046e19b3373116ec64c07d386d3312028d3820dc0ffe65c344bcebc8ea9194?s=96&d=mm&r=g","contentUrl":"https:\/\/secure.gravatar.com\/avatar\/35046e19b3373116ec64c07d386d3312028d3820dc0ffe65c344bcebc8ea9194?s=96&d=mm&r=g","caption":"Precious McKesson"}}]}},"_links":{"self":[{"href":"https:\/\/nebraskademocrats.org\/es\/wp-json\/wp\/v2\/posts\/29570","targetHints":{"allow":["GET"]}}],"collection":[{"href":"https:\/\/nebraskademocrats.org\/es\/wp-json\/wp\/v2\/posts"}],"about":[{"href":"https:\/\/nebraskademocrats.org\/es\/wp-json\/wp\/v2\/types\/post"}],"author":[{"embeddable":true,"href":"https:\/\/nebraskademocrats.org\/es\/wp-json\/wp\/v2\/users\/19"}],"replies":[{"embeddable":true,"href":"https:\/\/nebraskademocrats.org\/es\/wp-json\/wp\/v2\/comments?post=29570"}],"version-history":[{"count":0,"href":"https:\/\/nebraskademocrats.org\/es\/wp-json\/wp\/v2\/posts\/29570\/revisions"}],"wp:attachment":[{"href":"https:\/\/nebraskademocrats.org\/es\/wp-json\/wp\/v2\/media?parent=29570"}],"wp:term":[{"taxonomy":"category","embeddable":true,"href":"https:\/\/nebraskademocrats.org\/es\/wp-json\/wp\/v2\/categories?post=29570"},{"taxonomy":"post_tag","embeddable":true,"href":"https:\/\/nebraskademocrats.org\/es\/wp-json\/wp\/v2\/tags?post=29570"}],"curies":[{"name":"wp","href":"https:\/\/api.w.org\/{rel}","templated":true}]}}