{"id":33147,"date":"2021-05-25T13:57:45","date_gmt":"2021-05-25T18:57:45","guid":{"rendered":"https:\/\/nebraskadem.wpenginepowered.com\/?p=33147"},"modified":"2021-05-25T13:57:45","modified_gmt":"2021-05-25T18:57:45","slug":"press-release-nebraska-democratic-party-leaders-honor-the-anniversary-of-george-floyds-murder","status":"publish","type":"post","link":"https:\/\/nebraskademocrats.org\/es\/blog\/press-release-nebraska-democratic-party-leaders-honor-the-anniversary-of-george-floyds-murder\/","title":{"rendered":"Comunicado de prensa: Los l\u00edderes de Nebraska Democratic Party honran el aniversario del asesinato de George Floyd"},"content":{"rendered":"<p><span style=\"font-weight: 400;\">Los l\u00edderes del NDP opinaron el martes cuando la naci\u00f3n conmemoraba el primer aniversario de la muerte de George Floyd a manos de la polic\u00eda de Minneapolis.<\/span><\/p>\n<p><span style=\"font-weight: 400;\">Floyd fue asesinado cuando el oficial de polic\u00eda Derek Chauvin le puso una rodilla en el cuello durante m\u00e1s de nueve minutos.<\/span><\/p>\n<p><span style=\"font-weight: 400;\">\u201cMantenemos a George Floyd y su familia en nuestras oraciones\u201d, dijo Spencer Danner, vicepresidente del NDP. &quot;Debemos recordar que hay mucho trabajo por hacer para lograr la rendici\u00f3n de cuentas en nombre de George Floyd, Daunte Wright, Breonna Taylor y muchos otros que han sido asesinados&quot;.<\/span><\/p>\n<p><span style=\"font-weight: 400;\">Charlene Ligon, quien se desempe\u00f1a como mujer del Comit\u00e9 Nacional Dem\u00f3crata y\u00a0<\/span><span style=\"font-weight: 400;\">El presidente del Partido Dem\u00f3crata del Condado de Sarpy, dijo que el racismo sist\u00e9mico debe ser eliminado.\u00a0<\/span><\/p>\n<p><span style=\"font-weight: 400;\">&quot;Nadie deber\u00eda estar en riesgo debido al color de su piel&quot;, dijo Ligon. \u201cDebemos hacer lo que sea necesario. Los legisladores republicanos deben unirse a los dem\u00f3cratas para aprobar la Ley de Justicia en la Polic\u00eda de George Floyd &quot;.<\/span><\/p>","protected":false},"excerpt":{"rendered":"<p>NDP leaders weighed in Tuesday as the nation marked the one-year anniversary of the death of George Floyd at the hands of Minneapolis police. Floyd was murdered when police officer, Derek Chauvin, held a knee to his neck for more than nine minutes. \u201cWe keep George Floyd and his family in our prayers,\u2019\u2019 said NDP &#8230; <a title=\"Comunicado de prensa: Los l\u00edderes de Nebraska Democratic Party honran el aniversario del asesinato de George Floyd\" class=\"read-more\" href=\"https:\/\/nebraskademocrats.org\/es\/blog\/press-release-nebraska-democratic-party-leaders-honor-the-anniversary-of-george-floyds-murder\/\" aria-label=\"More on Press Release: Nebraska Democratic Party leaders honor the anniversary of George Floyd\u2019s murder\">Lee mas<\/a><\/p>","protected":false},"author":19,"featured_media":0,"comment_status":"closed","ping_status":"closed","sticky":false,"template":"","format":"standard","meta":{"_acf_changed":false,"_exactmetrics_skip_tracking":false,"_exactmetrics_sitenote_active":false,"_exactmetrics_sitenote_note":"","_exactmetrics_sitenote_category":0,"footnotes":""},"categories":[1],"tags":[],"class_list":["post-33147","post","type-post","status-publish","format-standard","hentry","category-blog"],"acf":[],"yoast_head":"<!-- This site is optimized with the Yoast SEO plugin v27.4 - https:\/\/yoast.com\/product\/yoast-seo-wordpress\/ -->\n<title>Press Release: Nebraska Democratic Party leaders honor the anniversary of George Floyd\u2019s murder &#8211; Nebraska Democratic Party<\/title>\n<meta name=\"robots\" content=\"index, follow, max-snippet:-1, max-image-preview:large, max-video-preview:-1\" \/>\n<link rel=\"canonical\" href=\"https:\/\/nebraskademocrats.org\/es\/blog\/press-release-nebraska-democratic-party-leaders-honor-the-anniversary-of-george-floyds-murder\/\" \/>\n<meta property=\"og:locale\" content=\"es_MX\" \/>\n<meta property=\"og:type\" content=\"article\" \/>\n<meta property=\"og:title\" content=\"Press Release: Nebraska Democratic Party leaders honor the anniversary of George Floyd\u2019s murder &#8211; Nebraska Democratic Party\" \/>\n<meta property=\"og:description\" content=\"NDP leaders weighed in Tuesday as the nation marked the one-year anniversary of the death of George Floyd at the hands of Minneapolis police. Floyd was murdered when police officer, Derek Chauvin, held a knee to his neck for more than nine minutes. \u201cWe keep George Floyd and his family in our prayers,\u2019\u2019 said NDP ... Read more\" \/>\n<meta property=\"og:url\" content=\"https:\/\/nebraskademocrats.org\/es\/blog\/press-release-nebraska-democratic-party-leaders-honor-the-anniversary-of-george-floyds-murder\/\" \/>\n<meta property=\"og:site_name\" content=\"Nebraska Democratic Party\" \/>\n<meta property=\"article:publisher\" content=\"https:\/\/www.facebook.com\/NebraskaDemocraticParty\/\" \/>\n<meta property=\"article:published_time\" content=\"2021-05-25T18:57:45+00:00\" \/>\n<meta property=\"og:image\" content=\"https:\/\/nebraskademocrats.org\/wp-content\/uploads\/2018\/09\/ne-dems-fb.jpg\" \/>\n\t<meta property=\"og:image:width\" content=\"1200\" \/>\n\t<meta property=\"og:image:height\" content=\"630\" \/>\n\t<meta property=\"og:image:type\" content=\"image\/jpeg\" \/>\n<meta name=\"author\" content=\"Precious McKesson\" \/>\n<meta name=\"twitter:card\" content=\"summary_large_image\" \/>\n<meta name=\"twitter:creator\" content=\"@nebraskadems\" \/>\n<meta name=\"twitter:site\" content=\"@nebraskadems\" \/>\n<meta name=\"twitter:label1\" content=\"Escrito por\" \/>\n\t<meta name=\"twitter:data1\" content=\"Precious McKesson\" \/>\n\t<meta name=\"twitter:label2\" content=\"Tiempo de lectura\" \/>\n\t<meta name=\"twitter:data2\" content=\"1 minuto\" \/>\n<script type=\"application\/ld+json\" class=\"yoast-schema-graph\">{\"@context\":\"https:\\\/\\\/schema.org\",\"@graph\":[{\"@type\":\"Article\",\"@id\":\"https:\\\/\\\/nebraskademocrats.org\\\/blog\\\/press-release-nebraska-democratic-party-leaders-honor-the-anniversary-of-george-floyds-murder\\\/#article\",\"isPartOf\":{\"@id\":\"https:\\\/\\\/nebraskademocrats.org\\\/blog\\\/press-release-nebraska-democratic-party-leaders-honor-the-anniversary-of-george-floyds-murder\\\/\"},\"author\":{\"name\":\"Precious McKesson\",\"@id\":\"https:\\\/\\\/nebraskademocrats.org\\\/#\\\/schema\\\/person\\\/33e011ea0795f404810dc40828bcf289\"},\"headline\":\"Press Release: Nebraska Democratic Party leaders honor the anniversary of George Floyd\u2019s murder\",\"datePublished\":\"2021-05-25T18:57:45+00:00\",\"mainEntityOfPage\":{\"@id\":\"https:\\\/\\\/nebraskademocrats.org\\\/blog\\\/press-release-nebraska-democratic-party-leaders-honor-the-anniversary-of-george-floyds-murder\\\/\"},\"wordCount\":163,\"publisher\":{\"@id\":\"https:\\\/\\\/nebraskademocrats.org\\\/#organization\"},\"articleSection\":[\"NDP Blog\"],\"inLanguage\":\"es\"},{\"@type\":\"WebPage\",\"@id\":\"https:\\\/\\\/nebraskademocrats.org\\\/blog\\\/press-release-nebraska-democratic-party-leaders-honor-the-anniversary-of-george-floyds-murder\\\/\",\"url\":\"https:\\\/\\\/nebraskademocrats.org\\\/blog\\\/press-release-nebraska-democratic-party-leaders-honor-the-anniversary-of-george-floyds-murder\\\/\",\"name\":\"Press Release: Nebraska Democratic Party leaders honor the anniversary of George Floyd\u2019s murder &#8211; Nebraska Democratic Party\",\"isPartOf\":{\"@id\":\"https:\\\/\\\/nebraskademocrats.org\\\/#website\"},\"datePublished\":\"2021-05-25T18:57:45+00:00\",\"breadcrumb\":{\"@id\":\"https:\\\/\\\/nebraskademocrats.org\\\/blog\\\/press-release-nebraska-democratic-party-leaders-honor-the-anniversary-of-george-floyds-murder\\\/#breadcrumb\"},\"inLanguage\":\"es\",\"potentialAction\":[{\"@type\":\"ReadAction\",\"target\":[\"https:\\\/\\\/nebraskademocrats.org\\\/blog\\\/press-release-nebraska-democratic-party-leaders-honor-the-anniversary-of-george-floyds-murder\\\/\"]}]},{\"@type\":\"BreadcrumbList\",\"@id\":\"https:\\\/\\\/nebraskademocrats.org\\\/blog\\\/press-release-nebraska-democratic-party-leaders-honor-the-anniversary-of-george-floyds-murder\\\/#breadcrumb\",\"itemListElement\":[{\"@type\":\"ListItem\",\"position\":1,\"name\":\"Home\",\"item\":\"https:\\\/\\\/nebraskademocrats.org\\\/\"},{\"@type\":\"ListItem\",\"position\":2,\"name\":\"Press Release: Nebraska Democratic Party leaders honor the anniversary of George Floyd\u2019s murder\"}]},{\"@type\":\"WebSite\",\"@id\":\"https:\\\/\\\/nebraskademocrats.org\\\/#website\",\"url\":\"https:\\\/\\\/nebraskademocrats.org\\\/\",\"name\":\"Nebraska Democratic Party\",\"description\":\"Growing the Good Life for All Nebraskans\",\"publisher\":{\"@id\":\"https:\\\/\\\/nebraskademocrats.org\\\/#organization\"},\"potentialAction\":[{\"@type\":\"SearchAction\",\"target\":{\"@type\":\"EntryPoint\",\"urlTemplate\":\"https:\\\/\\\/nebraskademocrats.org\\\/?s={search_term_string}\"},\"query-input\":{\"@type\":\"PropertyValueSpecification\",\"valueRequired\":true,\"valueName\":\"search_term_string\"}}],\"inLanguage\":\"es\"},{\"@type\":\"Organization\",\"@id\":\"https:\\\/\\\/nebraskademocrats.org\\\/#organization\",\"name\":\"Nebraska Democratic Party\",\"url\":\"https:\\\/\\\/nebraskademocrats.org\\\/\",\"logo\":{\"@type\":\"ImageObject\",\"inLanguage\":\"es\",\"@id\":\"https:\\\/\\\/nebraskademocrats.org\\\/#\\\/schema\\\/logo\\\/image\\\/\",\"url\":\"https:\\\/\\\/nebraskadem.wpenginepowered.com\\\/wp-content\\\/uploads\\\/2016\\\/05\\\/NDP2.jpg\",\"contentUrl\":\"https:\\\/\\\/nebraskadem.wpenginepowered.com\\\/wp-content\\\/uploads\\\/2016\\\/05\\\/NDP2.jpg\",\"width\":1000,\"height\":396,\"caption\":\"Nebraska Democratic Party\"},\"image\":{\"@id\":\"https:\\\/\\\/nebraskademocrats.org\\\/#\\\/schema\\\/logo\\\/image\\\/\"},\"sameAs\":[\"https:\\\/\\\/www.facebook.com\\\/NebraskaDemocraticParty\\\/\",\"https:\\\/\\\/x.com\\\/nebraskadems\"]},{\"@type\":\"Person\",\"@id\":\"https:\\\/\\\/nebraskademocrats.org\\\/#\\\/schema\\\/person\\\/33e011ea0795f404810dc40828bcf289\",\"name\":\"Precious McKesson\",\"image\":{\"@type\":\"ImageObject\",\"inLanguage\":\"es\",\"@id\":\"https:\\\/\\\/secure.gravatar.com\\\/avatar\\\/35046e19b3373116ec64c07d386d3312028d3820dc0ffe65c344bcebc8ea9194?s=96&d=mm&r=g\",\"url\":\"https:\\\/\\\/secure.gravatar.com\\\/avatar\\\/35046e19b3373116ec64c07d386d3312028d3820dc0ffe65c344bcebc8ea9194?s=96&d=mm&r=g\",\"contentUrl\":\"https:\\\/\\\/secure.gravatar.com\\\/avatar\\\/35046e19b3373116ec64c07d386d3312028d3820dc0ffe65c344bcebc8ea9194?s=96&d=mm&r=g\",\"caption\":\"Precious McKesson\"}}]}<\/script>\n<!-- \/ Yoast SEO plugin. -->","yoast_head_json":{"title":"Press Release: Nebraska Democratic Party leaders honor the anniversary of George Floyd\u2019s murder &#8211; Nebraska Democratic Party","robots":{"index":"index","follow":"follow","max-snippet":"max-snippet:-1","max-image-preview":"max-image-preview:large","max-video-preview":"max-video-preview:-1"},"canonical":"https:\/\/nebraskademocrats.org\/es\/blog\/press-release-nebraska-democratic-party-leaders-honor-the-anniversary-of-george-floyds-murder\/","og_locale":"es_MX","og_type":"article","og_title":"Press Release: Nebraska Democratic Party leaders honor the anniversary of George Floyd\u2019s murder &#8211; Nebraska Democratic Party","og_description":"NDP leaders weighed in Tuesday as the nation marked the one-year anniversary of the death of George Floyd at the hands of Minneapolis police. Floyd was murdered when police officer, Derek Chauvin, held a knee to his neck for more than nine minutes. \u201cWe keep George Floyd and his family in our prayers,\u2019\u2019 said NDP ... Read more","og_url":"https:\/\/nebraskademocrats.org\/es\/blog\/press-release-nebraska-democratic-party-leaders-honor-the-anniversary-of-george-floyds-murder\/","og_site_name":"Nebraska Democratic Party","article_publisher":"https:\/\/www.facebook.com\/NebraskaDemocraticParty\/","article_published_time":"2021-05-25T18:57:45+00:00","og_image":[{"width":1200,"height":630,"url":"https:\/\/nebraskademocrats.org\/wp-content\/uploads\/2018\/09\/ne-dems-fb.jpg","type":"image\/jpeg"}],"author":"Precious McKesson","twitter_card":"summary_large_image","twitter_creator":"@nebraskadems","twitter_site":"@nebraskadems","twitter_misc":{"Escrito por":"Precious McKesson","Tiempo de lectura":"1 minuto"},"schema":{"@context":"https:\/\/schema.org","@graph":[{"@type":"Article","@id":"https:\/\/nebraskademocrats.org\/blog\/press-release-nebraska-democratic-party-leaders-honor-the-anniversary-of-george-floyds-murder\/#article","isPartOf":{"@id":"https:\/\/nebraskademocrats.org\/blog\/press-release-nebraska-democratic-party-leaders-honor-the-anniversary-of-george-floyds-murder\/"},"author":{"name":"Precious McKesson","@id":"https:\/\/nebraskademocrats.org\/#\/schema\/person\/33e011ea0795f404810dc40828bcf289"},"headline":"Press Release: Nebraska Democratic Party leaders honor the anniversary of George Floyd\u2019s murder","datePublished":"2021-05-25T18:57:45+00:00","mainEntityOfPage":{"@id":"https:\/\/nebraskademocrats.org\/blog\/press-release-nebraska-democratic-party-leaders-honor-the-anniversary-of-george-floyds-murder\/"},"wordCount":163,"publisher":{"@id":"https:\/\/nebraskademocrats.org\/#organization"},"articleSection":["NDP Blog"],"inLanguage":"es"},{"@type":"WebPage","@id":"https:\/\/nebraskademocrats.org\/blog\/press-release-nebraska-democratic-party-leaders-honor-the-anniversary-of-george-floyds-murder\/","url":"https:\/\/nebraskademocrats.org\/blog\/press-release-nebraska-democratic-party-leaders-honor-the-anniversary-of-george-floyds-murder\/","name":"Press Release: Nebraska Democratic Party leaders honor the anniversary of George Floyd\u2019s murder &#8211; Nebraska Democratic Party","isPartOf":{"@id":"https:\/\/nebraskademocrats.org\/#website"},"datePublished":"2021-05-25T18:57:45+00:00","breadcrumb":{"@id":"https:\/\/nebraskademocrats.org\/blog\/press-release-nebraska-democratic-party-leaders-honor-the-anniversary-of-george-floyds-murder\/#breadcrumb"},"inLanguage":"es","potentialAction":[{"@type":"ReadAction","target":["https:\/\/nebraskademocrats.org\/blog\/press-release-nebraska-democratic-party-leaders-honor-the-anniversary-of-george-floyds-murder\/"]}]},{"@type":"BreadcrumbList","@id":"https:\/\/nebraskademocrats.org\/blog\/press-release-nebraska-democratic-party-leaders-honor-the-anniversary-of-george-floyds-murder\/#breadcrumb","itemListElement":[{"@type":"ListItem","position":1,"name":"Home","item":"https:\/\/nebraskademocrats.org\/"},{"@type":"ListItem","position":2,"name":"Press Release: Nebraska Democratic Party leaders honor the anniversary of George Floyd\u2019s murder"}]},{"@type":"WebSite","@id":"https:\/\/nebraskademocrats.org\/#website","url":"https:\/\/nebraskademocrats.org\/","name":"Partido Dem\u00f3crata de Nebraska","description":"Cultivando la buena vida para todos los nebraskenses","publisher":{"@id":"https:\/\/nebraskademocrats.org\/#organization"},"potentialAction":[{"@type":"SearchAction","target":{"@type":"EntryPoint","urlTemplate":"https:\/\/nebraskademocrats.org\/?s={search_term_string}"},"query-input":{"@type":"PropertyValueSpecification","valueRequired":true,"valueName":"search_term_string"}}],"inLanguage":"es"},{"@type":"Organization","@id":"https:\/\/nebraskademocrats.org\/#organization","name":"Partido Dem\u00f3crata de Nebraska","url":"https:\/\/nebraskademocrats.org\/","logo":{"@type":"ImageObject","inLanguage":"es","@id":"https:\/\/nebraskademocrats.org\/#\/schema\/logo\/image\/","url":"https:\/\/nebraskadem.wpenginepowered.com\/wp-content\/uploads\/2016\/05\/NDP2.jpg","contentUrl":"https:\/\/nebraskadem.wpenginepowered.com\/wp-content\/uploads\/2016\/05\/NDP2.jpg","width":1000,"height":396,"caption":"Nebraska Democratic Party"},"image":{"@id":"https:\/\/nebraskademocrats.org\/#\/schema\/logo\/image\/"},"sameAs":["https:\/\/www.facebook.com\/NebraskaDemocraticParty\/","https:\/\/x.com\/nebraskadems"]},{"@type":"Person","@id":"https:\/\/nebraskademocrats.org\/#\/schema\/person\/33e011ea0795f404810dc40828bcf289","name":"Precioso McKesson","image":{"@type":"ImageObject","inLanguage":"es","@id":"https:\/\/secure.gravatar.com\/avatar\/35046e19b3373116ec64c07d386d3312028d3820dc0ffe65c344bcebc8ea9194?s=96&d=mm&r=g","url":"https:\/\/secure.gravatar.com\/avatar\/35046e19b3373116ec64c07d386d3312028d3820dc0ffe65c344bcebc8ea9194?s=96&d=mm&r=g","contentUrl":"https:\/\/secure.gravatar.com\/avatar\/35046e19b3373116ec64c07d386d3312028d3820dc0ffe65c344bcebc8ea9194?s=96&d=mm&r=g","caption":"Precious McKesson"}}]}},"_links":{"self":[{"href":"https:\/\/nebraskademocrats.org\/es\/wp-json\/wp\/v2\/posts\/33147","targetHints":{"allow":["GET"]}}],"collection":[{"href":"https:\/\/nebraskademocrats.org\/es\/wp-json\/wp\/v2\/posts"}],"about":[{"href":"https:\/\/nebraskademocrats.org\/es\/wp-json\/wp\/v2\/types\/post"}],"author":[{"embeddable":true,"href":"https:\/\/nebraskademocrats.org\/es\/wp-json\/wp\/v2\/users\/19"}],"replies":[{"embeddable":true,"href":"https:\/\/nebraskademocrats.org\/es\/wp-json\/wp\/v2\/comments?post=33147"}],"version-history":[{"count":0,"href":"https:\/\/nebraskademocrats.org\/es\/wp-json\/wp\/v2\/posts\/33147\/revisions"}],"wp:attachment":[{"href":"https:\/\/nebraskademocrats.org\/es\/wp-json\/wp\/v2\/media?parent=33147"}],"wp:term":[{"taxonomy":"category","embeddable":true,"href":"https:\/\/nebraskademocrats.org\/es\/wp-json\/wp\/v2\/categories?post=33147"},{"taxonomy":"post_tag","embeddable":true,"href":"https:\/\/nebraskademocrats.org\/es\/wp-json\/wp\/v2\/tags?post=33147"}],"curies":[{"name":"wp","href":"https:\/\/api.w.org\/{rel}","templated":true}]}}