{"id":33844,"date":"2021-07-29T11:13:32","date_gmt":"2021-07-29T16:13:32","guid":{"rendered":"https:\/\/nebraskadem.wpenginepowered.com\/?p=33844"},"modified":"2021-07-29T11:13:32","modified_gmt":"2021-07-29T16:13:32","slug":"press-release-ndps-kleeb-hails-agreement-on-infrastructure-measure-blasts-sasse-and-fischer-for-opposition","status":"publish","type":"post","link":"https:\/\/nebraskademocrats.org\/es\/press-releases\/press-release-ndps-kleeb-hails-agreement-on-infrastructure-measure-blasts-sasse-and-fischer-for-opposition\/","title":{"rendered":"Comunicado de prensa: Kleeb del NDP elogia el acuerdo sobre la medida de infraestructura, critica a Sasse y Fischer por su oposici\u00f3n"},"content":{"rendered":"<p><span style=\"font-weight: 400;\">La presidenta del NDP, Jane Kleeb, elogi\u00f3 el progreso logrado el mi\u00e9rcoles en el Senado de los Estados Unidos para avanzar hacia la aprobaci\u00f3n del proyecto de ley bipartidista de infraestructura $1 bill\u00f3n, pero llam\u00f3 a los senadores Ben Sasse y Deb Fischer por no apoyar la medida.<\/span><\/p>\n<p><span style=\"font-weight: 400;\">Sasse y Fischer no se unieron a los 17 legisladores republicanos que votaron con los dem\u00f3cratas para enviar la medida a una votaci\u00f3n final.<\/span><span style=\"font-weight: 400;\"><br \/>\n<\/span><span style=\"font-weight: 400;\"><br \/>\n<\/span><span style=\"font-weight: 400;\">\u201cSens. Sasse y Fischer no pudieron reunir la fuerza para cruzar el pasillo y hacer avanzar este proyecto de ley de infraestructura hist\u00f3rica \u201d, dijo Kleeb. \u201cLa legislaci\u00f3n audaz y bipartidista har\u00e1 crecer la econom\u00eda, crear\u00e1 buenos empleos, mejorar\u00e1 nuestra competitividad y har\u00e1 que nuestra econom\u00eda sea m\u00e1s sostenible, resistente y justa. Crear\u00e1 empleos sindicales bien remunerados, con m\u00e1s del 80 por ciento de sus fondos cubiertos por disposiciones sobre salarios vigentes que requieren que los empleos creados proporcionen salarios y beneficios justos.<\/span><\/p>\n<p><span style=\"font-weight: 400;\">\u201cEl proyecto de ley de infraestructura es bueno para Estados Unidos y bueno para Nebraska. Es una l\u00e1stima, los senadores Sasse y Fischer solo se preocupan por lo que es bueno para sus grandes donantes y su base de votantes radicales \u201d, dijo Kleeb.<\/p>\n<p><\/span><span style=\"font-weight: 400;\">Propuesta por primera vez por el presidente Joe Biden, la medida reconstruir\u00e1 las carreteras, puentes, sistemas de agua y transporte p\u00fablico en ruinas de Estados Unidos, entre otras cosas. Se espera que el Senado d\u00e9 la aprobaci\u00f3n final a la medida en los pr\u00f3ximos d\u00edas.<\/span><\/p>","protected":false},"excerpt":{"rendered":"<p>NDP Chair Jane Kleeb hailed progress made Wednesday in the U.S. Senate to move toward passage of the bipartisan, $1 trillion infrastructure bill, but called out Sens. Ben Sasse and Deb Fischer for not supporting the measure. Sasse and Fischer did not join the 17 GOP lawmakers who voted with Democrats to send the measure &#8230; <a title=\"Comunicado de prensa: Kleeb del NDP elogia el acuerdo sobre la medida de infraestructura, critica a Sasse y Fischer por su oposici\u00f3n\" class=\"read-more\" href=\"https:\/\/nebraskademocrats.org\/es\/press-releases\/press-release-ndps-kleeb-hails-agreement-on-infrastructure-measure-blasts-sasse-and-fischer-for-opposition\/\" aria-label=\"More on Press release: NDP\u2019s Kleeb hails agreement on infrastructure measure, blasts Sasse and Fischer for opposition\">Lee mas<\/a><\/p>","protected":false},"author":19,"featured_media":0,"comment_status":"closed","ping_status":"closed","sticky":false,"template":"","format":"standard","meta":{"_acf_changed":false,"_exactmetrics_skip_tracking":false,"_exactmetrics_sitenote_active":false,"_exactmetrics_sitenote_note":"","_exactmetrics_sitenote_category":0,"footnotes":""},"categories":[4],"tags":[],"class_list":["post-33844","post","type-post","status-publish","format-standard","hentry","category-press-releases"],"acf":[],"yoast_head":"<!-- This site is optimized with the Yoast SEO plugin v27.4 - https:\/\/yoast.com\/product\/yoast-seo-wordpress\/ -->\n<title>Press release: NDP\u2019s Kleeb hails agreement on infrastructure measure, blasts Sasse and Fischer for opposition &#8211; Nebraska Democratic Party<\/title>\n<meta name=\"robots\" content=\"index, follow, max-snippet:-1, max-image-preview:large, max-video-preview:-1\" \/>\n<link rel=\"canonical\" href=\"https:\/\/nebraskademocrats.org\/es\/press-releases\/press-release-ndps-kleeb-hails-agreement-on-infrastructure-measure-blasts-sasse-and-fischer-for-opposition\/\" \/>\n<meta property=\"og:locale\" content=\"es_MX\" \/>\n<meta property=\"og:type\" content=\"article\" \/>\n<meta property=\"og:title\" content=\"Press release: NDP\u2019s Kleeb hails agreement on infrastructure measure, blasts Sasse and Fischer for opposition &#8211; Nebraska Democratic Party\" \/>\n<meta property=\"og:description\" content=\"NDP Chair Jane Kleeb hailed progress made Wednesday in the U.S. Senate to move toward passage of the bipartisan, $1 trillion infrastructure bill, but called out Sens. Ben Sasse and Deb Fischer for not supporting the measure. Sasse and Fischer did not join the 17 GOP lawmakers who voted with Democrats to send the measure ... Read more\" \/>\n<meta property=\"og:url\" content=\"https:\/\/nebraskademocrats.org\/es\/press-releases\/press-release-ndps-kleeb-hails-agreement-on-infrastructure-measure-blasts-sasse-and-fischer-for-opposition\/\" \/>\n<meta property=\"og:site_name\" content=\"Nebraska Democratic Party\" \/>\n<meta property=\"article:publisher\" content=\"https:\/\/www.facebook.com\/NebraskaDemocraticParty\/\" \/>\n<meta property=\"article:published_time\" content=\"2021-07-29T16:13:32+00:00\" \/>\n<meta property=\"og:image\" content=\"https:\/\/nebraskademocrats.org\/wp-content\/uploads\/2018\/09\/ne-dems-fb.jpg\" \/>\n\t<meta property=\"og:image:width\" content=\"1200\" \/>\n\t<meta property=\"og:image:height\" content=\"630\" \/>\n\t<meta property=\"og:image:type\" content=\"image\/jpeg\" \/>\n<meta name=\"author\" content=\"Precious McKesson\" \/>\n<meta name=\"twitter:card\" content=\"summary_large_image\" \/>\n<meta name=\"twitter:creator\" content=\"@nebraskadems\" \/>\n<meta name=\"twitter:site\" content=\"@nebraskadems\" \/>\n<meta name=\"twitter:label1\" content=\"Escrito por\" \/>\n\t<meta name=\"twitter:data1\" content=\"Precious McKesson\" \/>\n\t<meta name=\"twitter:label2\" content=\"Tiempo de lectura\" \/>\n\t<meta name=\"twitter:data2\" content=\"1 minuto\" \/>\n<script type=\"application\/ld+json\" class=\"yoast-schema-graph\">{\"@context\":\"https:\\\/\\\/schema.org\",\"@graph\":[{\"@type\":\"Article\",\"@id\":\"https:\\\/\\\/nebraskademocrats.org\\\/press-releases\\\/press-release-ndps-kleeb-hails-agreement-on-infrastructure-measure-blasts-sasse-and-fischer-for-opposition\\\/#article\",\"isPartOf\":{\"@id\":\"https:\\\/\\\/nebraskademocrats.org\\\/press-releases\\\/press-release-ndps-kleeb-hails-agreement-on-infrastructure-measure-blasts-sasse-and-fischer-for-opposition\\\/\"},\"author\":{\"name\":\"Precious McKesson\",\"@id\":\"https:\\\/\\\/nebraskademocrats.org\\\/#\\\/schema\\\/person\\\/33e011ea0795f404810dc40828bcf289\"},\"headline\":\"Press release: NDP\u2019s Kleeb hails agreement on infrastructure measure, blasts Sasse and Fischer for opposition\",\"datePublished\":\"2021-07-29T16:13:32+00:00\",\"mainEntityOfPage\":{\"@id\":\"https:\\\/\\\/nebraskademocrats.org\\\/press-releases\\\/press-release-ndps-kleeb-hails-agreement-on-infrastructure-measure-blasts-sasse-and-fischer-for-opposition\\\/\"},\"wordCount\":223,\"publisher\":{\"@id\":\"https:\\\/\\\/nebraskademocrats.org\\\/#organization\"},\"articleSection\":[\"Press Releases\"],\"inLanguage\":\"es\"},{\"@type\":\"WebPage\",\"@id\":\"https:\\\/\\\/nebraskademocrats.org\\\/press-releases\\\/press-release-ndps-kleeb-hails-agreement-on-infrastructure-measure-blasts-sasse-and-fischer-for-opposition\\\/\",\"url\":\"https:\\\/\\\/nebraskademocrats.org\\\/press-releases\\\/press-release-ndps-kleeb-hails-agreement-on-infrastructure-measure-blasts-sasse-and-fischer-for-opposition\\\/\",\"name\":\"Press release: NDP\u2019s Kleeb hails agreement on infrastructure measure, blasts Sasse and Fischer for opposition &#8211; Nebraska Democratic Party\",\"isPartOf\":{\"@id\":\"https:\\\/\\\/nebraskademocrats.org\\\/#website\"},\"datePublished\":\"2021-07-29T16:13:32+00:00\",\"breadcrumb\":{\"@id\":\"https:\\\/\\\/nebraskademocrats.org\\\/press-releases\\\/press-release-ndps-kleeb-hails-agreement-on-infrastructure-measure-blasts-sasse-and-fischer-for-opposition\\\/#breadcrumb\"},\"inLanguage\":\"es\",\"potentialAction\":[{\"@type\":\"ReadAction\",\"target\":[\"https:\\\/\\\/nebraskademocrats.org\\\/press-releases\\\/press-release-ndps-kleeb-hails-agreement-on-infrastructure-measure-blasts-sasse-and-fischer-for-opposition\\\/\"]}]},{\"@type\":\"BreadcrumbList\",\"@id\":\"https:\\\/\\\/nebraskademocrats.org\\\/press-releases\\\/press-release-ndps-kleeb-hails-agreement-on-infrastructure-measure-blasts-sasse-and-fischer-for-opposition\\\/#breadcrumb\",\"itemListElement\":[{\"@type\":\"ListItem\",\"position\":1,\"name\":\"Home\",\"item\":\"https:\\\/\\\/nebraskademocrats.org\\\/\"},{\"@type\":\"ListItem\",\"position\":2,\"name\":\"Press release: NDP\u2019s Kleeb hails agreement on infrastructure measure, blasts Sasse and Fischer for opposition\"}]},{\"@type\":\"WebSite\",\"@id\":\"https:\\\/\\\/nebraskademocrats.org\\\/#website\",\"url\":\"https:\\\/\\\/nebraskademocrats.org\\\/\",\"name\":\"Nebraska Democratic Party\",\"description\":\"Growing the Good Life for All Nebraskans\",\"publisher\":{\"@id\":\"https:\\\/\\\/nebraskademocrats.org\\\/#organization\"},\"potentialAction\":[{\"@type\":\"SearchAction\",\"target\":{\"@type\":\"EntryPoint\",\"urlTemplate\":\"https:\\\/\\\/nebraskademocrats.org\\\/?s={search_term_string}\"},\"query-input\":{\"@type\":\"PropertyValueSpecification\",\"valueRequired\":true,\"valueName\":\"search_term_string\"}}],\"inLanguage\":\"es\"},{\"@type\":\"Organization\",\"@id\":\"https:\\\/\\\/nebraskademocrats.org\\\/#organization\",\"name\":\"Nebraska Democratic Party\",\"url\":\"https:\\\/\\\/nebraskademocrats.org\\\/\",\"logo\":{\"@type\":\"ImageObject\",\"inLanguage\":\"es\",\"@id\":\"https:\\\/\\\/nebraskademocrats.org\\\/#\\\/schema\\\/logo\\\/image\\\/\",\"url\":\"https:\\\/\\\/nebraskadem.wpenginepowered.com\\\/wp-content\\\/uploads\\\/2016\\\/05\\\/NDP2.jpg\",\"contentUrl\":\"https:\\\/\\\/nebraskadem.wpenginepowered.com\\\/wp-content\\\/uploads\\\/2016\\\/05\\\/NDP2.jpg\",\"width\":1000,\"height\":396,\"caption\":\"Nebraska Democratic Party\"},\"image\":{\"@id\":\"https:\\\/\\\/nebraskademocrats.org\\\/#\\\/schema\\\/logo\\\/image\\\/\"},\"sameAs\":[\"https:\\\/\\\/www.facebook.com\\\/NebraskaDemocraticParty\\\/\",\"https:\\\/\\\/x.com\\\/nebraskadems\"]},{\"@type\":\"Person\",\"@id\":\"https:\\\/\\\/nebraskademocrats.org\\\/#\\\/schema\\\/person\\\/33e011ea0795f404810dc40828bcf289\",\"name\":\"Precious McKesson\",\"image\":{\"@type\":\"ImageObject\",\"inLanguage\":\"es\",\"@id\":\"https:\\\/\\\/secure.gravatar.com\\\/avatar\\\/35046e19b3373116ec64c07d386d3312028d3820dc0ffe65c344bcebc8ea9194?s=96&d=mm&r=g\",\"url\":\"https:\\\/\\\/secure.gravatar.com\\\/avatar\\\/35046e19b3373116ec64c07d386d3312028d3820dc0ffe65c344bcebc8ea9194?s=96&d=mm&r=g\",\"contentUrl\":\"https:\\\/\\\/secure.gravatar.com\\\/avatar\\\/35046e19b3373116ec64c07d386d3312028d3820dc0ffe65c344bcebc8ea9194?s=96&d=mm&r=g\",\"caption\":\"Precious McKesson\"}}]}<\/script>\n<!-- \/ Yoast SEO plugin. -->","yoast_head_json":{"title":"Press release: NDP\u2019s Kleeb hails agreement on infrastructure measure, blasts Sasse and Fischer for opposition &#8211; Nebraska Democratic Party","robots":{"index":"index","follow":"follow","max-snippet":"max-snippet:-1","max-image-preview":"max-image-preview:large","max-video-preview":"max-video-preview:-1"},"canonical":"https:\/\/nebraskademocrats.org\/es\/press-releases\/press-release-ndps-kleeb-hails-agreement-on-infrastructure-measure-blasts-sasse-and-fischer-for-opposition\/","og_locale":"es_MX","og_type":"article","og_title":"Press release: NDP\u2019s Kleeb hails agreement on infrastructure measure, blasts Sasse and Fischer for opposition &#8211; Nebraska Democratic Party","og_description":"NDP Chair Jane Kleeb hailed progress made Wednesday in the U.S. Senate to move toward passage of the bipartisan, $1 trillion infrastructure bill, but called out Sens. Ben Sasse and Deb Fischer for not supporting the measure. Sasse and Fischer did not join the 17 GOP lawmakers who voted with Democrats to send the measure ... Read more","og_url":"https:\/\/nebraskademocrats.org\/es\/press-releases\/press-release-ndps-kleeb-hails-agreement-on-infrastructure-measure-blasts-sasse-and-fischer-for-opposition\/","og_site_name":"Nebraska Democratic Party","article_publisher":"https:\/\/www.facebook.com\/NebraskaDemocraticParty\/","article_published_time":"2021-07-29T16:13:32+00:00","og_image":[{"width":1200,"height":630,"url":"https:\/\/nebraskademocrats.org\/wp-content\/uploads\/2018\/09\/ne-dems-fb.jpg","type":"image\/jpeg"}],"author":"Precious McKesson","twitter_card":"summary_large_image","twitter_creator":"@nebraskadems","twitter_site":"@nebraskadems","twitter_misc":{"Escrito por":"Precious McKesson","Tiempo de lectura":"1 minuto"},"schema":{"@context":"https:\/\/schema.org","@graph":[{"@type":"Article","@id":"https:\/\/nebraskademocrats.org\/press-releases\/press-release-ndps-kleeb-hails-agreement-on-infrastructure-measure-blasts-sasse-and-fischer-for-opposition\/#article","isPartOf":{"@id":"https:\/\/nebraskademocrats.org\/press-releases\/press-release-ndps-kleeb-hails-agreement-on-infrastructure-measure-blasts-sasse-and-fischer-for-opposition\/"},"author":{"name":"Precious McKesson","@id":"https:\/\/nebraskademocrats.org\/#\/schema\/person\/33e011ea0795f404810dc40828bcf289"},"headline":"Press release: NDP\u2019s Kleeb hails agreement on infrastructure measure, blasts Sasse and Fischer for opposition","datePublished":"2021-07-29T16:13:32+00:00","mainEntityOfPage":{"@id":"https:\/\/nebraskademocrats.org\/press-releases\/press-release-ndps-kleeb-hails-agreement-on-infrastructure-measure-blasts-sasse-and-fischer-for-opposition\/"},"wordCount":223,"publisher":{"@id":"https:\/\/nebraskademocrats.org\/#organization"},"articleSection":["Press Releases"],"inLanguage":"es"},{"@type":"WebPage","@id":"https:\/\/nebraskademocrats.org\/press-releases\/press-release-ndps-kleeb-hails-agreement-on-infrastructure-measure-blasts-sasse-and-fischer-for-opposition\/","url":"https:\/\/nebraskademocrats.org\/press-releases\/press-release-ndps-kleeb-hails-agreement-on-infrastructure-measure-blasts-sasse-and-fischer-for-opposition\/","name":"Press release: NDP\u2019s Kleeb hails agreement on infrastructure measure, blasts Sasse and Fischer for opposition &#8211; Nebraska Democratic Party","isPartOf":{"@id":"https:\/\/nebraskademocrats.org\/#website"},"datePublished":"2021-07-29T16:13:32+00:00","breadcrumb":{"@id":"https:\/\/nebraskademocrats.org\/press-releases\/press-release-ndps-kleeb-hails-agreement-on-infrastructure-measure-blasts-sasse-and-fischer-for-opposition\/#breadcrumb"},"inLanguage":"es","potentialAction":[{"@type":"ReadAction","target":["https:\/\/nebraskademocrats.org\/press-releases\/press-release-ndps-kleeb-hails-agreement-on-infrastructure-measure-blasts-sasse-and-fischer-for-opposition\/"]}]},{"@type":"BreadcrumbList","@id":"https:\/\/nebraskademocrats.org\/press-releases\/press-release-ndps-kleeb-hails-agreement-on-infrastructure-measure-blasts-sasse-and-fischer-for-opposition\/#breadcrumb","itemListElement":[{"@type":"ListItem","position":1,"name":"Home","item":"https:\/\/nebraskademocrats.org\/"},{"@type":"ListItem","position":2,"name":"Press release: NDP\u2019s Kleeb hails agreement on infrastructure measure, blasts Sasse and Fischer for opposition"}]},{"@type":"WebSite","@id":"https:\/\/nebraskademocrats.org\/#website","url":"https:\/\/nebraskademocrats.org\/","name":"Partido Dem\u00f3crata de Nebraska","description":"Cultivando la buena vida para todos los nebraskenses","publisher":{"@id":"https:\/\/nebraskademocrats.org\/#organization"},"potentialAction":[{"@type":"SearchAction","target":{"@type":"EntryPoint","urlTemplate":"https:\/\/nebraskademocrats.org\/?s={search_term_string}"},"query-input":{"@type":"PropertyValueSpecification","valueRequired":true,"valueName":"search_term_string"}}],"inLanguage":"es"},{"@type":"Organization","@id":"https:\/\/nebraskademocrats.org\/#organization","name":"Partido Dem\u00f3crata de Nebraska","url":"https:\/\/nebraskademocrats.org\/","logo":{"@type":"ImageObject","inLanguage":"es","@id":"https:\/\/nebraskademocrats.org\/#\/schema\/logo\/image\/","url":"https:\/\/nebraskadem.wpenginepowered.com\/wp-content\/uploads\/2016\/05\/NDP2.jpg","contentUrl":"https:\/\/nebraskadem.wpenginepowered.com\/wp-content\/uploads\/2016\/05\/NDP2.jpg","width":1000,"height":396,"caption":"Nebraska Democratic Party"},"image":{"@id":"https:\/\/nebraskademocrats.org\/#\/schema\/logo\/image\/"},"sameAs":["https:\/\/www.facebook.com\/NebraskaDemocraticParty\/","https:\/\/x.com\/nebraskadems"]},{"@type":"Person","@id":"https:\/\/nebraskademocrats.org\/#\/schema\/person\/33e011ea0795f404810dc40828bcf289","name":"Precioso McKesson","image":{"@type":"ImageObject","inLanguage":"es","@id":"https:\/\/secure.gravatar.com\/avatar\/35046e19b3373116ec64c07d386d3312028d3820dc0ffe65c344bcebc8ea9194?s=96&d=mm&r=g","url":"https:\/\/secure.gravatar.com\/avatar\/35046e19b3373116ec64c07d386d3312028d3820dc0ffe65c344bcebc8ea9194?s=96&d=mm&r=g","contentUrl":"https:\/\/secure.gravatar.com\/avatar\/35046e19b3373116ec64c07d386d3312028d3820dc0ffe65c344bcebc8ea9194?s=96&d=mm&r=g","caption":"Precious McKesson"}}]}},"_links":{"self":[{"href":"https:\/\/nebraskademocrats.org\/es\/wp-json\/wp\/v2\/posts\/33844","targetHints":{"allow":["GET"]}}],"collection":[{"href":"https:\/\/nebraskademocrats.org\/es\/wp-json\/wp\/v2\/posts"}],"about":[{"href":"https:\/\/nebraskademocrats.org\/es\/wp-json\/wp\/v2\/types\/post"}],"author":[{"embeddable":true,"href":"https:\/\/nebraskademocrats.org\/es\/wp-json\/wp\/v2\/users\/19"}],"replies":[{"embeddable":true,"href":"https:\/\/nebraskademocrats.org\/es\/wp-json\/wp\/v2\/comments?post=33844"}],"version-history":[{"count":0,"href":"https:\/\/nebraskademocrats.org\/es\/wp-json\/wp\/v2\/posts\/33844\/revisions"}],"wp:attachment":[{"href":"https:\/\/nebraskademocrats.org\/es\/wp-json\/wp\/v2\/media?parent=33844"}],"wp:term":[{"taxonomy":"category","embeddable":true,"href":"https:\/\/nebraskademocrats.org\/es\/wp-json\/wp\/v2\/categories?post=33844"},{"taxonomy":"post_tag","embeddable":true,"href":"https:\/\/nebraskademocrats.org\/es\/wp-json\/wp\/v2\/tags?post=33844"}],"curies":[{"name":"wp","href":"https:\/\/api.w.org\/{rel}","templated":true}]}}