{"id":34022,"date":"2021-08-11T16:15:25","date_gmt":"2021-08-11T21:15:25","guid":{"rendered":"https:\/\/nebraskadem.wpenginepowered.com\/?p=34022"},"modified":"2021-08-11T16:15:25","modified_gmt":"2021-08-11T21:15:25","slug":"state-senators-ask-gov-ricketts-to-reinstate-the-covid-19-statewide-dashboard","status":"publish","type":"post","link":"https:\/\/nebraskademocrats.org\/es\/press-releases\/state-senators-ask-gov-ricketts-to-reinstate-the-covid-19-statewide-dashboard\/","title":{"rendered":"Los senadores estatales piden al gobernador Ricketts que restablezca el Panel de control estatal COVID-19"},"content":{"rendered":"<p>Los senadores del estado de Nebraska Machaela Cavanaugh, Jen Day, Megan Hunt, John McCollister, Terrell McKinney, Carol Blood, Matt Hansen, John Cavanaugh,<br \/>\nPatty Pansing Brooks, Tony Vargas y Adam Morfeld enviaron hoy una carta al gobernador Pete Ricketts solicit\u00e1ndole que reactive el panel diario de COVID-19 en todo el estado.<\/p>\n<p>La solicitud se produce cuando las escuelas se abren para el a\u00f1o escolar de oto\u00f1o y las empresas est\u00e1n tomando decisiones operativas.<\/p>\n<p>\u201cDesde que el Estado cerr\u00f3 el Panel COVID-19 el 30 de junio de 2021,<br \/>\nNebraska ha experimentado un aumento de infecciones y hospitalizaciones. Pedimos respetuosamente que el Departamento de Salud y Servicios Humanos restablezca el tablero de COVID-19 de una vez y que se requiera que los 93 condados de Nebraska reporten datos al estado \u201d.<\/p>\n<p>Los senadores aclararon adem\u00e1s por qu\u00e9 restablecer un tablero diario es crucial en este momento.<\/p>\n<p>\u201cEl informe semanal actual carece de informaci\u00f3n detallada crucial, incluidas las tasas de infecci\u00f3n condado por condado, muertes relacionadas con COVID-19, camas de hospital disponibles diariamente, respiradores y camas con personal en general.<\/p>\n<p>El Tablero nos brinda una representaci\u00f3n en tiempo real de los datos que necesitamos para tomar decisiones sobre la pandemia y sin ella no tenemos la informaci\u00f3n que necesitamos para actuar &quot;.<\/p>\n<p style=\"text-align: center;\">###<\/p>\n<p><a href=\"https:\/\/docs.google.com\/document\/u\/0\/d\/1_7ahKDvbSG5Dl7C1410cppiMhaQaKbGpZkBU2atyFxo\/edit\">COPIA DE CARTA ORIGINAL<\/a><\/p>","protected":false},"excerpt":{"rendered":"<p>Nebraska State Sens. Machaela Cavanaugh, Jen Day, Megan Hunt, John McCollister, Terrell McKinney, Carol Blood, Matt Hansen, John Cavanaugh, Patty Pansing Brooks, Tony Vargas and Adam Morfeld sent a letter today to Gov. Pete Ricketts requesting he reactivate the statewide COVID-19 daily dashboard. The request comes as schools are opening for the fall school year &#8230; <a title=\"Los senadores estatales piden al gobernador Ricketts que restablezca el Panel de control estatal COVID-19\" class=\"read-more\" href=\"https:\/\/nebraskademocrats.org\/es\/press-releases\/state-senators-ask-gov-ricketts-to-reinstate-the-covid-19-statewide-dashboard\/\" aria-label=\"More on State Senators ask Gov. Ricketts to reinstate the COVID-19 Statewide Dashboard\">Lee mas<\/a><\/p>","protected":false},"author":19,"featured_media":0,"comment_status":"closed","ping_status":"closed","sticky":false,"template":"","format":"standard","meta":{"_acf_changed":false,"_exactmetrics_skip_tracking":false,"_exactmetrics_sitenote_active":false,"_exactmetrics_sitenote_note":"","_exactmetrics_sitenote_category":0,"footnotes":""},"categories":[4],"tags":[],"class_list":["post-34022","post","type-post","status-publish","format-standard","hentry","category-press-releases"],"acf":[],"yoast_head":"<!-- This site is optimized with the Yoast SEO plugin v27.4 - https:\/\/yoast.com\/product\/yoast-seo-wordpress\/ -->\n<title>State Senators ask Gov. Ricketts to reinstate the COVID-19 Statewide Dashboard &#8211; Nebraska Democratic Party<\/title>\n<meta name=\"robots\" content=\"index, follow, max-snippet:-1, max-image-preview:large, max-video-preview:-1\" \/>\n<link rel=\"canonical\" href=\"https:\/\/nebraskademocrats.org\/es\/press-releases\/state-senators-ask-gov-ricketts-to-reinstate-the-covid-19-statewide-dashboard\/\" \/>\n<meta property=\"og:locale\" content=\"es_MX\" \/>\n<meta property=\"og:type\" content=\"article\" \/>\n<meta property=\"og:title\" content=\"State Senators ask Gov. Ricketts to reinstate the COVID-19 Statewide Dashboard &#8211; Nebraska Democratic Party\" \/>\n<meta property=\"og:description\" content=\"Nebraska State Sens. Machaela Cavanaugh, Jen Day, Megan Hunt, John McCollister, Terrell McKinney, Carol Blood, Matt Hansen, John Cavanaugh, Patty Pansing Brooks, Tony Vargas and Adam Morfeld sent a letter today to Gov. Pete Ricketts requesting he reactivate the statewide COVID-19 daily dashboard. The request comes as schools are opening for the fall school year ... Read more\" \/>\n<meta property=\"og:url\" content=\"https:\/\/nebraskademocrats.org\/es\/press-releases\/state-senators-ask-gov-ricketts-to-reinstate-the-covid-19-statewide-dashboard\/\" \/>\n<meta property=\"og:site_name\" content=\"Nebraska Democratic Party\" \/>\n<meta property=\"article:publisher\" content=\"https:\/\/www.facebook.com\/NebraskaDemocraticParty\/\" \/>\n<meta property=\"article:published_time\" content=\"2021-08-11T21:15:25+00:00\" \/>\n<meta property=\"og:image\" content=\"https:\/\/nebraskademocrats.org\/wp-content\/uploads\/2018\/09\/ne-dems-fb.jpg\" \/>\n\t<meta property=\"og:image:width\" content=\"1200\" \/>\n\t<meta property=\"og:image:height\" content=\"630\" \/>\n\t<meta property=\"og:image:type\" content=\"image\/jpeg\" \/>\n<meta name=\"author\" content=\"Precious McKesson\" \/>\n<meta name=\"twitter:card\" content=\"summary_large_image\" \/>\n<meta name=\"twitter:creator\" content=\"@nebraskadems\" \/>\n<meta name=\"twitter:site\" content=\"@nebraskadems\" \/>\n<meta name=\"twitter:label1\" content=\"Escrito por\" \/>\n\t<meta name=\"twitter:data1\" content=\"Precious McKesson\" \/>\n\t<meta name=\"twitter:label2\" content=\"Tiempo de lectura\" \/>\n\t<meta name=\"twitter:data2\" content=\"1 minuto\" \/>\n<script type=\"application\/ld+json\" class=\"yoast-schema-graph\">{\"@context\":\"https:\\\/\\\/schema.org\",\"@graph\":[{\"@type\":\"Article\",\"@id\":\"https:\\\/\\\/nebraskademocrats.org\\\/ar\\\/press-releases\\\/state-senators-ask-gov-ricketts-to-reinstate-the-covid-19-statewide-dashboard\\\/#article\",\"isPartOf\":{\"@id\":\"https:\\\/\\\/nebraskademocrats.org\\\/ar\\\/press-releases\\\/state-senators-ask-gov-ricketts-to-reinstate-the-covid-19-statewide-dashboard\\\/\"},\"author\":{\"name\":\"Precious McKesson\",\"@id\":\"https:\\\/\\\/nebraskademocrats.org\\\/#\\\/schema\\\/person\\\/33e011ea0795f404810dc40828bcf289\"},\"headline\":\"State Senators ask Gov. Ricketts to reinstate the COVID-19 Statewide Dashboard\",\"datePublished\":\"2021-08-11T21:15:25+00:00\",\"mainEntityOfPage\":{\"@id\":\"https:\\\/\\\/nebraskademocrats.org\\\/ar\\\/press-releases\\\/state-senators-ask-gov-ricketts-to-reinstate-the-covid-19-statewide-dashboard\\\/\"},\"wordCount\":195,\"publisher\":{\"@id\":\"https:\\\/\\\/nebraskademocrats.org\\\/#organization\"},\"articleSection\":[\"Press Releases\"],\"inLanguage\":\"es\"},{\"@type\":\"WebPage\",\"@id\":\"https:\\\/\\\/nebraskademocrats.org\\\/ar\\\/press-releases\\\/state-senators-ask-gov-ricketts-to-reinstate-the-covid-19-statewide-dashboard\\\/\",\"url\":\"https:\\\/\\\/nebraskademocrats.org\\\/ar\\\/press-releases\\\/state-senators-ask-gov-ricketts-to-reinstate-the-covid-19-statewide-dashboard\\\/\",\"name\":\"State Senators ask Gov. Ricketts to reinstate the COVID-19 Statewide Dashboard &#8211; Nebraska Democratic Party\",\"isPartOf\":{\"@id\":\"https:\\\/\\\/nebraskademocrats.org\\\/#website\"},\"datePublished\":\"2021-08-11T21:15:25+00:00\",\"breadcrumb\":{\"@id\":\"https:\\\/\\\/nebraskademocrats.org\\\/ar\\\/press-releases\\\/state-senators-ask-gov-ricketts-to-reinstate-the-covid-19-statewide-dashboard\\\/#breadcrumb\"},\"inLanguage\":\"es\",\"potentialAction\":[{\"@type\":\"ReadAction\",\"target\":[\"https:\\\/\\\/nebraskademocrats.org\\\/ar\\\/press-releases\\\/state-senators-ask-gov-ricketts-to-reinstate-the-covid-19-statewide-dashboard\\\/\"]}]},{\"@type\":\"BreadcrumbList\",\"@id\":\"https:\\\/\\\/nebraskademocrats.org\\\/ar\\\/press-releases\\\/state-senators-ask-gov-ricketts-to-reinstate-the-covid-19-statewide-dashboard\\\/#breadcrumb\",\"itemListElement\":[{\"@type\":\"ListItem\",\"position\":1,\"name\":\"Home\",\"item\":\"https:\\\/\\\/nebraskademocrats.org\\\/\"},{\"@type\":\"ListItem\",\"position\":2,\"name\":\"State Senators ask Gov. Ricketts to reinstate the COVID-19 Statewide Dashboard\"}]},{\"@type\":\"WebSite\",\"@id\":\"https:\\\/\\\/nebraskademocrats.org\\\/#website\",\"url\":\"https:\\\/\\\/nebraskademocrats.org\\\/\",\"name\":\"Nebraska Democratic Party\",\"description\":\"Growing the Good Life for All Nebraskans\",\"publisher\":{\"@id\":\"https:\\\/\\\/nebraskademocrats.org\\\/#organization\"},\"potentialAction\":[{\"@type\":\"SearchAction\",\"target\":{\"@type\":\"EntryPoint\",\"urlTemplate\":\"https:\\\/\\\/nebraskademocrats.org\\\/?s={search_term_string}\"},\"query-input\":{\"@type\":\"PropertyValueSpecification\",\"valueRequired\":true,\"valueName\":\"search_term_string\"}}],\"inLanguage\":\"es\"},{\"@type\":\"Organization\",\"@id\":\"https:\\\/\\\/nebraskademocrats.org\\\/#organization\",\"name\":\"Nebraska Democratic Party\",\"url\":\"https:\\\/\\\/nebraskademocrats.org\\\/\",\"logo\":{\"@type\":\"ImageObject\",\"inLanguage\":\"es\",\"@id\":\"https:\\\/\\\/nebraskademocrats.org\\\/#\\\/schema\\\/logo\\\/image\\\/\",\"url\":\"https:\\\/\\\/nebraskadem.wpenginepowered.com\\\/wp-content\\\/uploads\\\/2016\\\/05\\\/NDP2.jpg\",\"contentUrl\":\"https:\\\/\\\/nebraskadem.wpenginepowered.com\\\/wp-content\\\/uploads\\\/2016\\\/05\\\/NDP2.jpg\",\"width\":1000,\"height\":396,\"caption\":\"Nebraska Democratic Party\"},\"image\":{\"@id\":\"https:\\\/\\\/nebraskademocrats.org\\\/#\\\/schema\\\/logo\\\/image\\\/\"},\"sameAs\":[\"https:\\\/\\\/www.facebook.com\\\/NebraskaDemocraticParty\\\/\",\"https:\\\/\\\/x.com\\\/nebraskadems\"]},{\"@type\":\"Person\",\"@id\":\"https:\\\/\\\/nebraskademocrats.org\\\/#\\\/schema\\\/person\\\/33e011ea0795f404810dc40828bcf289\",\"name\":\"Precious McKesson\",\"image\":{\"@type\":\"ImageObject\",\"inLanguage\":\"es\",\"@id\":\"https:\\\/\\\/secure.gravatar.com\\\/avatar\\\/35046e19b3373116ec64c07d386d3312028d3820dc0ffe65c344bcebc8ea9194?s=96&d=mm&r=g\",\"url\":\"https:\\\/\\\/secure.gravatar.com\\\/avatar\\\/35046e19b3373116ec64c07d386d3312028d3820dc0ffe65c344bcebc8ea9194?s=96&d=mm&r=g\",\"contentUrl\":\"https:\\\/\\\/secure.gravatar.com\\\/avatar\\\/35046e19b3373116ec64c07d386d3312028d3820dc0ffe65c344bcebc8ea9194?s=96&d=mm&r=g\",\"caption\":\"Precious McKesson\"}}]}<\/script>\n<!-- \/ Yoast SEO plugin. -->","yoast_head_json":{"title":"State Senators ask Gov. Ricketts to reinstate the COVID-19 Statewide Dashboard &#8211; Nebraska Democratic Party","robots":{"index":"index","follow":"follow","max-snippet":"max-snippet:-1","max-image-preview":"max-image-preview:large","max-video-preview":"max-video-preview:-1"},"canonical":"https:\/\/nebraskademocrats.org\/es\/press-releases\/state-senators-ask-gov-ricketts-to-reinstate-the-covid-19-statewide-dashboard\/","og_locale":"es_MX","og_type":"article","og_title":"State Senators ask Gov. Ricketts to reinstate the COVID-19 Statewide Dashboard &#8211; Nebraska Democratic Party","og_description":"Nebraska State Sens. Machaela Cavanaugh, Jen Day, Megan Hunt, John McCollister, Terrell McKinney, Carol Blood, Matt Hansen, John Cavanaugh, Patty Pansing Brooks, Tony Vargas and Adam Morfeld sent a letter today to Gov. Pete Ricketts requesting he reactivate the statewide COVID-19 daily dashboard. The request comes as schools are opening for the fall school year ... Read more","og_url":"https:\/\/nebraskademocrats.org\/es\/press-releases\/state-senators-ask-gov-ricketts-to-reinstate-the-covid-19-statewide-dashboard\/","og_site_name":"Nebraska Democratic Party","article_publisher":"https:\/\/www.facebook.com\/NebraskaDemocraticParty\/","article_published_time":"2021-08-11T21:15:25+00:00","og_image":[{"width":1200,"height":630,"url":"https:\/\/nebraskademocrats.org\/wp-content\/uploads\/2018\/09\/ne-dems-fb.jpg","type":"image\/jpeg"}],"author":"Precious McKesson","twitter_card":"summary_large_image","twitter_creator":"@nebraskadems","twitter_site":"@nebraskadems","twitter_misc":{"Escrito por":"Precious McKesson","Tiempo de lectura":"1 minuto"},"schema":{"@context":"https:\/\/schema.org","@graph":[{"@type":"Article","@id":"https:\/\/nebraskademocrats.org\/ar\/press-releases\/state-senators-ask-gov-ricketts-to-reinstate-the-covid-19-statewide-dashboard\/#article","isPartOf":{"@id":"https:\/\/nebraskademocrats.org\/ar\/press-releases\/state-senators-ask-gov-ricketts-to-reinstate-the-covid-19-statewide-dashboard\/"},"author":{"name":"Precious McKesson","@id":"https:\/\/nebraskademocrats.org\/#\/schema\/person\/33e011ea0795f404810dc40828bcf289"},"headline":"State Senators ask Gov. Ricketts to reinstate the COVID-19 Statewide Dashboard","datePublished":"2021-08-11T21:15:25+00:00","mainEntityOfPage":{"@id":"https:\/\/nebraskademocrats.org\/ar\/press-releases\/state-senators-ask-gov-ricketts-to-reinstate-the-covid-19-statewide-dashboard\/"},"wordCount":195,"publisher":{"@id":"https:\/\/nebraskademocrats.org\/#organization"},"articleSection":["Press Releases"],"inLanguage":"es"},{"@type":"WebPage","@id":"https:\/\/nebraskademocrats.org\/ar\/press-releases\/state-senators-ask-gov-ricketts-to-reinstate-the-covid-19-statewide-dashboard\/","url":"https:\/\/nebraskademocrats.org\/ar\/press-releases\/state-senators-ask-gov-ricketts-to-reinstate-the-covid-19-statewide-dashboard\/","name":"State Senators ask Gov. Ricketts to reinstate the COVID-19 Statewide Dashboard &#8211; Nebraska Democratic Party","isPartOf":{"@id":"https:\/\/nebraskademocrats.org\/#website"},"datePublished":"2021-08-11T21:15:25+00:00","breadcrumb":{"@id":"https:\/\/nebraskademocrats.org\/ar\/press-releases\/state-senators-ask-gov-ricketts-to-reinstate-the-covid-19-statewide-dashboard\/#breadcrumb"},"inLanguage":"es","potentialAction":[{"@type":"ReadAction","target":["https:\/\/nebraskademocrats.org\/ar\/press-releases\/state-senators-ask-gov-ricketts-to-reinstate-the-covid-19-statewide-dashboard\/"]}]},{"@type":"BreadcrumbList","@id":"https:\/\/nebraskademocrats.org\/ar\/press-releases\/state-senators-ask-gov-ricketts-to-reinstate-the-covid-19-statewide-dashboard\/#breadcrumb","itemListElement":[{"@type":"ListItem","position":1,"name":"Home","item":"https:\/\/nebraskademocrats.org\/"},{"@type":"ListItem","position":2,"name":"State Senators ask Gov. Ricketts to reinstate the COVID-19 Statewide Dashboard"}]},{"@type":"WebSite","@id":"https:\/\/nebraskademocrats.org\/#website","url":"https:\/\/nebraskademocrats.org\/","name":"Partido Dem\u00f3crata de Nebraska","description":"Cultivando la buena vida para todos los nebraskenses","publisher":{"@id":"https:\/\/nebraskademocrats.org\/#organization"},"potentialAction":[{"@type":"SearchAction","target":{"@type":"EntryPoint","urlTemplate":"https:\/\/nebraskademocrats.org\/?s={search_term_string}"},"query-input":{"@type":"PropertyValueSpecification","valueRequired":true,"valueName":"search_term_string"}}],"inLanguage":"es"},{"@type":"Organization","@id":"https:\/\/nebraskademocrats.org\/#organization","name":"Partido Dem\u00f3crata de Nebraska","url":"https:\/\/nebraskademocrats.org\/","logo":{"@type":"ImageObject","inLanguage":"es","@id":"https:\/\/nebraskademocrats.org\/#\/schema\/logo\/image\/","url":"https:\/\/nebraskadem.wpenginepowered.com\/wp-content\/uploads\/2016\/05\/NDP2.jpg","contentUrl":"https:\/\/nebraskadem.wpenginepowered.com\/wp-content\/uploads\/2016\/05\/NDP2.jpg","width":1000,"height":396,"caption":"Nebraska Democratic Party"},"image":{"@id":"https:\/\/nebraskademocrats.org\/#\/schema\/logo\/image\/"},"sameAs":["https:\/\/www.facebook.com\/NebraskaDemocraticParty\/","https:\/\/x.com\/nebraskadems"]},{"@type":"Person","@id":"https:\/\/nebraskademocrats.org\/#\/schema\/person\/33e011ea0795f404810dc40828bcf289","name":"Precioso McKesson","image":{"@type":"ImageObject","inLanguage":"es","@id":"https:\/\/secure.gravatar.com\/avatar\/35046e19b3373116ec64c07d386d3312028d3820dc0ffe65c344bcebc8ea9194?s=96&d=mm&r=g","url":"https:\/\/secure.gravatar.com\/avatar\/35046e19b3373116ec64c07d386d3312028d3820dc0ffe65c344bcebc8ea9194?s=96&d=mm&r=g","contentUrl":"https:\/\/secure.gravatar.com\/avatar\/35046e19b3373116ec64c07d386d3312028d3820dc0ffe65c344bcebc8ea9194?s=96&d=mm&r=g","caption":"Precious McKesson"}}]}},"_links":{"self":[{"href":"https:\/\/nebraskademocrats.org\/es\/wp-json\/wp\/v2\/posts\/34022","targetHints":{"allow":["GET"]}}],"collection":[{"href":"https:\/\/nebraskademocrats.org\/es\/wp-json\/wp\/v2\/posts"}],"about":[{"href":"https:\/\/nebraskademocrats.org\/es\/wp-json\/wp\/v2\/types\/post"}],"author":[{"embeddable":true,"href":"https:\/\/nebraskademocrats.org\/es\/wp-json\/wp\/v2\/users\/19"}],"replies":[{"embeddable":true,"href":"https:\/\/nebraskademocrats.org\/es\/wp-json\/wp\/v2\/comments?post=34022"}],"version-history":[{"count":0,"href":"https:\/\/nebraskademocrats.org\/es\/wp-json\/wp\/v2\/posts\/34022\/revisions"}],"wp:attachment":[{"href":"https:\/\/nebraskademocrats.org\/es\/wp-json\/wp\/v2\/media?parent=34022"}],"wp:term":[{"taxonomy":"category","embeddable":true,"href":"https:\/\/nebraskademocrats.org\/es\/wp-json\/wp\/v2\/categories?post=34022"},{"taxonomy":"post_tag","embeddable":true,"href":"https:\/\/nebraskademocrats.org\/es\/wp-json\/wp\/v2\/tags?post=34022"}],"curies":[{"name":"wp","href":"https:\/\/api.w.org\/{rel}","templated":true}]}}