{"id":34061,"date":"2021-08-13T13:44:28","date_gmt":"2021-08-13T18:44:28","guid":{"rendered":"https:\/\/nebraskadem.wpenginepowered.com\/?p=34061"},"modified":"2021-08-13T13:44:28","modified_gmt":"2021-08-13T18:44:28","slug":"cultivating-covid-crown-and-more-nebdems-news","status":"publish","type":"post","link":"https:\/\/nebraskademocrats.org\/es\/blog\/cultivating-covid-crown-and-more-nebdems-news\/","title":{"rendered":"Cultivando COVID Crown y m\u00e1s - #NebDems News"},"content":{"rendered":"<p><img fetchpriority=\"high\" decoding=\"async\" class=\"wp-image-6838 aligncenter\" src=\"https:\/\/nebraskadem.wpenginepowered.com\/wp-content\/uploads\/2018\/12\/NebDems-News-4-1024x569.png\" alt=\"\" width=\"345\" height=\"192\" srcset=\"https:\/\/nebraskademocrats.org\/wp-content\/uploads\/2018\/12\/NebDems-News-4-1024x569.png 1024w, https:\/\/nebraskademocrats.org\/wp-content\/uploads\/2018\/12\/NebDems-News-4-300x167.png 300w, https:\/\/nebraskademocrats.org\/wp-content\/uploads\/2018\/12\/NebDems-News-4-768x427.png 768w, https:\/\/nebraskademocrats.org\/wp-content\/uploads\/2018\/12\/NebDems-News-4.png 1081w\" sizes=\"(max-width: 345px) 100vw, 345px\" \/><\/p>\n<p>El gobernador Pete Ricketts y el gobernador de Florida, Ron DeSantis, se han unido a un peque\u00f1o grupo de gobernadores republicanos que parecen empe\u00f1ados en asegurarse de que sus ciudadanos contraigan COVID.<\/p>\n<p>Se niegan a emitir mandatos de m\u00e1scaras u otras restricciones y fanfarronean y amenazan cuando las ciudades y los condados intentan implementar lo mismo. Ricketts ha rechazado rotundamente las directrices de los CDC para la pandemia y ha cerrado un panel en l\u00ednea que publica informaci\u00f3n y estad\u00edsticas de COVID. DeSantis ha logrado hacer de Florida un lugar \u00fanico para la infecci\u00f3n por COVID.<\/p>\n<p>Pero Ricketts y DeSantis est\u00e1n siendo desafiados por Cultivating Covid Crown por el gobernador de Texas Greg Abbott, uno de esos tipos que no solo se neg\u00f3 a tomar precauciones pand\u00e9micas de sentido com\u00fan, sino que tambi\u00e9n firm\u00f3 una ley que lo convirti\u00f3 en realidad.\u00a0<em>ilegal\u00a0<\/em>para que otras autoridades los ordenen.<\/p>\n<p>Cueing\u00a0<a href=\"https:\/\/www.esquire.com\/news-politics\/politics\/a37270132\/greg-abbott-healthcare-workers-come-to-texas\/\">Charles Pierce de Esquire:<\/a><\/p>\n<p><em>La semana pasada, los funcionarios del \u00e1rea de Houston dijeron que la ola de infecciones de la variante delta presion\u00f3 tanto a los hospitales del \u00e1rea que algunos pacientes tuvieron que ser trasladados fuera de la ciudad, y uno fue enviado a Dakota del Norte.<\/em><\/p>\n<p><em>Se desmaya y, cuatro semanas despu\u00e9s, se despierta en Bismarck, mirando por la ventana del hospital dos silos de misiles y una tienda de motos de nieve. Medicina moderna en su m\u00e1xima expresi\u00f3n.<\/em><em><br \/>\n<\/em><em><br \/>\n<\/em><em>En serio, \u00bfqu\u00e9 pasa si usted es un profesional m\u00e9dico particularmente desinteresado y toma la decisi\u00f3n de carrera muy arriesgada de ir a Texas para ayudar, y una madre preocupada de una de las comunidades verdaderas amantes de la libertad donde nadie puede decirle a nadie m\u00e1s qu\u00e9 hacer? viene a usted y le pregunta c\u00f3mo mantener seguros a sus hijos en la escuela. \u00bfQu\u00e9 le dices a ella? \u00bfMudarse a Vermont?<\/em><\/p>\n<p>Este podr\u00eda ser un momento de \u201cespera mi cerveza\u201d para Ricketts y DeSantis.<\/p>\n<p>Mant\u00e9nganse al tanto.<\/p>\n<p><img decoding=\"async\" class=\"alignnone\" title=\"\" src=\"https:\/\/can2-prod.s3.amazonaws.com\/uploads\/data\/000\/568\/591\/original\/red.jpg\" alt=\"\" width=\"650\" align=\"center\" \/><\/p>\n<p style=\"text-align: center;\">***<\/p>\n<p>La Junta de Regentes de NU el viernes <a href=\"https:\/\/omaha.com\/news\/local\/education\/nebraska-regents-vote-to-reject-jim-pillens-resolution-on-critical-race-theory\/article_1fbbb530-fab6-11eb-8a75-437b465f0418.html#tracking-source=home-top-story-1\">rechaz\u00f3 la horrible resoluci\u00f3n del candidato republicano y regente Jim Pillen<\/a> prohibir la ense\u00f1anza de la teor\u00eda cr\u00edtica de la raza en los campus de NU. La medida tambi\u00e9n fue apoyada por el gobernador Pete Rickets.<\/p>\n<p>El jueves, Dulce Sherman, presidenta de la Presidenta del Caucus Latinx del NDP, Precious McKesson, presidenta del Caucus Negro y Colette Yellow Robe, presidenta del Caucus Nativo, escribieron un art\u00edculo de opini\u00f3n en el <a href=\"https:\/\/journalstar.com\/opinion\/columnists\/local-view-regents-should-reject-crt-proposal\/article_a2cf0d17-39aa-5863-9d3d-802c5afdd26a.html?link_id=0&amp;can_id=b263939168b7b17d4a4901e8096a6b3a&amp;source=email-they-want-to-divide-us&amp;email_referrer=&amp;email_subject=they-want-to-divide-us\">Lincoln Journal Star contra la medida.<\/a><\/p>\n<p>Y un agradecimiento especial a las regentes Elizabeth O&#039;Connor y Barbara Weitz, ambas dem\u00f3cratas, por votar en contra de la medida.<\/p>\n<p><img decoding=\"async\" class=\"size-full wp-image-34064 aligncenter\" src=\"https:\/\/nebraskadem.wpenginepowered.com\/wp-content\/uploads\/2021\/08\/nu-this.jpg\" alt=\"\" width=\"300\" height=\"168\" srcset=\"https:\/\/nebraskademocrats.org\/wp-content\/uploads\/2021\/08\/nu-this.jpg 300w, https:\/\/nebraskademocrats.org\/wp-content\/uploads\/2021\/08\/nu-this-18x10.jpg 18w\" sizes=\"(max-width: 300px) 100vw, 300px\" \/><\/p>\n<p style=\"text-align: center;\">***<\/p>\n<p>El presidente del Comit\u00e9 Nacional Dem\u00f3crata, Jaime Harrison, y el presidente del Comit\u00e9 de Nativos del DNC, Rion Ramirez, se unieron a la presidenta del NDP, Jane Kleeb, y la presidenta del Comit\u00e9 de Nativos del NDP, Colette Yellow Robe, para reconocer el D\u00eda Internacional de los Pueblos Ind\u00edgenas del Mundo el lunes.<\/p>\n<p><a href=\"https:\/\/nebraskadem.wpenginepowered.com\/blog\/dnc-ndp-officials-weigh-in-on-international-day-of-the-worlds-indigenous-peoples\/\"><strong>L\u00e9elo aqu\u00ed.<\/strong><\/a><\/p>\n<p><img decoding=\"async\" title=\"\" src=\"https:\/\/lh3.googleusercontent.com\/xnGuFUMO3hLqmJf0IxheO-8OU0qh8zGxrEQUlAD0VkKaFHjIu9aASheERtvXYqu3j0P3qtoaRC4YSX1eDl6F9ZpAMhR0YNVnZXq42X1YYfnYEOzl1x7masBq2Awvws8tGbgcW7DX\" alt=\"\" width=\"400\" align=\"center\" \/><\/p>\n<p style=\"text-align: center;\">***<\/p>\n<p>Cada a\u00f1o, en nuestra cena Morrison-Exon, que es nuestro evento anual de recaudaci\u00f3n de fondos, celebramos a los voluntarios y l\u00edderes del partido que construyen y hacen crecer el Nebraska Democratic Party.<\/p>\n<p>Pero debido a que la variante Delta est\u00e1 en aumento y porque el gobernador Ricketts ha dejado en claro que no seguir\u00e1 las pautas de los CDC, en caso de que sugieran no m\u00e1s reuniones de m\u00e1s de 100, etc., la SEC realiz\u00f3 una votaci\u00f3n esta semana para hacer la\u00a0<strong><em>la \u00faltima reuni\u00f3n del SCC para 2021 (el 3 de octubre) y los eventos en l\u00ednea del evento ME 2021 (6 de noviembre).<\/em><\/strong><\/p>\n<p>Sabemos que esto es decepcionante, ya que todos queremos volver a la normalidad. Sin embargo, estamos muy nerviosos con la tendencia de los n\u00fameros y la negativa del gobernador a seguir la gu\u00eda de los CDC.<\/p>\n<p><a href=\"https:\/\/secure.actblue.com\/donate\/2021ndpme\"><strong>Obtenga entradas para el evento Morrison-Exon aqu\u00ed.<\/strong><\/a><\/p>\n<p>La fecha l\u00edmite para las nominaciones a los premios es<strong>\u00a01 de septiembre a las 5 p.m. CT.\u00a0<\/strong><a href=\"https:\/\/docs.google.com\/forms\/d\/1zObT0X_3fS0urSD_x3heG84WBE7PZGQbQBFjgCf7eDM\/edit?ts=60f7444a\"><strong>Env\u00ede una nominaci\u00f3n aqu\u00ed.<\/strong><\/a><\/p>\n<p><img decoding=\"async\" class=\"aligncenter\" title=\"\" src=\"https:\/\/lh5.googleusercontent.com\/3ADCu7uWRYTgP7BLeClxFr5BypS1X6cpfTN5ESQQj21Y3Tn_4g5KIhR0TmiYhF0TuCZJIcAoZFIBYSMPpfJhhKGXRF4WYuBE9_o-llaJw0MwUN5zGCZSALk0PMj44rkGX_Djc9MI\" alt=\"\" width=\"400\" align=\"center\" \/><\/p>\n<p style=\"text-align: center;\">***<\/p>\n<p>Felicitaciones al\u00a0<a href=\"https:\/\/business.facebook.com\/SharletteSchwenningerNDWC\/?__tn__=K-R&amp;eid=ARAoC5dLeY282oKFw5I7SuJASH-rH5tqEAJirgJuu5wInur4CKBxlqa9A-ST7GsZJkZ1Lwn7SbpWMt9y&amp;fref=mentions&amp;__xts__%5B0%5D=68.ARC-UyKuQNHDpGmE3pAUdv9BY5emAjrmuZrIsKCC3EaC6pUIwi2ASZ-5SLyyejQnly6AaLZn9jhdTOuS5l1agQ8kmG3BoM3cL8rfNR9CvEvzmNR9Cjrz11gTMOys00IsN6LEE-VvfxRaTEE-rAJmamEQsqVzlLZobN-XkJUka8A5q46uV5jqP8wWlRn8yf-xkC1tr_OUIbqqjGxLVxI2vWg_3jyJqczfdqZ3REMPt2b6w7U2eDEEVs4jzGA6cGTi5jnqfRKewIzVCn-SsupmaZ0bKEYtCkoDaHbfUljdvLbkyfQwxMlleg\"><strong>Caucus de mujeres dem\u00f3cratas de Nebraska<\/strong><\/a><strong>\u00a0<\/strong>para un exitoso Almuerzo para Mujeres Inspiradoras de Helen Boosalis y sus becarias (en la foto de abajo de izquierda a derecha: Maya Thomas, la pastora Janet Banks, Caiden Henry-Perlich. No en la foto: Johnna Bailey). \u00a1Gracias por todo lo que hacen en nuestro estado para apoyar y elegir mujeres!<\/p>\n<p style=\"text-align: center;\"><img decoding=\"async\" class=\"aligncenter\" title=\"\" src=\"https:\/\/lh6.googleusercontent.com\/yJqfIgAtykULerFfU7w_f66PVBWFZ3xXWO_0bLEMOY8DrWkEf75qU6DTVKwhaTTqksUeEWmX8NEIkI6gHWzV92we3rfpiXLHj3l5xRS2bQsPPBoCQ-hKLMSORbUaBuee9_98fbPK\" alt=\"\" width=\"450\" align=\"center\" \/><br \/>\n***<\/p>\n<p>El NDP ha lanzado un sitio web &quot;Flip that Bacon&quot; para apuntar al esca\u00f1o del Congreso del segundo distrito del representante Don Bacon en 2022.<\/p>\n<p>El Comit\u00e9 de Campa\u00f1a del Congreso Dem\u00f3crata tiene a CD2 como uno de sus 22 distritos competitivos de la C\u00e1mara que est\u00e1n abiertos o en manos de los republicanos.<\/p>\n<p>\u201cEstamos construyendo una coalici\u00f3n ganadora de votantes para cambiar el asiento del CD2 de rojo a azul\u201d, dijo la presidenta del NDP, Jane Kleeb. &quot;Reps. Bacon finge ser un moderado usando todo tipo de puntos de conversaci\u00f3n falsos. El historial de votaciones de Bacon refleja sus verdaderos valores de dar la espalda a la asistencia a las peque\u00f1as empresas y familias, as\u00ed como a las mujeres que sufren violencia. A los habitantes de Nebraska no les gusta el tocino falso y tenemos la intenci\u00f3n de que Don rinda cuentas &quot;.<\/p>\n<p><a href=\"https:\/\/flipthatbacon.com\/\"><strong>Haga clic aqu\u00ed para ir al sitio Flip that Bacon.<\/strong><\/a><\/p>\n<p>En la parte inferior de la p\u00e1gina de inicio hay un control deslizante de la l\u00ednea de tiempo que enumera los errores y los horribles votos y posiciones de Bacon durante su tiempo en el cargo.<\/p>\n<p>&nbsp;<\/p>\n<p>Tambi\u00e9n,\u00a0<a href=\"https:\/\/nebraskadem.wpenginepowered.com\/blog\/2020-starts-now\/\"><strong>haga clic aqu\u00ed para descargar y compartir los gr\u00e1ficos de Flip that Bacon<\/strong>\u00a0<\/a>en las redes sociales!<\/p>\n<p style=\"text-align: center;\"><img decoding=\"async\" class=\"aligncenter\" title=\"\" src=\"https:\/\/lh4.googleusercontent.com\/ublDVXSPuoLQ6bPWd57ChbhEjULQ229BnN8bqqLqdtKQtTMOfVMGleT_a-tC1shZoN2h0h3a49k1JTbE8_n1sBjBbpnZPHVedBD_g6LveeX38ys0pRDe0Y_YnMQHt5fuY4aIq-qN\" alt=\"\" width=\"450\" align=\"center\" \/><br \/>\n***<\/p>\n<p>La Casa Blanca anunci\u00f3 la propuesta 30 \u00d7 30 llamada America the Beautiful, que pondr\u00e1 el 30 por ciento de la tierra y el agua del pa\u00eds en estado de conservaci\u00f3n para 2030.<\/p>\n<p>&nbsp;<\/p>\n<p>Y para contrarrestar las tonter\u00edas sobre el plan que est\u00e1n difundiendo Ricketts y otros, el NDP ha lanzado una serie de sesiones de \u201cHamburguesas y cervezas\u201d para hablar la verdad sobre el plan America the Beautiful.<\/p>\n<p><a href=\"https:\/\/www.mobilize.us\/nebdems\/event\/390021\/\"><strong>Vea d\u00f3nde est\u00e1n las pr\u00f3ximas reuniones<\/strong><\/a>\u00a0o solicite uno en su \u00e1rea!<\/p>\n<p><a href=\"https:\/\/nebraskadem.wpenginepowered.com\/blog\/ndps-kleeb-take-time-to-learn-about-president-bidens-ambitious-america-the-beautiful-30x30-plan\/\"><strong>Lea el blog de Jane Kleeb, presidenta del NDP, sobre el plan aqu\u00ed.<\/strong><\/a><\/p>\n<p><img decoding=\"async\" class=\"aligncenter\" title=\"\" src=\"https:\/\/lh4.googleusercontent.com\/hL-mMSq_bzgR2YDxJspSmHY_p0DuiFpk3rQy9Y0YRoMuuN7yd8k5qOU3dQTyWVV-KD6RYVfo6dJYN6TMfrS2pB4FDiKBo9TAV7nfkvJg5NrE2-5yyxnlD4CsPoguSYxlyxI_B-LZ\" alt=\"\" width=\"400\" align=\"center\" \/><\/p>\n<p style=\"text-align: center;\"><strong>***<\/strong><\/p>\n<p>Reserve la fecha para nuestro saludo anual a los senadores, que se llevar\u00e1 a cabo al aire libre en el zool\u00f3gico infantil de Lincoln el\u00a0<strong>14 de septiembre.<\/strong><\/p>\n<p><a href=\"https:\/\/secure.actblue.com\/donate\/salute2021\"><strong>\u00a1Obtenga boletos y mesas ahora!<\/strong><\/a><\/p>\n<p><img decoding=\"async\" class=\"aligncenter\" title=\"\" src=\"https:\/\/lh4.googleusercontent.com\/YVapA4KBw7eS6iAThcIO8Wx6O8QwzM8BFrVA45fd5ji8cWCewregsuFjj92eiSEZsZlBfaVRPk4iuDIO0uaZNGQkUasN5dNaC59uUWzYTjuVsK0ZRJ7k54biwnCmhwzMOdtQMfEi\" alt=\"\" width=\"400\" align=\"center\" \/><\/p>\n<p style=\"text-align: center;\"><strong>***<\/strong><\/p>\n<p>El NDP ha lanzado un proyecto de oficina m\u00f3vil dise\u00f1ado para ayudar a nuestro partido a comunicarse mejor con nuestras comunidades en todo el estado y servirlas.<\/p>\n<p>Las oficinas m\u00f3viles nos permitir\u00e1n proporcionar a nuestras fiestas locales un kit completo y profesional que se puede utilizar para ferias, desfiles, campa\u00f1as de registro de votantes y m\u00e1s.<\/p>\n<p>Est\u00e1n disponibles para los partidos del condado, los caucus afiliados y los consejos pol\u00edticos y otros agentes dem\u00f3cratas en todo el estado.<\/p>\n<p>Como iniciativa de base, el proyecto se basa en el liderazgo y la participaci\u00f3n de los l\u00edderes locales. Aquellos que deseen solicitar una oficina m\u00f3vil deben estar preparados para devolver la oficina o ayudar a entregarla en su pr\u00f3xima ubicaci\u00f3n.<\/p>\n<p>Cada oficina m\u00f3vil contiene una carpa con dosel para uso al aire libre, pancarta de desfile, mesa, una colecci\u00f3n completa de literatura, una amplia gama de art\u00edculos b\u00e1sicos de mesa, botiqu\u00edn de primeros auxilios y componentes de exhibici\u00f3n opcionales a pedido.<\/p>\n<p><a href=\"https:\/\/docs.google.com\/forms\/d\/e\/1FAIpQLSfb2cJaDgZpgkmDj09RRHhDznOK0ynjKdL5tMrDccezGO3aLA\/viewform\"><strong>\u00a1Complete el formulario de solicitud de la oficina m\u00f3vil de NDP!<\/strong><\/a><\/p>\n<p><a href=\"https:\/\/nebraskadem.wpenginepowered.com\/ndp-rural-outreach\/\"><strong>Vea nuestra p\u00e1gina de Alcance Rural.<\/strong><\/a><\/p>\n<p><img decoding=\"async\" class=\"aligncenter\" title=\"\" src=\"https:\/\/lh4.googleusercontent.com\/5jzmhfPSFO-ph-V4pGh01Hib19nukUZApcarmk77uI0ITTdAl1TlzbHPE0aygbAIVrjgq-tUakzuoVN4yRfpBYoddPzny6DVlhchb3da-0161y4jStUSFs3DMBiF2nD-Ol5O3nxy\" alt=\"\" width=\"400\" align=\"center\" \/><\/p>\n<p style=\"text-align: center;\">***<\/p>\n<p>Nuestra serie de capacitaci\u00f3n para campa\u00f1as, dirigida por la senadora estatal Carol Blood, contin\u00faa.<\/p>\n<p><a href=\"https:\/\/www.mobilize.us\/nebdems\/event\/403695\/\"><strong>Reg\u00edstrate<\/strong><\/a><strong>\u00a0<\/strong>para la pr\u00f3xima sesi\u00f3n el 26 de septiembre: Falacias l\u00f3gicas: c\u00f3mo se utilizan declaraciones falsas para distorsionar temas en debates y campa\u00f1as pol\u00edticas.<\/p>\n<p><img decoding=\"async\" class=\"aligncenter\" title=\"\" src=\"https:\/\/lh4.googleusercontent.com\/L2QDbrh_K9wH-tyjxClHtEFNoUnFZwCOB_KWEQS7TWn8AN9quNg3xrm5LMXhMFjcGCej6v--1PkCcH9dlxGfg0tkysBFvZ3cIWZQt9mnrNtW_iilYcb92yK1w4SoXNhLEHAWwlt2\" alt=\"\" width=\"400\" align=\"center\" \/><\/p>\n<p style=\"text-align: center;\">***<\/p>\n<p>\u00bfCrees que sabes tus cosas?\u00a0<a href=\"https:\/\/secure.actblue.com\/donate\/ndptrivianight2021\"><strong>\u00a1\u00danase al NDP para una noche de diversi\u00f3n y trivia!<\/strong><\/a>\u00a0Cinco rondas de preguntas de trivia que van desde la pol\u00edtica actual, la pol\u00edtica pasada, la historia de Nebraska y mucho m\u00e1s. Toma tu equipo de seis, o si est\u00e1s solo, te emparejaremos con otros jugadores en solitario.<\/p>\n<p><strong>7 de noviembre de 2021:<\/strong>\u00a06:30 p. M. A 8:30 p. M. CT. A trav\u00e9s de Zoom<\/p>\n<p><img decoding=\"async\" class=\"aligncenter\" title=\"\" src=\"https:\/\/lh6.googleusercontent.com\/VhtrquEKym5wI02SRrks4xNjo0egWYwmSF1tGwfECldCL1-Fjaez8whE0zo0K_o9-2caaHTpyk4484EtckkXPRZtbpdvMIsop5lNSIJIv3rEEZAtQ85BnLSJm7bcFW0g6BnQY5M-\" alt=\"\" width=\"400\" align=\"center\" \/><\/p>\n<p style=\"text-align: center;\">***<\/p>\n<p>Ayude a construir el NDP y convi\u00e9rtase en un\u00a0<a href=\"https:\/\/secure.actblue.com\/donate\/blueneb?fbclid=IwAR22ngzk6ODmk6uB8vMd9D8QAmNbQ9jsennoQsUgH-kCnEMhG8hxgJZLHY8\"><strong>Donante mensual!<\/strong><\/a><\/p>\n<p>Unos 550 dem\u00f3cratas corrieron en carreras en Nebraska en 2020 y tuvieron una tasa de victorias del 71 por ciento. Muchos de los servicios que les ofrecimos a esos candidatos fueron reforzados por nuestros donantes mensuales.<\/p>\n<p style=\"text-align: center;\"><img decoding=\"async\" class=\"aligncenter\" title=\"\" src=\"https:\/\/can2-prod.s3.amazonaws.com\/uploads\/data\/000\/568\/585\/original\/monthly.png\" alt=\"\" width=\"400\" align=\"center\" \/><br \/>\n***<\/p>\n<p>\u00a1Se reanudaron las llamadas de bienvenida a la fiesta! Nos entusiasma cubrir temas como el registro de votantes y la redistribuci\u00f3n de distritos. Tambi\u00e9n daremos la palabra a nuestros caucus y consejos para que hablen sobre sus objetivos y c\u00f3mo pueden participar.<\/p>\n<p>La pr\u00f3xima llamada es\u00a0<a href=\"https:\/\/www.mobilize.us\/nebdems\/event\/284401\/\"><strong>17 de agosto<\/strong><\/a>\u00a0y discutir\u00e1 la plataforma del NDP.<\/p>\n<p>Si tiene sugerencias sobre temas a cubrir, env\u00ede un correo electr\u00f3nico\u00a0<a href=\"mailto:gina@nebraskademocrats.org\">gina@nebraskademocrats.org<\/a>.<\/p>\n<p><img decoding=\"async\" class=\"aligncenter\" title=\"\" src=\"https:\/\/lh6.googleusercontent.com\/ofmJ6-spTepQzTU_pOTGEm410iKfAVJXgbJt2QI_5skrXfI5Wuu1Z2CNkqS9Rq8It2-kZduWU4oQimWYmpVvs_FCKT-GawnjgGKlKCHqo1gEb-eXVgJUJojAgS8sCPZNenI_uWN_\" alt=\"\" width=\"400\" align=\"center\" \/><\/p>\n<p style=\"text-align: center;\">***<\/p>\n<p>\u00a1Sea voluntario del NDP!<\/p>\n<p><a href=\"https:\/\/www.mobilize.us\/nebdems\/event\/379336\/\"><strong>Complete \u00e9ste formulario<\/strong><\/a><strong>\u00a0<\/strong>y lo ayudaremos a encontrar un \u00e1rea que se adapte a sus talentos y tiempo. Necesitamos voluntarios para todo, desde la entrada de datos hasta tocar puertas, desde la correcci\u00f3n de pruebas hasta hablar en p\u00fablico. Si tiene alguna habilidad especial que le gustar\u00eda usar para construir la fiesta, agr\u00e9guela en los comentarios.<\/p>\n<p>Si desea ayudar, podemos ponerlo a trabajar.<\/p>\n<p><img decoding=\"async\" class=\"aligncenter\" title=\"\" src=\"https:\/\/lh6.googleusercontent.com\/Mi5WyVWkWriAAYUFN67oqGc2w22Im6l4_qeE6_rsBkt8YvSWWG-N-FM7xdH1yTucmpqs_OfF4RIunHRSqt8NLgqxwzRj-Z7wKHT35iwbiUngUs_1abRQxg_8JWvWPuREj30yS6V2\" alt=\"\" width=\"400\" align=\"center\" \/><\/p>\n<p style=\"text-align: center;\">***<\/p>\n<p>Obtenga su bot\u00edn de Biden y NDP en el\u00a0<a href=\"https:\/\/shirts101.store\/nebraska_democrats\/shop\/home\"><strong>Tienda NDP \/ Shirts 101!<\/strong><\/a><\/p>\n<p>\u00a1La tienda ahora cuenta con un fant\u00e1stico bot\u00edn de Jomaha \/ Blue Dot!<\/p>\n<p><img decoding=\"async\" class=\"aligncenter\" title=\"\" src=\"https:\/\/lh4.googleusercontent.com\/pJDWozBw3KrCfunlAy9caJjvbb7cQ5G8bBuLRliUoKmpG_YqEmI-aONsZOyT9qNxzhn8XF1Ju9eWLQEQnbxl2JYS4IjwCNtxGPCZHVPKY7N04B9PkBwdbYTW5ZxGqj_AMsZKalsA\" alt=\"\" width=\"400\" align=\"center\" \/><\/p>\n<p style=\"text-align: center;\">***<\/p>\n<p>Os dejamos esta semana con una representaci\u00f3n de\u00a0<strong>Bill Bramhall.<\/strong><\/p>\n<p><img decoding=\"async\" class=\"aligncenter\" title=\"\" src=\"https:\/\/can2-prod.s3.amazonaws.com\/uploads\/data\/000\/568\/590\/original\/your_turn.jpg\" alt=\"\" width=\"650\" align=\"center\" \/><\/p>\n<p>\u2013Por Kevin O&#039;Hanlon \/ Director de comunicaciones de NDP<\/p>\n<p><strong>NOTA:<\/strong>\u00a0Si desea recibir #NebDems News por correo electr\u00f3nico, env\u00edenos una nota a:\u00a0<a href=\"mailto:info@nebraskademocrats.org\"><strong>info@nebraskademocrats.org<\/strong><\/a><\/p>\n<p style=\"text-align: center;\">###<strong><br \/>\n<\/strong><strong><br \/>\n<\/strong><strong>FECHAS IMPORTANTES<\/strong><strong><br \/>\n<\/strong><\/p>\n<p><strong>14 de agosto:\u00a0<\/strong><a href=\"https:\/\/www.mobilize.us\/nebdems\/event\/395576\/\">Evento NDP Burgers and Beer en Scottsbluff<\/a><\/p>\n<p><strong>22 de agosto:\u00a0<\/strong><a href=\"https:\/\/www.mobilize.us\/nebdems\/event\/396886\/\">Evento NDP Burgers and Beer en Ft. Calhoun<\/a><\/p>\n<p><strong>1 de septiembre:\u00a0<\/strong><a href=\"https:\/\/docs.google.com\/forms\/d\/1zObT0X_3fS0urSD_x3heG84WBE7PZGQbQBFjgCf7eDM\/edit?ts=60f7444a\">Fecha l\u00edmite para las nominaciones para los premios NDP Morrison-Exon<\/a><\/p>\n<p><strong>13 de septiembre<\/strong>:\u00a0<a href=\"https:\/\/nebraskalegislature.gov\/\">Sesi\u00f3n legislativa especial sobre redistribuci\u00f3n de distritos<\/a><\/p>\n<p><strong>14 de septiembre:<\/strong>\u00a0<a href=\"https:\/\/secure.actblue.com\/donate\/salute2021\">Saludo a los senadores estatales<\/a><\/p>\n<p><strong>26 de septiembre:\u00a0<\/strong><a href=\"https:\/\/www.mobilize.us\/nebdems\/event\/403695\/\">Capacitaci\u00f3n de campa\u00f1a: falacias l\u00f3gicas<\/a><\/p>\n<p><strong>3 de octubre<\/strong>.\u00a0<a href=\"https:\/\/nebraskadem.wpenginepowered.com\/sccminutes\/\">Reuni\u00f3n de SCC<\/a><\/p>\n<p><strong>6 de noviembre<\/strong>:\u00a0<a href=\"https:\/\/secure.actblue.com\/donate\/2021ndpme\">Evento de Morrison-Exon<\/a><\/p>","protected":false},"excerpt":{"rendered":"<p>Gov.\u00a0Pete\u00a0Ricketts and Florida Gov. Ron DeSantis have joined a small group of GOP governors who seem bent on making sure their citizens contract COVID. They refuse to issue mask mandates or other restrictions and bluster and threaten when cities and counties try to implement the same. Ricketts has roundly rejected CDC guidelines for the pandemic &#8230; <a title=\"Cultivating COVID Crown and more &#8212; #NebDems News\" class=\"read-more\" href=\"https:\/\/nebraskademocrats.org\/es\/blog\/cultivating-covid-crown-and-more-nebdems-news\/\" aria-label=\"More on Cultivating COVID Crown and more &#8212; #NebDems News\">Lee mas<\/a><\/p>","protected":false},"author":19,"featured_media":0,"comment_status":"closed","ping_status":"closed","sticky":false,"template":"","format":"standard","meta":{"_acf_changed":false,"_exactmetrics_skip_tracking":false,"_exactmetrics_sitenote_active":false,"_exactmetrics_sitenote_note":"","_exactmetrics_sitenote_category":0,"footnotes":""},"categories":[1],"tags":[],"class_list":["post-34061","post","type-post","status-publish","format-standard","hentry","category-blog"],"acf":[],"yoast_head":"<!-- This site is optimized with the Yoast SEO plugin v27.4 - https:\/\/yoast.com\/product\/yoast-seo-wordpress\/ -->\n<title>Cultivating COVID Crown and more -- #NebDems News &#8211; Nebraska Democratic Party<\/title>\n<meta name=\"robots\" content=\"index, follow, max-snippet:-1, max-image-preview:large, max-video-preview:-1\" \/>\n<link rel=\"canonical\" href=\"https:\/\/nebraskademocrats.org\/es\/blog\/cultivating-covid-crown-and-more-nebdems-news\/\" \/>\n<meta property=\"og:locale\" content=\"es_MX\" \/>\n<meta property=\"og:type\" content=\"article\" \/>\n<meta property=\"og:title\" content=\"Cultivating COVID Crown and more -- #NebDems News &#8211; Nebraska Democratic Party\" \/>\n<meta property=\"og:description\" content=\"Gov.\u00a0Pete\u00a0Ricketts and Florida Gov. Ron DeSantis have joined a small group of GOP governors who seem bent on making sure their citizens contract COVID. They refuse to issue mask mandates or other restrictions and bluster and threaten when cities and counties try to implement the same. Ricketts has roundly rejected CDC guidelines for the pandemic ... Read more\" \/>\n<meta property=\"og:url\" content=\"https:\/\/nebraskademocrats.org\/es\/blog\/cultivating-covid-crown-and-more-nebdems-news\/\" \/>\n<meta property=\"og:site_name\" content=\"Nebraska Democratic Party\" \/>\n<meta property=\"article:publisher\" content=\"https:\/\/www.facebook.com\/NebraskaDemocraticParty\/\" \/>\n<meta property=\"article:published_time\" content=\"2021-08-13T18:44:28+00:00\" \/>\n<meta property=\"og:image\" content=\"https:\/\/nebraskadem.wpenginepowered.com\/wp-content\/uploads\/2018\/12\/NebDems-News-4-1024x569.png\" \/>\n<meta name=\"author\" content=\"Precious McKesson\" \/>\n<meta name=\"twitter:card\" content=\"summary_large_image\" \/>\n<meta name=\"twitter:creator\" content=\"@nebraskadems\" \/>\n<meta name=\"twitter:site\" content=\"@nebraskadems\" \/>\n<meta name=\"twitter:label1\" content=\"Escrito por\" \/>\n\t<meta name=\"twitter:data1\" content=\"Precious McKesson\" \/>\n\t<meta name=\"twitter:label2\" content=\"Tiempo de lectura\" \/>\n\t<meta name=\"twitter:data2\" content=\"10 minutos\" \/>\n<script type=\"application\/ld+json\" class=\"yoast-schema-graph\">{\"@context\":\"https:\\\/\\\/schema.org\",\"@graph\":[{\"@type\":\"Article\",\"@id\":\"https:\\\/\\\/nebraskademocrats.org\\\/es\\\/blog\\\/cultivating-covid-crown-and-more-nebdems-news\\\/#article\",\"isPartOf\":{\"@id\":\"https:\\\/\\\/nebraskademocrats.org\\\/es\\\/blog\\\/cultivating-covid-crown-and-more-nebdems-news\\\/\"},\"author\":{\"name\":\"Precious McKesson\",\"@id\":\"https:\\\/\\\/nebraskademocrats.org\\\/#\\\/schema\\\/person\\\/33e011ea0795f404810dc40828bcf289\"},\"headline\":\"Cultivating COVID Crown and more &#8212; #NebDems News\",\"datePublished\":\"2021-08-13T18:44:28+00:00\",\"mainEntityOfPage\":{\"@id\":\"https:\\\/\\\/nebraskademocrats.org\\\/es\\\/blog\\\/cultivating-covid-crown-and-more-nebdems-news\\\/\"},\"wordCount\":1419,\"publisher\":{\"@id\":\"https:\\\/\\\/nebraskademocrats.org\\\/#organization\"},\"image\":{\"@id\":\"https:\\\/\\\/nebraskademocrats.org\\\/es\\\/blog\\\/cultivating-covid-crown-and-more-nebdems-news\\\/#primaryimage\"},\"thumbnailUrl\":\"https:\\\/\\\/nebraskadem.wpenginepowered.com\\\/wp-content\\\/uploads\\\/2018\\\/12\\\/NebDems-News-4-1024x569.png\",\"articleSection\":[\"NDP Blog\"],\"inLanguage\":\"es\"},{\"@type\":\"WebPage\",\"@id\":\"https:\\\/\\\/nebraskademocrats.org\\\/es\\\/blog\\\/cultivating-covid-crown-and-more-nebdems-news\\\/\",\"url\":\"https:\\\/\\\/nebraskademocrats.org\\\/es\\\/blog\\\/cultivating-covid-crown-and-more-nebdems-news\\\/\",\"name\":\"Cultivating COVID Crown and more -- #NebDems News &#8211; Nebraska Democratic Party\",\"isPartOf\":{\"@id\":\"https:\\\/\\\/nebraskademocrats.org\\\/#website\"},\"primaryImageOfPage\":{\"@id\":\"https:\\\/\\\/nebraskademocrats.org\\\/es\\\/blog\\\/cultivating-covid-crown-and-more-nebdems-news\\\/#primaryimage\"},\"image\":{\"@id\":\"https:\\\/\\\/nebraskademocrats.org\\\/es\\\/blog\\\/cultivating-covid-crown-and-more-nebdems-news\\\/#primaryimage\"},\"thumbnailUrl\":\"https:\\\/\\\/nebraskadem.wpenginepowered.com\\\/wp-content\\\/uploads\\\/2018\\\/12\\\/NebDems-News-4-1024x569.png\",\"datePublished\":\"2021-08-13T18:44:28+00:00\",\"breadcrumb\":{\"@id\":\"https:\\\/\\\/nebraskademocrats.org\\\/es\\\/blog\\\/cultivating-covid-crown-and-more-nebdems-news\\\/#breadcrumb\"},\"inLanguage\":\"es\",\"potentialAction\":[{\"@type\":\"ReadAction\",\"target\":[\"https:\\\/\\\/nebraskademocrats.org\\\/es\\\/blog\\\/cultivating-covid-crown-and-more-nebdems-news\\\/\"]}]},{\"@type\":\"ImageObject\",\"inLanguage\":\"es\",\"@id\":\"https:\\\/\\\/nebraskademocrats.org\\\/es\\\/blog\\\/cultivating-covid-crown-and-more-nebdems-news\\\/#primaryimage\",\"url\":\"https:\\\/\\\/nebraskadem.wpenginepowered.com\\\/wp-content\\\/uploads\\\/2018\\\/12\\\/NebDems-News-4-1024x569.png\",\"contentUrl\":\"https:\\\/\\\/nebraskadem.wpenginepowered.com\\\/wp-content\\\/uploads\\\/2018\\\/12\\\/NebDems-News-4-1024x569.png\"},{\"@type\":\"BreadcrumbList\",\"@id\":\"https:\\\/\\\/nebraskademocrats.org\\\/es\\\/blog\\\/cultivating-covid-crown-and-more-nebdems-news\\\/#breadcrumb\",\"itemListElement\":[{\"@type\":\"ListItem\",\"position\":1,\"name\":\"Home\",\"item\":\"https:\\\/\\\/nebraskademocrats.org\\\/\"},{\"@type\":\"ListItem\",\"position\":2,\"name\":\"Cultivating COVID Crown and more &#8212; #NebDems News\"}]},{\"@type\":\"WebSite\",\"@id\":\"https:\\\/\\\/nebraskademocrats.org\\\/#website\",\"url\":\"https:\\\/\\\/nebraskademocrats.org\\\/\",\"name\":\"Nebraska Democratic Party\",\"description\":\"Growing the Good Life for All Nebraskans\",\"publisher\":{\"@id\":\"https:\\\/\\\/nebraskademocrats.org\\\/#organization\"},\"potentialAction\":[{\"@type\":\"SearchAction\",\"target\":{\"@type\":\"EntryPoint\",\"urlTemplate\":\"https:\\\/\\\/nebraskademocrats.org\\\/?s={search_term_string}\"},\"query-input\":{\"@type\":\"PropertyValueSpecification\",\"valueRequired\":true,\"valueName\":\"search_term_string\"}}],\"inLanguage\":\"es\"},{\"@type\":\"Organization\",\"@id\":\"https:\\\/\\\/nebraskademocrats.org\\\/#organization\",\"name\":\"Nebraska Democratic Party\",\"url\":\"https:\\\/\\\/nebraskademocrats.org\\\/\",\"logo\":{\"@type\":\"ImageObject\",\"inLanguage\":\"es\",\"@id\":\"https:\\\/\\\/nebraskademocrats.org\\\/#\\\/schema\\\/logo\\\/image\\\/\",\"url\":\"https:\\\/\\\/nebraskadem.wpenginepowered.com\\\/wp-content\\\/uploads\\\/2016\\\/05\\\/NDP2.jpg\",\"contentUrl\":\"https:\\\/\\\/nebraskadem.wpenginepowered.com\\\/wp-content\\\/uploads\\\/2016\\\/05\\\/NDP2.jpg\",\"width\":1000,\"height\":396,\"caption\":\"Nebraska Democratic Party\"},\"image\":{\"@id\":\"https:\\\/\\\/nebraskademocrats.org\\\/#\\\/schema\\\/logo\\\/image\\\/\"},\"sameAs\":[\"https:\\\/\\\/www.facebook.com\\\/NebraskaDemocraticParty\\\/\",\"https:\\\/\\\/x.com\\\/nebraskadems\"]},{\"@type\":\"Person\",\"@id\":\"https:\\\/\\\/nebraskademocrats.org\\\/#\\\/schema\\\/person\\\/33e011ea0795f404810dc40828bcf289\",\"name\":\"Precious McKesson\",\"image\":{\"@type\":\"ImageObject\",\"inLanguage\":\"es\",\"@id\":\"https:\\\/\\\/secure.gravatar.com\\\/avatar\\\/35046e19b3373116ec64c07d386d3312028d3820dc0ffe65c344bcebc8ea9194?s=96&d=mm&r=g\",\"url\":\"https:\\\/\\\/secure.gravatar.com\\\/avatar\\\/35046e19b3373116ec64c07d386d3312028d3820dc0ffe65c344bcebc8ea9194?s=96&d=mm&r=g\",\"contentUrl\":\"https:\\\/\\\/secure.gravatar.com\\\/avatar\\\/35046e19b3373116ec64c07d386d3312028d3820dc0ffe65c344bcebc8ea9194?s=96&d=mm&r=g\",\"caption\":\"Precious McKesson\"}}]}<\/script>\n<!-- \/ Yoast SEO plugin. -->","yoast_head_json":{"title":"Cultivating COVID Crown and more -- #NebDems News &#8211; Nebraska Democratic Party","robots":{"index":"index","follow":"follow","max-snippet":"max-snippet:-1","max-image-preview":"max-image-preview:large","max-video-preview":"max-video-preview:-1"},"canonical":"https:\/\/nebraskademocrats.org\/es\/blog\/cultivating-covid-crown-and-more-nebdems-news\/","og_locale":"es_MX","og_type":"article","og_title":"Cultivating COVID Crown and more -- #NebDems News &#8211; Nebraska Democratic Party","og_description":"Gov.\u00a0Pete\u00a0Ricketts and Florida Gov. Ron DeSantis have joined a small group of GOP governors who seem bent on making sure their citizens contract COVID. They refuse to issue mask mandates or other restrictions and bluster and threaten when cities and counties try to implement the same. Ricketts has roundly rejected CDC guidelines for the pandemic ... Read more","og_url":"https:\/\/nebraskademocrats.org\/es\/blog\/cultivating-covid-crown-and-more-nebdems-news\/","og_site_name":"Nebraska Democratic Party","article_publisher":"https:\/\/www.facebook.com\/NebraskaDemocraticParty\/","article_published_time":"2021-08-13T18:44:28+00:00","og_image":[{"url":"https:\/\/nebraskadem.wpenginepowered.com\/wp-content\/uploads\/2018\/12\/NebDems-News-4-1024x569.png","type":"","width":"","height":""}],"author":"Precious McKesson","twitter_card":"summary_large_image","twitter_creator":"@nebraskadems","twitter_site":"@nebraskadems","twitter_misc":{"Escrito por":"Precious McKesson","Tiempo de lectura":"10 minutos"},"schema":{"@context":"https:\/\/schema.org","@graph":[{"@type":"Article","@id":"https:\/\/nebraskademocrats.org\/es\/blog\/cultivating-covid-crown-and-more-nebdems-news\/#article","isPartOf":{"@id":"https:\/\/nebraskademocrats.org\/es\/blog\/cultivating-covid-crown-and-more-nebdems-news\/"},"author":{"name":"Precious McKesson","@id":"https:\/\/nebraskademocrats.org\/#\/schema\/person\/33e011ea0795f404810dc40828bcf289"},"headline":"Cultivating COVID Crown and more &#8212; #NebDems News","datePublished":"2021-08-13T18:44:28+00:00","mainEntityOfPage":{"@id":"https:\/\/nebraskademocrats.org\/es\/blog\/cultivating-covid-crown-and-more-nebdems-news\/"},"wordCount":1419,"publisher":{"@id":"https:\/\/nebraskademocrats.org\/#organization"},"image":{"@id":"https:\/\/nebraskademocrats.org\/es\/blog\/cultivating-covid-crown-and-more-nebdems-news\/#primaryimage"},"thumbnailUrl":"https:\/\/nebraskadem.wpenginepowered.com\/wp-content\/uploads\/2018\/12\/NebDems-News-4-1024x569.png","articleSection":["NDP Blog"],"inLanguage":"es"},{"@type":"WebPage","@id":"https:\/\/nebraskademocrats.org\/es\/blog\/cultivating-covid-crown-and-more-nebdems-news\/","url":"https:\/\/nebraskademocrats.org\/es\/blog\/cultivating-covid-crown-and-more-nebdems-news\/","name":"Cultivating COVID Crown and more -- #NebDems News &#8211; Nebraska Democratic Party","isPartOf":{"@id":"https:\/\/nebraskademocrats.org\/#website"},"primaryImageOfPage":{"@id":"https:\/\/nebraskademocrats.org\/es\/blog\/cultivating-covid-crown-and-more-nebdems-news\/#primaryimage"},"image":{"@id":"https:\/\/nebraskademocrats.org\/es\/blog\/cultivating-covid-crown-and-more-nebdems-news\/#primaryimage"},"thumbnailUrl":"https:\/\/nebraskadem.wpenginepowered.com\/wp-content\/uploads\/2018\/12\/NebDems-News-4-1024x569.png","datePublished":"2021-08-13T18:44:28+00:00","breadcrumb":{"@id":"https:\/\/nebraskademocrats.org\/es\/blog\/cultivating-covid-crown-and-more-nebdems-news\/#breadcrumb"},"inLanguage":"es","potentialAction":[{"@type":"ReadAction","target":["https:\/\/nebraskademocrats.org\/es\/blog\/cultivating-covid-crown-and-more-nebdems-news\/"]}]},{"@type":"ImageObject","inLanguage":"es","@id":"https:\/\/nebraskademocrats.org\/es\/blog\/cultivating-covid-crown-and-more-nebdems-news\/#primaryimage","url":"https:\/\/nebraskadem.wpenginepowered.com\/wp-content\/uploads\/2018\/12\/NebDems-News-4-1024x569.png","contentUrl":"https:\/\/nebraskadem.wpenginepowered.com\/wp-content\/uploads\/2018\/12\/NebDems-News-4-1024x569.png"},{"@type":"BreadcrumbList","@id":"https:\/\/nebraskademocrats.org\/es\/blog\/cultivating-covid-crown-and-more-nebdems-news\/#breadcrumb","itemListElement":[{"@type":"ListItem","position":1,"name":"Home","item":"https:\/\/nebraskademocrats.org\/"},{"@type":"ListItem","position":2,"name":"Cultivating COVID Crown and more &#8212; #NebDems News"}]},{"@type":"WebSite","@id":"https:\/\/nebraskademocrats.org\/#website","url":"https:\/\/nebraskademocrats.org\/","name":"Partido Dem\u00f3crata de Nebraska","description":"Cultivando la buena vida para todos los nebraskenses","publisher":{"@id":"https:\/\/nebraskademocrats.org\/#organization"},"potentialAction":[{"@type":"SearchAction","target":{"@type":"EntryPoint","urlTemplate":"https:\/\/nebraskademocrats.org\/?s={search_term_string}"},"query-input":{"@type":"PropertyValueSpecification","valueRequired":true,"valueName":"search_term_string"}}],"inLanguage":"es"},{"@type":"Organization","@id":"https:\/\/nebraskademocrats.org\/#organization","name":"Partido Dem\u00f3crata de Nebraska","url":"https:\/\/nebraskademocrats.org\/","logo":{"@type":"ImageObject","inLanguage":"es","@id":"https:\/\/nebraskademocrats.org\/#\/schema\/logo\/image\/","url":"https:\/\/nebraskadem.wpenginepowered.com\/wp-content\/uploads\/2016\/05\/NDP2.jpg","contentUrl":"https:\/\/nebraskadem.wpenginepowered.com\/wp-content\/uploads\/2016\/05\/NDP2.jpg","width":1000,"height":396,"caption":"Nebraska Democratic Party"},"image":{"@id":"https:\/\/nebraskademocrats.org\/#\/schema\/logo\/image\/"},"sameAs":["https:\/\/www.facebook.com\/NebraskaDemocraticParty\/","https:\/\/x.com\/nebraskadems"]},{"@type":"Person","@id":"https:\/\/nebraskademocrats.org\/#\/schema\/person\/33e011ea0795f404810dc40828bcf289","name":"Precioso McKesson","image":{"@type":"ImageObject","inLanguage":"es","@id":"https:\/\/secure.gravatar.com\/avatar\/35046e19b3373116ec64c07d386d3312028d3820dc0ffe65c344bcebc8ea9194?s=96&d=mm&r=g","url":"https:\/\/secure.gravatar.com\/avatar\/35046e19b3373116ec64c07d386d3312028d3820dc0ffe65c344bcebc8ea9194?s=96&d=mm&r=g","contentUrl":"https:\/\/secure.gravatar.com\/avatar\/35046e19b3373116ec64c07d386d3312028d3820dc0ffe65c344bcebc8ea9194?s=96&d=mm&r=g","caption":"Precious McKesson"}}]}},"_links":{"self":[{"href":"https:\/\/nebraskademocrats.org\/es\/wp-json\/wp\/v2\/posts\/34061","targetHints":{"allow":["GET"]}}],"collection":[{"href":"https:\/\/nebraskademocrats.org\/es\/wp-json\/wp\/v2\/posts"}],"about":[{"href":"https:\/\/nebraskademocrats.org\/es\/wp-json\/wp\/v2\/types\/post"}],"author":[{"embeddable":true,"href":"https:\/\/nebraskademocrats.org\/es\/wp-json\/wp\/v2\/users\/19"}],"replies":[{"embeddable":true,"href":"https:\/\/nebraskademocrats.org\/es\/wp-json\/wp\/v2\/comments?post=34061"}],"version-history":[{"count":0,"href":"https:\/\/nebraskademocrats.org\/es\/wp-json\/wp\/v2\/posts\/34061\/revisions"}],"wp:attachment":[{"href":"https:\/\/nebraskademocrats.org\/es\/wp-json\/wp\/v2\/media?parent=34061"}],"wp:term":[{"taxonomy":"category","embeddable":true,"href":"https:\/\/nebraskademocrats.org\/es\/wp-json\/wp\/v2\/categories?post=34061"},{"taxonomy":"post_tag","embeddable":true,"href":"https:\/\/nebraskademocrats.org\/es\/wp-json\/wp\/v2\/tags?post=34061"}],"curies":[{"name":"wp","href":"https:\/\/api.w.org\/{rel}","templated":true}]}}