{"id":36410,"date":"2022-02-23T12:24:49","date_gmt":"2022-02-23T18:24:49","guid":{"rendered":"https:\/\/nebraskadem.wpenginepowered.com\/?p=36410"},"modified":"2022-02-23T12:24:49","modified_gmt":"2022-02-23T18:24:49","slug":"press-release-precious-mckesson-named-executive-director-of-the-ndp","status":"publish","type":"post","link":"https:\/\/nebraskademocrats.org\/es\/press-releases\/press-release-precious-mckesson-named-executive-director-of-the-ndp\/","title":{"rendered":"Comunicado de prensa: Precious McKesson nombrada directora ejecutiva del NDP"},"content":{"rendered":"<p><span style=\"font-weight: 400;\">El agente pol\u00edtico veterano Precious McKesson ha sido nombrado director ejecutivo del Nebraska Democratic Party. Jim Rogers, quien sirvi\u00f3 al partido en varios roles durante la \u00faltima d\u00e9cada, dejar\u00e1 el cargo y pasar\u00e1 al sector privado.<\/span><span style=\"font-weight: 400;\"><br \/>\n<\/span><span style=\"font-weight: 400;\"><br \/>\n<\/span><span style=\"font-weight: 400;\">\u201cJim ha servido a nuestro partido durante m\u00e1s de ocho a\u00f1os como director ejecutivo y m\u00e1s de 10 en otros roles bajo cinco presidentes diferentes: yo, el presidente Powers, el presidente Covalt, el presidente Achelpohl y el presidente Boyle\u201d, dijo la presidenta del NDP, Jane Kleeb. \u201cJim fue un aliado, equipado para lidiar con situaciones dif\u00edciles, respet\u00f3 a todos los l\u00edderes de nuestros partidos voluntarios y trabaj\u00f3 con candidatos de las juntas escolares al Senado de los EE. UU. para ayudarlos a ganar. Ha sido un honor servir junto a Jim mientras dirig\u00eda al personal del NDP y ayudaba a construir nuestro partido\u201d.<\/span><\/p>\n<p><span style=\"font-weight: 400;\">McKesson asumir\u00e1 el cargo de Director Ejecutivo a fines de marzo. Ella<\/span><span style=\"font-weight: 400;\"> se ha desempe\u00f1ado como Director de Finanzas para el NDP y fue el Director Pol\u00edtico de Nebraska en la Campa\u00f1a Joe Biden para Presidente 2020 cuando CD2 entreg\u00f3 una victoria clave para el Presidente. McKesson fue la primera mujer afroamericana en servir como electora del Partido Dem\u00f3crata en Nebraska, haciendo historia con el presidente Biden y el vicepresidente Harris.<\/span><\/p>\n<p><span style=\"font-weight: 400;\"><img fetchpriority=\"high\" decoding=\"async\" class=\"wp-image-28326 alignleft\" src=\"https:\/\/nebraskadem.wpenginepowered.com\/wp-content\/uploads\/2020\/12\/Precious-mug.jpg\" alt=\"\" width=\"218\" height=\"327\" srcset=\"https:\/\/nebraskademocrats.org\/wp-content\/uploads\/2020\/12\/Precious-mug.jpg 427w, https:\/\/nebraskademocrats.org\/wp-content\/uploads\/2020\/12\/elementor\/thumbs\/Precious-mug-qn27qdgoot7on5u9x2qh0wa1y2fqhuc7jfkik18reg.jpg 200w, https:\/\/nebraskademocrats.org\/wp-content\/uploads\/2020\/12\/Precious-mug-8x12.jpg 8w\" sizes=\"(max-width: 218px) 100vw, 218px\" \/>Fue nombrada por Biden en 2021 como <\/span><span style=\"font-weight: 400;\">asistente especial en la Oficina de Comunicaciones y Difusi\u00f3n del Departamento de Educaci\u00f3n, con sede en Washington, DC\u00a0<\/span><\/p>\n<p><span style=\"font-weight: 400;\">\u201cEstoy emocionado de regresar a Nebraska como director ejecutivo de Nebraska Democratic Party junto con el presidente Kleeb y todos los l\u00edderes de base\u201d, dijo McKesson. \u201cFue un honor trabajar en la administraci\u00f3n Biden-Harris bajo el liderazgo del Secretario de Educaci\u00f3n de los Estados Unidos, Miguel Cardona. Espero trabajar de cerca con nuestros candidatos dem\u00f3cratas mientras buscamos cambiar los esca\u00f1os de rojo a azul en Nebrask.<\/span><span style=\"font-weight: 400;\">a.&quot;<\/span><\/p>\n<p><span style=\"font-weight: 400;\">McKesson, 43, <\/span><span style=\"font-weight: 400;\">es un orgulloso graduado de las Escuelas P\u00fablicas de Omaha. Luego sigui\u00f3 una carrera en el ej\u00e9rcito de los EE. UU. y recibi\u00f3 una baja m\u00e9dica honorable. Asisti\u00f3 a la universidad en Birmingham, Alabama, antes de regresar a Omaha para criar a su hija.<\/span><span style=\"font-weight: 400;\"><br \/>\n<\/span><span style=\"font-weight: 400;\"><br \/>\n<\/span><span style=\"font-weight: 400;\">\u201cPrecious se compromete a garantizar que todas las voces sean escuchadas y representadas en nuestro partido. Desde la organizaci\u00f3n puerta a puerta hasta la creaci\u00f3n de eventos y la capacitaci\u00f3n de candidatos en todos los niveles, Precious conoce el trabajo que tenemos por delante como partido y tiene la pasi\u00f3n y las habilidades para hacer el trabajo\u201d, dijo Kleeb. \u201cNuestro partido se enorgullece de tener a Precious como nuestra pr\u00f3xima directora ejecutiva y espera que mantenga a los republicanos responsables y elija a los dem\u00f3cratas en todo nuestro gran estado\u201d.\u00a0<\/span><\/p>","protected":false},"excerpt":{"rendered":"<p>Veteran political operative Precious McKesson has been named executive director of the Nebraska Democratic Party. Jim Rogers, who served the party in various roles over the last decade, is leaving the post and transitioning to the private sector. \u201cJim has served our party for over eight years as executive director and over 10 in other &#8230; <a title=\"Comunicado de prensa: Precious McKesson nombrada directora ejecutiva del NDP\" class=\"read-more\" href=\"https:\/\/nebraskademocrats.org\/es\/press-releases\/press-release-precious-mckesson-named-executive-director-of-the-ndp\/\" aria-label=\"More on Press release: Precious McKesson Named Executive Director of the NDP\">Lee mas<\/a><\/p>","protected":false},"author":19,"featured_media":0,"comment_status":"closed","ping_status":"closed","sticky":false,"template":"","format":"standard","meta":{"_acf_changed":false,"_exactmetrics_skip_tracking":false,"_exactmetrics_sitenote_active":false,"_exactmetrics_sitenote_note":"","_exactmetrics_sitenote_category":0,"footnotes":""},"categories":[4],"tags":[],"class_list":["post-36410","post","type-post","status-publish","format-standard","hentry","category-press-releases"],"acf":[],"yoast_head":"<!-- This site is optimized with the Yoast SEO plugin v27.4 - https:\/\/yoast.com\/product\/yoast-seo-wordpress\/ -->\n<title>Press release: Precious McKesson Named Executive Director of the NDP &#8211; Nebraska Democratic Party<\/title>\n<meta name=\"robots\" content=\"index, follow, max-snippet:-1, max-image-preview:large, max-video-preview:-1\" \/>\n<link rel=\"canonical\" href=\"https:\/\/nebraskademocrats.org\/es\/press-releases\/press-release-precious-mckesson-named-executive-director-of-the-ndp\/\" \/>\n<meta property=\"og:locale\" content=\"es_MX\" \/>\n<meta property=\"og:type\" content=\"article\" \/>\n<meta property=\"og:title\" content=\"Press release: Precious McKesson Named Executive Director of the NDP &#8211; Nebraska Democratic Party\" \/>\n<meta property=\"og:description\" content=\"Veteran political operative Precious McKesson has been named executive director of the Nebraska Democratic Party. Jim Rogers, who served the party in various roles over the last decade, is leaving the post and transitioning to the private sector. \u201cJim has served our party for over eight years as executive director and over 10 in other ... Read more\" \/>\n<meta property=\"og:url\" content=\"https:\/\/nebraskademocrats.org\/es\/press-releases\/press-release-precious-mckesson-named-executive-director-of-the-ndp\/\" \/>\n<meta property=\"og:site_name\" content=\"Nebraska Democratic Party\" \/>\n<meta property=\"article:publisher\" content=\"https:\/\/www.facebook.com\/NebraskaDemocraticParty\/\" \/>\n<meta property=\"article:published_time\" content=\"2022-02-23T18:24:49+00:00\" \/>\n<meta property=\"og:image\" content=\"https:\/\/nebraskadem.wpenginepowered.com\/wp-content\/uploads\/2020\/12\/Precious-mug.jpg\" \/>\n<meta name=\"author\" content=\"Precious McKesson\" \/>\n<meta name=\"twitter:card\" content=\"summary_large_image\" \/>\n<meta name=\"twitter:creator\" content=\"@nebraskadems\" \/>\n<meta name=\"twitter:site\" content=\"@nebraskadems\" \/>\n<meta name=\"twitter:label1\" content=\"Escrito por\" \/>\n\t<meta name=\"twitter:data1\" content=\"Precious McKesson\" \/>\n\t<meta name=\"twitter:label2\" content=\"Tiempo de lectura\" \/>\n\t<meta name=\"twitter:data2\" content=\"3 minutos\" \/>\n<script type=\"application\/ld+json\" class=\"yoast-schema-graph\">{\"@context\":\"https:\\\/\\\/schema.org\",\"@graph\":[{\"@type\":\"Article\",\"@id\":\"https:\\\/\\\/nebraskademocrats.org\\\/press-releases\\\/press-release-precious-mckesson-named-executive-director-of-the-ndp\\\/#article\",\"isPartOf\":{\"@id\":\"https:\\\/\\\/nebraskademocrats.org\\\/press-releases\\\/press-release-precious-mckesson-named-executive-director-of-the-ndp\\\/\"},\"author\":{\"name\":\"Precious McKesson\",\"@id\":\"https:\\\/\\\/nebraskademocrats.org\\\/#\\\/schema\\\/person\\\/33e011ea0795f404810dc40828bcf289\"},\"headline\":\"Press release: Precious McKesson Named Executive Director of the NDP\",\"datePublished\":\"2022-02-23T18:24:49+00:00\",\"mainEntityOfPage\":{\"@id\":\"https:\\\/\\\/nebraskademocrats.org\\\/press-releases\\\/press-release-precious-mckesson-named-executive-director-of-the-ndp\\\/\"},\"wordCount\":423,\"publisher\":{\"@id\":\"https:\\\/\\\/nebraskademocrats.org\\\/#organization\"},\"image\":{\"@id\":\"https:\\\/\\\/nebraskademocrats.org\\\/press-releases\\\/press-release-precious-mckesson-named-executive-director-of-the-ndp\\\/#primaryimage\"},\"thumbnailUrl\":\"https:\\\/\\\/nebraskadem.wpenginepowered.com\\\/wp-content\\\/uploads\\\/2020\\\/12\\\/Precious-mug.jpg\",\"articleSection\":[\"Press Releases\"],\"inLanguage\":\"es\"},{\"@type\":\"WebPage\",\"@id\":\"https:\\\/\\\/nebraskademocrats.org\\\/press-releases\\\/press-release-precious-mckesson-named-executive-director-of-the-ndp\\\/\",\"url\":\"https:\\\/\\\/nebraskademocrats.org\\\/press-releases\\\/press-release-precious-mckesson-named-executive-director-of-the-ndp\\\/\",\"name\":\"Press release: Precious McKesson Named Executive Director of the NDP &#8211; Nebraska Democratic Party\",\"isPartOf\":{\"@id\":\"https:\\\/\\\/nebraskademocrats.org\\\/#website\"},\"primaryImageOfPage\":{\"@id\":\"https:\\\/\\\/nebraskademocrats.org\\\/press-releases\\\/press-release-precious-mckesson-named-executive-director-of-the-ndp\\\/#primaryimage\"},\"image\":{\"@id\":\"https:\\\/\\\/nebraskademocrats.org\\\/press-releases\\\/press-release-precious-mckesson-named-executive-director-of-the-ndp\\\/#primaryimage\"},\"thumbnailUrl\":\"https:\\\/\\\/nebraskadem.wpenginepowered.com\\\/wp-content\\\/uploads\\\/2020\\\/12\\\/Precious-mug.jpg\",\"datePublished\":\"2022-02-23T18:24:49+00:00\",\"breadcrumb\":{\"@id\":\"https:\\\/\\\/nebraskademocrats.org\\\/press-releases\\\/press-release-precious-mckesson-named-executive-director-of-the-ndp\\\/#breadcrumb\"},\"inLanguage\":\"es\",\"potentialAction\":[{\"@type\":\"ReadAction\",\"target\":[\"https:\\\/\\\/nebraskademocrats.org\\\/press-releases\\\/press-release-precious-mckesson-named-executive-director-of-the-ndp\\\/\"]}]},{\"@type\":\"ImageObject\",\"inLanguage\":\"es\",\"@id\":\"https:\\\/\\\/nebraskademocrats.org\\\/press-releases\\\/press-release-precious-mckesson-named-executive-director-of-the-ndp\\\/#primaryimage\",\"url\":\"https:\\\/\\\/nebraskadem.wpenginepowered.com\\\/wp-content\\\/uploads\\\/2020\\\/12\\\/Precious-mug.jpg\",\"contentUrl\":\"https:\\\/\\\/nebraskadem.wpenginepowered.com\\\/wp-content\\\/uploads\\\/2020\\\/12\\\/Precious-mug.jpg\"},{\"@type\":\"BreadcrumbList\",\"@id\":\"https:\\\/\\\/nebraskademocrats.org\\\/press-releases\\\/press-release-precious-mckesson-named-executive-director-of-the-ndp\\\/#breadcrumb\",\"itemListElement\":[{\"@type\":\"ListItem\",\"position\":1,\"name\":\"Home\",\"item\":\"https:\\\/\\\/nebraskademocrats.org\\\/\"},{\"@type\":\"ListItem\",\"position\":2,\"name\":\"Press release: Precious McKesson Named Executive Director of the NDP\"}]},{\"@type\":\"WebSite\",\"@id\":\"https:\\\/\\\/nebraskademocrats.org\\\/#website\",\"url\":\"https:\\\/\\\/nebraskademocrats.org\\\/\",\"name\":\"Nebraska Democratic Party\",\"description\":\"Growing the Good Life for All Nebraskans\",\"publisher\":{\"@id\":\"https:\\\/\\\/nebraskademocrats.org\\\/#organization\"},\"potentialAction\":[{\"@type\":\"SearchAction\",\"target\":{\"@type\":\"EntryPoint\",\"urlTemplate\":\"https:\\\/\\\/nebraskademocrats.org\\\/?s={search_term_string}\"},\"query-input\":{\"@type\":\"PropertyValueSpecification\",\"valueRequired\":true,\"valueName\":\"search_term_string\"}}],\"inLanguage\":\"es\"},{\"@type\":\"Organization\",\"@id\":\"https:\\\/\\\/nebraskademocrats.org\\\/#organization\",\"name\":\"Nebraska Democratic Party\",\"url\":\"https:\\\/\\\/nebraskademocrats.org\\\/\",\"logo\":{\"@type\":\"ImageObject\",\"inLanguage\":\"es\",\"@id\":\"https:\\\/\\\/nebraskademocrats.org\\\/#\\\/schema\\\/logo\\\/image\\\/\",\"url\":\"https:\\\/\\\/nebraskadem.wpenginepowered.com\\\/wp-content\\\/uploads\\\/2016\\\/05\\\/NDP2.jpg\",\"contentUrl\":\"https:\\\/\\\/nebraskadem.wpenginepowered.com\\\/wp-content\\\/uploads\\\/2016\\\/05\\\/NDP2.jpg\",\"width\":1000,\"height\":396,\"caption\":\"Nebraska Democratic Party\"},\"image\":{\"@id\":\"https:\\\/\\\/nebraskademocrats.org\\\/#\\\/schema\\\/logo\\\/image\\\/\"},\"sameAs\":[\"https:\\\/\\\/www.facebook.com\\\/NebraskaDemocraticParty\\\/\",\"https:\\\/\\\/x.com\\\/nebraskadems\"]},{\"@type\":\"Person\",\"@id\":\"https:\\\/\\\/nebraskademocrats.org\\\/#\\\/schema\\\/person\\\/33e011ea0795f404810dc40828bcf289\",\"name\":\"Precious McKesson\",\"image\":{\"@type\":\"ImageObject\",\"inLanguage\":\"es\",\"@id\":\"https:\\\/\\\/secure.gravatar.com\\\/avatar\\\/35046e19b3373116ec64c07d386d3312028d3820dc0ffe65c344bcebc8ea9194?s=96&d=mm&r=g\",\"url\":\"https:\\\/\\\/secure.gravatar.com\\\/avatar\\\/35046e19b3373116ec64c07d386d3312028d3820dc0ffe65c344bcebc8ea9194?s=96&d=mm&r=g\",\"contentUrl\":\"https:\\\/\\\/secure.gravatar.com\\\/avatar\\\/35046e19b3373116ec64c07d386d3312028d3820dc0ffe65c344bcebc8ea9194?s=96&d=mm&r=g\",\"caption\":\"Precious McKesson\"}}]}<\/script>\n<!-- \/ Yoast SEO plugin. -->","yoast_head_json":{"title":"Press release: Precious McKesson Named Executive Director of the NDP &#8211; Nebraska Democratic Party","robots":{"index":"index","follow":"follow","max-snippet":"max-snippet:-1","max-image-preview":"max-image-preview:large","max-video-preview":"max-video-preview:-1"},"canonical":"https:\/\/nebraskademocrats.org\/es\/press-releases\/press-release-precious-mckesson-named-executive-director-of-the-ndp\/","og_locale":"es_MX","og_type":"article","og_title":"Press release: Precious McKesson Named Executive Director of the NDP &#8211; Nebraska Democratic Party","og_description":"Veteran political operative Precious McKesson has been named executive director of the Nebraska Democratic Party. Jim Rogers, who served the party in various roles over the last decade, is leaving the post and transitioning to the private sector. \u201cJim has served our party for over eight years as executive director and over 10 in other ... Read more","og_url":"https:\/\/nebraskademocrats.org\/es\/press-releases\/press-release-precious-mckesson-named-executive-director-of-the-ndp\/","og_site_name":"Nebraska Democratic Party","article_publisher":"https:\/\/www.facebook.com\/NebraskaDemocraticParty\/","article_published_time":"2022-02-23T18:24:49+00:00","og_image":[{"url":"https:\/\/nebraskadem.wpenginepowered.com\/wp-content\/uploads\/2020\/12\/Precious-mug.jpg","type":"","width":"","height":""}],"author":"Precious McKesson","twitter_card":"summary_large_image","twitter_creator":"@nebraskadems","twitter_site":"@nebraskadems","twitter_misc":{"Escrito por":"Precious McKesson","Tiempo de lectura":"3 minutos"},"schema":{"@context":"https:\/\/schema.org","@graph":[{"@type":"Article","@id":"https:\/\/nebraskademocrats.org\/press-releases\/press-release-precious-mckesson-named-executive-director-of-the-ndp\/#article","isPartOf":{"@id":"https:\/\/nebraskademocrats.org\/press-releases\/press-release-precious-mckesson-named-executive-director-of-the-ndp\/"},"author":{"name":"Precious McKesson","@id":"https:\/\/nebraskademocrats.org\/#\/schema\/person\/33e011ea0795f404810dc40828bcf289"},"headline":"Press release: Precious McKesson Named Executive Director of the NDP","datePublished":"2022-02-23T18:24:49+00:00","mainEntityOfPage":{"@id":"https:\/\/nebraskademocrats.org\/press-releases\/press-release-precious-mckesson-named-executive-director-of-the-ndp\/"},"wordCount":423,"publisher":{"@id":"https:\/\/nebraskademocrats.org\/#organization"},"image":{"@id":"https:\/\/nebraskademocrats.org\/press-releases\/press-release-precious-mckesson-named-executive-director-of-the-ndp\/#primaryimage"},"thumbnailUrl":"https:\/\/nebraskadem.wpenginepowered.com\/wp-content\/uploads\/2020\/12\/Precious-mug.jpg","articleSection":["Press Releases"],"inLanguage":"es"},{"@type":"WebPage","@id":"https:\/\/nebraskademocrats.org\/press-releases\/press-release-precious-mckesson-named-executive-director-of-the-ndp\/","url":"https:\/\/nebraskademocrats.org\/press-releases\/press-release-precious-mckesson-named-executive-director-of-the-ndp\/","name":"Press release: Precious McKesson Named Executive Director of the NDP &#8211; Nebraska Democratic Party","isPartOf":{"@id":"https:\/\/nebraskademocrats.org\/#website"},"primaryImageOfPage":{"@id":"https:\/\/nebraskademocrats.org\/press-releases\/press-release-precious-mckesson-named-executive-director-of-the-ndp\/#primaryimage"},"image":{"@id":"https:\/\/nebraskademocrats.org\/press-releases\/press-release-precious-mckesson-named-executive-director-of-the-ndp\/#primaryimage"},"thumbnailUrl":"https:\/\/nebraskadem.wpenginepowered.com\/wp-content\/uploads\/2020\/12\/Precious-mug.jpg","datePublished":"2022-02-23T18:24:49+00:00","breadcrumb":{"@id":"https:\/\/nebraskademocrats.org\/press-releases\/press-release-precious-mckesson-named-executive-director-of-the-ndp\/#breadcrumb"},"inLanguage":"es","potentialAction":[{"@type":"ReadAction","target":["https:\/\/nebraskademocrats.org\/press-releases\/press-release-precious-mckesson-named-executive-director-of-the-ndp\/"]}]},{"@type":"ImageObject","inLanguage":"es","@id":"https:\/\/nebraskademocrats.org\/press-releases\/press-release-precious-mckesson-named-executive-director-of-the-ndp\/#primaryimage","url":"https:\/\/nebraskadem.wpenginepowered.com\/wp-content\/uploads\/2020\/12\/Precious-mug.jpg","contentUrl":"https:\/\/nebraskadem.wpenginepowered.com\/wp-content\/uploads\/2020\/12\/Precious-mug.jpg"},{"@type":"BreadcrumbList","@id":"https:\/\/nebraskademocrats.org\/press-releases\/press-release-precious-mckesson-named-executive-director-of-the-ndp\/#breadcrumb","itemListElement":[{"@type":"ListItem","position":1,"name":"Home","item":"https:\/\/nebraskademocrats.org\/"},{"@type":"ListItem","position":2,"name":"Press release: Precious McKesson Named Executive Director of the NDP"}]},{"@type":"WebSite","@id":"https:\/\/nebraskademocrats.org\/#website","url":"https:\/\/nebraskademocrats.org\/","name":"Partido Dem\u00f3crata de Nebraska","description":"Cultivando la buena vida para todos los nebraskenses","publisher":{"@id":"https:\/\/nebraskademocrats.org\/#organization"},"potentialAction":[{"@type":"SearchAction","target":{"@type":"EntryPoint","urlTemplate":"https:\/\/nebraskademocrats.org\/?s={search_term_string}"},"query-input":{"@type":"PropertyValueSpecification","valueRequired":true,"valueName":"search_term_string"}}],"inLanguage":"es"},{"@type":"Organization","@id":"https:\/\/nebraskademocrats.org\/#organization","name":"Partido Dem\u00f3crata de Nebraska","url":"https:\/\/nebraskademocrats.org\/","logo":{"@type":"ImageObject","inLanguage":"es","@id":"https:\/\/nebraskademocrats.org\/#\/schema\/logo\/image\/","url":"https:\/\/nebraskadem.wpenginepowered.com\/wp-content\/uploads\/2016\/05\/NDP2.jpg","contentUrl":"https:\/\/nebraskadem.wpenginepowered.com\/wp-content\/uploads\/2016\/05\/NDP2.jpg","width":1000,"height":396,"caption":"Nebraska Democratic Party"},"image":{"@id":"https:\/\/nebraskademocrats.org\/#\/schema\/logo\/image\/"},"sameAs":["https:\/\/www.facebook.com\/NebraskaDemocraticParty\/","https:\/\/x.com\/nebraskadems"]},{"@type":"Person","@id":"https:\/\/nebraskademocrats.org\/#\/schema\/person\/33e011ea0795f404810dc40828bcf289","name":"Precioso McKesson","image":{"@type":"ImageObject","inLanguage":"es","@id":"https:\/\/secure.gravatar.com\/avatar\/35046e19b3373116ec64c07d386d3312028d3820dc0ffe65c344bcebc8ea9194?s=96&d=mm&r=g","url":"https:\/\/secure.gravatar.com\/avatar\/35046e19b3373116ec64c07d386d3312028d3820dc0ffe65c344bcebc8ea9194?s=96&d=mm&r=g","contentUrl":"https:\/\/secure.gravatar.com\/avatar\/35046e19b3373116ec64c07d386d3312028d3820dc0ffe65c344bcebc8ea9194?s=96&d=mm&r=g","caption":"Precious McKesson"}}]}},"_links":{"self":[{"href":"https:\/\/nebraskademocrats.org\/es\/wp-json\/wp\/v2\/posts\/36410","targetHints":{"allow":["GET"]}}],"collection":[{"href":"https:\/\/nebraskademocrats.org\/es\/wp-json\/wp\/v2\/posts"}],"about":[{"href":"https:\/\/nebraskademocrats.org\/es\/wp-json\/wp\/v2\/types\/post"}],"author":[{"embeddable":true,"href":"https:\/\/nebraskademocrats.org\/es\/wp-json\/wp\/v2\/users\/19"}],"replies":[{"embeddable":true,"href":"https:\/\/nebraskademocrats.org\/es\/wp-json\/wp\/v2\/comments?post=36410"}],"version-history":[{"count":0,"href":"https:\/\/nebraskademocrats.org\/es\/wp-json\/wp\/v2\/posts\/36410\/revisions"}],"wp:attachment":[{"href":"https:\/\/nebraskademocrats.org\/es\/wp-json\/wp\/v2\/media?parent=36410"}],"wp:term":[{"taxonomy":"category","embeddable":true,"href":"https:\/\/nebraskademocrats.org\/es\/wp-json\/wp\/v2\/categories?post=36410"},{"taxonomy":"post_tag","embeddable":true,"href":"https:\/\/nebraskademocrats.org\/es\/wp-json\/wp\/v2\/tags?post=36410"}],"curies":[{"name":"wp","href":"https:\/\/api.w.org\/{rel}","templated":true}]}}