{"id":3725,"date":"2018-01-12T09:40:34","date_gmt":"2018-01-12T15:40:34","guid":{"rendered":"http:\/\/nebraskadem.wpenginepowered.com\/?p=3725"},"modified":"2018-01-12T10:04:52","modified_gmt":"2018-01-12T16:04:52","slug":"make-calls-to-pass-the-dream-act","status":"publish","type":"post","link":"https:\/\/nebraskademocrats.org\/es\/blog\/make-calls-to-pass-the-dream-act\/","title":{"rendered":"Make Calls to pass the DREAM Act"},"content":{"rendered":"<p><span style=\"font-weight: 400;\">The first national call-in day of the year to organize calls to members of Congress to pass a DREAM Act by January 19 is in full swing. We are asking each of you to join our efforts.<\/span><\/p>\n<p><span style=\"font-weight: 400;\">Close to 15,000 DACA recipients have lost their protective status and 122 young immigrants lose their DACA protection every day. Can you help lift up the urgency of passing a DREAM Act through your networks and social media platforms?<\/span><\/p>\n<p><span style=\"font-weight: 400;\">Estamos con los DREAMers. Como dem\u00f3cratas, creemos que la diversidad nos hace m\u00e1s fuertes. Apoyamos a los DREAMers, son nuestros amigos, vecinos, compa\u00f1eros de clase, compa\u00f1eros de trabajo y nuestra inspiraci\u00f3n de trabajar por una vida mejor.<\/span><\/p>\n<p><span style=\"font-weight: 400;\">Como Partido Dem\u00f3crata, apoyamos a los So\u00f1adores y a elegir a m\u00e1s Dem\u00f3cratas latinos para que sus voces e ideas est\u00e9n en la mesa para hacer leyes que impacten a las familias y los j\u00f3venes.<\/span><\/p>\n<p><span style=\"font-weight: 400;\">Below is 1) a call-in tool with suggested script, and 2) DNC Chair Perez\u2019s tweet with graphics, call-in tool, and a link to DNC\u2019s American DREAMing video series featuring a DREAMer story:<\/span><\/p>\n<p style=\"text-align: center;\"><span style=\"font-size: 18pt;\"><b>Call-In Tool: <\/b><a href=\"https:\/\/makecalls.democrats.org\/daca\/\"><span style=\"font-weight: 400;\">https:\/\/makecalls.democrats.org\/daca\/<\/span><\/a><\/span><\/p>\n<p style=\"text-align: center;\"><span style=\"font-size: 18pt;\"><b>Gorjeo:<\/b> <a href=\"https:\/\/twitter.com\/TomPerez\/status\/951198756078317568\"><span style=\"font-weight: 400;\">https:\/\/twitter.com\/TomPerez\/status\/951198756078317568<\/span><\/a><\/span><\/p>\n<p style=\"text-align: center;\"><span style=\"font-size: 18pt;\"><b>Hashtag: \u00a0<\/b><span style=\"font-weight: 400;\">#DreamActNow<\/span><\/span><\/p>\n<p><span style=\"font-weight: 400;\">We need to make sure members of Congress hear from us starting today and demand them to take action on the DREAM Act by January 19.<\/span><\/p>\n<p>&nbsp;<\/p>\n<p><img fetchpriority=\"high\" decoding=\"async\" class=\"size-medium wp-image-2869 aligncenter\" src=\"https:\/\/nebraskadem.wpenginepowered.com\/wp-content\/uploads\/2017\/09\/NDP-DACA-Share-Graphic-300x300.png\" alt=\"\" width=\"300\" height=\"300\" srcset=\"https:\/\/nebraskademocrats.org\/wp-content\/uploads\/2017\/09\/NDP-DACA-Share-Graphic-300x300.png 300w, https:\/\/nebraskademocrats.org\/wp-content\/uploads\/2017\/09\/NDP-DACA-Share-Graphic-150x150.png 150w, https:\/\/nebraskademocrats.org\/wp-content\/uploads\/2017\/09\/NDP-DACA-Share-Graphic-768x767.png 768w, https:\/\/nebraskademocrats.org\/wp-content\/uploads\/2017\/09\/NDP-DACA-Share-Graphic-1024x1024.png 1024w, https:\/\/nebraskademocrats.org\/wp-content\/uploads\/2017\/09\/NDP-DACA-Share-Graphic.png 1081w\" sizes=\"(max-width: 300px) 100vw, 300px\" \/><\/p>","protected":false},"excerpt":{"rendered":"<p>The first national call-in day of the year to organize calls to members of Congress to pass a DREAM Act by January 19 is in full swing. We are asking each of you to join our efforts. Close to 15,000 DACA recipients have lost their protective status and 122 young immigrants lose their DACA protection &#8230; <a title=\"Make Calls to pass the DREAM Act\" class=\"read-more\" href=\"https:\/\/nebraskademocrats.org\/es\/blog\/make-calls-to-pass-the-dream-act\/\" aria-label=\"More on Make Calls to pass the DREAM Act\">Lee mas<\/a><\/p>","protected":false},"author":19,"featured_media":0,"comment_status":"closed","ping_status":"closed","sticky":false,"template":"","format":"standard","meta":{"_acf_changed":false,"_exactmetrics_skip_tracking":false,"_exactmetrics_sitenote_active":false,"_exactmetrics_sitenote_note":"","_exactmetrics_sitenote_category":0,"footnotes":""},"categories":[1],"tags":[],"class_list":["post-3725","post","type-post","status-publish","format-standard","hentry","category-blog"],"acf":[],"yoast_head":"<!-- This site is optimized with the Yoast SEO plugin v27.4 - https:\/\/yoast.com\/product\/yoast-seo-wordpress\/ -->\n<title>Make Calls to pass the DREAM Act &#8211; Nebraska Democratic Party<\/title>\n<meta name=\"robots\" content=\"index, follow, max-snippet:-1, max-image-preview:large, max-video-preview:-1\" \/>\n<link rel=\"canonical\" href=\"https:\/\/nebraskademocrats.org\/es\/blog\/make-calls-to-pass-the-dream-act\/\" \/>\n<meta property=\"og:locale\" content=\"es_MX\" \/>\n<meta property=\"og:type\" content=\"article\" \/>\n<meta property=\"og:title\" content=\"Make Calls to pass the DREAM Act &#8211; Nebraska Democratic Party\" \/>\n<meta property=\"og:description\" content=\"The first national call-in day of the year to organize calls to members of Congress to pass a DREAM Act by January 19 is in full swing. We are asking each of you to join our efforts. Close to 15,000 DACA recipients have lost their protective status and 122 young immigrants lose their DACA protection ... Read more\" \/>\n<meta property=\"og:url\" content=\"https:\/\/nebraskademocrats.org\/es\/blog\/make-calls-to-pass-the-dream-act\/\" \/>\n<meta property=\"og:site_name\" content=\"Nebraska Democratic Party\" \/>\n<meta property=\"article:publisher\" content=\"https:\/\/www.facebook.com\/NebraskaDemocraticParty\/\" \/>\n<meta property=\"article:published_time\" content=\"2018-01-12T15:40:34+00:00\" \/>\n<meta property=\"article:modified_time\" content=\"2018-01-12T16:04:52+00:00\" \/>\n<meta property=\"og:image\" content=\"https:\/\/nebraskadem.wpenginepowered.com\/wp-content\/uploads\/2017\/09\/NDP-DACA-Share-Graphic-300x300.png\" \/>\n<meta name=\"author\" content=\"Precious McKesson\" \/>\n<meta name=\"twitter:card\" content=\"summary_large_image\" \/>\n<meta name=\"twitter:creator\" content=\"@nebraskadems\" \/>\n<meta name=\"twitter:site\" content=\"@nebraskadems\" \/>\n<meta name=\"twitter:label1\" content=\"Escrito por\" \/>\n\t<meta name=\"twitter:data1\" content=\"Precious McKesson\" \/>\n\t<meta name=\"twitter:label2\" content=\"Tiempo de lectura\" \/>\n\t<meta name=\"twitter:data2\" content=\"1 minuto\" \/>\n<script type=\"application\/ld+json\" class=\"yoast-schema-graph\">{\"@context\":\"https:\\\/\\\/schema.org\",\"@graph\":[{\"@type\":\"Article\",\"@id\":\"https:\\\/\\\/nebraskademocrats.org\\\/blog\\\/make-calls-to-pass-the-dream-act\\\/#article\",\"isPartOf\":{\"@id\":\"https:\\\/\\\/nebraskademocrats.org\\\/blog\\\/make-calls-to-pass-the-dream-act\\\/\"},\"author\":{\"name\":\"Precious McKesson\",\"@id\":\"https:\\\/\\\/nebraskademocrats.org\\\/#\\\/schema\\\/person\\\/33e011ea0795f404810dc40828bcf289\"},\"headline\":\"Make Calls to pass the DREAM Act\",\"datePublished\":\"2018-01-12T15:40:34+00:00\",\"dateModified\":\"2018-01-12T16:04:52+00:00\",\"mainEntityOfPage\":{\"@id\":\"https:\\\/\\\/nebraskademocrats.org\\\/blog\\\/make-calls-to-pass-the-dream-act\\\/\"},\"wordCount\":214,\"publisher\":{\"@id\":\"https:\\\/\\\/nebraskademocrats.org\\\/#organization\"},\"image\":{\"@id\":\"https:\\\/\\\/nebraskademocrats.org\\\/blog\\\/make-calls-to-pass-the-dream-act\\\/#primaryimage\"},\"thumbnailUrl\":\"https:\\\/\\\/nebraskadem.wpenginepowered.com\\\/wp-content\\\/uploads\\\/2017\\\/09\\\/NDP-DACA-Share-Graphic-300x300.png\",\"articleSection\":[\"NDP Blog\"],\"inLanguage\":\"es\"},{\"@type\":\"WebPage\",\"@id\":\"https:\\\/\\\/nebraskademocrats.org\\\/blog\\\/make-calls-to-pass-the-dream-act\\\/\",\"url\":\"https:\\\/\\\/nebraskademocrats.org\\\/blog\\\/make-calls-to-pass-the-dream-act\\\/\",\"name\":\"Make Calls to pass the DREAM Act &#8211; Nebraska Democratic Party\",\"isPartOf\":{\"@id\":\"https:\\\/\\\/nebraskademocrats.org\\\/#website\"},\"primaryImageOfPage\":{\"@id\":\"https:\\\/\\\/nebraskademocrats.org\\\/blog\\\/make-calls-to-pass-the-dream-act\\\/#primaryimage\"},\"image\":{\"@id\":\"https:\\\/\\\/nebraskademocrats.org\\\/blog\\\/make-calls-to-pass-the-dream-act\\\/#primaryimage\"},\"thumbnailUrl\":\"https:\\\/\\\/nebraskadem.wpenginepowered.com\\\/wp-content\\\/uploads\\\/2017\\\/09\\\/NDP-DACA-Share-Graphic-300x300.png\",\"datePublished\":\"2018-01-12T15:40:34+00:00\",\"dateModified\":\"2018-01-12T16:04:52+00:00\",\"breadcrumb\":{\"@id\":\"https:\\\/\\\/nebraskademocrats.org\\\/blog\\\/make-calls-to-pass-the-dream-act\\\/#breadcrumb\"},\"inLanguage\":\"es\",\"potentialAction\":[{\"@type\":\"ReadAction\",\"target\":[\"https:\\\/\\\/nebraskademocrats.org\\\/blog\\\/make-calls-to-pass-the-dream-act\\\/\"]}]},{\"@type\":\"ImageObject\",\"inLanguage\":\"es\",\"@id\":\"https:\\\/\\\/nebraskademocrats.org\\\/blog\\\/make-calls-to-pass-the-dream-act\\\/#primaryimage\",\"url\":\"https:\\\/\\\/nebraskadem.wpenginepowered.com\\\/wp-content\\\/uploads\\\/2017\\\/09\\\/NDP-DACA-Share-Graphic-300x300.png\",\"contentUrl\":\"https:\\\/\\\/nebraskadem.wpenginepowered.com\\\/wp-content\\\/uploads\\\/2017\\\/09\\\/NDP-DACA-Share-Graphic-300x300.png\"},{\"@type\":\"BreadcrumbList\",\"@id\":\"https:\\\/\\\/nebraskademocrats.org\\\/blog\\\/make-calls-to-pass-the-dream-act\\\/#breadcrumb\",\"itemListElement\":[{\"@type\":\"ListItem\",\"position\":1,\"name\":\"Home\",\"item\":\"https:\\\/\\\/nebraskademocrats.org\\\/\"},{\"@type\":\"ListItem\",\"position\":2,\"name\":\"Make Calls to pass the DREAM Act\"}]},{\"@type\":\"WebSite\",\"@id\":\"https:\\\/\\\/nebraskademocrats.org\\\/#website\",\"url\":\"https:\\\/\\\/nebraskademocrats.org\\\/\",\"name\":\"Nebraska Democratic Party\",\"description\":\"Growing the Good Life for All Nebraskans\",\"publisher\":{\"@id\":\"https:\\\/\\\/nebraskademocrats.org\\\/#organization\"},\"potentialAction\":[{\"@type\":\"SearchAction\",\"target\":{\"@type\":\"EntryPoint\",\"urlTemplate\":\"https:\\\/\\\/nebraskademocrats.org\\\/?s={search_term_string}\"},\"query-input\":{\"@type\":\"PropertyValueSpecification\",\"valueRequired\":true,\"valueName\":\"search_term_string\"}}],\"inLanguage\":\"es\"},{\"@type\":\"Organization\",\"@id\":\"https:\\\/\\\/nebraskademocrats.org\\\/#organization\",\"name\":\"Nebraska Democratic Party\",\"url\":\"https:\\\/\\\/nebraskademocrats.org\\\/\",\"logo\":{\"@type\":\"ImageObject\",\"inLanguage\":\"es\",\"@id\":\"https:\\\/\\\/nebraskademocrats.org\\\/#\\\/schema\\\/logo\\\/image\\\/\",\"url\":\"https:\\\/\\\/nebraskadem.wpenginepowered.com\\\/wp-content\\\/uploads\\\/2016\\\/05\\\/NDP2.jpg\",\"contentUrl\":\"https:\\\/\\\/nebraskadem.wpenginepowered.com\\\/wp-content\\\/uploads\\\/2016\\\/05\\\/NDP2.jpg\",\"width\":1000,\"height\":396,\"caption\":\"Nebraska Democratic Party\"},\"image\":{\"@id\":\"https:\\\/\\\/nebraskademocrats.org\\\/#\\\/schema\\\/logo\\\/image\\\/\"},\"sameAs\":[\"https:\\\/\\\/www.facebook.com\\\/NebraskaDemocraticParty\\\/\",\"https:\\\/\\\/x.com\\\/nebraskadems\"]},{\"@type\":\"Person\",\"@id\":\"https:\\\/\\\/nebraskademocrats.org\\\/#\\\/schema\\\/person\\\/33e011ea0795f404810dc40828bcf289\",\"name\":\"Precious McKesson\",\"image\":{\"@type\":\"ImageObject\",\"inLanguage\":\"es\",\"@id\":\"https:\\\/\\\/secure.gravatar.com\\\/avatar\\\/35046e19b3373116ec64c07d386d3312028d3820dc0ffe65c344bcebc8ea9194?s=96&d=mm&r=g\",\"url\":\"https:\\\/\\\/secure.gravatar.com\\\/avatar\\\/35046e19b3373116ec64c07d386d3312028d3820dc0ffe65c344bcebc8ea9194?s=96&d=mm&r=g\",\"contentUrl\":\"https:\\\/\\\/secure.gravatar.com\\\/avatar\\\/35046e19b3373116ec64c07d386d3312028d3820dc0ffe65c344bcebc8ea9194?s=96&d=mm&r=g\",\"caption\":\"Precious McKesson\"}}]}<\/script>\n<!-- \/ Yoast SEO plugin. -->","yoast_head_json":{"title":"Make Calls to pass the DREAM Act &#8211; Nebraska Democratic Party","robots":{"index":"index","follow":"follow","max-snippet":"max-snippet:-1","max-image-preview":"max-image-preview:large","max-video-preview":"max-video-preview:-1"},"canonical":"https:\/\/nebraskademocrats.org\/es\/blog\/make-calls-to-pass-the-dream-act\/","og_locale":"es_MX","og_type":"article","og_title":"Make Calls to pass the DREAM Act &#8211; Nebraska Democratic Party","og_description":"The first national call-in day of the year to organize calls to members of Congress to pass a DREAM Act by January 19 is in full swing. We are asking each of you to join our efforts. Close to 15,000 DACA recipients have lost their protective status and 122 young immigrants lose their DACA protection ... Read more","og_url":"https:\/\/nebraskademocrats.org\/es\/blog\/make-calls-to-pass-the-dream-act\/","og_site_name":"Nebraska Democratic Party","article_publisher":"https:\/\/www.facebook.com\/NebraskaDemocraticParty\/","article_published_time":"2018-01-12T15:40:34+00:00","article_modified_time":"2018-01-12T16:04:52+00:00","og_image":[{"url":"https:\/\/nebraskadem.wpenginepowered.com\/wp-content\/uploads\/2017\/09\/NDP-DACA-Share-Graphic-300x300.png","type":"","width":"","height":""}],"author":"Precious McKesson","twitter_card":"summary_large_image","twitter_creator":"@nebraskadems","twitter_site":"@nebraskadems","twitter_misc":{"Escrito por":"Precious McKesson","Tiempo de lectura":"1 minuto"},"schema":{"@context":"https:\/\/schema.org","@graph":[{"@type":"Article","@id":"https:\/\/nebraskademocrats.org\/blog\/make-calls-to-pass-the-dream-act\/#article","isPartOf":{"@id":"https:\/\/nebraskademocrats.org\/blog\/make-calls-to-pass-the-dream-act\/"},"author":{"name":"Precious McKesson","@id":"https:\/\/nebraskademocrats.org\/#\/schema\/person\/33e011ea0795f404810dc40828bcf289"},"headline":"Make Calls to pass the DREAM Act","datePublished":"2018-01-12T15:40:34+00:00","dateModified":"2018-01-12T16:04:52+00:00","mainEntityOfPage":{"@id":"https:\/\/nebraskademocrats.org\/blog\/make-calls-to-pass-the-dream-act\/"},"wordCount":214,"publisher":{"@id":"https:\/\/nebraskademocrats.org\/#organization"},"image":{"@id":"https:\/\/nebraskademocrats.org\/blog\/make-calls-to-pass-the-dream-act\/#primaryimage"},"thumbnailUrl":"https:\/\/nebraskadem.wpenginepowered.com\/wp-content\/uploads\/2017\/09\/NDP-DACA-Share-Graphic-300x300.png","articleSection":["NDP Blog"],"inLanguage":"es"},{"@type":"WebPage","@id":"https:\/\/nebraskademocrats.org\/blog\/make-calls-to-pass-the-dream-act\/","url":"https:\/\/nebraskademocrats.org\/blog\/make-calls-to-pass-the-dream-act\/","name":"Make Calls to pass the DREAM Act &#8211; Nebraska Democratic Party","isPartOf":{"@id":"https:\/\/nebraskademocrats.org\/#website"},"primaryImageOfPage":{"@id":"https:\/\/nebraskademocrats.org\/blog\/make-calls-to-pass-the-dream-act\/#primaryimage"},"image":{"@id":"https:\/\/nebraskademocrats.org\/blog\/make-calls-to-pass-the-dream-act\/#primaryimage"},"thumbnailUrl":"https:\/\/nebraskadem.wpenginepowered.com\/wp-content\/uploads\/2017\/09\/NDP-DACA-Share-Graphic-300x300.png","datePublished":"2018-01-12T15:40:34+00:00","dateModified":"2018-01-12T16:04:52+00:00","breadcrumb":{"@id":"https:\/\/nebraskademocrats.org\/blog\/make-calls-to-pass-the-dream-act\/#breadcrumb"},"inLanguage":"es","potentialAction":[{"@type":"ReadAction","target":["https:\/\/nebraskademocrats.org\/blog\/make-calls-to-pass-the-dream-act\/"]}]},{"@type":"ImageObject","inLanguage":"es","@id":"https:\/\/nebraskademocrats.org\/blog\/make-calls-to-pass-the-dream-act\/#primaryimage","url":"https:\/\/nebraskadem.wpenginepowered.com\/wp-content\/uploads\/2017\/09\/NDP-DACA-Share-Graphic-300x300.png","contentUrl":"https:\/\/nebraskadem.wpenginepowered.com\/wp-content\/uploads\/2017\/09\/NDP-DACA-Share-Graphic-300x300.png"},{"@type":"BreadcrumbList","@id":"https:\/\/nebraskademocrats.org\/blog\/make-calls-to-pass-the-dream-act\/#breadcrumb","itemListElement":[{"@type":"ListItem","position":1,"name":"Home","item":"https:\/\/nebraskademocrats.org\/"},{"@type":"ListItem","position":2,"name":"Make Calls to pass the DREAM Act"}]},{"@type":"WebSite","@id":"https:\/\/nebraskademocrats.org\/#website","url":"https:\/\/nebraskademocrats.org\/","name":"Partido Dem\u00f3crata de Nebraska","description":"Cultivando la buena vida para todos los nebraskenses","publisher":{"@id":"https:\/\/nebraskademocrats.org\/#organization"},"potentialAction":[{"@type":"SearchAction","target":{"@type":"EntryPoint","urlTemplate":"https:\/\/nebraskademocrats.org\/?s={search_term_string}"},"query-input":{"@type":"PropertyValueSpecification","valueRequired":true,"valueName":"search_term_string"}}],"inLanguage":"es"},{"@type":"Organization","@id":"https:\/\/nebraskademocrats.org\/#organization","name":"Partido Dem\u00f3crata de Nebraska","url":"https:\/\/nebraskademocrats.org\/","logo":{"@type":"ImageObject","inLanguage":"es","@id":"https:\/\/nebraskademocrats.org\/#\/schema\/logo\/image\/","url":"https:\/\/nebraskadem.wpenginepowered.com\/wp-content\/uploads\/2016\/05\/NDP2.jpg","contentUrl":"https:\/\/nebraskadem.wpenginepowered.com\/wp-content\/uploads\/2016\/05\/NDP2.jpg","width":1000,"height":396,"caption":"Nebraska Democratic Party"},"image":{"@id":"https:\/\/nebraskademocrats.org\/#\/schema\/logo\/image\/"},"sameAs":["https:\/\/www.facebook.com\/NebraskaDemocraticParty\/","https:\/\/x.com\/nebraskadems"]},{"@type":"Person","@id":"https:\/\/nebraskademocrats.org\/#\/schema\/person\/33e011ea0795f404810dc40828bcf289","name":"Precioso McKesson","image":{"@type":"ImageObject","inLanguage":"es","@id":"https:\/\/secure.gravatar.com\/avatar\/35046e19b3373116ec64c07d386d3312028d3820dc0ffe65c344bcebc8ea9194?s=96&d=mm&r=g","url":"https:\/\/secure.gravatar.com\/avatar\/35046e19b3373116ec64c07d386d3312028d3820dc0ffe65c344bcebc8ea9194?s=96&d=mm&r=g","contentUrl":"https:\/\/secure.gravatar.com\/avatar\/35046e19b3373116ec64c07d386d3312028d3820dc0ffe65c344bcebc8ea9194?s=96&d=mm&r=g","caption":"Precious McKesson"}}]}},"_links":{"self":[{"href":"https:\/\/nebraskademocrats.org\/es\/wp-json\/wp\/v2\/posts\/3725","targetHints":{"allow":["GET"]}}],"collection":[{"href":"https:\/\/nebraskademocrats.org\/es\/wp-json\/wp\/v2\/posts"}],"about":[{"href":"https:\/\/nebraskademocrats.org\/es\/wp-json\/wp\/v2\/types\/post"}],"author":[{"embeddable":true,"href":"https:\/\/nebraskademocrats.org\/es\/wp-json\/wp\/v2\/users\/19"}],"replies":[{"embeddable":true,"href":"https:\/\/nebraskademocrats.org\/es\/wp-json\/wp\/v2\/comments?post=3725"}],"version-history":[{"count":0,"href":"https:\/\/nebraskademocrats.org\/es\/wp-json\/wp\/v2\/posts\/3725\/revisions"}],"wp:attachment":[{"href":"https:\/\/nebraskademocrats.org\/es\/wp-json\/wp\/v2\/media?parent=3725"}],"wp:term":[{"taxonomy":"category","embeddable":true,"href":"https:\/\/nebraskademocrats.org\/es\/wp-json\/wp\/v2\/categories?post=3725"},{"taxonomy":"post_tag","embeddable":true,"href":"https:\/\/nebraskademocrats.org\/es\/wp-json\/wp\/v2\/tags?post=3725"}],"curies":[{"name":"wp","href":"https:\/\/api.w.org\/{rel}","templated":true}]}}