{"id":38213,"date":"2022-05-27T12:39:07","date_gmt":"2022-05-27T17:39:07","guid":{"rendered":"https:\/\/nebraskadem.wpenginepowered.com\/?p=38213"},"modified":"2022-05-27T12:39:07","modified_gmt":"2022-05-27T17:39:07","slug":"a-mass-shooting-yet-again-nebdems-news","status":"publish","type":"post","link":"https:\/\/nebraskademocrats.org\/es\/blog\/a-mass-shooting-yet-again-nebdems-news\/","title":{"rendered":"Un tiroteo masivo (a\u00fan) otra vez \u2014 #NebDems News"},"content":{"rendered":"<p><img fetchpriority=\"high\" decoding=\"async\" class=\"wp-image-6838 aligncenter\" src=\"https:\/\/nebraskadem.wpenginepowered.com\/wp-content\/uploads\/2018\/12\/NebDems-News-4-1024x569.png\" alt=\"\" width=\"410\" height=\"228\" srcset=\"https:\/\/nebraskademocrats.org\/wp-content\/uploads\/2018\/12\/NebDems-News-4-1024x569.png 1024w, https:\/\/nebraskademocrats.org\/wp-content\/uploads\/2018\/12\/NebDems-News-4-300x167.png 300w, https:\/\/nebraskademocrats.org\/wp-content\/uploads\/2018\/12\/NebDems-News-4-768x427.png 768w, https:\/\/nebraskademocrats.org\/wp-content\/uploads\/2018\/12\/NebDems-News-4.png 1081w\" sizes=\"(max-width: 410px) 100vw, 410px\" \/><\/p>\n<p>Los tiroteos masivos se han vuelto tan comunes en los Estados Unidos (seg\u00fan Education Week, ha habido\u00a0<a href=\"https:\/\/www.edweek.org\/leadership\/school-shootings-this-year-how-many-and-where\/2022\/01\">al menos 27 tiroteos en escuelas<\/a>\u00a0o solo en la propiedad escolar en los primeros cinco meses de 2022) que es dif\u00edcil de comprender.<\/p>\n<p>Y el martes, un pistolero solitario ingres\u00f3 a una escuela, nuevamente, y mat\u00f3 a j\u00f3venes estudiantes y maestros.<\/p>\n<p>El joven de 18 a\u00f1os, que vest\u00eda chaleco antibalas y estaba armado con una pistola, AR-15 y cargadores de alta capacidad, mat\u00f3 al menos\u00a0<a href=\"https:\/\/www.cbsnews.com\/news\/robb-elementary-27th-school-shooting-2022\/\">19 ni\u00f1os y dos adultos<\/a>\u00a0en Robb Elementary en Uvalde, Texas. Fue el tiroteo m\u00e1s mort\u00edfero en una escuela primaria desde el de Sandy Hook en diciembre de 2012, cuando un hombre armado mat\u00f3 a 26 personas, incluidos 20 ni\u00f1os.<\/p>\n<p>Jaime Harrison del DNC y Jane Kleeb del NDP\u00a0<a href=\"https:\/\/nebraskadem.wpenginepowered.com\/blog\/dncs-harrison-and-ndps-kleeb-statements-on-the-shooting-at-robb-elementary-school-in-uvalde-texas\/\">declaraciones emitidas<\/a>\u00a0\u2014al igual que muchos otros\u2014 sobre el horrible ataque e implor\u00f3 al Congreso que hiciera algo.<\/p>\n<p>Mientras tanto, los legisladores republicanos que se han negado a promulgar legislaci\u00f3n para ayudar a prevenir tales ataques emiten t\u00f3picos y sus habituales \u201cpensamientos y oraciones\u201d \u2014nuevamente\u2014 con la esperanza de que el polvo se asiente y la indignaci\u00f3n y el horror disminuyan.<\/p>\n<p>El problema es que rara vez tienen tiempo antes del pr\u00f3ximo tiroteo.<\/p>\n<div><img decoding=\"async\" class=\"size-full wp-image-38215 aligncenter\" src=\"https:\/\/nebraskadem.wpenginepowered.com\/wp-content\/uploads\/2022\/05\/blog-guns.webp\" alt=\"\" width=\"735\" height=\"522\" srcset=\"https:\/\/nebraskademocrats.org\/wp-content\/uploads\/2022\/05\/blog-guns.webp 735w, https:\/\/nebraskademocrats.org\/wp-content\/uploads\/2022\/05\/blog-guns-300x213.webp 300w, https:\/\/nebraskademocrats.org\/wp-content\/uploads\/2022\/05\/blog-guns-18x12.webp 18w\" sizes=\"(max-width: 735px) 100vw, 735px\" \/><\/div>\n<p style=\"text-align: center;\">***<\/p>\n<p>La pionera pol\u00edtica Helen Boosalis es la inspiraci\u00f3n para las becas del NDP Women&#039;s Caucus para beneficiar a las mujeres estudiantes. los\u00a0<strong><em>Beca Mujeres Inspiradoras<\/em><\/strong>, creado en 2009 tras la muerte de Boosalis, se otorgar\u00e1 a tres mujeres; uno de cada distrito del Congreso en Nebraska. A partir de 2021, la NDWC agreg\u00f3 una beca adicional de $500 para mujeres dem\u00f3cratas que son estudiantes no tradicionales.<\/p>\n<p>La ex alcaldesa de Lincoln y candidata a gobernador fue una inspiraci\u00f3n para Nebraska Women. El Caucus de Mujeres Democr\u00e1ticas de Nebraska (NDWC) quer\u00eda encontrar una manera de honrarla mientras alentaba a las l\u00edderes pol\u00edticas femeninas del ma\u00f1ana y estableci\u00f3 becas $500 otorgadas a mujeres dem\u00f3cratas de Nebraska que son activas en sus comunidades y en pol\u00edtica progresista.<\/p>\n<p><a href=\"https:\/\/ndpwomenscaucus.org\/inspiring-women-scholarship\/\"><strong>LEER M\u00c1S Y HACER UNA NOMINACI\u00d3N.<\/strong><\/a><\/p>\n<p><img decoding=\"async\" class=\"aligncenter\" title=\"\" src=\"https:\/\/lh6.googleusercontent.com\/2m3hGmlUlPfJdcn7KQu4KvVy_-vbR3MnN4QHe1BFfXX4MKIqB5Q2LsgpyZ7L1No5l6OtmxFCQuYtns8gGKkIG3_p-_TyzvMxB0OqY5_7YKnsqmzi5Q9J44h6ISLcn9r9dnYZrPZ4LHBxkpNsHg\" alt=\"\" width=\"450\" align=\"center\" \/><\/p>\n<p style=\"text-align: center;\">***<\/p>\n<p>Obtenga boletos y mesas ahora para nuestro saludo a los senadores del 25 de junio en el zool\u00f3gico infantil de Lincoln.<\/p>\n<p><a href=\"https:\/\/secure.actblue.com\/donate\/salute2022\"><strong>REGISTRATE AQU\u00cd.<\/strong><\/a><\/p>\n<p><img decoding=\"async\" class=\"aligncenter\" title=\"\" src=\"https:\/\/can2-prod.s3.amazonaws.com\/uploads\/data\/000\/665\/799\/original\/salute_June.png\" alt=\"\" width=\"450\" align=\"center\" \/><\/p>\n<p style=\"text-align: center;\">***<\/p>\n<p>\u00a1Todav\u00eda tenemos trabajo que hacer! Hay una elecci\u00f3n especial el 28 de junio en CD1 para elegir un candidato para completar el resto del mandato del ex representante Jeff Fortenberry, quien renunci\u00f3 despu\u00e9s de ser declarado culpable de mentirle al FBI sobre las donaciones ilegales a su campa\u00f1a. Apoye a la Senadora Patty Pansing Brooks en su intento de ganar el esca\u00f1o.<\/p>\n<p><a href=\"https:\/\/nebraskadem.wpenginepowered.com\/2022-cd1-special-election\/\"><strong>LEER M\u00c1S AQU\u00cd.<\/strong><\/a><\/p>\n<p><img decoding=\"async\" class=\"aligncenter\" title=\"\" src=\"https:\/\/can2-prod.s3.amazonaws.com\/uploads\/data\/000\/666\/041\/original\/NEBDEMS_CD1-RED_(1).png\" alt=\"\" width=\"450\" align=\"center\" \/><\/p>\n<p style=\"text-align: center;\">***<\/p>\n<p>\u00a1\u00danase al Comit\u00e9 de Campa\u00f1a del Congreso Dem\u00f3crata para una serie de talleres de capacitaci\u00f3n para l\u00edderes voluntarios de CD2! Aprenderemos los fundamentos de c\u00f3mo convertirse en un l\u00edder voluntario, realizar actividades de registro de votantes en persona y las mejores pr\u00e1cticas de nuestras operaciones de contacto directo con el votante como parte de nuestro plan de organizaci\u00f3n para NE-02.<\/p>\n<p>El NDP, los dem\u00f3cratas del condado de Douglas y los dem\u00f3cratas del condado de Sarpy est\u00e1n ayudando a patrocinar los eventos.<\/p>\n<p>La pr\u00f3xima sesi\u00f3n es el 7 de julio.\u00a0<a href=\"https:\/\/www.mobilize.us\/buildthehousene\/event\/447340\/\"><strong>Registrate aqu\u00ed.<\/strong><\/a><\/p>\n<p style=\"text-align: center;\"><img decoding=\"async\" class=\"aligncenter\" title=\"\" src=\"https:\/\/can2-prod.s3.amazonaws.com\/uploads\/data\/000\/665\/856\/original\/unnamed.png\" alt=\"\" width=\"450\" align=\"center\" \/><br \/>\n***<\/p>\n<p>\u00a1Vea nuestra lista de nuestros grandes candidatos dem\u00f3cratas para las elecciones generales del 8 de noviembre!<\/p>\n<p><a href=\"https:\/\/nebraskadem.wpenginepowered.com\/2022-democratic-candidates\/\"><strong>HAGA CLIC AQU\u00cd.<\/strong><\/a><\/p>\n<p><strong><img decoding=\"async\" class=\"aligncenter\" title=\"\" src=\"https:\/\/lh4.googleusercontent.com\/rMTvYMi5Y-Pb3fv_ViqTbtVyN3fOhQPAMQFYOAY7xBXvwxpTPCYi4Ih8GL1j8k617kFUYMQaiD6hv2jeDOl88anv7e0mndIRcX6KBDAr4T1wv9K9UIZlgyKT1MV_E-I8y84_fwJXpySPIZaPOQ\" alt=\"\" width=\"450\" align=\"center\" \/><\/strong><\/p>\n<p style=\"text-align: center;\">***<\/p>\n<p>18 de junio: \u00a1\u00danase a la senadora Carol Blood para otro gran entrenamiento de NPD! Asunto: Qu\u00e9 hacer despu\u00e9s de la Elecci\u00f3n Primaria.<\/p>\n<p><a href=\"https:\/\/www.mobilize.us\/nebdems\/event\/451197\/\"><strong>REGISTRATE AQU\u00cd.<\/strong><\/a><\/p>\n<p><img decoding=\"async\" class=\"aligncenter\" title=\"\" src=\"https:\/\/lh4.googleusercontent.com\/1IXwIa3cW5kOUBt6Of2jCXWcUSA7Sb3JHlBrXtoJy0W4M2Rv197wGHU0Mf1jD_UtgLNES1WEzsiZ0NfSY1iaVaYJIVF7K94CJWkacoRUcQyoCEyBD-0Cyhl1UIOLF5aX1fz9sFzWEZZgpWe1SQ\" alt=\"\" width=\"450\" align=\"center\" \/><\/p>\n<p style=\"text-align: center;\">***<\/p>\n<p>Si desea mantenerse al tanto de los acontecimientos de NDP y obtener nuestro blog semanal, as\u00ed como nuestros clips de noticias y puntos de conversaci\u00f3n diarios, simplemente env\u00ede un correo electr\u00f3nico a\u00a0<a href=\"mailto:kevin@nebraskademocrats.org\">kevin@nebraskademocrats.org<\/a><\/p>\n<p><strong><img decoding=\"async\" class=\"aligncenter\" title=\"\" src=\"https:\/\/lh5.googleusercontent.com\/928YK66VKnurlkqnOaUl_pjYH9fj7BE-9SP0zGRuN8usqTQjYgrsqQEsQLZteWhzSCdC-SawmUrPXcKpryAmMFWENSWxphT-pUaKaVdtG1vf2AzThJX-vQnFcz-Sf-7zm5cgOV4X9peXLY5s9A\" alt=\"\" width=\"450\" align=\"center\" \/><\/strong><\/p>\n<p style=\"text-align: center;\">***<\/p>\n<p>\u00a1Reg\u00edstrese ahora para la 51a Convenci\u00f3n Anual de la Federaci\u00f3n Nacional de Mujeres Democr\u00e1ticas, que se llevar\u00e1 a cabo a trav\u00e9s de ZOOM! El registro Early Bird ya est\u00e1 abierto.<\/p>\n<p><a href=\"https:\/\/www.nfdw.com\/2022-nfdw-convention-options\"><strong>Registrate aqu\u00ed.<\/strong><\/a><\/p>\n<p><img decoding=\"async\" class=\"aligncenter\" title=\"\" src=\"https:\/\/lh4.googleusercontent.com\/i0Mahr13Ec3kKAg8kHfMFJGJQbasfXSKMcK5T_FrTF0ALJg0nSqPsDPG-7Sp7QDkis9wEgN5nfdx5YcXmaGb_NMlfticawreUaTmKTYuOuhi_vx7ZAhPgGan4xJO6e_Jww69fjAQE04s0MhGGQ\" alt=\"\" width=\"400\" align=\"center\" \/><\/p>\n<p style=\"text-align: center;\">***<\/p>\n<p>Ayude a construir el NDP y convi\u00e9rtase en un\u00a0<a href=\"https:\/\/secure.actblue.com\/donate\/blueneb?fbclid=IwAR22ngzk6ODmk6uB8vMd9D8QAmNbQ9jsennoQsUgH-kCnEMhG8hxgJZLHY8\"><strong>Donante mensual<\/strong><\/a>\u00a0para ayudarnos a ayudar a los dem\u00f3cratas a ganar en 2022 y m\u00e1s all\u00e1! \u00a1Necesitamos tu ayuda!<\/p>\n<p><img decoding=\"async\" class=\"aligncenter\" title=\"\" src=\"https:\/\/lh6.googleusercontent.com\/siaPpjx_q7lhm3Dq2YsxcXUQBUnSDCFrgV5t0hFYAQlshoy46Ib7NLbnhu3HBs9IZ8W5Me_8ioKr0JQnwVBi-tassF19uCUCucVH95da30ATwyuvqJ2UJ_pEy2l-P9hvXgTryX_LvXfvNg1vdg\" alt=\"\" width=\"450\" align=\"center\" \/><\/p>\n<p style=\"text-align: center;\">***<\/p>\n<p>\u00a1\u00danase a nosotros en una llamada de bienvenida a la fiesta! Cubrimos temas como el registro de votantes y la redistribuci\u00f3n de distritos.<\/p>\n<p>La pr\u00f3xima llamada es\u00a0<strong>31 de Mayo\u00a0<\/strong><a href=\"https:\/\/www.mobilize.us\/nebdems\/event\/284401\/\"><strong>Registrate aqu\u00ed.<\/strong><\/a><\/p>\n<p>Si tiene sugerencias sobre temas a cubrir, env\u00ede un correo electr\u00f3nico\u00a0<a href=\"mailto:gina@nebraskademocrats.org\">gina@nebraskademocrats.org<\/a>.<\/p>\n<p><img decoding=\"async\" class=\"aligncenter\" title=\"\" src=\"https:\/\/lh4.googleusercontent.com\/3kNLHcu1q07t21OBWs6N0XTrU0SOL08IU-BrbUbx1d069UfR048qVChDdB7gUu1Ilp9BDKUzhKFbRi2dZ4BbAr9NCIyOGbxmt-E7s4TMv4sYivotsPA8cH60ZlJtfkpi5R6Tsv-YMHM7_weMqA\" alt=\"\" width=\"400\" align=\"center\" \/><\/p>\n<p style=\"text-align: center;\">***<\/p>\n<p>Obtenga su bot\u00edn de NDP en el\u00a0<a href=\"https:\/\/shirts101.store\/nebraska_democrats\/shop\/home\"><strong>Tienda NDP \/ Shirts 101!<\/strong><\/a>\u00a0Hay un mont\u00f3n de dise\u00f1os entre los que elegir.<\/p>\n<p><img decoding=\"async\" class=\"aligncenter\" title=\"\" src=\"https:\/\/lh5.googleusercontent.com\/CJaNx6K_LKJA68m0UWjCkB9mTCsBI6a255wFdcpy4pwoQWeE1iprN1QH8-7nyZc5LKZ38hDaInThrJ5f06IvH1AAadRb6olwodUg2UvO62nwq2wfS6u_-U8-9qCnfGz8_S-wFHob6FgSfnh4ZA\" alt=\"\" width=\"450\" align=\"center\" \/><\/p>\n<p style=\"text-align: center;\">***<\/p>\n<p>Os dejamos esta semana con una representaci\u00f3n de\u00a0<strong>Pat Bagley.<\/strong><\/p>\n<p><strong><img decoding=\"async\" class=\"aligncenter\" title=\"\" src=\"https:\/\/lh5.googleusercontent.com\/i0BoIYGyeSlA3j1cT0MCDRqTsRlpFBoOzBe-8lcj8UBEUcgOGnwjVMLWGt6EhcQHRjbNnS-Ofxjn0ENO18TRD-O-lRBbrRzjqf78FC_pxTypLQtlHl6Y4Cc_CCqSRSB8IR9K-beXsNeIiWgQJA\" alt=\"\" width=\"550\" align=\"center\" \/><\/strong><\/p>\n<p>\u2013Por Kevin O&#039;Hanlon \/ Director de comunicaciones de NDP<\/p>\n<p><strong>NOTA:<\/strong>\u00a0Si desea recibir #NebDems News por correo electr\u00f3nico, env\u00edenos una nota a:\u00a0<a href=\"mailto:info@nebraskademocrats.org\"><strong>info@nebraskademocrats.org<\/strong><\/a><\/p>\n<p style=\"text-align: center;\">###<strong><br \/>\n<\/strong><strong><br \/>\n<\/strong><strong>FECHAS IMPORTANTES<\/strong><\/p>\n<p>6 de junio:\u00a0<a href=\"https:\/\/www.davepantos.com\/events\/pantos-hq-kickoff\">Dave Pantos para la jornada de puertas abiertas de la sede de la campa\u00f1a del fiscal del condado de Douglas<\/a><\/p>\n<p>10 y 11 de junio:\u00a0<a href=\"https:\/\/www.nfdw.com\/2022-nfdw-convention-options\">La 51a Convenci\u00f3n Anual de la Federaci\u00f3n Nacional de Mujeres Democr\u00e1ticas a trav\u00e9s de Zoom<\/a><\/p>\n<p>18 de junio:\u00a0<a href=\"https:\/\/www.facebook.com\/groups\/117133444974033\/\">Desfile del 16 de junio de la NAACP de la sucursal de Omaha<\/a><\/p>\n<p>18 de junio:\u00a0<a href=\"https:\/\/www.mobilize.us\/nebdems\/event\/451197\/\">\u00a1\u00danase al Senador Blood para otro gran entrenamiento de NPD! Asunto: Qu\u00e9 hacer despu\u00e9s de la Elecci\u00f3n Primaria<\/a>.<\/p>\n<p>25 de junio:\u00a0<a href=\"https:\/\/secure.actblue.com\/donate\/salute2022\">Saludo a los senadores estatales<\/a><\/p>\n<p>28 de junio:\u00a0<a href=\"https:\/\/nebraskadem.wpenginepowered.com\/2022-cd1-special-election\/\">Elecci\u00f3n especial CD1<\/a><\/p>\n<p>1 de julio:\u00a0<a href=\"https:\/\/ndpwomenscaucus.org\/inspiring-women-scholarship\/\">Fecha l\u00edmite para la solicitud al Caucus de Mujeres del NDP para la Beca Helen Boosalis<\/a><\/p>\n<p>07 de julio:\u00a0<a href=\"https:\/\/www.mobilize.us\/buildthehousene\/event\/447340\/\">Evento del equipo CD2<\/a><\/p>\n<p>6 de agosto:\u00a0<a href=\"https:\/\/www.mobilize.us\/nebdems\/event\/454565\/\">NDP Yard Sign Drive-Thru en Grand Island<\/a><\/p>\n<p>6 de agosto:\u00a0<a href=\"https:\/\/www.mobilize.us\/nebdems\/event\/450446\/\">NDP Yard Sign Drive-Thru en Lincoln<\/a><\/p>\n<p>6 de agosto:\u00a0<a href=\"https:\/\/www.mobilize.us\/nebdems\/event\/454569\/\">NDP Yard Sign Drive-Thru en Omaha<\/a><\/p>","protected":false},"excerpt":{"rendered":"<p>Mass shootings have become so common in the United States (according to Education Week, there have been\u00a0at least 27 shootings at schools\u00a0or on school property alone in the first five months of 2022) that it&#8217;s difficult to comprehend. And on Tuesday, a lone gunman\u00a0entered\u00a0a\u00a0school\u00a0&#8212; again &#8212; and killed young students and teachers. The 18-year-old male, &#8230; <a title=\"A mass shooting (yet) again &#8212; #NebDems News\" class=\"read-more\" href=\"https:\/\/nebraskademocrats.org\/es\/blog\/a-mass-shooting-yet-again-nebdems-news\/\" aria-label=\"More on A mass shooting (yet) again &#8212; #NebDems News\">Lee mas<\/a><\/p>","protected":false},"author":19,"featured_media":0,"comment_status":"closed","ping_status":"closed","sticky":false,"template":"","format":"standard","meta":{"_acf_changed":false,"_exactmetrics_skip_tracking":false,"_exactmetrics_sitenote_active":false,"_exactmetrics_sitenote_note":"","_exactmetrics_sitenote_category":0,"footnotes":""},"categories":[1],"tags":[],"class_list":["post-38213","post","type-post","status-publish","format-standard","hentry","category-blog"],"acf":[],"yoast_head":"<!-- This site is optimized with the Yoast SEO plugin v27.4 - https:\/\/yoast.com\/product\/yoast-seo-wordpress\/ -->\n<title>A mass shooting (yet) again -- #NebDems News &#8211; Nebraska Democratic Party<\/title>\n<meta name=\"robots\" content=\"index, follow, max-snippet:-1, max-image-preview:large, max-video-preview:-1\" \/>\n<link rel=\"canonical\" href=\"https:\/\/nebraskademocrats.org\/es\/blog\/a-mass-shooting-yet-again-nebdems-news\/\" \/>\n<meta property=\"og:locale\" content=\"es_MX\" \/>\n<meta property=\"og:type\" content=\"article\" \/>\n<meta property=\"og:title\" content=\"A mass shooting (yet) again -- #NebDems News &#8211; Nebraska Democratic Party\" \/>\n<meta property=\"og:description\" content=\"Mass shootings have become so common in the United States (according to Education Week, there have been\u00a0at least 27 shootings at schools\u00a0or on school property alone in the first five months of 2022) that it&#8217;s difficult to comprehend. And on Tuesday, a lone gunman\u00a0entered\u00a0a\u00a0school\u00a0&#8212; again &#8212; and killed young students and teachers. The 18-year-old male, ... Read more\" \/>\n<meta property=\"og:url\" content=\"https:\/\/nebraskademocrats.org\/es\/blog\/a-mass-shooting-yet-again-nebdems-news\/\" \/>\n<meta property=\"og:site_name\" content=\"Nebraska Democratic Party\" \/>\n<meta property=\"article:publisher\" content=\"https:\/\/www.facebook.com\/NebraskaDemocraticParty\/\" \/>\n<meta property=\"article:published_time\" content=\"2022-05-27T17:39:07+00:00\" \/>\n<meta property=\"og:image\" content=\"https:\/\/nebraskadem.wpenginepowered.com\/wp-content\/uploads\/2018\/12\/NebDems-News-4-1024x569.png\" \/>\n<meta name=\"author\" content=\"Precious McKesson\" \/>\n<meta name=\"twitter:card\" content=\"summary_large_image\" \/>\n<meta name=\"twitter:creator\" content=\"@nebraskadems\" \/>\n<meta name=\"twitter:site\" content=\"@nebraskadems\" \/>\n<meta name=\"twitter:label1\" content=\"Escrito por\" \/>\n\t<meta name=\"twitter:data1\" content=\"Precious McKesson\" \/>\n\t<meta name=\"twitter:label2\" content=\"Tiempo de lectura\" \/>\n\t<meta name=\"twitter:data2\" content=\"7 minutos\" \/>\n<script type=\"application\/ld+json\" class=\"yoast-schema-graph\">{\"@context\":\"https:\\\/\\\/schema.org\",\"@graph\":[{\"@type\":\"Article\",\"@id\":\"https:\\\/\\\/nebraskademocrats.org\\\/su\\\/blog\\\/a-mass-shooting-yet-again-nebdems-news\\\/#article\",\"isPartOf\":{\"@id\":\"https:\\\/\\\/nebraskademocrats.org\\\/su\\\/blog\\\/a-mass-shooting-yet-again-nebdems-news\\\/\"},\"author\":{\"name\":\"Precious McKesson\",\"@id\":\"https:\\\/\\\/nebraskademocrats.org\\\/#\\\/schema\\\/person\\\/33e011ea0795f404810dc40828bcf289\"},\"headline\":\"A mass shooting (yet) again &#8212; #NebDems News\",\"datePublished\":\"2022-05-27T17:39:07+00:00\",\"mainEntityOfPage\":{\"@id\":\"https:\\\/\\\/nebraskademocrats.org\\\/su\\\/blog\\\/a-mass-shooting-yet-again-nebdems-news\\\/\"},\"wordCount\":778,\"publisher\":{\"@id\":\"https:\\\/\\\/nebraskademocrats.org\\\/#organization\"},\"image\":{\"@id\":\"https:\\\/\\\/nebraskademocrats.org\\\/su\\\/blog\\\/a-mass-shooting-yet-again-nebdems-news\\\/#primaryimage\"},\"thumbnailUrl\":\"https:\\\/\\\/nebraskadem.wpenginepowered.com\\\/wp-content\\\/uploads\\\/2018\\\/12\\\/NebDems-News-4-1024x569.png\",\"articleSection\":[\"NDP Blog\"],\"inLanguage\":\"es\"},{\"@type\":\"WebPage\",\"@id\":\"https:\\\/\\\/nebraskademocrats.org\\\/su\\\/blog\\\/a-mass-shooting-yet-again-nebdems-news\\\/\",\"url\":\"https:\\\/\\\/nebraskademocrats.org\\\/su\\\/blog\\\/a-mass-shooting-yet-again-nebdems-news\\\/\",\"name\":\"A mass shooting (yet) again -- #NebDems News &#8211; Nebraska Democratic Party\",\"isPartOf\":{\"@id\":\"https:\\\/\\\/nebraskademocrats.org\\\/#website\"},\"primaryImageOfPage\":{\"@id\":\"https:\\\/\\\/nebraskademocrats.org\\\/su\\\/blog\\\/a-mass-shooting-yet-again-nebdems-news\\\/#primaryimage\"},\"image\":{\"@id\":\"https:\\\/\\\/nebraskademocrats.org\\\/su\\\/blog\\\/a-mass-shooting-yet-again-nebdems-news\\\/#primaryimage\"},\"thumbnailUrl\":\"https:\\\/\\\/nebraskadem.wpenginepowered.com\\\/wp-content\\\/uploads\\\/2018\\\/12\\\/NebDems-News-4-1024x569.png\",\"datePublished\":\"2022-05-27T17:39:07+00:00\",\"breadcrumb\":{\"@id\":\"https:\\\/\\\/nebraskademocrats.org\\\/su\\\/blog\\\/a-mass-shooting-yet-again-nebdems-news\\\/#breadcrumb\"},\"inLanguage\":\"es\",\"potentialAction\":[{\"@type\":\"ReadAction\",\"target\":[\"https:\\\/\\\/nebraskademocrats.org\\\/su\\\/blog\\\/a-mass-shooting-yet-again-nebdems-news\\\/\"]}]},{\"@type\":\"ImageObject\",\"inLanguage\":\"es\",\"@id\":\"https:\\\/\\\/nebraskademocrats.org\\\/su\\\/blog\\\/a-mass-shooting-yet-again-nebdems-news\\\/#primaryimage\",\"url\":\"https:\\\/\\\/nebraskadem.wpenginepowered.com\\\/wp-content\\\/uploads\\\/2018\\\/12\\\/NebDems-News-4-1024x569.png\",\"contentUrl\":\"https:\\\/\\\/nebraskadem.wpenginepowered.com\\\/wp-content\\\/uploads\\\/2018\\\/12\\\/NebDems-News-4-1024x569.png\"},{\"@type\":\"BreadcrumbList\",\"@id\":\"https:\\\/\\\/nebraskademocrats.org\\\/su\\\/blog\\\/a-mass-shooting-yet-again-nebdems-news\\\/#breadcrumb\",\"itemListElement\":[{\"@type\":\"ListItem\",\"position\":1,\"name\":\"Home\",\"item\":\"https:\\\/\\\/nebraskademocrats.org\\\/\"},{\"@type\":\"ListItem\",\"position\":2,\"name\":\"A mass shooting (yet) again &#8212; #NebDems News\"}]},{\"@type\":\"WebSite\",\"@id\":\"https:\\\/\\\/nebraskademocrats.org\\\/#website\",\"url\":\"https:\\\/\\\/nebraskademocrats.org\\\/\",\"name\":\"Nebraska Democratic Party\",\"description\":\"Growing the Good Life for All Nebraskans\",\"publisher\":{\"@id\":\"https:\\\/\\\/nebraskademocrats.org\\\/#organization\"},\"potentialAction\":[{\"@type\":\"SearchAction\",\"target\":{\"@type\":\"EntryPoint\",\"urlTemplate\":\"https:\\\/\\\/nebraskademocrats.org\\\/?s={search_term_string}\"},\"query-input\":{\"@type\":\"PropertyValueSpecification\",\"valueRequired\":true,\"valueName\":\"search_term_string\"}}],\"inLanguage\":\"es\"},{\"@type\":\"Organization\",\"@id\":\"https:\\\/\\\/nebraskademocrats.org\\\/#organization\",\"name\":\"Nebraska Democratic Party\",\"url\":\"https:\\\/\\\/nebraskademocrats.org\\\/\",\"logo\":{\"@type\":\"ImageObject\",\"inLanguage\":\"es\",\"@id\":\"https:\\\/\\\/nebraskademocrats.org\\\/#\\\/schema\\\/logo\\\/image\\\/\",\"url\":\"https:\\\/\\\/nebraskadem.wpenginepowered.com\\\/wp-content\\\/uploads\\\/2016\\\/05\\\/NDP2.jpg\",\"contentUrl\":\"https:\\\/\\\/nebraskadem.wpenginepowered.com\\\/wp-content\\\/uploads\\\/2016\\\/05\\\/NDP2.jpg\",\"width\":1000,\"height\":396,\"caption\":\"Nebraska Democratic Party\"},\"image\":{\"@id\":\"https:\\\/\\\/nebraskademocrats.org\\\/#\\\/schema\\\/logo\\\/image\\\/\"},\"sameAs\":[\"https:\\\/\\\/www.facebook.com\\\/NebraskaDemocraticParty\\\/\",\"https:\\\/\\\/x.com\\\/nebraskadems\"]},{\"@type\":\"Person\",\"@id\":\"https:\\\/\\\/nebraskademocrats.org\\\/#\\\/schema\\\/person\\\/33e011ea0795f404810dc40828bcf289\",\"name\":\"Precious McKesson\",\"image\":{\"@type\":\"ImageObject\",\"inLanguage\":\"es\",\"@id\":\"https:\\\/\\\/secure.gravatar.com\\\/avatar\\\/35046e19b3373116ec64c07d386d3312028d3820dc0ffe65c344bcebc8ea9194?s=96&d=mm&r=g\",\"url\":\"https:\\\/\\\/secure.gravatar.com\\\/avatar\\\/35046e19b3373116ec64c07d386d3312028d3820dc0ffe65c344bcebc8ea9194?s=96&d=mm&r=g\",\"contentUrl\":\"https:\\\/\\\/secure.gravatar.com\\\/avatar\\\/35046e19b3373116ec64c07d386d3312028d3820dc0ffe65c344bcebc8ea9194?s=96&d=mm&r=g\",\"caption\":\"Precious McKesson\"}}]}<\/script>\n<!-- \/ Yoast SEO plugin. -->","yoast_head_json":{"title":"A mass shooting (yet) again -- #NebDems News &#8211; Nebraska Democratic Party","robots":{"index":"index","follow":"follow","max-snippet":"max-snippet:-1","max-image-preview":"max-image-preview:large","max-video-preview":"max-video-preview:-1"},"canonical":"https:\/\/nebraskademocrats.org\/es\/blog\/a-mass-shooting-yet-again-nebdems-news\/","og_locale":"es_MX","og_type":"article","og_title":"A mass shooting (yet) again -- #NebDems News &#8211; Nebraska Democratic Party","og_description":"Mass shootings have become so common in the United States (according to Education Week, there have been\u00a0at least 27 shootings at schools\u00a0or on school property alone in the first five months of 2022) that it&#8217;s difficult to comprehend. And on Tuesday, a lone gunman\u00a0entered\u00a0a\u00a0school\u00a0&#8212; again &#8212; and killed young students and teachers. The 18-year-old male, ... Read more","og_url":"https:\/\/nebraskademocrats.org\/es\/blog\/a-mass-shooting-yet-again-nebdems-news\/","og_site_name":"Nebraska Democratic Party","article_publisher":"https:\/\/www.facebook.com\/NebraskaDemocraticParty\/","article_published_time":"2022-05-27T17:39:07+00:00","og_image":[{"url":"https:\/\/nebraskadem.wpenginepowered.com\/wp-content\/uploads\/2018\/12\/NebDems-News-4-1024x569.png","type":"","width":"","height":""}],"author":"Precious McKesson","twitter_card":"summary_large_image","twitter_creator":"@nebraskadems","twitter_site":"@nebraskadems","twitter_misc":{"Escrito por":"Precious McKesson","Tiempo de lectura":"7 minutos"},"schema":{"@context":"https:\/\/schema.org","@graph":[{"@type":"Article","@id":"https:\/\/nebraskademocrats.org\/su\/blog\/a-mass-shooting-yet-again-nebdems-news\/#article","isPartOf":{"@id":"https:\/\/nebraskademocrats.org\/su\/blog\/a-mass-shooting-yet-again-nebdems-news\/"},"author":{"name":"Precious McKesson","@id":"https:\/\/nebraskademocrats.org\/#\/schema\/person\/33e011ea0795f404810dc40828bcf289"},"headline":"A mass shooting (yet) again &#8212; #NebDems News","datePublished":"2022-05-27T17:39:07+00:00","mainEntityOfPage":{"@id":"https:\/\/nebraskademocrats.org\/su\/blog\/a-mass-shooting-yet-again-nebdems-news\/"},"wordCount":778,"publisher":{"@id":"https:\/\/nebraskademocrats.org\/#organization"},"image":{"@id":"https:\/\/nebraskademocrats.org\/su\/blog\/a-mass-shooting-yet-again-nebdems-news\/#primaryimage"},"thumbnailUrl":"https:\/\/nebraskadem.wpenginepowered.com\/wp-content\/uploads\/2018\/12\/NebDems-News-4-1024x569.png","articleSection":["NDP Blog"],"inLanguage":"es"},{"@type":"WebPage","@id":"https:\/\/nebraskademocrats.org\/su\/blog\/a-mass-shooting-yet-again-nebdems-news\/","url":"https:\/\/nebraskademocrats.org\/su\/blog\/a-mass-shooting-yet-again-nebdems-news\/","name":"A mass shooting (yet) again -- #NebDems News &#8211; Nebraska Democratic Party","isPartOf":{"@id":"https:\/\/nebraskademocrats.org\/#website"},"primaryImageOfPage":{"@id":"https:\/\/nebraskademocrats.org\/su\/blog\/a-mass-shooting-yet-again-nebdems-news\/#primaryimage"},"image":{"@id":"https:\/\/nebraskademocrats.org\/su\/blog\/a-mass-shooting-yet-again-nebdems-news\/#primaryimage"},"thumbnailUrl":"https:\/\/nebraskadem.wpenginepowered.com\/wp-content\/uploads\/2018\/12\/NebDems-News-4-1024x569.png","datePublished":"2022-05-27T17:39:07+00:00","breadcrumb":{"@id":"https:\/\/nebraskademocrats.org\/su\/blog\/a-mass-shooting-yet-again-nebdems-news\/#breadcrumb"},"inLanguage":"es","potentialAction":[{"@type":"ReadAction","target":["https:\/\/nebraskademocrats.org\/su\/blog\/a-mass-shooting-yet-again-nebdems-news\/"]}]},{"@type":"ImageObject","inLanguage":"es","@id":"https:\/\/nebraskademocrats.org\/su\/blog\/a-mass-shooting-yet-again-nebdems-news\/#primaryimage","url":"https:\/\/nebraskadem.wpenginepowered.com\/wp-content\/uploads\/2018\/12\/NebDems-News-4-1024x569.png","contentUrl":"https:\/\/nebraskadem.wpenginepowered.com\/wp-content\/uploads\/2018\/12\/NebDems-News-4-1024x569.png"},{"@type":"BreadcrumbList","@id":"https:\/\/nebraskademocrats.org\/su\/blog\/a-mass-shooting-yet-again-nebdems-news\/#breadcrumb","itemListElement":[{"@type":"ListItem","position":1,"name":"Home","item":"https:\/\/nebraskademocrats.org\/"},{"@type":"ListItem","position":2,"name":"A mass shooting (yet) again &#8212; #NebDems News"}]},{"@type":"WebSite","@id":"https:\/\/nebraskademocrats.org\/#website","url":"https:\/\/nebraskademocrats.org\/","name":"Partido Dem\u00f3crata de Nebraska","description":"Cultivando la buena vida para todos los nebraskenses","publisher":{"@id":"https:\/\/nebraskademocrats.org\/#organization"},"potentialAction":[{"@type":"SearchAction","target":{"@type":"EntryPoint","urlTemplate":"https:\/\/nebraskademocrats.org\/?s={search_term_string}"},"query-input":{"@type":"PropertyValueSpecification","valueRequired":true,"valueName":"search_term_string"}}],"inLanguage":"es"},{"@type":"Organization","@id":"https:\/\/nebraskademocrats.org\/#organization","name":"Partido Dem\u00f3crata de Nebraska","url":"https:\/\/nebraskademocrats.org\/","logo":{"@type":"ImageObject","inLanguage":"es","@id":"https:\/\/nebraskademocrats.org\/#\/schema\/logo\/image\/","url":"https:\/\/nebraskadem.wpenginepowered.com\/wp-content\/uploads\/2016\/05\/NDP2.jpg","contentUrl":"https:\/\/nebraskadem.wpenginepowered.com\/wp-content\/uploads\/2016\/05\/NDP2.jpg","width":1000,"height":396,"caption":"Nebraska Democratic Party"},"image":{"@id":"https:\/\/nebraskademocrats.org\/#\/schema\/logo\/image\/"},"sameAs":["https:\/\/www.facebook.com\/NebraskaDemocraticParty\/","https:\/\/x.com\/nebraskadems"]},{"@type":"Person","@id":"https:\/\/nebraskademocrats.org\/#\/schema\/person\/33e011ea0795f404810dc40828bcf289","name":"Precioso McKesson","image":{"@type":"ImageObject","inLanguage":"es","@id":"https:\/\/secure.gravatar.com\/avatar\/35046e19b3373116ec64c07d386d3312028d3820dc0ffe65c344bcebc8ea9194?s=96&d=mm&r=g","url":"https:\/\/secure.gravatar.com\/avatar\/35046e19b3373116ec64c07d386d3312028d3820dc0ffe65c344bcebc8ea9194?s=96&d=mm&r=g","contentUrl":"https:\/\/secure.gravatar.com\/avatar\/35046e19b3373116ec64c07d386d3312028d3820dc0ffe65c344bcebc8ea9194?s=96&d=mm&r=g","caption":"Precious McKesson"}}]}},"_links":{"self":[{"href":"https:\/\/nebraskademocrats.org\/es\/wp-json\/wp\/v2\/posts\/38213","targetHints":{"allow":["GET"]}}],"collection":[{"href":"https:\/\/nebraskademocrats.org\/es\/wp-json\/wp\/v2\/posts"}],"about":[{"href":"https:\/\/nebraskademocrats.org\/es\/wp-json\/wp\/v2\/types\/post"}],"author":[{"embeddable":true,"href":"https:\/\/nebraskademocrats.org\/es\/wp-json\/wp\/v2\/users\/19"}],"replies":[{"embeddable":true,"href":"https:\/\/nebraskademocrats.org\/es\/wp-json\/wp\/v2\/comments?post=38213"}],"version-history":[{"count":0,"href":"https:\/\/nebraskademocrats.org\/es\/wp-json\/wp\/v2\/posts\/38213\/revisions"}],"wp:attachment":[{"href":"https:\/\/nebraskademocrats.org\/es\/wp-json\/wp\/v2\/media?parent=38213"}],"wp:term":[{"taxonomy":"category","embeddable":true,"href":"https:\/\/nebraskademocrats.org\/es\/wp-json\/wp\/v2\/categories?post=38213"},{"taxonomy":"post_tag","embeddable":true,"href":"https:\/\/nebraskademocrats.org\/es\/wp-json\/wp\/v2\/tags?post=38213"}],"curies":[{"name":"wp","href":"https:\/\/api.w.org\/{rel}","templated":true}]}}