{"id":38579,"date":"2022-07-07T15:31:07","date_gmt":"2022-07-07T20:31:07","guid":{"rendered":"https:\/\/nebraskadem.wpenginepowered.com\/?p=38579"},"modified":"2022-07-07T15:31:07","modified_gmt":"2022-07-07T20:31:07","slug":"press-release-ndps-chair-kleeb-and-executive-director-mckesson-decry-voter-suppression-petition","status":"publish","type":"post","link":"https:\/\/nebraskademocrats.org\/es\/press-releases\/press-release-ndps-chair-kleeb-and-executive-director-mckesson-decry-voter-suppression-petition\/","title":{"rendered":"Comunicado de prensa: El presidente del NDP, Kleeb, y el director ejecutivo, McKesson, denuncian la petici\u00f3n de supresi\u00f3n de votantes"},"content":{"rendered":"<p><span style=\"font-weight: 400;\">Declaraci\u00f3n de Nebraska Democratic Party sobre el intento del senador estatal Slama y el gobernador Pete Ricketts de suprimir el voto en todo nuestro estado con su campa\u00f1a electoral innecesaria para exigir una identificaci\u00f3n para votar:<\/span><\/p>\n<p><span style=\"font-weight: 400;\">\u201cAgregar barreras para votar es antiestadounidense\u201d, dijo la presidenta Jane Kleeb. \u201cEl Secretario de Estado republicano y los funcionarios electorales del condado en todo el estado han dicho una y otra vez que no hay fraude electoral en Nebraska. Y, sin embargo, el senador Slama, financiado por el gobernador Ricketts, decidi\u00f3 estafar a los habitantes de Nebraska para que firmaran una petici\u00f3n, dici\u00e9ndoles a las personas que solo quer\u00edan un debate sobre el tema y otras mentiras descaradas. La buena noticia es que incluso si esto pasa en las urnas, la Legislatura determinar\u00e1 qu\u00e9 identificaciones se aceptar\u00e1n. Para garantizar que se acepte una lista amplia, desde identificaciones de campus, licencias de conducir e identificaciones tribales, los votantes deben enviar m\u00e1s dem\u00f3cratas a la Legislatura. Ese es el enfoque de nuestro partido. Lograr que m\u00e1s dem\u00f3cratas sean elegidos no solo para garantizar que ampliemos los derechos de voto, sino tambi\u00e9n para garantizar que nuestro estado no proh\u00edba los abortos legales\u201d.<\/span><\/p>\n<p><span style=\"font-weight: 400;\">Dijo el director ejecutivo del NDP, Precious McKesson:<\/span><\/p>\n<p><span style=\"font-weight: 400;\">\u201cLos republicanos han convertido el presunto fraude electoral en un fantasma pol\u00edtico para asustar a los votantes y evitar que ejerzan su derecho al voto. El \u00fanico fraude que se ve es la pr\u00e1ctica que utilizaron para recolectar las firmas. Los esfuerzos para exigir una identificaci\u00f3n han fracasado en la Legislatura durante los \u00faltimos ocho a\u00f1os porque los senadores de ambos partidos saben que esto terminar\u00e1 en los tribunales por motivos de un impuesto de capitaci\u00f3n o discriminaci\u00f3n contra los pobres y discapacitados. Nada parece detener el reinado cruel e imprudente de Ricketts y Slama\u201d.<\/span><\/p>","protected":false},"excerpt":{"rendered":"<p>Nebraska Democratic Party statement on the attempt by state Sen. Slama and Gov. Pete Ricketts to suppress the vote across our state with their unnecessary ballot campaign to require an ID to vote: \u201cAdding barriers to vote is un-American,\u201d Chair Jane Kleeb said. \u201cThe Republican Secretary of State and county election officials across the state &#8230; <a title=\"Comunicado de prensa: El presidente del NDP, Kleeb, y el director ejecutivo, McKesson, denuncian la petici\u00f3n de supresi\u00f3n de votantes\" class=\"read-more\" href=\"https:\/\/nebraskademocrats.org\/es\/press-releases\/press-release-ndps-chair-kleeb-and-executive-director-mckesson-decry-voter-suppression-petition\/\" aria-label=\"More on Press release: NDP\u2019s Chair Kleeb and Executive Director McKesson decry voter suppression petition\">Lee mas<\/a><\/p>","protected":false},"author":19,"featured_media":0,"comment_status":"closed","ping_status":"closed","sticky":false,"template":"","format":"standard","meta":{"_acf_changed":false,"_exactmetrics_skip_tracking":false,"_exactmetrics_sitenote_active":false,"_exactmetrics_sitenote_note":"","_exactmetrics_sitenote_category":0,"footnotes":""},"categories":[4],"tags":[],"class_list":["post-38579","post","type-post","status-publish","format-standard","hentry","category-press-releases"],"acf":[],"yoast_head":"<!-- This site is optimized with the Yoast SEO plugin v27.5 - https:\/\/yoast.com\/product\/yoast-seo-wordpress\/ -->\n<title>Press release: NDP\u2019s Chair Kleeb and Executive Director McKesson decry voter suppression petition &#8211; Nebraska Democratic Party<\/title>\n<meta name=\"robots\" content=\"index, follow, max-snippet:-1, max-image-preview:large, max-video-preview:-1\" \/>\n<link rel=\"canonical\" href=\"https:\/\/nebraskademocrats.org\/es\/press-releases\/press-release-ndps-chair-kleeb-and-executive-director-mckesson-decry-voter-suppression-petition\/\" \/>\n<meta property=\"og:locale\" content=\"es_MX\" \/>\n<meta property=\"og:type\" content=\"article\" \/>\n<meta property=\"og:title\" content=\"Press release: NDP\u2019s Chair Kleeb and Executive Director McKesson decry voter suppression petition &#8211; Nebraska Democratic Party\" \/>\n<meta property=\"og:description\" content=\"Nebraska Democratic Party statement on the attempt by state Sen. Slama and Gov. Pete Ricketts to suppress the vote across our state with their unnecessary ballot campaign to require an ID to vote: \u201cAdding barriers to vote is un-American,\u201d Chair Jane Kleeb said. \u201cThe Republican Secretary of State and county election officials across the state ... Read more\" \/>\n<meta property=\"og:url\" content=\"https:\/\/nebraskademocrats.org\/es\/press-releases\/press-release-ndps-chair-kleeb-and-executive-director-mckesson-decry-voter-suppression-petition\/\" \/>\n<meta property=\"og:site_name\" content=\"Nebraska Democratic Party\" \/>\n<meta property=\"article:publisher\" content=\"https:\/\/www.facebook.com\/NebraskaDemocraticParty\/\" \/>\n<meta property=\"article:published_time\" content=\"2022-07-07T20:31:07+00:00\" \/>\n<meta property=\"og:image\" content=\"https:\/\/nebraskademocrats.org\/wp-content\/uploads\/2018\/09\/ne-dems-fb.jpg\" \/>\n\t<meta property=\"og:image:width\" content=\"1200\" \/>\n\t<meta property=\"og:image:height\" content=\"630\" \/>\n\t<meta property=\"og:image:type\" content=\"image\/jpeg\" \/>\n<meta name=\"author\" content=\"Precious McKesson\" \/>\n<meta name=\"twitter:card\" content=\"summary_large_image\" \/>\n<meta name=\"twitter:creator\" content=\"@nebraskadems\" \/>\n<meta name=\"twitter:site\" content=\"@nebraskadems\" \/>\n<meta name=\"twitter:label1\" content=\"Escrito por\" \/>\n\t<meta name=\"twitter:data1\" content=\"Precious McKesson\" \/>\n\t<meta name=\"twitter:label2\" content=\"Tiempo de lectura\" \/>\n\t<meta name=\"twitter:data2\" content=\"2 minutos\" \/>\n<script type=\"application\/ld+json\" class=\"yoast-schema-graph\">{\"@context\":\"https:\\\/\\\/schema.org\",\"@graph\":[{\"@type\":\"Article\",\"@id\":\"https:\\\/\\\/nebraskademocrats.org\\\/press-releases\\\/press-release-ndps-chair-kleeb-and-executive-director-mckesson-decry-voter-suppression-petition\\\/#article\",\"isPartOf\":{\"@id\":\"https:\\\/\\\/nebraskademocrats.org\\\/press-releases\\\/press-release-ndps-chair-kleeb-and-executive-director-mckesson-decry-voter-suppression-petition\\\/\"},\"author\":{\"name\":\"Precious McKesson\",\"@id\":\"https:\\\/\\\/nebraskademocrats.org\\\/#\\\/schema\\\/person\\\/33e011ea0795f404810dc40828bcf289\"},\"headline\":\"Press release: NDP\u2019s Chair Kleeb and Executive Director McKesson decry voter suppression petition\",\"datePublished\":\"2022-07-07T20:31:07+00:00\",\"mainEntityOfPage\":{\"@id\":\"https:\\\/\\\/nebraskademocrats.org\\\/press-releases\\\/press-release-ndps-chair-kleeb-and-executive-director-mckesson-decry-voter-suppression-petition\\\/\"},\"wordCount\":283,\"publisher\":{\"@id\":\"https:\\\/\\\/nebraskademocrats.org\\\/#organization\"},\"articleSection\":[\"Press Releases\"],\"inLanguage\":\"es\"},{\"@type\":\"WebPage\",\"@id\":\"https:\\\/\\\/nebraskademocrats.org\\\/press-releases\\\/press-release-ndps-chair-kleeb-and-executive-director-mckesson-decry-voter-suppression-petition\\\/\",\"url\":\"https:\\\/\\\/nebraskademocrats.org\\\/press-releases\\\/press-release-ndps-chair-kleeb-and-executive-director-mckesson-decry-voter-suppression-petition\\\/\",\"name\":\"Press release: NDP\u2019s Chair Kleeb and Executive Director McKesson decry voter suppression petition &#8211; Nebraska Democratic Party\",\"isPartOf\":{\"@id\":\"https:\\\/\\\/nebraskademocrats.org\\\/#website\"},\"datePublished\":\"2022-07-07T20:31:07+00:00\",\"breadcrumb\":{\"@id\":\"https:\\\/\\\/nebraskademocrats.org\\\/press-releases\\\/press-release-ndps-chair-kleeb-and-executive-director-mckesson-decry-voter-suppression-petition\\\/#breadcrumb\"},\"inLanguage\":\"es\",\"potentialAction\":[{\"@type\":\"ReadAction\",\"target\":[\"https:\\\/\\\/nebraskademocrats.org\\\/press-releases\\\/press-release-ndps-chair-kleeb-and-executive-director-mckesson-decry-voter-suppression-petition\\\/\"]}]},{\"@type\":\"BreadcrumbList\",\"@id\":\"https:\\\/\\\/nebraskademocrats.org\\\/press-releases\\\/press-release-ndps-chair-kleeb-and-executive-director-mckesson-decry-voter-suppression-petition\\\/#breadcrumb\",\"itemListElement\":[{\"@type\":\"ListItem\",\"position\":1,\"name\":\"Home\",\"item\":\"https:\\\/\\\/nebraskademocrats.org\\\/\"},{\"@type\":\"ListItem\",\"position\":2,\"name\":\"Press release: NDP\u2019s Chair Kleeb and Executive Director McKesson decry voter suppression petition\"}]},{\"@type\":\"WebSite\",\"@id\":\"https:\\\/\\\/nebraskademocrats.org\\\/#website\",\"url\":\"https:\\\/\\\/nebraskademocrats.org\\\/\",\"name\":\"Nebraska Democratic Party\",\"description\":\"Growing the Good Life for All Nebraskans\",\"publisher\":{\"@id\":\"https:\\\/\\\/nebraskademocrats.org\\\/#organization\"},\"potentialAction\":[{\"@type\":\"SearchAction\",\"target\":{\"@type\":\"EntryPoint\",\"urlTemplate\":\"https:\\\/\\\/nebraskademocrats.org\\\/?s={search_term_string}\"},\"query-input\":{\"@type\":\"PropertyValueSpecification\",\"valueRequired\":true,\"valueName\":\"search_term_string\"}}],\"inLanguage\":\"es\"},{\"@type\":\"Organization\",\"@id\":\"https:\\\/\\\/nebraskademocrats.org\\\/#organization\",\"name\":\"Nebraska Democratic Party\",\"url\":\"https:\\\/\\\/nebraskademocrats.org\\\/\",\"logo\":{\"@type\":\"ImageObject\",\"inLanguage\":\"es\",\"@id\":\"https:\\\/\\\/nebraskademocrats.org\\\/#\\\/schema\\\/logo\\\/image\\\/\",\"url\":\"https:\\\/\\\/nebraskadem.wpenginepowered.com\\\/wp-content\\\/uploads\\\/2016\\\/05\\\/NDP2.jpg\",\"contentUrl\":\"https:\\\/\\\/nebraskadem.wpenginepowered.com\\\/wp-content\\\/uploads\\\/2016\\\/05\\\/NDP2.jpg\",\"width\":1000,\"height\":396,\"caption\":\"Nebraska Democratic Party\"},\"image\":{\"@id\":\"https:\\\/\\\/nebraskademocrats.org\\\/#\\\/schema\\\/logo\\\/image\\\/\"},\"sameAs\":[\"https:\\\/\\\/www.facebook.com\\\/NebraskaDemocraticParty\\\/\",\"https:\\\/\\\/x.com\\\/nebraskadems\"]},{\"@type\":\"Person\",\"@id\":\"https:\\\/\\\/nebraskademocrats.org\\\/#\\\/schema\\\/person\\\/33e011ea0795f404810dc40828bcf289\",\"name\":\"Precious McKesson\",\"image\":{\"@type\":\"ImageObject\",\"inLanguage\":\"es\",\"@id\":\"https:\\\/\\\/secure.gravatar.com\\\/avatar\\\/35046e19b3373116ec64c07d386d3312028d3820dc0ffe65c344bcebc8ea9194?s=96&d=mm&r=g\",\"url\":\"https:\\\/\\\/secure.gravatar.com\\\/avatar\\\/35046e19b3373116ec64c07d386d3312028d3820dc0ffe65c344bcebc8ea9194?s=96&d=mm&r=g\",\"contentUrl\":\"https:\\\/\\\/secure.gravatar.com\\\/avatar\\\/35046e19b3373116ec64c07d386d3312028d3820dc0ffe65c344bcebc8ea9194?s=96&d=mm&r=g\",\"caption\":\"Precious McKesson\"}}]}<\/script>\n<!-- \/ Yoast SEO plugin. -->","yoast_head_json":{"title":"Press release: NDP\u2019s Chair Kleeb and Executive Director McKesson decry voter suppression petition &#8211; Nebraska Democratic Party","robots":{"index":"index","follow":"follow","max-snippet":"max-snippet:-1","max-image-preview":"max-image-preview:large","max-video-preview":"max-video-preview:-1"},"canonical":"https:\/\/nebraskademocrats.org\/es\/press-releases\/press-release-ndps-chair-kleeb-and-executive-director-mckesson-decry-voter-suppression-petition\/","og_locale":"es_MX","og_type":"article","og_title":"Press release: NDP\u2019s Chair Kleeb and Executive Director McKesson decry voter suppression petition &#8211; Nebraska Democratic Party","og_description":"Nebraska Democratic Party statement on the attempt by state Sen. Slama and Gov. Pete Ricketts to suppress the vote across our state with their unnecessary ballot campaign to require an ID to vote: \u201cAdding barriers to vote is un-American,\u201d Chair Jane Kleeb said. \u201cThe Republican Secretary of State and county election officials across the state ... Read more","og_url":"https:\/\/nebraskademocrats.org\/es\/press-releases\/press-release-ndps-chair-kleeb-and-executive-director-mckesson-decry-voter-suppression-petition\/","og_site_name":"Nebraska Democratic Party","article_publisher":"https:\/\/www.facebook.com\/NebraskaDemocraticParty\/","article_published_time":"2022-07-07T20:31:07+00:00","og_image":[{"width":1200,"height":630,"url":"https:\/\/nebraskademocrats.org\/wp-content\/uploads\/2018\/09\/ne-dems-fb.jpg","type":"image\/jpeg"}],"author":"Precious McKesson","twitter_card":"summary_large_image","twitter_creator":"@nebraskadems","twitter_site":"@nebraskadems","twitter_misc":{"Escrito por":"Precious McKesson","Tiempo de lectura":"2 minutos"},"schema":{"@context":"https:\/\/schema.org","@graph":[{"@type":"Article","@id":"https:\/\/nebraskademocrats.org\/press-releases\/press-release-ndps-chair-kleeb-and-executive-director-mckesson-decry-voter-suppression-petition\/#article","isPartOf":{"@id":"https:\/\/nebraskademocrats.org\/press-releases\/press-release-ndps-chair-kleeb-and-executive-director-mckesson-decry-voter-suppression-petition\/"},"author":{"name":"Precious McKesson","@id":"https:\/\/nebraskademocrats.org\/#\/schema\/person\/33e011ea0795f404810dc40828bcf289"},"headline":"Press release: NDP\u2019s Chair Kleeb and Executive Director McKesson decry voter suppression petition","datePublished":"2022-07-07T20:31:07+00:00","mainEntityOfPage":{"@id":"https:\/\/nebraskademocrats.org\/press-releases\/press-release-ndps-chair-kleeb-and-executive-director-mckesson-decry-voter-suppression-petition\/"},"wordCount":283,"publisher":{"@id":"https:\/\/nebraskademocrats.org\/#organization"},"articleSection":["Press Releases"],"inLanguage":"es"},{"@type":"WebPage","@id":"https:\/\/nebraskademocrats.org\/press-releases\/press-release-ndps-chair-kleeb-and-executive-director-mckesson-decry-voter-suppression-petition\/","url":"https:\/\/nebraskademocrats.org\/press-releases\/press-release-ndps-chair-kleeb-and-executive-director-mckesson-decry-voter-suppression-petition\/","name":"Press release: NDP\u2019s Chair Kleeb and Executive Director McKesson decry voter suppression petition &#8211; Nebraska Democratic Party","isPartOf":{"@id":"https:\/\/nebraskademocrats.org\/#website"},"datePublished":"2022-07-07T20:31:07+00:00","breadcrumb":{"@id":"https:\/\/nebraskademocrats.org\/press-releases\/press-release-ndps-chair-kleeb-and-executive-director-mckesson-decry-voter-suppression-petition\/#breadcrumb"},"inLanguage":"es","potentialAction":[{"@type":"ReadAction","target":["https:\/\/nebraskademocrats.org\/press-releases\/press-release-ndps-chair-kleeb-and-executive-director-mckesson-decry-voter-suppression-petition\/"]}]},{"@type":"BreadcrumbList","@id":"https:\/\/nebraskademocrats.org\/press-releases\/press-release-ndps-chair-kleeb-and-executive-director-mckesson-decry-voter-suppression-petition\/#breadcrumb","itemListElement":[{"@type":"ListItem","position":1,"name":"Home","item":"https:\/\/nebraskademocrats.org\/"},{"@type":"ListItem","position":2,"name":"Press release: NDP\u2019s Chair Kleeb and Executive Director McKesson decry voter suppression petition"}]},{"@type":"WebSite","@id":"https:\/\/nebraskademocrats.org\/#website","url":"https:\/\/nebraskademocrats.org\/","name":"Partido Dem\u00f3crata de Nebraska","description":"Cultivando la buena vida para todos los nebraskenses","publisher":{"@id":"https:\/\/nebraskademocrats.org\/#organization"},"potentialAction":[{"@type":"SearchAction","target":{"@type":"EntryPoint","urlTemplate":"https:\/\/nebraskademocrats.org\/?s={search_term_string}"},"query-input":{"@type":"PropertyValueSpecification","valueRequired":true,"valueName":"search_term_string"}}],"inLanguage":"es"},{"@type":"Organization","@id":"https:\/\/nebraskademocrats.org\/#organization","name":"Partido Dem\u00f3crata de Nebraska","url":"https:\/\/nebraskademocrats.org\/","logo":{"@type":"ImageObject","inLanguage":"es","@id":"https:\/\/nebraskademocrats.org\/#\/schema\/logo\/image\/","url":"https:\/\/nebraskadem.wpenginepowered.com\/wp-content\/uploads\/2016\/05\/NDP2.jpg","contentUrl":"https:\/\/nebraskadem.wpenginepowered.com\/wp-content\/uploads\/2016\/05\/NDP2.jpg","width":1000,"height":396,"caption":"Nebraska Democratic Party"},"image":{"@id":"https:\/\/nebraskademocrats.org\/#\/schema\/logo\/image\/"},"sameAs":["https:\/\/www.facebook.com\/NebraskaDemocraticParty\/","https:\/\/x.com\/nebraskadems"]},{"@type":"Person","@id":"https:\/\/nebraskademocrats.org\/#\/schema\/person\/33e011ea0795f404810dc40828bcf289","name":"Precioso McKesson","image":{"@type":"ImageObject","inLanguage":"es","@id":"https:\/\/secure.gravatar.com\/avatar\/35046e19b3373116ec64c07d386d3312028d3820dc0ffe65c344bcebc8ea9194?s=96&d=mm&r=g","url":"https:\/\/secure.gravatar.com\/avatar\/35046e19b3373116ec64c07d386d3312028d3820dc0ffe65c344bcebc8ea9194?s=96&d=mm&r=g","contentUrl":"https:\/\/secure.gravatar.com\/avatar\/35046e19b3373116ec64c07d386d3312028d3820dc0ffe65c344bcebc8ea9194?s=96&d=mm&r=g","caption":"Precious McKesson"}}]}},"_links":{"self":[{"href":"https:\/\/nebraskademocrats.org\/es\/wp-json\/wp\/v2\/posts\/38579","targetHints":{"allow":["GET"]}}],"collection":[{"href":"https:\/\/nebraskademocrats.org\/es\/wp-json\/wp\/v2\/posts"}],"about":[{"href":"https:\/\/nebraskademocrats.org\/es\/wp-json\/wp\/v2\/types\/post"}],"author":[{"embeddable":true,"href":"https:\/\/nebraskademocrats.org\/es\/wp-json\/wp\/v2\/users\/19"}],"replies":[{"embeddable":true,"href":"https:\/\/nebraskademocrats.org\/es\/wp-json\/wp\/v2\/comments?post=38579"}],"version-history":[{"count":0,"href":"https:\/\/nebraskademocrats.org\/es\/wp-json\/wp\/v2\/posts\/38579\/revisions"}],"wp:attachment":[{"href":"https:\/\/nebraskademocrats.org\/es\/wp-json\/wp\/v2\/media?parent=38579"}],"wp:term":[{"taxonomy":"category","embeddable":true,"href":"https:\/\/nebraskademocrats.org\/es\/wp-json\/wp\/v2\/categories?post=38579"},{"taxonomy":"post_tag","embeddable":true,"href":"https:\/\/nebraskademocrats.org\/es\/wp-json\/wp\/v2\/tags?post=38579"}],"curies":[{"name":"wp","href":"https:\/\/api.w.org\/{rel}","templated":true}]}}