{"id":3905,"date":"2018-01-31T13:27:48","date_gmt":"2018-01-31T19:27:48","guid":{"rendered":"http:\/\/nebraskadem.wpenginepowered.com\/?p=3905"},"modified":"2018-01-31T13:27:48","modified_gmt":"2018-01-31T19:27:48","slug":"rick-vest-to-run-for-lancaster-county-board-of-commissioners","status":"publish","type":"post","link":"https:\/\/nebraskademocrats.org\/es\/press-releases\/rick-vest-to-run-for-lancaster-county-board-of-commissioners\/","title":{"rendered":"Rick Vest se postular\u00e1 para la Junta de Comisionados del Condado de Lancaster"},"content":{"rendered":"<p><span style=\"font-weight: 400;\">\u00a0 \u00a0 \u00a0 \u00a0 Hoy, 31 de enero, Rick Vest anunci\u00f3 que buscar\u00eda ser elegido para la Junta de Comisionados del Condado de Lancaster en el Distrito 5. Vest es un nebraska de toda la vida con profundas ra\u00edces en el condado de Lancaster. En 1974, Vest comenz\u00f3 su carrera en las tiendas Havelock del ferrocarril BNSF como aprendiz de Carman. Despu\u00e9s de d\u00e9cadas como Journeyman Carman, Vest fue ascendido al departamento de Reclamaciones Generales en 2001, donde trabaj\u00f3 hasta su jubilaci\u00f3n en 2015.<\/span><\/p>\n<p><span style=\"font-weight: 400;\"> \u00a0\u00a0\u00a0\u00a0\u00a0\u00a0\u00a0<\/span> <span style=\"font-weight: 400;\">\u201cMe postulo para la Junta del Condado para traer un liderazgo responsable a nuestro gobierno local\u201d, dijo Vest. \u201cDespu\u00e9s de toda una vida viviendo en comunidades de Nebraska y trabajando tanto en f\u00e1bricas como en oficinas, comprendo los valores que hacen de nuestro condado un gran lugar para vivir y criar una familia. Los valores de responsabilidad, compromiso y sentido com\u00fan de nuestra comunidad me guiar\u00e1n mientras sirvo como comisionado del condado \u201d.<\/span><\/p>\n<p><span style=\"font-weight: 400;\">\u00a0 \u00a0 \u00a0 \u00a0 \u00a0Adem\u00e1s de sus experiencias en BNSF Railway, Vest tiene un compromiso de larga data de servir a su comunidad. Fue certificado por el Estado de Nebraska en Mediaci\u00f3n B\u00e1sica y Familiar en 1998 y actualmente dirige el Centro de Resoluci\u00f3n en Beatrice, Nebraska como Presidente. Es parte del Equipo de Visitas al Hospital de la Primera Iglesia Congregacional de Plymouth, se ofreci\u00f3 como entrenador de baloncesto juvenil para los M\u00e1rtires de Am\u00e9rica del Norte y se desempe\u00f1\u00f3 como orador laico en la Iglesia Metodista Unida.<\/span><\/p>\n<p><span style=\"font-weight: 400;\"> \u00a0\u00a0\u00a0\u00a0\u00a0\u00a0\u00a0<\/span> <span style=\"font-weight: 400;\">Vest destac\u00f3 el uso responsable de los fondos gubernamentales, la reforma de la justicia penal y la inversi\u00f3n en infraestructura inteligente como sus principales preocupaciones en la Junta del Condado. \u201cNuestras comunidades conf\u00edan en el gobierno local para utilizar los fondos p\u00fablicos con responsabilidad y rendici\u00f3n de cuentas. Como comisionado, me asegurar\u00e9 de que los ciudadanos obtengan lo que estamos pagando: servicios p\u00fablicos eficientes y carreteras y puentes en buen estado \u201d. Este compromiso con el gasto responsable gu\u00eda la posici\u00f3n de Vest en varios temas, incluida la reforma de la justicia penal. Es partidario de programas que reducir\u00edan el encarcelamiento innecesario de delincuentes no violentos en las c\u00e1rceles del condado. &quot;Promover la rehabilitaci\u00f3n en lugar del encarcelamiento para los infractores no violentos reducir\u00e1 los costos y disminuir\u00e1 las ofensas repetidas, equilibrando nuestro presupuesto y haciendo que nuestra comunidad sea m\u00e1s segura al mismo tiempo&quot;.<\/span><\/p>\n<p><span style=\"font-weight: 400;\"> \u00a0\u00a0\u00a0\u00a0\u00a0\u00a0\u00a0<\/span> <span style=\"font-weight: 400;\">Cuando se trata de inversi\u00f3n en infraestructura, Vest ve la importancia de soluciones innovadoras para los problemas urgentes del condado. \u201cNecesitamos explorar todas las opciones de financiamiento disponibles para nuestras importantes necesidades de infraestructura. Eso incluye encontrar formas de financiar proyectos p\u00fablicos sin aumentar la carga de impuestos a la propiedad para las familias y los jubilados \u201d.<\/span><\/p>\n<p><span style=\"font-weight: 400;\"> \u00a0\u00a0\u00a0\u00a0\u00a0\u00a0\u00a0<\/span> <span style=\"font-weight: 400;\">Vest considera que la construcci\u00f3n de consenso es la caracter\u00edstica definitoria de su servicio p\u00fablico. \u201cComo comisionado del condado, valorar\u00e9 las opiniones de mis colegas y los reunir\u00e9 para encontrar las mejores soluciones. En la Junta, estar\u00e9 en el negocio de construir puentes entre ambos lados &quot;.<\/span><\/p>\n<p><span style=\"font-weight: 400;\"> \u00a0\u00a0\u00a0\u00a0\u00a0\u00a0\u00a0<\/span> <span style=\"font-weight: 400;\">Vest actualmente vive en Lincoln con su esposa, Dawn, y con frecuencia pasa tiempo con sus 8 hijos y 18 nietos. El Distrito 5 de la Junta del Condado de Lancaster incluye el noreste de Lincoln, Waverly y las \u00e1reas rurales circundantes.<\/span><\/p>\n<p style=\"text-align: center;\"># # # #<\/p>","protected":false},"excerpt":{"rendered":"<p>\u00a0 \u00a0 \u00a0 \u00a0 Earlier today, Jan. 31st, Rick Vest announced that he would seek election to the Lancaster County Board of Commissioners in District 5. Vest is a lifelong Nebraskan with deep roots in Lancaster County. In 1974, Vest began his career in the Havelock Shops of the BNSF Railway as a Carman Apprentice. &#8230; <a title=\"Rick Vest se postular\u00e1 para la Junta de Comisionados del Condado de Lancaster\" class=\"read-more\" href=\"https:\/\/nebraskademocrats.org\/es\/press-releases\/rick-vest-to-run-for-lancaster-county-board-of-commissioners\/\" aria-label=\"More on Rick Vest to Run for Lancaster County Board of Commissioners\">Lee mas<\/a><\/p>","protected":false},"author":19,"featured_media":0,"comment_status":"closed","ping_status":"closed","sticky":false,"template":"","format":"standard","meta":{"_acf_changed":false,"_exactmetrics_skip_tracking":false,"_exactmetrics_sitenote_active":false,"_exactmetrics_sitenote_note":"","_exactmetrics_sitenote_category":0,"footnotes":""},"categories":[4],"tags":[],"class_list":["post-3905","post","type-post","status-publish","format-standard","hentry","category-press-releases"],"acf":[],"yoast_head":"<!-- This site is optimized with the Yoast SEO plugin v27.4 - https:\/\/yoast.com\/product\/yoast-seo-wordpress\/ -->\n<title>Rick Vest to Run for Lancaster County Board of Commissioners &#8211; Nebraska Democratic Party<\/title>\n<meta name=\"robots\" content=\"index, follow, max-snippet:-1, max-image-preview:large, max-video-preview:-1\" \/>\n<link rel=\"canonical\" href=\"https:\/\/nebraskademocrats.org\/es\/press-releases\/rick-vest-to-run-for-lancaster-county-board-of-commissioners\/\" \/>\n<meta property=\"og:locale\" content=\"es_MX\" \/>\n<meta property=\"og:type\" content=\"article\" \/>\n<meta property=\"og:title\" content=\"Rick Vest to Run for Lancaster County Board of Commissioners &#8211; Nebraska Democratic Party\" \/>\n<meta property=\"og:description\" content=\"\u00a0 \u00a0 \u00a0 \u00a0 Earlier today, Jan. 31st, Rick Vest announced that he would seek election to the Lancaster County Board of Commissioners in District 5. Vest is a lifelong Nebraskan with deep roots in Lancaster County. In 1974, Vest began his career in the Havelock Shops of the BNSF Railway as a Carman Apprentice. ... Read more\" \/>\n<meta property=\"og:url\" content=\"https:\/\/nebraskademocrats.org\/es\/press-releases\/rick-vest-to-run-for-lancaster-county-board-of-commissioners\/\" \/>\n<meta property=\"og:site_name\" content=\"Nebraska Democratic Party\" \/>\n<meta property=\"article:publisher\" content=\"https:\/\/www.facebook.com\/NebraskaDemocraticParty\/\" \/>\n<meta property=\"article:published_time\" content=\"2018-01-31T19:27:48+00:00\" \/>\n<meta property=\"og:image\" content=\"https:\/\/nebraskademocrats.org\/wp-content\/uploads\/2018\/09\/ne-dems-fb.jpg\" \/>\n\t<meta property=\"og:image:width\" content=\"1200\" \/>\n\t<meta property=\"og:image:height\" content=\"630\" \/>\n\t<meta property=\"og:image:type\" content=\"image\/jpeg\" \/>\n<meta name=\"author\" content=\"Precious McKesson\" \/>\n<meta name=\"twitter:card\" content=\"summary_large_image\" \/>\n<meta name=\"twitter:creator\" content=\"@nebraskadems\" \/>\n<meta name=\"twitter:site\" content=\"@nebraskadems\" \/>\n<meta name=\"twitter:label1\" content=\"Escrito por\" \/>\n\t<meta name=\"twitter:data1\" content=\"Precious McKesson\" \/>\n\t<meta name=\"twitter:label2\" content=\"Tiempo de lectura\" \/>\n\t<meta name=\"twitter:data2\" content=\"2 minutos\" \/>\n<script type=\"application\/ld+json\" class=\"yoast-schema-graph\">{\"@context\":\"https:\\\/\\\/schema.org\",\"@graph\":[{\"@type\":\"Article\",\"@id\":\"https:\\\/\\\/nebraskademocrats.org\\\/press-releases\\\/rick-vest-to-run-for-lancaster-county-board-of-commissioners\\\/#article\",\"isPartOf\":{\"@id\":\"https:\\\/\\\/nebraskademocrats.org\\\/press-releases\\\/rick-vest-to-run-for-lancaster-county-board-of-commissioners\\\/\"},\"author\":{\"name\":\"Precious McKesson\",\"@id\":\"https:\\\/\\\/nebraskademocrats.org\\\/#\\\/schema\\\/person\\\/33e011ea0795f404810dc40828bcf289\"},\"headline\":\"Rick Vest to Run for Lancaster County Board of Commissioners\",\"datePublished\":\"2018-01-31T19:27:48+00:00\",\"mainEntityOfPage\":{\"@id\":\"https:\\\/\\\/nebraskademocrats.org\\\/press-releases\\\/rick-vest-to-run-for-lancaster-county-board-of-commissioners\\\/\"},\"wordCount\":476,\"publisher\":{\"@id\":\"https:\\\/\\\/nebraskademocrats.org\\\/#organization\"},\"articleSection\":[\"Press Releases\"],\"inLanguage\":\"es\"},{\"@type\":\"WebPage\",\"@id\":\"https:\\\/\\\/nebraskademocrats.org\\\/press-releases\\\/rick-vest-to-run-for-lancaster-county-board-of-commissioners\\\/\",\"url\":\"https:\\\/\\\/nebraskademocrats.org\\\/press-releases\\\/rick-vest-to-run-for-lancaster-county-board-of-commissioners\\\/\",\"name\":\"Rick Vest to Run for Lancaster County Board of Commissioners &#8211; Nebraska Democratic Party\",\"isPartOf\":{\"@id\":\"https:\\\/\\\/nebraskademocrats.org\\\/#website\"},\"datePublished\":\"2018-01-31T19:27:48+00:00\",\"breadcrumb\":{\"@id\":\"https:\\\/\\\/nebraskademocrats.org\\\/press-releases\\\/rick-vest-to-run-for-lancaster-county-board-of-commissioners\\\/#breadcrumb\"},\"inLanguage\":\"es\",\"potentialAction\":[{\"@type\":\"ReadAction\",\"target\":[\"https:\\\/\\\/nebraskademocrats.org\\\/press-releases\\\/rick-vest-to-run-for-lancaster-county-board-of-commissioners\\\/\"]}]},{\"@type\":\"BreadcrumbList\",\"@id\":\"https:\\\/\\\/nebraskademocrats.org\\\/press-releases\\\/rick-vest-to-run-for-lancaster-county-board-of-commissioners\\\/#breadcrumb\",\"itemListElement\":[{\"@type\":\"ListItem\",\"position\":1,\"name\":\"Home\",\"item\":\"https:\\\/\\\/nebraskademocrats.org\\\/\"},{\"@type\":\"ListItem\",\"position\":2,\"name\":\"Rick Vest to Run for Lancaster County Board of Commissioners\"}]},{\"@type\":\"WebSite\",\"@id\":\"https:\\\/\\\/nebraskademocrats.org\\\/#website\",\"url\":\"https:\\\/\\\/nebraskademocrats.org\\\/\",\"name\":\"Nebraska Democratic Party\",\"description\":\"Growing the Good Life for All Nebraskans\",\"publisher\":{\"@id\":\"https:\\\/\\\/nebraskademocrats.org\\\/#organization\"},\"potentialAction\":[{\"@type\":\"SearchAction\",\"target\":{\"@type\":\"EntryPoint\",\"urlTemplate\":\"https:\\\/\\\/nebraskademocrats.org\\\/?s={search_term_string}\"},\"query-input\":{\"@type\":\"PropertyValueSpecification\",\"valueRequired\":true,\"valueName\":\"search_term_string\"}}],\"inLanguage\":\"es\"},{\"@type\":\"Organization\",\"@id\":\"https:\\\/\\\/nebraskademocrats.org\\\/#organization\",\"name\":\"Nebraska Democratic Party\",\"url\":\"https:\\\/\\\/nebraskademocrats.org\\\/\",\"logo\":{\"@type\":\"ImageObject\",\"inLanguage\":\"es\",\"@id\":\"https:\\\/\\\/nebraskademocrats.org\\\/#\\\/schema\\\/logo\\\/image\\\/\",\"url\":\"https:\\\/\\\/nebraskadem.wpenginepowered.com\\\/wp-content\\\/uploads\\\/2016\\\/05\\\/NDP2.jpg\",\"contentUrl\":\"https:\\\/\\\/nebraskadem.wpenginepowered.com\\\/wp-content\\\/uploads\\\/2016\\\/05\\\/NDP2.jpg\",\"width\":1000,\"height\":396,\"caption\":\"Nebraska Democratic Party\"},\"image\":{\"@id\":\"https:\\\/\\\/nebraskademocrats.org\\\/#\\\/schema\\\/logo\\\/image\\\/\"},\"sameAs\":[\"https:\\\/\\\/www.facebook.com\\\/NebraskaDemocraticParty\\\/\",\"https:\\\/\\\/x.com\\\/nebraskadems\"]},{\"@type\":\"Person\",\"@id\":\"https:\\\/\\\/nebraskademocrats.org\\\/#\\\/schema\\\/person\\\/33e011ea0795f404810dc40828bcf289\",\"name\":\"Precious McKesson\",\"image\":{\"@type\":\"ImageObject\",\"inLanguage\":\"es\",\"@id\":\"https:\\\/\\\/secure.gravatar.com\\\/avatar\\\/35046e19b3373116ec64c07d386d3312028d3820dc0ffe65c344bcebc8ea9194?s=96&d=mm&r=g\",\"url\":\"https:\\\/\\\/secure.gravatar.com\\\/avatar\\\/35046e19b3373116ec64c07d386d3312028d3820dc0ffe65c344bcebc8ea9194?s=96&d=mm&r=g\",\"contentUrl\":\"https:\\\/\\\/secure.gravatar.com\\\/avatar\\\/35046e19b3373116ec64c07d386d3312028d3820dc0ffe65c344bcebc8ea9194?s=96&d=mm&r=g\",\"caption\":\"Precious McKesson\"}}]}<\/script>\n<!-- \/ Yoast SEO plugin. -->","yoast_head_json":{"title":"Rick Vest to Run for Lancaster County Board of Commissioners &#8211; Nebraska Democratic Party","robots":{"index":"index","follow":"follow","max-snippet":"max-snippet:-1","max-image-preview":"max-image-preview:large","max-video-preview":"max-video-preview:-1"},"canonical":"https:\/\/nebraskademocrats.org\/es\/press-releases\/rick-vest-to-run-for-lancaster-county-board-of-commissioners\/","og_locale":"es_MX","og_type":"article","og_title":"Rick Vest to Run for Lancaster County Board of Commissioners &#8211; Nebraska Democratic Party","og_description":"\u00a0 \u00a0 \u00a0 \u00a0 Earlier today, Jan. 31st, Rick Vest announced that he would seek election to the Lancaster County Board of Commissioners in District 5. Vest is a lifelong Nebraskan with deep roots in Lancaster County. In 1974, Vest began his career in the Havelock Shops of the BNSF Railway as a Carman Apprentice. ... Read more","og_url":"https:\/\/nebraskademocrats.org\/es\/press-releases\/rick-vest-to-run-for-lancaster-county-board-of-commissioners\/","og_site_name":"Nebraska Democratic Party","article_publisher":"https:\/\/www.facebook.com\/NebraskaDemocraticParty\/","article_published_time":"2018-01-31T19:27:48+00:00","og_image":[{"width":1200,"height":630,"url":"https:\/\/nebraskademocrats.org\/wp-content\/uploads\/2018\/09\/ne-dems-fb.jpg","type":"image\/jpeg"}],"author":"Precious McKesson","twitter_card":"summary_large_image","twitter_creator":"@nebraskadems","twitter_site":"@nebraskadems","twitter_misc":{"Escrito por":"Precious McKesson","Tiempo de lectura":"2 minutos"},"schema":{"@context":"https:\/\/schema.org","@graph":[{"@type":"Article","@id":"https:\/\/nebraskademocrats.org\/press-releases\/rick-vest-to-run-for-lancaster-county-board-of-commissioners\/#article","isPartOf":{"@id":"https:\/\/nebraskademocrats.org\/press-releases\/rick-vest-to-run-for-lancaster-county-board-of-commissioners\/"},"author":{"name":"Precious McKesson","@id":"https:\/\/nebraskademocrats.org\/#\/schema\/person\/33e011ea0795f404810dc40828bcf289"},"headline":"Rick Vest to Run for Lancaster County Board of Commissioners","datePublished":"2018-01-31T19:27:48+00:00","mainEntityOfPage":{"@id":"https:\/\/nebraskademocrats.org\/press-releases\/rick-vest-to-run-for-lancaster-county-board-of-commissioners\/"},"wordCount":476,"publisher":{"@id":"https:\/\/nebraskademocrats.org\/#organization"},"articleSection":["Press Releases"],"inLanguage":"es"},{"@type":"WebPage","@id":"https:\/\/nebraskademocrats.org\/press-releases\/rick-vest-to-run-for-lancaster-county-board-of-commissioners\/","url":"https:\/\/nebraskademocrats.org\/press-releases\/rick-vest-to-run-for-lancaster-county-board-of-commissioners\/","name":"Rick Vest to Run for Lancaster County Board of Commissioners &#8211; Nebraska Democratic Party","isPartOf":{"@id":"https:\/\/nebraskademocrats.org\/#website"},"datePublished":"2018-01-31T19:27:48+00:00","breadcrumb":{"@id":"https:\/\/nebraskademocrats.org\/press-releases\/rick-vest-to-run-for-lancaster-county-board-of-commissioners\/#breadcrumb"},"inLanguage":"es","potentialAction":[{"@type":"ReadAction","target":["https:\/\/nebraskademocrats.org\/press-releases\/rick-vest-to-run-for-lancaster-county-board-of-commissioners\/"]}]},{"@type":"BreadcrumbList","@id":"https:\/\/nebraskademocrats.org\/press-releases\/rick-vest-to-run-for-lancaster-county-board-of-commissioners\/#breadcrumb","itemListElement":[{"@type":"ListItem","position":1,"name":"Home","item":"https:\/\/nebraskademocrats.org\/"},{"@type":"ListItem","position":2,"name":"Rick Vest to Run for Lancaster County Board of Commissioners"}]},{"@type":"WebSite","@id":"https:\/\/nebraskademocrats.org\/#website","url":"https:\/\/nebraskademocrats.org\/","name":"Partido Dem\u00f3crata de Nebraska","description":"Cultivando la buena vida para todos los nebraskenses","publisher":{"@id":"https:\/\/nebraskademocrats.org\/#organization"},"potentialAction":[{"@type":"SearchAction","target":{"@type":"EntryPoint","urlTemplate":"https:\/\/nebraskademocrats.org\/?s={search_term_string}"},"query-input":{"@type":"PropertyValueSpecification","valueRequired":true,"valueName":"search_term_string"}}],"inLanguage":"es"},{"@type":"Organization","@id":"https:\/\/nebraskademocrats.org\/#organization","name":"Partido Dem\u00f3crata de Nebraska","url":"https:\/\/nebraskademocrats.org\/","logo":{"@type":"ImageObject","inLanguage":"es","@id":"https:\/\/nebraskademocrats.org\/#\/schema\/logo\/image\/","url":"https:\/\/nebraskadem.wpenginepowered.com\/wp-content\/uploads\/2016\/05\/NDP2.jpg","contentUrl":"https:\/\/nebraskadem.wpenginepowered.com\/wp-content\/uploads\/2016\/05\/NDP2.jpg","width":1000,"height":396,"caption":"Nebraska Democratic Party"},"image":{"@id":"https:\/\/nebraskademocrats.org\/#\/schema\/logo\/image\/"},"sameAs":["https:\/\/www.facebook.com\/NebraskaDemocraticParty\/","https:\/\/x.com\/nebraskadems"]},{"@type":"Person","@id":"https:\/\/nebraskademocrats.org\/#\/schema\/person\/33e011ea0795f404810dc40828bcf289","name":"Precioso McKesson","image":{"@type":"ImageObject","inLanguage":"es","@id":"https:\/\/secure.gravatar.com\/avatar\/35046e19b3373116ec64c07d386d3312028d3820dc0ffe65c344bcebc8ea9194?s=96&d=mm&r=g","url":"https:\/\/secure.gravatar.com\/avatar\/35046e19b3373116ec64c07d386d3312028d3820dc0ffe65c344bcebc8ea9194?s=96&d=mm&r=g","contentUrl":"https:\/\/secure.gravatar.com\/avatar\/35046e19b3373116ec64c07d386d3312028d3820dc0ffe65c344bcebc8ea9194?s=96&d=mm&r=g","caption":"Precious McKesson"}}]}},"_links":{"self":[{"href":"https:\/\/nebraskademocrats.org\/es\/wp-json\/wp\/v2\/posts\/3905","targetHints":{"allow":["GET"]}}],"collection":[{"href":"https:\/\/nebraskademocrats.org\/es\/wp-json\/wp\/v2\/posts"}],"about":[{"href":"https:\/\/nebraskademocrats.org\/es\/wp-json\/wp\/v2\/types\/post"}],"author":[{"embeddable":true,"href":"https:\/\/nebraskademocrats.org\/es\/wp-json\/wp\/v2\/users\/19"}],"replies":[{"embeddable":true,"href":"https:\/\/nebraskademocrats.org\/es\/wp-json\/wp\/v2\/comments?post=3905"}],"version-history":[{"count":0,"href":"https:\/\/nebraskademocrats.org\/es\/wp-json\/wp\/v2\/posts\/3905\/revisions"}],"wp:attachment":[{"href":"https:\/\/nebraskademocrats.org\/es\/wp-json\/wp\/v2\/media?parent=3905"}],"wp:term":[{"taxonomy":"category","embeddable":true,"href":"https:\/\/nebraskademocrats.org\/es\/wp-json\/wp\/v2\/categories?post=3905"},{"taxonomy":"post_tag","embeddable":true,"href":"https:\/\/nebraskademocrats.org\/es\/wp-json\/wp\/v2\/tags?post=3905"}],"curies":[{"name":"wp","href":"https:\/\/api.w.org\/{rel}","templated":true}]}}