{"id":41041,"date":"2022-12-02T13:15:25","date_gmt":"2022-12-02T19:15:25","guid":{"rendered":"https:\/\/nebraskadem.wpenginepowered.com\/?p=41041"},"modified":"2022-12-02T13:15:25","modified_gmt":"2022-12-02T19:15:25","slug":"ricketts-redo-and-more-nebdems-news","status":"publish","type":"post","link":"https:\/\/nebraskademocrats.org\/es\/blog\/ricketts-redo-and-more-nebdems-news\/","title":{"rendered":"Ricketts Redo y m\u00e1s \u2014 #NebDems News"},"content":{"rendered":"<p><img fetchpriority=\"high\" decoding=\"async\" class=\"wp-image-6838 aligncenter\" src=\"https:\/\/nebraskadem.wpenginepowered.com\/wp-content\/uploads\/2018\/12\/NebDems-News-4-1024x569.png\" alt=\"\" width=\"365\" height=\"203\" srcset=\"https:\/\/nebraskademocrats.org\/wp-content\/uploads\/2018\/12\/NebDems-News-4-1024x569.png 1024w, https:\/\/nebraskademocrats.org\/wp-content\/uploads\/2018\/12\/NebDems-News-4-300x167.png 300w, https:\/\/nebraskademocrats.org\/wp-content\/uploads\/2018\/12\/NebDems-News-4-768x427.png 768w, https:\/\/nebraskademocrats.org\/wp-content\/uploads\/2018\/12\/NebDems-News-4.png 1081w\" sizes=\"(max-width: 365px) 100vw, 365px\" \/><\/p>\n<p>\u00bfCree que habr\u00e1 un cambio notable cuando el gobernador republicano electo Jim Pillen asuma el cargo en enero en sustituci\u00f3n del gobernador republicano Pete Ricketts?<\/p>\n<p>Frota una l\u00e1mpara y pide un deseo.<\/p>\n<p>Prep\u00e1rate para Ricketts Reign of Error 2.0<\/p>\n<p>A saber, el Omaha World-Herald inform\u00f3 esta semana que Pillen anunci\u00f3 que retendr\u00eda a tres miembros m\u00e1s del gabinete de la administraci\u00f3n de Ricketts, adem\u00e1s de los cinco anunciados anteriormente.<\/p>\n<p>Entre ellos se encontraba Jim Macy, quien continuar\u00e1 en su cargo como director del Departamento de Medio Ambiente y Energ\u00eda de Nebraska y quien \u201csupervis\u00f3\u201d el manejo estatal de la crisis ambiental derivada de la planta AltEn en Mead, donde se encuentra la planta de etanol ahora cerrada. producido residuos de ma\u00edz cargados de pesticidas. Las operaciones de la planta han sido culpadas por enfermedades y contaminaci\u00f3n generalizada, seg\u00fan el\u00a0<a href=\"https:\/\/omaha.com\/news\/state-and-regional\/govt-and-politics\/nebraska-gov--elect-pillen-retains-3-more-ricketts-era-cabinet-members\/article_0cdf46fe-6c37-11ed-8107-7bcb5c9de79d.html\">Heraldo del Mundo.<\/a><\/p>\n<p>El a\u00f1o pasado,\u00a0<a href=\"https:\/\/www.theguardian.com\/us-news\/2021\/jan\/10\/mead-nebraska-ethanol-plant-pollution-danger\">El guardi\u00e1n<\/a>\u00a0cit\u00f3 a un empleado del Departamento de Medio Ambiente y Energ\u00eda de Nebraska que dijo que los funcionarios de AltEn eran \u201cpersonas trabajadoras que intentaban ganarse la vida\u201d.<\/p>\n<p>Eso provoc\u00f3 una pregunta de un lector de World-Herald en un\u00a0<a href=\"https:\/\/omaha.com\/opinion\/letters\/the-public-pulse-dangerous-chemical-debris-do-homework-on-bills-more-thoughts-on-pillen\/article_40d58778-293b-11ed-ae7e-63a2de11763d.html\">carta al editor:<em><br \/>\n<\/em><em><br \/>\n<\/em><\/a><em>Est\u00e1 bien, est\u00e1 bien, pero entonces, \u00bfqui\u00e9n est\u00e1 vigilando a todas las personas trabajadoras que intentan ganarse la vida y que no est\u00e1n involucradas en la liberaci\u00f3n de sustancias qu\u00edmicas nocivas?<\/em><\/p>\n<p>Ricketts y Pillen no han estado exactamente entusiasmados con las respuestas a eso.<\/p>\n<p><img decoding=\"async\" class=\"aligncenter\" title=\"\" src=\"https:\/\/lh5.googleusercontent.com\/Vpu-_XNECo1WU5VkfjevTUQtuxKdlgNgY52G2XYM8ZVZLYobND7TV-VTJLEin8WhLkPCC-aAfYH-RzvUtagzejsb9mvuKtMZFX7CHH_7Tkt6Gj6HeRFJJknZbRES-3zRyVGyzgXyHlJ_ykkRQK3lTtFqYSwXzhmt4-SFQRn4VKkWZ28gYE6O7DSj3wCxXw\" alt=\"\" width=\"450\" align=\"center\" \/><\/p>\n<p style=\"text-align: center;\">Una pila de desechos en Mead. Fotograf\u00eda: Judy Wu-Smart<\/p>\n<p style=\"text-align: center;\">***<\/p>\n<p>\u00a1Haga llamadas para la segunda vuelta de Georgia! \u00a1\u00danase a nosotros para llamar a los votantes de Georgia a apoyar al Rev. Warnock para el Senado!<\/p>\n<p><strong>\u00a1Desde ahora hasta nuestra gran victoria el 6 de diciembre, tendremos eventos de bancos telef\u00f3nicos que dar\u00e1n la bienvenida a incre\u00edbles voluntarios y grupos especiales en los EE. UU. y en el extranjero!<\/strong><strong><br \/>\n<\/strong><strong><br \/>\n<\/strong>Algunas cosas a tener en cuenta cuando acudas a este banco telef\u00f3nico: \u2013 No te preocupes si nunca antes has hecho algo as\u00ed. Le proporcionaremos un gui\u00f3n telef\u00f3nico y una lista de votantes para llamar. Necesitar\u00e1 un tel\u00e9fono y una computadora port\u00e1til o tableta para hacer llamadas.<\/p>\n<p><a href=\"https:\/\/www.mobilize.us\/gavotes\/event\/488467\/\"><strong>REGISTRATE AQU\u00cd.<\/strong><\/a><\/p>\n<p><strong><img decoding=\"async\" class=\"aligncenter\" title=\"\" src=\"https:\/\/lh4.googleusercontent.com\/JROfI29e8F9_R2ybVRAl9pUZ9aa9FixWYPMJz1qsxc_1w5MY85XrcX5RbwDK7W45sVjIN4YZ7oC5LnGS887vzJxbdSx5zVMxUdJMdh7YnEHEJyaI-udVnKcJ2v5xGeyS91OGcOHVdT33Kdn-k2YOXrt65YVDSfhFKBffPADzSR0VasmeQFBWCXgh3QiP\" alt=\"\" width=\"450\" align=\"center\" \/><\/strong><\/p>\n<p style=\"text-align: center;\">***<\/p>\n<p>\u00danase al Nebraska Democratic Party para una discusi\u00f3n sobre las elecciones de 2022 y hacia d\u00f3nde debemos ir en 2024. Tendremos chocolate caliente y galletas, puede traer un lote de sus galletas favoritas si le gusta hornear. M\u00e1s detalles por venir.<\/p>\n<p>Los eventos ser\u00e1n:<\/p>\n<ul>\n<li>13 de diciembre: Lincoln<\/li>\n<li>14 de diciembre: Omaha<\/li>\n<li>17 de diciembre \u2014 Virtual despu\u00e9s de la reuni\u00f3n del SCC<\/li>\n<li>19 de diciembre: Tri-Cities<\/li>\n<\/ul>\n<p><a href=\"https:\/\/www.mobilize.us\/nebdems\/event\/543509\/\"><strong>REGISTRATE AQU\u00cd.<\/strong><\/a><\/p>\n<p><a href=\"https:\/\/docs.google.com\/forms\/d\/e\/1FAIpQLSeYOuo6QOwK9w1ET0Mccop9gvKSo5up1PgnojZydKyuI-ZVVg\/viewform\"><strong>RELLENE EL FORMULARIO DE COMENTARIOS.<\/strong><\/a><\/p>\n<p><strong><img decoding=\"async\" class=\"aligncenter\" title=\"\" src=\"https:\/\/lh3.googleusercontent.com\/xefsoQz1hUbUp6NtSs3juslatDWw3Zo4doUzEQhv2_vCnG06sik4MChbGJzxyaZqF4SXl1yIFupWoqm7IWcCfja2Li50XKysd4w7eOG6FTv1YrtFY692MRfabPP2VuYOOrLotpw2bRCIxl9YqMo97fxqrVhzhrjLWMknOCQv8g6rSdgq-9aG-2Dbs7Bn9A\" alt=\"\" width=\"450\" align=\"center\" \/><\/strong><\/p>\n<p style=\"text-align: center;\">***<\/p>\n<p>Si est\u00e1 listo para defender nuestros derechos de atenci\u00f3n m\u00e9dica y privacidad en la Legislatura, reg\u00edstrese para recibir una notificaci\u00f3n cuando haya acciones que tomar. Planeamos enviar postales a los senadores que votaron en contra de temas cr\u00edticos y trabajar con grupos aliados.<\/p>\n<p><a href=\"https:\/\/www.mobilize.us\/nebdems\/event\/543260\/\"><strong>\u00danase a la Red de Movilizaci\u00f3n por el Derecho al Aborto de Nebraska.<\/strong><\/a><\/p>\n<p><img decoding=\"async\" class=\"aligncenter\" title=\"\" src=\"https:\/\/lh6.googleusercontent.com\/702IKUtnQrDlZss5JPSsM81VggEAKGVzbvGJfhMmVXG2hhk8TjL6FCP_prbWnQcQvyKItWzL89VVdkiAv06yENl-9bx5WfS9Y-oMsEfRx7k4Ypb0Qyl37ygr0lrhO9EnxXBsPSCP9pUSNF8jxg-qB0xmRZvrzZp-dCEXjfj4tXwuXhXdmFF-HH0xJE87dQ\" alt=\"\" width=\"450\" align=\"center\" \/><\/p>\n<p style=\"text-align: center;\">***<\/p>\n<p>\u00bfAyudar\u00e1 a proteger nuestros derechos de voto? Tenemos la oportunidad de dar forma a c\u00f3mo los legisladores dan forma a la medida de identificaci\u00f3n de votantes aprobada por los votantes el martes. Tambi\u00e9n ayudaremos a las personas a obtener una identificaci\u00f3n si es necesario antes de las elecciones de 2024.<\/p>\n<p><strong><a href=\"https:\/\/www.mobilize.us\/nebdems\/event\/543263\/\">\u00danase a la Fuerza de Movilizaci\u00f3n por el Derecho al Voto<\/a>.<\/strong><\/p>\n<p><img decoding=\"async\" class=\"aligncenter\" title=\"\" src=\"https:\/\/lh5.googleusercontent.com\/CkpdK8NxOPkZG89Z-by3ab780y24d2rZDCxsqhesKGIRYatxJxPx7fSpeMOvvXmCwEbUAqLQQaxgPbuIXqY4ZHedfZ3pFd9efcc_Zpyeiqvsusq9UMjNCL2y3wVHv8hI-pdGyX-mPauy_A6kAd0ysc0wA-f9n0gSynF1B0ayUXgaioce55i6GZEu6RpGUg\" alt=\"\" width=\"450\" align=\"center\" \/><\/p>\n<p style=\"text-align: center;\">***<\/p>\n<p>Si desea mantenerse al tanto de los acontecimientos de NDP y obtener nuestro blog semanal, as\u00ed como nuestros clips de noticias y puntos de conversaci\u00f3n diarios, simplemente env\u00ede un correo electr\u00f3nico a\u00a0<a href=\"mailto:kevin@nebraskademocrats.org\">kevin@nebraskademocrats.org<\/a><\/p>\n<p><img decoding=\"async\" class=\"aligncenter\" title=\"\" src=\"https:\/\/lh6.googleusercontent.com\/pEhfPQbUUQMIkpn9jT_TlQ5wC6Z6WBmkUqEFpPQiLUp-I2nMX0msn6G5VBNJhObf6HOO7zyxqA4W0grRMZA1ex56J7AV-a-Lcu4IzpIvxyeOcBi4WWnaxx3ENSFmJt9wYH8Rk_EpoEyoJRTGzh9aqfhspgRQ-UMnqFJjlj60dTIXFV6agPLeXdyIM9x9AQ\" alt=\"\" width=\"450\" align=\"center\" \/><\/p>\n<p style=\"text-align: center;\">***<\/p>\n<p>Ayude a construir el NDP y convi\u00e9rtase en un\u00a0<a href=\"https:\/\/secure.actblue.com\/donate\/blueneb?fbclid=IwAR22ngzk6ODmk6uB8vMd9D8QAmNbQ9jsennoQsUgH-kCnEMhG8hxgJZLHY8\"><strong>Donante mensual<\/strong><\/a>\u00a0para ayudarnos a ayudar a los dem\u00f3cratas a ganar! \u00a1Necesitamos tu ayuda!<\/p>\n<p><img decoding=\"async\" class=\"aligncenter\" title=\"\" src=\"https:\/\/lh6.googleusercontent.com\/W5p9LzL6Rsd_VY1O0WgsVAVPiTKjSfQ2I41rFcb7CumXSkavq8ANAEc_VKECBADm_0GsWT3c9PtK572KMgBLBQ1f_b3G-rCCJiYKSqcqbraCH8vZBs0czIF6W2owG4B49rtvdqsVRQ6qKlGYNHboAyIKytk-1kgvw_gYaTTlinb-ScWGxOSWCttssKx8jQ\" alt=\"\" width=\"450\" align=\"center\" \/><\/p>\n<p style=\"text-align: center;\">***<\/p>\n<p>Obtenga su bot\u00edn de NDP en el\u00a0<strong><a href=\"https:\/\/shirts101.store\/nebraska_democrats\/shop\/home\">Tienda NDP \/ Shirts 101!<\/a>\u00a0<\/strong>Hay un mont\u00f3n de dise\u00f1os entre los que elegir.<\/p>\n<p><img decoding=\"async\" class=\"aligncenter\" title=\"\" src=\"https:\/\/lh5.googleusercontent.com\/3abV4W7uUGxw_a_TsPxYxGxq0ZPhiZvjq1E3CtAhSUJkKMp_aWK0AcTj7AEmPTq0SmmdaonmCZAa6M7UKPUgOxGS9blcHO15YPC5wrJZ0vzshrtmtWD5KGt0uG5U7DUJ90SgxS8iMWq6TZk3NVDSyWvGiVjwDjpCdo3pFWtmZ9NrPwJBdSRCVsUc6Th1zQ\" alt=\"\" width=\"400\" align=\"center\" \/><\/p>\n<p style=\"text-align: center;\">***<\/p>\n<p>Os dejamos esta semana con una representaci\u00f3n de\u00a0<strong>Bill Bramhall.<\/strong><\/p>\n<p><img decoding=\"async\" class=\"aligncenter\" title=\"\" src=\"https:\/\/can2-prod.s3.amazonaws.com\/uploads\/data\/000\/728\/042\/original\/bramhall.jpg\" alt=\"\" width=\"550\" align=\"center\" \/><br \/>\n\u2013Por Kevin O&#039;Hanlon \/ Director de comunicaciones de NDP<\/p>\n<p>NOTA: Si desea recibir #NebDems News por correo electr\u00f3nico, h\u00e1ganoslo saber enviando una nota a:\u00a0<a href=\"mailto:info@nebraskademocrats.org\">info@nebraskademocrats.org<\/a><\/p>\n<p>###<\/p>\n<p><a href=\"http:\/\/mobilize.us\/NebDems\">Ver eventos NDP aqu\u00ed.<\/a><\/p>\n<p>FECHAS IMPORTANTES<\/p>\n<p>Varias fechas:\u00a0<a href=\"https:\/\/www.mobilize.us\/gavotes\/event\/488467\/\">Phone Bank llamar\u00e1 a los votantes de Georgia para que apoyen al reverendo Warnock para el Senado<\/a><\/p>\n<p>6 de diciembre:\u00a0<a href=\"https:\/\/www.mobilize.us\/nebdems\/event\/284401\/\">Bienvenido a Party Call<\/a><\/p>\n<p>13 de diciembre:\u00a0<a href=\"https:\/\/www.mobilize.us\/nebdems\/event\/543509\/\">Cacao, galletas y conversaciones<\/a><\/p>\n<p>14 de diciembre:\u00a0<a href=\"https:\/\/www.mobilize.us\/nebdems\/event\/543509\/\">Cacao, galletas y conversaciones<\/a><\/p>\n<p>17 de diciembre:\u00a0<a href=\"https:\/\/www.mobilize.us\/nebdems\/event\/543509\/\">Cacao, galletas y conversaciones<\/a><\/p>\n<p>19 de diciembre:\u00a0<a href=\"https:\/\/www.mobilize.us\/nebdems\/event\/543509\/\">Cacao, galletas y conversaciones<\/a><\/p>\n<p>4 de enero:\u00a0<a href=\"https:\/\/nebraskalegislature.gov\/\">Se re\u00fane la legislatura de Nebraska<\/a><\/p>\n<p>4 de abril:\u00a0<a href=\"https:\/\/www.lancaster.ne.gov\/1337\/2023-Lincoln-City-Elections\">Primaria de la ciudad de Lincoln<\/a><\/p>\n<p>2 de Mayo:\u00a0<a href=\"https:\/\/www.lancaster.ne.gov\/1337\/2023-Lincoln-City-Elections\">Elecci\u00f3n general de la ciudad de Lincoln<\/a><\/p>","protected":false},"excerpt":{"rendered":"<p>You think there will be a noticeable change when Republican Gov.-elect Jim Pillen takes over in January for departing GOP Gov. Pete Ricketts? Rub a lamp and make a wish. Prepare for Ricketts Reign of Error 2.0 To wit, the Omaha World-Herald reported this week that Pillen announced he would retain three more cabinet members &#8230; <a title=\"Ricketts Redo and more &#8212; #NebDems News\" class=\"read-more\" href=\"https:\/\/nebraskademocrats.org\/es\/blog\/ricketts-redo-and-more-nebdems-news\/\" aria-label=\"More on Ricketts Redo and more &#8212; #NebDems News\">Lee mas<\/a><\/p>","protected":false},"author":19,"featured_media":0,"comment_status":"closed","ping_status":"closed","sticky":false,"template":"","format":"standard","meta":{"_acf_changed":false,"_exactmetrics_skip_tracking":false,"_exactmetrics_sitenote_active":false,"_exactmetrics_sitenote_note":"","_exactmetrics_sitenote_category":0,"footnotes":""},"categories":[1],"tags":[],"class_list":["post-41041","post","type-post","status-publish","format-standard","hentry","category-blog"],"acf":[],"yoast_head":"<!-- This site is optimized with the Yoast SEO plugin v27.4 - https:\/\/yoast.com\/product\/yoast-seo-wordpress\/ -->\n<title>Ricketts Redo and more -- #NebDems News &#8211; Nebraska Democratic Party<\/title>\n<meta name=\"robots\" content=\"index, follow, max-snippet:-1, max-image-preview:large, max-video-preview:-1\" \/>\n<link rel=\"canonical\" href=\"https:\/\/nebraskademocrats.org\/es\/blog\/ricketts-redo-and-more-nebdems-news\/\" \/>\n<meta property=\"og:locale\" content=\"es_MX\" \/>\n<meta property=\"og:type\" content=\"article\" \/>\n<meta property=\"og:title\" content=\"Ricketts Redo and more -- #NebDems News &#8211; Nebraska Democratic Party\" \/>\n<meta property=\"og:description\" content=\"You think there will be a noticeable change when Republican Gov.-elect Jim Pillen takes over in January for departing GOP Gov. Pete Ricketts? Rub a lamp and make a wish. Prepare for Ricketts Reign of Error 2.0 To wit, the Omaha World-Herald reported this week that Pillen announced he would retain three more cabinet members ... Read more\" \/>\n<meta property=\"og:url\" content=\"https:\/\/nebraskademocrats.org\/es\/blog\/ricketts-redo-and-more-nebdems-news\/\" \/>\n<meta property=\"og:site_name\" content=\"Nebraska Democratic Party\" \/>\n<meta property=\"article:publisher\" content=\"https:\/\/www.facebook.com\/NebraskaDemocraticParty\/\" \/>\n<meta property=\"article:published_time\" content=\"2022-12-02T19:15:25+00:00\" \/>\n<meta property=\"og:image\" content=\"https:\/\/nebraskadem.wpenginepowered.com\/wp-content\/uploads\/2018\/12\/NebDems-News-4-1024x569.png\" \/>\n<meta name=\"author\" content=\"Precious McKesson\" \/>\n<meta name=\"twitter:card\" content=\"summary_large_image\" \/>\n<meta name=\"twitter:creator\" content=\"@nebraskadems\" \/>\n<meta name=\"twitter:site\" content=\"@nebraskadems\" \/>\n<meta name=\"twitter:label1\" content=\"Escrito por\" \/>\n\t<meta name=\"twitter:data1\" content=\"Precious McKesson\" \/>\n\t<meta name=\"twitter:label2\" content=\"Tiempo de lectura\" \/>\n\t<meta name=\"twitter:data2\" content=\"5 minutos\" \/>\n<script type=\"application\/ld+json\" class=\"yoast-schema-graph\">{\"@context\":\"https:\\\/\\\/schema.org\",\"@graph\":[{\"@type\":\"Article\",\"@id\":\"https:\\\/\\\/nebraskademocrats.org\\\/blog\\\/ricketts-redo-and-more-nebdems-news\\\/#article\",\"isPartOf\":{\"@id\":\"https:\\\/\\\/nebraskademocrats.org\\\/blog\\\/ricketts-redo-and-more-nebdems-news\\\/\"},\"author\":{\"name\":\"Precious McKesson\",\"@id\":\"https:\\\/\\\/nebraskademocrats.org\\\/#\\\/schema\\\/person\\\/33e011ea0795f404810dc40828bcf289\"},\"headline\":\"Ricketts Redo and more &#8212; #NebDems News\",\"datePublished\":\"2022-12-02T19:15:25+00:00\",\"mainEntityOfPage\":{\"@id\":\"https:\\\/\\\/nebraskademocrats.org\\\/blog\\\/ricketts-redo-and-more-nebdems-news\\\/\"},\"wordCount\":663,\"publisher\":{\"@id\":\"https:\\\/\\\/nebraskademocrats.org\\\/#organization\"},\"image\":{\"@id\":\"https:\\\/\\\/nebraskademocrats.org\\\/blog\\\/ricketts-redo-and-more-nebdems-news\\\/#primaryimage\"},\"thumbnailUrl\":\"https:\\\/\\\/nebraskadem.wpenginepowered.com\\\/wp-content\\\/uploads\\\/2018\\\/12\\\/NebDems-News-4-1024x569.png\",\"articleSection\":[\"NDP Blog\"],\"inLanguage\":\"es\"},{\"@type\":\"WebPage\",\"@id\":\"https:\\\/\\\/nebraskademocrats.org\\\/blog\\\/ricketts-redo-and-more-nebdems-news\\\/\",\"url\":\"https:\\\/\\\/nebraskademocrats.org\\\/blog\\\/ricketts-redo-and-more-nebdems-news\\\/\",\"name\":\"Ricketts Redo and more -- #NebDems News &#8211; Nebraska Democratic Party\",\"isPartOf\":{\"@id\":\"https:\\\/\\\/nebraskademocrats.org\\\/#website\"},\"primaryImageOfPage\":{\"@id\":\"https:\\\/\\\/nebraskademocrats.org\\\/blog\\\/ricketts-redo-and-more-nebdems-news\\\/#primaryimage\"},\"image\":{\"@id\":\"https:\\\/\\\/nebraskademocrats.org\\\/blog\\\/ricketts-redo-and-more-nebdems-news\\\/#primaryimage\"},\"thumbnailUrl\":\"https:\\\/\\\/nebraskadem.wpenginepowered.com\\\/wp-content\\\/uploads\\\/2018\\\/12\\\/NebDems-News-4-1024x569.png\",\"datePublished\":\"2022-12-02T19:15:25+00:00\",\"breadcrumb\":{\"@id\":\"https:\\\/\\\/nebraskademocrats.org\\\/blog\\\/ricketts-redo-and-more-nebdems-news\\\/#breadcrumb\"},\"inLanguage\":\"es\",\"potentialAction\":[{\"@type\":\"ReadAction\",\"target\":[\"https:\\\/\\\/nebraskademocrats.org\\\/blog\\\/ricketts-redo-and-more-nebdems-news\\\/\"]}]},{\"@type\":\"ImageObject\",\"inLanguage\":\"es\",\"@id\":\"https:\\\/\\\/nebraskademocrats.org\\\/blog\\\/ricketts-redo-and-more-nebdems-news\\\/#primaryimage\",\"url\":\"https:\\\/\\\/nebraskadem.wpenginepowered.com\\\/wp-content\\\/uploads\\\/2018\\\/12\\\/NebDems-News-4-1024x569.png\",\"contentUrl\":\"https:\\\/\\\/nebraskadem.wpenginepowered.com\\\/wp-content\\\/uploads\\\/2018\\\/12\\\/NebDems-News-4-1024x569.png\"},{\"@type\":\"BreadcrumbList\",\"@id\":\"https:\\\/\\\/nebraskademocrats.org\\\/blog\\\/ricketts-redo-and-more-nebdems-news\\\/#breadcrumb\",\"itemListElement\":[{\"@type\":\"ListItem\",\"position\":1,\"name\":\"Home\",\"item\":\"https:\\\/\\\/nebraskademocrats.org\\\/\"},{\"@type\":\"ListItem\",\"position\":2,\"name\":\"Ricketts Redo and more &#8212; #NebDems News\"}]},{\"@type\":\"WebSite\",\"@id\":\"https:\\\/\\\/nebraskademocrats.org\\\/#website\",\"url\":\"https:\\\/\\\/nebraskademocrats.org\\\/\",\"name\":\"Nebraska Democratic Party\",\"description\":\"Growing the Good Life for All Nebraskans\",\"publisher\":{\"@id\":\"https:\\\/\\\/nebraskademocrats.org\\\/#organization\"},\"potentialAction\":[{\"@type\":\"SearchAction\",\"target\":{\"@type\":\"EntryPoint\",\"urlTemplate\":\"https:\\\/\\\/nebraskademocrats.org\\\/?s={search_term_string}\"},\"query-input\":{\"@type\":\"PropertyValueSpecification\",\"valueRequired\":true,\"valueName\":\"search_term_string\"}}],\"inLanguage\":\"es\"},{\"@type\":\"Organization\",\"@id\":\"https:\\\/\\\/nebraskademocrats.org\\\/#organization\",\"name\":\"Nebraska Democratic Party\",\"url\":\"https:\\\/\\\/nebraskademocrats.org\\\/\",\"logo\":{\"@type\":\"ImageObject\",\"inLanguage\":\"es\",\"@id\":\"https:\\\/\\\/nebraskademocrats.org\\\/#\\\/schema\\\/logo\\\/image\\\/\",\"url\":\"https:\\\/\\\/nebraskadem.wpenginepowered.com\\\/wp-content\\\/uploads\\\/2016\\\/05\\\/NDP2.jpg\",\"contentUrl\":\"https:\\\/\\\/nebraskadem.wpenginepowered.com\\\/wp-content\\\/uploads\\\/2016\\\/05\\\/NDP2.jpg\",\"width\":1000,\"height\":396,\"caption\":\"Nebraska Democratic Party\"},\"image\":{\"@id\":\"https:\\\/\\\/nebraskademocrats.org\\\/#\\\/schema\\\/logo\\\/image\\\/\"},\"sameAs\":[\"https:\\\/\\\/www.facebook.com\\\/NebraskaDemocraticParty\\\/\",\"https:\\\/\\\/x.com\\\/nebraskadems\"]},{\"@type\":\"Person\",\"@id\":\"https:\\\/\\\/nebraskademocrats.org\\\/#\\\/schema\\\/person\\\/33e011ea0795f404810dc40828bcf289\",\"name\":\"Precious McKesson\",\"image\":{\"@type\":\"ImageObject\",\"inLanguage\":\"es\",\"@id\":\"https:\\\/\\\/secure.gravatar.com\\\/avatar\\\/35046e19b3373116ec64c07d386d3312028d3820dc0ffe65c344bcebc8ea9194?s=96&d=mm&r=g\",\"url\":\"https:\\\/\\\/secure.gravatar.com\\\/avatar\\\/35046e19b3373116ec64c07d386d3312028d3820dc0ffe65c344bcebc8ea9194?s=96&d=mm&r=g\",\"contentUrl\":\"https:\\\/\\\/secure.gravatar.com\\\/avatar\\\/35046e19b3373116ec64c07d386d3312028d3820dc0ffe65c344bcebc8ea9194?s=96&d=mm&r=g\",\"caption\":\"Precious McKesson\"}}]}<\/script>\n<!-- \/ Yoast SEO plugin. -->","yoast_head_json":{"title":"Ricketts Redo and more -- #NebDems News &#8211; Nebraska Democratic Party","robots":{"index":"index","follow":"follow","max-snippet":"max-snippet:-1","max-image-preview":"max-image-preview:large","max-video-preview":"max-video-preview:-1"},"canonical":"https:\/\/nebraskademocrats.org\/es\/blog\/ricketts-redo-and-more-nebdems-news\/","og_locale":"es_MX","og_type":"article","og_title":"Ricketts Redo and more -- #NebDems News &#8211; Nebraska Democratic Party","og_description":"You think there will be a noticeable change when Republican Gov.-elect Jim Pillen takes over in January for departing GOP Gov. Pete Ricketts? Rub a lamp and make a wish. Prepare for Ricketts Reign of Error 2.0 To wit, the Omaha World-Herald reported this week that Pillen announced he would retain three more cabinet members ... Read more","og_url":"https:\/\/nebraskademocrats.org\/es\/blog\/ricketts-redo-and-more-nebdems-news\/","og_site_name":"Nebraska Democratic Party","article_publisher":"https:\/\/www.facebook.com\/NebraskaDemocraticParty\/","article_published_time":"2022-12-02T19:15:25+00:00","og_image":[{"url":"https:\/\/nebraskadem.wpenginepowered.com\/wp-content\/uploads\/2018\/12\/NebDems-News-4-1024x569.png","type":"","width":"","height":""}],"author":"Precious McKesson","twitter_card":"summary_large_image","twitter_creator":"@nebraskadems","twitter_site":"@nebraskadems","twitter_misc":{"Escrito por":"Precious McKesson","Tiempo de lectura":"5 minutos"},"schema":{"@context":"https:\/\/schema.org","@graph":[{"@type":"Article","@id":"https:\/\/nebraskademocrats.org\/blog\/ricketts-redo-and-more-nebdems-news\/#article","isPartOf":{"@id":"https:\/\/nebraskademocrats.org\/blog\/ricketts-redo-and-more-nebdems-news\/"},"author":{"name":"Precious McKesson","@id":"https:\/\/nebraskademocrats.org\/#\/schema\/person\/33e011ea0795f404810dc40828bcf289"},"headline":"Ricketts Redo and more &#8212; #NebDems News","datePublished":"2022-12-02T19:15:25+00:00","mainEntityOfPage":{"@id":"https:\/\/nebraskademocrats.org\/blog\/ricketts-redo-and-more-nebdems-news\/"},"wordCount":663,"publisher":{"@id":"https:\/\/nebraskademocrats.org\/#organization"},"image":{"@id":"https:\/\/nebraskademocrats.org\/blog\/ricketts-redo-and-more-nebdems-news\/#primaryimage"},"thumbnailUrl":"https:\/\/nebraskadem.wpenginepowered.com\/wp-content\/uploads\/2018\/12\/NebDems-News-4-1024x569.png","articleSection":["NDP Blog"],"inLanguage":"es"},{"@type":"WebPage","@id":"https:\/\/nebraskademocrats.org\/blog\/ricketts-redo-and-more-nebdems-news\/","url":"https:\/\/nebraskademocrats.org\/blog\/ricketts-redo-and-more-nebdems-news\/","name":"Ricketts Redo and more -- #NebDems News &#8211; Nebraska Democratic Party","isPartOf":{"@id":"https:\/\/nebraskademocrats.org\/#website"},"primaryImageOfPage":{"@id":"https:\/\/nebraskademocrats.org\/blog\/ricketts-redo-and-more-nebdems-news\/#primaryimage"},"image":{"@id":"https:\/\/nebraskademocrats.org\/blog\/ricketts-redo-and-more-nebdems-news\/#primaryimage"},"thumbnailUrl":"https:\/\/nebraskadem.wpenginepowered.com\/wp-content\/uploads\/2018\/12\/NebDems-News-4-1024x569.png","datePublished":"2022-12-02T19:15:25+00:00","breadcrumb":{"@id":"https:\/\/nebraskademocrats.org\/blog\/ricketts-redo-and-more-nebdems-news\/#breadcrumb"},"inLanguage":"es","potentialAction":[{"@type":"ReadAction","target":["https:\/\/nebraskademocrats.org\/blog\/ricketts-redo-and-more-nebdems-news\/"]}]},{"@type":"ImageObject","inLanguage":"es","@id":"https:\/\/nebraskademocrats.org\/blog\/ricketts-redo-and-more-nebdems-news\/#primaryimage","url":"https:\/\/nebraskadem.wpenginepowered.com\/wp-content\/uploads\/2018\/12\/NebDems-News-4-1024x569.png","contentUrl":"https:\/\/nebraskadem.wpenginepowered.com\/wp-content\/uploads\/2018\/12\/NebDems-News-4-1024x569.png"},{"@type":"BreadcrumbList","@id":"https:\/\/nebraskademocrats.org\/blog\/ricketts-redo-and-more-nebdems-news\/#breadcrumb","itemListElement":[{"@type":"ListItem","position":1,"name":"Home","item":"https:\/\/nebraskademocrats.org\/"},{"@type":"ListItem","position":2,"name":"Ricketts Redo and more &#8212; #NebDems News"}]},{"@type":"WebSite","@id":"https:\/\/nebraskademocrats.org\/#website","url":"https:\/\/nebraskademocrats.org\/","name":"Partido Dem\u00f3crata de Nebraska","description":"Cultivando la buena vida para todos los nebraskenses","publisher":{"@id":"https:\/\/nebraskademocrats.org\/#organization"},"potentialAction":[{"@type":"SearchAction","target":{"@type":"EntryPoint","urlTemplate":"https:\/\/nebraskademocrats.org\/?s={search_term_string}"},"query-input":{"@type":"PropertyValueSpecification","valueRequired":true,"valueName":"search_term_string"}}],"inLanguage":"es"},{"@type":"Organization","@id":"https:\/\/nebraskademocrats.org\/#organization","name":"Partido Dem\u00f3crata de Nebraska","url":"https:\/\/nebraskademocrats.org\/","logo":{"@type":"ImageObject","inLanguage":"es","@id":"https:\/\/nebraskademocrats.org\/#\/schema\/logo\/image\/","url":"https:\/\/nebraskadem.wpenginepowered.com\/wp-content\/uploads\/2016\/05\/NDP2.jpg","contentUrl":"https:\/\/nebraskadem.wpenginepowered.com\/wp-content\/uploads\/2016\/05\/NDP2.jpg","width":1000,"height":396,"caption":"Nebraska Democratic Party"},"image":{"@id":"https:\/\/nebraskademocrats.org\/#\/schema\/logo\/image\/"},"sameAs":["https:\/\/www.facebook.com\/NebraskaDemocraticParty\/","https:\/\/x.com\/nebraskadems"]},{"@type":"Person","@id":"https:\/\/nebraskademocrats.org\/#\/schema\/person\/33e011ea0795f404810dc40828bcf289","name":"Precioso McKesson","image":{"@type":"ImageObject","inLanguage":"es","@id":"https:\/\/secure.gravatar.com\/avatar\/35046e19b3373116ec64c07d386d3312028d3820dc0ffe65c344bcebc8ea9194?s=96&d=mm&r=g","url":"https:\/\/secure.gravatar.com\/avatar\/35046e19b3373116ec64c07d386d3312028d3820dc0ffe65c344bcebc8ea9194?s=96&d=mm&r=g","contentUrl":"https:\/\/secure.gravatar.com\/avatar\/35046e19b3373116ec64c07d386d3312028d3820dc0ffe65c344bcebc8ea9194?s=96&d=mm&r=g","caption":"Precious McKesson"}}]}},"_links":{"self":[{"href":"https:\/\/nebraskademocrats.org\/es\/wp-json\/wp\/v2\/posts\/41041","targetHints":{"allow":["GET"]}}],"collection":[{"href":"https:\/\/nebraskademocrats.org\/es\/wp-json\/wp\/v2\/posts"}],"about":[{"href":"https:\/\/nebraskademocrats.org\/es\/wp-json\/wp\/v2\/types\/post"}],"author":[{"embeddable":true,"href":"https:\/\/nebraskademocrats.org\/es\/wp-json\/wp\/v2\/users\/19"}],"replies":[{"embeddable":true,"href":"https:\/\/nebraskademocrats.org\/es\/wp-json\/wp\/v2\/comments?post=41041"}],"version-history":[{"count":0,"href":"https:\/\/nebraskademocrats.org\/es\/wp-json\/wp\/v2\/posts\/41041\/revisions"}],"wp:attachment":[{"href":"https:\/\/nebraskademocrats.org\/es\/wp-json\/wp\/v2\/media?parent=41041"}],"wp:term":[{"taxonomy":"category","embeddable":true,"href":"https:\/\/nebraskademocrats.org\/es\/wp-json\/wp\/v2\/categories?post=41041"},{"taxonomy":"post_tag","embeddable":true,"href":"https:\/\/nebraskademocrats.org\/es\/wp-json\/wp\/v2\/tags?post=41041"}],"curies":[{"name":"wp","href":"https:\/\/api.w.org\/{rel}","templated":true}]}}