{"id":43253,"date":"2023-06-12T16:13:35","date_gmt":"2023-06-12T21:13:35","guid":{"rendered":"https:\/\/nebraskadem.wpenginepowered.com\/?p=43253"},"modified":"2023-06-12T16:13:59","modified_gmt":"2023-06-12T21:13:59","slug":"nebdemsnews-santa-claus-climate-change-and-the-tooth-fairy","status":"publish","type":"post","link":"https:\/\/nebraskademocrats.org\/es\/blog\/nebdemsnews-santa-claus-climate-change-and-the-tooth-fairy\/","title":{"rendered":"#NebDemsNews\u2013 Santa Claus, el cambio clim\u00e1tico y el hada de los dientes"},"content":{"rendered":"<div data-elementor-type=\"wp-post\" data-elementor-id=\"43253\" class=\"elementor elementor-43253\" data-elementor-post-type=\"post\">\n\t\t\t\t\t\t<section class=\"elementor-section elementor-top-section elementor-element elementor-element-185f976c elementor-section-boxed elementor-section-height-default elementor-section-height-default\" data-id=\"185f976c\" data-element_type=\"section\" data-e-type=\"section\">\n\t\t\t\t\t\t<div class=\"elementor-container elementor-column-gap-default\">\n\t\t\t\t\t<div class=\"elementor-column elementor-col-100 elementor-top-column elementor-element elementor-element-77af6520\" data-id=\"77af6520\" data-element_type=\"column\" data-e-type=\"column\">\n\t\t\t<div class=\"elementor-widget-wrap elementor-element-populated\">\n\t\t\t\t\t\t<div class=\"elementor-element elementor-element-146edd87 elementor-widget elementor-widget-text-editor\" data-id=\"146edd87\" data-element_type=\"widget\" data-e-type=\"widget\" data-widget_type=\"text-editor.default\">\n\t\t\t\t<div class=\"elementor-widget-container\">\n\t\t\t\t\t\t\t\t\t<h2>Pap\u00e1 Noel, el cambio clim\u00e1tico y el hada de los dientes<\/h2><p>El cambio clim\u00e1tico es real y aqu\u00ed, lo creas o no.<\/p><p>Los incendios forestales de Canad\u00e1 han tra\u00eddo humo a Nueva York, haciendo que la ciudad (arriba) parezca sacada de Blade Runner 2049 (abajo).<br \/><img fetchpriority=\"high\" decoding=\"async\" class=\"alignright\" title=\"\" src=\"https:\/\/lh4.googleusercontent.com\/g0lUWNWA6ajBK0D3W-yBNZKhh2ZrIEOjqLp8q_0w9xUJRbLRjzNPv-qMUsADzVU1vm6_5U5gJ3iimxtkYyh9JGasX7c_Z5yA5yqRxFB5tchC_gPB9iGTkFl_-q8xJ4xVJRbz9stbSJMVEmQM13JziQE\" alt=\"\" width=\"377\" height=\"199\" align=\"right\" \/><\/p><p><img decoding=\"async\" class=\"aligncenter\" title=\"\" src=\"https:\/\/lh3.googleusercontent.com\/cIqmbpbBUfNppsjc9mqsHTmwaIMdj1_wGIOCqqOCkfGw6c_mTVbs8fvM3S6lDjNRNo7481s4awUv3dkF80ohoxYPYA4nY-sZCgApW2NCwXDw-GVw_TafBkabQmwfyTcibsvbXRfiRocURhEWGs0tGLo\" alt=\"\" width=\"316\" height=\"130\" align=\"right\" \/><\/p><p>Estoy convencido de que los republicanos solo creer\u00e1n que el cambio clim\u00e1tico es real cuando comience a afectar a los Yankees oa su equipo favorito.<\/p><p>Sin embargo, ya sea que la gente lo crea o no, las consecuencias del cambio clim\u00e1tico son reales ahora. Los vuelos est\u00e1n aterrizados en Newark y LaGuardia, y Nueva York tuvo la\u00a0<strong><em>el peor<\/em><\/strong>\u00a0calidad del aire de cualquier ciudad en toda la tierra.<\/p><p>Si bien el cambio clim\u00e1tico no es un fen\u00f3meno nuevo, lo que est\u00e1 en juego en el<\/p><p>juego parece mucho mejor cuando la ciudad m\u00e1s grande de Estados Unidos parece un infierno dist\u00f3pico.<\/p><p><strong>Comparar y contrastar<\/strong><\/p><p>En medio de la puesta a tierra de vuelos en Nueva York, el MAGA nombr\u00f3<\/p><p>La Corte Suprema decidi\u00f3 socavar la capacidad de la EPA para abordar el cambio clim\u00e1tico y, espec\u00edficamente, las preocupaciones sobre la calidad del agua.<\/p><p>A medida que nuestro pa\u00eds se adentra en el ciclo electoral de 2024, el cambio clim\u00e1tico es el veh\u00edculo perfecto para transmitir el contraste entre los dos partidos.<\/p><p>Simplemente podemos agregar el cambio clim\u00e1tico a la lista de cosas donde existe evidencia irrefutable, \u00a1pero los republicanos eligen negarlo!<img decoding=\"async\" title=\"\" src=\"https:\/\/lh5.googleusercontent.com\/kZg6PFgYeTHTXBtHfI965J7zATH92kkUGzq2y8PlAbuac5_cTat6MekO-A0KjytfXsbdmqbWzvZoiexgBfSQqZZw3FHr26TqToaBQHF5pVuaav1wpfZV4E5ksmW-XxLVtKS55fSZA87iLJ8oSSXlN9k\" alt=\"\" width=\"40%\" align=\"right\" \/><\/p><p>Solo estoy esperando ver la declaraci\u00f3n de Trump o DeSantis que diga: \u201cEl Partido Dem\u00f3crata est\u00e1 llenando el aire con sus qu\u00edmicos naranjas para infectar a todo el pa\u00eds con la propagaci\u00f3n a\u00e9rea del virus de la mente despierta\u201d.<\/p><p>Es el tema de nuestra pol\u00edtica en este momento: existen consecuencias tangibles e irrefutables, ya sea la realidad del cambio clim\u00e1tico, la efectividad de las vacunas o la legitimidad de nuestras elecciones, los republicanos simplemente eligen vivir en su propia realidad en lugar de aceptar la verdad.<\/p><p>Quiero decir, algunas de estas posiciones en la plataforma republicana son tan reales como el Conejo de Pascua, sin embargo, estas son las colinas en las que eligen morir.<\/p><p>Mientras que los republicanos contin\u00faan creyendo en su cuento de hadas de una plataforma, los dem\u00f3cratas creen en lo que est\u00e1 justo frente a nosotros.<\/p><p><strong>La fiesta Get Sh * t Done<\/strong><\/p><p>Hay tantas guerras culturales de las que los republicanos pueden hablar antes de que surja la pregunta... \u00bfqu\u00e9\u00a0<strong><em>tangible<\/em><\/strong>\u00a0cosas que representas?<\/p><p>Entonces, mientras Ron DeSantis y compa\u00f1\u00eda se sientan en sus reuniones de donantes de mil millones de d\u00f3lares y se quejan de c\u00f3mo Disney se ha despertado, los dem\u00f3cratas en todo el pa\u00eds se est\u00e1n ensuciando las manos y entregando para el pueblo estadounidense. Si quieres contribuir a la fiesta de ensuciarnos las manos y entregar por las familias obreras,\u00a0<a href=\"https:\/\/secure.actblue.com\/donate\/blueneb?link_id=0&amp;can_id=cfa07ef397dcab72aef740913e2dda5e&amp;source=email-santa-claus-climate-change-and-the-tooth-fairy&amp;email_referrer=&amp;email_subject=santa-claus-climate-change-and-the-tooth-fairy&amp;refcodeEmailReferrer=\"><strong>\u00a1Considere unirse a nuestro programa mensual de donantes!<\/strong><\/a><\/p><p>La administraci\u00f3n Biden ha creado casi 11\u00a0<strong><em>mill\u00f3n<\/em><\/strong>\u00a0puestos de trabajo desde que asumieron el cargo, y han puesto a la gente a trabajar trayendo puestos de trabajo de vuelta a Estados Unidos! La ley CHIPS ha tra\u00eddo la fabricaci\u00f3n de semiconductores a Estados Unidos desde China, abordando simult\u00e1neamente los problemas de fabricaci\u00f3n y la creciente amenaza de China.<\/p><p>La Casa Blanca incluso ha sido tan amable de proporcionar\u00a0<a href=\"https:\/\/www.whitehouse.gov\/therecord\/?link_id=1&amp;can_id=cfa07ef397dcab72aef740913e2dda5e&amp;source=email-santa-claus-climate-change-and-the-tooth-fairy&amp;email_referrer=&amp;email_subject=santa-claus-climate-change-and-the-tooth-fairy\"><strong>un registro completo con todos sus logros<\/strong><\/a>\u00a0en un solo lugar, \u00a1con lindas infograf\u00edas que animo a todos a compartir tambi\u00e9n!<\/p><p>Sin embargo, en t\u00e9rminos del contraste entre la indignaci\u00f3n falsa de los republicanos y los dem\u00f3cratas que hacen las cosas, mis palabras palidecen en comparaci\u00f3n con este lado a lado de Biden y DeSantis con el que les dejar\u00e9. Puedes decidir por ti mismo cu\u00e1l de los dos parece que realmente hace las cosas.<\/p><p><img decoding=\"async\" class=\"\" title=\"\" src=\"https:\/\/lh4.googleusercontent.com\/WxIbURI7r9vZkXnkmiAuSYIJQY225qOAgWSgu4x_vey7eXqjs_vEBkI7Dlslhiud-2mzhn1jDZyBOjM2lfdt9VZqf8ukvMEvU0bHVuX9Gpqhj_4ZXf7cO5ssTjM_9JLZkYopuTgU4Eeo-EnXSw-m6e0\" alt=\"\" width=\"366\" height=\"205\" align=\"left\" \/><img loading=\"lazy\" decoding=\"async\" class=\"\" title=\"\" src=\"https:\/\/lh3.googleusercontent.com\/wUM5Xv8lPYTDAGNScMzKrKXH095oKYc39df56KFUGdzl4bpuRG3eNjeVpgjVpAzSHAW891L136FMaHPxzWSpGFeJ0tbseecqNfa0UV7DkEcEV6NEtNeP-fRiJ7fstALoxNvgwmTEVPAfvOOhBj7WXNY\" alt=\"\" width=\"216\" height=\"288\" align=\"right\" \/><\/p><h3>\u00a0<\/h3><h3>\u00a0<\/h3><h3>\u00a0<\/h3><h3>\u00a0<\/h3><h3>\u00a0<\/h3><h3>alrededor del cuerno<\/h3><p>\u00a1Los extremistas republicanos se han embarcado en una cruzada para cancelar todas las organizaciones que expresan simpat\u00eda por el mes del orgullo! Despu\u00e9s de una campa\u00f1a p\u00fablica contra Bud Light y Target, el restaurante anti-LGBTQ Chick-fil-a se convirti\u00f3 en el objetivo m\u00e1s reciente despu\u00e9s de contratar a un vicepresidente de Diversidad, Equidad e Inclusi\u00f3n. Entre la cancelaci\u00f3n de Bud Light y Chick-fil-a, los estrategas republicanos expresan crecientes preocupaciones de que su base de votantes pueda morir de hambre.<img loading=\"lazy\" decoding=\"async\" class=\"alignright\" title=\"\" src=\"https:\/\/lh6.googleusercontent.com\/W8quxwwLALKsFHnUpg3Qw2TFY1CXw_XF6cF-wdTHzdwmeRtsr6HHbFmjWkdCFENVg1co942mk2SSwVdjreBWRrT_6X1rl5hw4G4UuFXS6RPlb3iM-NTz6q61xoJIx58tq-QfTiBYPda3bHlFVhpp5WE\" alt=\"\" width=\"237\" height=\"165\" align=\"right\" \/><\/p><p>El presidente Biden negoci\u00f3 un acuerdo con el presidente Kevin McCarthy para elevar el techo de la deuda la semana pasada. Despu\u00e9s de promocionar que &quot;los dem\u00f3cratas no obtuvieron ninguna victoria en este acuerdo&quot;, McCarthy hizo que una gran parte de su partido dijera que McCarthy\u00a0<strong><em>PERDIDO<\/em><\/strong>\u00a0\u00a1el trato! Los que est\u00e1n a la derecha de McCarthy han estado repitiendo como un loro las palabras de su ex presidente favorito, como se ve a la derecha, y ahora amenazan con sublevarse en casi todos los dem\u00e1s proyectos de ley.<\/p><p>Tambi\u00e9n hubo noticias importantes en el mundo del deporte la semana pasada, ya que la gira LIV Golf se fusion\u00f3 con la gira PGA. La gira LIV est\u00e1 financiada por el pr\u00edncipe heredero de Arabia Saudita, Mohammed bin Salman, cuyo historial de derechos humanos incluye logros como aprobar personalmente el asesinato de un periodista estadounidense y discriminar abiertamente a la comunidad LGBTQ+ y a las mujeres. Quiero decir, vamos, \u00bfqu\u00e9 sigue? \u00bfSe le permite a Kim Jong-Un comprar los Dallas Cowboys?<\/p><p><strong>Pr\u00f3ximos eventos\u2013#HotDemSummer<\/strong><\/p><p>Si est\u00e1s pensando en involucrarte\u2026 \u00a1hazlo! El Nebraska Democratic Party y nuestros simpatizantes participar\u00e1n en desfiles, ondear\u00e1n pancartas y mostrar\u00e1n su apoyo en todo el estado.<\/p><p>Ya sea que desee expresar su apoyo, conocer nuevos dem\u00f3cratas en su comunidad o simplemente dar sus primeros pasos, \u00a1nos ENCANTAR\u00cdA que caminara con nosotros!<\/p><p><a href=\"https:\/\/nebraskademocrats.org\/es\/hotdemsummer23\/?link_id=2&amp;can_id=cfa07ef397dcab72aef740913e2dda5e&amp;source=email-santa-claus-climate-change-and-the-tooth-fairy&amp;email_referrer=&amp;email_subject=santa-claus-climate-change-and-the-tooth-fairy\"><strong>Puedes encontrar la lista completa de eventos de este verano aqu\u00ed<\/strong><\/a>\u2013a\u00f1adimos nuevos eventos todo el tiempo, as\u00ed que sigue revisando y \u00fanete a nosotros para el #HotDemSummer.<\/p><h3>\u00a1Gracias por leer!<\/h3><p>Si tiene alguna pregunta o comentario, no dude en comunicarse con\u00a0<a href=\"mailto:jack@nebraskademocrats.org\">jack@nebraskademocrats.org<\/a>.<\/p><p>Mis mejores deseos,<\/p><p>jack schiewe<\/p><p><img loading=\"lazy\" decoding=\"async\" class=\"\" title=\"\" src=\"https:\/\/lh3.googleusercontent.com\/9OU8f7ImSFEVjdpPAiaZh796VV8ku8DhBlzZi96I6cBbSwrndbNUZAiz9AQTcaB1PEphDywdCF9TZxoPIEQKTTkJ2Jp_Hodi7-RmMwCDe7eEXC51tt7Ld_X5uHmu-b4IsStfPLRK4-qA0sZXgHDjn58\" alt=\"\" width=\"129\" height=\"204\" align=\"left\" \/><\/p><div>\u00a0<\/div>\t\t\t\t\t\t\t\t<\/div>\n\t\t\t\t<\/div>\n\t\t\t\t\t<\/div>\n\t\t<\/div>\n\t\t\t\t\t<\/div>\n\t\t<\/section>\n\t\t\t\t<\/div>","protected":false},"excerpt":{"rendered":"<p>Santa Claus, Climate Change, and the Tooth Fairy Climate change is real and here, believe it or not. Wildfires from Canada have brought smoke into New York, making the city (top) look like something out of Blade Runner 2049 (bottom). I\u2019m convinced that Republicans will only believe that climate change is real when it starts &#8230; <a title=\"#NebDemsNews&#8211; Santa Claus, Climate Change, and the Tooth Fairy\" class=\"read-more\" href=\"https:\/\/nebraskademocrats.org\/es\/blog\/nebdemsnews-santa-claus-climate-change-and-the-tooth-fairy\/\" aria-label=\"More on #NebDemsNews&#8211; Santa Claus, Climate Change, and the Tooth Fairy\">Lee mas<\/a><\/p>","protected":false},"author":27,"featured_media":0,"comment_status":"closed","ping_status":"closed","sticky":false,"template":"","format":"standard","meta":{"_acf_changed":false,"_exactmetrics_skip_tracking":false,"_exactmetrics_sitenote_active":false,"_exactmetrics_sitenote_note":"","_exactmetrics_sitenote_category":0,"footnotes":""},"categories":[1],"tags":[],"class_list":["post-43253","post","type-post","status-publish","format-standard","hentry","category-blog"],"acf":[],"yoast_head":"<!-- This site is optimized with the Yoast SEO plugin v27.5 - https:\/\/yoast.com\/product\/yoast-seo-wordpress\/ -->\n<title>#NebDemsNews-- Santa Claus, Climate Change, and the Tooth Fairy &#8211; Nebraska Democratic Party<\/title>\n<meta name=\"robots\" content=\"index, follow, max-snippet:-1, max-image-preview:large, max-video-preview:-1\" \/>\n<link rel=\"canonical\" href=\"http:\/\/nebraskademocrats.org\/es\/blog\/nebdemsnews-santa-claus-climate-change-and-the-tooth-fairy\/\" \/>\n<meta property=\"og:locale\" content=\"es_MX\" \/>\n<meta property=\"og:type\" content=\"article\" \/>\n<meta property=\"og:title\" content=\"#NebDemsNews-- Santa Claus, Climate Change, and the Tooth Fairy &#8211; Nebraska Democratic Party\" \/>\n<meta property=\"og:description\" content=\"Santa Claus, Climate Change, and the Tooth Fairy Climate change is real and here, believe it or not. Wildfires from Canada have brought smoke into New York, making the city (top) look like something out of Blade Runner 2049 (bottom). I\u2019m convinced that Republicans will only believe that climate change is real when it starts ... Read more\" \/>\n<meta property=\"og:url\" content=\"http:\/\/nebraskademocrats.org\/es\/blog\/nebdemsnews-santa-claus-climate-change-and-the-tooth-fairy\/\" \/>\n<meta property=\"og:site_name\" content=\"Nebraska Democratic Party\" \/>\n<meta property=\"article:publisher\" content=\"https:\/\/www.facebook.com\/NebraskaDemocraticParty\/\" \/>\n<meta property=\"article:published_time\" content=\"2023-06-12T21:13:35+00:00\" \/>\n<meta property=\"article:modified_time\" content=\"2023-06-12T21:13:59+00:00\" \/>\n<meta property=\"og:image\" content=\"https:\/\/lh4.googleusercontent.com\/g0lUWNWA6ajBK0D3W-yBNZKhh2ZrIEOjqLp8q_0w9xUJRbLRjzNPv-qMUsADzVU1vm6_5U5gJ3iimxtkYyh9JGasX7c_Z5yA5yqRxFB5tchC_gPB9iGTkFl_-q8xJ4xVJRbz9stbSJMVEmQM13JziQE\" \/>\n<meta name=\"author\" content=\"Jack Schiewe\" \/>\n<meta name=\"twitter:card\" content=\"summary_large_image\" \/>\n<meta name=\"twitter:creator\" content=\"@nebraskadems\" \/>\n<meta name=\"twitter:site\" content=\"@nebraskadems\" \/>\n<meta name=\"twitter:label1\" content=\"Escrito por\" \/>\n\t<meta name=\"twitter:data1\" content=\"Jack Schiewe\" \/>\n\t<meta name=\"twitter:label2\" content=\"Tiempo de lectura\" \/>\n\t<meta name=\"twitter:data2\" content=\"6 minutos\" \/>\n<script type=\"application\/ld+json\" class=\"yoast-schema-graph\">{\"@context\":\"https:\\\/\\\/schema.org\",\"@graph\":[{\"@type\":\"Article\",\"@id\":\"http:\\\/\\\/nebraskademocrats.org\\\/zh\\\/blog\\\/nebdemsnews-santa-claus-climate-change-and-the-tooth-fairy\\\/#article\",\"isPartOf\":{\"@id\":\"http:\\\/\\\/nebraskademocrats.org\\\/zh\\\/blog\\\/nebdemsnews-santa-claus-climate-change-and-the-tooth-fairy\\\/\"},\"author\":{\"name\":\"Jack Schiewe\",\"@id\":\"https:\\\/\\\/nebraskademocrats.org\\\/#\\\/schema\\\/person\\\/179c4564e8c828cc4af2ea35aad93221\"},\"headline\":\"#NebDemsNews&#8211; Santa Claus, Climate Change, and the Tooth Fairy\",\"datePublished\":\"2023-06-12T21:13:35+00:00\",\"dateModified\":\"2023-06-12T21:13:59+00:00\",\"mainEntityOfPage\":{\"@id\":\"http:\\\/\\\/nebraskademocrats.org\\\/zh\\\/blog\\\/nebdemsnews-santa-claus-climate-change-and-the-tooth-fairy\\\/\"},\"wordCount\":884,\"publisher\":{\"@id\":\"https:\\\/\\\/nebraskademocrats.org\\\/#organization\"},\"image\":{\"@id\":\"http:\\\/\\\/nebraskademocrats.org\\\/zh\\\/blog\\\/nebdemsnews-santa-claus-climate-change-and-the-tooth-fairy\\\/#primaryimage\"},\"thumbnailUrl\":\"https:\\\/\\\/lh4.googleusercontent.com\\\/g0lUWNWA6ajBK0D3W-yBNZKhh2ZrIEOjqLp8q_0w9xUJRbLRjzNPv-qMUsADzVU1vm6_5U5gJ3iimxtkYyh9JGasX7c_Z5yA5yqRxFB5tchC_gPB9iGTkFl_-q8xJ4xVJRbz9stbSJMVEmQM13JziQE\",\"articleSection\":[\"NDP Blog\"],\"inLanguage\":\"es\"},{\"@type\":\"WebPage\",\"@id\":\"http:\\\/\\\/nebraskademocrats.org\\\/zh\\\/blog\\\/nebdemsnews-santa-claus-climate-change-and-the-tooth-fairy\\\/\",\"url\":\"http:\\\/\\\/nebraskademocrats.org\\\/zh\\\/blog\\\/nebdemsnews-santa-claus-climate-change-and-the-tooth-fairy\\\/\",\"name\":\"#NebDemsNews-- Santa Claus, Climate Change, and the Tooth Fairy &#8211; Nebraska Democratic Party\",\"isPartOf\":{\"@id\":\"https:\\\/\\\/nebraskademocrats.org\\\/#website\"},\"primaryImageOfPage\":{\"@id\":\"http:\\\/\\\/nebraskademocrats.org\\\/zh\\\/blog\\\/nebdemsnews-santa-claus-climate-change-and-the-tooth-fairy\\\/#primaryimage\"},\"image\":{\"@id\":\"http:\\\/\\\/nebraskademocrats.org\\\/zh\\\/blog\\\/nebdemsnews-santa-claus-climate-change-and-the-tooth-fairy\\\/#primaryimage\"},\"thumbnailUrl\":\"https:\\\/\\\/lh4.googleusercontent.com\\\/g0lUWNWA6ajBK0D3W-yBNZKhh2ZrIEOjqLp8q_0w9xUJRbLRjzNPv-qMUsADzVU1vm6_5U5gJ3iimxtkYyh9JGasX7c_Z5yA5yqRxFB5tchC_gPB9iGTkFl_-q8xJ4xVJRbz9stbSJMVEmQM13JziQE\",\"datePublished\":\"2023-06-12T21:13:35+00:00\",\"dateModified\":\"2023-06-12T21:13:59+00:00\",\"breadcrumb\":{\"@id\":\"http:\\\/\\\/nebraskademocrats.org\\\/zh\\\/blog\\\/nebdemsnews-santa-claus-climate-change-and-the-tooth-fairy\\\/#breadcrumb\"},\"inLanguage\":\"es\",\"potentialAction\":[{\"@type\":\"ReadAction\",\"target\":[\"http:\\\/\\\/nebraskademocrats.org\\\/zh\\\/blog\\\/nebdemsnews-santa-claus-climate-change-and-the-tooth-fairy\\\/\"]}]},{\"@type\":\"ImageObject\",\"inLanguage\":\"es\",\"@id\":\"http:\\\/\\\/nebraskademocrats.org\\\/zh\\\/blog\\\/nebdemsnews-santa-claus-climate-change-and-the-tooth-fairy\\\/#primaryimage\",\"url\":\"https:\\\/\\\/lh4.googleusercontent.com\\\/g0lUWNWA6ajBK0D3W-yBNZKhh2ZrIEOjqLp8q_0w9xUJRbLRjzNPv-qMUsADzVU1vm6_5U5gJ3iimxtkYyh9JGasX7c_Z5yA5yqRxFB5tchC_gPB9iGTkFl_-q8xJ4xVJRbz9stbSJMVEmQM13JziQE\",\"contentUrl\":\"https:\\\/\\\/lh4.googleusercontent.com\\\/g0lUWNWA6ajBK0D3W-yBNZKhh2ZrIEOjqLp8q_0w9xUJRbLRjzNPv-qMUsADzVU1vm6_5U5gJ3iimxtkYyh9JGasX7c_Z5yA5yqRxFB5tchC_gPB9iGTkFl_-q8xJ4xVJRbz9stbSJMVEmQM13JziQE\"},{\"@type\":\"BreadcrumbList\",\"@id\":\"http:\\\/\\\/nebraskademocrats.org\\\/zh\\\/blog\\\/nebdemsnews-santa-claus-climate-change-and-the-tooth-fairy\\\/#breadcrumb\",\"itemListElement\":[{\"@type\":\"ListItem\",\"position\":1,\"name\":\"Home\",\"item\":\"https:\\\/\\\/nebraskademocrats.org\\\/\"},{\"@type\":\"ListItem\",\"position\":2,\"name\":\"#NebDemsNews&#8211; Santa Claus, Climate Change, and the Tooth Fairy\"}]},{\"@type\":\"WebSite\",\"@id\":\"https:\\\/\\\/nebraskademocrats.org\\\/#website\",\"url\":\"https:\\\/\\\/nebraskademocrats.org\\\/\",\"name\":\"Nebraska Democratic Party\",\"description\":\"Growing the Good Life for All Nebraskans\",\"publisher\":{\"@id\":\"https:\\\/\\\/nebraskademocrats.org\\\/#organization\"},\"potentialAction\":[{\"@type\":\"SearchAction\",\"target\":{\"@type\":\"EntryPoint\",\"urlTemplate\":\"https:\\\/\\\/nebraskademocrats.org\\\/?s={search_term_string}\"},\"query-input\":{\"@type\":\"PropertyValueSpecification\",\"valueRequired\":true,\"valueName\":\"search_term_string\"}}],\"inLanguage\":\"es\"},{\"@type\":\"Organization\",\"@id\":\"https:\\\/\\\/nebraskademocrats.org\\\/#organization\",\"name\":\"Nebraska Democratic Party\",\"url\":\"https:\\\/\\\/nebraskademocrats.org\\\/\",\"logo\":{\"@type\":\"ImageObject\",\"inLanguage\":\"es\",\"@id\":\"https:\\\/\\\/nebraskademocrats.org\\\/#\\\/schema\\\/logo\\\/image\\\/\",\"url\":\"https:\\\/\\\/nebraskadem.wpenginepowered.com\\\/wp-content\\\/uploads\\\/2016\\\/05\\\/NDP2.jpg\",\"contentUrl\":\"https:\\\/\\\/nebraskadem.wpenginepowered.com\\\/wp-content\\\/uploads\\\/2016\\\/05\\\/NDP2.jpg\",\"width\":1000,\"height\":396,\"caption\":\"Nebraska Democratic Party\"},\"image\":{\"@id\":\"https:\\\/\\\/nebraskademocrats.org\\\/#\\\/schema\\\/logo\\\/image\\\/\"},\"sameAs\":[\"https:\\\/\\\/www.facebook.com\\\/NebraskaDemocraticParty\\\/\",\"https:\\\/\\\/x.com\\\/nebraskadems\"]},{\"@type\":\"Person\",\"@id\":\"https:\\\/\\\/nebraskademocrats.org\\\/#\\\/schema\\\/person\\\/179c4564e8c828cc4af2ea35aad93221\",\"name\":\"Jack Schiewe\",\"image\":{\"@type\":\"ImageObject\",\"inLanguage\":\"es\",\"@id\":\"https:\\\/\\\/secure.gravatar.com\\\/avatar\\\/b583a39436033a82d6418a1312ed949ab393d1a9abf555d98ea3cc945b78e45a?s=96&d=mm&r=g\",\"url\":\"https:\\\/\\\/secure.gravatar.com\\\/avatar\\\/b583a39436033a82d6418a1312ed949ab393d1a9abf555d98ea3cc945b78e45a?s=96&d=mm&r=g\",\"contentUrl\":\"https:\\\/\\\/secure.gravatar.com\\\/avatar\\\/b583a39436033a82d6418a1312ed949ab393d1a9abf555d98ea3cc945b78e45a?s=96&d=mm&r=g\",\"caption\":\"Jack Schiewe\"}}]}<\/script>\n<!-- \/ Yoast SEO plugin. -->","yoast_head_json":{"title":"#NebDemsNews-- Santa Claus, Climate Change, and the Tooth Fairy &#8211; Nebraska Democratic Party","robots":{"index":"index","follow":"follow","max-snippet":"max-snippet:-1","max-image-preview":"max-image-preview:large","max-video-preview":"max-video-preview:-1"},"canonical":"http:\/\/nebraskademocrats.org\/es\/blog\/nebdemsnews-santa-claus-climate-change-and-the-tooth-fairy\/","og_locale":"es_MX","og_type":"article","og_title":"#NebDemsNews-- Santa Claus, Climate Change, and the Tooth Fairy &#8211; Nebraska Democratic Party","og_description":"Santa Claus, Climate Change, and the Tooth Fairy Climate change is real and here, believe it or not. Wildfires from Canada have brought smoke into New York, making the city (top) look like something out of Blade Runner 2049 (bottom). I\u2019m convinced that Republicans will only believe that climate change is real when it starts ... Read more","og_url":"http:\/\/nebraskademocrats.org\/es\/blog\/nebdemsnews-santa-claus-climate-change-and-the-tooth-fairy\/","og_site_name":"Nebraska Democratic Party","article_publisher":"https:\/\/www.facebook.com\/NebraskaDemocraticParty\/","article_published_time":"2023-06-12T21:13:35+00:00","article_modified_time":"2023-06-12T21:13:59+00:00","og_image":[{"url":"https:\/\/lh4.googleusercontent.com\/g0lUWNWA6ajBK0D3W-yBNZKhh2ZrIEOjqLp8q_0w9xUJRbLRjzNPv-qMUsADzVU1vm6_5U5gJ3iimxtkYyh9JGasX7c_Z5yA5yqRxFB5tchC_gPB9iGTkFl_-q8xJ4xVJRbz9stbSJMVEmQM13JziQE","type":"","width":"","height":""}],"author":"Jack Schiewe","twitter_card":"summary_large_image","twitter_creator":"@nebraskadems","twitter_site":"@nebraskadems","twitter_misc":{"Escrito por":"Jack Schiewe","Tiempo de lectura":"6 minutos"},"schema":{"@context":"https:\/\/schema.org","@graph":[{"@type":"Article","@id":"http:\/\/nebraskademocrats.org\/zh\/blog\/nebdemsnews-santa-claus-climate-change-and-the-tooth-fairy\/#article","isPartOf":{"@id":"http:\/\/nebraskademocrats.org\/zh\/blog\/nebdemsnews-santa-claus-climate-change-and-the-tooth-fairy\/"},"author":{"name":"Jack Schiewe","@id":"https:\/\/nebraskademocrats.org\/#\/schema\/person\/179c4564e8c828cc4af2ea35aad93221"},"headline":"#NebDemsNews&#8211; Santa Claus, Climate Change, and the Tooth Fairy","datePublished":"2023-06-12T21:13:35+00:00","dateModified":"2023-06-12T21:13:59+00:00","mainEntityOfPage":{"@id":"http:\/\/nebraskademocrats.org\/zh\/blog\/nebdemsnews-santa-claus-climate-change-and-the-tooth-fairy\/"},"wordCount":884,"publisher":{"@id":"https:\/\/nebraskademocrats.org\/#organization"},"image":{"@id":"http:\/\/nebraskademocrats.org\/zh\/blog\/nebdemsnews-santa-claus-climate-change-and-the-tooth-fairy\/#primaryimage"},"thumbnailUrl":"https:\/\/lh4.googleusercontent.com\/g0lUWNWA6ajBK0D3W-yBNZKhh2ZrIEOjqLp8q_0w9xUJRbLRjzNPv-qMUsADzVU1vm6_5U5gJ3iimxtkYyh9JGasX7c_Z5yA5yqRxFB5tchC_gPB9iGTkFl_-q8xJ4xVJRbz9stbSJMVEmQM13JziQE","articleSection":["NDP Blog"],"inLanguage":"es"},{"@type":"WebPage","@id":"http:\/\/nebraskademocrats.org\/zh\/blog\/nebdemsnews-santa-claus-climate-change-and-the-tooth-fairy\/","url":"http:\/\/nebraskademocrats.org\/zh\/blog\/nebdemsnews-santa-claus-climate-change-and-the-tooth-fairy\/","name":"#NebDemsNews-- Santa Claus, Climate Change, and the Tooth Fairy &#8211; Nebraska Democratic Party","isPartOf":{"@id":"https:\/\/nebraskademocrats.org\/#website"},"primaryImageOfPage":{"@id":"http:\/\/nebraskademocrats.org\/zh\/blog\/nebdemsnews-santa-claus-climate-change-and-the-tooth-fairy\/#primaryimage"},"image":{"@id":"http:\/\/nebraskademocrats.org\/zh\/blog\/nebdemsnews-santa-claus-climate-change-and-the-tooth-fairy\/#primaryimage"},"thumbnailUrl":"https:\/\/lh4.googleusercontent.com\/g0lUWNWA6ajBK0D3W-yBNZKhh2ZrIEOjqLp8q_0w9xUJRbLRjzNPv-qMUsADzVU1vm6_5U5gJ3iimxtkYyh9JGasX7c_Z5yA5yqRxFB5tchC_gPB9iGTkFl_-q8xJ4xVJRbz9stbSJMVEmQM13JziQE","datePublished":"2023-06-12T21:13:35+00:00","dateModified":"2023-06-12T21:13:59+00:00","breadcrumb":{"@id":"http:\/\/nebraskademocrats.org\/zh\/blog\/nebdemsnews-santa-claus-climate-change-and-the-tooth-fairy\/#breadcrumb"},"inLanguage":"es","potentialAction":[{"@type":"ReadAction","target":["http:\/\/nebraskademocrats.org\/zh\/blog\/nebdemsnews-santa-claus-climate-change-and-the-tooth-fairy\/"]}]},{"@type":"ImageObject","inLanguage":"es","@id":"http:\/\/nebraskademocrats.org\/zh\/blog\/nebdemsnews-santa-claus-climate-change-and-the-tooth-fairy\/#primaryimage","url":"https:\/\/lh4.googleusercontent.com\/g0lUWNWA6ajBK0D3W-yBNZKhh2ZrIEOjqLp8q_0w9xUJRbLRjzNPv-qMUsADzVU1vm6_5U5gJ3iimxtkYyh9JGasX7c_Z5yA5yqRxFB5tchC_gPB9iGTkFl_-q8xJ4xVJRbz9stbSJMVEmQM13JziQE","contentUrl":"https:\/\/lh4.googleusercontent.com\/g0lUWNWA6ajBK0D3W-yBNZKhh2ZrIEOjqLp8q_0w9xUJRbLRjzNPv-qMUsADzVU1vm6_5U5gJ3iimxtkYyh9JGasX7c_Z5yA5yqRxFB5tchC_gPB9iGTkFl_-q8xJ4xVJRbz9stbSJMVEmQM13JziQE"},{"@type":"BreadcrumbList","@id":"http:\/\/nebraskademocrats.org\/zh\/blog\/nebdemsnews-santa-claus-climate-change-and-the-tooth-fairy\/#breadcrumb","itemListElement":[{"@type":"ListItem","position":1,"name":"Home","item":"https:\/\/nebraskademocrats.org\/"},{"@type":"ListItem","position":2,"name":"#NebDemsNews&#8211; Santa Claus, Climate Change, and the Tooth Fairy"}]},{"@type":"WebSite","@id":"https:\/\/nebraskademocrats.org\/#website","url":"https:\/\/nebraskademocrats.org\/","name":"Partido Dem\u00f3crata de Nebraska","description":"Cultivando la buena vida para todos los nebraskenses","publisher":{"@id":"https:\/\/nebraskademocrats.org\/#organization"},"potentialAction":[{"@type":"SearchAction","target":{"@type":"EntryPoint","urlTemplate":"https:\/\/nebraskademocrats.org\/?s={search_term_string}"},"query-input":{"@type":"PropertyValueSpecification","valueRequired":true,"valueName":"search_term_string"}}],"inLanguage":"es"},{"@type":"Organization","@id":"https:\/\/nebraskademocrats.org\/#organization","name":"Partido Dem\u00f3crata de Nebraska","url":"https:\/\/nebraskademocrats.org\/","logo":{"@type":"ImageObject","inLanguage":"es","@id":"https:\/\/nebraskademocrats.org\/#\/schema\/logo\/image\/","url":"https:\/\/nebraskadem.wpenginepowered.com\/wp-content\/uploads\/2016\/05\/NDP2.jpg","contentUrl":"https:\/\/nebraskadem.wpenginepowered.com\/wp-content\/uploads\/2016\/05\/NDP2.jpg","width":1000,"height":396,"caption":"Nebraska Democratic Party"},"image":{"@id":"https:\/\/nebraskademocrats.org\/#\/schema\/logo\/image\/"},"sameAs":["https:\/\/www.facebook.com\/NebraskaDemocraticParty\/","https:\/\/x.com\/nebraskadems"]},{"@type":"Person","@id":"https:\/\/nebraskademocrats.org\/#\/schema\/person\/179c4564e8c828cc4af2ea35aad93221","name":"jack schiewe","image":{"@type":"ImageObject","inLanguage":"es","@id":"https:\/\/secure.gravatar.com\/avatar\/b583a39436033a82d6418a1312ed949ab393d1a9abf555d98ea3cc945b78e45a?s=96&d=mm&r=g","url":"https:\/\/secure.gravatar.com\/avatar\/b583a39436033a82d6418a1312ed949ab393d1a9abf555d98ea3cc945b78e45a?s=96&d=mm&r=g","contentUrl":"https:\/\/secure.gravatar.com\/avatar\/b583a39436033a82d6418a1312ed949ab393d1a9abf555d98ea3cc945b78e45a?s=96&d=mm&r=g","caption":"Jack Schiewe"}}]}},"_links":{"self":[{"href":"https:\/\/nebraskademocrats.org\/es\/wp-json\/wp\/v2\/posts\/43253","targetHints":{"allow":["GET"]}}],"collection":[{"href":"https:\/\/nebraskademocrats.org\/es\/wp-json\/wp\/v2\/posts"}],"about":[{"href":"https:\/\/nebraskademocrats.org\/es\/wp-json\/wp\/v2\/types\/post"}],"author":[{"embeddable":true,"href":"https:\/\/nebraskademocrats.org\/es\/wp-json\/wp\/v2\/users\/27"}],"replies":[{"embeddable":true,"href":"https:\/\/nebraskademocrats.org\/es\/wp-json\/wp\/v2\/comments?post=43253"}],"version-history":[{"count":0,"href":"https:\/\/nebraskademocrats.org\/es\/wp-json\/wp\/v2\/posts\/43253\/revisions"}],"wp:attachment":[{"href":"https:\/\/nebraskademocrats.org\/es\/wp-json\/wp\/v2\/media?parent=43253"}],"wp:term":[{"taxonomy":"category","embeddable":true,"href":"https:\/\/nebraskademocrats.org\/es\/wp-json\/wp\/v2\/categories?post=43253"},{"taxonomy":"post_tag","embeddable":true,"href":"https:\/\/nebraskademocrats.org\/es\/wp-json\/wp\/v2\/tags?post=43253"}],"curies":[{"name":"wp","href":"https:\/\/api.w.org\/{rel}","templated":true}]}}