{"id":45000,"date":"2023-10-20T10:35:04","date_gmt":"2023-10-20T15:35:04","guid":{"rendered":"https:\/\/nebraskadem.wpenginepowered.com\/?p=45000"},"modified":"2023-10-20T10:35:04","modified_gmt":"2023-10-20T15:35:04","slug":"the-thing-about-don","status":"publish","type":"post","link":"https:\/\/nebraskademocrats.org\/es\/blog\/the-thing-about-don\/","title":{"rendered":"Lo que pasa con Don"},"content":{"rendered":"<p><strong><em>Mientras contin\u00faa la batalla por la presidencia de la C\u00e1mara de Representantes, el propio Don Bacon de Nebraska se encuentra atrapado en el fuego cruzado.<\/em><\/strong><\/p>\n<p><img decoding=\"async\" title=\"\" src=\"https:\/\/lh7-us.googleusercontent.com\/C7Ay1RPVUfBV7z22MfcldYvjMl8xmQFe3mo_4Dn79P0Hx21pamG5rkjfmjW8-qcxkQYdmRr1uKelenV2RUDEVl8Vhd2OFm2jMiWSfATiaKXi4EYM1xQvHlkWpI9vsH4lG_kIgCCQjhsVvrMjk28rVUI\" alt=\"\" width=\"60%\" align=\"right\" \/><\/p>\n<p>Bacon, que representa el \u00e1rea de Omaha, es uno de los aproximadamente 20 republicanos que se han negado a votar por Jim Jordan como presidente de la C\u00e1mara.<\/p>\n<p>Jordan es mejor conocido por encubrir acusaciones de abuso sexual en el programa de lucha libre del estado de Ohio, por lo que podemos decir con seguridad que no es uno de los mejores de nuestra naci\u00f3n.<\/p>\n<p>El representante Bacon cree que Jim Jordan est\u00e1 demasiado cerca del Freedom Caucus, un grupo que incluye a Matt Gaetz y Marjorie Taylor-Greene del mundo. Y, sinceramente, bien por Don Bacon por no apoyar a Jordan.<\/p>\n<p>Ha sido incre\u00edblemente frustrante, sin embargo, ver a Bacon exhibido por los medios como un h\u00e9roe bipartidista. No me malinterpreten, \u00e9l est\u00e1 en el lado correcto de la historia para esta votaci\u00f3n y podemos estar agradecidos por eso, pero\u00a0<strong><em>\u00bfCu\u00e1ndo empezamos a elogiar a la gente por hacer lo m\u00ednimo?<\/em><\/strong><\/p>\n<h3>Lo peor de nosotros<\/h3>\n<p><em>Si _______ hace 10 cosas malas, pero 1 cosa buena, \u00bf_____ ha hecho m\u00e1s cosas buenas o malas?<\/em><\/p>\n<p><a href=\"https:\/\/secure.actblue.com\/donate\/blueneb?link_id=0&amp;can_id=cfa07ef397dcab72aef740913e2dda5e&amp;source=email-the-thing-about-don&amp;email_referrer=&amp;email_subject=the-thing-about-don&amp;refcodeEmailReferrer=\"><strong><em>Si respondiste que han hecho m\u00e1s cosas malas, \u00a1buen trabajo! \u00a1Ahora sabes cu\u00e1l es tu posici\u00f3n respecto del representante Don Bacon, falso moderado y querido por los medios!<\/em><\/strong><\/a><\/p>\n<p>Don Bacon es la peor clase de persona; alguien que no representa nada. Legisla como un ultraderechista cuando su partido tambi\u00e9n se lo dice. Hace llamamientos desesperados a los votantes moderados cuando su reelecci\u00f3n est\u00e1 en juego.\u00a0<strong><em>Es este personaje voluble que no representa nada y que de alguna manera consigue un trabajo en los salones m\u00e1s sagrados de nuestra naci\u00f3n.<\/em><\/strong><\/p>\n<p>\u00bfNo es irritante???<\/p>\n<p>Es como esa persona que todo el mundo tiene en su vida a la que le gusta discutir s\u00f3lo por discutir. Ni siquiera creo que Don Bacon sepa lo que cree, simplemente le dice a la gente lo que cree que quieren o\u00edr.<\/p>\n<p>Preferir\u00eda tener un miembro del Congreso con principios reales que sigan. Di lo que quieras sobre algunos de los republicanos de nuestro pa\u00eds, pero en realidad creen en lo que dicen. Creo que Mike Pence cree genuinamente en la pol\u00edtica provida, creo que Mitt Romney cree genuinamente que todos debemos pagar menos impuestos, pero \u00bfDon Bacon? No, Don Bacon en realidad no cree nada de lo que dice.<\/p>\n<p>El otro d\u00eda, estaba navegando por Twitter y vi al representante Bacon expresando su apoyo a Ucrania: \u00a1Guau! \u00a1Buena toma, Don!<\/p>\n<p>Luego, dos tuits despu\u00e9s, expresa su apoyo a Kevin McCarthy como presidente, quien constantemente ha abogado por recortar dr\u00e1sticamente la financiaci\u00f3n a Ucrania.<img decoding=\"async\" title=\"\" src=\"https:\/\/lh7-us.googleusercontent.com\/snaSptvHUOFueBs8mYy2n3j89KMZStih7m9CN-y4uo5UY27QLPHFCLLvTwigUSA3X88p90zUDUZfaaRFPxRZbZVyqzRVLbHSr8RT3_OqVAjXJYcQp123Ng9i9l-cGqge8_8oGr6LFcwLOD_gE68tF9k\" alt=\"\" width=\"60%\" align=\"right\" \/><\/p>\n<p><strong><em>No puedes tener las dos cosas, Don<\/em><\/strong>. Por el amor de Dios\u00a0<strong><em>por favor defiende algo<\/em><\/strong>.<\/p>\n<p>Los habitantes de Nebraska no son est\u00fapidos: podemos detectar a un falso oportunista a un mill\u00f3n de kil\u00f3metros de distancia.<\/p>\n<p><strong>Otra opci\u00f3n<\/strong><\/p>\n<p>Si tan solo tuvi\u00e9ramos una mejor opci\u00f3n para representarnos en el Congreso\u2026<\/p>\n<p>\u00a1Esperar! \u00a1Hacemos!<\/p>\n<p><a href=\"https:\/\/www.vargasfornebraska.com\/?link_id=1&amp;can_id=cfa07ef397dcab72aef740913e2dda5e&amp;source=email-the-thing-about-don&amp;email_referrer=&amp;email_subject=the-thing-about-don\"><strong>\u00a1Tony Vargas se postula contra Don Bacon para representar a NE-02 en el Congreso en 2024!<\/strong><\/a><\/p>\n<p>Tony Vargas ha trabajado en la Legislatura estatal de Nebraska desde 2016 y *<strong>sorpresa desagradable<\/strong>* \u00a1En realidad representa algo! El trabajo del Senador Vargas ayud\u00f3 directamente a traer cientos de millones de d\u00f3lares a Omaha y ha brindado alivio financiero a las familias trabajadoras.<\/p>\n<p><img decoding=\"async\" title=\"\" src=\"https:\/\/lh7-us.googleusercontent.com\/AXV0J6PKZunycNnkVueCSTCA7OHOHYPcc2UbwWJVXVLRvZsXjBt5wFdfo0jQxG8h62b6a9F-aqB0WcNQUCAzsMBvn9R_spiq1kPfXYX0lxpifMPzbhhxI_xo4bnNeNXDWuehI7JK9SgwADm9G5jszMg\" alt=\"\" width=\"75%\" align=\"center\" \/><\/p>\n<p>Su proyecto de ley prioritario en esta \u00faltima sesi\u00f3n legislativa ten\u00eda como objetivo ayudar a las familias de personas que enfrentan muertes por sobredosis. All\u00ed no hay cambios de opini\u00f3n. Es una buena pol\u00edtica. No hay posturas vac\u00edas ni desviar la culpa: Tony Vargas se postula para ayudar a las familias de Nebraska.<\/p>\n<p>Podr\u00eda contarles c\u00f3mo el senador Vargas apoya la elecci\u00f3n o cree en poner fin a la crisis clim\u00e1tica, pero en lugar de eso, les contar\u00e9 sobre Tony Vargas como persona. Mientras Don Bacon se sienta en su alto y poderoso trono de chancletas, el Senador Vargas es intencional en cada interacci\u00f3n.<\/p>\n<p>En la Gala Nelson del NDP en septiembre, vi al senador Vargas, con el ni\u00f1o en sus brazos paternales, todav\u00eda buscando intencionalmente conversaciones, apretones de manos y abrazos con todos los que se acercaban a \u00e9l. No se puede fingir autenticidad, y Tony es uno de los l\u00edderes m\u00e1s aut\u00e9nticos y trabajadores que he tenido el privilegio de conocer en mi joven carrera pol\u00edtica.<\/p>\n<p>El status quo liderado por Bacon nos ha llevado a donde estamos ahora, en un Congreso sin presidente y con otro cierre acerc\u00e1ndose r\u00e1pidamente.<\/p>\n<p><strong><em>Entonces, si bien podr\u00edamos pasar el resto de nuestras vidas elogiando a Don Bacon por cada decisi\u00f3n correcta que toma entre 10, \u00bfpor qu\u00e9 no simplemente elegir al tipo que toma la decisi\u00f3n correcta en todo momento?<\/em><\/strong><\/p>\n<h3>Gracias por leer,<\/h3>\n<p><a href=\"https:\/\/secure.actblue.com\/donate\/nebdem?link_id=2&amp;can_id=cfa07ef397dcab72aef740913e2dda5e&amp;source=email-the-thing-about-don&amp;email_referrer=&amp;email_subject=the-thing-about-don&amp;refcodeEmailReferrer=\"><strong>Por favor considere donar al NDP aqu\u00ed<\/strong><\/a>. La lucha por el alma de nuestra naci\u00f3n estar\u00e1 en las urnas en 2024, y necesitamos ayuda para mantenernos al d\u00eda con los megadonantes corporativos del Partido Republicano.<\/p>\n<p>Si tiene alguna pregunta o comentario, no dude en comunicarse con\u00a0<a href=\"mailto:jack@nebraskademocrats.org\">jack@nebraskademocrats.org<\/a>.<\/p>\n<p>Mis mejores deseos,<\/p>\n<p>jack schiewe<\/p>\n<p>&nbsp;<\/p>","protected":false},"excerpt":{"rendered":"<p>As the battle for Speaker of the House of Representatives rages on, Nebraska\u2019s own Don Bacon has found himself caught in the crossfire. Bacon, who represents the Omaha area, is one of roughly 20 Republicans who has refused to vote for Jim Jordan as Speaker of the House. Jordan is best known for covering up &#8230; <a title=\"Lo que pasa con Don\" class=\"read-more\" href=\"https:\/\/nebraskademocrats.org\/es\/blog\/the-thing-about-don\/\" aria-label=\"M\u00e1s sobre Lo que pasa con Don\">Lee mas<\/a><\/p>","protected":false},"author":27,"featured_media":0,"comment_status":"closed","ping_status":"closed","sticky":false,"template":"","format":"standard","meta":{"_acf_changed":false,"_exactmetrics_skip_tracking":false,"_exactmetrics_sitenote_active":false,"_exactmetrics_sitenote_note":"","_exactmetrics_sitenote_category":0,"footnotes":""},"categories":[1],"tags":[],"class_list":["post-45000","post","type-post","status-publish","format-standard","hentry","category-blog"],"acf":[],"yoast_head":"<!-- This site is optimized with the Yoast SEO plugin v27.4 - https:\/\/yoast.com\/product\/yoast-seo-wordpress\/ -->\n<title>The Thing About Don &#8211; Nebraska Democratic Party<\/title>\n<meta name=\"robots\" content=\"index, follow, max-snippet:-1, max-image-preview:large, max-video-preview:-1\" \/>\n<link rel=\"canonical\" href=\"https:\/\/nebraskademocrats.org\/es\/blog\/the-thing-about-don\/\" \/>\n<meta property=\"og:locale\" content=\"es_MX\" \/>\n<meta property=\"og:type\" content=\"article\" \/>\n<meta property=\"og:title\" content=\"The Thing About Don &#8211; Nebraska Democratic Party\" \/>\n<meta property=\"og:description\" content=\"As the battle for Speaker of the House of Representatives rages on, Nebraska\u2019s own Don Bacon has found himself caught in the crossfire. Bacon, who represents the Omaha area, is one of roughly 20 Republicans who has refused to vote for Jim Jordan as Speaker of the House. Jordan is best known for covering up ... Read more\" \/>\n<meta property=\"og:url\" content=\"https:\/\/nebraskademocrats.org\/es\/blog\/the-thing-about-don\/\" \/>\n<meta property=\"og:site_name\" content=\"Nebraska Democratic Party\" \/>\n<meta property=\"article:publisher\" content=\"https:\/\/www.facebook.com\/NebraskaDemocraticParty\/\" \/>\n<meta property=\"article:published_time\" content=\"2023-10-20T15:35:04+00:00\" \/>\n<meta property=\"og:image\" content=\"https:\/\/lh7-us.googleusercontent.com\/C7Ay1RPVUfBV7z22MfcldYvjMl8xmQFe3mo_4Dn79P0Hx21pamG5rkjfmjW8-qcxkQYdmRr1uKelenV2RUDEVl8Vhd2OFm2jMiWSfATiaKXi4EYM1xQvHlkWpI9vsH4lG_kIgCCQjhsVvrMjk28rVUI\" \/>\n<meta name=\"author\" content=\"Jack Schiewe\" \/>\n<meta name=\"twitter:card\" content=\"summary_large_image\" \/>\n<meta name=\"twitter:creator\" content=\"@nebraskadems\" \/>\n<meta name=\"twitter:site\" content=\"@nebraskadems\" \/>\n<meta name=\"twitter:label1\" content=\"Escrito por\" \/>\n\t<meta name=\"twitter:data1\" content=\"Jack Schiewe\" \/>\n\t<meta name=\"twitter:label2\" content=\"Tiempo de lectura\" \/>\n\t<meta name=\"twitter:data2\" content=\"5 minutos\" \/>\n<script type=\"application\/ld+json\" class=\"yoast-schema-graph\">{\"@context\":\"https:\\\/\\\/schema.org\",\"@graph\":[{\"@type\":\"Article\",\"@id\":\"https:\\\/\\\/nebraskademocrats.org\\\/blog\\\/the-thing-about-don\\\/#article\",\"isPartOf\":{\"@id\":\"https:\\\/\\\/nebraskademocrats.org\\\/blog\\\/the-thing-about-don\\\/\"},\"author\":{\"name\":\"Jack Schiewe\",\"@id\":\"https:\\\/\\\/nebraskademocrats.org\\\/#\\\/schema\\\/person\\\/179c4564e8c828cc4af2ea35aad93221\"},\"headline\":\"The Thing About Don\",\"datePublished\":\"2023-10-20T15:35:04+00:00\",\"mainEntityOfPage\":{\"@id\":\"https:\\\/\\\/nebraskademocrats.org\\\/blog\\\/the-thing-about-don\\\/\"},\"wordCount\":805,\"publisher\":{\"@id\":\"https:\\\/\\\/nebraskademocrats.org\\\/#organization\"},\"image\":{\"@id\":\"https:\\\/\\\/nebraskademocrats.org\\\/blog\\\/the-thing-about-don\\\/#primaryimage\"},\"thumbnailUrl\":\"https:\\\/\\\/lh7-us.googleusercontent.com\\\/C7Ay1RPVUfBV7z22MfcldYvjMl8xmQFe3mo_4Dn79P0Hx21pamG5rkjfmjW8-qcxkQYdmRr1uKelenV2RUDEVl8Vhd2OFm2jMiWSfATiaKXi4EYM1xQvHlkWpI9vsH4lG_kIgCCQjhsVvrMjk28rVUI\",\"articleSection\":[\"NDP Blog\"],\"inLanguage\":\"es\"},{\"@type\":\"WebPage\",\"@id\":\"https:\\\/\\\/nebraskademocrats.org\\\/blog\\\/the-thing-about-don\\\/\",\"url\":\"https:\\\/\\\/nebraskademocrats.org\\\/blog\\\/the-thing-about-don\\\/\",\"name\":\"The Thing About Don &#8211; Nebraska Democratic Party\",\"isPartOf\":{\"@id\":\"https:\\\/\\\/nebraskademocrats.org\\\/#website\"},\"primaryImageOfPage\":{\"@id\":\"https:\\\/\\\/nebraskademocrats.org\\\/blog\\\/the-thing-about-don\\\/#primaryimage\"},\"image\":{\"@id\":\"https:\\\/\\\/nebraskademocrats.org\\\/blog\\\/the-thing-about-don\\\/#primaryimage\"},\"thumbnailUrl\":\"https:\\\/\\\/lh7-us.googleusercontent.com\\\/C7Ay1RPVUfBV7z22MfcldYvjMl8xmQFe3mo_4Dn79P0Hx21pamG5rkjfmjW8-qcxkQYdmRr1uKelenV2RUDEVl8Vhd2OFm2jMiWSfATiaKXi4EYM1xQvHlkWpI9vsH4lG_kIgCCQjhsVvrMjk28rVUI\",\"datePublished\":\"2023-10-20T15:35:04+00:00\",\"breadcrumb\":{\"@id\":\"https:\\\/\\\/nebraskademocrats.org\\\/blog\\\/the-thing-about-don\\\/#breadcrumb\"},\"inLanguage\":\"es\",\"potentialAction\":[{\"@type\":\"ReadAction\",\"target\":[\"https:\\\/\\\/nebraskademocrats.org\\\/blog\\\/the-thing-about-don\\\/\"]}]},{\"@type\":\"ImageObject\",\"inLanguage\":\"es\",\"@id\":\"https:\\\/\\\/nebraskademocrats.org\\\/blog\\\/the-thing-about-don\\\/#primaryimage\",\"url\":\"https:\\\/\\\/lh7-us.googleusercontent.com\\\/C7Ay1RPVUfBV7z22MfcldYvjMl8xmQFe3mo_4Dn79P0Hx21pamG5rkjfmjW8-qcxkQYdmRr1uKelenV2RUDEVl8Vhd2OFm2jMiWSfATiaKXi4EYM1xQvHlkWpI9vsH4lG_kIgCCQjhsVvrMjk28rVUI\",\"contentUrl\":\"https:\\\/\\\/lh7-us.googleusercontent.com\\\/C7Ay1RPVUfBV7z22MfcldYvjMl8xmQFe3mo_4Dn79P0Hx21pamG5rkjfmjW8-qcxkQYdmRr1uKelenV2RUDEVl8Vhd2OFm2jMiWSfATiaKXi4EYM1xQvHlkWpI9vsH4lG_kIgCCQjhsVvrMjk28rVUI\"},{\"@type\":\"BreadcrumbList\",\"@id\":\"https:\\\/\\\/nebraskademocrats.org\\\/blog\\\/the-thing-about-don\\\/#breadcrumb\",\"itemListElement\":[{\"@type\":\"ListItem\",\"position\":1,\"name\":\"Home\",\"item\":\"https:\\\/\\\/nebraskademocrats.org\\\/\"},{\"@type\":\"ListItem\",\"position\":2,\"name\":\"The Thing About Don\"}]},{\"@type\":\"WebSite\",\"@id\":\"https:\\\/\\\/nebraskademocrats.org\\\/#website\",\"url\":\"https:\\\/\\\/nebraskademocrats.org\\\/\",\"name\":\"Nebraska Democratic Party\",\"description\":\"Growing the Good Life for All Nebraskans\",\"publisher\":{\"@id\":\"https:\\\/\\\/nebraskademocrats.org\\\/#organization\"},\"potentialAction\":[{\"@type\":\"SearchAction\",\"target\":{\"@type\":\"EntryPoint\",\"urlTemplate\":\"https:\\\/\\\/nebraskademocrats.org\\\/?s={search_term_string}\"},\"query-input\":{\"@type\":\"PropertyValueSpecification\",\"valueRequired\":true,\"valueName\":\"search_term_string\"}}],\"inLanguage\":\"es\"},{\"@type\":\"Organization\",\"@id\":\"https:\\\/\\\/nebraskademocrats.org\\\/#organization\",\"name\":\"Nebraska Democratic Party\",\"url\":\"https:\\\/\\\/nebraskademocrats.org\\\/\",\"logo\":{\"@type\":\"ImageObject\",\"inLanguage\":\"es\",\"@id\":\"https:\\\/\\\/nebraskademocrats.org\\\/#\\\/schema\\\/logo\\\/image\\\/\",\"url\":\"https:\\\/\\\/nebraskadem.wpenginepowered.com\\\/wp-content\\\/uploads\\\/2016\\\/05\\\/NDP2.jpg\",\"contentUrl\":\"https:\\\/\\\/nebraskadem.wpenginepowered.com\\\/wp-content\\\/uploads\\\/2016\\\/05\\\/NDP2.jpg\",\"width\":1000,\"height\":396,\"caption\":\"Nebraska Democratic Party\"},\"image\":{\"@id\":\"https:\\\/\\\/nebraskademocrats.org\\\/#\\\/schema\\\/logo\\\/image\\\/\"},\"sameAs\":[\"https:\\\/\\\/www.facebook.com\\\/NebraskaDemocraticParty\\\/\",\"https:\\\/\\\/x.com\\\/nebraskadems\"]},{\"@type\":\"Person\",\"@id\":\"https:\\\/\\\/nebraskademocrats.org\\\/#\\\/schema\\\/person\\\/179c4564e8c828cc4af2ea35aad93221\",\"name\":\"Jack Schiewe\",\"image\":{\"@type\":\"ImageObject\",\"inLanguage\":\"es\",\"@id\":\"https:\\\/\\\/secure.gravatar.com\\\/avatar\\\/b583a39436033a82d6418a1312ed949ab393d1a9abf555d98ea3cc945b78e45a?s=96&d=mm&r=g\",\"url\":\"https:\\\/\\\/secure.gravatar.com\\\/avatar\\\/b583a39436033a82d6418a1312ed949ab393d1a9abf555d98ea3cc945b78e45a?s=96&d=mm&r=g\",\"contentUrl\":\"https:\\\/\\\/secure.gravatar.com\\\/avatar\\\/b583a39436033a82d6418a1312ed949ab393d1a9abf555d98ea3cc945b78e45a?s=96&d=mm&r=g\",\"caption\":\"Jack Schiewe\"}}]}<\/script>\n<!-- \/ Yoast SEO plugin. -->","yoast_head_json":{"title":"The Thing About Don &#8211; Nebraska Democratic Party","robots":{"index":"index","follow":"follow","max-snippet":"max-snippet:-1","max-image-preview":"max-image-preview:large","max-video-preview":"max-video-preview:-1"},"canonical":"https:\/\/nebraskademocrats.org\/es\/blog\/the-thing-about-don\/","og_locale":"es_MX","og_type":"article","og_title":"The Thing About Don &#8211; Nebraska Democratic Party","og_description":"As the battle for Speaker of the House of Representatives rages on, Nebraska\u2019s own Don Bacon has found himself caught in the crossfire. Bacon, who represents the Omaha area, is one of roughly 20 Republicans who has refused to vote for Jim Jordan as Speaker of the House. Jordan is best known for covering up ... Read more","og_url":"https:\/\/nebraskademocrats.org\/es\/blog\/the-thing-about-don\/","og_site_name":"Nebraska Democratic Party","article_publisher":"https:\/\/www.facebook.com\/NebraskaDemocraticParty\/","article_published_time":"2023-10-20T15:35:04+00:00","og_image":[{"url":"https:\/\/lh7-us.googleusercontent.com\/C7Ay1RPVUfBV7z22MfcldYvjMl8xmQFe3mo_4Dn79P0Hx21pamG5rkjfmjW8-qcxkQYdmRr1uKelenV2RUDEVl8Vhd2OFm2jMiWSfATiaKXi4EYM1xQvHlkWpI9vsH4lG_kIgCCQjhsVvrMjk28rVUI","type":"","width":"","height":""}],"author":"Jack Schiewe","twitter_card":"summary_large_image","twitter_creator":"@nebraskadems","twitter_site":"@nebraskadems","twitter_misc":{"Escrito por":"Jack Schiewe","Tiempo de lectura":"5 minutos"},"schema":{"@context":"https:\/\/schema.org","@graph":[{"@type":"Article","@id":"https:\/\/nebraskademocrats.org\/blog\/the-thing-about-don\/#article","isPartOf":{"@id":"https:\/\/nebraskademocrats.org\/blog\/the-thing-about-don\/"},"author":{"name":"Jack Schiewe","@id":"https:\/\/nebraskademocrats.org\/#\/schema\/person\/179c4564e8c828cc4af2ea35aad93221"},"headline":"The Thing About Don","datePublished":"2023-10-20T15:35:04+00:00","mainEntityOfPage":{"@id":"https:\/\/nebraskademocrats.org\/blog\/the-thing-about-don\/"},"wordCount":805,"publisher":{"@id":"https:\/\/nebraskademocrats.org\/#organization"},"image":{"@id":"https:\/\/nebraskademocrats.org\/blog\/the-thing-about-don\/#primaryimage"},"thumbnailUrl":"https:\/\/lh7-us.googleusercontent.com\/C7Ay1RPVUfBV7z22MfcldYvjMl8xmQFe3mo_4Dn79P0Hx21pamG5rkjfmjW8-qcxkQYdmRr1uKelenV2RUDEVl8Vhd2OFm2jMiWSfATiaKXi4EYM1xQvHlkWpI9vsH4lG_kIgCCQjhsVvrMjk28rVUI","articleSection":["NDP Blog"],"inLanguage":"es"},{"@type":"WebPage","@id":"https:\/\/nebraskademocrats.org\/blog\/the-thing-about-don\/","url":"https:\/\/nebraskademocrats.org\/blog\/the-thing-about-don\/","name":"The Thing About Don &#8211; Nebraska Democratic Party","isPartOf":{"@id":"https:\/\/nebraskademocrats.org\/#website"},"primaryImageOfPage":{"@id":"https:\/\/nebraskademocrats.org\/blog\/the-thing-about-don\/#primaryimage"},"image":{"@id":"https:\/\/nebraskademocrats.org\/blog\/the-thing-about-don\/#primaryimage"},"thumbnailUrl":"https:\/\/lh7-us.googleusercontent.com\/C7Ay1RPVUfBV7z22MfcldYvjMl8xmQFe3mo_4Dn79P0Hx21pamG5rkjfmjW8-qcxkQYdmRr1uKelenV2RUDEVl8Vhd2OFm2jMiWSfATiaKXi4EYM1xQvHlkWpI9vsH4lG_kIgCCQjhsVvrMjk28rVUI","datePublished":"2023-10-20T15:35:04+00:00","breadcrumb":{"@id":"https:\/\/nebraskademocrats.org\/blog\/the-thing-about-don\/#breadcrumb"},"inLanguage":"es","potentialAction":[{"@type":"ReadAction","target":["https:\/\/nebraskademocrats.org\/blog\/the-thing-about-don\/"]}]},{"@type":"ImageObject","inLanguage":"es","@id":"https:\/\/nebraskademocrats.org\/blog\/the-thing-about-don\/#primaryimage","url":"https:\/\/lh7-us.googleusercontent.com\/C7Ay1RPVUfBV7z22MfcldYvjMl8xmQFe3mo_4Dn79P0Hx21pamG5rkjfmjW8-qcxkQYdmRr1uKelenV2RUDEVl8Vhd2OFm2jMiWSfATiaKXi4EYM1xQvHlkWpI9vsH4lG_kIgCCQjhsVvrMjk28rVUI","contentUrl":"https:\/\/lh7-us.googleusercontent.com\/C7Ay1RPVUfBV7z22MfcldYvjMl8xmQFe3mo_4Dn79P0Hx21pamG5rkjfmjW8-qcxkQYdmRr1uKelenV2RUDEVl8Vhd2OFm2jMiWSfATiaKXi4EYM1xQvHlkWpI9vsH4lG_kIgCCQjhsVvrMjk28rVUI"},{"@type":"BreadcrumbList","@id":"https:\/\/nebraskademocrats.org\/blog\/the-thing-about-don\/#breadcrumb","itemListElement":[{"@type":"ListItem","position":1,"name":"Home","item":"https:\/\/nebraskademocrats.org\/"},{"@type":"ListItem","position":2,"name":"The Thing About Don"}]},{"@type":"WebSite","@id":"https:\/\/nebraskademocrats.org\/#website","url":"https:\/\/nebraskademocrats.org\/","name":"Partido Dem\u00f3crata de Nebraska","description":"Cultivando la buena vida para todos los nebraskenses","publisher":{"@id":"https:\/\/nebraskademocrats.org\/#organization"},"potentialAction":[{"@type":"SearchAction","target":{"@type":"EntryPoint","urlTemplate":"https:\/\/nebraskademocrats.org\/?s={search_term_string}"},"query-input":{"@type":"PropertyValueSpecification","valueRequired":true,"valueName":"search_term_string"}}],"inLanguage":"es"},{"@type":"Organization","@id":"https:\/\/nebraskademocrats.org\/#organization","name":"Partido Dem\u00f3crata de Nebraska","url":"https:\/\/nebraskademocrats.org\/","logo":{"@type":"ImageObject","inLanguage":"es","@id":"https:\/\/nebraskademocrats.org\/#\/schema\/logo\/image\/","url":"https:\/\/nebraskadem.wpenginepowered.com\/wp-content\/uploads\/2016\/05\/NDP2.jpg","contentUrl":"https:\/\/nebraskadem.wpenginepowered.com\/wp-content\/uploads\/2016\/05\/NDP2.jpg","width":1000,"height":396,"caption":"Nebraska Democratic Party"},"image":{"@id":"https:\/\/nebraskademocrats.org\/#\/schema\/logo\/image\/"},"sameAs":["https:\/\/www.facebook.com\/NebraskaDemocraticParty\/","https:\/\/x.com\/nebraskadems"]},{"@type":"Person","@id":"https:\/\/nebraskademocrats.org\/#\/schema\/person\/179c4564e8c828cc4af2ea35aad93221","name":"jack schiewe","image":{"@type":"ImageObject","inLanguage":"es","@id":"https:\/\/secure.gravatar.com\/avatar\/b583a39436033a82d6418a1312ed949ab393d1a9abf555d98ea3cc945b78e45a?s=96&d=mm&r=g","url":"https:\/\/secure.gravatar.com\/avatar\/b583a39436033a82d6418a1312ed949ab393d1a9abf555d98ea3cc945b78e45a?s=96&d=mm&r=g","contentUrl":"https:\/\/secure.gravatar.com\/avatar\/b583a39436033a82d6418a1312ed949ab393d1a9abf555d98ea3cc945b78e45a?s=96&d=mm&r=g","caption":"Jack Schiewe"}}]}},"_links":{"self":[{"href":"https:\/\/nebraskademocrats.org\/es\/wp-json\/wp\/v2\/posts\/45000","targetHints":{"allow":["GET"]}}],"collection":[{"href":"https:\/\/nebraskademocrats.org\/es\/wp-json\/wp\/v2\/posts"}],"about":[{"href":"https:\/\/nebraskademocrats.org\/es\/wp-json\/wp\/v2\/types\/post"}],"author":[{"embeddable":true,"href":"https:\/\/nebraskademocrats.org\/es\/wp-json\/wp\/v2\/users\/27"}],"replies":[{"embeddable":true,"href":"https:\/\/nebraskademocrats.org\/es\/wp-json\/wp\/v2\/comments?post=45000"}],"version-history":[{"count":0,"href":"https:\/\/nebraskademocrats.org\/es\/wp-json\/wp\/v2\/posts\/45000\/revisions"}],"wp:attachment":[{"href":"https:\/\/nebraskademocrats.org\/es\/wp-json\/wp\/v2\/media?parent=45000"}],"wp:term":[{"taxonomy":"category","embeddable":true,"href":"https:\/\/nebraskademocrats.org\/es\/wp-json\/wp\/v2\/categories?post=45000"},{"taxonomy":"post_tag","embeddable":true,"href":"https:\/\/nebraskademocrats.org\/es\/wp-json\/wp\/v2\/tags?post=45000"}],"curies":[{"name":"wp","href":"https:\/\/api.w.org\/{rel}","templated":true}]}}