{"id":709,"date":"2016-08-08T14:41:26","date_gmt":"2016-08-08T14:41:26","guid":{"rendered":"http:\/\/nebraska.precisionnewmedia.com\/?p=709"},"modified":"2016-08-15T19:32:04","modified_gmt":"2016-08-15T19:32:04","slug":"monday-at-230pm-ct-in-omaha-democrats-and-allies-to-hold-press-conference-with-small-business-owner-while-mike-pence-is-15-minutes-across-the-border-in-council-bluffs","status":"publish","type":"post","link":"https:\/\/nebraskademocrats.org\/es\/headlines\/monday-at-230pm-ct-in-omaha-democrats-and-allies-to-hold-press-conference-with-small-business-owner-while-mike-pence-is-15-minutes-across-the-border-in-council-bluffs\/","title":{"rendered":"LUNES A LAS 2:30 PM CT EN OMAHA - DEM\u00d3CRATAS Y ALIADOS REALIZAR\u00c1N CONFERENCIA DE PRENSA CON EL PROPIETARIO DE PEQUE\u00d1AS EMPRESAS MIKE PENCE EST\u00c1 A 15 MINUTOS A TRAV\u00c9S DE LA FRONTERA"},"content":{"rendered":"<div class=\"field field-type-text field-field-byline\">\n<div class=\"field-items\">\n<div class=\"field-item odd\">EL MISMO D\u00cdA, DONALD TRUMP HACE UN DISCURSO ECON\u00d3MICO EN DETROIT, MIKE PENCE ESTAR\u00c1 EN COUNCIL BLUFFS, IOWA, PERO NO PARAR\u00c1 EN OMAHA<\/div>\n<\/div>\n<\/div>\n<div class=\"field field-type-datestamp field-field-publication-date\">\n<div class=\"field-items\">\n<div class=\"field-item odd\"><span class=\"date-display-single\">8 AGOSTO 2016<\/span><\/div>\n<\/div>\n<\/div>\n<p class=\"p1\"><span class=\"s1\">OMAHA - Lunes a las 2:30 pm CT, la presidenta electa dem\u00f3crata de Nebraska, Jane Kleeb, y la presidenta de AFL-CIO, Sue Martin, dar\u00e1n una conferencia de prensa para discutir por qu\u00e9 los planes econ\u00f3micos de Donald Trump da\u00f1ar\u00edan a Nebraskans y matar\u00edan los empleos de Omaha. Tambi\u00e9n hablar\u00e1n Megan Hunt, propietaria de una peque\u00f1a empresa que vende productos fabricados en los EE. UU., En contraste con Donald Trump, que fabrica sus productos en pa\u00edses como M\u00e9xico, China, Bangladesh y Turqu\u00eda, y Willie Hamilton, presidente de Black Men United. , una organizaci\u00f3n de base de Omaha centrada en empoderar a los hombres negros y sus familias.<\/span><\/p>\n<p class=\"p1\">Mientras tanto, Mike Pence estar\u00e1 a 15 minutos de Omaha en Council Bluffs, Iowa, pero no tendr\u00e1 tiempo para cruzar la frontera para visitar Nebraska. Hillary Clinton visit\u00f3 Omaha la semana pasada y habl\u00f3 con una multitud de m\u00e1s de\u00a0<a href=\"http:\/\/www.omaha.com\/news\/metro\/crowd-at-hillary-clinton-s-omaha-rally-exceeded-with-overflow\/article_0c8bc1b0-5946-11e6-abf7-6f6f26e598bf.html\"><span class=\"s2\">3,300<\/span><\/a>\u00a0Nebraskans.<\/p>\n<p class=\"p1\"><b>OMS:<\/b><\/p>\n<p class=\"p1\"><span class=\"s1\">Jane Kleeb, Presidenta electa, Nebraska Democratic Party<br \/>\n<\/span>Sue Martin, Presidenta, AFL-CIO de Nebraska<br \/>\nWillie Hamilton, Presidente, Black Men United<br \/>\nMegan Hunt, propietaria de una peque\u00f1a empresa, Hello Holiday<\/p>\n<p class=\"p1\"><b>CUANDO:\u00a0\u00a0\u00a0\u00a0\u00a0\u00a0<\/b>Lunes 8 de agosto a las 2:30 pm CT<\/p>\n<p class=\"p1\"><b>D\u00d3NDE:\u00a0\u00a0\u00a0\u00a0<\/b>Hola vacaciones\u00a0<a href=\"https:\/\/www.google.com\/maps\/place\/5008+Underwood+Ave,+Omaha,+NE+68132\/@41.2653445,-95.9932037,17z\/data=!3m1!4b1!4m5!3m4!1s0x87938ddd81765997:0x3221d04f73b40da7!8m2!3d41.2653445!4d-95.991015\"><span class=\"s4\">5008 Underwood Avenue, Omaha NE<\/span><\/a><\/p>\n<p class=\"p1\"><span class=\"s1\">\u00a0<\/span><\/p>\n<p class=\"p1\" style=\"text-align: center;\"><span class=\"s1\">###<\/span><\/p>","protected":false},"excerpt":{"rendered":"<p>ON THE SAME DAY DONALD TRUMP MAKES ECONOMIC SPEECH IN DETROIT, MIKE PENCE WILL BE IN COUNCIL BLUFFS, IOWA, BUT WON\u2019T BE STOPPING IN OMAHA 8 AUGUST 2016 OMAHA &#8211; Monday at 2:30pm CT, Nebraska Democratic Chair-Elect Jane Kleeb and AFL-CIO President Sue Martin will hold a press conference to discuss why Donald Trump\u2019s economic &#8230; <a title=\"LUNES A LAS 2:30 PM CT EN OMAHA - DEM\u00d3CRATAS Y ALIADOS REALIZAR\u00c1N CONFERENCIA DE PRENSA CON EL PROPIETARIO DE PEQUE\u00d1AS EMPRESAS MIKE PENCE EST\u00c1 A 15 MINUTOS A TRAV\u00c9S DE LA FRONTERA\" class=\"read-more\" href=\"https:\/\/nebraskademocrats.org\/es\/headlines\/monday-at-230pm-ct-in-omaha-democrats-and-allies-to-hold-press-conference-with-small-business-owner-while-mike-pence-is-15-minutes-across-the-border-in-council-bluffs\/\" aria-label=\"More on MONDAY AT 2:30PM CT IN OMAHA \u2013 DEMOCRATS AND ALLIES TO HOLD PRESS CONFERENCE WITH SMALL BUSINESS OWNER WHILE MIKE PENCE IS 15 MINUTES ACROSS THE BORDER IN COUNCIL BLUFFS\">Lee mas<\/a><\/p>","protected":false},"author":19,"featured_media":0,"comment_status":"open","ping_status":"open","sticky":false,"template":"","format":"standard","meta":{"_acf_changed":false,"_exactmetrics_skip_tracking":false,"_exactmetrics_sitenote_active":false,"_exactmetrics_sitenote_note":"","_exactmetrics_sitenote_category":0,"footnotes":""},"categories":[6],"tags":[],"class_list":["post-709","post","type-post","status-publish","format-standard","hentry","category-headlines"],"acf":[],"yoast_head":"<!-- This site is optimized with the Yoast SEO plugin v27.4 - https:\/\/yoast.com\/product\/yoast-seo-wordpress\/ -->\n<title>MONDAY AT 2:30PM CT IN OMAHA \u2013 DEMOCRATS AND ALLIES TO HOLD PRESS CONFERENCE WITH SMALL BUSINESS OWNER WHILE MIKE PENCE IS 15 MINUTES ACROSS THE BORDER IN COUNCIL BLUFFS &#8211; Nebraska Democratic Party<\/title>\n<meta name=\"robots\" content=\"index, follow, max-snippet:-1, max-image-preview:large, max-video-preview:-1\" \/>\n<link rel=\"canonical\" href=\"https:\/\/nebraskademocrats.org\/es\/headlines\/monday-at-230pm-ct-in-omaha-democrats-and-allies-to-hold-press-conference-with-small-business-owner-while-mike-pence-is-15-minutes-across-the-border-in-council-bluffs\/\" \/>\n<meta property=\"og:locale\" content=\"es_MX\" \/>\n<meta property=\"og:type\" content=\"article\" \/>\n<meta property=\"og:title\" content=\"MONDAY AT 2:30PM CT IN OMAHA \u2013 DEMOCRATS AND ALLIES TO HOLD PRESS CONFERENCE WITH SMALL BUSINESS OWNER WHILE MIKE PENCE IS 15 MINUTES ACROSS THE BORDER IN COUNCIL BLUFFS &#8211; Nebraska Democratic Party\" \/>\n<meta property=\"og:description\" content=\"ON THE SAME DAY DONALD TRUMP MAKES ECONOMIC SPEECH IN DETROIT, MIKE PENCE WILL BE IN COUNCIL BLUFFS, IOWA, BUT WON\u2019T BE STOPPING IN OMAHA 8 AUGUST 2016 OMAHA &#8211; Monday at 2:30pm CT, Nebraska Democratic Chair-Elect Jane Kleeb and AFL-CIO President Sue Martin will hold a press conference to discuss why Donald Trump\u2019s economic ... Read more\" \/>\n<meta property=\"og:url\" content=\"https:\/\/nebraskademocrats.org\/es\/headlines\/monday-at-230pm-ct-in-omaha-democrats-and-allies-to-hold-press-conference-with-small-business-owner-while-mike-pence-is-15-minutes-across-the-border-in-council-bluffs\/\" \/>\n<meta property=\"og:site_name\" content=\"Nebraska Democratic Party\" \/>\n<meta property=\"article:publisher\" content=\"https:\/\/www.facebook.com\/NebraskaDemocraticParty\/\" \/>\n<meta property=\"article:published_time\" content=\"2016-08-08T14:41:26+00:00\" \/>\n<meta property=\"article:modified_time\" content=\"2016-08-15T19:32:04+00:00\" \/>\n<meta property=\"og:image\" content=\"https:\/\/nebraskademocrats.org\/wp-content\/uploads\/2018\/09\/ne-dems-fb.jpg\" \/>\n\t<meta property=\"og:image:width\" content=\"1200\" \/>\n\t<meta property=\"og:image:height\" content=\"630\" \/>\n\t<meta property=\"og:image:type\" content=\"image\/jpeg\" \/>\n<meta name=\"author\" content=\"Precious McKesson\" \/>\n<meta name=\"twitter:card\" content=\"summary_large_image\" \/>\n<meta name=\"twitter:creator\" content=\"@nebraskadems\" \/>\n<meta name=\"twitter:site\" content=\"@nebraskadems\" \/>\n<meta name=\"twitter:label1\" content=\"Escrito por\" \/>\n\t<meta name=\"twitter:data1\" content=\"Precious McKesson\" \/>\n\t<meta name=\"twitter:label2\" content=\"Tiempo de lectura\" \/>\n\t<meta name=\"twitter:data2\" content=\"1 minuto\" \/>\n<script type=\"application\/ld+json\" class=\"yoast-schema-graph\">{\"@context\":\"https:\\\/\\\/schema.org\",\"@graph\":[{\"@type\":\"Article\",\"@id\":\"https:\\\/\\\/nebraskademocrats.org\\\/headlines\\\/monday-at-230pm-ct-in-omaha-democrats-and-allies-to-hold-press-conference-with-small-business-owner-while-mike-pence-is-15-minutes-across-the-border-in-council-bluffs\\\/#article\",\"isPartOf\":{\"@id\":\"https:\\\/\\\/nebraskademocrats.org\\\/headlines\\\/monday-at-230pm-ct-in-omaha-democrats-and-allies-to-hold-press-conference-with-small-business-owner-while-mike-pence-is-15-minutes-across-the-border-in-council-bluffs\\\/\"},\"author\":{\"name\":\"Precious McKesson\",\"@id\":\"https:\\\/\\\/nebraskademocrats.org\\\/#\\\/schema\\\/person\\\/33e011ea0795f404810dc40828bcf289\"},\"headline\":\"MONDAY AT 2:30PM CT IN OMAHA \u2013 DEMOCRATS AND ALLIES TO HOLD PRESS CONFERENCE WITH SMALL BUSINESS OWNER WHILE MIKE PENCE IS 15 MINUTES ACROSS THE BORDER IN COUNCIL BLUFFS\",\"datePublished\":\"2016-08-08T14:41:26+00:00\",\"dateModified\":\"2016-08-15T19:32:04+00:00\",\"mainEntityOfPage\":{\"@id\":\"https:\\\/\\\/nebraskademocrats.org\\\/headlines\\\/monday-at-230pm-ct-in-omaha-democrats-and-allies-to-hold-press-conference-with-small-business-owner-while-mike-pence-is-15-minutes-across-the-border-in-council-bluffs\\\/\"},\"wordCount\":226,\"commentCount\":0,\"publisher\":{\"@id\":\"https:\\\/\\\/nebraskademocrats.org\\\/#organization\"},\"articleSection\":[\"Headlines\"],\"inLanguage\":\"es\"},{\"@type\":\"WebPage\",\"@id\":\"https:\\\/\\\/nebraskademocrats.org\\\/headlines\\\/monday-at-230pm-ct-in-omaha-democrats-and-allies-to-hold-press-conference-with-small-business-owner-while-mike-pence-is-15-minutes-across-the-border-in-council-bluffs\\\/\",\"url\":\"https:\\\/\\\/nebraskademocrats.org\\\/headlines\\\/monday-at-230pm-ct-in-omaha-democrats-and-allies-to-hold-press-conference-with-small-business-owner-while-mike-pence-is-15-minutes-across-the-border-in-council-bluffs\\\/\",\"name\":\"MONDAY AT 2:30PM CT IN OMAHA \u2013 DEMOCRATS AND ALLIES TO HOLD PRESS CONFERENCE WITH SMALL BUSINESS OWNER WHILE MIKE PENCE IS 15 MINUTES ACROSS THE BORDER IN COUNCIL BLUFFS &#8211; Nebraska Democratic Party\",\"isPartOf\":{\"@id\":\"https:\\\/\\\/nebraskademocrats.org\\\/#website\"},\"datePublished\":\"2016-08-08T14:41:26+00:00\",\"dateModified\":\"2016-08-15T19:32:04+00:00\",\"breadcrumb\":{\"@id\":\"https:\\\/\\\/nebraskademocrats.org\\\/headlines\\\/monday-at-230pm-ct-in-omaha-democrats-and-allies-to-hold-press-conference-with-small-business-owner-while-mike-pence-is-15-minutes-across-the-border-in-council-bluffs\\\/#breadcrumb\"},\"inLanguage\":\"es\",\"potentialAction\":[{\"@type\":\"ReadAction\",\"target\":[\"https:\\\/\\\/nebraskademocrats.org\\\/headlines\\\/monday-at-230pm-ct-in-omaha-democrats-and-allies-to-hold-press-conference-with-small-business-owner-while-mike-pence-is-15-minutes-across-the-border-in-council-bluffs\\\/\"]}]},{\"@type\":\"BreadcrumbList\",\"@id\":\"https:\\\/\\\/nebraskademocrats.org\\\/headlines\\\/monday-at-230pm-ct-in-omaha-democrats-and-allies-to-hold-press-conference-with-small-business-owner-while-mike-pence-is-15-minutes-across-the-border-in-council-bluffs\\\/#breadcrumb\",\"itemListElement\":[{\"@type\":\"ListItem\",\"position\":1,\"name\":\"Home\",\"item\":\"https:\\\/\\\/nebraskademocrats.org\\\/\"},{\"@type\":\"ListItem\",\"position\":2,\"name\":\"MONDAY AT 2:30PM CT IN OMAHA \u2013 DEMOCRATS AND ALLIES TO HOLD PRESS CONFERENCE WITH SMALL BUSINESS OWNER WHILE MIKE PENCE IS 15 MINUTES ACROSS THE BORDER IN COUNCIL BLUFFS\"}]},{\"@type\":\"WebSite\",\"@id\":\"https:\\\/\\\/nebraskademocrats.org\\\/#website\",\"url\":\"https:\\\/\\\/nebraskademocrats.org\\\/\",\"name\":\"Nebraska Democratic Party\",\"description\":\"Growing the Good Life for All Nebraskans\",\"publisher\":{\"@id\":\"https:\\\/\\\/nebraskademocrats.org\\\/#organization\"},\"potentialAction\":[{\"@type\":\"SearchAction\",\"target\":{\"@type\":\"EntryPoint\",\"urlTemplate\":\"https:\\\/\\\/nebraskademocrats.org\\\/?s={search_term_string}\"},\"query-input\":{\"@type\":\"PropertyValueSpecification\",\"valueRequired\":true,\"valueName\":\"search_term_string\"}}],\"inLanguage\":\"es\"},{\"@type\":\"Organization\",\"@id\":\"https:\\\/\\\/nebraskademocrats.org\\\/#organization\",\"name\":\"Nebraska Democratic Party\",\"url\":\"https:\\\/\\\/nebraskademocrats.org\\\/\",\"logo\":{\"@type\":\"ImageObject\",\"inLanguage\":\"es\",\"@id\":\"https:\\\/\\\/nebraskademocrats.org\\\/#\\\/schema\\\/logo\\\/image\\\/\",\"url\":\"https:\\\/\\\/nebraskadem.wpenginepowered.com\\\/wp-content\\\/uploads\\\/2016\\\/05\\\/NDP2.jpg\",\"contentUrl\":\"https:\\\/\\\/nebraskadem.wpenginepowered.com\\\/wp-content\\\/uploads\\\/2016\\\/05\\\/NDP2.jpg\",\"width\":1000,\"height\":396,\"caption\":\"Nebraska Democratic Party\"},\"image\":{\"@id\":\"https:\\\/\\\/nebraskademocrats.org\\\/#\\\/schema\\\/logo\\\/image\\\/\"},\"sameAs\":[\"https:\\\/\\\/www.facebook.com\\\/NebraskaDemocraticParty\\\/\",\"https:\\\/\\\/x.com\\\/nebraskadems\"]},{\"@type\":\"Person\",\"@id\":\"https:\\\/\\\/nebraskademocrats.org\\\/#\\\/schema\\\/person\\\/33e011ea0795f404810dc40828bcf289\",\"name\":\"Precious McKesson\",\"image\":{\"@type\":\"ImageObject\",\"inLanguage\":\"es\",\"@id\":\"https:\\\/\\\/secure.gravatar.com\\\/avatar\\\/35046e19b3373116ec64c07d386d3312028d3820dc0ffe65c344bcebc8ea9194?s=96&d=mm&r=g\",\"url\":\"https:\\\/\\\/secure.gravatar.com\\\/avatar\\\/35046e19b3373116ec64c07d386d3312028d3820dc0ffe65c344bcebc8ea9194?s=96&d=mm&r=g\",\"contentUrl\":\"https:\\\/\\\/secure.gravatar.com\\\/avatar\\\/35046e19b3373116ec64c07d386d3312028d3820dc0ffe65c344bcebc8ea9194?s=96&d=mm&r=g\",\"caption\":\"Precious McKesson\"}}]}<\/script>\n<!-- \/ Yoast SEO plugin. -->","yoast_head_json":{"title":"MONDAY AT 2:30PM CT IN OMAHA \u2013 DEMOCRATS AND ALLIES TO HOLD PRESS CONFERENCE WITH SMALL BUSINESS OWNER WHILE MIKE PENCE IS 15 MINUTES ACROSS THE BORDER IN COUNCIL BLUFFS &#8211; Nebraska Democratic Party","robots":{"index":"index","follow":"follow","max-snippet":"max-snippet:-1","max-image-preview":"max-image-preview:large","max-video-preview":"max-video-preview:-1"},"canonical":"https:\/\/nebraskademocrats.org\/es\/headlines\/monday-at-230pm-ct-in-omaha-democrats-and-allies-to-hold-press-conference-with-small-business-owner-while-mike-pence-is-15-minutes-across-the-border-in-council-bluffs\/","og_locale":"es_MX","og_type":"article","og_title":"MONDAY AT 2:30PM CT IN OMAHA \u2013 DEMOCRATS AND ALLIES TO HOLD PRESS CONFERENCE WITH SMALL BUSINESS OWNER WHILE MIKE PENCE IS 15 MINUTES ACROSS THE BORDER IN COUNCIL BLUFFS &#8211; Nebraska Democratic Party","og_description":"ON THE SAME DAY DONALD TRUMP MAKES ECONOMIC SPEECH IN DETROIT, MIKE PENCE WILL BE IN COUNCIL BLUFFS, IOWA, BUT WON\u2019T BE STOPPING IN OMAHA 8 AUGUST 2016 OMAHA &#8211; Monday at 2:30pm CT, Nebraska Democratic Chair-Elect Jane Kleeb and AFL-CIO President Sue Martin will hold a press conference to discuss why Donald Trump\u2019s economic ... Read more","og_url":"https:\/\/nebraskademocrats.org\/es\/headlines\/monday-at-230pm-ct-in-omaha-democrats-and-allies-to-hold-press-conference-with-small-business-owner-while-mike-pence-is-15-minutes-across-the-border-in-council-bluffs\/","og_site_name":"Nebraska Democratic Party","article_publisher":"https:\/\/www.facebook.com\/NebraskaDemocraticParty\/","article_published_time":"2016-08-08T14:41:26+00:00","article_modified_time":"2016-08-15T19:32:04+00:00","og_image":[{"width":1200,"height":630,"url":"https:\/\/nebraskademocrats.org\/wp-content\/uploads\/2018\/09\/ne-dems-fb.jpg","type":"image\/jpeg"}],"author":"Precious McKesson","twitter_card":"summary_large_image","twitter_creator":"@nebraskadems","twitter_site":"@nebraskadems","twitter_misc":{"Escrito por":"Precious McKesson","Tiempo de lectura":"1 minuto"},"schema":{"@context":"https:\/\/schema.org","@graph":[{"@type":"Article","@id":"https:\/\/nebraskademocrats.org\/headlines\/monday-at-230pm-ct-in-omaha-democrats-and-allies-to-hold-press-conference-with-small-business-owner-while-mike-pence-is-15-minutes-across-the-border-in-council-bluffs\/#article","isPartOf":{"@id":"https:\/\/nebraskademocrats.org\/headlines\/monday-at-230pm-ct-in-omaha-democrats-and-allies-to-hold-press-conference-with-small-business-owner-while-mike-pence-is-15-minutes-across-the-border-in-council-bluffs\/"},"author":{"name":"Precious McKesson","@id":"https:\/\/nebraskademocrats.org\/#\/schema\/person\/33e011ea0795f404810dc40828bcf289"},"headline":"MONDAY AT 2:30PM CT IN OMAHA \u2013 DEMOCRATS AND ALLIES TO HOLD PRESS CONFERENCE WITH SMALL BUSINESS OWNER WHILE MIKE PENCE IS 15 MINUTES ACROSS THE BORDER IN COUNCIL BLUFFS","datePublished":"2016-08-08T14:41:26+00:00","dateModified":"2016-08-15T19:32:04+00:00","mainEntityOfPage":{"@id":"https:\/\/nebraskademocrats.org\/headlines\/monday-at-230pm-ct-in-omaha-democrats-and-allies-to-hold-press-conference-with-small-business-owner-while-mike-pence-is-15-minutes-across-the-border-in-council-bluffs\/"},"wordCount":226,"commentCount":0,"publisher":{"@id":"https:\/\/nebraskademocrats.org\/#organization"},"articleSection":["Headlines"],"inLanguage":"es"},{"@type":"WebPage","@id":"https:\/\/nebraskademocrats.org\/headlines\/monday-at-230pm-ct-in-omaha-democrats-and-allies-to-hold-press-conference-with-small-business-owner-while-mike-pence-is-15-minutes-across-the-border-in-council-bluffs\/","url":"https:\/\/nebraskademocrats.org\/headlines\/monday-at-230pm-ct-in-omaha-democrats-and-allies-to-hold-press-conference-with-small-business-owner-while-mike-pence-is-15-minutes-across-the-border-in-council-bluffs\/","name":"MONDAY AT 2:30PM CT IN OMAHA \u2013 DEMOCRATS AND ALLIES TO HOLD PRESS CONFERENCE WITH SMALL BUSINESS OWNER WHILE MIKE PENCE IS 15 MINUTES ACROSS THE BORDER IN COUNCIL BLUFFS &#8211; Nebraska Democratic Party","isPartOf":{"@id":"https:\/\/nebraskademocrats.org\/#website"},"datePublished":"2016-08-08T14:41:26+00:00","dateModified":"2016-08-15T19:32:04+00:00","breadcrumb":{"@id":"https:\/\/nebraskademocrats.org\/headlines\/monday-at-230pm-ct-in-omaha-democrats-and-allies-to-hold-press-conference-with-small-business-owner-while-mike-pence-is-15-minutes-across-the-border-in-council-bluffs\/#breadcrumb"},"inLanguage":"es","potentialAction":[{"@type":"ReadAction","target":["https:\/\/nebraskademocrats.org\/headlines\/monday-at-230pm-ct-in-omaha-democrats-and-allies-to-hold-press-conference-with-small-business-owner-while-mike-pence-is-15-minutes-across-the-border-in-council-bluffs\/"]}]},{"@type":"BreadcrumbList","@id":"https:\/\/nebraskademocrats.org\/headlines\/monday-at-230pm-ct-in-omaha-democrats-and-allies-to-hold-press-conference-with-small-business-owner-while-mike-pence-is-15-minutes-across-the-border-in-council-bluffs\/#breadcrumb","itemListElement":[{"@type":"ListItem","position":1,"name":"Home","item":"https:\/\/nebraskademocrats.org\/"},{"@type":"ListItem","position":2,"name":"MONDAY AT 2:30PM CT IN OMAHA \u2013 DEMOCRATS AND ALLIES TO HOLD PRESS CONFERENCE WITH SMALL BUSINESS OWNER WHILE MIKE PENCE IS 15 MINUTES ACROSS THE BORDER IN COUNCIL BLUFFS"}]},{"@type":"WebSite","@id":"https:\/\/nebraskademocrats.org\/#website","url":"https:\/\/nebraskademocrats.org\/","name":"Partido Dem\u00f3crata de Nebraska","description":"Cultivando la buena vida para todos los nebraskenses","publisher":{"@id":"https:\/\/nebraskademocrats.org\/#organization"},"potentialAction":[{"@type":"SearchAction","target":{"@type":"EntryPoint","urlTemplate":"https:\/\/nebraskademocrats.org\/?s={search_term_string}"},"query-input":{"@type":"PropertyValueSpecification","valueRequired":true,"valueName":"search_term_string"}}],"inLanguage":"es"},{"@type":"Organization","@id":"https:\/\/nebraskademocrats.org\/#organization","name":"Partido Dem\u00f3crata de Nebraska","url":"https:\/\/nebraskademocrats.org\/","logo":{"@type":"ImageObject","inLanguage":"es","@id":"https:\/\/nebraskademocrats.org\/#\/schema\/logo\/image\/","url":"https:\/\/nebraskadem.wpenginepowered.com\/wp-content\/uploads\/2016\/05\/NDP2.jpg","contentUrl":"https:\/\/nebraskadem.wpenginepowered.com\/wp-content\/uploads\/2016\/05\/NDP2.jpg","width":1000,"height":396,"caption":"Nebraska Democratic Party"},"image":{"@id":"https:\/\/nebraskademocrats.org\/#\/schema\/logo\/image\/"},"sameAs":["https:\/\/www.facebook.com\/NebraskaDemocraticParty\/","https:\/\/x.com\/nebraskadems"]},{"@type":"Person","@id":"https:\/\/nebraskademocrats.org\/#\/schema\/person\/33e011ea0795f404810dc40828bcf289","name":"Precioso McKesson","image":{"@type":"ImageObject","inLanguage":"es","@id":"https:\/\/secure.gravatar.com\/avatar\/35046e19b3373116ec64c07d386d3312028d3820dc0ffe65c344bcebc8ea9194?s=96&d=mm&r=g","url":"https:\/\/secure.gravatar.com\/avatar\/35046e19b3373116ec64c07d386d3312028d3820dc0ffe65c344bcebc8ea9194?s=96&d=mm&r=g","contentUrl":"https:\/\/secure.gravatar.com\/avatar\/35046e19b3373116ec64c07d386d3312028d3820dc0ffe65c344bcebc8ea9194?s=96&d=mm&r=g","caption":"Precious McKesson"}}]}},"_links":{"self":[{"href":"https:\/\/nebraskademocrats.org\/es\/wp-json\/wp\/v2\/posts\/709","targetHints":{"allow":["GET"]}}],"collection":[{"href":"https:\/\/nebraskademocrats.org\/es\/wp-json\/wp\/v2\/posts"}],"about":[{"href":"https:\/\/nebraskademocrats.org\/es\/wp-json\/wp\/v2\/types\/post"}],"author":[{"embeddable":true,"href":"https:\/\/nebraskademocrats.org\/es\/wp-json\/wp\/v2\/users\/19"}],"replies":[{"embeddable":true,"href":"https:\/\/nebraskademocrats.org\/es\/wp-json\/wp\/v2\/comments?post=709"}],"version-history":[{"count":0,"href":"https:\/\/nebraskademocrats.org\/es\/wp-json\/wp\/v2\/posts\/709\/revisions"}],"wp:attachment":[{"href":"https:\/\/nebraskademocrats.org\/es\/wp-json\/wp\/v2\/media?parent=709"}],"wp:term":[{"taxonomy":"category","embeddable":true,"href":"https:\/\/nebraskademocrats.org\/es\/wp-json\/wp\/v2\/categories?post=709"},{"taxonomy":"post_tag","embeddable":true,"href":"https:\/\/nebraskademocrats.org\/es\/wp-json\/wp\/v2\/tags?post=709"}],"curies":[{"name":"wp","href":"https:\/\/api.w.org\/{rel}","templated":true}]}}