{"id":7145,"date":"2019-01-17T09:01:21","date_gmt":"2019-01-17T15:01:21","guid":{"rendered":"https:\/\/nebraskadem.wpenginepowered.com\/?p=7145"},"modified":"2019-04-06T15:15:24","modified_gmt":"2019-04-06T20:15:24","slug":"ndp-hosting-salute-to-state-senators","status":"publish","type":"post","link":"https:\/\/nebraskademocrats.org\/es\/blog\/ndp-hosting-salute-to-state-senators\/","title":{"rendered":"NDP saluda a los senadores estatales el 8 de abril"},"content":{"rendered":"<p><img fetchpriority=\"high\" decoding=\"async\" class=\"alignnone size-full wp-image-7372\" src=\"https:\/\/nebraskadem.wpenginepowered.com\/wp-content\/uploads\/2019\/01\/NEBDEMS_Salute-to-Senators-2019_Facebook-Cover-1.png\" alt=\"\" width=\"2918\" height=\"1081\" srcset=\"https:\/\/nebraskademocrats.org\/wp-content\/uploads\/2019\/01\/NEBDEMS_Salute-to-Senators-2019_Facebook-Cover-1.png 2918w, https:\/\/nebraskademocrats.org\/wp-content\/uploads\/2019\/01\/NEBDEMS_Salute-to-Senators-2019_Facebook-Cover-1-300x111.png 300w, https:\/\/nebraskademocrats.org\/wp-content\/uploads\/2019\/01\/NEBDEMS_Salute-to-Senators-2019_Facebook-Cover-1-768x285.png 768w, https:\/\/nebraskademocrats.org\/wp-content\/uploads\/2019\/01\/NEBDEMS_Salute-to-Senators-2019_Facebook-Cover-1-1024x379.png 1024w\" sizes=\"(max-width: 2918px) 100vw, 2918px\" \/><\/p>\n<p style=\"text-align: center;\"><span style=\"font-size: 16pt;\"><strong>Saludo a los senadores estatales<br \/>\nLunes 8 de abril de 6-8 pm<\/strong><\/span><br \/>\n<span style=\"font-size: 16pt;\"><strong>Centro de Innovaci\u00f3n, 2021 Transformation Dr, Lincoln, NE<\/strong><\/span><\/p>\n<p>El Partido Dem\u00f3crata de Nebraska est\u00e1 organizando nuestro evento anual Saludo a los senadores estatales. El evento incluye cena, bebidas y m\u00fasica en vivo con <a href=\"https:\/\/thebottletopsmusic.com\" target=\"_blank\" rel=\"noopener\">Mike y Kerry Semrad de las tapas de botellas<\/a>.<\/p>\n<p>\u00a1El tema rockstar, &quot;Para aquellos que escriben las cuentas, los saludamos&quot;, celebra a nuestros senadores estatales rockstar!<\/p>\n<p>Pronto se anunciar\u00e1n m\u00e1s detalles, incluido el orador principal.<\/p>\n<div class=\"\" style=\"text-align: center;\" data-block=\"true\" data-editor=\"aq9ig\" data-offset-key=\"6qsfl-0-0\">\n<p><span style=\"font-size: 14pt;\"><strong><a href=\"https:\/\/secure.actblue.com\/donate\/salute\">Obtenga su boleto y mesa aqu\u00ed<\/a><\/strong><\/span><\/p>\n<\/div>\n<div class=\"\" style=\"text-align: left;\" data-block=\"true\" data-editor=\"aq9ig\" data-offset-key=\"6qsfl-0-0\">\n<p style=\"text-align: center;\"><a href=\"\/wp-content\/uploads\/2019\/01\/NDP_One-Sheet_Salute-to-Senators_donation.pdf\" target=\"_blank\" rel=\"noopener\"><strong><span style=\"font-size: 14pt;\">Ver los niveles de patrocinio para el evento<\/span><\/strong><\/a><\/p>\n<p><strong>Gracias a nuestros patrocinadores (\u00a1m\u00e1s enlistados pronto!):<\/strong><\/p>\n<p><a href=\"https:\/\/www.goldenrodprinting.com\"><strong>Impresi\u00f3n de vara de oro<\/strong><\/a><strong>,<\/strong> la impresora principal para el evento Salute<\/p>\n<p><a href=\"https:\/\/www.nebraskablue.com\/community\"><strong>Blue Cross Blue Shield Nebraska<\/strong><\/a><\/p>\n<p><strong><a href=\"https:\/\/nebrcul.org\/\">Liga de la cooperativa de cr\u00e9dito de Nebraska<\/a><\/strong><\/p>\n<p><strong><a href=\"https:\/\/www.oharalindsay.com\/\">O&#039;Hara Lindsay Relaciones gubernamentales<\/a><\/strong><\/p>\n<p><strong><a href=\"http:\/\/www.bml83.org\/\">Boilermakers Local No. 83<\/a><\/strong><\/p>\n<p><strong><a href=\"https:\/\/naifanebraska.org\/\">Asociaci\u00f3n Nacional de Asesores Financieros y de Seguros<wbr \/>Nebraska-NAIFA-Nebraska<\/a><\/strong><\/p>\n<p><strong><a href=\"https:\/\/www.shirts101.com\/\">Camisas 101<\/a><\/strong><\/p>\n<p><strong><a href=\"https:\/\/www.ble-t.org\/\">Hermandad de ingenieros y entrenadores de locomotoras - BLET \/ IBT PAC<\/a><\/strong><\/p>\n<p><strong><a href=\"https:\/\/www.tenaska.com\/\">Tenaska<\/a>\u00a0<\/strong>y <strong><a href=\"http:\/\/www.peetzco.com\/\">Peetz &amp; Company<\/a><\/strong><\/p>\n<p><strong><a href=\"https:\/\/www.nsea.org\/\">Asociaci\u00f3n de Educaci\u00f3n del Estado de Nebraska (NSEA)<\/a><\/strong><\/p>\n<p><strong><a href=\"https:\/\/www.cox.com\/aboutus\/home.html\">Comunicaciones Cox<\/a><\/strong><\/p>\n<p><strong><a href=\"https:\/\/www.up.com\/index.htm\">Ferrocarril Union Pacific<\/a><\/strong><\/p>\n<p><a href=\"http:\/\/www.liuna.org\/\"><b>Uni\u00f3n Internacional de Trabajadores de Am\u00e9rica del Norte Local 1140 (LiUNA)<\/b><\/a><\/p>\n<p><a href=\"https:\/\/www.aflac.com\/\"><b>Aflac<\/b><\/a><\/p>\n<p><a href=\"http:\/\/muellerrobak.com\/\"><b>Mueller Robak, LLC<\/b><\/a><\/p>\n<p><a href=\"http:\/\/www.local385.com\/?zone=\/unionactive\/contact.cfm\"><b>Asociaci\u00f3n Profesional de Bomberos de Omaha, IAFF L385<\/b><\/a><\/p>\n<p><a href=\"https:\/\/radcliffeandassociates.com\/\"><b>Radcliffe y Asociados<\/b><\/a><\/p>\n<p><a href=\"https:\/\/nebraska.aoa.org\/\"><b>Asociaci\u00f3n Optom\u00e9trica de Nebraska (NOA)<\/b><\/a><\/p>\n<p><a href=\"http:\/\/www.ibew22.org\/\"><b>Hermandad Internacional de Trabajadores El\u00e9ctricos (IBEW) Local 22<\/b><\/a><\/p>\n<p><a href=\"https:\/\/www.blackhillsenergy.com\/\"><b>Black Hills Energy<\/b><\/a><\/p>\n<p><a href=\"http:\/\/nexteraenergyresources.com\/what-we-do\/wind.html\"><b>NextEra Energy Resources<\/b><\/a><\/p>\n<p><strong><a href=\"https:\/\/www.centurylink.com\/\">CenturyLink<\/a><\/strong><\/p>\n<p><strong><a href=\"https:\/\/kelleypluckerllc.com\/\">Kelley Plucker, LLC<\/a><\/strong><\/p>\n<p><strong><a href=\"http:\/\/www.heartlandstrategy.com\/\">Heartland Strategy Group<\/a><\/strong><\/p>\n<p><strong><a href=\"https:\/\/www.fnbo.com\/about-us\/?ecid=181909OMARDG0001PDSGGLROSLNKZEZBRD\">Primer banco nacional de Omaha<\/a><\/strong>\u00a0y <strong><a href=\"https:\/\/www.omahachamber.org\/\">Gran c\u00e1mara de Omaha<\/a><\/strong><\/p>\n<p><strong><a href=\"https:\/\/www.bnsf.com\/\">Ferrocarril BNSF<\/a><\/strong>\u00a0y\u00a0<strong><a href=\"https:\/\/www.kisselkohoutes.com\/\">Kissel Kohout ES Associates LLC<\/a><\/strong><\/p>\n<p><strong><a href=\"https:\/\/acgusa.net\/\">American Communications Group, Inc.<\/a><\/strong><\/p>\n<p><strong><a href=\"https:\/\/www.nebankers.org\/\">Asociaci\u00f3n de banqueros de Nebraska<\/a><\/strong><\/p>\n<p><strong><a href=\"https:\/\/www.nebraskarealtors.com\/i4a\/pages\/index.cfm?pageid=1\">Asociaci\u00f3n de REALTORS de Nebraska<\/a><\/strong><\/p>\n<p>&nbsp;<\/p>\n<\/div>\n<div data-block=\"true\" data-editor=\"aq9ig\" data-offset-key=\"6qsfl-0-0\"><img decoding=\"async\" class=\"alignnone wp-image-7863 size-large\" src=\"https:\/\/nebraskadem.wpenginepowered.com\/wp-content\/uploads\/2019\/01\/END-NEBDEMS_Salute-to-Senators_Ticket_FRONT-1024x358-1-1024x358.png\" alt=\"\" width=\"1024\" height=\"358\" srcset=\"https:\/\/nebraskademocrats.org\/wp-content\/uploads\/2019\/01\/END-NEBDEMS_Salute-to-Senators_Ticket_FRONT-1024x358-1.png 1024w, https:\/\/nebraskademocrats.org\/wp-content\/uploads\/2019\/01\/END-NEBDEMS_Salute-to-Senators_Ticket_FRONT-1024x358-1-300x105.png 300w, https:\/\/nebraskademocrats.org\/wp-content\/uploads\/2019\/01\/END-NEBDEMS_Salute-to-Senators_Ticket_FRONT-1024x358-1-768x269.png 768w\" sizes=\"(max-width: 1024px) 100vw, 1024px\" \/><\/div>\n<p>&nbsp;<\/p>\n<div class=\"\" data-block=\"true\" data-editor=\"aq9ig\" data-offset-key=\"2h7fi-0-0\"><\/div>\n<div class=\"\" data-block=\"true\" data-editor=\"aq9ig\" data-offset-key=\"933so-0-0\"><\/div>","protected":false},"excerpt":{"rendered":"<p>Salute to State Senators Monday, April 8 from 6-8 p.m. Innovation Center,\u00a02021 Transformation Dr, Lincoln, NE The Nebraska Democratic Party is hosting our annual Salute to State Senators event.\u00a0The event includes dinner, drinks and live music with Mike and Kerry Semrad of the Bottletops. The rockstar theme, &#8220;For Those Who Write The Bills, We Salute &#8230; <a title=\"NDP saluda a los senadores estatales el 8 de abril\" class=\"read-more\" href=\"https:\/\/nebraskademocrats.org\/es\/blog\/ndp-hosting-salute-to-state-senators\/\" aria-label=\"More on NDP Hosting Salute to State Senators on April 8\">Lee mas<\/a><\/p>","protected":false},"author":19,"featured_media":0,"comment_status":"closed","ping_status":"closed","sticky":false,"template":"","format":"standard","meta":{"_acf_changed":false,"_exactmetrics_skip_tracking":false,"_exactmetrics_sitenote_active":false,"_exactmetrics_sitenote_note":"","_exactmetrics_sitenote_category":0,"footnotes":""},"categories":[1],"tags":[],"class_list":["post-7145","post","type-post","status-publish","format-standard","hentry","category-blog"],"acf":[],"yoast_head":"<!-- This site is optimized with the Yoast SEO plugin v27.4 - https:\/\/yoast.com\/product\/yoast-seo-wordpress\/ -->\n<title>NDP Hosting Salute to State Senators on April 8 &#8211; Nebraska Democratic Party<\/title>\n<meta name=\"robots\" content=\"index, follow, max-snippet:-1, max-image-preview:large, max-video-preview:-1\" \/>\n<link rel=\"canonical\" href=\"https:\/\/nebraskademocrats.org\/es\/blog\/ndp-hosting-salute-to-state-senators\/\" \/>\n<meta property=\"og:locale\" content=\"es_MX\" \/>\n<meta property=\"og:type\" content=\"article\" \/>\n<meta property=\"og:title\" content=\"NDP Hosting Salute to State Senators on April 8 &#8211; Nebraska Democratic Party\" \/>\n<meta property=\"og:description\" content=\"Salute to State Senators Monday, April 8 from 6-8 p.m. Innovation Center,\u00a02021 Transformation Dr, Lincoln, NE The Nebraska Democratic Party is hosting our annual Salute to State Senators event.\u00a0The event includes dinner, drinks and live music with Mike and Kerry Semrad of the Bottletops. The rockstar theme, &#8220;For Those Who Write The Bills, We Salute ... Read more\" \/>\n<meta property=\"og:url\" content=\"https:\/\/nebraskademocrats.org\/es\/blog\/ndp-hosting-salute-to-state-senators\/\" \/>\n<meta property=\"og:site_name\" content=\"Nebraska Democratic Party\" \/>\n<meta property=\"article:publisher\" content=\"https:\/\/www.facebook.com\/NebraskaDemocraticParty\/\" \/>\n<meta property=\"article:published_time\" content=\"2019-01-17T15:01:21+00:00\" \/>\n<meta property=\"article:modified_time\" content=\"2019-04-06T20:15:24+00:00\" \/>\n<meta property=\"og:image\" content=\"https:\/\/nebraskadem.wpenginepowered.com\/wp-content\/uploads\/2019\/01\/NEBDEMS_Salute-to-Senators-2019_Facebook-Cover-1.png\" \/>\n<meta name=\"author\" content=\"Precious McKesson\" \/>\n<meta name=\"twitter:card\" content=\"summary_large_image\" \/>\n<meta name=\"twitter:creator\" content=\"@nebraskadems\" \/>\n<meta name=\"twitter:site\" content=\"@nebraskadems\" \/>\n<meta name=\"twitter:label1\" content=\"Escrito por\" \/>\n\t<meta name=\"twitter:data1\" content=\"Precious McKesson\" \/>\n\t<meta name=\"twitter:label2\" content=\"Tiempo de lectura\" \/>\n\t<meta name=\"twitter:data2\" content=\"1 minuto\" \/>\n<script type=\"application\/ld+json\" class=\"yoast-schema-graph\">{\"@context\":\"https:\\\/\\\/schema.org\",\"@graph\":[{\"@type\":\"Article\",\"@id\":\"https:\\\/\\\/nebraskademocrats.org\\\/zh\\\/blog\\\/ndp-hosting-salute-to-state-senators\\\/#article\",\"isPartOf\":{\"@id\":\"https:\\\/\\\/nebraskademocrats.org\\\/zh\\\/blog\\\/ndp-hosting-salute-to-state-senators\\\/\"},\"author\":{\"name\":\"Precious McKesson\",\"@id\":\"https:\\\/\\\/nebraskademocrats.org\\\/#\\\/schema\\\/person\\\/33e011ea0795f404810dc40828bcf289\"},\"headline\":\"NDP Hosting Salute to State Senators on April 8\",\"datePublished\":\"2019-01-17T15:01:21+00:00\",\"dateModified\":\"2019-04-06T20:15:24+00:00\",\"mainEntityOfPage\":{\"@id\":\"https:\\\/\\\/nebraskademocrats.org\\\/zh\\\/blog\\\/ndp-hosting-salute-to-state-senators\\\/\"},\"wordCount\":235,\"publisher\":{\"@id\":\"https:\\\/\\\/nebraskademocrats.org\\\/#organization\"},\"image\":{\"@id\":\"https:\\\/\\\/nebraskademocrats.org\\\/zh\\\/blog\\\/ndp-hosting-salute-to-state-senators\\\/#primaryimage\"},\"thumbnailUrl\":\"https:\\\/\\\/nebraskadem.wpenginepowered.com\\\/wp-content\\\/uploads\\\/2019\\\/01\\\/NEBDEMS_Salute-to-Senators-2019_Facebook-Cover-1.png\",\"articleSection\":[\"NDP Blog\"],\"inLanguage\":\"es\"},{\"@type\":\"WebPage\",\"@id\":\"https:\\\/\\\/nebraskademocrats.org\\\/zh\\\/blog\\\/ndp-hosting-salute-to-state-senators\\\/\",\"url\":\"https:\\\/\\\/nebraskademocrats.org\\\/zh\\\/blog\\\/ndp-hosting-salute-to-state-senators\\\/\",\"name\":\"NDP Hosting Salute to State Senators on April 8 &#8211; Nebraska Democratic Party\",\"isPartOf\":{\"@id\":\"https:\\\/\\\/nebraskademocrats.org\\\/#website\"},\"primaryImageOfPage\":{\"@id\":\"https:\\\/\\\/nebraskademocrats.org\\\/zh\\\/blog\\\/ndp-hosting-salute-to-state-senators\\\/#primaryimage\"},\"image\":{\"@id\":\"https:\\\/\\\/nebraskademocrats.org\\\/zh\\\/blog\\\/ndp-hosting-salute-to-state-senators\\\/#primaryimage\"},\"thumbnailUrl\":\"https:\\\/\\\/nebraskadem.wpenginepowered.com\\\/wp-content\\\/uploads\\\/2019\\\/01\\\/NEBDEMS_Salute-to-Senators-2019_Facebook-Cover-1.png\",\"datePublished\":\"2019-01-17T15:01:21+00:00\",\"dateModified\":\"2019-04-06T20:15:24+00:00\",\"breadcrumb\":{\"@id\":\"https:\\\/\\\/nebraskademocrats.org\\\/zh\\\/blog\\\/ndp-hosting-salute-to-state-senators\\\/#breadcrumb\"},\"inLanguage\":\"es\",\"potentialAction\":[{\"@type\":\"ReadAction\",\"target\":[\"https:\\\/\\\/nebraskademocrats.org\\\/zh\\\/blog\\\/ndp-hosting-salute-to-state-senators\\\/\"]}]},{\"@type\":\"ImageObject\",\"inLanguage\":\"es\",\"@id\":\"https:\\\/\\\/nebraskademocrats.org\\\/zh\\\/blog\\\/ndp-hosting-salute-to-state-senators\\\/#primaryimage\",\"url\":\"https:\\\/\\\/nebraskadem.wpenginepowered.com\\\/wp-content\\\/uploads\\\/2019\\\/01\\\/NEBDEMS_Salute-to-Senators-2019_Facebook-Cover-1.png\",\"contentUrl\":\"https:\\\/\\\/nebraskadem.wpenginepowered.com\\\/wp-content\\\/uploads\\\/2019\\\/01\\\/NEBDEMS_Salute-to-Senators-2019_Facebook-Cover-1.png\"},{\"@type\":\"BreadcrumbList\",\"@id\":\"https:\\\/\\\/nebraskademocrats.org\\\/zh\\\/blog\\\/ndp-hosting-salute-to-state-senators\\\/#breadcrumb\",\"itemListElement\":[{\"@type\":\"ListItem\",\"position\":1,\"name\":\"Home\",\"item\":\"https:\\\/\\\/nebraskademocrats.org\\\/\"},{\"@type\":\"ListItem\",\"position\":2,\"name\":\"NDP Hosting Salute to State Senators on April 8\"}]},{\"@type\":\"WebSite\",\"@id\":\"https:\\\/\\\/nebraskademocrats.org\\\/#website\",\"url\":\"https:\\\/\\\/nebraskademocrats.org\\\/\",\"name\":\"Nebraska Democratic Party\",\"description\":\"Growing the Good Life for All Nebraskans\",\"publisher\":{\"@id\":\"https:\\\/\\\/nebraskademocrats.org\\\/#organization\"},\"potentialAction\":[{\"@type\":\"SearchAction\",\"target\":{\"@type\":\"EntryPoint\",\"urlTemplate\":\"https:\\\/\\\/nebraskademocrats.org\\\/?s={search_term_string}\"},\"query-input\":{\"@type\":\"PropertyValueSpecification\",\"valueRequired\":true,\"valueName\":\"search_term_string\"}}],\"inLanguage\":\"es\"},{\"@type\":\"Organization\",\"@id\":\"https:\\\/\\\/nebraskademocrats.org\\\/#organization\",\"name\":\"Nebraska Democratic Party\",\"url\":\"https:\\\/\\\/nebraskademocrats.org\\\/\",\"logo\":{\"@type\":\"ImageObject\",\"inLanguage\":\"es\",\"@id\":\"https:\\\/\\\/nebraskademocrats.org\\\/#\\\/schema\\\/logo\\\/image\\\/\",\"url\":\"https:\\\/\\\/nebraskadem.wpenginepowered.com\\\/wp-content\\\/uploads\\\/2016\\\/05\\\/NDP2.jpg\",\"contentUrl\":\"https:\\\/\\\/nebraskadem.wpenginepowered.com\\\/wp-content\\\/uploads\\\/2016\\\/05\\\/NDP2.jpg\",\"width\":1000,\"height\":396,\"caption\":\"Nebraska Democratic Party\"},\"image\":{\"@id\":\"https:\\\/\\\/nebraskademocrats.org\\\/#\\\/schema\\\/logo\\\/image\\\/\"},\"sameAs\":[\"https:\\\/\\\/www.facebook.com\\\/NebraskaDemocraticParty\\\/\",\"https:\\\/\\\/x.com\\\/nebraskadems\"]},{\"@type\":\"Person\",\"@id\":\"https:\\\/\\\/nebraskademocrats.org\\\/#\\\/schema\\\/person\\\/33e011ea0795f404810dc40828bcf289\",\"name\":\"Precious McKesson\",\"image\":{\"@type\":\"ImageObject\",\"inLanguage\":\"es\",\"@id\":\"https:\\\/\\\/secure.gravatar.com\\\/avatar\\\/35046e19b3373116ec64c07d386d3312028d3820dc0ffe65c344bcebc8ea9194?s=96&d=mm&r=g\",\"url\":\"https:\\\/\\\/secure.gravatar.com\\\/avatar\\\/35046e19b3373116ec64c07d386d3312028d3820dc0ffe65c344bcebc8ea9194?s=96&d=mm&r=g\",\"contentUrl\":\"https:\\\/\\\/secure.gravatar.com\\\/avatar\\\/35046e19b3373116ec64c07d386d3312028d3820dc0ffe65c344bcebc8ea9194?s=96&d=mm&r=g\",\"caption\":\"Precious McKesson\"}}]}<\/script>\n<!-- \/ Yoast SEO plugin. -->","yoast_head_json":{"title":"NDP Hosting Salute to State Senators on April 8 &#8211; Nebraska Democratic Party","robots":{"index":"index","follow":"follow","max-snippet":"max-snippet:-1","max-image-preview":"max-image-preview:large","max-video-preview":"max-video-preview:-1"},"canonical":"https:\/\/nebraskademocrats.org\/es\/blog\/ndp-hosting-salute-to-state-senators\/","og_locale":"es_MX","og_type":"article","og_title":"NDP Hosting Salute to State Senators on April 8 &#8211; Nebraska Democratic Party","og_description":"Salute to State Senators Monday, April 8 from 6-8 p.m. Innovation Center,\u00a02021 Transformation Dr, Lincoln, NE The Nebraska Democratic Party is hosting our annual Salute to State Senators event.\u00a0The event includes dinner, drinks and live music with Mike and Kerry Semrad of the Bottletops. The rockstar theme, &#8220;For Those Who Write The Bills, We Salute ... Read more","og_url":"https:\/\/nebraskademocrats.org\/es\/blog\/ndp-hosting-salute-to-state-senators\/","og_site_name":"Nebraska Democratic Party","article_publisher":"https:\/\/www.facebook.com\/NebraskaDemocraticParty\/","article_published_time":"2019-01-17T15:01:21+00:00","article_modified_time":"2019-04-06T20:15:24+00:00","og_image":[{"url":"https:\/\/nebraskadem.wpenginepowered.com\/wp-content\/uploads\/2019\/01\/NEBDEMS_Salute-to-Senators-2019_Facebook-Cover-1.png","type":"","width":"","height":""}],"author":"Precious McKesson","twitter_card":"summary_large_image","twitter_creator":"@nebraskadems","twitter_site":"@nebraskadems","twitter_misc":{"Escrito por":"Precious McKesson","Tiempo de lectura":"1 minuto"},"schema":{"@context":"https:\/\/schema.org","@graph":[{"@type":"Article","@id":"https:\/\/nebraskademocrats.org\/zh\/blog\/ndp-hosting-salute-to-state-senators\/#article","isPartOf":{"@id":"https:\/\/nebraskademocrats.org\/zh\/blog\/ndp-hosting-salute-to-state-senators\/"},"author":{"name":"Precious McKesson","@id":"https:\/\/nebraskademocrats.org\/#\/schema\/person\/33e011ea0795f404810dc40828bcf289"},"headline":"NDP Hosting Salute to State Senators on April 8","datePublished":"2019-01-17T15:01:21+00:00","dateModified":"2019-04-06T20:15:24+00:00","mainEntityOfPage":{"@id":"https:\/\/nebraskademocrats.org\/zh\/blog\/ndp-hosting-salute-to-state-senators\/"},"wordCount":235,"publisher":{"@id":"https:\/\/nebraskademocrats.org\/#organization"},"image":{"@id":"https:\/\/nebraskademocrats.org\/zh\/blog\/ndp-hosting-salute-to-state-senators\/#primaryimage"},"thumbnailUrl":"https:\/\/nebraskadem.wpenginepowered.com\/wp-content\/uploads\/2019\/01\/NEBDEMS_Salute-to-Senators-2019_Facebook-Cover-1.png","articleSection":["NDP Blog"],"inLanguage":"es"},{"@type":"WebPage","@id":"https:\/\/nebraskademocrats.org\/zh\/blog\/ndp-hosting-salute-to-state-senators\/","url":"https:\/\/nebraskademocrats.org\/zh\/blog\/ndp-hosting-salute-to-state-senators\/","name":"NDP Hosting Salute to State Senators on April 8 &#8211; Nebraska Democratic Party","isPartOf":{"@id":"https:\/\/nebraskademocrats.org\/#website"},"primaryImageOfPage":{"@id":"https:\/\/nebraskademocrats.org\/zh\/blog\/ndp-hosting-salute-to-state-senators\/#primaryimage"},"image":{"@id":"https:\/\/nebraskademocrats.org\/zh\/blog\/ndp-hosting-salute-to-state-senators\/#primaryimage"},"thumbnailUrl":"https:\/\/nebraskadem.wpenginepowered.com\/wp-content\/uploads\/2019\/01\/NEBDEMS_Salute-to-Senators-2019_Facebook-Cover-1.png","datePublished":"2019-01-17T15:01:21+00:00","dateModified":"2019-04-06T20:15:24+00:00","breadcrumb":{"@id":"https:\/\/nebraskademocrats.org\/zh\/blog\/ndp-hosting-salute-to-state-senators\/#breadcrumb"},"inLanguage":"es","potentialAction":[{"@type":"ReadAction","target":["https:\/\/nebraskademocrats.org\/zh\/blog\/ndp-hosting-salute-to-state-senators\/"]}]},{"@type":"ImageObject","inLanguage":"es","@id":"https:\/\/nebraskademocrats.org\/zh\/blog\/ndp-hosting-salute-to-state-senators\/#primaryimage","url":"https:\/\/nebraskadem.wpenginepowered.com\/wp-content\/uploads\/2019\/01\/NEBDEMS_Salute-to-Senators-2019_Facebook-Cover-1.png","contentUrl":"https:\/\/nebraskadem.wpenginepowered.com\/wp-content\/uploads\/2019\/01\/NEBDEMS_Salute-to-Senators-2019_Facebook-Cover-1.png"},{"@type":"BreadcrumbList","@id":"https:\/\/nebraskademocrats.org\/zh\/blog\/ndp-hosting-salute-to-state-senators\/#breadcrumb","itemListElement":[{"@type":"ListItem","position":1,"name":"Home","item":"https:\/\/nebraskademocrats.org\/"},{"@type":"ListItem","position":2,"name":"NDP Hosting Salute to State Senators on April 8"}]},{"@type":"WebSite","@id":"https:\/\/nebraskademocrats.org\/#website","url":"https:\/\/nebraskademocrats.org\/","name":"Partido Dem\u00f3crata de Nebraska","description":"Cultivando la buena vida para todos los nebraskenses","publisher":{"@id":"https:\/\/nebraskademocrats.org\/#organization"},"potentialAction":[{"@type":"SearchAction","target":{"@type":"EntryPoint","urlTemplate":"https:\/\/nebraskademocrats.org\/?s={search_term_string}"},"query-input":{"@type":"PropertyValueSpecification","valueRequired":true,"valueName":"search_term_string"}}],"inLanguage":"es"},{"@type":"Organization","@id":"https:\/\/nebraskademocrats.org\/#organization","name":"Partido Dem\u00f3crata de Nebraska","url":"https:\/\/nebraskademocrats.org\/","logo":{"@type":"ImageObject","inLanguage":"es","@id":"https:\/\/nebraskademocrats.org\/#\/schema\/logo\/image\/","url":"https:\/\/nebraskadem.wpenginepowered.com\/wp-content\/uploads\/2016\/05\/NDP2.jpg","contentUrl":"https:\/\/nebraskadem.wpenginepowered.com\/wp-content\/uploads\/2016\/05\/NDP2.jpg","width":1000,"height":396,"caption":"Nebraska Democratic Party"},"image":{"@id":"https:\/\/nebraskademocrats.org\/#\/schema\/logo\/image\/"},"sameAs":["https:\/\/www.facebook.com\/NebraskaDemocraticParty\/","https:\/\/x.com\/nebraskadems"]},{"@type":"Person","@id":"https:\/\/nebraskademocrats.org\/#\/schema\/person\/33e011ea0795f404810dc40828bcf289","name":"Precioso McKesson","image":{"@type":"ImageObject","inLanguage":"es","@id":"https:\/\/secure.gravatar.com\/avatar\/35046e19b3373116ec64c07d386d3312028d3820dc0ffe65c344bcebc8ea9194?s=96&d=mm&r=g","url":"https:\/\/secure.gravatar.com\/avatar\/35046e19b3373116ec64c07d386d3312028d3820dc0ffe65c344bcebc8ea9194?s=96&d=mm&r=g","contentUrl":"https:\/\/secure.gravatar.com\/avatar\/35046e19b3373116ec64c07d386d3312028d3820dc0ffe65c344bcebc8ea9194?s=96&d=mm&r=g","caption":"Precious McKesson"}}]}},"_links":{"self":[{"href":"https:\/\/nebraskademocrats.org\/es\/wp-json\/wp\/v2\/posts\/7145","targetHints":{"allow":["GET"]}}],"collection":[{"href":"https:\/\/nebraskademocrats.org\/es\/wp-json\/wp\/v2\/posts"}],"about":[{"href":"https:\/\/nebraskademocrats.org\/es\/wp-json\/wp\/v2\/types\/post"}],"author":[{"embeddable":true,"href":"https:\/\/nebraskademocrats.org\/es\/wp-json\/wp\/v2\/users\/19"}],"replies":[{"embeddable":true,"href":"https:\/\/nebraskademocrats.org\/es\/wp-json\/wp\/v2\/comments?post=7145"}],"version-history":[{"count":0,"href":"https:\/\/nebraskademocrats.org\/es\/wp-json\/wp\/v2\/posts\/7145\/revisions"}],"wp:attachment":[{"href":"https:\/\/nebraskademocrats.org\/es\/wp-json\/wp\/v2\/media?parent=7145"}],"wp:term":[{"taxonomy":"category","embeddable":true,"href":"https:\/\/nebraskademocrats.org\/es\/wp-json\/wp\/v2\/categories?post=7145"},{"taxonomy":"post_tag","embeddable":true,"href":"https:\/\/nebraskademocrats.org\/es\/wp-json\/wp\/v2\/tags?post=7145"}],"curies":[{"name":"wp","href":"https:\/\/api.w.org\/{rel}","templated":true}]}}