{"id":7854,"date":"2019-02-15T14:58:21","date_gmt":"2019-02-15T20:58:21","guid":{"rendered":"https:\/\/nebraskadem.wpenginepowered.com\/?p=7456"},"modified":"2019-02-15T14:58:21","modified_gmt":"2019-02-15T20:58:21","slug":"trumps-fake-emergency-and-more-nebdems-news","status":"publish","type":"post","link":"https:\/\/nebraskademocrats.org\/es\/blog\/trumps-fake-emergency-and-more-nebdems-news\/","title":{"rendered":"La emergencia falsa de Trump y m\u00e1s - #NebDems News"},"content":{"rendered":"<p>Bueno, los legisladores hicieron su trabajo y aprobaron leyes para evitar otro cierre del gobierno federal solo para ver que el berrinche de Trump contin\u00faa cuando declar\u00f3 una emergencia nacional en la frontera de M\u00e9xico con Estados Unidos.<\/p>\n<p>&quot;Trump declara una emergencia nacional en un muro que prometi\u00f3 que M\u00e9xico pagar\u00eda y ahora se va de DC a su club de campo&quot;, dijo la presidenta del NDP, Jane Kleeb. &quot;Suena m\u00e1s como un truco de campa\u00f1a para alimentar con carne roja a su base que un gobierno responsable&quot;.<\/p>\n<p>La obsesi\u00f3n evolutiva de Trump con nuestra frontera sur y su exigencia de que la asegur\u00e1ramos con un muro, listones de acero, barrera o &quot;como quieras llamarlo&quot; fue\u00a0<a href=\"https:\/\/www.nytimes.com\/interactive\/2019\/02\/13\/upshot\/detailed-timeline-trumps-words-border-wall.html?action=click&amp;module=Top%20Stories&amp;pgtype=Homepage\"><strong>detallado por The New York Times<\/strong><\/a>\u00a0en un gr\u00e1fico interactivo asombroso.<\/p>\n<figure><img decoding=\"async\" class=\"aligncenter\" src=\"https:\/\/can2-prod.s3.amazonaws.com\/uploads\/data\/000\/259\/266\/original\/Screenshot_(3).png\" width=\"1366\" \/><\/figure>\n<p>Antes de convertirse en el candidato republicano, Trump rara vez se meti\u00f3 en detalles al decir que M\u00e9xico pagar\u00eda por un muro; \u00e9l simplemente asegur\u00f3 a sus seguidores que lo har\u00eda. Ning\u00fan problema estuvo m\u00e1s asociado con su candidatura que la inmigraci\u00f3n, y el muro fronterizo fue la pieza central de ese tema.<\/p>\n<p>Despu\u00e9s de las elecciones, Trump continu\u00f3 insistiendo en que M\u00e9xico pagar\u00eda el muro, pero comenz\u00f3 a calificar que lo har\u00eda &quot;al final&quot;, &quot;en \u00faltima instancia&quot;, &quot;indirectamente&quot; o mediante un reembolso.<\/p>\n<p style=\"text-align: center;\">***<\/p>\n<p>Noticias inquietantes esta semana de que un camar\u00f3grafo de la BBC fue atacado en el mitin de &quot;Finish the Wall&quot; de Trump en El Paso, Texas.<\/p>\n<p>El feo incidente llam\u00f3 la atenci\u00f3n del venerable\u00a0<a href=\"https:\/\/www.esquire.com\/news-politics\/politics\/a26304061\/donald-trump-el-paso-rally\/\"><strong>Charles Pierce de Esquire<\/strong><\/a><strong>,<\/strong>\u00a0quien escribi\u00f3:<\/p>\n<p><em>\u201cNadie que haya asistido a uno de estos enojados wankfests puede sorprenderse de que esto haya sucedido. Esto es especialmente cierto para cualquiera que haya pasado tiempo en los corrales de prensa que se colocan estrat\u00e9gicamente en la parte posterior para que el presidente * pueda dirigir la ira de sus seguidores hacia ellos f\u00e1cilmente. Demonios, Katy Tur de NBC News tuvo que hacer que el Servicio Secreto la sacara del edificio en uno de estos. El potencial obvio para la violencia es una de las cosas que llena las arenas, y los miembros de los medios son los objetivos obvios (y perennes) &quot;.<\/em><\/p>\n<p><img decoding=\"async\" class=\"aligncenter\" title=\"\" src=\"https:\/\/can2-prod.s3.amazonaws.com\/uploads\/data\/000\/259\/270\/original\/Wall.jpg\" alt=\"\" width=\"450\" align=\"center\" \/><\/p>\n<p style=\"text-align: center;\">***<\/p>\n<p><a href=\"https:\/\/www.ketv.com\/article\/uno-professor-community-activist-recovers-from-stroke\/26240855\"><strong>KETV hizo una buena pieza<\/strong><\/a>\u00a0en NDP 2nd Associate\u00a0<strong>Silla Preston Love Jr<\/strong>., un conocido profesor de la ONU y activista comunitario que se est\u00e1 recuperando despu\u00e9s de sufrir un derrame cerebral el mes pasado. &quot;Tengo mucho hormigueo residual, entumecimiento y falta de coordinaci\u00f3n&quot;, dijo Love. Estaba conduciendo cuando comenz\u00f3 a experimentar s\u00edntomas. El lado izquierdo de su cuerpo comenz\u00f3 a sentirse entumecido. Cuando lleg\u00f3 a casa, apenas pod\u00eda caminar.<\/p>\n<p>Es bueno ver que se est\u00e1 recuperando.<\/p>\n<p style=\"text-align: center;\">***<\/p>\n<p>los\u00a0<a href=\"https:\/\/www.nytimes.com\/2019\/02\/15\/us\/politics\/national-debt-trump.html\"><strong>F<\/strong><strong>la deuda financiera alcanz\u00f3 $22 TRILLION<\/strong><\/a>\u00a0Esta semana, que es horrible.<\/p>\n<p><strong>Representantes republicanos Bacon, Fortenberry y Smith<\/strong>\u00a0junto con\u00a0<strong>Sens. Sasse y Fischer<\/strong>\u00a0vot\u00f3 por la estafa tributaria republicana que empeor\u00f3 este desastre.<\/p>\n<p>La pr\u00f3xima vez que los veas, di gracias. Para nada.<\/p>\n<p><img decoding=\"async\" class=\"aligncenter\" title=\"\" src=\"https:\/\/can2-prod.s3.amazonaws.com\/uploads\/data\/000\/259\/275\/original\/15DC-DEBT-jumbo.jpg\" alt=\"\" width=\"450\" align=\"center\" \/><\/p>\n<p style=\"text-align: center;\">***<\/p>\n<p>Un\u00a0<a href=\"https:\/\/youtu.be\/Ts9iXe0Te24\"><strong>video inspirador de la campa\u00f1a<\/strong><\/a>\u00a0del ex astronauta de la NASA\u00a0<strong>Mark Kelly<\/strong>, que se postula como dem\u00f3crata para el Senado de los Estados Unidos en Arizona.<\/p>\n<p>Kelly, de 54 a\u00f1os, es el esposo de la ex\u00a0<strong>Rep. Gabby Giffords<\/strong>, D-Arizona, quien sobrevivi\u00f3 a un tiroteo en 2011. Los dos aparecieron juntos en el video del anuncio de Kelly, relatando ese per\u00edodo dif\u00edcil en sus vidas y la rehabilitaci\u00f3n de Giffords de la herida de bala.<\/p>\n<p>Vale la pena verlo.<\/p>\n<p style=\"text-align: center;\">***<\/p>\n<p>D\u00e9jalo en manos del republicano\u00a0<strong>El Gobernador Pete Ricketts &quot;Gosh my Dad&#039;s Rich&quot;<\/strong>\u00a0para tratar de inyectar sus puntos de vista sobre el aborto en la cuenta del presupuesto estatal.<\/p>\n<p><a href=\"https:\/\/journalstar.com\/legislature\/senators-vote-to-leave-abortion-funding-provision-out-of-budget\/article_c645628f-91d6-5897-9dc3-f39d1dc69cce.html\"><strong>The Lincoln Journal Star inform\u00f3<\/strong><\/a>\u00a0que cuando el Comit\u00e9 de Asignaciones de la Legislatura de Nebraska redacte su proyecto de ley de presupuesto en esta sesi\u00f3n, no incluir\u00e1 una disposici\u00f3n relacionada con el financiamiento del T\u00edtulo X de las cl\u00ednicas de planificaci\u00f3n familiar que realizan o derivan pacientes para abortos.<\/p>\n<p>La mayor\u00eda del comit\u00e9 vot\u00f3 en contra de una moci\u00f3n el martes para incluir el lenguaje que el gobernador Pete Ricketts puso en su propuesta de presupuesto. Ricketts respondi\u00f3 el martes por la noche que, dado lo que est\u00e1 sucediendo en otros estados con una legislaci\u00f3n para aflojar las restricciones sobre los abortos tard\u00edos, &quot;la decisi\u00f3n de eliminar el lenguaje pro vida del presupuesto de este a\u00f1o es especialmente espantosa&quot;.<\/p>\n<p>Lo terrible, Pete, es que lo pones en el presupuesto en primer lugar.<\/p>\n<p style=\"text-align: center;\">***<\/p>\n<p>En caso que te lo hayas perdido,<a href=\"https:\/\/nebraskadem.wpenginepowered.com\/blog\/dnc-announces-details-for-the-first-two-presidential-primary-debates\/\">\u00a0<strong>El DNC public\u00f3 detalles de los debates primarios presidenciales dem\u00f3cratas de 2020.<\/strong><\/a><\/p>\n<p>Presidente de DNC\u00a0<strong>Tom Perez<\/strong>\u00a0dijo que los objetivos para los debates son (1) dar a las bases una voz m\u00e1s grande que nunca; (2) exhibir a nuestros candidatos en una variedad de plataformas de medios; (3) presentar una oportunidad para una discusi\u00f3n vigorosa sobre temas, ideas y soluciones; y (4) llegar a tantos votantes potenciales como sea posible.<\/p>\n<p>P\u00e9rez anunci\u00f3 12 debates primarios presidenciales que se celebrar\u00e1n en el transcurso del ciclo 2020, y los dos primeros se realizar\u00e1n en junio y julio de 2019.<\/p>\n<p style=\"text-align: center;\">***<\/p>\n<p>Cerramos esta semana con el pensamiento tranquilizador de que\u00a0<strong>Consejero Especial Robert Mueller III<\/strong>\u00a0est\u00e1 marchando obedientemente haciendo su trabajo, como nos lo record\u00f3 <strong>Trajes de julia<\/strong> de The New Yorker.<\/p>\n<p><img decoding=\"async\" class=\"aligncenter\" title=\"\" src=\"https:\/\/can2-prod.s3.amazonaws.com\/uploads\/data\/000\/259\/278\/original\/cartoon.jpg\" alt=\"\" width=\"450\" align=\"center\" \/><\/p>\n<p>\u2013Por Kevin O&#039;Hanlon \/ Director de comunicaciones de NDP<\/p>\n<div><\/div>\n<p style=\"text-align: center;\"><strong>###<\/strong><\/p>\n<p><strong>FECHAS IMPORTANTES<\/strong><\/p>\n<p><strong>23 de febrero:<\/strong>\u00a0<a href=\"https:\/\/www.facebook.com\/events\/1205579942953720\/\">Entrenamiento de NDP: registro de votantes, educaci\u00f3n de votantes, voto por correo<\/a><\/p>\n<p><strong>9 de marzo:<\/strong>\u00a0<a href=\"https:\/\/www.facebook.com\/events\/233606117557338\/\">Entrenamiento NDP: Entrenamiento de Inter\u00e9s Candidato<\/a><\/p>\n<p><strong>10 de marzo:<\/strong>\u00a0<a href=\"https:\/\/www.facebook.com\/events\/1958691124425442\">Entrenamiento NDP: Entrenamiento de Capit\u00e1n de Bloque<\/a><\/p>\n<p><strong>29-31 de marzo:<\/strong>\u00a0<a href=\"https:\/\/www.facebook.com\/events\/317321469124318\/\">Reuni\u00f3n del Comit\u00e9 Central del Estado, Capacitaciones y Reuniones de Caucus<\/a><\/p>\n<p><strong>Abril 8:<\/strong>\u00a0<a href=\"https:\/\/www.facebook.com\/events\/264553561052651\/\">Saludo del NDP a los senadores estatales<\/a><\/p>\n<p><strong>9 de abril<\/strong>\u00a0Elecci\u00f3n primaria de la ciudad de Lincoln<\/p>\n<p><strong>Mayo 7:<\/strong>\u00a0Elecci\u00f3n general de la ciudad de Lincoln<\/p>\n<p>&nbsp;<\/p>","protected":false},"excerpt":{"rendered":"<p>Well, lawmakers did their job and passed legislation to avert another shutdown of the federal government only to see Trump\u2019s temper tantrum continue when he declared a national emergency at the U.S. Mexico border. \u201cTrump declares a national emergency on a wall he promised Mexico would pay for and now is leaving D.C. for his &#8230; <a title=\"Trump&#8217;s Fake Emergency and more &#8211; #NebDems News\" class=\"read-more\" href=\"https:\/\/nebraskademocrats.org\/es\/blog\/trumps-fake-emergency-and-more-nebdems-news\/\" aria-label=\"More on Trump&#8217;s Fake Emergency and more &#8211; #NebDems News\">Lee mas<\/a><\/p>","protected":false},"author":19,"featured_media":0,"comment_status":"closed","ping_status":"closed","sticky":false,"template":"","format":"standard","meta":{"_acf_changed":false,"_exactmetrics_skip_tracking":false,"_exactmetrics_sitenote_active":false,"_exactmetrics_sitenote_note":"","_exactmetrics_sitenote_category":0,"footnotes":""},"categories":[1],"tags":[],"class_list":["post-7854","post","type-post","status-publish","format-standard","hentry","category-blog"],"acf":[],"yoast_head":"<!-- This site is optimized with the Yoast SEO plugin v27.4 - https:\/\/yoast.com\/product\/yoast-seo-wordpress\/ -->\n<title>Trump&#039;s Fake Emergency and more - #NebDems News &#8211; Nebraska Democratic Party<\/title>\n<meta name=\"robots\" content=\"index, follow, max-snippet:-1, max-image-preview:large, max-video-preview:-1\" \/>\n<link rel=\"canonical\" href=\"https:\/\/nebraskademocrats.org\/es\/blog\/trumps-fake-emergency-and-more-nebdems-news\/\" \/>\n<meta property=\"og:locale\" content=\"es_MX\" \/>\n<meta property=\"og:type\" content=\"article\" \/>\n<meta property=\"og:title\" content=\"Trump&#039;s Fake Emergency and more - #NebDems News &#8211; Nebraska Democratic Party\" \/>\n<meta property=\"og:description\" content=\"Well, lawmakers did their job and passed legislation to avert another shutdown of the federal government only to see Trump\u2019s temper tantrum continue when he declared a national emergency at the U.S. Mexico border. \u201cTrump declares a national emergency on a wall he promised Mexico would pay for and now is leaving D.C. for his ... Read more\" \/>\n<meta property=\"og:url\" content=\"https:\/\/nebraskademocrats.org\/es\/blog\/trumps-fake-emergency-and-more-nebdems-news\/\" \/>\n<meta property=\"og:site_name\" content=\"Nebraska Democratic Party\" \/>\n<meta property=\"article:publisher\" content=\"https:\/\/www.facebook.com\/NebraskaDemocraticParty\/\" \/>\n<meta property=\"article:published_time\" content=\"2019-02-15T20:58:21+00:00\" \/>\n<meta property=\"og:image\" content=\"https:\/\/can2-prod.s3.amazonaws.com\/uploads\/data\/000\/259\/266\/original\/Screenshot_(3).png\" \/>\n<meta name=\"author\" content=\"Precious McKesson\" \/>\n<meta name=\"twitter:card\" content=\"summary_large_image\" \/>\n<meta name=\"twitter:creator\" content=\"@nebraskadems\" \/>\n<meta name=\"twitter:site\" content=\"@nebraskadems\" \/>\n<meta name=\"twitter:label1\" content=\"Escrito por\" \/>\n\t<meta name=\"twitter:data1\" content=\"Precious McKesson\" \/>\n\t<meta name=\"twitter:label2\" content=\"Tiempo de lectura\" \/>\n\t<meta name=\"twitter:data2\" content=\"4 minutos\" \/>\n<script type=\"application\/ld+json\" class=\"yoast-schema-graph\">{\"@context\":\"https:\\\/\\\/schema.org\",\"@graph\":[{\"@type\":\"Article\",\"@id\":\"https:\\\/\\\/nebraskademocrats.org\\\/blog\\\/trumps-fake-emergency-and-more-nebdems-news\\\/#article\",\"isPartOf\":{\"@id\":\"https:\\\/\\\/nebraskademocrats.org\\\/blog\\\/trumps-fake-emergency-and-more-nebdems-news\\\/\"},\"author\":{\"name\":\"Precious McKesson\",\"@id\":\"https:\\\/\\\/nebraskademocrats.org\\\/#\\\/schema\\\/person\\\/33e011ea0795f404810dc40828bcf289\"},\"headline\":\"Trump&#8217;s Fake Emergency and more &#8211; #NebDems News\",\"datePublished\":\"2019-02-15T20:58:21+00:00\",\"mainEntityOfPage\":{\"@id\":\"https:\\\/\\\/nebraskademocrats.org\\\/blog\\\/trumps-fake-emergency-and-more-nebdems-news\\\/\"},\"wordCount\":842,\"publisher\":{\"@id\":\"https:\\\/\\\/nebraskademocrats.org\\\/#organization\"},\"image\":{\"@id\":\"https:\\\/\\\/nebraskademocrats.org\\\/blog\\\/trumps-fake-emergency-and-more-nebdems-news\\\/#primaryimage\"},\"thumbnailUrl\":\"https:\\\/\\\/can2-prod.s3.amazonaws.com\\\/uploads\\\/data\\\/000\\\/259\\\/266\\\/original\\\/Screenshot_(3).png\",\"articleSection\":[\"NDP Blog\"],\"inLanguage\":\"es\"},{\"@type\":\"WebPage\",\"@id\":\"https:\\\/\\\/nebraskademocrats.org\\\/blog\\\/trumps-fake-emergency-and-more-nebdems-news\\\/\",\"url\":\"https:\\\/\\\/nebraskademocrats.org\\\/blog\\\/trumps-fake-emergency-and-more-nebdems-news\\\/\",\"name\":\"Trump's Fake Emergency and more - #NebDems News &#8211; Nebraska Democratic Party\",\"isPartOf\":{\"@id\":\"https:\\\/\\\/nebraskademocrats.org\\\/#website\"},\"primaryImageOfPage\":{\"@id\":\"https:\\\/\\\/nebraskademocrats.org\\\/blog\\\/trumps-fake-emergency-and-more-nebdems-news\\\/#primaryimage\"},\"image\":{\"@id\":\"https:\\\/\\\/nebraskademocrats.org\\\/blog\\\/trumps-fake-emergency-and-more-nebdems-news\\\/#primaryimage\"},\"thumbnailUrl\":\"https:\\\/\\\/can2-prod.s3.amazonaws.com\\\/uploads\\\/data\\\/000\\\/259\\\/266\\\/original\\\/Screenshot_(3).png\",\"datePublished\":\"2019-02-15T20:58:21+00:00\",\"breadcrumb\":{\"@id\":\"https:\\\/\\\/nebraskademocrats.org\\\/blog\\\/trumps-fake-emergency-and-more-nebdems-news\\\/#breadcrumb\"},\"inLanguage\":\"es\",\"potentialAction\":[{\"@type\":\"ReadAction\",\"target\":[\"https:\\\/\\\/nebraskademocrats.org\\\/blog\\\/trumps-fake-emergency-and-more-nebdems-news\\\/\"]}]},{\"@type\":\"ImageObject\",\"inLanguage\":\"es\",\"@id\":\"https:\\\/\\\/nebraskademocrats.org\\\/blog\\\/trumps-fake-emergency-and-more-nebdems-news\\\/#primaryimage\",\"url\":\"https:\\\/\\\/can2-prod.s3.amazonaws.com\\\/uploads\\\/data\\\/000\\\/259\\\/266\\\/original\\\/Screenshot_(3).png\",\"contentUrl\":\"https:\\\/\\\/can2-prod.s3.amazonaws.com\\\/uploads\\\/data\\\/000\\\/259\\\/266\\\/original\\\/Screenshot_(3).png\"},{\"@type\":\"BreadcrumbList\",\"@id\":\"https:\\\/\\\/nebraskademocrats.org\\\/blog\\\/trumps-fake-emergency-and-more-nebdems-news\\\/#breadcrumb\",\"itemListElement\":[{\"@type\":\"ListItem\",\"position\":1,\"name\":\"Home\",\"item\":\"https:\\\/\\\/nebraskademocrats.org\\\/\"},{\"@type\":\"ListItem\",\"position\":2,\"name\":\"Trump&#8217;s Fake Emergency and more &#8211; #NebDems News\"}]},{\"@type\":\"WebSite\",\"@id\":\"https:\\\/\\\/nebraskademocrats.org\\\/#website\",\"url\":\"https:\\\/\\\/nebraskademocrats.org\\\/\",\"name\":\"Nebraska Democratic Party\",\"description\":\"Growing the Good Life for All Nebraskans\",\"publisher\":{\"@id\":\"https:\\\/\\\/nebraskademocrats.org\\\/#organization\"},\"potentialAction\":[{\"@type\":\"SearchAction\",\"target\":{\"@type\":\"EntryPoint\",\"urlTemplate\":\"https:\\\/\\\/nebraskademocrats.org\\\/?s={search_term_string}\"},\"query-input\":{\"@type\":\"PropertyValueSpecification\",\"valueRequired\":true,\"valueName\":\"search_term_string\"}}],\"inLanguage\":\"es\"},{\"@type\":\"Organization\",\"@id\":\"https:\\\/\\\/nebraskademocrats.org\\\/#organization\",\"name\":\"Nebraska Democratic Party\",\"url\":\"https:\\\/\\\/nebraskademocrats.org\\\/\",\"logo\":{\"@type\":\"ImageObject\",\"inLanguage\":\"es\",\"@id\":\"https:\\\/\\\/nebraskademocrats.org\\\/#\\\/schema\\\/logo\\\/image\\\/\",\"url\":\"https:\\\/\\\/nebraskadem.wpenginepowered.com\\\/wp-content\\\/uploads\\\/2016\\\/05\\\/NDP2.jpg\",\"contentUrl\":\"https:\\\/\\\/nebraskadem.wpenginepowered.com\\\/wp-content\\\/uploads\\\/2016\\\/05\\\/NDP2.jpg\",\"width\":1000,\"height\":396,\"caption\":\"Nebraska Democratic Party\"},\"image\":{\"@id\":\"https:\\\/\\\/nebraskademocrats.org\\\/#\\\/schema\\\/logo\\\/image\\\/\"},\"sameAs\":[\"https:\\\/\\\/www.facebook.com\\\/NebraskaDemocraticParty\\\/\",\"https:\\\/\\\/x.com\\\/nebraskadems\"]},{\"@type\":\"Person\",\"@id\":\"https:\\\/\\\/nebraskademocrats.org\\\/#\\\/schema\\\/person\\\/33e011ea0795f404810dc40828bcf289\",\"name\":\"Precious McKesson\",\"image\":{\"@type\":\"ImageObject\",\"inLanguage\":\"es\",\"@id\":\"https:\\\/\\\/secure.gravatar.com\\\/avatar\\\/35046e19b3373116ec64c07d386d3312028d3820dc0ffe65c344bcebc8ea9194?s=96&d=mm&r=g\",\"url\":\"https:\\\/\\\/secure.gravatar.com\\\/avatar\\\/35046e19b3373116ec64c07d386d3312028d3820dc0ffe65c344bcebc8ea9194?s=96&d=mm&r=g\",\"contentUrl\":\"https:\\\/\\\/secure.gravatar.com\\\/avatar\\\/35046e19b3373116ec64c07d386d3312028d3820dc0ffe65c344bcebc8ea9194?s=96&d=mm&r=g\",\"caption\":\"Precious McKesson\"}}]}<\/script>\n<!-- \/ Yoast SEO plugin. -->","yoast_head_json":{"title":"Trump's Fake Emergency and more - #NebDems News &#8211; Nebraska Democratic Party","robots":{"index":"index","follow":"follow","max-snippet":"max-snippet:-1","max-image-preview":"max-image-preview:large","max-video-preview":"max-video-preview:-1"},"canonical":"https:\/\/nebraskademocrats.org\/es\/blog\/trumps-fake-emergency-and-more-nebdems-news\/","og_locale":"es_MX","og_type":"article","og_title":"Trump's Fake Emergency and more - #NebDems News &#8211; Nebraska Democratic Party","og_description":"Well, lawmakers did their job and passed legislation to avert another shutdown of the federal government only to see Trump\u2019s temper tantrum continue when he declared a national emergency at the U.S. Mexico border. \u201cTrump declares a national emergency on a wall he promised Mexico would pay for and now is leaving D.C. for his ... Read more","og_url":"https:\/\/nebraskademocrats.org\/es\/blog\/trumps-fake-emergency-and-more-nebdems-news\/","og_site_name":"Nebraska Democratic Party","article_publisher":"https:\/\/www.facebook.com\/NebraskaDemocraticParty\/","article_published_time":"2019-02-15T20:58:21+00:00","og_image":[{"url":"https:\/\/can2-prod.s3.amazonaws.com\/uploads\/data\/000\/259\/266\/original\/Screenshot_(3).png","type":"","width":"","height":""}],"author":"Precious McKesson","twitter_card":"summary_large_image","twitter_creator":"@nebraskadems","twitter_site":"@nebraskadems","twitter_misc":{"Escrito por":"Precious McKesson","Tiempo de lectura":"4 minutos"},"schema":{"@context":"https:\/\/schema.org","@graph":[{"@type":"Article","@id":"https:\/\/nebraskademocrats.org\/blog\/trumps-fake-emergency-and-more-nebdems-news\/#article","isPartOf":{"@id":"https:\/\/nebraskademocrats.org\/blog\/trumps-fake-emergency-and-more-nebdems-news\/"},"author":{"name":"Precious McKesson","@id":"https:\/\/nebraskademocrats.org\/#\/schema\/person\/33e011ea0795f404810dc40828bcf289"},"headline":"Trump&#8217;s Fake Emergency and more &#8211; #NebDems News","datePublished":"2019-02-15T20:58:21+00:00","mainEntityOfPage":{"@id":"https:\/\/nebraskademocrats.org\/blog\/trumps-fake-emergency-and-more-nebdems-news\/"},"wordCount":842,"publisher":{"@id":"https:\/\/nebraskademocrats.org\/#organization"},"image":{"@id":"https:\/\/nebraskademocrats.org\/blog\/trumps-fake-emergency-and-more-nebdems-news\/#primaryimage"},"thumbnailUrl":"https:\/\/can2-prod.s3.amazonaws.com\/uploads\/data\/000\/259\/266\/original\/Screenshot_(3).png","articleSection":["NDP Blog"],"inLanguage":"es"},{"@type":"WebPage","@id":"https:\/\/nebraskademocrats.org\/blog\/trumps-fake-emergency-and-more-nebdems-news\/","url":"https:\/\/nebraskademocrats.org\/blog\/trumps-fake-emergency-and-more-nebdems-news\/","name":"Trump's Fake Emergency and more - #NebDems News &#8211; Nebraska Democratic Party","isPartOf":{"@id":"https:\/\/nebraskademocrats.org\/#website"},"primaryImageOfPage":{"@id":"https:\/\/nebraskademocrats.org\/blog\/trumps-fake-emergency-and-more-nebdems-news\/#primaryimage"},"image":{"@id":"https:\/\/nebraskademocrats.org\/blog\/trumps-fake-emergency-and-more-nebdems-news\/#primaryimage"},"thumbnailUrl":"https:\/\/can2-prod.s3.amazonaws.com\/uploads\/data\/000\/259\/266\/original\/Screenshot_(3).png","datePublished":"2019-02-15T20:58:21+00:00","breadcrumb":{"@id":"https:\/\/nebraskademocrats.org\/blog\/trumps-fake-emergency-and-more-nebdems-news\/#breadcrumb"},"inLanguage":"es","potentialAction":[{"@type":"ReadAction","target":["https:\/\/nebraskademocrats.org\/blog\/trumps-fake-emergency-and-more-nebdems-news\/"]}]},{"@type":"ImageObject","inLanguage":"es","@id":"https:\/\/nebraskademocrats.org\/blog\/trumps-fake-emergency-and-more-nebdems-news\/#primaryimage","url":"https:\/\/can2-prod.s3.amazonaws.com\/uploads\/data\/000\/259\/266\/original\/Screenshot_(3).png","contentUrl":"https:\/\/can2-prod.s3.amazonaws.com\/uploads\/data\/000\/259\/266\/original\/Screenshot_(3).png"},{"@type":"BreadcrumbList","@id":"https:\/\/nebraskademocrats.org\/blog\/trumps-fake-emergency-and-more-nebdems-news\/#breadcrumb","itemListElement":[{"@type":"ListItem","position":1,"name":"Home","item":"https:\/\/nebraskademocrats.org\/"},{"@type":"ListItem","position":2,"name":"Trump&#8217;s Fake Emergency and more &#8211; #NebDems News"}]},{"@type":"WebSite","@id":"https:\/\/nebraskademocrats.org\/#website","url":"https:\/\/nebraskademocrats.org\/","name":"Partido Dem\u00f3crata de Nebraska","description":"Cultivando la buena vida para todos los nebraskenses","publisher":{"@id":"https:\/\/nebraskademocrats.org\/#organization"},"potentialAction":[{"@type":"SearchAction","target":{"@type":"EntryPoint","urlTemplate":"https:\/\/nebraskademocrats.org\/?s={search_term_string}"},"query-input":{"@type":"PropertyValueSpecification","valueRequired":true,"valueName":"search_term_string"}}],"inLanguage":"es"},{"@type":"Organization","@id":"https:\/\/nebraskademocrats.org\/#organization","name":"Partido Dem\u00f3crata de Nebraska","url":"https:\/\/nebraskademocrats.org\/","logo":{"@type":"ImageObject","inLanguage":"es","@id":"https:\/\/nebraskademocrats.org\/#\/schema\/logo\/image\/","url":"https:\/\/nebraskadem.wpenginepowered.com\/wp-content\/uploads\/2016\/05\/NDP2.jpg","contentUrl":"https:\/\/nebraskadem.wpenginepowered.com\/wp-content\/uploads\/2016\/05\/NDP2.jpg","width":1000,"height":396,"caption":"Nebraska Democratic Party"},"image":{"@id":"https:\/\/nebraskademocrats.org\/#\/schema\/logo\/image\/"},"sameAs":["https:\/\/www.facebook.com\/NebraskaDemocraticParty\/","https:\/\/x.com\/nebraskadems"]},{"@type":"Person","@id":"https:\/\/nebraskademocrats.org\/#\/schema\/person\/33e011ea0795f404810dc40828bcf289","name":"Precioso McKesson","image":{"@type":"ImageObject","inLanguage":"es","@id":"https:\/\/secure.gravatar.com\/avatar\/35046e19b3373116ec64c07d386d3312028d3820dc0ffe65c344bcebc8ea9194?s=96&d=mm&r=g","url":"https:\/\/secure.gravatar.com\/avatar\/35046e19b3373116ec64c07d386d3312028d3820dc0ffe65c344bcebc8ea9194?s=96&d=mm&r=g","contentUrl":"https:\/\/secure.gravatar.com\/avatar\/35046e19b3373116ec64c07d386d3312028d3820dc0ffe65c344bcebc8ea9194?s=96&d=mm&r=g","caption":"Precious McKesson"}}]}},"_links":{"self":[{"href":"https:\/\/nebraskademocrats.org\/es\/wp-json\/wp\/v2\/posts\/7854","targetHints":{"allow":["GET"]}}],"collection":[{"href":"https:\/\/nebraskademocrats.org\/es\/wp-json\/wp\/v2\/posts"}],"about":[{"href":"https:\/\/nebraskademocrats.org\/es\/wp-json\/wp\/v2\/types\/post"}],"author":[{"embeddable":true,"href":"https:\/\/nebraskademocrats.org\/es\/wp-json\/wp\/v2\/users\/19"}],"replies":[{"embeddable":true,"href":"https:\/\/nebraskademocrats.org\/es\/wp-json\/wp\/v2\/comments?post=7854"}],"version-history":[{"count":0,"href":"https:\/\/nebraskademocrats.org\/es\/wp-json\/wp\/v2\/posts\/7854\/revisions"}],"wp:attachment":[{"href":"https:\/\/nebraskademocrats.org\/es\/wp-json\/wp\/v2\/media?parent=7854"}],"wp:term":[{"taxonomy":"category","embeddable":true,"href":"https:\/\/nebraskademocrats.org\/es\/wp-json\/wp\/v2\/categories?post=7854"},{"taxonomy":"post_tag","embeddable":true,"href":"https:\/\/nebraskademocrats.org\/es\/wp-json\/wp\/v2\/tags?post=7854"}],"curies":[{"name":"wp","href":"https:\/\/api.w.org\/{rel}","templated":true}]}}