{"id":8747,"date":"2019-06-25T15:41:47","date_gmt":"2019-06-25T20:41:47","guid":{"rendered":"https:\/\/nebraskadem.wpenginepowered.com\/?p=8747"},"modified":"2019-06-27T18:02:05","modified_gmt":"2019-06-27T23:02:05","slug":"watch-parties-organized-for-democratic-presidential-debates","status":"publish","type":"post","link":"https:\/\/nebraskademocrats.org\/es\/press-releases\/watch-parties-organized-for-democratic-presidential-debates\/","title":{"rendered":"Mire los partidos organizados para los debates presidenciales democr\u00e1ticos"},"content":{"rendered":"<p><span style=\"font-weight: 400;\">El NDP y los partidos dem\u00f3cratas del condado en Nebraska est\u00e1n planeando fiestas para ver la televisi\u00f3n en los primeros debates presidenciales dem\u00f3cratas este mi\u00e9rcoles y jueves.<\/span><\/p>\n<p><span style=\"font-weight: 400;\">&quot;Los votantes dem\u00f3cratas est\u00e1n ansiosos por los debates para iniciar la temporada electoral 2020&quot;, dijo la presidenta del NDP, Jane Kleeb. \u201cTenemos un fuerte campo de candidatos que representan la diversidad de nuestro partido. Los votantes dem\u00f3cratas tienen energ\u00eda y est\u00e1n listos para derrotar a Donald Trump para restablecer el equilibrio en nuestro gobierno &quot;.<\/span><\/p>\n<p><span style=\"font-weight: 400;\">El NDP y varios partidos dem\u00f3cratas del condado organizar\u00e1n eventos en Omaha, Kearney, Lincoln, Chadron, Blair, Ginebra y Grand Island.<\/span><\/p>\n<p><span style=\"font-weight: 400;\">Aqu\u00ed est\u00e1 la alineaci\u00f3n:<\/span><\/p>\n<p><b>Nebraska Democratic Party \/ Greater Omaha Area Dem\u00f3cratas<br \/>\n<\/b><span style=\"font-weight: 400;\">Mi\u00e9rcoles 26 de junio<br \/>\n<\/span><span style=\"font-weight: 400;\">7: 30-10 pm<br \/>\n<\/span><span style=\"font-weight: 400;\">Emery&#039;s Cafe<br \/>\n<\/span><a href=\"https:\/\/www.google.com\/maps\/place\/2118+N+24th+St+%23101,+Omaha,+NE+68110\/@41.2789657,-95.9494657,17z\/data=!3m1!4b1!4m5!3m4!1s0x87938e2e147da62b:0x7b700c8620db2d6d!8m2!3d41.2789657!4d-95.947277\"><b>2118 N.24th St., Unidad 101, Omaha, NE<\/b><\/a><\/p>\n<p><b>Nebraska Democratic Party \/ Greater Omaha Area Dem\u00f3cratas<br \/>\n<\/b><span style=\"font-weight: 400;\">Jueves 27 de junio<br \/>\n<\/span><span style=\"font-weight: 400;\">7: 30-10 pm<br \/>\n<\/span>Legends Patio Bar and Grill - Aksarben<br \/>\n<strong><a href=\"https:\/\/www.google.com\/maps\/place\/6920+Pacific+St+%23100,+Omaha,+NE+68106\/@41.2491,-96.0233808,17z\/data=!3m1!4b1!4m5!3m4!1s0x87938da958c5d783:0x90fd40463dcef8b8!8m2!3d41.2491!4d-96.0211921\">6920 Pacific St, Omaha, NE<\/a><br \/>\nNOTA:<\/strong>\u00a0<strong><span style=\"color: #ff0000;\">La presidenta del NDP, Jane Kleeb, hab\u00eda planeado estar en este evento pero no puede asistir.<\/span><\/strong><strong><br \/>\n<\/strong><\/p>\n<p><b>J\u00f3venes dem\u00f3cratas del condado de Buffalo<\/b><b><br \/>\n<\/b><span style=\"font-weight: 400;\">Mi\u00e9rcoles 26 de junio<\/span><span style=\"font-weight: 400;\"><br \/>\n<\/span><span style=\"font-weight: 400;\">8-10 pm<\/span><span style=\"font-weight: 400;\"><br \/>\n<\/span><span style=\"font-weight: 400;\">Parque Harmon<br \/>\n<\/span><a href=\"https:\/\/www.google.com\/search?q=3100+5th+Ave%2C+Kearney%2C+Nebraska+68845&amp;rlz=1C1CHBF_enUS853US853&amp;oq=3100+5th+Ave%2C+Kearney%2C+Nebraska+68845&amp;aqs=chrome..69i57.3910j0j4&amp;sourceid=chrome&amp;ie=UTF-8\"><b>3100 5th Ave, Kearney, NE<\/b><b><br \/>\n<\/b><b><br \/>\n<\/b><\/a><b>Partido Democr\u00e1tico del Condado de Dawes<\/b><b><br \/>\n<\/b><span style=\"font-weight: 400;\">Mi\u00e9rcoles 26 de junio<\/span><span style=\"font-weight: 400;\"><br \/>\n<\/span><span style=\"font-weight: 400;\">6: 45-9 pm<\/span><span style=\"font-weight: 400;\"><br \/>\n<\/span><span style=\"font-weight: 400;\">The Bean Broker Coffee House y Pub<\/span><span style=\"font-weight: 400;\"><br \/>\n<\/span><a href=\"https:\/\/www.google.com\/search?q=202+W+2nd+St%2C+Chadron%2C+NE+69337&amp;rlz=1C1CHBF_enUS853US853&amp;oq=202+W+2nd+St%2C+Chadron%2C+NE+69337&amp;aqs=chrome..69i57.2047j0j9&amp;sourceid=chrome&amp;ie=UTF-8\"><b>202 W. 2nd St., Chadron, NE<\/b><b><br \/>\n<\/b><b><br \/>\n<\/b><\/a><b>Partido Democr\u00e1tico del Condado de Dawes<\/b><b><br \/>\n<\/b><span style=\"font-weight: 400;\">Jueves 27 de junio<\/span><span style=\"font-weight: 400;\"><br \/>\n<\/span><span style=\"font-weight: 400;\">6: 45-9 pm<\/span><span style=\"font-weight: 400;\"><br \/>\n<\/span><span style=\"font-weight: 400;\">The Bean Broker Coffee House y Pub<\/span><span style=\"font-weight: 400;\"><br \/>\n<\/span><a href=\"https:\/\/www.google.com\/search?q=202+W+2nd+St%2C+Chadron%2C+NE+69337&amp;rlz=1C1CHBF_enUS853US853&amp;oq=202+W+2nd+St%2C+Chadron%2C+NE+69337&amp;aqs=chrome..69i57.2047j0j9&amp;sourceid=chrome&amp;ie=UTF-8\"><b>202 W. 2nd St., Chadron, NE<\/b><b><br \/>\n<\/b><b><br \/>\n<\/b><\/a><b>Partido Democr\u00e1tico del Condado de Fillmore<\/b><b><br \/>\n<\/b><span style=\"font-weight: 400;\">Mi\u00e9rcoles 26 de junio<\/span><span style=\"font-weight: 400;\"><br \/>\n<\/span><span style=\"font-weight: 400;\">7-10 pm<\/span><span style=\"font-weight: 400;\"><br \/>\n<\/span><span style=\"font-weight: 400;\">Hogar de Margaret Nichols<\/span><span style=\"font-weight: 400;\"><br \/>\n<\/span><a href=\"https:\/\/www.google.com\/maps\/place\/1119+Rd+L,+Geneva,+NE+68361\/@40.5386099,-97.6179402,17z\/data=!3m1!4b1!4m5!3m4!1s0x87977aa9213d06c5:0x4e9f0a48882a5e74!8m2!3d40.5386099!4d-97.6157515\"><b>1119 Road L, Ginebra, NE<\/b><b><br \/>\n<\/b><b><br \/>\n<\/b><\/a><b>Partido Democr\u00e1tico del Condado de Fillmore<\/b><b><br \/>\n<\/b><span style=\"font-weight: 400;\">Jueves 27 de junio<\/span><span style=\"font-weight: 400;\"><br \/>\n<\/span><span style=\"font-weight: 400;\">7-10 pm<\/span><span style=\"font-weight: 400;\"><br \/>\n<\/span><span style=\"font-weight: 400;\">Inicio de JoAnn Edgecombe<\/span><span style=\"font-weight: 400;\"><br \/>\n<\/span><a href=\"https:\/\/www.google.com\/maps\/place\/1230+K+St,+Geneva,+NE+68361\/@40.5313224,-97.5989133,17z\/data=!3m1!4b1!4m5!3m4!1s0x87977013c3039cd5:0xad8b61b597cc2ae5!8m2!3d40.5313224!4d-97.5967246\"><b>1230 K St., Ginebra, NE<\/b><b><br \/>\n<\/b><b><br \/>\n<\/b><\/a><b>Partido dem\u00f3crata del condado de Hall<\/b><b><br \/>\n<\/b><span style=\"font-weight: 400;\">Mi\u00e9rcoles 26 de junio y jueves 27 de junio<\/span><span style=\"font-weight: 400;\"><br \/>\n<\/span><span style=\"font-weight: 400;\">7: 30-10 pm<\/span><span style=\"font-weight: 400;\"><br \/>\n<\/span><span style=\"font-weight: 400;\">Sala Comunitaria Francis Villa<\/span><span style=\"font-weight: 400;\"><br \/>\n<\/span><a href=\"https:\/\/www.google.com\/maps\/place\/1405+W+Koenig+St,+Grand+Island,+NE+68801\/@40.9163755,-98.3539227,17z\/data=!3m1!4b1!4m5!3m4!1s0x879986603bbe7c51:0xb6a369f8885652a8!8m2!3d40.9163755!4d-98.351734\"><b>1405 W.Koenig St., Grand Island, NE<\/b><\/a><span style=\"font-weight: 400;\"> (ingrese a trav\u00e9s del \u00e1rea de estacionamiento de atr\u00e1s de Charles St.)<\/span><b><br \/>\n<\/b><b><br \/>\n<\/b><b>Partido Democr\u00e1tico del Condado de Lancaster<\/b><b><br \/>\n<\/b><span style=\"font-weight: 400;\">Mi\u00e9rcoles 26 de junio<\/span><span style=\"font-weight: 400;\"><br \/>\n<\/span><span style=\"font-weight: 400;\">7-10 pm<\/span><span style=\"font-weight: 400;\"><br \/>\n<\/span><span style=\"font-weight: 400;\">Brewsky&#039;s Food &amp; Spirits<\/span><span style=\"font-weight: 400;\"><br \/>\n<\/span><a href=\"https:\/\/www.brewskys.com\/haymarket\"><b>201 N 8th St, Lincoln, NE<\/b><b><br \/>\n<\/b><b><br \/>\n<\/b><\/a><b>Partido dem\u00f3crata del condado de Washington<\/b><b><br \/>\n<\/b><span style=\"font-weight: 400;\">Mi\u00e9rcoles 26 de junio<\/span><span style=\"font-weight: 400;\"><br \/>\n<\/span><span style=\"font-weight: 400;\">8-10 pm<\/span><span style=\"font-weight: 400;\"><br \/>\n<\/span><span style=\"font-weight: 400;\">Hogar de Holly Bonasera<\/span><span style=\"font-weight: 400;\"><br \/>\n<\/span><a href=\"https:\/\/www.google.com\/maps\/place\/11600+Old+Mill+Dr,+Blair,+NE+68008\/@41.4688916,-96.1311121,17z\/data=!3m1!4b1!4m5!3m4!1s0x8793c1a2d88cb053:0x1cc12d5ee7ecf444!8m2!3d41.4688916!4d-96.1289234\"><b>11600 Old Mill Dr. Blair, NE<\/b><span style=\"font-weight: 400;\"><br \/>\n<\/span><span style=\"font-weight: 400;\"><br \/>\n<\/span><\/a><span style=\"font-weight: 400;\">Otras fiestas de vigilancia ser\u00e1n <\/span><a href=\"https:\/\/nebraskadem.wpenginepowered.com\/blog\/first-democratic-presidential-debates-are-june-26th-and-27th\/\"><b>a\u00f1adido aqu\u00ed<\/b><\/a> <span style=\"font-weight: 400;\">a medida que la informaci\u00f3n est\u00e9 disponible.<\/span><b><br \/>\n<\/b><b><br \/>\n<\/b><span style=\"font-weight: 400;\">Los debates se transmitir\u00e1n por NBC cada noche a las 8 pm CT.<\/span><span style=\"font-weight: 400;\"><br \/>\n<\/span><span style=\"font-weight: 400;\"><br \/>\n<\/span><span style=\"font-weight: 400;\">NBC tambi\u00e9n transmitir\u00e1 en vivo los debates sobre su <\/span><a href=\"https:\/\/www.nbcnews.com\/politics\/first-democratic-debate-2020-election?link_id=1&amp;can_id=b263939168b7b17d4a4901e8096a6b3a&amp;source=email-democratic-presidential-debates-are-this-week&amp;email_referrer=&amp;email_subject=democratic-presidential-debates-are-this-week\"><b>sitio web<\/b><\/a><span style=\"font-weight: 400;\"> y en<\/span><a href=\"https:\/\/www.facebook.com\/NBCNews\/?link_id=2&amp;can_id=b263939168b7b17d4a4901e8096a6b3a&amp;source=email-democratic-presidential-debates-are-this-week&amp;email_referrer=&amp;email_subject=democratic-presidential-debates-are-this-week\"><b> Facebook<\/b><\/a><b>,<\/b> <a href=\"https:\/\/twitter.com\/NBCPolitics?ref_src=twsrc%5Egoogle%7Ctwcamp%5Eserp%7Ctwgr%5Eauthor&amp;link_id=3&amp;can_id=b263939168b7b17d4a4901e8096a6b3a&amp;source=email-democratic-presidential-debates-are-this-week&amp;email_referrer=&amp;email_subject=democratic-presidential-debates-are-this-week\"><b>Gorjeo <\/b><\/a><span style=\"font-weight: 400;\">y <\/span><a href=\"https:\/\/www.youtube.com\/user\/NBCNews\/videos?app=desktop&amp;link_id=4&amp;can_id=b263939168b7b17d4a4901e8096a6b3a&amp;source=email-democratic-presidential-debates-are-this-week&amp;email_referrer=&amp;email_subject=democratic-presidential-debates-are-this-week\"><b>Youtube<\/b><\/a><span style=\"font-weight: 400;\">.<\/span><span style=\"font-weight: 400;\"><br \/>\n<\/span><span style=\"font-weight: 400;\"><br \/>\n<\/span><span style=\"font-weight: 400;\">Y recuerda seguir <\/span><a href=\"https:\/\/twitter.com\/janekleeb?lang=en&amp;link_id=7&amp;can_id=b263939168b7b17d4a4901e8096a6b3a&amp;source=email-democratic-presidential-debates-are-this-week&amp;email_referrer=&amp;email_subject=democratic-presidential-debates-are-this-week\"><b>@janekleeb<\/b><\/a><span style=\"font-weight: 400;\"> y <\/span><a href=\"https:\/\/twitter.com\/nebraskadems?lang=en&amp;link_id=8&amp;can_id=b263939168b7b17d4a4901e8096a6b3a&amp;source=email-democratic-presidential-debates-are-this-week&amp;email_referrer=&amp;email_subject=democratic-presidential-debates-are-this-week\"><b>@nebraskadems<\/b><\/a><span style=\"font-weight: 400;\"> en Twitter para reacciones en vivo a los debates.<\/span><span style=\"font-weight: 400;\"><br \/>\n<\/span><span style=\"font-weight: 400;\"><br \/>\n<\/span><span style=\"font-weight: 400;\">El presidente Kleeb estar\u00e1 disponible para entrevistas telef\u00f3nicas el mi\u00e9rcoles y jueves despu\u00e9s de los debates. P\u00f3ngase en contacto con el Director de Comunicaciones del NDP, Kevin O&#039;Hanlon, para programar una entrevista.<\/span><span style=\"font-weight: 400;\"><br \/>\n<\/span><\/p>\n<p style=\"text-align: center;\"><b>\u00a0###<\/b><\/p>","protected":false},"excerpt":{"rendered":"<p>The NDP and county Democratic parties across Nebraska are planning TV watch parties for the first Democratic Presidential Debates this Wednesday and Thursday. \u201cDemocratic voters are eager for the debates to kick off the 2020 election season,\u201d said NDP Chair Jane Kleeb. \u201cWe have a strong field of candidates representing the diversity of our party. &#8230; <a title=\"Mire los partidos organizados para los debates presidenciales democr\u00e1ticos\" class=\"read-more\" href=\"https:\/\/nebraskademocrats.org\/es\/press-releases\/watch-parties-organized-for-democratic-presidential-debates\/\" aria-label=\"Read more about Watch Parties Organized for Democratic Presidential Debates\">Lee mas<\/a><\/p>","protected":false},"author":19,"featured_media":0,"comment_status":"closed","ping_status":"closed","sticky":false,"template":"","format":"standard","meta":{"_acf_changed":false,"_exactmetrics_skip_tracking":false,"footnotes":""},"categories":[4],"tags":[],"class_list":["post-8747","post","type-post","status-publish","format-standard","hentry","category-press-releases"],"acf":[],"yoast_head":"<!-- This site is optimized with the Yoast SEO plugin v28.3 - https:\/\/yoast.com\/product\/yoast-seo-wordpress\/ -->\n<title>Watch Parties Organized for Democratic Presidential Debates &#8211; Nebraska Democratic Party<\/title>\n<meta name=\"robots\" content=\"index, follow, max-snippet:-1, max-image-preview:large, max-video-preview:-1\" \/>\n<link rel=\"canonical\" href=\"https:\/\/nebraskademocrats.org\/es\/press-releases\/watch-parties-organized-for-democratic-presidential-debates\/\" \/>\n<meta property=\"og:locale\" content=\"es_MX\" \/>\n<meta property=\"og:type\" content=\"article\" \/>\n<meta property=\"og:title\" content=\"Watch Parties Organized for Democratic Presidential Debates &#8211; Nebraska Democratic Party\" \/>\n<meta property=\"og:description\" content=\"The NDP and county Democratic parties across Nebraska are planning TV watch parties for the first Democratic Presidential Debates this Wednesday and Thursday. \u201cDemocratic voters are eager for the debates to kick off the 2020 election season,\u201d said NDP Chair Jane Kleeb. \u201cWe have a strong field of candidates representing the diversity of our party. ... Read more\" \/>\n<meta property=\"og:url\" content=\"https:\/\/nebraskademocrats.org\/es\/press-releases\/watch-parties-organized-for-democratic-presidential-debates\/\" \/>\n<meta property=\"og:site_name\" content=\"Nebraska Democratic Party\" \/>\n<meta property=\"article:publisher\" content=\"https:\/\/www.facebook.com\/NebraskaDemocraticParty\/\" \/>\n<meta property=\"article:published_time\" content=\"2019-06-25T20:41:47+00:00\" \/>\n<meta property=\"article:modified_time\" content=\"2019-06-27T23:02:05+00:00\" \/>\n<meta property=\"og:image\" content=\"https:\/\/nebraskademocrats.org\/wp-content\/uploads\/2018\/09\/ne-dems-fb.jpg\" \/>\n\t<meta property=\"og:image:width\" content=\"1200\" \/>\n\t<meta property=\"og:image:height\" content=\"630\" \/>\n\t<meta property=\"og:image:type\" content=\"image\/jpeg\" \/>\n<meta name=\"author\" content=\"Precious McKesson\" \/>\n<meta name=\"twitter:card\" content=\"summary_large_image\" \/>\n<meta name=\"twitter:creator\" content=\"@nebraskadems\" \/>\n<meta name=\"twitter:site\" content=\"@nebraskadems\" \/>\n<meta name=\"twitter:label1\" content=\"Escrito por\" \/>\n\t<meta name=\"twitter:data1\" content=\"Precious McKesson\" \/>\n\t<meta name=\"twitter:label2\" content=\"Tiempo de lectura\" \/>\n\t<meta name=\"twitter:data2\" content=\"2 minutos\" \/>\n<script type=\"application\/ld+json\" class=\"yoast-schema-graph\">{\"@context\":\"https:\\\/\\\/schema.org\",\"@graph\":[{\"@type\":\"Article\",\"@id\":\"https:\\\/\\\/nebraskademocrats.org\\\/press-releases\\\/watch-parties-organized-for-democratic-presidential-debates\\\/#article\",\"isPartOf\":{\"@id\":\"https:\\\/\\\/nebraskademocrats.org\\\/press-releases\\\/watch-parties-organized-for-democratic-presidential-debates\\\/\"},\"author\":{\"name\":\"Precious McKesson\",\"@id\":\"https:\\\/\\\/nebraskademocrats.org\\\/#\\\/schema\\\/person\\\/33e011ea0795f404810dc40828bcf289\"},\"headline\":\"Watch Parties Organized for Democratic Presidential Debates\",\"datePublished\":\"2019-06-25T20:41:47+00:00\",\"dateModified\":\"2019-06-27T23:02:05+00:00\",\"mainEntityOfPage\":{\"@id\":\"https:\\\/\\\/nebraskademocrats.org\\\/press-releases\\\/watch-parties-organized-for-democratic-presidential-debates\\\/\"},\"wordCount\":403,\"publisher\":{\"@id\":\"https:\\\/\\\/nebraskademocrats.org\\\/#organization\"},\"articleSection\":[\"Press Releases\"],\"inLanguage\":\"es\"},{\"@type\":\"WebPage\",\"@id\":\"https:\\\/\\\/nebraskademocrats.org\\\/press-releases\\\/watch-parties-organized-for-democratic-presidential-debates\\\/\",\"url\":\"https:\\\/\\\/nebraskademocrats.org\\\/press-releases\\\/watch-parties-organized-for-democratic-presidential-debates\\\/\",\"name\":\"Watch Parties Organized for Democratic Presidential Debates &#8211; Nebraska Democratic Party\",\"isPartOf\":{\"@id\":\"https:\\\/\\\/nebraskademocrats.org\\\/#website\"},\"datePublished\":\"2019-06-25T20:41:47+00:00\",\"dateModified\":\"2019-06-27T23:02:05+00:00\",\"breadcrumb\":{\"@id\":\"https:\\\/\\\/nebraskademocrats.org\\\/press-releases\\\/watch-parties-organized-for-democratic-presidential-debates\\\/#breadcrumb\"},\"inLanguage\":\"es\",\"potentialAction\":[{\"@type\":\"ReadAction\",\"target\":[\"https:\\\/\\\/nebraskademocrats.org\\\/press-releases\\\/watch-parties-organized-for-democratic-presidential-debates\\\/\"]}]},{\"@type\":\"BreadcrumbList\",\"@id\":\"https:\\\/\\\/nebraskademocrats.org\\\/press-releases\\\/watch-parties-organized-for-democratic-presidential-debates\\\/#breadcrumb\",\"itemListElement\":[{\"@type\":\"ListItem\",\"position\":1,\"name\":\"Home\",\"item\":\"https:\\\/\\\/nebraskademocrats.org\\\/\"},{\"@type\":\"ListItem\",\"position\":2,\"name\":\"Watch Parties Organized for Democratic Presidential Debates\"}]},{\"@type\":\"WebSite\",\"@id\":\"https:\\\/\\\/nebraskademocrats.org\\\/#website\",\"url\":\"https:\\\/\\\/nebraskademocrats.org\\\/\",\"name\":\"Nebraska Democratic Party\",\"description\":\"Growing the Good Life for All Nebraskans\",\"publisher\":{\"@id\":\"https:\\\/\\\/nebraskademocrats.org\\\/#organization\"},\"potentialAction\":[{\"@type\":\"SearchAction\",\"target\":{\"@type\":\"EntryPoint\",\"urlTemplate\":\"https:\\\/\\\/nebraskademocrats.org\\\/?s={search_term_string}\"},\"query-input\":{\"@type\":\"PropertyValueSpecification\",\"valueRequired\":true,\"valueName\":\"search_term_string\"}}],\"inLanguage\":\"es\"},{\"@type\":\"Organization\",\"@id\":\"https:\\\/\\\/nebraskademocrats.org\\\/#organization\",\"name\":\"Nebraska Democratic Party\",\"url\":\"https:\\\/\\\/nebraskademocrats.org\\\/\",\"logo\":{\"@type\":\"ImageObject\",\"inLanguage\":\"es\",\"@id\":\"https:\\\/\\\/nebraskademocrats.org\\\/#\\\/schema\\\/logo\\\/image\\\/\",\"url\":\"https:\\\/\\\/nebraskadem.wpenginepowered.com\\\/wp-content\\\/uploads\\\/2016\\\/05\\\/NDP2.jpg\",\"contentUrl\":\"https:\\\/\\\/nebraskadem.wpenginepowered.com\\\/wp-content\\\/uploads\\\/2016\\\/05\\\/NDP2.jpg\",\"width\":1000,\"height\":396,\"caption\":\"Nebraska Democratic Party\"},\"image\":{\"@id\":\"https:\\\/\\\/nebraskademocrats.org\\\/#\\\/schema\\\/logo\\\/image\\\/\"},\"sameAs\":[\"https:\\\/\\\/www.facebook.com\\\/NebraskaDemocraticParty\\\/\",\"https:\\\/\\\/x.com\\\/nebraskadems\"]},{\"@type\":\"Person\",\"@id\":\"https:\\\/\\\/nebraskademocrats.org\\\/#\\\/schema\\\/person\\\/33e011ea0795f404810dc40828bcf289\",\"name\":\"Precious McKesson\",\"image\":{\"@type\":\"ImageObject\",\"inLanguage\":\"es\",\"@id\":\"https:\\\/\\\/secure.gravatar.com\\\/avatar\\\/35046e19b3373116ec64c07d386d3312028d3820dc0ffe65c344bcebc8ea9194?s=96&d=mm&r=g\",\"url\":\"https:\\\/\\\/secure.gravatar.com\\\/avatar\\\/35046e19b3373116ec64c07d386d3312028d3820dc0ffe65c344bcebc8ea9194?s=96&d=mm&r=g\",\"contentUrl\":\"https:\\\/\\\/secure.gravatar.com\\\/avatar\\\/35046e19b3373116ec64c07d386d3312028d3820dc0ffe65c344bcebc8ea9194?s=96&d=mm&r=g\",\"caption\":\"Precious McKesson\"}}]}<\/script>\n<!-- \/ Yoast SEO plugin. -->","yoast_head_json":{"title":"Watch Parties Organized for Democratic Presidential Debates &#8211; Nebraska Democratic Party","robots":{"index":"index","follow":"follow","max-snippet":"max-snippet:-1","max-image-preview":"max-image-preview:large","max-video-preview":"max-video-preview:-1"},"canonical":"https:\/\/nebraskademocrats.org\/es\/press-releases\/watch-parties-organized-for-democratic-presidential-debates\/","og_locale":"es_MX","og_type":"article","og_title":"Watch Parties Organized for Democratic Presidential Debates &#8211; Nebraska Democratic Party","og_description":"The NDP and county Democratic parties across Nebraska are planning TV watch parties for the first Democratic Presidential Debates this Wednesday and Thursday. \u201cDemocratic voters are eager for the debates to kick off the 2020 election season,\u201d said NDP Chair Jane Kleeb. \u201cWe have a strong field of candidates representing the diversity of our party. ... Read more","og_url":"https:\/\/nebraskademocrats.org\/es\/press-releases\/watch-parties-organized-for-democratic-presidential-debates\/","og_site_name":"Nebraska Democratic Party","article_publisher":"https:\/\/www.facebook.com\/NebraskaDemocraticParty\/","article_published_time":"2019-06-25T20:41:47+00:00","article_modified_time":"2019-06-27T23:02:05+00:00","og_image":[{"width":1200,"height":630,"url":"https:\/\/nebraskademocrats.org\/wp-content\/uploads\/2018\/09\/ne-dems-fb.jpg","type":"image\/jpeg"}],"author":"Precious McKesson","twitter_card":"summary_large_image","twitter_creator":"@nebraskadems","twitter_site":"@nebraskadems","twitter_misc":{"Escrito por":"Precious McKesson","Tiempo de lectura":"2 minutos"},"schema":{"@context":"https:\/\/schema.org","@graph":[{"@type":"Article","@id":"https:\/\/nebraskademocrats.org\/press-releases\/watch-parties-organized-for-democratic-presidential-debates\/#article","isPartOf":{"@id":"https:\/\/nebraskademocrats.org\/press-releases\/watch-parties-organized-for-democratic-presidential-debates\/"},"author":{"name":"Precious McKesson","@id":"https:\/\/nebraskademocrats.org\/#\/schema\/person\/33e011ea0795f404810dc40828bcf289"},"headline":"Watch Parties Organized for Democratic Presidential Debates","datePublished":"2019-06-25T20:41:47+00:00","dateModified":"2019-06-27T23:02:05+00:00","mainEntityOfPage":{"@id":"https:\/\/nebraskademocrats.org\/press-releases\/watch-parties-organized-for-democratic-presidential-debates\/"},"wordCount":403,"publisher":{"@id":"https:\/\/nebraskademocrats.org\/#organization"},"articleSection":["Press Releases"],"inLanguage":"es"},{"@type":"WebPage","@id":"https:\/\/nebraskademocrats.org\/press-releases\/watch-parties-organized-for-democratic-presidential-debates\/","url":"https:\/\/nebraskademocrats.org\/press-releases\/watch-parties-organized-for-democratic-presidential-debates\/","name":"Watch Parties Organized for Democratic Presidential Debates &#8211; Nebraska Democratic Party","isPartOf":{"@id":"https:\/\/nebraskademocrats.org\/#website"},"datePublished":"2019-06-25T20:41:47+00:00","dateModified":"2019-06-27T23:02:05+00:00","breadcrumb":{"@id":"https:\/\/nebraskademocrats.org\/press-releases\/watch-parties-organized-for-democratic-presidential-debates\/#breadcrumb"},"inLanguage":"es","potentialAction":[{"@type":"ReadAction","target":["https:\/\/nebraskademocrats.org\/press-releases\/watch-parties-organized-for-democratic-presidential-debates\/"]}]},{"@type":"BreadcrumbList","@id":"https:\/\/nebraskademocrats.org\/press-releases\/watch-parties-organized-for-democratic-presidential-debates\/#breadcrumb","itemListElement":[{"@type":"ListItem","position":1,"name":"Home","item":"https:\/\/nebraskademocrats.org\/"},{"@type":"ListItem","position":2,"name":"Watch Parties Organized for Democratic Presidential Debates"}]},{"@type":"WebSite","@id":"https:\/\/nebraskademocrats.org\/#website","url":"https:\/\/nebraskademocrats.org\/","name":"Partido Dem\u00f3crata de Nebraska","description":"Cultivando la buena vida para todos los nebraskenses","publisher":{"@id":"https:\/\/nebraskademocrats.org\/#organization"},"potentialAction":[{"@type":"SearchAction","target":{"@type":"EntryPoint","urlTemplate":"https:\/\/nebraskademocrats.org\/?s={search_term_string}"},"query-input":{"@type":"PropertyValueSpecification","valueRequired":true,"valueName":"search_term_string"}}],"inLanguage":"es"},{"@type":"Organization","@id":"https:\/\/nebraskademocrats.org\/#organization","name":"Partido Dem\u00f3crata de Nebraska","url":"https:\/\/nebraskademocrats.org\/","logo":{"@type":"ImageObject","inLanguage":"es","@id":"https:\/\/nebraskademocrats.org\/#\/schema\/logo\/image\/","url":"https:\/\/nebraskadem.wpenginepowered.com\/wp-content\/uploads\/2016\/05\/NDP2.jpg","contentUrl":"https:\/\/nebraskadem.wpenginepowered.com\/wp-content\/uploads\/2016\/05\/NDP2.jpg","width":1000,"height":396,"caption":"Nebraska Democratic Party"},"image":{"@id":"https:\/\/nebraskademocrats.org\/#\/schema\/logo\/image\/"},"sameAs":["https:\/\/www.facebook.com\/NebraskaDemocraticParty\/","https:\/\/x.com\/nebraskadems"]},{"@type":"Person","@id":"https:\/\/nebraskademocrats.org\/#\/schema\/person\/33e011ea0795f404810dc40828bcf289","name":"Precioso McKesson","image":{"@type":"ImageObject","inLanguage":"es","@id":"https:\/\/secure.gravatar.com\/avatar\/35046e19b3373116ec64c07d386d3312028d3820dc0ffe65c344bcebc8ea9194?s=96&d=mm&r=g","url":"https:\/\/secure.gravatar.com\/avatar\/35046e19b3373116ec64c07d386d3312028d3820dc0ffe65c344bcebc8ea9194?s=96&d=mm&r=g","contentUrl":"https:\/\/secure.gravatar.com\/avatar\/35046e19b3373116ec64c07d386d3312028d3820dc0ffe65c344bcebc8ea9194?s=96&d=mm&r=g","caption":"Precious McKesson"}}]}},"_links":{"self":[{"href":"https:\/\/nebraskademocrats.org\/es\/wp-json\/wp\/v2\/posts\/8747","targetHints":{"allow":["GET"]}}],"collection":[{"href":"https:\/\/nebraskademocrats.org\/es\/wp-json\/wp\/v2\/posts"}],"about":[{"href":"https:\/\/nebraskademocrats.org\/es\/wp-json\/wp\/v2\/types\/post"}],"author":[{"embeddable":true,"href":"https:\/\/nebraskademocrats.org\/es\/wp-json\/wp\/v2\/users\/19"}],"replies":[{"embeddable":true,"href":"https:\/\/nebraskademocrats.org\/es\/wp-json\/wp\/v2\/comments?post=8747"}],"version-history":[{"count":0,"href":"https:\/\/nebraskademocrats.org\/es\/wp-json\/wp\/v2\/posts\/8747\/revisions"}],"wp:attachment":[{"href":"https:\/\/nebraskademocrats.org\/es\/wp-json\/wp\/v2\/media?parent=8747"}],"wp:term":[{"taxonomy":"category","embeddable":true,"href":"https:\/\/nebraskademocrats.org\/es\/wp-json\/wp\/v2\/categories?post=8747"},{"taxonomy":"post_tag","embeddable":true,"href":"https:\/\/nebraskademocrats.org\/es\/wp-json\/wp\/v2\/tags?post=8747"}],"curies":[{"name":"wp","href":"https:\/\/api.w.org\/{rel}","templated":true}]}}