{"id":8759,"date":"2019-06-26T10:46:57","date_gmt":"2019-06-26T15:46:57","guid":{"rendered":"https:\/\/nebraskadem.wpenginepowered.com\/?p=8759"},"modified":"2019-06-26T11:06:26","modified_gmt":"2019-06-26T16:06:26","slug":"helping-families-at-the-border-and-families-in-nebraska","status":"publish","type":"post","link":"https:\/\/nebraskademocrats.org\/es\/blog\/helping-families-at-the-border-and-families-in-nebraska\/","title":{"rendered":"Ayudando a familias en la frontera y familias en Nebraska"},"content":{"rendered":"<div>\n<p>El financiamiento de emergencia para las instalaciones fronterizas ha terminado esta semana en el Congreso. Trump un minuto dice que lo vetar\u00e1 y otro minuto culpa a los dem\u00f3cratas por no aprobar el proyecto de ley para ayudar a las instalaciones a tener los recursos necesarios. Necesitamos impulsar los recursos CON medidas de rendici\u00f3n de cuentas.<\/p>\n<p>\u201cLos valores de Estados Unidos y la promesa de Estados Unidos est\u00e1n siendo puestos a prueba. Ninguna madre, padre o ni\u00f1o deber\u00eda enfrentar el abuso y la negligencia que est\u00e1 ocurriendo en la frontera\u201d, dijo la presidenta del NDP, Jane Kleeb. \u201cLas familias buscan una vida mejor y en lugar de crear un sistema para darles la bienvenida, estamos creando un sistema de trauma a largo plazo\u201d.<\/p>\n<p><strong><a href=\"https:\/\/www.facebook.com\/notes\/nebraska-democratic-party\/helping-families-at-the-border-and-in-nebraska\/2326112034123263\/\">Comparte esta informaci\u00f3n en tu p\u00e1gina de FB.<\/a><\/strong><\/p>\n<p>Ideas que puede hacer para ayudar a las familias:<\/p>\n<\/div>\n<ol>\n<li dir=\"ltr\">\n<div>\n<p>Ofr\u00e9zcase como voluntario con un grupo en el terreno cerca de la frontera. El grupo sin fines de lucro Al Otro Lado tiene un formulario de Google donde puedes ser voluntario de forma remota. Est\u00e1n en el terreno haciendo una gran labor legal, social y servicios directos de alimentaci\u00f3n y vestuario: <a href=\"https:\/\/alotrolado.org\/take-action\/volunteer\/\" target=\"_blank\" rel=\"noopener\" data-saferedirecturl=\"https:\/\/www.google.com\/url?q=https:\/\/alotrolado.org\/take-action\/volunteer\/&amp;source=gmail&amp;ust=1561650153103000&amp;usg=AFQjCNEj2qssYx-A2njig6HxLWfjhx1pXA\">https:\/\/alotrolado.org\/take-<wbr \/>acci\u00f3n\/voluntario\/<\/a><\/p>\n<\/div>\n<\/li>\n<li dir=\"ltr\">Asista a un mitin y muestre su enojo por lo que la administraci\u00f3n Trump est\u00e1 haciendo con los ni\u00f1os y las familias. El 12 de julio, se llevar\u00e1n a cabo eventos de Lights for Liberty en todo el condado. Los eventos est\u00e1n planeados hasta ahora en Lincoln y Grand Island. <strong><strong><a href=\"https:\/\/www.lightsforliberty.org\">Encuentra eventos cerca de ti.<\/a><\/strong><\/strong>&nbsp;<\/li>\n<li dir=\"ltr\">Llame a la delegaci\u00f3n federal. Env\u00edelos por correo electr\u00f3nico. Pres\u00e9ntese en sus ayuntamientos. Necesitan escuchar a muchos de nosotros para mudarnos. Especialmente los miembros d\u00e9biles que tenemos en Nebraska. <strong><a href=\"https:\/\/nebraskadem.wpenginepowered.com\/federal-office-holders\/\">Toda su informaci\u00f3n de contacto est\u00e1 aqu\u00ed.<\/a> <\/strong>y el n\u00famero de la centralita (debes guardarlo en tu tel\u00e9fono es 202-224-3121).<\/li>\n<\/ol>\n<p>Imprima recursos para familias en su comunidad para que conozcan sus derechos.<\/p>\n<p><strong><a href=\"https:\/\/www.ailalawyer.com\/\">Abogados que pueden ayudar.<\/a><\/strong><\/p>\n<p><strong><a href=\"https:\/\/www.reunify.org\/donate.html\">Grupo de trabajo para inspeccionar los centros de detenci\u00f3n y ayuda con el trabajo legal.<\/a><\/strong><\/p>\n<p><strong><a href=\"https:\/\/www.aila.org\/advo-media\/tools\/psas\/know-your-rights-handouts-if-ice-visits\">Folletos Conozca sus derechos.<\/a><\/strong><\/p>\n<p><strong><a href=\"https:\/\/www.nilc.org\/issues\/immigration-enforcement\/everyone-has-certain-basic-rights\/\">Tarjeta Conozca sus derechos.<\/a><\/strong><\/p>","protected":false},"excerpt":{"rendered":"<p>Emergency funding for border facilities is up this week in Congress. Trump one minute says he will veto it and another minute blames Democrats for not passing the bill to help the facilities have the resources needed. We need to push for resources WITH accountability measures. &#8220;America&#8217;s values and America&#8217;s promise are being tested. No &#8230; <a title=\"Ayudando a familias en la frontera y familias en Nebraska\" class=\"read-more\" href=\"https:\/\/nebraskademocrats.org\/es\/blog\/helping-families-at-the-border-and-families-in-nebraska\/\" aria-label=\"More on Helping Families at the Border and Families in Nebraska\">Lee mas<\/a><\/p>","protected":false},"author":19,"featured_media":0,"comment_status":"closed","ping_status":"closed","sticky":false,"template":"","format":"standard","meta":{"_acf_changed":false,"_exactmetrics_skip_tracking":false,"_exactmetrics_sitenote_active":false,"_exactmetrics_sitenote_note":"","_exactmetrics_sitenote_category":0,"footnotes":""},"categories":[1],"tags":[],"class_list":["post-8759","post","type-post","status-publish","format-standard","hentry","category-blog"],"acf":[],"yoast_head":"<!-- This site is optimized with the Yoast SEO plugin v27.5 - https:\/\/yoast.com\/product\/yoast-seo-wordpress\/ -->\n<title>Helping Families at the Border and Families in Nebraska &#8211; Nebraska Democratic Party<\/title>\n<meta name=\"robots\" content=\"index, follow, max-snippet:-1, max-image-preview:large, max-video-preview:-1\" \/>\n<link rel=\"canonical\" href=\"https:\/\/nebraskademocrats.org\/es\/blog\/helping-families-at-the-border-and-families-in-nebraska\/\" \/>\n<meta property=\"og:locale\" content=\"es_MX\" \/>\n<meta property=\"og:type\" content=\"article\" \/>\n<meta property=\"og:title\" content=\"Helping Families at the Border and Families in Nebraska &#8211; Nebraska Democratic Party\" \/>\n<meta property=\"og:description\" content=\"Emergency funding for border facilities is up this week in Congress. Trump one minute says he will veto it and another minute blames Democrats for not passing the bill to help the facilities have the resources needed. We need to push for resources WITH accountability measures. &#8220;America&#8217;s values and America&#8217;s promise are being tested. No ... Read more\" \/>\n<meta property=\"og:url\" content=\"https:\/\/nebraskademocrats.org\/es\/blog\/helping-families-at-the-border-and-families-in-nebraska\/\" \/>\n<meta property=\"og:site_name\" content=\"Nebraska Democratic Party\" \/>\n<meta property=\"article:publisher\" content=\"https:\/\/www.facebook.com\/NebraskaDemocraticParty\/\" \/>\n<meta property=\"article:published_time\" content=\"2019-06-26T15:46:57+00:00\" \/>\n<meta property=\"article:modified_time\" content=\"2019-06-26T16:06:26+00:00\" \/>\n<meta property=\"og:image\" content=\"https:\/\/nebraskademocrats.org\/wp-content\/uploads\/2018\/09\/ne-dems-fb.jpg\" \/>\n\t<meta property=\"og:image:width\" content=\"1200\" \/>\n\t<meta property=\"og:image:height\" content=\"630\" \/>\n\t<meta property=\"og:image:type\" content=\"image\/jpeg\" \/>\n<meta name=\"author\" content=\"Precious McKesson\" \/>\n<meta name=\"twitter:card\" content=\"summary_large_image\" \/>\n<meta name=\"twitter:creator\" content=\"@nebraskadems\" \/>\n<meta name=\"twitter:site\" content=\"@nebraskadems\" \/>\n<meta name=\"twitter:label1\" content=\"Escrito por\" \/>\n\t<meta name=\"twitter:data1\" content=\"Precious McKesson\" \/>\n\t<meta name=\"twitter:label2\" content=\"Tiempo de lectura\" \/>\n\t<meta name=\"twitter:data2\" content=\"1 minuto\" \/>\n<script type=\"application\/ld+json\" class=\"yoast-schema-graph\">{\"@context\":\"https:\\\/\\\/schema.org\",\"@graph\":[{\"@type\":\"Article\",\"@id\":\"https:\\\/\\\/nebraskademocrats.org\\\/blog\\\/helping-families-at-the-border-and-families-in-nebraska\\\/#article\",\"isPartOf\":{\"@id\":\"https:\\\/\\\/nebraskademocrats.org\\\/blog\\\/helping-families-at-the-border-and-families-in-nebraska\\\/\"},\"author\":{\"name\":\"Precious McKesson\",\"@id\":\"https:\\\/\\\/nebraskademocrats.org\\\/#\\\/schema\\\/person\\\/33e011ea0795f404810dc40828bcf289\"},\"headline\":\"Helping Families at the Border and Families in Nebraska\",\"datePublished\":\"2019-06-26T15:46:57+00:00\",\"dateModified\":\"2019-06-26T16:06:26+00:00\",\"mainEntityOfPage\":{\"@id\":\"https:\\\/\\\/nebraskademocrats.org\\\/blog\\\/helping-families-at-the-border-and-families-in-nebraska\\\/\"},\"wordCount\":302,\"publisher\":{\"@id\":\"https:\\\/\\\/nebraskademocrats.org\\\/#organization\"},\"articleSection\":[\"NDP Blog\"],\"inLanguage\":\"es\"},{\"@type\":\"WebPage\",\"@id\":\"https:\\\/\\\/nebraskademocrats.org\\\/blog\\\/helping-families-at-the-border-and-families-in-nebraska\\\/\",\"url\":\"https:\\\/\\\/nebraskademocrats.org\\\/blog\\\/helping-families-at-the-border-and-families-in-nebraska\\\/\",\"name\":\"Helping Families at the Border and Families in Nebraska &#8211; Nebraska Democratic Party\",\"isPartOf\":{\"@id\":\"https:\\\/\\\/nebraskademocrats.org\\\/#website\"},\"datePublished\":\"2019-06-26T15:46:57+00:00\",\"dateModified\":\"2019-06-26T16:06:26+00:00\",\"breadcrumb\":{\"@id\":\"https:\\\/\\\/nebraskademocrats.org\\\/blog\\\/helping-families-at-the-border-and-families-in-nebraska\\\/#breadcrumb\"},\"inLanguage\":\"es\",\"potentialAction\":[{\"@type\":\"ReadAction\",\"target\":[\"https:\\\/\\\/nebraskademocrats.org\\\/blog\\\/helping-families-at-the-border-and-families-in-nebraska\\\/\"]}]},{\"@type\":\"BreadcrumbList\",\"@id\":\"https:\\\/\\\/nebraskademocrats.org\\\/blog\\\/helping-families-at-the-border-and-families-in-nebraska\\\/#breadcrumb\",\"itemListElement\":[{\"@type\":\"ListItem\",\"position\":1,\"name\":\"Home\",\"item\":\"https:\\\/\\\/nebraskademocrats.org\\\/\"},{\"@type\":\"ListItem\",\"position\":2,\"name\":\"Helping Families at the Border and Families in Nebraska\"}]},{\"@type\":\"WebSite\",\"@id\":\"https:\\\/\\\/nebraskademocrats.org\\\/#website\",\"url\":\"https:\\\/\\\/nebraskademocrats.org\\\/\",\"name\":\"Nebraska Democratic Party\",\"description\":\"Growing the Good Life for All Nebraskans\",\"publisher\":{\"@id\":\"https:\\\/\\\/nebraskademocrats.org\\\/#organization\"},\"potentialAction\":[{\"@type\":\"SearchAction\",\"target\":{\"@type\":\"EntryPoint\",\"urlTemplate\":\"https:\\\/\\\/nebraskademocrats.org\\\/?s={search_term_string}\"},\"query-input\":{\"@type\":\"PropertyValueSpecification\",\"valueRequired\":true,\"valueName\":\"search_term_string\"}}],\"inLanguage\":\"es\"},{\"@type\":\"Organization\",\"@id\":\"https:\\\/\\\/nebraskademocrats.org\\\/#organization\",\"name\":\"Nebraska Democratic Party\",\"url\":\"https:\\\/\\\/nebraskademocrats.org\\\/\",\"logo\":{\"@type\":\"ImageObject\",\"inLanguage\":\"es\",\"@id\":\"https:\\\/\\\/nebraskademocrats.org\\\/#\\\/schema\\\/logo\\\/image\\\/\",\"url\":\"https:\\\/\\\/nebraskadem.wpenginepowered.com\\\/wp-content\\\/uploads\\\/2016\\\/05\\\/NDP2.jpg\",\"contentUrl\":\"https:\\\/\\\/nebraskadem.wpenginepowered.com\\\/wp-content\\\/uploads\\\/2016\\\/05\\\/NDP2.jpg\",\"width\":1000,\"height\":396,\"caption\":\"Nebraska Democratic Party\"},\"image\":{\"@id\":\"https:\\\/\\\/nebraskademocrats.org\\\/#\\\/schema\\\/logo\\\/image\\\/\"},\"sameAs\":[\"https:\\\/\\\/www.facebook.com\\\/NebraskaDemocraticParty\\\/\",\"https:\\\/\\\/x.com\\\/nebraskadems\"]},{\"@type\":\"Person\",\"@id\":\"https:\\\/\\\/nebraskademocrats.org\\\/#\\\/schema\\\/person\\\/33e011ea0795f404810dc40828bcf289\",\"name\":\"Precious McKesson\",\"image\":{\"@type\":\"ImageObject\",\"inLanguage\":\"es\",\"@id\":\"https:\\\/\\\/secure.gravatar.com\\\/avatar\\\/35046e19b3373116ec64c07d386d3312028d3820dc0ffe65c344bcebc8ea9194?s=96&d=mm&r=g\",\"url\":\"https:\\\/\\\/secure.gravatar.com\\\/avatar\\\/35046e19b3373116ec64c07d386d3312028d3820dc0ffe65c344bcebc8ea9194?s=96&d=mm&r=g\",\"contentUrl\":\"https:\\\/\\\/secure.gravatar.com\\\/avatar\\\/35046e19b3373116ec64c07d386d3312028d3820dc0ffe65c344bcebc8ea9194?s=96&d=mm&r=g\",\"caption\":\"Precious McKesson\"}}]}<\/script>\n<!-- \/ Yoast SEO plugin. -->","yoast_head_json":{"title":"Helping Families at the Border and Families in Nebraska &#8211; Nebraska Democratic Party","robots":{"index":"index","follow":"follow","max-snippet":"max-snippet:-1","max-image-preview":"max-image-preview:large","max-video-preview":"max-video-preview:-1"},"canonical":"https:\/\/nebraskademocrats.org\/es\/blog\/helping-families-at-the-border-and-families-in-nebraska\/","og_locale":"es_MX","og_type":"article","og_title":"Helping Families at the Border and Families in Nebraska &#8211; Nebraska Democratic Party","og_description":"Emergency funding for border facilities is up this week in Congress. Trump one minute says he will veto it and another minute blames Democrats for not passing the bill to help the facilities have the resources needed. We need to push for resources WITH accountability measures. &#8220;America&#8217;s values and America&#8217;s promise are being tested. No ... Read more","og_url":"https:\/\/nebraskademocrats.org\/es\/blog\/helping-families-at-the-border-and-families-in-nebraska\/","og_site_name":"Nebraska Democratic Party","article_publisher":"https:\/\/www.facebook.com\/NebraskaDemocraticParty\/","article_published_time":"2019-06-26T15:46:57+00:00","article_modified_time":"2019-06-26T16:06:26+00:00","og_image":[{"width":1200,"height":630,"url":"https:\/\/nebraskademocrats.org\/wp-content\/uploads\/2018\/09\/ne-dems-fb.jpg","type":"image\/jpeg"}],"author":"Precious McKesson","twitter_card":"summary_large_image","twitter_creator":"@nebraskadems","twitter_site":"@nebraskadems","twitter_misc":{"Escrito por":"Precious McKesson","Tiempo de lectura":"1 minuto"},"schema":{"@context":"https:\/\/schema.org","@graph":[{"@type":"Article","@id":"https:\/\/nebraskademocrats.org\/blog\/helping-families-at-the-border-and-families-in-nebraska\/#article","isPartOf":{"@id":"https:\/\/nebraskademocrats.org\/blog\/helping-families-at-the-border-and-families-in-nebraska\/"},"author":{"name":"Precious McKesson","@id":"https:\/\/nebraskademocrats.org\/#\/schema\/person\/33e011ea0795f404810dc40828bcf289"},"headline":"Helping Families at the Border and Families in Nebraska","datePublished":"2019-06-26T15:46:57+00:00","dateModified":"2019-06-26T16:06:26+00:00","mainEntityOfPage":{"@id":"https:\/\/nebraskademocrats.org\/blog\/helping-families-at-the-border-and-families-in-nebraska\/"},"wordCount":302,"publisher":{"@id":"https:\/\/nebraskademocrats.org\/#organization"},"articleSection":["NDP Blog"],"inLanguage":"es"},{"@type":"WebPage","@id":"https:\/\/nebraskademocrats.org\/blog\/helping-families-at-the-border-and-families-in-nebraska\/","url":"https:\/\/nebraskademocrats.org\/blog\/helping-families-at-the-border-and-families-in-nebraska\/","name":"Helping Families at the Border and Families in Nebraska &#8211; Nebraska Democratic Party","isPartOf":{"@id":"https:\/\/nebraskademocrats.org\/#website"},"datePublished":"2019-06-26T15:46:57+00:00","dateModified":"2019-06-26T16:06:26+00:00","breadcrumb":{"@id":"https:\/\/nebraskademocrats.org\/blog\/helping-families-at-the-border-and-families-in-nebraska\/#breadcrumb"},"inLanguage":"es","potentialAction":[{"@type":"ReadAction","target":["https:\/\/nebraskademocrats.org\/blog\/helping-families-at-the-border-and-families-in-nebraska\/"]}]},{"@type":"BreadcrumbList","@id":"https:\/\/nebraskademocrats.org\/blog\/helping-families-at-the-border-and-families-in-nebraska\/#breadcrumb","itemListElement":[{"@type":"ListItem","position":1,"name":"Home","item":"https:\/\/nebraskademocrats.org\/"},{"@type":"ListItem","position":2,"name":"Helping Families at the Border and Families in Nebraska"}]},{"@type":"WebSite","@id":"https:\/\/nebraskademocrats.org\/#website","url":"https:\/\/nebraskademocrats.org\/","name":"Partido Dem\u00f3crata de Nebraska","description":"Cultivando la buena vida para todos los nebraskenses","publisher":{"@id":"https:\/\/nebraskademocrats.org\/#organization"},"potentialAction":[{"@type":"SearchAction","target":{"@type":"EntryPoint","urlTemplate":"https:\/\/nebraskademocrats.org\/?s={search_term_string}"},"query-input":{"@type":"PropertyValueSpecification","valueRequired":true,"valueName":"search_term_string"}}],"inLanguage":"es"},{"@type":"Organization","@id":"https:\/\/nebraskademocrats.org\/#organization","name":"Partido Dem\u00f3crata de Nebraska","url":"https:\/\/nebraskademocrats.org\/","logo":{"@type":"ImageObject","inLanguage":"es","@id":"https:\/\/nebraskademocrats.org\/#\/schema\/logo\/image\/","url":"https:\/\/nebraskadem.wpenginepowered.com\/wp-content\/uploads\/2016\/05\/NDP2.jpg","contentUrl":"https:\/\/nebraskadem.wpenginepowered.com\/wp-content\/uploads\/2016\/05\/NDP2.jpg","width":1000,"height":396,"caption":"Nebraska Democratic Party"},"image":{"@id":"https:\/\/nebraskademocrats.org\/#\/schema\/logo\/image\/"},"sameAs":["https:\/\/www.facebook.com\/NebraskaDemocraticParty\/","https:\/\/x.com\/nebraskadems"]},{"@type":"Person","@id":"https:\/\/nebraskademocrats.org\/#\/schema\/person\/33e011ea0795f404810dc40828bcf289","name":"Precioso McKesson","image":{"@type":"ImageObject","inLanguage":"es","@id":"https:\/\/secure.gravatar.com\/avatar\/35046e19b3373116ec64c07d386d3312028d3820dc0ffe65c344bcebc8ea9194?s=96&d=mm&r=g","url":"https:\/\/secure.gravatar.com\/avatar\/35046e19b3373116ec64c07d386d3312028d3820dc0ffe65c344bcebc8ea9194?s=96&d=mm&r=g","contentUrl":"https:\/\/secure.gravatar.com\/avatar\/35046e19b3373116ec64c07d386d3312028d3820dc0ffe65c344bcebc8ea9194?s=96&d=mm&r=g","caption":"Precious McKesson"}}]}},"_links":{"self":[{"href":"https:\/\/nebraskademocrats.org\/es\/wp-json\/wp\/v2\/posts\/8759","targetHints":{"allow":["GET"]}}],"collection":[{"href":"https:\/\/nebraskademocrats.org\/es\/wp-json\/wp\/v2\/posts"}],"about":[{"href":"https:\/\/nebraskademocrats.org\/es\/wp-json\/wp\/v2\/types\/post"}],"author":[{"embeddable":true,"href":"https:\/\/nebraskademocrats.org\/es\/wp-json\/wp\/v2\/users\/19"}],"replies":[{"embeddable":true,"href":"https:\/\/nebraskademocrats.org\/es\/wp-json\/wp\/v2\/comments?post=8759"}],"version-history":[{"count":0,"href":"https:\/\/nebraskademocrats.org\/es\/wp-json\/wp\/v2\/posts\/8759\/revisions"}],"wp:attachment":[{"href":"https:\/\/nebraskademocrats.org\/es\/wp-json\/wp\/v2\/media?parent=8759"}],"wp:term":[{"taxonomy":"category","embeddable":true,"href":"https:\/\/nebraskademocrats.org\/es\/wp-json\/wp\/v2\/categories?post=8759"},{"taxonomy":"post_tag","embeddable":true,"href":"https:\/\/nebraskademocrats.org\/es\/wp-json\/wp\/v2\/tags?post=8759"}],"curies":[{"name":"wp","href":"https:\/\/api.w.org\/{rel}","templated":true}]}}