{"id":9059,"date":"2019-07-15T10:09:40","date_gmt":"2019-07-15T15:09:40","guid":{"rendered":"https:\/\/nebraskadem.wpenginepowered.com\/?p=9059"},"modified":"2019-07-15T10:09:40","modified_gmt":"2019-07-15T15:09:40","slug":"ndps-kleeb-nebraskas-gop-congressional-delegation-must-call-out-trump-for-racist-tweet","status":"publish","type":"post","link":"https:\/\/nebraskademocrats.org\/es\/blog\/ndps-kleeb-nebraskas-gop-congressional-delegation-must-call-out-trump-for-racist-tweet\/","title":{"rendered":"Kleeb del NDP: La delegaci\u00f3n del Congreso del Partido Republicano de Nebraska debe denunciar a Trump por un tuit racista"},"content":{"rendered":"<p><span style=\"font-weight: 400;\">La presidenta del NDP, Jane Kleeb, presion\u00f3 el lunes a la delegaci\u00f3n del Congreso de Nebraska para que condenara los comentarios racistas que hizo el presidente Trump en un tuit de fin de semana ampliamente conocido por estar dirigido a cuatro congresistas dem\u00f3cratas.<\/span><\/p>\n<p><span style=\"font-weight: 400;\">Kleeb dijo que los representantes Don Bacon, Jeff Fortenberry y Adrian Smith y los senadores Ben Sasse y Deb Fischer, todos republicanos y todos en silencio, deber\u00edan denunciar a Trump.<\/span><\/p>\n<p><span style=\"font-weight: 400;\">El tuit de Trump dec\u00eda, en parte: \u201c\u00bfPor qu\u00e9 no regresan y ayudan a reparar los lugares totalmente rotos e infestados de crimen de donde vinieron? Luego regresa y mu\u00e9stranos c\u00f3mo se hace. Estos lugares necesitan tu ayuda con urgencia, no puedes irte lo suficientemente r\u00e1pido\u201d.<\/span><\/p>\n<p><span style=\"font-weight: 400;\">\u201cLas comunidades de color a menudo escuchan el estribillo racista &#039;regresa a tu pa\u00eds&#039; que se les grita en las calles. Y ahora escuchar esto del presidente de los Estados Unidos es inaceptable y debe ser condenado\u201d, dijo Kleeb. \u201cLos habitantes de Nebraska merecen una respuesta de nuestros miembros del Congreso sobre si est\u00e1n de acuerdo con las palabras de Trump\u201d.<\/span><\/p>\n<p><span style=\"font-weight: 400;\">El tuit de Trump es ampliamente conocido por estar dirigido a los representantes dem\u00f3cratas Alexandria Ocasio-Cortez de Nueva York, Ilhan Omar de Minnesota, Ayanna Pressley de Massachusetts y Rashida Tlaib de Michigan.<\/span><\/p>\n<p><span style=\"font-weight: 400;\">Ocasio-Cortez, Tlaib y Pressley son ciudadanos estadounidenses por nacimiento, mientras que Omar naci\u00f3 en Somalia y emigr\u00f3 a los Estados Unidos cuando era joven. Omar se convirti\u00f3 en ciudadano en 2000 cuando ten\u00eda 17 a\u00f1os, seg\u00fan el New York Times.<\/span><\/p>\n<p><span style=\"font-weight: 400;\">\u201cNuestro partido espera que los medios de comunicaci\u00f3n de Nebraska presionen a Bacon, Fortenberry, Smith, Sasse y Fischer para dejar constancia de los comentarios racistas de Trump\u201d, dijo Kleeb. \u201c\u00bfC\u00f3mo pueden nuestros miembros del Congreso representar un estado que da la bienvenida a la mayor\u00eda de los refugiados pol\u00edticos de la naci\u00f3n per c\u00e1pita y depende de las comunidades de color para aspectos cr\u00edticos de la econom\u00eda de nuestro estado, incluido nuestro sector agr\u00edcola, y luego permanecer en silencio en el frente a los \u00faltimos ataques de Trump?<\/span><\/p>\n<p style=\"text-align: center;\"><span style=\"font-weight: 400;\">###<\/span><\/p>","protected":false},"excerpt":{"rendered":"<p>NDP Chair Jane Kleeb on Monday pressed Nebraska\u2019s congressional delegation to condemn racist comments President Trump made in a weekend tweet widely known to be aimed at four Democratic congresswomen. Kleeb said that Reps. Don Bacon, Jeff Fortenberry and Adrian Smith and Sens. Ben Sasse and Deb Fischer &#8212; all Republicans and all remaining silent &#8230; <a title=\"Kleeb del NDP: La delegaci\u00f3n del Congreso del Partido Republicano de Nebraska debe denunciar a Trump por un tuit racista\" class=\"read-more\" href=\"https:\/\/nebraskademocrats.org\/es\/blog\/ndps-kleeb-nebraskas-gop-congressional-delegation-must-call-out-trump-for-racist-tweet\/\" aria-label=\"More on NDP\u2019s Kleeb: Nebraska\u2019s GOP Congressional Delegation Must Call Out Trump for Racist Tweet\">Lee mas<\/a><\/p>","protected":false},"author":19,"featured_media":0,"comment_status":"closed","ping_status":"closed","sticky":false,"template":"","format":"standard","meta":{"_acf_changed":false,"_exactmetrics_skip_tracking":false,"_exactmetrics_sitenote_active":false,"_exactmetrics_sitenote_note":"","_exactmetrics_sitenote_category":0,"footnotes":""},"categories":[1],"tags":[],"class_list":["post-9059","post","type-post","status-publish","format-standard","hentry","category-blog"],"acf":[],"yoast_head":"<!-- This site is optimized with the Yoast SEO plugin v27.5 - https:\/\/yoast.com\/product\/yoast-seo-wordpress\/ -->\n<title>NDP\u2019s Kleeb: Nebraska\u2019s GOP Congressional Delegation Must Call Out Trump for Racist Tweet &#8211; Nebraska Democratic Party<\/title>\n<meta name=\"robots\" content=\"index, follow, max-snippet:-1, max-image-preview:large, max-video-preview:-1\" \/>\n<link rel=\"canonical\" href=\"https:\/\/nebraskademocrats.org\/es\/blog\/ndps-kleeb-nebraskas-gop-congressional-delegation-must-call-out-trump-for-racist-tweet\/\" \/>\n<meta property=\"og:locale\" content=\"es_MX\" \/>\n<meta property=\"og:type\" content=\"article\" \/>\n<meta property=\"og:title\" content=\"NDP\u2019s Kleeb: Nebraska\u2019s GOP Congressional Delegation Must Call Out Trump for Racist Tweet &#8211; Nebraska Democratic Party\" \/>\n<meta property=\"og:description\" content=\"NDP Chair Jane Kleeb on Monday pressed Nebraska\u2019s congressional delegation to condemn racist comments President Trump made in a weekend tweet widely known to be aimed at four Democratic congresswomen. Kleeb said that Reps. Don Bacon, Jeff Fortenberry and Adrian Smith and Sens. Ben Sasse and Deb Fischer &#8212; all Republicans and all remaining silent ... Read more\" \/>\n<meta property=\"og:url\" content=\"https:\/\/nebraskademocrats.org\/es\/blog\/ndps-kleeb-nebraskas-gop-congressional-delegation-must-call-out-trump-for-racist-tweet\/\" \/>\n<meta property=\"og:site_name\" content=\"Nebraska Democratic Party\" \/>\n<meta property=\"article:publisher\" content=\"https:\/\/www.facebook.com\/NebraskaDemocraticParty\/\" \/>\n<meta property=\"article:published_time\" content=\"2019-07-15T15:09:40+00:00\" \/>\n<meta property=\"og:image\" content=\"https:\/\/nebraskademocrats.org\/wp-content\/uploads\/2018\/09\/ne-dems-fb.jpg\" \/>\n\t<meta property=\"og:image:width\" content=\"1200\" \/>\n\t<meta property=\"og:image:height\" content=\"630\" \/>\n\t<meta property=\"og:image:type\" content=\"image\/jpeg\" \/>\n<meta name=\"author\" content=\"Precious McKesson\" \/>\n<meta name=\"twitter:card\" content=\"summary_large_image\" \/>\n<meta name=\"twitter:creator\" content=\"@nebraskadems\" \/>\n<meta name=\"twitter:site\" content=\"@nebraskadems\" \/>\n<meta name=\"twitter:label1\" content=\"Escrito por\" \/>\n\t<meta name=\"twitter:data1\" content=\"Precious McKesson\" \/>\n\t<meta name=\"twitter:label2\" content=\"Tiempo de lectura\" \/>\n\t<meta name=\"twitter:data2\" content=\"2 minutos\" \/>\n<script type=\"application\/ld+json\" class=\"yoast-schema-graph\">{\"@context\":\"https:\\\/\\\/schema.org\",\"@graph\":[{\"@type\":\"Article\",\"@id\":\"https:\\\/\\\/nebraskademocrats.org\\\/blog\\\/ndps-kleeb-nebraskas-gop-congressional-delegation-must-call-out-trump-for-racist-tweet\\\/#article\",\"isPartOf\":{\"@id\":\"https:\\\/\\\/nebraskademocrats.org\\\/blog\\\/ndps-kleeb-nebraskas-gop-congressional-delegation-must-call-out-trump-for-racist-tweet\\\/\"},\"author\":{\"name\":\"Precious McKesson\",\"@id\":\"https:\\\/\\\/nebraskademocrats.org\\\/#\\\/schema\\\/person\\\/33e011ea0795f404810dc40828bcf289\"},\"headline\":\"NDP\u2019s Kleeb: Nebraska\u2019s GOP Congressional Delegation Must Call Out Trump for Racist Tweet\",\"datePublished\":\"2019-07-15T15:09:40+00:00\",\"mainEntityOfPage\":{\"@id\":\"https:\\\/\\\/nebraskademocrats.org\\\/blog\\\/ndps-kleeb-nebraskas-gop-congressional-delegation-must-call-out-trump-for-racist-tweet\\\/\"},\"wordCount\":330,\"publisher\":{\"@id\":\"https:\\\/\\\/nebraskademocrats.org\\\/#organization\"},\"articleSection\":[\"NDP Blog\"],\"inLanguage\":\"es\"},{\"@type\":\"WebPage\",\"@id\":\"https:\\\/\\\/nebraskademocrats.org\\\/blog\\\/ndps-kleeb-nebraskas-gop-congressional-delegation-must-call-out-trump-for-racist-tweet\\\/\",\"url\":\"https:\\\/\\\/nebraskademocrats.org\\\/blog\\\/ndps-kleeb-nebraskas-gop-congressional-delegation-must-call-out-trump-for-racist-tweet\\\/\",\"name\":\"NDP\u2019s Kleeb: Nebraska\u2019s GOP Congressional Delegation Must Call Out Trump for Racist Tweet &#8211; Nebraska Democratic Party\",\"isPartOf\":{\"@id\":\"https:\\\/\\\/nebraskademocrats.org\\\/#website\"},\"datePublished\":\"2019-07-15T15:09:40+00:00\",\"breadcrumb\":{\"@id\":\"https:\\\/\\\/nebraskademocrats.org\\\/blog\\\/ndps-kleeb-nebraskas-gop-congressional-delegation-must-call-out-trump-for-racist-tweet\\\/#breadcrumb\"},\"inLanguage\":\"es\",\"potentialAction\":[{\"@type\":\"ReadAction\",\"target\":[\"https:\\\/\\\/nebraskademocrats.org\\\/blog\\\/ndps-kleeb-nebraskas-gop-congressional-delegation-must-call-out-trump-for-racist-tweet\\\/\"]}]},{\"@type\":\"BreadcrumbList\",\"@id\":\"https:\\\/\\\/nebraskademocrats.org\\\/blog\\\/ndps-kleeb-nebraskas-gop-congressional-delegation-must-call-out-trump-for-racist-tweet\\\/#breadcrumb\",\"itemListElement\":[{\"@type\":\"ListItem\",\"position\":1,\"name\":\"Home\",\"item\":\"https:\\\/\\\/nebraskademocrats.org\\\/\"},{\"@type\":\"ListItem\",\"position\":2,\"name\":\"NDP\u2019s Kleeb: Nebraska\u2019s GOP Congressional Delegation Must Call Out Trump for Racist Tweet\"}]},{\"@type\":\"WebSite\",\"@id\":\"https:\\\/\\\/nebraskademocrats.org\\\/#website\",\"url\":\"https:\\\/\\\/nebraskademocrats.org\\\/\",\"name\":\"Nebraska Democratic Party\",\"description\":\"Growing the Good Life for All Nebraskans\",\"publisher\":{\"@id\":\"https:\\\/\\\/nebraskademocrats.org\\\/#organization\"},\"potentialAction\":[{\"@type\":\"SearchAction\",\"target\":{\"@type\":\"EntryPoint\",\"urlTemplate\":\"https:\\\/\\\/nebraskademocrats.org\\\/?s={search_term_string}\"},\"query-input\":{\"@type\":\"PropertyValueSpecification\",\"valueRequired\":true,\"valueName\":\"search_term_string\"}}],\"inLanguage\":\"es\"},{\"@type\":\"Organization\",\"@id\":\"https:\\\/\\\/nebraskademocrats.org\\\/#organization\",\"name\":\"Nebraska Democratic Party\",\"url\":\"https:\\\/\\\/nebraskademocrats.org\\\/\",\"logo\":{\"@type\":\"ImageObject\",\"inLanguage\":\"es\",\"@id\":\"https:\\\/\\\/nebraskademocrats.org\\\/#\\\/schema\\\/logo\\\/image\\\/\",\"url\":\"https:\\\/\\\/nebraskadem.wpenginepowered.com\\\/wp-content\\\/uploads\\\/2016\\\/05\\\/NDP2.jpg\",\"contentUrl\":\"https:\\\/\\\/nebraskadem.wpenginepowered.com\\\/wp-content\\\/uploads\\\/2016\\\/05\\\/NDP2.jpg\",\"width\":1000,\"height\":396,\"caption\":\"Nebraska Democratic Party\"},\"image\":{\"@id\":\"https:\\\/\\\/nebraskademocrats.org\\\/#\\\/schema\\\/logo\\\/image\\\/\"},\"sameAs\":[\"https:\\\/\\\/www.facebook.com\\\/NebraskaDemocraticParty\\\/\",\"https:\\\/\\\/x.com\\\/nebraskadems\"]},{\"@type\":\"Person\",\"@id\":\"https:\\\/\\\/nebraskademocrats.org\\\/#\\\/schema\\\/person\\\/33e011ea0795f404810dc40828bcf289\",\"name\":\"Precious McKesson\",\"image\":{\"@type\":\"ImageObject\",\"inLanguage\":\"es\",\"@id\":\"https:\\\/\\\/secure.gravatar.com\\\/avatar\\\/35046e19b3373116ec64c07d386d3312028d3820dc0ffe65c344bcebc8ea9194?s=96&d=mm&r=g\",\"url\":\"https:\\\/\\\/secure.gravatar.com\\\/avatar\\\/35046e19b3373116ec64c07d386d3312028d3820dc0ffe65c344bcebc8ea9194?s=96&d=mm&r=g\",\"contentUrl\":\"https:\\\/\\\/secure.gravatar.com\\\/avatar\\\/35046e19b3373116ec64c07d386d3312028d3820dc0ffe65c344bcebc8ea9194?s=96&d=mm&r=g\",\"caption\":\"Precious McKesson\"}}]}<\/script>\n<!-- \/ Yoast SEO plugin. -->","yoast_head_json":{"title":"NDP\u2019s Kleeb: Nebraska\u2019s GOP Congressional Delegation Must Call Out Trump for Racist Tweet &#8211; Nebraska Democratic Party","robots":{"index":"index","follow":"follow","max-snippet":"max-snippet:-1","max-image-preview":"max-image-preview:large","max-video-preview":"max-video-preview:-1"},"canonical":"https:\/\/nebraskademocrats.org\/es\/blog\/ndps-kleeb-nebraskas-gop-congressional-delegation-must-call-out-trump-for-racist-tweet\/","og_locale":"es_MX","og_type":"article","og_title":"NDP\u2019s Kleeb: Nebraska\u2019s GOP Congressional Delegation Must Call Out Trump for Racist Tweet &#8211; Nebraska Democratic Party","og_description":"NDP Chair Jane Kleeb on Monday pressed Nebraska\u2019s congressional delegation to condemn racist comments President Trump made in a weekend tweet widely known to be aimed at four Democratic congresswomen. Kleeb said that Reps. Don Bacon, Jeff Fortenberry and Adrian Smith and Sens. Ben Sasse and Deb Fischer &#8212; all Republicans and all remaining silent ... Read more","og_url":"https:\/\/nebraskademocrats.org\/es\/blog\/ndps-kleeb-nebraskas-gop-congressional-delegation-must-call-out-trump-for-racist-tweet\/","og_site_name":"Nebraska Democratic Party","article_publisher":"https:\/\/www.facebook.com\/NebraskaDemocraticParty\/","article_published_time":"2019-07-15T15:09:40+00:00","og_image":[{"width":1200,"height":630,"url":"https:\/\/nebraskademocrats.org\/wp-content\/uploads\/2018\/09\/ne-dems-fb.jpg","type":"image\/jpeg"}],"author":"Precious McKesson","twitter_card":"summary_large_image","twitter_creator":"@nebraskadems","twitter_site":"@nebraskadems","twitter_misc":{"Escrito por":"Precious McKesson","Tiempo de lectura":"2 minutos"},"schema":{"@context":"https:\/\/schema.org","@graph":[{"@type":"Article","@id":"https:\/\/nebraskademocrats.org\/blog\/ndps-kleeb-nebraskas-gop-congressional-delegation-must-call-out-trump-for-racist-tweet\/#article","isPartOf":{"@id":"https:\/\/nebraskademocrats.org\/blog\/ndps-kleeb-nebraskas-gop-congressional-delegation-must-call-out-trump-for-racist-tweet\/"},"author":{"name":"Precious McKesson","@id":"https:\/\/nebraskademocrats.org\/#\/schema\/person\/33e011ea0795f404810dc40828bcf289"},"headline":"NDP\u2019s Kleeb: Nebraska\u2019s GOP Congressional Delegation Must Call Out Trump for Racist Tweet","datePublished":"2019-07-15T15:09:40+00:00","mainEntityOfPage":{"@id":"https:\/\/nebraskademocrats.org\/blog\/ndps-kleeb-nebraskas-gop-congressional-delegation-must-call-out-trump-for-racist-tweet\/"},"wordCount":330,"publisher":{"@id":"https:\/\/nebraskademocrats.org\/#organization"},"articleSection":["NDP Blog"],"inLanguage":"es"},{"@type":"WebPage","@id":"https:\/\/nebraskademocrats.org\/blog\/ndps-kleeb-nebraskas-gop-congressional-delegation-must-call-out-trump-for-racist-tweet\/","url":"https:\/\/nebraskademocrats.org\/blog\/ndps-kleeb-nebraskas-gop-congressional-delegation-must-call-out-trump-for-racist-tweet\/","name":"NDP\u2019s Kleeb: Nebraska\u2019s GOP Congressional Delegation Must Call Out Trump for Racist Tweet &#8211; Nebraska Democratic Party","isPartOf":{"@id":"https:\/\/nebraskademocrats.org\/#website"},"datePublished":"2019-07-15T15:09:40+00:00","breadcrumb":{"@id":"https:\/\/nebraskademocrats.org\/blog\/ndps-kleeb-nebraskas-gop-congressional-delegation-must-call-out-trump-for-racist-tweet\/#breadcrumb"},"inLanguage":"es","potentialAction":[{"@type":"ReadAction","target":["https:\/\/nebraskademocrats.org\/blog\/ndps-kleeb-nebraskas-gop-congressional-delegation-must-call-out-trump-for-racist-tweet\/"]}]},{"@type":"BreadcrumbList","@id":"https:\/\/nebraskademocrats.org\/blog\/ndps-kleeb-nebraskas-gop-congressional-delegation-must-call-out-trump-for-racist-tweet\/#breadcrumb","itemListElement":[{"@type":"ListItem","position":1,"name":"Home","item":"https:\/\/nebraskademocrats.org\/"},{"@type":"ListItem","position":2,"name":"NDP\u2019s Kleeb: Nebraska\u2019s GOP Congressional Delegation Must Call Out Trump for Racist Tweet"}]},{"@type":"WebSite","@id":"https:\/\/nebraskademocrats.org\/#website","url":"https:\/\/nebraskademocrats.org\/","name":"Partido Dem\u00f3crata de Nebraska","description":"Cultivando la buena vida para todos los nebraskenses","publisher":{"@id":"https:\/\/nebraskademocrats.org\/#organization"},"potentialAction":[{"@type":"SearchAction","target":{"@type":"EntryPoint","urlTemplate":"https:\/\/nebraskademocrats.org\/?s={search_term_string}"},"query-input":{"@type":"PropertyValueSpecification","valueRequired":true,"valueName":"search_term_string"}}],"inLanguage":"es"},{"@type":"Organization","@id":"https:\/\/nebraskademocrats.org\/#organization","name":"Partido Dem\u00f3crata de Nebraska","url":"https:\/\/nebraskademocrats.org\/","logo":{"@type":"ImageObject","inLanguage":"es","@id":"https:\/\/nebraskademocrats.org\/#\/schema\/logo\/image\/","url":"https:\/\/nebraskadem.wpenginepowered.com\/wp-content\/uploads\/2016\/05\/NDP2.jpg","contentUrl":"https:\/\/nebraskadem.wpenginepowered.com\/wp-content\/uploads\/2016\/05\/NDP2.jpg","width":1000,"height":396,"caption":"Nebraska Democratic Party"},"image":{"@id":"https:\/\/nebraskademocrats.org\/#\/schema\/logo\/image\/"},"sameAs":["https:\/\/www.facebook.com\/NebraskaDemocraticParty\/","https:\/\/x.com\/nebraskadems"]},{"@type":"Person","@id":"https:\/\/nebraskademocrats.org\/#\/schema\/person\/33e011ea0795f404810dc40828bcf289","name":"Precioso McKesson","image":{"@type":"ImageObject","inLanguage":"es","@id":"https:\/\/secure.gravatar.com\/avatar\/35046e19b3373116ec64c07d386d3312028d3820dc0ffe65c344bcebc8ea9194?s=96&d=mm&r=g","url":"https:\/\/secure.gravatar.com\/avatar\/35046e19b3373116ec64c07d386d3312028d3820dc0ffe65c344bcebc8ea9194?s=96&d=mm&r=g","contentUrl":"https:\/\/secure.gravatar.com\/avatar\/35046e19b3373116ec64c07d386d3312028d3820dc0ffe65c344bcebc8ea9194?s=96&d=mm&r=g","caption":"Precious McKesson"}}]}},"_links":{"self":[{"href":"https:\/\/nebraskademocrats.org\/es\/wp-json\/wp\/v2\/posts\/9059","targetHints":{"allow":["GET"]}}],"collection":[{"href":"https:\/\/nebraskademocrats.org\/es\/wp-json\/wp\/v2\/posts"}],"about":[{"href":"https:\/\/nebraskademocrats.org\/es\/wp-json\/wp\/v2\/types\/post"}],"author":[{"embeddable":true,"href":"https:\/\/nebraskademocrats.org\/es\/wp-json\/wp\/v2\/users\/19"}],"replies":[{"embeddable":true,"href":"https:\/\/nebraskademocrats.org\/es\/wp-json\/wp\/v2\/comments?post=9059"}],"version-history":[{"count":0,"href":"https:\/\/nebraskademocrats.org\/es\/wp-json\/wp\/v2\/posts\/9059\/revisions"}],"wp:attachment":[{"href":"https:\/\/nebraskademocrats.org\/es\/wp-json\/wp\/v2\/media?parent=9059"}],"wp:term":[{"taxonomy":"category","embeddable":true,"href":"https:\/\/nebraskademocrats.org\/es\/wp-json\/wp\/v2\/categories?post=9059"},{"taxonomy":"post_tag","embeddable":true,"href":"https:\/\/nebraskademocrats.org\/es\/wp-json\/wp\/v2\/tags?post=9059"}],"curies":[{"name":"wp","href":"https:\/\/api.w.org\/{rel}","templated":true}]}}