{"id":11342,"date":"2020-01-13T09:25:27","date_gmt":"2020-01-13T15:25:27","guid":{"rendered":"https:\/\/nebraskadem.wpenginepowered.com\/?p=11342"},"modified":"2020-01-13T09:25:27","modified_gmt":"2020-01-13T15:25:27","slug":"ndp-reminds-independents-that-they-can-vote-in-the-democratic-primary","status":"publish","type":"post","link":"https:\/\/nebraskademocrats.org\/su\/press-releases\/ndp-reminds-independents-that-they-can-vote-in-the-democratic-primary\/","title":{"rendered":"NDP Ngingetkeun Independen y\u00e9n \u00c9ta Bisa Milih dina Dasar D\u00e9mokratik"},"content":{"rendered":"<p><img fetchpriority=\"high\" decoding=\"async\" class=\"size-medium wp-image-11343 aligncenter\" src=\"https:\/\/nebraskadem.wpenginepowered.com\/wp-content\/uploads\/2020\/01\/NEBDEMS_Request_VBM_SQ_2-300x300.png\" alt=\"\" width=\"300\" height=\"300\" srcset=\"https:\/\/nebraskademocrats.org\/wp-content\/uploads\/2020\/01\/NEBDEMS_Request_VBM_SQ_2-300x300.png 300w, https:\/\/nebraskademocrats.org\/wp-content\/uploads\/2020\/01\/NEBDEMS_Request_VBM_SQ_2-1024x1024.png 1024w, https:\/\/nebraskademocrats.org\/wp-content\/uploads\/2020\/01\/NEBDEMS_Request_VBM_SQ_2-150x150.png 150w, https:\/\/nebraskademocrats.org\/wp-content\/uploads\/2020\/01\/NEBDEMS_Request_VBM_SQ_2-768x768.png 768w, https:\/\/nebraskademocrats.org\/wp-content\/uploads\/2020\/01\/NEBDEMS_Request_VBM_SQ_2.png 1080w\" sizes=\"(max-width: 300px) 100vw, 300px\" \/><\/p>\n<p><span style=\"font-weight: 400;\">Today marks the first day that Nebraska voters can request a Vote-by-Mail ballot for the 2020 election cycle, and the NDP would like to remind Independent voters that they now can ask for a Democratic ballot and participate in the May Primary Election.<\/span><\/p>\n<p><span style=\"font-weight: 400;\">This will be the first year where Independent votes will count towards the presidential nomination process in our state.<\/span><\/p>\n<p><span style=\"font-weight: 400;\">The Nebraska Democratic Party voted to allow unaffiliated voters &#8212; Independents &#8212; to cast ballots in the 2020 presidential primary. The Republican Party does not allow Independents to vote in their primary.<\/span><\/p>\n<p><span style=\"font-weight: 400;\">We moved from a caucus to a primary to ensure more access to the ballot and to help us identify Independent voters who agree with our issues and values.<\/span><\/p>\n<p><span style=\"font-weight: 400;\">&#8220;Voting by mail is easy, and we want to include Independent voters in the primary process,\u201d said NDP Chair Jane Kleeb. \u201cTogether, we are changing the political landscape to one that lives up to the phrase \u2018We The People.\u2019\u00a0 It\u2019s the best way to get Democrats elected.\u201d<\/span><\/p>\n<p><span style=\"font-weight: 400;\">When Independents <\/span><a href=\"https:\/\/sos.nebraska.gov\/elections\/early-voting\"><b>apply for a Vote-by Mail Ballot<\/b><\/a><span style=\"font-weight: 400;\">, <\/span><span style=\"font-weight: 400;\">all they have to do is write \u201cI request a Democratic Ballot\u201d on the application<\/span><b>.<\/b><\/p>","protected":false},"excerpt":{"rendered":"<p>Today marks the first day that Nebraska voters can request a Vote-by-Mail ballot for the 2020 election cycle, and the NDP would like to remind Independent voters that they now can ask for a Democratic ballot and participate in the May Primary Election. This will be the first year where Independent votes will count towards &#8230; <a title=\"NDP Ngingetkeun Independen y\u00e9n \u00c9ta Bisa Milih dina Dasar D\u00e9mokratik\" class=\"read-more\" href=\"https:\/\/nebraskademocrats.org\/su\/press-releases\/ndp-reminds-independents-that-they-can-vote-in-the-democratic-primary\/\" aria-label=\"More on NDP Reminds Independents that They Can Vote in the Democratic Primary\">Maca deui<\/a><\/p>","protected":false},"author":19,"featured_media":0,"comment_status":"closed","ping_status":"closed","sticky":false,"template":"","format":"standard","meta":{"_acf_changed":false,"_exactmetrics_skip_tracking":false,"_exactmetrics_sitenote_active":false,"_exactmetrics_sitenote_note":"","_exactmetrics_sitenote_category":0,"footnotes":""},"categories":[4],"tags":[],"class_list":["post-11342","post","type-post","status-publish","format-standard","hentry","category-press-releases"],"acf":[],"yoast_head":"<!-- This site is optimized with the Yoast SEO plugin v27.4 - https:\/\/yoast.com\/product\/yoast-seo-wordpress\/ -->\n<title>NDP Reminds Independents that They Can Vote in the Democratic Primary &#8211; Nebraska Democratic Party<\/title>\n<meta name=\"robots\" content=\"index, follow, max-snippet:-1, max-image-preview:large, max-video-preview:-1\" \/>\n<link rel=\"canonical\" href=\"https:\/\/nebraskademocrats.org\/su\/press-releases\/ndp-reminds-independents-that-they-can-vote-in-the-democratic-primary\/\" \/>\n<meta property=\"og:locale\" content=\"en_US\" \/>\n<meta property=\"og:type\" content=\"article\" \/>\n<meta property=\"og:title\" content=\"NDP Reminds Independents that They Can Vote in the Democratic Primary &#8211; Nebraska Democratic Party\" \/>\n<meta property=\"og:description\" content=\"Today marks the first day that Nebraska voters can request a Vote-by-Mail ballot for the 2020 election cycle, and the NDP would like to remind Independent voters that they now can ask for a Democratic ballot and participate in the May Primary Election. This will be the first year where Independent votes will count towards ... Read more\" \/>\n<meta property=\"og:url\" content=\"https:\/\/nebraskademocrats.org\/su\/press-releases\/ndp-reminds-independents-that-they-can-vote-in-the-democratic-primary\/\" \/>\n<meta property=\"og:site_name\" content=\"Nebraska Democratic Party\" \/>\n<meta property=\"article:publisher\" content=\"https:\/\/www.facebook.com\/NebraskaDemocraticParty\/\" \/>\n<meta property=\"article:published_time\" content=\"2020-01-13T15:25:27+00:00\" \/>\n<meta property=\"og:image\" content=\"https:\/\/nebraskadem.wpenginepowered.com\/wp-content\/uploads\/2020\/01\/NEBDEMS_Request_VBM_SQ_2-300x300.png\" \/>\n<meta name=\"author\" content=\"Precious McKesson\" \/>\n<meta name=\"twitter:card\" content=\"summary_large_image\" \/>\n<meta name=\"twitter:creator\" content=\"@nebraskadems\" \/>\n<meta name=\"twitter:site\" content=\"@nebraskadems\" \/>\n<meta name=\"twitter:label1\" content=\"Written by\" \/>\n\t<meta name=\"twitter:data1\" content=\"Precious McKesson\" \/>\n\t<meta name=\"twitter:label2\" content=\"Est. reading time\" \/>\n\t<meta name=\"twitter:data2\" content=\"1 minute\" \/>\n<script type=\"application\/ld+json\" class=\"yoast-schema-graph\">{\"@context\":\"https:\\\/\\\/schema.org\",\"@graph\":[{\"@type\":\"Article\",\"@id\":\"https:\\\/\\\/nebraskademocrats.org\\\/press-releases\\\/ndp-reminds-independents-that-they-can-vote-in-the-democratic-primary\\\/#article\",\"isPartOf\":{\"@id\":\"https:\\\/\\\/nebraskademocrats.org\\\/press-releases\\\/ndp-reminds-independents-that-they-can-vote-in-the-democratic-primary\\\/\"},\"author\":{\"name\":\"Precious McKesson\",\"@id\":\"https:\\\/\\\/nebraskademocrats.org\\\/#\\\/schema\\\/person\\\/33e011ea0795f404810dc40828bcf289\"},\"headline\":\"NDP Reminds Independents that They Can Vote in the Democratic Primary\",\"datePublished\":\"2020-01-13T15:25:27+00:00\",\"mainEntityOfPage\":{\"@id\":\"https:\\\/\\\/nebraskademocrats.org\\\/press-releases\\\/ndp-reminds-independents-that-they-can-vote-in-the-democratic-primary\\\/\"},\"wordCount\":203,\"publisher\":{\"@id\":\"https:\\\/\\\/nebraskademocrats.org\\\/#organization\"},\"image\":{\"@id\":\"https:\\\/\\\/nebraskademocrats.org\\\/press-releases\\\/ndp-reminds-independents-that-they-can-vote-in-the-democratic-primary\\\/#primaryimage\"},\"thumbnailUrl\":\"https:\\\/\\\/nebraskadem.wpenginepowered.com\\\/wp-content\\\/uploads\\\/2020\\\/01\\\/NEBDEMS_Request_VBM_SQ_2-300x300.png\",\"articleSection\":[\"Press Releases\"],\"inLanguage\":\"su\"},{\"@type\":\"WebPage\",\"@id\":\"https:\\\/\\\/nebraskademocrats.org\\\/press-releases\\\/ndp-reminds-independents-that-they-can-vote-in-the-democratic-primary\\\/\",\"url\":\"https:\\\/\\\/nebraskademocrats.org\\\/press-releases\\\/ndp-reminds-independents-that-they-can-vote-in-the-democratic-primary\\\/\",\"name\":\"NDP Reminds Independents that They Can Vote in the Democratic Primary &#8211; Nebraska Democratic Party\",\"isPartOf\":{\"@id\":\"https:\\\/\\\/nebraskademocrats.org\\\/#website\"},\"primaryImageOfPage\":{\"@id\":\"https:\\\/\\\/nebraskademocrats.org\\\/press-releases\\\/ndp-reminds-independents-that-they-can-vote-in-the-democratic-primary\\\/#primaryimage\"},\"image\":{\"@id\":\"https:\\\/\\\/nebraskademocrats.org\\\/press-releases\\\/ndp-reminds-independents-that-they-can-vote-in-the-democratic-primary\\\/#primaryimage\"},\"thumbnailUrl\":\"https:\\\/\\\/nebraskadem.wpenginepowered.com\\\/wp-content\\\/uploads\\\/2020\\\/01\\\/NEBDEMS_Request_VBM_SQ_2-300x300.png\",\"datePublished\":\"2020-01-13T15:25:27+00:00\",\"breadcrumb\":{\"@id\":\"https:\\\/\\\/nebraskademocrats.org\\\/press-releases\\\/ndp-reminds-independents-that-they-can-vote-in-the-democratic-primary\\\/#breadcrumb\"},\"inLanguage\":\"su\",\"potentialAction\":[{\"@type\":\"ReadAction\",\"target\":[\"https:\\\/\\\/nebraskademocrats.org\\\/press-releases\\\/ndp-reminds-independents-that-they-can-vote-in-the-democratic-primary\\\/\"]}]},{\"@type\":\"ImageObject\",\"inLanguage\":\"su\",\"@id\":\"https:\\\/\\\/nebraskademocrats.org\\\/press-releases\\\/ndp-reminds-independents-that-they-can-vote-in-the-democratic-primary\\\/#primaryimage\",\"url\":\"https:\\\/\\\/nebraskadem.wpenginepowered.com\\\/wp-content\\\/uploads\\\/2020\\\/01\\\/NEBDEMS_Request_VBM_SQ_2-300x300.png\",\"contentUrl\":\"https:\\\/\\\/nebraskadem.wpenginepowered.com\\\/wp-content\\\/uploads\\\/2020\\\/01\\\/NEBDEMS_Request_VBM_SQ_2-300x300.png\"},{\"@type\":\"BreadcrumbList\",\"@id\":\"https:\\\/\\\/nebraskademocrats.org\\\/press-releases\\\/ndp-reminds-independents-that-they-can-vote-in-the-democratic-primary\\\/#breadcrumb\",\"itemListElement\":[{\"@type\":\"ListItem\",\"position\":1,\"name\":\"Home\",\"item\":\"https:\\\/\\\/nebraskademocrats.org\\\/\"},{\"@type\":\"ListItem\",\"position\":2,\"name\":\"NDP Reminds Independents that They Can Vote in the Democratic Primary\"}]},{\"@type\":\"WebSite\",\"@id\":\"https:\\\/\\\/nebraskademocrats.org\\\/#website\",\"url\":\"https:\\\/\\\/nebraskademocrats.org\\\/\",\"name\":\"Nebraska Democratic Party\",\"description\":\"Growing the Good Life for All Nebraskans\",\"publisher\":{\"@id\":\"https:\\\/\\\/nebraskademocrats.org\\\/#organization\"},\"potentialAction\":[{\"@type\":\"SearchAction\",\"target\":{\"@type\":\"EntryPoint\",\"urlTemplate\":\"https:\\\/\\\/nebraskademocrats.org\\\/?s={search_term_string}\"},\"query-input\":{\"@type\":\"PropertyValueSpecification\",\"valueRequired\":true,\"valueName\":\"search_term_string\"}}],\"inLanguage\":\"su\"},{\"@type\":\"Organization\",\"@id\":\"https:\\\/\\\/nebraskademocrats.org\\\/#organization\",\"name\":\"Nebraska Democratic Party\",\"url\":\"https:\\\/\\\/nebraskademocrats.org\\\/\",\"logo\":{\"@type\":\"ImageObject\",\"inLanguage\":\"su\",\"@id\":\"https:\\\/\\\/nebraskademocrats.org\\\/#\\\/schema\\\/logo\\\/image\\\/\",\"url\":\"https:\\\/\\\/nebraskadem.wpenginepowered.com\\\/wp-content\\\/uploads\\\/2016\\\/05\\\/NDP2.jpg\",\"contentUrl\":\"https:\\\/\\\/nebraskadem.wpenginepowered.com\\\/wp-content\\\/uploads\\\/2016\\\/05\\\/NDP2.jpg\",\"width\":1000,\"height\":396,\"caption\":\"Nebraska Democratic Party\"},\"image\":{\"@id\":\"https:\\\/\\\/nebraskademocrats.org\\\/#\\\/schema\\\/logo\\\/image\\\/\"},\"sameAs\":[\"https:\\\/\\\/www.facebook.com\\\/NebraskaDemocraticParty\\\/\",\"https:\\\/\\\/x.com\\\/nebraskadems\"]},{\"@type\":\"Person\",\"@id\":\"https:\\\/\\\/nebraskademocrats.org\\\/#\\\/schema\\\/person\\\/33e011ea0795f404810dc40828bcf289\",\"name\":\"Precious McKesson\",\"image\":{\"@type\":\"ImageObject\",\"inLanguage\":\"su\",\"@id\":\"https:\\\/\\\/secure.gravatar.com\\\/avatar\\\/35046e19b3373116ec64c07d386d3312028d3820dc0ffe65c344bcebc8ea9194?s=96&d=mm&r=g\",\"url\":\"https:\\\/\\\/secure.gravatar.com\\\/avatar\\\/35046e19b3373116ec64c07d386d3312028d3820dc0ffe65c344bcebc8ea9194?s=96&d=mm&r=g\",\"contentUrl\":\"https:\\\/\\\/secure.gravatar.com\\\/avatar\\\/35046e19b3373116ec64c07d386d3312028d3820dc0ffe65c344bcebc8ea9194?s=96&d=mm&r=g\",\"caption\":\"Precious McKesson\"}}]}<\/script>\n<!-- \/ Yoast SEO plugin. -->","yoast_head_json":{"title":"NDP Reminds Independents that They Can Vote in the Democratic Primary &#8211; Nebraska Democratic Party","robots":{"index":"index","follow":"follow","max-snippet":"max-snippet:-1","max-image-preview":"max-image-preview:large","max-video-preview":"max-video-preview:-1"},"canonical":"https:\/\/nebraskademocrats.org\/su\/press-releases\/ndp-reminds-independents-that-they-can-vote-in-the-democratic-primary\/","og_locale":"en_US","og_type":"article","og_title":"NDP Reminds Independents that They Can Vote in the Democratic Primary &#8211; Nebraska Democratic Party","og_description":"Today marks the first day that Nebraska voters can request a Vote-by-Mail ballot for the 2020 election cycle, and the NDP would like to remind Independent voters that they now can ask for a Democratic ballot and participate in the May Primary Election. This will be the first year where Independent votes will count towards ... Read more","og_url":"https:\/\/nebraskademocrats.org\/su\/press-releases\/ndp-reminds-independents-that-they-can-vote-in-the-democratic-primary\/","og_site_name":"Nebraska Democratic Party","article_publisher":"https:\/\/www.facebook.com\/NebraskaDemocraticParty\/","article_published_time":"2020-01-13T15:25:27+00:00","og_image":[{"url":"https:\/\/nebraskadem.wpenginepowered.com\/wp-content\/uploads\/2020\/01\/NEBDEMS_Request_VBM_SQ_2-300x300.png","type":"","width":"","height":""}],"author":"Precious McKesson","twitter_card":"summary_large_image","twitter_creator":"@nebraskadems","twitter_site":"@nebraskadems","twitter_misc":{"Written by":"Precious McKesson","Est. reading time":"1 minute"},"schema":{"@context":"https:\/\/schema.org","@graph":[{"@type":"Article","@id":"https:\/\/nebraskademocrats.org\/press-releases\/ndp-reminds-independents-that-they-can-vote-in-the-democratic-primary\/#article","isPartOf":{"@id":"https:\/\/nebraskademocrats.org\/press-releases\/ndp-reminds-independents-that-they-can-vote-in-the-democratic-primary\/"},"author":{"name":"Precious McKesson","@id":"https:\/\/nebraskademocrats.org\/#\/schema\/person\/33e011ea0795f404810dc40828bcf289"},"headline":"NDP Reminds Independents that They Can Vote in the Democratic Primary","datePublished":"2020-01-13T15:25:27+00:00","mainEntityOfPage":{"@id":"https:\/\/nebraskademocrats.org\/press-releases\/ndp-reminds-independents-that-they-can-vote-in-the-democratic-primary\/"},"wordCount":203,"publisher":{"@id":"https:\/\/nebraskademocrats.org\/#organization"},"image":{"@id":"https:\/\/nebraskademocrats.org\/press-releases\/ndp-reminds-independents-that-they-can-vote-in-the-democratic-primary\/#primaryimage"},"thumbnailUrl":"https:\/\/nebraskadem.wpenginepowered.com\/wp-content\/uploads\/2020\/01\/NEBDEMS_Request_VBM_SQ_2-300x300.png","articleSection":["Press Releases"],"inLanguage":"su"},{"@type":"WebPage","@id":"https:\/\/nebraskademocrats.org\/press-releases\/ndp-reminds-independents-that-they-can-vote-in-the-democratic-primary\/","url":"https:\/\/nebraskademocrats.org\/press-releases\/ndp-reminds-independents-that-they-can-vote-in-the-democratic-primary\/","name":"NDP Reminds Independents that They Can Vote in the Democratic Primary &#8211; Nebraska Democratic Party","isPartOf":{"@id":"https:\/\/nebraskademocrats.org\/#website"},"primaryImageOfPage":{"@id":"https:\/\/nebraskademocrats.org\/press-releases\/ndp-reminds-independents-that-they-can-vote-in-the-democratic-primary\/#primaryimage"},"image":{"@id":"https:\/\/nebraskademocrats.org\/press-releases\/ndp-reminds-independents-that-they-can-vote-in-the-democratic-primary\/#primaryimage"},"thumbnailUrl":"https:\/\/nebraskadem.wpenginepowered.com\/wp-content\/uploads\/2020\/01\/NEBDEMS_Request_VBM_SQ_2-300x300.png","datePublished":"2020-01-13T15:25:27+00:00","breadcrumb":{"@id":"https:\/\/nebraskademocrats.org\/press-releases\/ndp-reminds-independents-that-they-can-vote-in-the-democratic-primary\/#breadcrumb"},"inLanguage":"su","potentialAction":[{"@type":"ReadAction","target":["https:\/\/nebraskademocrats.org\/press-releases\/ndp-reminds-independents-that-they-can-vote-in-the-democratic-primary\/"]}]},{"@type":"ImageObject","inLanguage":"su","@id":"https:\/\/nebraskademocrats.org\/press-releases\/ndp-reminds-independents-that-they-can-vote-in-the-democratic-primary\/#primaryimage","url":"https:\/\/nebraskadem.wpenginepowered.com\/wp-content\/uploads\/2020\/01\/NEBDEMS_Request_VBM_SQ_2-300x300.png","contentUrl":"https:\/\/nebraskadem.wpenginepowered.com\/wp-content\/uploads\/2020\/01\/NEBDEMS_Request_VBM_SQ_2-300x300.png"},{"@type":"BreadcrumbList","@id":"https:\/\/nebraskademocrats.org\/press-releases\/ndp-reminds-independents-that-they-can-vote-in-the-democratic-primary\/#breadcrumb","itemListElement":[{"@type":"ListItem","position":1,"name":"Home","item":"https:\/\/nebraskademocrats.org\/"},{"@type":"ListItem","position":2,"name":"NDP Reminds Independents that They Can Vote in the Democratic Primary"}]},{"@type":"WebSite","@id":"https:\/\/nebraskademocrats.org\/#website","url":"https:\/\/nebraskademocrats.org\/","name":"Nebraska Democratic Party","description":"Tumuwuh Kahirupan Anu Sa\u00e9 pikeun Sadayana Nebraskan","publisher":{"@id":"https:\/\/nebraskademocrats.org\/#organization"},"potentialAction":[{"@type":"SearchAction","target":{"@type":"EntryPoint","urlTemplate":"https:\/\/nebraskademocrats.org\/?s={search_term_string}"},"query-input":{"@type":"PropertyValueSpecification","valueRequired":true,"valueName":"search_term_string"}}],"inLanguage":"su"},{"@type":"Organization","@id":"https:\/\/nebraskademocrats.org\/#organization","name":"Nebraska Democratic Party","url":"https:\/\/nebraskademocrats.org\/","logo":{"@type":"ImageObject","inLanguage":"su","@id":"https:\/\/nebraskademocrats.org\/#\/schema\/logo\/image\/","url":"https:\/\/nebraskadem.wpenginepowered.com\/wp-content\/uploads\/2016\/05\/NDP2.jpg","contentUrl":"https:\/\/nebraskadem.wpenginepowered.com\/wp-content\/uploads\/2016\/05\/NDP2.jpg","width":1000,"height":396,"caption":"Nebraska Democratic Party"},"image":{"@id":"https:\/\/nebraskademocrats.org\/#\/schema\/logo\/image\/"},"sameAs":["https:\/\/www.facebook.com\/NebraskaDemocraticParty\/","https:\/\/x.com\/nebraskadems"]},{"@type":"Person","@id":"https:\/\/nebraskademocrats.org\/#\/schema\/person\/33e011ea0795f404810dc40828bcf289","name":"McKesson mulia","image":{"@type":"ImageObject","inLanguage":"su","@id":"https:\/\/secure.gravatar.com\/avatar\/35046e19b3373116ec64c07d386d3312028d3820dc0ffe65c344bcebc8ea9194?s=96&d=mm&r=g","url":"https:\/\/secure.gravatar.com\/avatar\/35046e19b3373116ec64c07d386d3312028d3820dc0ffe65c344bcebc8ea9194?s=96&d=mm&r=g","contentUrl":"https:\/\/secure.gravatar.com\/avatar\/35046e19b3373116ec64c07d386d3312028d3820dc0ffe65c344bcebc8ea9194?s=96&d=mm&r=g","caption":"Precious McKesson"}}]}},"_links":{"self":[{"href":"https:\/\/nebraskademocrats.org\/su\/wp-json\/wp\/v2\/posts\/11342","targetHints":{"allow":["GET"]}}],"collection":[{"href":"https:\/\/nebraskademocrats.org\/su\/wp-json\/wp\/v2\/posts"}],"about":[{"href":"https:\/\/nebraskademocrats.org\/su\/wp-json\/wp\/v2\/types\/post"}],"author":[{"embeddable":true,"href":"https:\/\/nebraskademocrats.org\/su\/wp-json\/wp\/v2\/users\/19"}],"replies":[{"embeddable":true,"href":"https:\/\/nebraskademocrats.org\/su\/wp-json\/wp\/v2\/comments?post=11342"}],"version-history":[{"count":0,"href":"https:\/\/nebraskademocrats.org\/su\/wp-json\/wp\/v2\/posts\/11342\/revisions"}],"wp:attachment":[{"href":"https:\/\/nebraskademocrats.org\/su\/wp-json\/wp\/v2\/media?parent=11342"}],"wp:term":[{"taxonomy":"category","embeddable":true,"href":"https:\/\/nebraskademocrats.org\/su\/wp-json\/wp\/v2\/categories?post=11342"},{"taxonomy":"post_tag","embeddable":true,"href":"https:\/\/nebraskademocrats.org\/su\/wp-json\/wp\/v2\/tags?post=11342"}],"curies":[{"name":"wp","href":"https:\/\/api.w.org\/{rel}","templated":true}]}}