{"id":11556,"date":"2020-01-31T13:36:22","date_gmt":"2020-01-31T19:36:22","guid":{"rendered":"https:\/\/nebraskadem.wpenginepowered.com\/?p=11556"},"modified":"2020-01-31T15:57:54","modified_gmt":"2020-01-31T21:57:54","slug":"big-als-bull-and-more-nebdems-news","status":"publish","type":"post","link":"https:\/\/nebraskademocrats.org\/su\/blog\/big-als-bull-and-more-nebdems-news\/","title":{"rendered":"Big Al&#039;s Bull sareng seueur deui \u2014 #NebDems News"},"content":{"rendered":"<p><img fetchpriority=\"high\" decoding=\"async\" class=\"size-medium wp-image-6838 aligncenter\" src=\"https:\/\/nebraskadem.wpenginepowered.com\/wp-content\/uploads\/2018\/12\/NebDems-News-4-300x167.png\" alt=\"\" width=\"300\" height=\"167\" srcset=\"https:\/\/nebraskademocrats.org\/wp-content\/uploads\/2018\/12\/NebDems-News-4-300x167.png 300w, https:\/\/nebraskademocrats.org\/wp-content\/uploads\/2018\/12\/NebDems-News-4-768x427.png 768w, https:\/\/nebraskademocrats.org\/wp-content\/uploads\/2018\/12\/NebDems-News-4-1024x569.png 1024w, https:\/\/nebraskademocrats.org\/wp-content\/uploads\/2018\/12\/NebDems-News-4.png 1081w\" sizes=\"(max-width: 300px) 100vw, 300px\" \/><\/p>\n<p>Urang sadayana sakola minggu ieu salami sidang Impeachment S\u00e9nat ku Trump Legal Team Honcho\u00a0<strong>Alan &quot;Big Al&quot;\u00a0<\/strong><strong>Dershowitz.<\/strong><\/p>\n<p>Arguing y\u00e9n aya tilu motif mungkin pikeun pr\u00e9sid\u00e9n kalibet dina quid pro quo dina kawijakan luar nagri - kapentingan pribadi, kapentingan umum, sarta kapentingan finansial -\u00a0<a href=\"https:\/\/www.thedailybeast.com\/dershowitz-argues-quid-pro-quo-ok-because-trump-re-election-is-in-the-public-interest\"><strong>Dershowitz dikintunkeun<\/strong><\/a><strong>\u00a0<\/strong>y\u00e9n hiji pr\u00e9sid\u00e9n withholding duit ka nagara deungeun ngarah bakal mantuan dina pamilihan na bakal aya dina kapentingan umum, nu teu impeachable.<\/p>\n<p><em>&quot;Unggal pejabat publik anu kuring terang yakin y\u00e9n pamilihanna pikeun kapentingan umum, sareng kalolobaanana anjeun leres,&quot; saur Dershowitz. &quot;Pamilihan anjeun pikeun kapentingan umum, sareng upami pr\u00e9sid\u00e9n ngalakukeun hal anu anjeunna yakin bakal ngabantosan anjeunna kapilih pikeun kapentingan umum, \u00e9ta moal janten jinis quid pro quo anu nyababkeun impeachment.&quot;<\/em><\/p>\n<p>Samentawis \u00e9ta, S\u00e9nat anu dikuasai GOP sigana ngarengsekeun masalah panjara panjara bangsa ku cara nolak ngantepkeun saksi pikeun masihan kasaksian dina sidang.<\/p>\n<p>Ieu teu luput unnoticed ku r\u00e9buan miscreants, bagmen jeung preman, kaasup dihukum raja narkoba.\u00a0<strong>El Chapo,<\/strong>\u00a0anu &quot;diwawancara&quot; ku\u00a0<a href=\"https:\/\/www.newyorker.com\/humor\/borowitz-report\/el-chapo-outraged-that-his-trial-included-witnesses\"><strong>The New Yorker urang Andy\u00a0<\/strong><strong>Borowitz.<\/strong><\/a><\/p>\n<p><em>Diomongkeun ti ADX Florence, fasilitas kaamanan maksimum di Colorado, urut raja narkoba humandeuar y\u00e9n sidang na bakal ngakibatkeun dibebaskeun gancang mun \u00e9ta teu keur ayana saksi irritating.<\/em><\/p>\n<p><em>&quot;Upami kuring kedah nunjukkeun hiji alesan naha kuring dihukum tina sagala kajahatan \u00e9ta, \u00e9ta kedah janten saksi,&quot; saurna. &quot;Sakali kaputusan dijieun pikeun nyertakeun saksi, hal-hal leres-leres turun pikeun kuring.&quot;<\/em><\/p>\n<p>Pamilihan 277 dinten deui, folks.<\/p>\n<p>Tick tock.<\/p>\n<figure><img decoding=\"async\" class=\"aligncenter\" title=\"\" src=\"https:\/\/lh6.googleusercontent.com\/2rxCrh7RZRU7rSdXNtQSIrsGqP2hVqHTKWysP7kl00E-9FdPINmRa-8guYwsH36gYEcY-KPAP9--BXsngTv_cXnNosgdFlvlnnuBySzSPteihVE4rJklLxNKc-ws--V3WtAI9EF2\" alt=\"\" width=\"450\" align=\"center\" \/><\/figure>\n<p style=\"text-align: center;\">***<\/p>\n<p><a href=\"https:\/\/www.facebook.com\/groups\/72345193372\/?fref=mentions&amp;__xts__%5B0%5D=68.ARBvaiLrJ8UcRbZAX9Xz1mz8RAQ9-Y-CKn_qdlzsWsKzs4iva67yZXvu37vVdf0dHQtbm9UjYgLEJpRRZddVXZC2JzWoTEDpw2-gRzFfv4vLZ-Igd4jJYJ0W2eC2lKyc5LpuGp7I-4Mqq8BxHeXt16Aa25jrAoLGOOOVnrvtAjEN-ym7aukp79VPWQix8oobLSNoGPf5TFdOgAmXH1eFW6Y72yZpFbmRUSsDVaGYxJ-S3vYIJFuOM_eiDg_9HmUaycWoWqKU3YTLZjjALJNlc-TgF-GHuQZf5yEKeA3iDPhQWIX0dFgWpr3-SDIyCHfAEaOYBP2EddHDuydthqal4-tu5g&amp;__tn__=K-R\"><strong>Demokrat Perguruan Tinggi UNO<\/strong><\/a><strong>\u00a0<\/strong>nuju gaduh forum\u00a0<strong>isukan<\/strong>\u00a0nampilkeun calon kongres D\u00e9mokratik CD2:<strong>\u00a0Ann Ashford, Kara Eastman, Morgann Freeman,<\/strong>\u00a0jeung\u00a0<strong>Gladys Harrison.<\/strong><\/p>\n<p>Forum \u00e9ta bakal lumangsung ti jam 17 nepi ka jam 19 di Ballroom Milo Bail Student Center di kampus Dodge UNO. Parkir gratis sareng sayogi di tempat anu caket. Pikeun leuwih j\u00e9ntr\u00e9 ngeunaan UNO Demokrat, buka maran\u00e9hna\u00a0<a href=\"https:\/\/www.facebook.com\/unodemocrats\/\"><strong>Halaman Facebook<\/strong><\/a>\u00a0atanapi kontak\u00a0<strong>Nathan Adang<\/strong>, dir\u00e9ktur operasi, di\u00a0<a href=\"mailto:njohnshon01@unomaha.edu\"><strong>njohnshon01@unomaha.ed<\/strong>u<\/a>\u00a0atawa (402) 350-7270.<\/p>\n<p><strong><img decoding=\"async\" class=\"aligncenter\" title=\"\" src=\"https:\/\/lh5.googleusercontent.com\/g5DaVyS7zdFxiVGWTJQ8DJOm-EzK1i6M6esOdJG1x-rgNYaAEu7xwsUGEiM8cWbhmn2RuVaEZvR8X9zPdOWSSonHl-Xc0aY6DQVZ4rSxA25xdvyiwvYhJB3HQrO-k_eOx_SsqqW-\" alt=\"\" width=\"450\" align=\"center\" \/><\/strong><\/p>\n<p>***<\/p>\n<p>kulawarga D\u00e9mokratik Nebraska leungit stalwart a nalika<strong>\u00a0<\/strong><a href=\"https:\/\/www.wmsfh.com\/obituary\/Steven-Kile\"><strong>Steven Kile\u00a0<\/strong><\/a>maot disangka 25. Januari di imahna di Nelson, NE. Anjeunna 62.<\/p>\n<p>Steve kagungan gairah pikeun pulitik jeung dilayanan salaku korsi Nuckolls County pikeun Nebraska Democratic Party. Anjeunna mangrupikeun anggota Panitia Aturan anu nyayogikeun penilaian anu jujur ngeunaan masalah naon wa\u00e9 salami 14 taun. Anjeunna og\u00e9 resep ngumpulkeun artos pikeun calon lokal, nagara bagian, sareng nasional.<\/p>\n<figure><img decoding=\"async\" class=\"aligncenter\" title=\"\" src=\"https:\/\/lh6.googleusercontent.com\/ZCxbIw2v96IJxZnPkoQtVGuurutVF4ENuQfYHbh_u4nxkemaj4DabymKIHiwK6W_MsYby0D-Ps7Po-QitDZhPzyUij3aEiImmZiEkb9wucQtO5Kyc8kQoJB9oF01MsO9WR-GGRmk\" alt=\"\" width=\"300\" align=\"center\" \/><\/figure>\n<p style=\"text-align: center;\">***<\/p>\n<p>Tempat wisata salajengna pikeun buku anyar Kursi NDP Jane Kleeb,\u00a0<a href=\"https:\/\/www.harvestthevotebook.com\/\"><strong>&quot;Pan\u00e9n Sora: Kumaha Demokrat Tiasa Menang Deui di Am\u00e9rika Padesaan,&quot;<\/strong><\/a>\u00a0nya\u00e9ta\u00a0<strong>isukan<\/strong>\u00a0di Lincoln.<\/p>\n<p>Buku \u00e9ta - dikerjakeun langkung ti sataun - nawiskeun perdebatan naha Demokrat henteu kedah ngalih ti d\u00e9sa Am\u00e9rika, blok sora Kleeb nyatakeun parantos lami teu dipalir\u00e9 sareng dipohokeun ku part\u00e9y nasional.<\/p>\n<p>Kursi Kleeb bakal aya di Toko Buku Francie &amp; Finch,\u00a0<a href=\"https:\/\/www.google.com\/maps\/place\/130+S+13th+St,+Lincoln,+NE+68508\/@40.8129798,-96.7044967,17z\/data=!3m1!4b1!4m5!3m4!1s0x8796befc92fddaab:0xf02c103dcd5f75c7!8m2!3d40.8129798!4d-96.702308\"><strong>130 S. 13th Street, Lincoln, NE<\/strong><\/a><strong>\u00a0f<\/strong>rom 4 ka 6 pm<\/p>\n<p><a href=\"https:\/\/www.facebook.com\/tours\/822083944914629\/\"><strong>Tingali tempat wisata di dieu.<\/strong><\/a><\/p>\n<figure><img decoding=\"async\" class=\"aligncenter\" title=\"\" src=\"https:\/\/lh6.googleusercontent.com\/o0StW0ZiKcHz84UCewRL82Jh5lm0qaE5tII73qYmQC_556TfnHGw1c3WeVsLQEHEkmnfntyXRfd7SP6we3bHKCESe3w4EVzkXK5Yh16QhxMV77Slney9cp3DjNeVEc1pzL9lQoSc\" alt=\"\" width=\"200\" align=\"center\" \/><\/figure>\n<p style=\"text-align: center;\">***<\/p>\n<p>Upami anjeun atanapi saha wa\u00e9 anu anjeun terang mikirkeun pikeun ngajalankeun jabatan, pituduh Nebraska Democratic Party masihan anjeun pros\u00e9s l\u00e9ngkah-l\u00e9ngkah pikeun ningali kantor naon anu anjeun cocog pikeun ngajalankeun dumasar kana alamat anjeun, kumaha ningali saha anu ayeuna nyekel korsi, kumaha pikeun ngajukeun, sareng anu terakhir, sadaya wates waktu filing.<\/p>\n<p><a href=\"https:\/\/nebraskadem.wpenginepowered.com\/blog\/thinking-about-running-for-office-we-can-help\/\"><strong>Tingali Langkung Deui.<\/strong><\/a><\/p>\n<p>Tim kami salawasna tiasa pendak sareng anjeun pikeun ngajawab patarosan sareng ngabantosan anjeun ngamimitian. Ukur email\u00a0<a href=\"mailto:info@nebraskademocrats.org\"><strong>info@nebraskademocrats.org<\/strong><\/a>\u00a0sareng anggota tim bakal uih deui ka anjeun.<\/p>\n<figure><img decoding=\"async\" class=\"aligncenter\" title=\"\" src=\"https:\/\/lh5.googleusercontent.com\/94aagyutEITLJCoqcSRaXq6vMR9lXxIRUAKxHgPqIBay4RTMSQGicVcGT386F56Hq6hjpJ1SjP5Q4Pzd7QcE-6go5Ks0HQEbiKgAWyYmRoS8IzbMFQ8YyhgCzWRHzYO3hdV2lLl6\" alt=\"\" width=\"400\" align=\"center\" \/><\/figure>\n<p style=\"text-align: center;\">***<\/p>\n<p>Komite Nasional D\u00e9mokratik parantos nyatujuan Rencana Pilihan Delegasi NDP pikeun Konv\u00e9nsi Nasional D\u00e9mokratik 2020.<\/p>\n<p>NDP bakal ngirim\u00a0<strong>33 delegasi kana konv\u00e9nsi nasional<\/strong>\u00a0di Milwaukee.<\/p>\n<p>D\u00e9l\u00e9gasi otomatis nya\u00e9ta Korsi NDP<strong>Kleeb<\/strong>, Kursi Mitra Mimiti\u00a0<strong>Richard ngadaptar<\/strong>, Komite Nasional\u00a0<strong>Ron Kaminski<\/strong>, sareng Komite Nasional\u00a0<strong>Patty Zieg<\/strong>.<\/p>\n<p>Tambahan 29 delegasi nasional bakal dipilih dina Konvensi Nagara NDP, anu bakal dilaksanakeun\u00a0<strong>5-7 Juni di Omaha di Downtown Marriott.<\/strong><\/p>\n<p><a href=\"https:\/\/nebraskadem.wpenginepowered.com\/blog\/how-to-become-a-delegate-to-the-2020-democratic-national-convention\/\"><strong>Baca DSP di dieu<\/strong><\/a>\u00a0sareng ningali kumaha janten utusan.<\/p>\n<p>Og\u00e9, urang nuju ngalaksanakeun\u00a0<a href=\"https:\/\/nebraskadem.wpenginepowered.com\/blog\/ndp-offering-delegate-101-training\/\"><strong>Delegasi 101 Palatihan<\/strong><\/a>\u00a0di peuntas nagara pikeun jalma pikeun diajar pros\u00e9s janten utusan.<\/p>\n<figure><img decoding=\"async\" class=\"aligncenter\" title=\"\" src=\"https:\/\/lh4.googleusercontent.com\/3bAQ3X_uBXWgPlvcW0JVBZ78c5N2TIQKFe2JmTvtLflsH_wi_Qw3B6u24TCKtfF4g28tYNRHAUXQc1xvF878O6ZJmm-7LQJbxiGHwSkwLMmmoIWDiLAWzbLsanYt98ophZ2RV_0M\" alt=\"\" width=\"350\" align=\"center\" \/><\/figure>\n<p style=\"text-align: center;\">***<\/p>\n<p><strong>Pierce County D\u00e9mokrat<\/strong>\u00a0nuju ngayakeun rapat organisasi tabuh 7 wengi,\u00a0<strong>6 P\u00e9bruari<\/strong>\u00a0di Perpustakaan Carnegie di Pierce.<\/p>\n<p>Di handap ieu iklan kreatif Kursi Theobald anjeunna disimpen dina koran lokal.<\/p>\n<p>Kanggo inpo nu leuwih lengkep, sur\u00e9l\u00e9k Paul di:\u00a0<a href=\"mailto:ptheobald36@gmail.com\">ptheobald36@gmail.com<\/a><\/p>\n<p>Miharep ningali anjeun aya!<\/p>\n<p><img decoding=\"async\" class=\"aligncenter\" src=\"https:\/\/can2-prod.s3.amazonaws.com\/uploads\/data\/000\/365\/314\/original\/Paul.png\" width=\"791\" \/><\/p>\n<p style=\"text-align: center;\">***<\/p>\n<p>\u00c9mut pikeun nyungkeun aplikasi Vote-By-Mail upami anjeun hoyong milih ti bumi dina Pamilihan Utama 12 Mei. Kami ngagaduhan sadayana tautan kana bentuk sareng tanggal pikeun pendaptaran pamilih sareng anu san\u00e9sna ngeunaan kami\u00a0<a href=\"https:\/\/nebraskadem.wpenginepowered.com\/voting-center\/\"><strong>Puseur Undian.<\/strong><\/a><\/p>\n<p><img decoding=\"async\" class=\"aligncenter\" title=\"\" src=\"https:\/\/lh6.googleusercontent.com\/LpQVSL_EgNcDfl6Q4VcLwWzbsbQQKjgCADy-x8VG4JJVbK2Re2JXPD8dYbbphlFmEpJzlI_s58Cykp2HzXTEW8p4oLYeEkpjFXucnrTmzPLBQj8RMgYO-JKLD4llDtC3cKK9yNdF\" alt=\"\" width=\"350\" align=\"center\" \/><\/p>\n<p style=\"text-align: center;\">***<\/p>\n<p>NDP milari Dir\u00e9ktur Keuangan!<\/p>\n<p>Upami anjeun atanapi batur anu anjeun kenal tiasa resep,\u00a0<a href=\"https:\/\/nebraskadem.wpenginepowered.com\/wp-content\/uploads\/2020\/01\/Nebraska-Director-of-Finance-and-Operations-2.pdf\"><strong>ieu cara nerapkeun.<\/strong><\/a><\/p>\n<figure><strong><img decoding=\"async\" class=\"aligncenter\" title=\"\" src=\"https:\/\/lh3.googleusercontent.com\/E8xruNex65COc-bXstI2BaEKhzn6TD70arVFRpM3d5xB-1mGhKDmfo_JkDv5qrsk1VypK0SPRdGRW0R20iOLmw8ugxNYDLHat2JXUI1ewIqiqzlx8NLrv3NVZIPi1TEs1pgPd6YJ\" alt=\"\" width=\"400\" align=\"center\" \/><\/strong><\/figure>\n<p style=\"text-align: center;\">***<\/p>\n<p>Kami ngantunkeun anjeun minggu ieu ku Rendering ku\u00a0<strong>Tom Toles<\/strong>\u00a0tina Washington Post ngeunaan sidang impeachment anu disebut tadi, kalayan fokus kana urut panas\u00e9hat kaamanan nasional Trump John Bolton, anu nawiskeun kasaksian dina sidang S\u00e9nat.<\/p>\n<p><img decoding=\"async\" class=\"aligncenter\" title=\"\" src=\"https:\/\/lh4.googleusercontent.com\/GO0UbbyUj7CCaBBG-lI4hDP6qwYrszxbOuqHpEVDvHzY2MY6UJ9gflhVL3a11g9f9aUVm_r5x78D567KxASYiVieZN56rsL6sCMGAY1Bi9Ytln1Zwc6_vPCFqZKhKBaCiDC7XWzq\" alt=\"\" width=\"450\" align=\"center\" \/><\/p>\n<p>\u2013Ku Kevin O&#039;Hanlon \/ Dir\u00e9ktur Komunikasi NDP<\/p>\n<p><strong>CATETAN:<\/strong>\u00a0Upami anjeun hoyong nampi #NebDems News ngalangkungan email, wartoskeun ka kami ku ngirim catetan ka:\u00a0<a href=\"mailto:info@nebraskademocrats.org\"><strong>info@nebraskademocrats.org<\/strong><\/a><\/p>\n<p style=\"text-align: center;\">###<\/p>\n<p><strong>Tanggal penting<\/strong><\/p>\n<p><strong>1 P\u00e9bruari:\u00a0<\/strong><a href=\"https:\/\/www.facebook.com\/unodemocrats\/photos\/gm.466252277619980\/2295559344076777\/?type=3&amp;theater\">Forum Calon Demokrat UNO College Demokrat<\/a><\/p>\n<p><strong>1 P\u00e9bruari:<\/strong>\u00a0<a href=\"https:\/\/www.facebook.com\/events\/2870409236351321\/\">Penandatanganan buku &quot;Harvest the Vote&quot; di Lincoln sareng Ketua NDP Jane Kleeb<\/a><\/p>\n<p><strong>5 P\u00e9bruari:\u00a0<\/strong><a href=\"https:\/\/www.facebook.com\/events\/1233357173526892\/\">Delegasi 101 Latihan di Wayne (sareng rapat Wayne County Demokrat)<\/a><\/p>\n<p><strong>9 P\u00e9bruari:\u00a0<\/strong><a href=\"https:\/\/nebraskadem.wpenginepowered.com\/event\/delegate-101-training-4\/\">Delegasi 101 Latihan di Lincoln<\/a><\/p>\n<p><strong>9 P\u00e9bruari:\u00a0<\/strong><a href=\"https:\/\/www.facebook.com\/events\/2748785108511545\/\">Delegasi 101 Latihan di Grand Island<\/a><\/p>\n<p><strong>18 P\u00e9bruari:<\/strong>\u00a0<a href=\"https:\/\/www.facebook.com\/events\/474889413192672\/\">Delegasi 101 Pelatihan sareng Demokrat College di Omaha<\/a><\/p>\n<p><strong>29 P\u00e9bruari:<\/strong>\u00a0<a href=\"https:\/\/nebraskadem.wpenginepowered.com\/event\/block-captain-training-leap-into-the-2020-elections\/\">Pelatihan Kapt\u00e9n Blokir: Luncat kana Pilkada 2020!<\/a><\/p>\n<div><\/div>","protected":false},"excerpt":{"rendered":"<p>We all got schooled this week during the Senate Impeachment trial by Trump Legal Team Honcho\u00a0Alan \u201cBig Al\u201d\u00a0Dershowitz. Arguing that there are three possible motives for a president to engage in a quid pro quo in foreign policy &#8212; personal interest, public interest, and financial interest &#8212;\u00a0Dershowitz submitted\u00a0that a president withholding money to a foreign &#8230; <a title=\"Big Al&#8217;s Bull and more &#8212; #NebDems News\" class=\"read-more\" href=\"https:\/\/nebraskademocrats.org\/su\/blog\/big-als-bull-and-more-nebdems-news\/\" aria-label=\"More on Big Al&#8217;s Bull and more &#8212; #NebDems News\">Maca deui<\/a><\/p>","protected":false},"author":19,"featured_media":0,"comment_status":"closed","ping_status":"closed","sticky":false,"template":"","format":"standard","meta":{"_acf_changed":false,"_exactmetrics_skip_tracking":false,"_exactmetrics_sitenote_active":false,"_exactmetrics_sitenote_note":"","_exactmetrics_sitenote_category":0,"footnotes":""},"categories":[1],"tags":[],"class_list":["post-11556","post","type-post","status-publish","format-standard","hentry","category-blog"],"acf":[],"yoast_head":"<!-- This site is optimized with the Yoast SEO plugin v27.4 - https:\/\/yoast.com\/product\/yoast-seo-wordpress\/ -->\n<title>Big Al&#039;s Bull and more -- #NebDems News &#8211; Nebraska Democratic Party<\/title>\n<meta name=\"robots\" content=\"index, follow, max-snippet:-1, max-image-preview:large, max-video-preview:-1\" \/>\n<link rel=\"canonical\" href=\"https:\/\/nebraskademocrats.org\/su\/blog\/big-als-bull-and-more-nebdems-news\/\" \/>\n<meta property=\"og:locale\" content=\"en_US\" \/>\n<meta property=\"og:type\" content=\"article\" \/>\n<meta property=\"og:title\" content=\"Big Al&#039;s Bull and more -- #NebDems News &#8211; Nebraska Democratic Party\" \/>\n<meta property=\"og:description\" content=\"We all got schooled this week during the Senate Impeachment trial by Trump Legal Team Honcho\u00a0Alan \u201cBig Al\u201d\u00a0Dershowitz. Arguing that there are three possible motives for a president to engage in a quid pro quo in foreign policy &#8212; personal interest, public interest, and financial interest &#8212;\u00a0Dershowitz submitted\u00a0that a president withholding money to a foreign ... Read more\" \/>\n<meta property=\"og:url\" content=\"https:\/\/nebraskademocrats.org\/su\/blog\/big-als-bull-and-more-nebdems-news\/\" \/>\n<meta property=\"og:site_name\" content=\"Nebraska Democratic Party\" \/>\n<meta property=\"article:publisher\" content=\"https:\/\/www.facebook.com\/NebraskaDemocraticParty\/\" \/>\n<meta property=\"article:published_time\" content=\"2020-01-31T19:36:22+00:00\" \/>\n<meta property=\"article:modified_time\" content=\"2020-01-31T21:57:54+00:00\" \/>\n<meta property=\"og:image\" content=\"https:\/\/nebraskadem.wpenginepowered.com\/wp-content\/uploads\/2018\/12\/NebDems-News-4-300x167.png\" \/>\n<meta name=\"author\" content=\"Precious McKesson\" \/>\n<meta name=\"twitter:card\" content=\"summary_large_image\" \/>\n<meta name=\"twitter:creator\" content=\"@nebraskadems\" \/>\n<meta name=\"twitter:site\" content=\"@nebraskadems\" \/>\n<meta name=\"twitter:label1\" content=\"Written by\" \/>\n\t<meta name=\"twitter:data1\" content=\"Precious McKesson\" \/>\n\t<meta name=\"twitter:label2\" content=\"Est. reading time\" \/>\n\t<meta name=\"twitter:data2\" content=\"5 minutes\" \/>\n<script type=\"application\/ld+json\" class=\"yoast-schema-graph\">{\"@context\":\"https:\\\/\\\/schema.org\",\"@graph\":[{\"@type\":\"Article\",\"@id\":\"https:\\\/\\\/nebraskademocrats.org\\\/blog\\\/big-als-bull-and-more-nebdems-news\\\/#article\",\"isPartOf\":{\"@id\":\"https:\\\/\\\/nebraskademocrats.org\\\/blog\\\/big-als-bull-and-more-nebdems-news\\\/\"},\"author\":{\"name\":\"Precious McKesson\",\"@id\":\"https:\\\/\\\/nebraskademocrats.org\\\/#\\\/schema\\\/person\\\/33e011ea0795f404810dc40828bcf289\"},\"headline\":\"Big Al&#8217;s Bull and more &#8212; #NebDems News\",\"datePublished\":\"2020-01-31T19:36:22+00:00\",\"dateModified\":\"2020-01-31T21:57:54+00:00\",\"mainEntityOfPage\":{\"@id\":\"https:\\\/\\\/nebraskademocrats.org\\\/blog\\\/big-als-bull-and-more-nebdems-news\\\/\"},\"wordCount\":939,\"publisher\":{\"@id\":\"https:\\\/\\\/nebraskademocrats.org\\\/#organization\"},\"image\":{\"@id\":\"https:\\\/\\\/nebraskademocrats.org\\\/blog\\\/big-als-bull-and-more-nebdems-news\\\/#primaryimage\"},\"thumbnailUrl\":\"https:\\\/\\\/nebraskadem.wpenginepowered.com\\\/wp-content\\\/uploads\\\/2018\\\/12\\\/NebDems-News-4-300x167.png\",\"articleSection\":[\"NDP Blog\"],\"inLanguage\":\"su\"},{\"@type\":\"WebPage\",\"@id\":\"https:\\\/\\\/nebraskademocrats.org\\\/blog\\\/big-als-bull-and-more-nebdems-news\\\/\",\"url\":\"https:\\\/\\\/nebraskademocrats.org\\\/blog\\\/big-als-bull-and-more-nebdems-news\\\/\",\"name\":\"Big Al's Bull and more -- #NebDems News &#8211; Nebraska Democratic Party\",\"isPartOf\":{\"@id\":\"https:\\\/\\\/nebraskademocrats.org\\\/#website\"},\"primaryImageOfPage\":{\"@id\":\"https:\\\/\\\/nebraskademocrats.org\\\/blog\\\/big-als-bull-and-more-nebdems-news\\\/#primaryimage\"},\"image\":{\"@id\":\"https:\\\/\\\/nebraskademocrats.org\\\/blog\\\/big-als-bull-and-more-nebdems-news\\\/#primaryimage\"},\"thumbnailUrl\":\"https:\\\/\\\/nebraskadem.wpenginepowered.com\\\/wp-content\\\/uploads\\\/2018\\\/12\\\/NebDems-News-4-300x167.png\",\"datePublished\":\"2020-01-31T19:36:22+00:00\",\"dateModified\":\"2020-01-31T21:57:54+00:00\",\"breadcrumb\":{\"@id\":\"https:\\\/\\\/nebraskademocrats.org\\\/blog\\\/big-als-bull-and-more-nebdems-news\\\/#breadcrumb\"},\"inLanguage\":\"su\",\"potentialAction\":[{\"@type\":\"ReadAction\",\"target\":[\"https:\\\/\\\/nebraskademocrats.org\\\/blog\\\/big-als-bull-and-more-nebdems-news\\\/\"]}]},{\"@type\":\"ImageObject\",\"inLanguage\":\"su\",\"@id\":\"https:\\\/\\\/nebraskademocrats.org\\\/blog\\\/big-als-bull-and-more-nebdems-news\\\/#primaryimage\",\"url\":\"https:\\\/\\\/nebraskadem.wpenginepowered.com\\\/wp-content\\\/uploads\\\/2018\\\/12\\\/NebDems-News-4-300x167.png\",\"contentUrl\":\"https:\\\/\\\/nebraskadem.wpenginepowered.com\\\/wp-content\\\/uploads\\\/2018\\\/12\\\/NebDems-News-4-300x167.png\"},{\"@type\":\"BreadcrumbList\",\"@id\":\"https:\\\/\\\/nebraskademocrats.org\\\/blog\\\/big-als-bull-and-more-nebdems-news\\\/#breadcrumb\",\"itemListElement\":[{\"@type\":\"ListItem\",\"position\":1,\"name\":\"Home\",\"item\":\"https:\\\/\\\/nebraskademocrats.org\\\/\"},{\"@type\":\"ListItem\",\"position\":2,\"name\":\"Big Al&#8217;s Bull and more &#8212; #NebDems News\"}]},{\"@type\":\"WebSite\",\"@id\":\"https:\\\/\\\/nebraskademocrats.org\\\/#website\",\"url\":\"https:\\\/\\\/nebraskademocrats.org\\\/\",\"name\":\"Nebraska Democratic Party\",\"description\":\"Growing the Good Life for All Nebraskans\",\"publisher\":{\"@id\":\"https:\\\/\\\/nebraskademocrats.org\\\/#organization\"},\"potentialAction\":[{\"@type\":\"SearchAction\",\"target\":{\"@type\":\"EntryPoint\",\"urlTemplate\":\"https:\\\/\\\/nebraskademocrats.org\\\/?s={search_term_string}\"},\"query-input\":{\"@type\":\"PropertyValueSpecification\",\"valueRequired\":true,\"valueName\":\"search_term_string\"}}],\"inLanguage\":\"su\"},{\"@type\":\"Organization\",\"@id\":\"https:\\\/\\\/nebraskademocrats.org\\\/#organization\",\"name\":\"Nebraska Democratic Party\",\"url\":\"https:\\\/\\\/nebraskademocrats.org\\\/\",\"logo\":{\"@type\":\"ImageObject\",\"inLanguage\":\"su\",\"@id\":\"https:\\\/\\\/nebraskademocrats.org\\\/#\\\/schema\\\/logo\\\/image\\\/\",\"url\":\"https:\\\/\\\/nebraskadem.wpenginepowered.com\\\/wp-content\\\/uploads\\\/2016\\\/05\\\/NDP2.jpg\",\"contentUrl\":\"https:\\\/\\\/nebraskadem.wpenginepowered.com\\\/wp-content\\\/uploads\\\/2016\\\/05\\\/NDP2.jpg\",\"width\":1000,\"height\":396,\"caption\":\"Nebraska Democratic Party\"},\"image\":{\"@id\":\"https:\\\/\\\/nebraskademocrats.org\\\/#\\\/schema\\\/logo\\\/image\\\/\"},\"sameAs\":[\"https:\\\/\\\/www.facebook.com\\\/NebraskaDemocraticParty\\\/\",\"https:\\\/\\\/x.com\\\/nebraskadems\"]},{\"@type\":\"Person\",\"@id\":\"https:\\\/\\\/nebraskademocrats.org\\\/#\\\/schema\\\/person\\\/33e011ea0795f404810dc40828bcf289\",\"name\":\"Precious McKesson\",\"image\":{\"@type\":\"ImageObject\",\"inLanguage\":\"su\",\"@id\":\"https:\\\/\\\/secure.gravatar.com\\\/avatar\\\/35046e19b3373116ec64c07d386d3312028d3820dc0ffe65c344bcebc8ea9194?s=96&d=mm&r=g\",\"url\":\"https:\\\/\\\/secure.gravatar.com\\\/avatar\\\/35046e19b3373116ec64c07d386d3312028d3820dc0ffe65c344bcebc8ea9194?s=96&d=mm&r=g\",\"contentUrl\":\"https:\\\/\\\/secure.gravatar.com\\\/avatar\\\/35046e19b3373116ec64c07d386d3312028d3820dc0ffe65c344bcebc8ea9194?s=96&d=mm&r=g\",\"caption\":\"Precious McKesson\"}}]}<\/script>\n<!-- \/ Yoast SEO plugin. -->","yoast_head_json":{"title":"Big Al's Bull and more -- #NebDems News &#8211; Nebraska Democratic Party","robots":{"index":"index","follow":"follow","max-snippet":"max-snippet:-1","max-image-preview":"max-image-preview:large","max-video-preview":"max-video-preview:-1"},"canonical":"https:\/\/nebraskademocrats.org\/su\/blog\/big-als-bull-and-more-nebdems-news\/","og_locale":"en_US","og_type":"article","og_title":"Big Al's Bull and more -- #NebDems News &#8211; Nebraska Democratic Party","og_description":"We all got schooled this week during the Senate Impeachment trial by Trump Legal Team Honcho\u00a0Alan \u201cBig Al\u201d\u00a0Dershowitz. Arguing that there are three possible motives for a president to engage in a quid pro quo in foreign policy &#8212; personal interest, public interest, and financial interest &#8212;\u00a0Dershowitz submitted\u00a0that a president withholding money to a foreign ... Read more","og_url":"https:\/\/nebraskademocrats.org\/su\/blog\/big-als-bull-and-more-nebdems-news\/","og_site_name":"Nebraska Democratic Party","article_publisher":"https:\/\/www.facebook.com\/NebraskaDemocraticParty\/","article_published_time":"2020-01-31T19:36:22+00:00","article_modified_time":"2020-01-31T21:57:54+00:00","og_image":[{"url":"https:\/\/nebraskadem.wpenginepowered.com\/wp-content\/uploads\/2018\/12\/NebDems-News-4-300x167.png","type":"","width":"","height":""}],"author":"Precious McKesson","twitter_card":"summary_large_image","twitter_creator":"@nebraskadems","twitter_site":"@nebraskadems","twitter_misc":{"Written by":"Precious McKesson","Est. reading time":"5 minutes"},"schema":{"@context":"https:\/\/schema.org","@graph":[{"@type":"Article","@id":"https:\/\/nebraskademocrats.org\/blog\/big-als-bull-and-more-nebdems-news\/#article","isPartOf":{"@id":"https:\/\/nebraskademocrats.org\/blog\/big-als-bull-and-more-nebdems-news\/"},"author":{"name":"Precious McKesson","@id":"https:\/\/nebraskademocrats.org\/#\/schema\/person\/33e011ea0795f404810dc40828bcf289"},"headline":"Big Al&#8217;s Bull and more &#8212; #NebDems News","datePublished":"2020-01-31T19:36:22+00:00","dateModified":"2020-01-31T21:57:54+00:00","mainEntityOfPage":{"@id":"https:\/\/nebraskademocrats.org\/blog\/big-als-bull-and-more-nebdems-news\/"},"wordCount":939,"publisher":{"@id":"https:\/\/nebraskademocrats.org\/#organization"},"image":{"@id":"https:\/\/nebraskademocrats.org\/blog\/big-als-bull-and-more-nebdems-news\/#primaryimage"},"thumbnailUrl":"https:\/\/nebraskadem.wpenginepowered.com\/wp-content\/uploads\/2018\/12\/NebDems-News-4-300x167.png","articleSection":["NDP Blog"],"inLanguage":"su"},{"@type":"WebPage","@id":"https:\/\/nebraskademocrats.org\/blog\/big-als-bull-and-more-nebdems-news\/","url":"https:\/\/nebraskademocrats.org\/blog\/big-als-bull-and-more-nebdems-news\/","name":"Big Al's Bull and more -- #NebDems News &#8211; Nebraska Democratic Party","isPartOf":{"@id":"https:\/\/nebraskademocrats.org\/#website"},"primaryImageOfPage":{"@id":"https:\/\/nebraskademocrats.org\/blog\/big-als-bull-and-more-nebdems-news\/#primaryimage"},"image":{"@id":"https:\/\/nebraskademocrats.org\/blog\/big-als-bull-and-more-nebdems-news\/#primaryimage"},"thumbnailUrl":"https:\/\/nebraskadem.wpenginepowered.com\/wp-content\/uploads\/2018\/12\/NebDems-News-4-300x167.png","datePublished":"2020-01-31T19:36:22+00:00","dateModified":"2020-01-31T21:57:54+00:00","breadcrumb":{"@id":"https:\/\/nebraskademocrats.org\/blog\/big-als-bull-and-more-nebdems-news\/#breadcrumb"},"inLanguage":"su","potentialAction":[{"@type":"ReadAction","target":["https:\/\/nebraskademocrats.org\/blog\/big-als-bull-and-more-nebdems-news\/"]}]},{"@type":"ImageObject","inLanguage":"su","@id":"https:\/\/nebraskademocrats.org\/blog\/big-als-bull-and-more-nebdems-news\/#primaryimage","url":"https:\/\/nebraskadem.wpenginepowered.com\/wp-content\/uploads\/2018\/12\/NebDems-News-4-300x167.png","contentUrl":"https:\/\/nebraskadem.wpenginepowered.com\/wp-content\/uploads\/2018\/12\/NebDems-News-4-300x167.png"},{"@type":"BreadcrumbList","@id":"https:\/\/nebraskademocrats.org\/blog\/big-als-bull-and-more-nebdems-news\/#breadcrumb","itemListElement":[{"@type":"ListItem","position":1,"name":"Home","item":"https:\/\/nebraskademocrats.org\/"},{"@type":"ListItem","position":2,"name":"Big Al&#8217;s Bull and more &#8212; #NebDems News"}]},{"@type":"WebSite","@id":"https:\/\/nebraskademocrats.org\/#website","url":"https:\/\/nebraskademocrats.org\/","name":"Nebraska Democratic Party","description":"Tumuwuh Kahirupan Anu Sa\u00e9 pikeun Sadayana Nebraskan","publisher":{"@id":"https:\/\/nebraskademocrats.org\/#organization"},"potentialAction":[{"@type":"SearchAction","target":{"@type":"EntryPoint","urlTemplate":"https:\/\/nebraskademocrats.org\/?s={search_term_string}"},"query-input":{"@type":"PropertyValueSpecification","valueRequired":true,"valueName":"search_term_string"}}],"inLanguage":"su"},{"@type":"Organization","@id":"https:\/\/nebraskademocrats.org\/#organization","name":"Nebraska Democratic Party","url":"https:\/\/nebraskademocrats.org\/","logo":{"@type":"ImageObject","inLanguage":"su","@id":"https:\/\/nebraskademocrats.org\/#\/schema\/logo\/image\/","url":"https:\/\/nebraskadem.wpenginepowered.com\/wp-content\/uploads\/2016\/05\/NDP2.jpg","contentUrl":"https:\/\/nebraskadem.wpenginepowered.com\/wp-content\/uploads\/2016\/05\/NDP2.jpg","width":1000,"height":396,"caption":"Nebraska Democratic Party"},"image":{"@id":"https:\/\/nebraskademocrats.org\/#\/schema\/logo\/image\/"},"sameAs":["https:\/\/www.facebook.com\/NebraskaDemocraticParty\/","https:\/\/x.com\/nebraskadems"]},{"@type":"Person","@id":"https:\/\/nebraskademocrats.org\/#\/schema\/person\/33e011ea0795f404810dc40828bcf289","name":"McKesson mulia","image":{"@type":"ImageObject","inLanguage":"su","@id":"https:\/\/secure.gravatar.com\/avatar\/35046e19b3373116ec64c07d386d3312028d3820dc0ffe65c344bcebc8ea9194?s=96&d=mm&r=g","url":"https:\/\/secure.gravatar.com\/avatar\/35046e19b3373116ec64c07d386d3312028d3820dc0ffe65c344bcebc8ea9194?s=96&d=mm&r=g","contentUrl":"https:\/\/secure.gravatar.com\/avatar\/35046e19b3373116ec64c07d386d3312028d3820dc0ffe65c344bcebc8ea9194?s=96&d=mm&r=g","caption":"Precious McKesson"}}]}},"_links":{"self":[{"href":"https:\/\/nebraskademocrats.org\/su\/wp-json\/wp\/v2\/posts\/11556","targetHints":{"allow":["GET"]}}],"collection":[{"href":"https:\/\/nebraskademocrats.org\/su\/wp-json\/wp\/v2\/posts"}],"about":[{"href":"https:\/\/nebraskademocrats.org\/su\/wp-json\/wp\/v2\/types\/post"}],"author":[{"embeddable":true,"href":"https:\/\/nebraskademocrats.org\/su\/wp-json\/wp\/v2\/users\/19"}],"replies":[{"embeddable":true,"href":"https:\/\/nebraskademocrats.org\/su\/wp-json\/wp\/v2\/comments?post=11556"}],"version-history":[{"count":0,"href":"https:\/\/nebraskademocrats.org\/su\/wp-json\/wp\/v2\/posts\/11556\/revisions"}],"wp:attachment":[{"href":"https:\/\/nebraskademocrats.org\/su\/wp-json\/wp\/v2\/media?parent=11556"}],"wp:term":[{"taxonomy":"category","embeddable":true,"href":"https:\/\/nebraskademocrats.org\/su\/wp-json\/wp\/v2\/categories?post=11556"},{"taxonomy":"post_tag","embeddable":true,"href":"https:\/\/nebraskademocrats.org\/su\/wp-json\/wp\/v2\/tags?post=11556"}],"curies":[{"name":"wp","href":"https:\/\/api.w.org\/{rel}","templated":true}]}}