{"id":2238,"date":"2017-04-22T11:50:22","date_gmt":"2017-04-22T16:50:22","guid":{"rendered":"http:\/\/nebraskadem.wpenginepowered.com\/?p=2238"},"modified":"2017-06-19T07:56:04","modified_gmt":"2017-06-19T12:56:04","slug":"our-next-mayor-heath-mello-shares-his-vision-vote-may-9","status":"publish","type":"post","link":"https:\/\/nebraskademocrats.org\/su\/blog\/our-next-mayor-heath-mello-shares-his-vision-vote-may-9\/","title":{"rendered":"Walikota Salajengna Kami Heath Mello Bagikeun Visi na, Sora 9 Mei"},"content":{"rendered":"<p>Heath Mello ngabagi visi na pikeun Omaha sareng nilai-nilai anu dititipkeun ku kolotna dina anjeunna <a href=\"https:\/\/www.facebook.com\/heathmello\/videos\/1641366705891799\/\">video anyar h\u00e9bat<\/a>. Nebraska Democratic Party nangtung reueus sareng Heath Mello!<\/p>\n<p><iframe src=\"https:\/\/www.facebook.com\/plugins\/video.php?href=https%3A%2F%2Fwww.facebook.com%2Fheathmello%2Fvideos%2F1641366705891799%2F&#038;show_text=0&#038;width=560\" width=\"560\" height=\"315\" style=\"border:none;overflow:hidden\" scrolling=\"no\" frameborder=\"0\" allowtransparency=\"true\" allowfullscreen=\"true\"><\/iframe><\/p>\n<p>Ieu mangrupikeun waktos urang, waktos urang babarengan pikeun milih Walikota Omaha salajengna anu bakal merjuangkeun kulawarga urang ku:<\/p>\n<p>-Nyiptakeun Rencana Aksi Iklim anu munggaran pikeun Omaha ngembangkeun \u00e9nergi bersih sareng r\u00e9volusi hat anu keras<\/p>\n<p>-Ngabereskeun jalan urang (\u00e9ta parantos tungkul sareng Jean Stothert!)<\/p>\n<div class=\"text_exposed_show\">\n<p>-Ngerjakeun rencana pangwangunan \u00e9konomi sareng Omaha Kal\u00e9r sareng Kidul<\/p>\n<p>-Ngamankeun aks\u00e9s aw\u00e9w\u00e9 pikeun hak r\u00e9produktif henteu kantos kaancam ku urang Republik anu sayah katuhu anu langkung merhatoskeun garis dina pidato dibandingkeun kulawarga urang karaharjaan \u2013 iman Heath nungtun pandangan pro-kahirupan pribadina sareng salaku Walikota anjeunna henteu bakal ngalakukeun nanaon pikeun ngawatesan aks\u00e9s ka perawatan kas\u00e9hatan r\u00e9produktif<\/p>\n<p>-Melindungan serikat pekerja sareng kulawarga kelas pekerja hak-hak pikeun tempat damel anu aman sareng hak kol\u00e9ktif tawar sareng ku merjuangkeun kabijakan perdagangan anu teu adil sapertos TPP<\/p>\n<p>-Ngembangkeun pendidikan umum sareng ngajagaan sakola umum urang ti Ricketts sareng Stothert anu hoyong privatisasi sakola urang sareng Piagam<\/p>\n<p>-Silujeng sumping sadayana imigran sareng pangungsi kana kaayaan h\u00e9bat urang<\/p>\n<p>-Ngadeg pikeun ngalegaan Medicaid, mastikeun kulawarga urang gaduh aks\u00e9s ka perawatan heath anu terjangkau, ngajaga pendanaan Rencana Parental sareng ngangkat kabutuhan perawatan prenatal universal<\/p>\n<p>-Jelas pisan ngalawan domain terkenal pikeun kauntungan pribadi sareng nangtung pikeun hak-hak Daulat Bangsa Asli<\/p>\n<p>-Ngeureunkeun pikeun nangtayungan prot\u00e9ksi tempat gaw\u00e9 LGBT Omaha anu ditentang ku Jean Stothert<\/p>\n<p>Sora 9 Mei pikeun\u00a0<a class=\"profileLink\" href=\"https:\/\/www.facebook.com\/heathmello\/\" data-hovercard=\"\/ajax\/hovercard\/page.php?id=205372739491210\" data-hovercard-prefer-more-content-show=\"1\" data-hovercard-obj-id=\"205372739491210\">Heath Mello<\/a>\u00a0sareng sadaya urang Demokrat anu milari D\u00e9wan Kota Omaha \u2013 Ben Gray, Pete Festersen, Chris Jerram, Vinny Paleramo, Jim Rogers sareng Brian Thommes.<\/p>\n<p style=\"text-align: center;\"><a href=\"http:\/\/www.votedouglascounty.com\/voter_registration.aspx\"><strong>K\u00e9ngingkeun inpormasi langkung lengkep ihwal kumaha cara milih.<\/strong><\/a><\/p>\n<p style=\"text-align: center;\"><strong><a href=\"https:\/\/secure.actblue.com\/contribute\/page\/nebraska-state-democratic-committee---federal-account-1\">Sumbangkeun ka Nebraska Democratic Party<\/a><\/strong><\/p>\n<p>Hatur nuhun ka Kelly Herrington sareng Django Greenblatt-Seay anu ngahasilkeun <a href=\"https:\/\/www.facebook.com\/heathmello\/videos\/1641366705891799\/\">video anyar ieu<\/a>\u00a0ngeunaan Heath ngabagi nilaina sareng carita na!<\/p>\n<p><a href=\"https:\/\/secure.actblue.com\/contribute\/page\/nebraska-state-democratic-committee---federal-account-1\"><img fetchpriority=\"high\" decoding=\"async\" class=\"aligncenter wp-image-2244 size-large\" src=\"https:\/\/nebraskadem.wpenginepowered.com\/wp-content\/uploads\/2017\/04\/mello-bernie-ellison-1024x632.jpg\" alt=\"\" width=\"1024\" height=\"632\" srcset=\"https:\/\/nebraskademocrats.org\/wp-content\/uploads\/2017\/04\/mello-bernie-ellison-1024x632.jpg 1024w, https:\/\/nebraskademocrats.org\/wp-content\/uploads\/2017\/04\/mello-bernie-ellison-300x185.jpg 300w, https:\/\/nebraskademocrats.org\/wp-content\/uploads\/2017\/04\/mello-bernie-ellison-768x474.jpg 768w, https:\/\/nebraskademocrats.org\/wp-content\/uploads\/2017\/04\/mello-bernie-ellison.jpg 1645w\" sizes=\"(max-width: 1024px) 100vw, 1024px\" \/><\/a> <a href=\"https:\/\/secure.actblue.com\/contribute\/page\/nebraska-state-democratic-committee---federal-account-1\"><img decoding=\"async\" class=\"aligncenter wp-image-2245 size-large\" src=\"https:\/\/nebraskadem.wpenginepowered.com\/wp-content\/uploads\/2017\/04\/mello-on-stage-683x1024.jpg\" alt=\"\" width=\"683\" height=\"1024\" srcset=\"https:\/\/nebraskademocrats.org\/wp-content\/uploads\/2017\/04\/mello-on-stage-683x1024.jpg 683w, https:\/\/nebraskademocrats.org\/wp-content\/uploads\/2017\/04\/mello-on-stage-200x300.jpg 200w, https:\/\/nebraskademocrats.org\/wp-content\/uploads\/2017\/04\/mello-on-stage-768x1152.jpg 768w, https:\/\/nebraskademocrats.org\/wp-content\/uploads\/2017\/04\/mello-on-stage.jpg 1200w\" sizes=\"(max-width: 683px) 100vw, 683px\" \/><\/a> <a href=\"https:\/\/secure.actblue.com\/contribute\/page\/nebraska-state-democratic-committee---federal-account-1\"><img decoding=\"async\" class=\"aligncenter wp-image-2246 size-large\" src=\"https:\/\/nebraskadem.wpenginepowered.com\/wp-content\/uploads\/2017\/04\/mello-crowd-1024x683.jpg\" alt=\"\" width=\"1024\" height=\"683\" srcset=\"https:\/\/nebraskademocrats.org\/wp-content\/uploads\/2017\/04\/mello-crowd-1024x683.jpg 1024w, https:\/\/nebraskademocrats.org\/wp-content\/uploads\/2017\/04\/mello-crowd-300x200.jpg 300w, https:\/\/nebraskademocrats.org\/wp-content\/uploads\/2017\/04\/mello-crowd-768x512.jpg 768w, https:\/\/nebraskademocrats.org\/wp-content\/uploads\/2017\/04\/mello-crowd.jpg 1800w\" sizes=\"(max-width: 1024px) 100vw, 1024px\" \/><\/a><\/p>\n<\/div>","protected":false},"excerpt":{"rendered":"<p>Heath Mello shares his vision for Omaha and the values his parents instilled in him with a great new video. The Nebraska Democratic Party stands proudly with Heath Mello! It&#8217;s our moment, our time to pull together to elect the next Mayor of Omaha who will fight for our families by: -Creating a first-ever Climate &#8230; <a title=\"Walikota Salajengna Kami Heath Mello Bagikeun Visi na, Sora 9 Mei\" class=\"read-more\" href=\"https:\/\/nebraskademocrats.org\/su\/blog\/our-next-mayor-heath-mello-shares-his-vision-vote-may-9\/\" aria-label=\"More on Our Next Mayor Heath Mello Shares His Vision, Vote May 9\">Maca deui<\/a><\/p>","protected":false},"author":7,"featured_media":2246,"comment_status":"closed","ping_status":"closed","sticky":false,"template":"","format":"standard","meta":{"_acf_changed":false,"_exactmetrics_skip_tracking":false,"_exactmetrics_sitenote_active":false,"_exactmetrics_sitenote_note":"","_exactmetrics_sitenote_category":0,"footnotes":""},"categories":[1],"tags":[43,36],"class_list":["post-2238","post","type-post","status-publish","format-standard","has-post-thumbnail","hentry","category-blog","tag-heath-mello","tag-omaha"],"acf":[],"yoast_head":"<!-- This site is optimized with the Yoast SEO plugin v27.4 - https:\/\/yoast.com\/product\/yoast-seo-wordpress\/ -->\n<title>Our Next Mayor Heath Mello Shares His Vision, Vote May 9 &#8211; Nebraska Democratic Party<\/title>\n<meta name=\"robots\" content=\"index, follow, max-snippet:-1, max-image-preview:large, max-video-preview:-1\" \/>\n<link rel=\"canonical\" href=\"https:\/\/nebraskademocrats.org\/su\/blog\/our-next-mayor-heath-mello-shares-his-vision-vote-may-9\/\" \/>\n<meta property=\"og:locale\" content=\"en_US\" \/>\n<meta property=\"og:type\" content=\"article\" \/>\n<meta property=\"og:title\" content=\"Our Next Mayor Heath Mello Shares His Vision, Vote May 9 &#8211; Nebraska Democratic Party\" \/>\n<meta property=\"og:description\" content=\"Heath Mello shares his vision for Omaha and the values his parents instilled in him with a great new video. The Nebraska Democratic Party stands proudly with Heath Mello! It&#8217;s our moment, our time to pull together to elect the next Mayor of Omaha who will fight for our families by: -Creating a first-ever Climate ... Read more\" \/>\n<meta property=\"og:url\" content=\"https:\/\/nebraskademocrats.org\/su\/blog\/our-next-mayor-heath-mello-shares-his-vision-vote-may-9\/\" \/>\n<meta property=\"og:site_name\" content=\"Nebraska Democratic Party\" \/>\n<meta property=\"article:publisher\" content=\"https:\/\/www.facebook.com\/NebraskaDemocraticParty\/\" \/>\n<meta property=\"article:published_time\" content=\"2017-04-22T16:50:22+00:00\" \/>\n<meta property=\"article:modified_time\" content=\"2017-06-19T12:56:04+00:00\" \/>\n<meta property=\"og:image\" content=\"https:\/\/nebraskademocrats.org\/wp-content\/uploads\/2017\/04\/mello-crowd.jpg\" \/>\n\t<meta property=\"og:image:width\" content=\"1800\" \/>\n\t<meta property=\"og:image:height\" content=\"1200\" \/>\n\t<meta property=\"og:image:type\" content=\"image\/jpeg\" \/>\n<meta name=\"author\" content=\"Jane Kleeb\" \/>\n<meta name=\"twitter:card\" content=\"summary_large_image\" \/>\n<meta name=\"twitter:creator\" content=\"@nebraskadems\" \/>\n<meta name=\"twitter:site\" content=\"@nebraskadems\" \/>\n<meta name=\"twitter:label1\" content=\"Written by\" \/>\n\t<meta name=\"twitter:data1\" content=\"Jane Kleeb\" \/>\n\t<meta name=\"twitter:label2\" content=\"Est. reading time\" \/>\n\t<meta name=\"twitter:data2\" content=\"2 minutes\" \/>\n<script type=\"application\/ld+json\" class=\"yoast-schema-graph\">{\"@context\":\"https:\\\/\\\/schema.org\",\"@graph\":[{\"@type\":\"Article\",\"@id\":\"https:\\\/\\\/nebraskademocrats.org\\\/blog\\\/our-next-mayor-heath-mello-shares-his-vision-vote-may-9\\\/#article\",\"isPartOf\":{\"@id\":\"https:\\\/\\\/nebraskademocrats.org\\\/blog\\\/our-next-mayor-heath-mello-shares-his-vision-vote-may-9\\\/\"},\"author\":{\"name\":\"Jane Kleeb\",\"@id\":\"https:\\\/\\\/nebraskademocrats.org\\\/#\\\/schema\\\/person\\\/648fdf0197d280b37b5d8b98515d2ee9\"},\"headline\":\"Our Next Mayor Heath Mello Shares His Vision, Vote May 9\",\"datePublished\":\"2017-04-22T16:50:22+00:00\",\"dateModified\":\"2017-06-19T12:56:04+00:00\",\"mainEntityOfPage\":{\"@id\":\"https:\\\/\\\/nebraskademocrats.org\\\/blog\\\/our-next-mayor-heath-mello-shares-his-vision-vote-may-9\\\/\"},\"wordCount\":320,\"publisher\":{\"@id\":\"https:\\\/\\\/nebraskademocrats.org\\\/#organization\"},\"image\":{\"@id\":\"https:\\\/\\\/nebraskademocrats.org\\\/blog\\\/our-next-mayor-heath-mello-shares-his-vision-vote-may-9\\\/#primaryimage\"},\"thumbnailUrl\":\"https:\\\/\\\/nebraskademocrats.org\\\/wp-content\\\/uploads\\\/2017\\\/04\\\/mello-crowd.jpg\",\"keywords\":[\"Heath Mello\",\"Omaha\"],\"articleSection\":[\"NDP Blog\"],\"inLanguage\":\"su\"},{\"@type\":\"WebPage\",\"@id\":\"https:\\\/\\\/nebraskademocrats.org\\\/blog\\\/our-next-mayor-heath-mello-shares-his-vision-vote-may-9\\\/\",\"url\":\"https:\\\/\\\/nebraskademocrats.org\\\/blog\\\/our-next-mayor-heath-mello-shares-his-vision-vote-may-9\\\/\",\"name\":\"Our Next Mayor Heath Mello Shares His Vision, Vote May 9 &#8211; Nebraska Democratic Party\",\"isPartOf\":{\"@id\":\"https:\\\/\\\/nebraskademocrats.org\\\/#website\"},\"primaryImageOfPage\":{\"@id\":\"https:\\\/\\\/nebraskademocrats.org\\\/blog\\\/our-next-mayor-heath-mello-shares-his-vision-vote-may-9\\\/#primaryimage\"},\"image\":{\"@id\":\"https:\\\/\\\/nebraskademocrats.org\\\/blog\\\/our-next-mayor-heath-mello-shares-his-vision-vote-may-9\\\/#primaryimage\"},\"thumbnailUrl\":\"https:\\\/\\\/nebraskademocrats.org\\\/wp-content\\\/uploads\\\/2017\\\/04\\\/mello-crowd.jpg\",\"datePublished\":\"2017-04-22T16:50:22+00:00\",\"dateModified\":\"2017-06-19T12:56:04+00:00\",\"breadcrumb\":{\"@id\":\"https:\\\/\\\/nebraskademocrats.org\\\/blog\\\/our-next-mayor-heath-mello-shares-his-vision-vote-may-9\\\/#breadcrumb\"},\"inLanguage\":\"su\",\"potentialAction\":[{\"@type\":\"ReadAction\",\"target\":[\"https:\\\/\\\/nebraskademocrats.org\\\/blog\\\/our-next-mayor-heath-mello-shares-his-vision-vote-may-9\\\/\"]}]},{\"@type\":\"ImageObject\",\"inLanguage\":\"su\",\"@id\":\"https:\\\/\\\/nebraskademocrats.org\\\/blog\\\/our-next-mayor-heath-mello-shares-his-vision-vote-may-9\\\/#primaryimage\",\"url\":\"https:\\\/\\\/nebraskademocrats.org\\\/wp-content\\\/uploads\\\/2017\\\/04\\\/mello-crowd.jpg\",\"contentUrl\":\"https:\\\/\\\/nebraskademocrats.org\\\/wp-content\\\/uploads\\\/2017\\\/04\\\/mello-crowd.jpg\",\"width\":1800,\"height\":1200},{\"@type\":\"BreadcrumbList\",\"@id\":\"https:\\\/\\\/nebraskademocrats.org\\\/blog\\\/our-next-mayor-heath-mello-shares-his-vision-vote-may-9\\\/#breadcrumb\",\"itemListElement\":[{\"@type\":\"ListItem\",\"position\":1,\"name\":\"Home\",\"item\":\"https:\\\/\\\/nebraskademocrats.org\\\/\"},{\"@type\":\"ListItem\",\"position\":2,\"name\":\"Our Next Mayor Heath Mello Shares His Vision, Vote May 9\"}]},{\"@type\":\"WebSite\",\"@id\":\"https:\\\/\\\/nebraskademocrats.org\\\/#website\",\"url\":\"https:\\\/\\\/nebraskademocrats.org\\\/\",\"name\":\"Nebraska Democratic Party\",\"description\":\"Growing the Good Life for All Nebraskans\",\"publisher\":{\"@id\":\"https:\\\/\\\/nebraskademocrats.org\\\/#organization\"},\"potentialAction\":[{\"@type\":\"SearchAction\",\"target\":{\"@type\":\"EntryPoint\",\"urlTemplate\":\"https:\\\/\\\/nebraskademocrats.org\\\/?s={search_term_string}\"},\"query-input\":{\"@type\":\"PropertyValueSpecification\",\"valueRequired\":true,\"valueName\":\"search_term_string\"}}],\"inLanguage\":\"su\"},{\"@type\":\"Organization\",\"@id\":\"https:\\\/\\\/nebraskademocrats.org\\\/#organization\",\"name\":\"Nebraska Democratic Party\",\"url\":\"https:\\\/\\\/nebraskademocrats.org\\\/\",\"logo\":{\"@type\":\"ImageObject\",\"inLanguage\":\"su\",\"@id\":\"https:\\\/\\\/nebraskademocrats.org\\\/#\\\/schema\\\/logo\\\/image\\\/\",\"url\":\"https:\\\/\\\/nebraskadem.wpenginepowered.com\\\/wp-content\\\/uploads\\\/2016\\\/05\\\/NDP2.jpg\",\"contentUrl\":\"https:\\\/\\\/nebraskadem.wpenginepowered.com\\\/wp-content\\\/uploads\\\/2016\\\/05\\\/NDP2.jpg\",\"width\":1000,\"height\":396,\"caption\":\"Nebraska Democratic Party\"},\"image\":{\"@id\":\"https:\\\/\\\/nebraskademocrats.org\\\/#\\\/schema\\\/logo\\\/image\\\/\"},\"sameAs\":[\"https:\\\/\\\/www.facebook.com\\\/NebraskaDemocraticParty\\\/\",\"https:\\\/\\\/x.com\\\/nebraskadems\"]},{\"@type\":\"Person\",\"@id\":\"https:\\\/\\\/nebraskademocrats.org\\\/#\\\/schema\\\/person\\\/648fdf0197d280b37b5d8b98515d2ee9\",\"name\":\"Jane Kleeb\",\"image\":{\"@type\":\"ImageObject\",\"inLanguage\":\"su\",\"@id\":\"https:\\\/\\\/secure.gravatar.com\\\/avatar\\\/d0c227d7e36b4c78b92b6c8a332c74e381cb575cee3c5c2159651dba25d02f93?s=96&d=mm&r=g\",\"url\":\"https:\\\/\\\/secure.gravatar.com\\\/avatar\\\/d0c227d7e36b4c78b92b6c8a332c74e381cb575cee3c5c2159651dba25d02f93?s=96&d=mm&r=g\",\"contentUrl\":\"https:\\\/\\\/secure.gravatar.com\\\/avatar\\\/d0c227d7e36b4c78b92b6c8a332c74e381cb575cee3c5c2159651dba25d02f93?s=96&d=mm&r=g\",\"caption\":\"Jane Kleeb\"}}]}<\/script>\n<!-- \/ Yoast SEO plugin. -->","yoast_head_json":{"title":"Our Next Mayor Heath Mello Shares His Vision, Vote May 9 &#8211; Nebraska Democratic Party","robots":{"index":"index","follow":"follow","max-snippet":"max-snippet:-1","max-image-preview":"max-image-preview:large","max-video-preview":"max-video-preview:-1"},"canonical":"https:\/\/nebraskademocrats.org\/su\/blog\/our-next-mayor-heath-mello-shares-his-vision-vote-may-9\/","og_locale":"en_US","og_type":"article","og_title":"Our Next Mayor Heath Mello Shares His Vision, Vote May 9 &#8211; Nebraska Democratic Party","og_description":"Heath Mello shares his vision for Omaha and the values his parents instilled in him with a great new video. The Nebraska Democratic Party stands proudly with Heath Mello! It&#8217;s our moment, our time to pull together to elect the next Mayor of Omaha who will fight for our families by: -Creating a first-ever Climate ... Read more","og_url":"https:\/\/nebraskademocrats.org\/su\/blog\/our-next-mayor-heath-mello-shares-his-vision-vote-may-9\/","og_site_name":"Nebraska Democratic Party","article_publisher":"https:\/\/www.facebook.com\/NebraskaDemocraticParty\/","article_published_time":"2017-04-22T16:50:22+00:00","article_modified_time":"2017-06-19T12:56:04+00:00","og_image":[{"width":1800,"height":1200,"url":"https:\/\/nebraskademocrats.org\/wp-content\/uploads\/2017\/04\/mello-crowd.jpg","type":"image\/jpeg"}],"author":"Jane Kleeb","twitter_card":"summary_large_image","twitter_creator":"@nebraskadems","twitter_site":"@nebraskadems","twitter_misc":{"Written by":"Jane Kleeb","Est. reading time":"2 minutes"},"schema":{"@context":"https:\/\/schema.org","@graph":[{"@type":"Article","@id":"https:\/\/nebraskademocrats.org\/blog\/our-next-mayor-heath-mello-shares-his-vision-vote-may-9\/#article","isPartOf":{"@id":"https:\/\/nebraskademocrats.org\/blog\/our-next-mayor-heath-mello-shares-his-vision-vote-may-9\/"},"author":{"name":"Jane Kleeb","@id":"https:\/\/nebraskademocrats.org\/#\/schema\/person\/648fdf0197d280b37b5d8b98515d2ee9"},"headline":"Our Next Mayor Heath Mello Shares His Vision, Vote May 9","datePublished":"2017-04-22T16:50:22+00:00","dateModified":"2017-06-19T12:56:04+00:00","mainEntityOfPage":{"@id":"https:\/\/nebraskademocrats.org\/blog\/our-next-mayor-heath-mello-shares-his-vision-vote-may-9\/"},"wordCount":320,"publisher":{"@id":"https:\/\/nebraskademocrats.org\/#organization"},"image":{"@id":"https:\/\/nebraskademocrats.org\/blog\/our-next-mayor-heath-mello-shares-his-vision-vote-may-9\/#primaryimage"},"thumbnailUrl":"https:\/\/nebraskademocrats.org\/wp-content\/uploads\/2017\/04\/mello-crowd.jpg","keywords":["Heath Mello","Omaha"],"articleSection":["NDP Blog"],"inLanguage":"su"},{"@type":"WebPage","@id":"https:\/\/nebraskademocrats.org\/blog\/our-next-mayor-heath-mello-shares-his-vision-vote-may-9\/","url":"https:\/\/nebraskademocrats.org\/blog\/our-next-mayor-heath-mello-shares-his-vision-vote-may-9\/","name":"Our Next Mayor Heath Mello Shares His Vision, Vote May 9 &#8211; Nebraska Democratic Party","isPartOf":{"@id":"https:\/\/nebraskademocrats.org\/#website"},"primaryImageOfPage":{"@id":"https:\/\/nebraskademocrats.org\/blog\/our-next-mayor-heath-mello-shares-his-vision-vote-may-9\/#primaryimage"},"image":{"@id":"https:\/\/nebraskademocrats.org\/blog\/our-next-mayor-heath-mello-shares-his-vision-vote-may-9\/#primaryimage"},"thumbnailUrl":"https:\/\/nebraskademocrats.org\/wp-content\/uploads\/2017\/04\/mello-crowd.jpg","datePublished":"2017-04-22T16:50:22+00:00","dateModified":"2017-06-19T12:56:04+00:00","breadcrumb":{"@id":"https:\/\/nebraskademocrats.org\/blog\/our-next-mayor-heath-mello-shares-his-vision-vote-may-9\/#breadcrumb"},"inLanguage":"su","potentialAction":[{"@type":"ReadAction","target":["https:\/\/nebraskademocrats.org\/blog\/our-next-mayor-heath-mello-shares-his-vision-vote-may-9\/"]}]},{"@type":"ImageObject","inLanguage":"su","@id":"https:\/\/nebraskademocrats.org\/blog\/our-next-mayor-heath-mello-shares-his-vision-vote-may-9\/#primaryimage","url":"https:\/\/nebraskademocrats.org\/wp-content\/uploads\/2017\/04\/mello-crowd.jpg","contentUrl":"https:\/\/nebraskademocrats.org\/wp-content\/uploads\/2017\/04\/mello-crowd.jpg","width":1800,"height":1200},{"@type":"BreadcrumbList","@id":"https:\/\/nebraskademocrats.org\/blog\/our-next-mayor-heath-mello-shares-his-vision-vote-may-9\/#breadcrumb","itemListElement":[{"@type":"ListItem","position":1,"name":"Home","item":"https:\/\/nebraskademocrats.org\/"},{"@type":"ListItem","position":2,"name":"Our Next Mayor Heath Mello Shares His Vision, Vote May 9"}]},{"@type":"WebSite","@id":"https:\/\/nebraskademocrats.org\/#website","url":"https:\/\/nebraskademocrats.org\/","name":"Nebraska Democratic Party","description":"Tumuwuh Kahirupan Anu Sa\u00e9 pikeun Sadayana Nebraskan","publisher":{"@id":"https:\/\/nebraskademocrats.org\/#organization"},"potentialAction":[{"@type":"SearchAction","target":{"@type":"EntryPoint","urlTemplate":"https:\/\/nebraskademocrats.org\/?s={search_term_string}"},"query-input":{"@type":"PropertyValueSpecification","valueRequired":true,"valueName":"search_term_string"}}],"inLanguage":"su"},{"@type":"Organization","@id":"https:\/\/nebraskademocrats.org\/#organization","name":"Nebraska Democratic Party","url":"https:\/\/nebraskademocrats.org\/","logo":{"@type":"ImageObject","inLanguage":"su","@id":"https:\/\/nebraskademocrats.org\/#\/schema\/logo\/image\/","url":"https:\/\/nebraskadem.wpenginepowered.com\/wp-content\/uploads\/2016\/05\/NDP2.jpg","contentUrl":"https:\/\/nebraskadem.wpenginepowered.com\/wp-content\/uploads\/2016\/05\/NDP2.jpg","width":1000,"height":396,"caption":"Nebraska Democratic Party"},"image":{"@id":"https:\/\/nebraskademocrats.org\/#\/schema\/logo\/image\/"},"sameAs":["https:\/\/www.facebook.com\/NebraskaDemocraticParty\/","https:\/\/x.com\/nebraskadems"]},{"@type":"Person","@id":"https:\/\/nebraskademocrats.org\/#\/schema\/person\/648fdf0197d280b37b5d8b98515d2ee9","name":"Jane Kleeb","image":{"@type":"ImageObject","inLanguage":"su","@id":"https:\/\/secure.gravatar.com\/avatar\/d0c227d7e36b4c78b92b6c8a332c74e381cb575cee3c5c2159651dba25d02f93?s=96&d=mm&r=g","url":"https:\/\/secure.gravatar.com\/avatar\/d0c227d7e36b4c78b92b6c8a332c74e381cb575cee3c5c2159651dba25d02f93?s=96&d=mm&r=g","contentUrl":"https:\/\/secure.gravatar.com\/avatar\/d0c227d7e36b4c78b92b6c8a332c74e381cb575cee3c5c2159651dba25d02f93?s=96&d=mm&r=g","caption":"Jane Kleeb"}}]}},"_links":{"self":[{"href":"https:\/\/nebraskademocrats.org\/su\/wp-json\/wp\/v2\/posts\/2238","targetHints":{"allow":["GET"]}}],"collection":[{"href":"https:\/\/nebraskademocrats.org\/su\/wp-json\/wp\/v2\/posts"}],"about":[{"href":"https:\/\/nebraskademocrats.org\/su\/wp-json\/wp\/v2\/types\/post"}],"author":[{"embeddable":true,"href":"https:\/\/nebraskademocrats.org\/su\/wp-json\/wp\/v2\/users\/7"}],"replies":[{"embeddable":true,"href":"https:\/\/nebraskademocrats.org\/su\/wp-json\/wp\/v2\/comments?post=2238"}],"version-history":[{"count":0,"href":"https:\/\/nebraskademocrats.org\/su\/wp-json\/wp\/v2\/posts\/2238\/revisions"}],"wp:featuredmedia":[{"embeddable":true,"href":"https:\/\/nebraskademocrats.org\/su\/wp-json\/wp\/v2\/media\/2246"}],"wp:attachment":[{"href":"https:\/\/nebraskademocrats.org\/su\/wp-json\/wp\/v2\/media?parent=2238"}],"wp:term":[{"taxonomy":"category","embeddable":true,"href":"https:\/\/nebraskademocrats.org\/su\/wp-json\/wp\/v2\/categories?post=2238"},{"taxonomy":"post_tag","embeddable":true,"href":"https:\/\/nebraskademocrats.org\/su\/wp-json\/wp\/v2\/tags?post=2238"}],"curies":[{"name":"wp","href":"https:\/\/api.w.org\/{rel}","templated":true}]}}