{"id":25582,"date":"2020-10-02T12:39:27","date_gmt":"2020-10-02T17:39:27","guid":{"rendered":"https:\/\/nebraskadem.wpenginepowered.com\/?p=25582"},"modified":"2020-10-02T15:17:24","modified_gmt":"2020-10-02T20:17:24","slug":"debate-delirium-and-more-nebdems-news","status":"publish","type":"post","link":"https:\/\/nebraskademocrats.org\/su\/blog\/debate-delirium-and-more-nebdems-news\/","title":{"rendered":"Debat Delirium sareng seueur deui \u2014 #NebDems News"},"content":{"rendered":"<p><img fetchpriority=\"high\" decoding=\"async\" class=\"size-medium wp-image-6838 aligncenter\" src=\"https:\/\/nebraskadem.wpenginepowered.com\/wp-content\/uploads\/2018\/12\/NebDems-News-4-300x167.png\" alt=\"\" width=\"300\" height=\"167\" srcset=\"https:\/\/nebraskademocrats.org\/wp-content\/uploads\/2018\/12\/NebDems-News-4-300x167.png 300w, https:\/\/nebraskademocrats.org\/wp-content\/uploads\/2018\/12\/NebDems-News-4-768x427.png 768w, https:\/\/nebraskademocrats.org\/wp-content\/uploads\/2018\/12\/NebDems-News-4-1024x569.png 1024w, https:\/\/nebraskademocrats.org\/wp-content\/uploads\/2018\/12\/NebDems-News-4.png 1081w\" sizes=\"(max-width: 300px) 100vw, 300px\" \/><\/p>\n<p>Warta y\u00e9n Pr\u00e9sid\u00e9n Trump parantos nguji positip pikeun COVID-19 parantos ngabalikkeun balapan pr\u00e9sid\u00e9n - kalebet naroskeun patarosan naha dua debat terakhirna sareng Joe Biden bakal maju.<\/p>\n<p>Tapi jalma-jalma anu ningali debat munggaran Salasa diajar tilu hal.<\/p>\n<p>Trump \u00e9ta uih. Trump \u00e9ta horrifying. Sareng Trump terus ngabuktikeun kecap sareng lampahna mangrupikeun hinaan ka masarakat Am\u00e9rika.<\/p>\n<p>Trump bullied sarta interrupted jalan ngaliwatan sakab\u00e9h malem.<\/p>\n<div>Ti\u00a0<a href=\"https:\/\/variety.com\/2020\/tv\/columns\/the-first-presidential-debate-joe-biden-donald-trump-1234786646\/\">Ragam:<\/a>\u00a0<em>Trump henteu pernah mundur tina sikep ieu. interruptions na \u00e9ta jadi sering - sarta kurang ajar - y\u00e9n maran\u00e9hna ngancik sakab\u00e9h perdebatan kana wreck kar\u00e9ta.<\/p>\n<p><\/em>Ti\u00a0<a href=\"https:\/\/www.esquire.com\/news-politics\/politics\/a34215453\/president-trump-first-debate-pure-fascism\/\">Esquire&#039;s Charles Pierce:<\/a>\u00a0<em>Ieu mangrupikeun hal anu kajantenan: dina bagian anu munggaran dina debat pr\u00e9sid\u00e9n anu munggaran taun 2020, anu nangtang, tilas Wakil Pr\u00e9sid\u00e9n Am\u00e9rika Serikat, parantos nyebat presiden incumbent * Am\u00e9rika Serikat tukang bohong sareng badut, sareng ceuk man\u00e9hna cicing. Sareng anjeunna leres ngalaksanakeun tilu hal.<\/em><\/div>\n<p>Ti\u00a0<a href=\"https:\/\/www.theheraldreview.com\/news\/article\/Trump-Biden-prepare-to-debate-at-a-time-of-15604807.php\">AP<\/a>:\u00a0<em>Perdebatan munggaran antara Pr\u00e9sid\u00e9n Donald Trump sareng penantang D\u00e9mokratik Joe Biden parah janten \u00e9jekan pait sareng caket huru-hara Salasa wengi nalika Trump sababaraha kali ngaganggu lawanna kalayan ambek - sareng pribadi - jabs anu sakapeung ngabayangkeun visi anu b\u00e9da-b\u00e9da unggal lalaki pikeun bangsa anu nyanghareupan krisis bersejarah. . \u2026 Trump nolak ngahukum supremasi kulit bodas anu ngadukung anjeunna, nyarios ka salah sahiji grup anu katelah Proud Boys pikeun &quot;nangtung, nangtung.&quot;<\/em><\/p>\n<p>Minggu tanda ngan 30 po\u00e9 nepi ka 3. Nop\u00e9mber punten milih.<\/p>\n<figure><img decoding=\"async\" class=\"aligncenter\" title=\"\" src=\"https:\/\/can2-prod.s3.amazonaws.com\/uploads\/data\/000\/457\/005\/original\/Debate_1.jpg\" alt=\"\" width=\"450\" align=\"center\" \/><\/figure>\n<p style=\"text-align: center;\">***<\/p>\n<p>NDP parantos mendesain Pitunjuk Pamilih anu nunjukkeun sadaya D\u00e9mokrat anu milari jabatan di sadaya 93 kabupaten Nebraska. Kami og\u00e9 kalebet inisiatif sora sareng amandemen konstitusional.<\/p>\n<p><a href=\"https:\/\/nebraskadem.wpenginepowered.com\/voterguide\/\"><strong>Ngan klik di dieu pikeun manggihan Guide Pemilih D\u00e9mokratik lokal Anjeun.<\/strong><\/a><\/p>\n<p><img decoding=\"async\" class=\"size-medium wp-image-25612 aligncenter\" src=\"https:\/\/nebraskadem.wpenginepowered.com\/wp-content\/uploads\/2020\/10\/NEBDEMS-2020-VoterGuide-SQ-V2-300x300.png\" alt=\"\" width=\"300\" height=\"300\" srcset=\"https:\/\/nebraskademocrats.org\/wp-content\/uploads\/2020\/10\/NEBDEMS-2020-VoterGuide-SQ-V2-300x300.png 300w, https:\/\/nebraskademocrats.org\/wp-content\/uploads\/2020\/10\/NEBDEMS-2020-VoterGuide-SQ-V2-1024x1024.png 1024w, https:\/\/nebraskademocrats.org\/wp-content\/uploads\/2020\/10\/NEBDEMS-2020-VoterGuide-SQ-V2-150x150.png 150w, https:\/\/nebraskademocrats.org\/wp-content\/uploads\/2020\/10\/NEBDEMS-2020-VoterGuide-SQ-V2-768x768.png 768w, https:\/\/nebraskademocrats.org\/wp-content\/uploads\/2020\/10\/NEBDEMS-2020-VoterGuide-SQ-V2.png 1201w\" sizes=\"(max-width: 300px) 100vw, 300px\" \/><\/p>\n<p style=\"text-align: center;\">***<\/p>\n<p>Upami anjeun gaduh patarosan ngeunaan voting, kalebet cara ngadaptarkeun pikeun milih atanapi nyuhunkeun kartu suara Vote-by-Mail, kantun\u00a0<strong><a href=\"https:\/\/nebraskadem.wpenginepowered.com\/voting-center\/\">nganjang ka NDP Voting Center.<\/a><\/strong><\/p>\n<p style=\"text-align: center;\"><strong><img decoding=\"async\" class=\"aligncenter\" title=\"\" src=\"https:\/\/can2-prod.s3.amazonaws.com\/uploads\/data\/000\/456\/932\/original\/NEBDEMS-2020-Slate-InfoSoc-FB_Event_(1).png\" alt=\"\" width=\"450\" align=\"center\" \/><\/strong>***<\/p>\n<p>Anjeun tiasa ngabantosan kami milih Demokrat ku nyerat kartu pos ka pamilih!<\/p>\n<p>Kami gaduh sababaraha pilihan:<\/p>\n<p>Ngadamel kartu pos anjeun nyalira sareng kami bakal ngirim email ka anjeun daptar nami.<\/p>\n<p>Angkat paket di salah sahiji kantor kami:<\/p>\n<p>- Kantor Lincoln aya di\u00a0<a href=\"https:\/\/www.google.com\/maps\/place\/3701+O+St,+Lincoln,+NE+68510\/@40.8132582,-96.6699705,17z\/data=!3m1!4b1!4m5!3m4!1s0x8796be8396117673:0xb88bc6c9897988ea!8m2!3d40.8132582!4d-96.6677818\">3701 O St.<\/a>, Suite 200 tur kabuka MF ti 10 am ka 6 pm<\/p>\n<p>- Kantor Omaha aya di\u00a0<a href=\"https:\/\/www.google.com\/maps\/place\/5418+S+27th+St,+Omaha,+NE+68107\/@41.2029196,-95.9554268,17z\/data=!3m1!4b1!4m5!3m4!1s0x879389322474a1c3:0x13b7a9ff10d04eb1!8m2!3d41.2029156!4d-95.9532327\">5418 S. 27th<\/a>, Suite 6 tur kabuka Salasa jeung Kemis ti 10 am ka 6 pm<\/p>\n<p>Upami anjeun aya di Nebraska anu langkung ageung sareng hoyong ngalibatkeun sababaraha r\u00e9r\u00e9ncangan, urang tiasa ngirimkeun paket dina jumlah kartu pos sareng nami anu langkung ageung.<br \/>\n<strong><br \/>\n<a href=\"https:\/\/www.mobilize.us\/nebdems\/event\/317090\/\">Daptar didieu<\/a><\/strong>\u00a0pikeun \u00e9mbaran pasti.<\/p>\n<p>Anjeun og\u00e9 tiasa nyerat kartu pos ka pamilih nalika urang ningali Debat Pr\u00e9sid\u00e9n sareng Wakil Pr\u00e9sid\u00e9n.\u00a0<strong><a href=\"https:\/\/www.mobilize.us\/nebdems\/event\/326376\/\">Daptar didieu<\/a>\u00a0<\/strong>upami anjeun hoyong ngiringan sauran zum kami salami debat.<\/p>\n<p>Patarosan? Kirim email ka: gina@nebraskademocrats.org<\/p>\n<p><img decoding=\"async\" class=\"aligncenter\" title=\"\" src=\"https:\/\/lh4.googleusercontent.com\/A3m--QTcFwf1K_4QxGq9DuQbGtvBFIUYc8COaiC_tKYmdAphwhBsETOH4ERaec_zbW1xs2w1N-z9ZqRWLCDyz5P4ks3X6oMxCs1edufAAePpJBeE9sPA_7OjtA2fBndV05-E5BDq\" alt=\"\" width=\"400\" align=\"center\" \/><\/p>\n<p style=\"text-align: center;\">***<\/p>\n<p>Ngadaptarkeun kami 100.000 Telepon Di sakuliah Nebraska - 10-18 Oktober - nalika urang bakal telepon pamilih bank pikeun ngahurungkeun kaluar sora pikeun Demokrat!<\/p>\n<p>Gampang!\u00a0<a href=\"https:\/\/www.mobilize.us\/nebdems\/event\/308451\/\"><strong>Ngadaptarkeun dieu!<\/strong><\/a><\/p>\n<p><img decoding=\"async\" class=\"aligncenter\" title=\"\" src=\"https:\/\/lh3.googleusercontent.com\/6wpO8RfSmejcpmKQAKUDjQ7rWI38tS7KYSjlm7eDE0_RnN50Uc_8jvMyj2GrxOWBkehxkM-pRvtF4wnMtBpafYURV3djWxLORF-MYD2BcQJOqineRaRx53m59B08PuMdDI89dT69\" alt=\"\" width=\"400\" align=\"center\" \/><\/p>\n<p style=\"text-align: center;\">***<\/p>\n<p>Calon: Upami anjeun hoyong milarian dukungan ti Latinx Caucus,\u00a0<a href=\"https:\/\/docs.google.com\/forms\/d\/1cS9MKeoMz_4TASq_AGp82RfpEg2nnBi1hGaCEK1pWRQ\/edit?usp=sharing_eil&amp;ts=5f3b0c37\"><strong>eusian formulir ieu.<\/strong><\/a><\/p>\n<p>Upami anjeun hoyong milari dukungan ti Kaukasus Aw\u00e9w\u00e9, kirim email:\u00a0<a href=\"mailto:ndpwomenscaucus@gmail.com\">ndpwomenscaucus@gmail.com<\/a><\/p>\n<p><img decoding=\"async\" class=\"aligncenter\" title=\"\" src=\"https:\/\/lh5.googleusercontent.com\/hL9JJD9jIr44wxkCi87DQc36AQxxfBepjxxX3R8oYcHC-4RgeUARyNBf16ZvfuYbYZhfDRR2Z2clOuekq5fvDdFg0Q-DAIaUboYUzsZL90zhFbDeFPLnfcL9vJHEMa4owu_UJyTd\" alt=\"\" width=\"400\" align=\"center\" \/><\/p>\n<p><img decoding=\"async\" class=\"aligncenter\" title=\"\" src=\"https:\/\/lh3.googleusercontent.com\/T9b_JY5oS15oNjpPZl1r1VGTCLdS9go1-3XyJUdOjS-nmBnwQ3ozqIsg2sVSmiiVWwu7kd2Ez57koj-bT0y0Z1P1gQYHSo6eiMxDyQB2C0xbLDecND9Ak5PREK7y9fyP9USJEX9n\" alt=\"\" width=\"400\" align=\"center\" \/><\/p>\n<p style=\"text-align: center;\">***<\/p>\n<p>Preston Love, pamimpin komunitas lila-lila jeung advokat pulitik, geus ngumumkeun y\u00e9n man\u00e9hna baris jadi Demokrat nulis-di calon S\u00e9nat AS dina pamilihan 3 Nov. Asih disaluyuan ku Nebraska Democratic Party.<\/p>\n<p>Pamilih tiasa nyerat Asih dina garis panulisan sareng ngeusian lonjong di gigir namina handapeun bagian S\u00e9nat AS tina sora sora aranjeunna.<\/p>\n<p><strong><a href=\"https:\/\/nebraskadem.wpenginepowered.com\/press-releases\/press-release-preston-love-to-be-democratic-write-in-candidate-for-u-s-senate\/\">MACA DEUI.<\/a><\/strong><\/p>\n<p><img decoding=\"async\" class=\"size-medium wp-image-25587 aligncenter\" src=\"https:\/\/nebraskadem.wpenginepowered.com\/wp-content\/uploads\/2020\/10\/Preston-logo-300x300.png\" alt=\"\" width=\"300\" height=\"300\" srcset=\"https:\/\/nebraskademocrats.org\/wp-content\/uploads\/2020\/10\/Preston-logo.png 300w, https:\/\/nebraskademocrats.org\/wp-content\/uploads\/2020\/10\/Preston-logo-150x150.png 150w\" sizes=\"(max-width: 300px) 100vw, 300px\" \/><\/p>\n<figure><\/figure>\n<p style=\"text-align: center;\">***<\/p>\n<p>Gabung kami sabtu minggu ieu di salah sahiji urang\u00a0<strong>Yard Sign Drive-Thru Partai<\/strong>\u00a0dimana urang ngadistribusikaeun tanda buruan pikeun Wakil Pr\u00e9sid\u00e9n Joe Biden, Sen. Harris sareng calon kuat Nebraska urang.<\/p>\n<p>Anjeun ngan saukur tiasa nyetir sareng kami bakal nempatkeun tanda-tanda anu anjeun pikahoyong dina mobil anjeun.<\/p>\n<p>Urang ngan boga jumlah kawates ditinggalkeun. Janten sareng babak ieu acara tanda buruan, kami naroskeun y\u00e9n nalika anjeun angkat tanda anjeun anjeun milih salah sahiji tindakan ieu:<\/p>\n<p>1. Candak Paket Kartu Pos kami geus disiapkeun pikeun anjeun nulis catetan pondok pikeun pamilih. pak\u00e9t ngawengku 30 kartu pos, lab\u00e9l jeung pesen sampel nulis. Anjeun nyayogikeun perangko kartu pos sareng ngirimkeunana!<\/p>\n<p>ATAWA<\/p>\n<p>2. Ngadamel sumbangan $20 pikeun tanda.<\/p>\n<p><strong>4 Oktober:<\/strong>\u00a0Lincoln, 11 am ka 1 pm, Kantor NDP: 3701 O St.<\/p>\n<p><strong>4 Oktober:<\/strong>\u00a0Omaha, 3 ka 5 pm, IBEW Aula, 13306 Stevens St.<\/p>\n<p>Patarosan? Email info@nebraskademocrats.org<\/p>\n<p><strong>CATETAN: Kami henteu deui nyebarkeun tanda-tanda buruan salami saminggu di kantor Omaha sareng Lincoln kami.<\/strong><\/p>\n<p><img decoding=\"async\" class=\"aligncenter\" title=\"\" src=\"https:\/\/lh4.googleusercontent.com\/pNySnyV0clGuYYCPHISng9kmsIIc2qxj98FWwI4COSjyFouAj0cC-zypyx5J7ltg8aDanlIH_VxrbiLegyWZg7s71SkAv0ND6dre5wqRdmKXp8Gbv_Rq9JIolJ9A6InLCr0feGwn\" alt=\"\" width=\"400\" align=\"center\" \/><\/p>\n<p style=\"text-align: center;\">***<\/p>\n<p>NDP parantos ngamimitian s\u00e9ri acara online Wilujeng sumping-ka-Part\u00e9i anu ditujukeun pikeun pamilih anyar. Urang bakal ngajawab sadaya patarosan anjeun ngeunaan sora sareng kumaha ilubiung. Anjeun tiasa ngetik patarosan anjeun dina obrolan atanapi naroskeun ka aranjeunna langsung.<\/p>\n<p><strong><a href=\"http:\/\/nebraskadem.wpenginepowered.com\/Welcome\">Daptar didieu.<\/a><\/strong><\/p>\n<p><img decoding=\"async\" class=\"aligncenter\" title=\"\" src=\"https:\/\/lh6.googleusercontent.com\/-1QandggbHJbJEh7XQvTuXPZGyT9z5UyF689wNfmzHBHxAnZC62qm7lJTemIZa3Rd3ov0-r2EXUcUOe2eg8MUnrQJ3-Hd5w3NIvRdjfv5XBhMQy9vcEkifYr-3y5K1RgwT0Cd_nh\" alt=\"\" width=\"400\" align=\"center\" \/><\/p>\n<p style=\"text-align: center;\">***<\/p>\n<p>Pastikeun anjeun ngadaptar pikeun milih sareng nyungkeun sora Sora-ku-Surat di\u00a0<a href=\"https:\/\/nebraskadem.wpenginepowered.com\/voting-center\/\"><strong>Pusat Undian NDP.<\/strong><\/a><\/p>\n<p>Punten bagikeun tautan di luhur sareng r\u00e9r\u00e9ncangan sareng kulawarga!<\/p>\n<p><a href=\"https:\/\/nebraskadem.wpenginepowered.com\/voting-center\/\"><img loading=\"lazy\" decoding=\"async\" class=\"aligncenter\" src=\"https:\/\/lh5.googleusercontent.com\/aDnZacZGJi9Zc9lHExNox40PUIRPQeqGcc4MqqiWFiEVJDMqrg3oXa65h2_l0ShQP0wussCT8kcZbGIrjm8mRS3pSeW34vSdz_NDnodeLRrR89fav0DPcwxGACITfLCi3-ESQ0pJ\" alt=\"\" width=\"400\" height=\"900\" align=\"center\" \/><\/a><\/p>\n<p style=\"text-align: center;\">***<\/p>\n<p>K\u00e9ngingkeun swalayan Biden sareng NDP anjeun di\u00a0<a href=\"https:\/\/shirts101.store\/nebraska_democrats\/shop\/home\"><strong>NDP \/ kaos 101 toko!<\/strong><\/a><\/p>\n<p style=\"text-align: left;\"><img decoding=\"async\" class=\"aligncenter\" title=\"\" src=\"https:\/\/lh3.googleusercontent.com\/jKXLB3vdHEuodrj27gFB2hcBgw9X8rltR7C5HCWTRq9uGDkd7l-lUxc8NOUYuwLr8jE8PqFSnBpBsJ78oi411AGQiTGnRoef_ETTkNA0SHWkqlZRZMiHPtjvWp-3a0IdZ_ub5O-0\" alt=\"\" width=\"400\" align=\"center\" \/><\/p>\n<p style=\"text-align: center;\">***<\/p>\n<p style=\"text-align: left;\">Kami ngantunkeun anjeun minggu ieu ku Rendering ku <strong>John Deering<\/strong><strong>.<\/strong><\/p>\n<p><img decoding=\"async\" class=\"aligncenter\" title=\"\" src=\"https:\/\/lh4.googleusercontent.com\/-1IINK2b3-_zRGZeD2lVSrzHHDIbHbww5lp6g2ChkGHqDTSUPUbA8kg8I433Cw2wuuUtpptcy9sSkY8UQZHi-KGmPjljzMK7jET1n5uR_C8WKj2k5ULp9d2suz919gqXiCBu_iBZ\" alt=\"\" width=\"450\" align=\"center\" \/><\/p>\n<p style=\"text-align: center;\">\u2013Ku Kevin O&#039;Hanlon \/ Dir\u00e9ktur Komunikasi NDP<\/p>\n<p><strong>CATETAN:<\/strong>\u00a0Upami anjeun hoyong nampi #NebDems News ngalangkungan email, wartoskeun ka kami ku ngirim catetan ka:\u00a0<a href=\"mailto:info@nebraskademocrats.org\"><strong>info@nebraskademocrats.org<\/strong><\/a><\/p>\n<p>###<strong><br \/>\n<\/strong><strong><br \/>\n<\/strong><strong>Tanggal penting<\/strong><\/p>\n<p><strong><br \/>\n<\/strong><strong>4 Oktober:<\/strong>\u00a0<a href=\"https:\/\/www.facebook.com\/events\/3982735488410370\/\">Omaha Biden Yard Sign Drive-Thru Party<\/a><\/p>\n<p><strong>4 Oktober:<\/strong>\u00a0<a href=\"https:\/\/www.facebook.com\/events\/736374333613143\/\">Lincoln Biden Yard Sign Drive-Thru Party<\/a><\/p>\n<p><strong>6 Oktober:\u00a0<\/strong><a href=\"https:\/\/nebraskadem.wpenginepowered.com\/event\/welcome-to-the-party-call-35\/\">Sambutan-ka-Pesta Telepon<\/a><\/p>\n<p><strong>7 Oktober:<\/strong>\u00a0<a href=\"https:\/\/nebraskadem.wpenginepowered.com\/event\/vice-presidential-debate\/\">Debat Wakil Pr\u00e9sid\u00e9n<\/a><\/p>\n<p><strong>7 Oktober:<\/strong>\u00a0<a href=\"https:\/\/www.facebook.com\/events\/657937801517523\/\">Lalajo perdebatan sareng bantosan Dems!<\/a><\/p>\n<p><strong>10-18 Oktober:<\/strong>\u00a0<a href=\"https:\/\/www.mobilize.us\/nebdems\/event\/308451\/\">Bank Telepon pikeun Dems: 100.000 Telepon Sakuliah Nebraska<\/a><\/p>\n<p><strong>13 Oktober<\/strong>:\u00a0<a href=\"https:\/\/nebraskadem.wpenginepowered.com\/event\/welcome-to-the-party-call-36\/\">Sambutan-ka-Pesta Telepon<\/a><\/p>\n<p><strong>15 Oktober:\u00a0<\/strong><a href=\"https:\/\/nebraskadem.wpenginepowered.com\/event\/second-presidential-debate-3\/\">Debat Pr\u00e9sid\u00e9n Kadua<\/a><\/p>\n<p><strong>15 Oktober<\/strong>:\u00a0<a href=\"https:\/\/www.facebook.com\/events\/658697254752921\/\">Lalajo perdebatan sareng bantosan Dems!<\/a><\/p>","protected":false},"excerpt":{"rendered":"<p>News that President Trump has tested positive for COVID-19 has turned the presidential race upside down &#8212; including raising the question of whether his final two debates with Joe Biden will go forward. But folks who watched the first debate on Tuesday learned three things. Trump was awful. Trump was horrifying. And Trump continues to &#8230; <a title=\"Debate Delirium and more &#8212; #NebDems News\" class=\"read-more\" href=\"https:\/\/nebraskademocrats.org\/su\/blog\/debate-delirium-and-more-nebdems-news\/\" aria-label=\"More on Debate Delirium and more &#8212; #NebDems News\">Maca deui<\/a><\/p>","protected":false},"author":19,"featured_media":0,"comment_status":"closed","ping_status":"closed","sticky":false,"template":"","format":"standard","meta":{"_acf_changed":false,"_exactmetrics_skip_tracking":false,"_exactmetrics_sitenote_active":false,"_exactmetrics_sitenote_note":"","_exactmetrics_sitenote_category":0,"footnotes":""},"categories":[1],"tags":[],"class_list":["post-25582","post","type-post","status-publish","format-standard","hentry","category-blog"],"acf":[],"yoast_head":"<!-- This site is optimized with the Yoast SEO plugin v27.5 - https:\/\/yoast.com\/product\/yoast-seo-wordpress\/ -->\n<title>Debate Delirium and more -- #NebDems News &#8211; Nebraska Democratic Party<\/title>\n<meta name=\"robots\" content=\"index, follow, max-snippet:-1, max-image-preview:large, max-video-preview:-1\" \/>\n<link rel=\"canonical\" href=\"https:\/\/nebraskademocrats.org\/su\/blog\/debate-delirium-and-more-nebdems-news\/\" \/>\n<meta property=\"og:locale\" content=\"en_US\" \/>\n<meta property=\"og:type\" content=\"article\" \/>\n<meta property=\"og:title\" content=\"Debate Delirium and more -- #NebDems News &#8211; Nebraska Democratic Party\" \/>\n<meta property=\"og:description\" content=\"News that President Trump has tested positive for COVID-19 has turned the presidential race upside down &#8212; including raising the question of whether his final two debates with Joe Biden will go forward. But folks who watched the first debate on Tuesday learned three things. Trump was awful. Trump was horrifying. And Trump continues to ... Read more\" \/>\n<meta property=\"og:url\" content=\"https:\/\/nebraskademocrats.org\/su\/blog\/debate-delirium-and-more-nebdems-news\/\" \/>\n<meta property=\"og:site_name\" content=\"Nebraska Democratic Party\" \/>\n<meta property=\"article:publisher\" content=\"https:\/\/www.facebook.com\/NebraskaDemocraticParty\/\" \/>\n<meta property=\"article:published_time\" content=\"2020-10-02T17:39:27+00:00\" \/>\n<meta property=\"article:modified_time\" content=\"2020-10-02T20:17:24+00:00\" \/>\n<meta property=\"og:image\" content=\"https:\/\/nebraskadem.wpenginepowered.com\/wp-content\/uploads\/2018\/12\/NebDems-News-4-300x167.png\" \/>\n<meta name=\"author\" content=\"Precious McKesson\" \/>\n<meta name=\"twitter:card\" content=\"summary_large_image\" \/>\n<meta name=\"twitter:creator\" content=\"@nebraskadems\" \/>\n<meta name=\"twitter:site\" content=\"@nebraskadems\" \/>\n<meta name=\"twitter:label1\" content=\"Written by\" \/>\n\t<meta name=\"twitter:data1\" content=\"Precious McKesson\" \/>\n\t<meta name=\"twitter:label2\" content=\"Est. reading time\" \/>\n\t<meta name=\"twitter:data2\" content=\"5 minutes\" \/>\n<script type=\"application\/ld+json\" class=\"yoast-schema-graph\">{\"@context\":\"https:\\\/\\\/schema.org\",\"@graph\":[{\"@type\":\"Article\",\"@id\":\"https:\\\/\\\/nebraskademocrats.org\\\/zh\\\/blog\\\/debate-delirium-and-more-nebdems-news\\\/#article\",\"isPartOf\":{\"@id\":\"https:\\\/\\\/nebraskademocrats.org\\\/zh\\\/blog\\\/debate-delirium-and-more-nebdems-news\\\/\"},\"author\":{\"name\":\"Precious McKesson\",\"@id\":\"https:\\\/\\\/nebraskademocrats.org\\\/#\\\/schema\\\/person\\\/33e011ea0795f404810dc40828bcf289\"},\"headline\":\"Debate Delirium and more &#8212; #NebDems News\",\"datePublished\":\"2020-10-02T17:39:27+00:00\",\"dateModified\":\"2020-10-02T20:17:24+00:00\",\"mainEntityOfPage\":{\"@id\":\"https:\\\/\\\/nebraskademocrats.org\\\/zh\\\/blog\\\/debate-delirium-and-more-nebdems-news\\\/\"},\"wordCount\":918,\"publisher\":{\"@id\":\"https:\\\/\\\/nebraskademocrats.org\\\/#organization\"},\"image\":{\"@id\":\"https:\\\/\\\/nebraskademocrats.org\\\/zh\\\/blog\\\/debate-delirium-and-more-nebdems-news\\\/#primaryimage\"},\"thumbnailUrl\":\"https:\\\/\\\/nebraskadem.wpenginepowered.com\\\/wp-content\\\/uploads\\\/2018\\\/12\\\/NebDems-News-4-300x167.png\",\"articleSection\":[\"NDP Blog\"],\"inLanguage\":\"su\"},{\"@type\":\"WebPage\",\"@id\":\"https:\\\/\\\/nebraskademocrats.org\\\/zh\\\/blog\\\/debate-delirium-and-more-nebdems-news\\\/\",\"url\":\"https:\\\/\\\/nebraskademocrats.org\\\/zh\\\/blog\\\/debate-delirium-and-more-nebdems-news\\\/\",\"name\":\"Debate Delirium and more -- #NebDems News &#8211; Nebraska Democratic Party\",\"isPartOf\":{\"@id\":\"https:\\\/\\\/nebraskademocrats.org\\\/#website\"},\"primaryImageOfPage\":{\"@id\":\"https:\\\/\\\/nebraskademocrats.org\\\/zh\\\/blog\\\/debate-delirium-and-more-nebdems-news\\\/#primaryimage\"},\"image\":{\"@id\":\"https:\\\/\\\/nebraskademocrats.org\\\/zh\\\/blog\\\/debate-delirium-and-more-nebdems-news\\\/#primaryimage\"},\"thumbnailUrl\":\"https:\\\/\\\/nebraskadem.wpenginepowered.com\\\/wp-content\\\/uploads\\\/2018\\\/12\\\/NebDems-News-4-300x167.png\",\"datePublished\":\"2020-10-02T17:39:27+00:00\",\"dateModified\":\"2020-10-02T20:17:24+00:00\",\"breadcrumb\":{\"@id\":\"https:\\\/\\\/nebraskademocrats.org\\\/zh\\\/blog\\\/debate-delirium-and-more-nebdems-news\\\/#breadcrumb\"},\"inLanguage\":\"su\",\"potentialAction\":[{\"@type\":\"ReadAction\",\"target\":[\"https:\\\/\\\/nebraskademocrats.org\\\/zh\\\/blog\\\/debate-delirium-and-more-nebdems-news\\\/\"]}]},{\"@type\":\"ImageObject\",\"inLanguage\":\"su\",\"@id\":\"https:\\\/\\\/nebraskademocrats.org\\\/zh\\\/blog\\\/debate-delirium-and-more-nebdems-news\\\/#primaryimage\",\"url\":\"https:\\\/\\\/nebraskadem.wpenginepowered.com\\\/wp-content\\\/uploads\\\/2018\\\/12\\\/NebDems-News-4-300x167.png\",\"contentUrl\":\"https:\\\/\\\/nebraskadem.wpenginepowered.com\\\/wp-content\\\/uploads\\\/2018\\\/12\\\/NebDems-News-4-300x167.png\"},{\"@type\":\"BreadcrumbList\",\"@id\":\"https:\\\/\\\/nebraskademocrats.org\\\/zh\\\/blog\\\/debate-delirium-and-more-nebdems-news\\\/#breadcrumb\",\"itemListElement\":[{\"@type\":\"ListItem\",\"position\":1,\"name\":\"Home\",\"item\":\"https:\\\/\\\/nebraskademocrats.org\\\/\"},{\"@type\":\"ListItem\",\"position\":2,\"name\":\"Debate Delirium and more &#8212; #NebDems News\"}]},{\"@type\":\"WebSite\",\"@id\":\"https:\\\/\\\/nebraskademocrats.org\\\/#website\",\"url\":\"https:\\\/\\\/nebraskademocrats.org\\\/\",\"name\":\"Nebraska Democratic Party\",\"description\":\"Growing the Good Life for All Nebraskans\",\"publisher\":{\"@id\":\"https:\\\/\\\/nebraskademocrats.org\\\/#organization\"},\"potentialAction\":[{\"@type\":\"SearchAction\",\"target\":{\"@type\":\"EntryPoint\",\"urlTemplate\":\"https:\\\/\\\/nebraskademocrats.org\\\/?s={search_term_string}\"},\"query-input\":{\"@type\":\"PropertyValueSpecification\",\"valueRequired\":true,\"valueName\":\"search_term_string\"}}],\"inLanguage\":\"su\"},{\"@type\":\"Organization\",\"@id\":\"https:\\\/\\\/nebraskademocrats.org\\\/#organization\",\"name\":\"Nebraska Democratic Party\",\"url\":\"https:\\\/\\\/nebraskademocrats.org\\\/\",\"logo\":{\"@type\":\"ImageObject\",\"inLanguage\":\"su\",\"@id\":\"https:\\\/\\\/nebraskademocrats.org\\\/#\\\/schema\\\/logo\\\/image\\\/\",\"url\":\"https:\\\/\\\/nebraskadem.wpenginepowered.com\\\/wp-content\\\/uploads\\\/2016\\\/05\\\/NDP2.jpg\",\"contentUrl\":\"https:\\\/\\\/nebraskadem.wpenginepowered.com\\\/wp-content\\\/uploads\\\/2016\\\/05\\\/NDP2.jpg\",\"width\":1000,\"height\":396,\"caption\":\"Nebraska Democratic Party\"},\"image\":{\"@id\":\"https:\\\/\\\/nebraskademocrats.org\\\/#\\\/schema\\\/logo\\\/image\\\/\"},\"sameAs\":[\"https:\\\/\\\/www.facebook.com\\\/NebraskaDemocraticParty\\\/\",\"https:\\\/\\\/x.com\\\/nebraskadems\"]},{\"@type\":\"Person\",\"@id\":\"https:\\\/\\\/nebraskademocrats.org\\\/#\\\/schema\\\/person\\\/33e011ea0795f404810dc40828bcf289\",\"name\":\"Precious McKesson\",\"image\":{\"@type\":\"ImageObject\",\"inLanguage\":\"su\",\"@id\":\"https:\\\/\\\/secure.gravatar.com\\\/avatar\\\/35046e19b3373116ec64c07d386d3312028d3820dc0ffe65c344bcebc8ea9194?s=96&d=mm&r=g\",\"url\":\"https:\\\/\\\/secure.gravatar.com\\\/avatar\\\/35046e19b3373116ec64c07d386d3312028d3820dc0ffe65c344bcebc8ea9194?s=96&d=mm&r=g\",\"contentUrl\":\"https:\\\/\\\/secure.gravatar.com\\\/avatar\\\/35046e19b3373116ec64c07d386d3312028d3820dc0ffe65c344bcebc8ea9194?s=96&d=mm&r=g\",\"caption\":\"Precious McKesson\"}}]}<\/script>\n<!-- \/ Yoast SEO plugin. -->","yoast_head_json":{"title":"Debate Delirium and more -- #NebDems News &#8211; Nebraska Democratic Party","robots":{"index":"index","follow":"follow","max-snippet":"max-snippet:-1","max-image-preview":"max-image-preview:large","max-video-preview":"max-video-preview:-1"},"canonical":"https:\/\/nebraskademocrats.org\/su\/blog\/debate-delirium-and-more-nebdems-news\/","og_locale":"en_US","og_type":"article","og_title":"Debate Delirium and more -- #NebDems News &#8211; Nebraska Democratic Party","og_description":"News that President Trump has tested positive for COVID-19 has turned the presidential race upside down &#8212; including raising the question of whether his final two debates with Joe Biden will go forward. But folks who watched the first debate on Tuesday learned three things. Trump was awful. Trump was horrifying. And Trump continues to ... Read more","og_url":"https:\/\/nebraskademocrats.org\/su\/blog\/debate-delirium-and-more-nebdems-news\/","og_site_name":"Nebraska Democratic Party","article_publisher":"https:\/\/www.facebook.com\/NebraskaDemocraticParty\/","article_published_time":"2020-10-02T17:39:27+00:00","article_modified_time":"2020-10-02T20:17:24+00:00","og_image":[{"url":"https:\/\/nebraskadem.wpenginepowered.com\/wp-content\/uploads\/2018\/12\/NebDems-News-4-300x167.png","type":"","width":"","height":""}],"author":"Precious McKesson","twitter_card":"summary_large_image","twitter_creator":"@nebraskadems","twitter_site":"@nebraskadems","twitter_misc":{"Written by":"Precious McKesson","Est. reading time":"5 minutes"},"schema":{"@context":"https:\/\/schema.org","@graph":[{"@type":"Article","@id":"https:\/\/nebraskademocrats.org\/zh\/blog\/debate-delirium-and-more-nebdems-news\/#article","isPartOf":{"@id":"https:\/\/nebraskademocrats.org\/zh\/blog\/debate-delirium-and-more-nebdems-news\/"},"author":{"name":"Precious McKesson","@id":"https:\/\/nebraskademocrats.org\/#\/schema\/person\/33e011ea0795f404810dc40828bcf289"},"headline":"Debate Delirium and more &#8212; #NebDems News","datePublished":"2020-10-02T17:39:27+00:00","dateModified":"2020-10-02T20:17:24+00:00","mainEntityOfPage":{"@id":"https:\/\/nebraskademocrats.org\/zh\/blog\/debate-delirium-and-more-nebdems-news\/"},"wordCount":918,"publisher":{"@id":"https:\/\/nebraskademocrats.org\/#organization"},"image":{"@id":"https:\/\/nebraskademocrats.org\/zh\/blog\/debate-delirium-and-more-nebdems-news\/#primaryimage"},"thumbnailUrl":"https:\/\/nebraskadem.wpenginepowered.com\/wp-content\/uploads\/2018\/12\/NebDems-News-4-300x167.png","articleSection":["NDP Blog"],"inLanguage":"su"},{"@type":"WebPage","@id":"https:\/\/nebraskademocrats.org\/zh\/blog\/debate-delirium-and-more-nebdems-news\/","url":"https:\/\/nebraskademocrats.org\/zh\/blog\/debate-delirium-and-more-nebdems-news\/","name":"Debate Delirium and more -- #NebDems News &#8211; Nebraska Democratic Party","isPartOf":{"@id":"https:\/\/nebraskademocrats.org\/#website"},"primaryImageOfPage":{"@id":"https:\/\/nebraskademocrats.org\/zh\/blog\/debate-delirium-and-more-nebdems-news\/#primaryimage"},"image":{"@id":"https:\/\/nebraskademocrats.org\/zh\/blog\/debate-delirium-and-more-nebdems-news\/#primaryimage"},"thumbnailUrl":"https:\/\/nebraskadem.wpenginepowered.com\/wp-content\/uploads\/2018\/12\/NebDems-News-4-300x167.png","datePublished":"2020-10-02T17:39:27+00:00","dateModified":"2020-10-02T20:17:24+00:00","breadcrumb":{"@id":"https:\/\/nebraskademocrats.org\/zh\/blog\/debate-delirium-and-more-nebdems-news\/#breadcrumb"},"inLanguage":"su","potentialAction":[{"@type":"ReadAction","target":["https:\/\/nebraskademocrats.org\/zh\/blog\/debate-delirium-and-more-nebdems-news\/"]}]},{"@type":"ImageObject","inLanguage":"su","@id":"https:\/\/nebraskademocrats.org\/zh\/blog\/debate-delirium-and-more-nebdems-news\/#primaryimage","url":"https:\/\/nebraskadem.wpenginepowered.com\/wp-content\/uploads\/2018\/12\/NebDems-News-4-300x167.png","contentUrl":"https:\/\/nebraskadem.wpenginepowered.com\/wp-content\/uploads\/2018\/12\/NebDems-News-4-300x167.png"},{"@type":"BreadcrumbList","@id":"https:\/\/nebraskademocrats.org\/zh\/blog\/debate-delirium-and-more-nebdems-news\/#breadcrumb","itemListElement":[{"@type":"ListItem","position":1,"name":"Home","item":"https:\/\/nebraskademocrats.org\/"},{"@type":"ListItem","position":2,"name":"Debate Delirium and more &#8212; #NebDems News"}]},{"@type":"WebSite","@id":"https:\/\/nebraskademocrats.org\/#website","url":"https:\/\/nebraskademocrats.org\/","name":"Nebraska Democratic Party","description":"Tumuwuh Kahirupan Anu Sa\u00e9 pikeun Sadayana Nebraskan","publisher":{"@id":"https:\/\/nebraskademocrats.org\/#organization"},"potentialAction":[{"@type":"SearchAction","target":{"@type":"EntryPoint","urlTemplate":"https:\/\/nebraskademocrats.org\/?s={search_term_string}"},"query-input":{"@type":"PropertyValueSpecification","valueRequired":true,"valueName":"search_term_string"}}],"inLanguage":"su"},{"@type":"Organization","@id":"https:\/\/nebraskademocrats.org\/#organization","name":"Nebraska Democratic Party","url":"https:\/\/nebraskademocrats.org\/","logo":{"@type":"ImageObject","inLanguage":"su","@id":"https:\/\/nebraskademocrats.org\/#\/schema\/logo\/image\/","url":"https:\/\/nebraskadem.wpenginepowered.com\/wp-content\/uploads\/2016\/05\/NDP2.jpg","contentUrl":"https:\/\/nebraskadem.wpenginepowered.com\/wp-content\/uploads\/2016\/05\/NDP2.jpg","width":1000,"height":396,"caption":"Nebraska Democratic Party"},"image":{"@id":"https:\/\/nebraskademocrats.org\/#\/schema\/logo\/image\/"},"sameAs":["https:\/\/www.facebook.com\/NebraskaDemocraticParty\/","https:\/\/x.com\/nebraskadems"]},{"@type":"Person","@id":"https:\/\/nebraskademocrats.org\/#\/schema\/person\/33e011ea0795f404810dc40828bcf289","name":"McKesson mulia","image":{"@type":"ImageObject","inLanguage":"su","@id":"https:\/\/secure.gravatar.com\/avatar\/35046e19b3373116ec64c07d386d3312028d3820dc0ffe65c344bcebc8ea9194?s=96&d=mm&r=g","url":"https:\/\/secure.gravatar.com\/avatar\/35046e19b3373116ec64c07d386d3312028d3820dc0ffe65c344bcebc8ea9194?s=96&d=mm&r=g","contentUrl":"https:\/\/secure.gravatar.com\/avatar\/35046e19b3373116ec64c07d386d3312028d3820dc0ffe65c344bcebc8ea9194?s=96&d=mm&r=g","caption":"Precious McKesson"}}]}},"_links":{"self":[{"href":"https:\/\/nebraskademocrats.org\/su\/wp-json\/wp\/v2\/posts\/25582","targetHints":{"allow":["GET"]}}],"collection":[{"href":"https:\/\/nebraskademocrats.org\/su\/wp-json\/wp\/v2\/posts"}],"about":[{"href":"https:\/\/nebraskademocrats.org\/su\/wp-json\/wp\/v2\/types\/post"}],"author":[{"embeddable":true,"href":"https:\/\/nebraskademocrats.org\/su\/wp-json\/wp\/v2\/users\/19"}],"replies":[{"embeddable":true,"href":"https:\/\/nebraskademocrats.org\/su\/wp-json\/wp\/v2\/comments?post=25582"}],"version-history":[{"count":0,"href":"https:\/\/nebraskademocrats.org\/su\/wp-json\/wp\/v2\/posts\/25582\/revisions"}],"wp:attachment":[{"href":"https:\/\/nebraskademocrats.org\/su\/wp-json\/wp\/v2\/media?parent=25582"}],"wp:term":[{"taxonomy":"category","embeddable":true,"href":"https:\/\/nebraskademocrats.org\/su\/wp-json\/wp\/v2\/categories?post=25582"},{"taxonomy":"post_tag","embeddable":true,"href":"https:\/\/nebraskademocrats.org\/su\/wp-json\/wp\/v2\/tags?post=25582"}],"curies":[{"name":"wp","href":"https:\/\/api.w.org\/{rel}","templated":true}]}}