{"id":2687,"date":"2017-07-26T16:01:57","date_gmt":"2017-07-26T21:01:57","guid":{"rendered":"http:\/\/nebraskadem.wpenginepowered.com\/?p=2687"},"modified":"2017-07-26T16:01:57","modified_gmt":"2017-07-26T21:01:57","slug":"advisory-senators-sasse-and-fischer-vote-to-take-away-health-care","status":"publish","type":"post","link":"https:\/\/nebraskademocrats.org\/su\/press-releases\/advisory-senators-sasse-and-fischer-vote-to-take-away-health-care\/","title":{"rendered":"PENASIHAT: S\u00e9nator Sasse sareng Fischer Vote pikeun ngaleungitkeun Perawatan Kas\u00e9hatan"},"content":{"rendered":"<p dir=\"ltr\">Washington DC- S\u00e9nat milih dinten ayeuna pikeun ngabatalkeun Undang-Undang Perawatan Mampuh tanpa ngagantian anu ny\u00e9sakeun puluhan juta jalma tanpa asuransi. S\u00e9nator Sasse jeung Fischer duanana milih dina kahadean pancabutan \u00e9ta. pancabutan \u00e9ta leungit 45-55 kalawan 7 S\u00e9nator Republik gabung sadayana Demokrat dina voting ngalawan ukuran. Kanyataan y\u00e9n S\u00e9nator Nebraskan milih pikeun pancabutan \u00e9ta ngalawan kahayang sadaya Nebraskan. \u00c9ta kudu ngajawab ka dulur anu ngandelkeun sinyalna y\u00e9n maran\u00e9hna geus dibikeun ti ACA. Aranjeunna milih pancabutan \u00e9ta henteu tanggung jawab sareng ngahianat amanah anu dipasihkeun nalika kapilih.<\/p>\n<p>&nbsp;<\/p>\n<p dir=\"ltr\">&quot;Sanes S\u00e9nator Ben Sasse atanapi S\u00e9nator Deb Fischer nunjukkeun tulang tonggong atanapi grit dina nyanghareupan Trump. Voting pikeun panyabutan kasehatan mangrupikeun aib. Untungna sakeupeul Republik ngagabung ka sadaya Demokrat pikeun nyalametkeun kasehatan urang. Ngahaturkeun nuhun ka sadaya wargi anu tos nampilkeun supados sora urang didangu nyaring sareng jelas. Urang kedah ngusahakeun solusi nyata sapertos Medicare pikeun sadayana. - Kursi Jane Kleeb<\/p>","protected":false},"excerpt":{"rendered":"<p>Washington D.C.- The Senate voted today to repeal the Affordable Care Act without any replacement leaving tens of millions of people without insurance. Senator Sasse and Fischer both voted in favor of the repeal. The repeal lost 45-55 with 7 Republican Senators joining all Democrats in voting against the measure. The fact that the Nebraskan &#8230; <a title=\"PENASIHAT: S\u00e9nator Sasse sareng Fischer Vote pikeun ngaleungitkeun Perawatan Kas\u00e9hatan\" class=\"read-more\" href=\"https:\/\/nebraskademocrats.org\/su\/press-releases\/advisory-senators-sasse-and-fischer-vote-to-take-away-health-care\/\" aria-label=\"More on ADVISORY: Senators Sasse and Fischer Vote to take away Health Care\">Maca deui<\/a><\/p>","protected":false},"author":19,"featured_media":0,"comment_status":"closed","ping_status":"closed","sticky":false,"template":"","format":"standard","meta":{"_acf_changed":false,"_exactmetrics_skip_tracking":false,"_exactmetrics_sitenote_active":false,"_exactmetrics_sitenote_note":"","_exactmetrics_sitenote_category":0,"footnotes":""},"categories":[4],"tags":[],"class_list":["post-2687","post","type-post","status-publish","format-standard","hentry","category-press-releases"],"acf":[],"yoast_head":"<!-- This site is optimized with the Yoast SEO plugin v27.4 - https:\/\/yoast.com\/product\/yoast-seo-wordpress\/ -->\n<title>ADVISORY: Senators Sasse and Fischer Vote to take away Health Care &#8211; Nebraska Democratic Party<\/title>\n<meta name=\"robots\" content=\"index, follow, max-snippet:-1, max-image-preview:large, max-video-preview:-1\" \/>\n<link rel=\"canonical\" href=\"https:\/\/nebraskademocrats.org\/su\/press-releases\/advisory-senators-sasse-and-fischer-vote-to-take-away-health-care\/\" \/>\n<meta property=\"og:locale\" content=\"en_US\" \/>\n<meta property=\"og:type\" content=\"article\" \/>\n<meta property=\"og:title\" content=\"ADVISORY: Senators Sasse and Fischer Vote to take away Health Care &#8211; Nebraska Democratic Party\" \/>\n<meta property=\"og:description\" content=\"Washington D.C.- The Senate voted today to repeal the Affordable Care Act without any replacement leaving tens of millions of people without insurance. Senator Sasse and Fischer both voted in favor of the repeal. The repeal lost 45-55 with 7 Republican Senators joining all Democrats in voting against the measure. The fact that the Nebraskan ... Read more\" \/>\n<meta property=\"og:url\" content=\"https:\/\/nebraskademocrats.org\/su\/press-releases\/advisory-senators-sasse-and-fischer-vote-to-take-away-health-care\/\" \/>\n<meta property=\"og:site_name\" content=\"Nebraska Democratic Party\" \/>\n<meta property=\"article:publisher\" content=\"https:\/\/www.facebook.com\/NebraskaDemocraticParty\/\" \/>\n<meta property=\"article:published_time\" content=\"2017-07-26T21:01:57+00:00\" \/>\n<meta property=\"og:image\" content=\"https:\/\/nebraskademocrats.org\/wp-content\/uploads\/2018\/09\/ne-dems-fb.jpg\" \/>\n\t<meta property=\"og:image:width\" content=\"1200\" \/>\n\t<meta property=\"og:image:height\" content=\"630\" \/>\n\t<meta property=\"og:image:type\" content=\"image\/jpeg\" \/>\n<meta name=\"author\" content=\"Precious McKesson\" \/>\n<meta name=\"twitter:card\" content=\"summary_large_image\" \/>\n<meta name=\"twitter:creator\" content=\"@nebraskadems\" \/>\n<meta name=\"twitter:site\" content=\"@nebraskadems\" \/>\n<meta name=\"twitter:label1\" content=\"Written by\" \/>\n\t<meta name=\"twitter:data1\" content=\"Precious McKesson\" \/>\n\t<meta name=\"twitter:label2\" content=\"Est. reading time\" \/>\n\t<meta name=\"twitter:data2\" content=\"1 minute\" \/>\n<script type=\"application\/ld+json\" class=\"yoast-schema-graph\">{\"@context\":\"https:\\\/\\\/schema.org\",\"@graph\":[{\"@type\":\"Article\",\"@id\":\"https:\\\/\\\/nebraskademocrats.org\\\/press-releases\\\/advisory-senators-sasse-and-fischer-vote-to-take-away-health-care\\\/#article\",\"isPartOf\":{\"@id\":\"https:\\\/\\\/nebraskademocrats.org\\\/press-releases\\\/advisory-senators-sasse-and-fischer-vote-to-take-away-health-care\\\/\"},\"author\":{\"name\":\"Precious McKesson\",\"@id\":\"https:\\\/\\\/nebraskademocrats.org\\\/#\\\/schema\\\/person\\\/33e011ea0795f404810dc40828bcf289\"},\"headline\":\"ADVISORY: Senators Sasse and Fischer Vote to take away Health Care\",\"datePublished\":\"2017-07-26T21:01:57+00:00\",\"mainEntityOfPage\":{\"@id\":\"https:\\\/\\\/nebraskademocrats.org\\\/press-releases\\\/advisory-senators-sasse-and-fischer-vote-to-take-away-health-care\\\/\"},\"wordCount\":188,\"publisher\":{\"@id\":\"https:\\\/\\\/nebraskademocrats.org\\\/#organization\"},\"articleSection\":[\"Press Releases\"],\"inLanguage\":\"su\"},{\"@type\":\"WebPage\",\"@id\":\"https:\\\/\\\/nebraskademocrats.org\\\/press-releases\\\/advisory-senators-sasse-and-fischer-vote-to-take-away-health-care\\\/\",\"url\":\"https:\\\/\\\/nebraskademocrats.org\\\/press-releases\\\/advisory-senators-sasse-and-fischer-vote-to-take-away-health-care\\\/\",\"name\":\"ADVISORY: Senators Sasse and Fischer Vote to take away Health Care &#8211; Nebraska Democratic Party\",\"isPartOf\":{\"@id\":\"https:\\\/\\\/nebraskademocrats.org\\\/#website\"},\"datePublished\":\"2017-07-26T21:01:57+00:00\",\"breadcrumb\":{\"@id\":\"https:\\\/\\\/nebraskademocrats.org\\\/press-releases\\\/advisory-senators-sasse-and-fischer-vote-to-take-away-health-care\\\/#breadcrumb\"},\"inLanguage\":\"su\",\"potentialAction\":[{\"@type\":\"ReadAction\",\"target\":[\"https:\\\/\\\/nebraskademocrats.org\\\/press-releases\\\/advisory-senators-sasse-and-fischer-vote-to-take-away-health-care\\\/\"]}]},{\"@type\":\"BreadcrumbList\",\"@id\":\"https:\\\/\\\/nebraskademocrats.org\\\/press-releases\\\/advisory-senators-sasse-and-fischer-vote-to-take-away-health-care\\\/#breadcrumb\",\"itemListElement\":[{\"@type\":\"ListItem\",\"position\":1,\"name\":\"Home\",\"item\":\"https:\\\/\\\/nebraskademocrats.org\\\/\"},{\"@type\":\"ListItem\",\"position\":2,\"name\":\"ADVISORY: Senators Sasse and Fischer Vote to take away Health Care\"}]},{\"@type\":\"WebSite\",\"@id\":\"https:\\\/\\\/nebraskademocrats.org\\\/#website\",\"url\":\"https:\\\/\\\/nebraskademocrats.org\\\/\",\"name\":\"Nebraska Democratic Party\",\"description\":\"Growing the Good Life for All Nebraskans\",\"publisher\":{\"@id\":\"https:\\\/\\\/nebraskademocrats.org\\\/#organization\"},\"potentialAction\":[{\"@type\":\"SearchAction\",\"target\":{\"@type\":\"EntryPoint\",\"urlTemplate\":\"https:\\\/\\\/nebraskademocrats.org\\\/?s={search_term_string}\"},\"query-input\":{\"@type\":\"PropertyValueSpecification\",\"valueRequired\":true,\"valueName\":\"search_term_string\"}}],\"inLanguage\":\"su\"},{\"@type\":\"Organization\",\"@id\":\"https:\\\/\\\/nebraskademocrats.org\\\/#organization\",\"name\":\"Nebraska Democratic Party\",\"url\":\"https:\\\/\\\/nebraskademocrats.org\\\/\",\"logo\":{\"@type\":\"ImageObject\",\"inLanguage\":\"su\",\"@id\":\"https:\\\/\\\/nebraskademocrats.org\\\/#\\\/schema\\\/logo\\\/image\\\/\",\"url\":\"https:\\\/\\\/nebraskadem.wpenginepowered.com\\\/wp-content\\\/uploads\\\/2016\\\/05\\\/NDP2.jpg\",\"contentUrl\":\"https:\\\/\\\/nebraskadem.wpenginepowered.com\\\/wp-content\\\/uploads\\\/2016\\\/05\\\/NDP2.jpg\",\"width\":1000,\"height\":396,\"caption\":\"Nebraska Democratic Party\"},\"image\":{\"@id\":\"https:\\\/\\\/nebraskademocrats.org\\\/#\\\/schema\\\/logo\\\/image\\\/\"},\"sameAs\":[\"https:\\\/\\\/www.facebook.com\\\/NebraskaDemocraticParty\\\/\",\"https:\\\/\\\/x.com\\\/nebraskadems\"]},{\"@type\":\"Person\",\"@id\":\"https:\\\/\\\/nebraskademocrats.org\\\/#\\\/schema\\\/person\\\/33e011ea0795f404810dc40828bcf289\",\"name\":\"Precious McKesson\",\"image\":{\"@type\":\"ImageObject\",\"inLanguage\":\"su\",\"@id\":\"https:\\\/\\\/secure.gravatar.com\\\/avatar\\\/35046e19b3373116ec64c07d386d3312028d3820dc0ffe65c344bcebc8ea9194?s=96&d=mm&r=g\",\"url\":\"https:\\\/\\\/secure.gravatar.com\\\/avatar\\\/35046e19b3373116ec64c07d386d3312028d3820dc0ffe65c344bcebc8ea9194?s=96&d=mm&r=g\",\"contentUrl\":\"https:\\\/\\\/secure.gravatar.com\\\/avatar\\\/35046e19b3373116ec64c07d386d3312028d3820dc0ffe65c344bcebc8ea9194?s=96&d=mm&r=g\",\"caption\":\"Precious McKesson\"}}]}<\/script>\n<!-- \/ Yoast SEO plugin. -->","yoast_head_json":{"title":"ADVISORY: Senators Sasse and Fischer Vote to take away Health Care &#8211; Nebraska Democratic Party","robots":{"index":"index","follow":"follow","max-snippet":"max-snippet:-1","max-image-preview":"max-image-preview:large","max-video-preview":"max-video-preview:-1"},"canonical":"https:\/\/nebraskademocrats.org\/su\/press-releases\/advisory-senators-sasse-and-fischer-vote-to-take-away-health-care\/","og_locale":"en_US","og_type":"article","og_title":"ADVISORY: Senators Sasse and Fischer Vote to take away Health Care &#8211; Nebraska Democratic Party","og_description":"Washington D.C.- The Senate voted today to repeal the Affordable Care Act without any replacement leaving tens of millions of people without insurance. Senator Sasse and Fischer both voted in favor of the repeal. The repeal lost 45-55 with 7 Republican Senators joining all Democrats in voting against the measure. The fact that the Nebraskan ... Read more","og_url":"https:\/\/nebraskademocrats.org\/su\/press-releases\/advisory-senators-sasse-and-fischer-vote-to-take-away-health-care\/","og_site_name":"Nebraska Democratic Party","article_publisher":"https:\/\/www.facebook.com\/NebraskaDemocraticParty\/","article_published_time":"2017-07-26T21:01:57+00:00","og_image":[{"width":1200,"height":630,"url":"https:\/\/nebraskademocrats.org\/wp-content\/uploads\/2018\/09\/ne-dems-fb.jpg","type":"image\/jpeg"}],"author":"Precious McKesson","twitter_card":"summary_large_image","twitter_creator":"@nebraskadems","twitter_site":"@nebraskadems","twitter_misc":{"Written by":"Precious McKesson","Est. reading time":"1 minute"},"schema":{"@context":"https:\/\/schema.org","@graph":[{"@type":"Article","@id":"https:\/\/nebraskademocrats.org\/press-releases\/advisory-senators-sasse-and-fischer-vote-to-take-away-health-care\/#article","isPartOf":{"@id":"https:\/\/nebraskademocrats.org\/press-releases\/advisory-senators-sasse-and-fischer-vote-to-take-away-health-care\/"},"author":{"name":"Precious McKesson","@id":"https:\/\/nebraskademocrats.org\/#\/schema\/person\/33e011ea0795f404810dc40828bcf289"},"headline":"ADVISORY: Senators Sasse and Fischer Vote to take away Health Care","datePublished":"2017-07-26T21:01:57+00:00","mainEntityOfPage":{"@id":"https:\/\/nebraskademocrats.org\/press-releases\/advisory-senators-sasse-and-fischer-vote-to-take-away-health-care\/"},"wordCount":188,"publisher":{"@id":"https:\/\/nebraskademocrats.org\/#organization"},"articleSection":["Press Releases"],"inLanguage":"su"},{"@type":"WebPage","@id":"https:\/\/nebraskademocrats.org\/press-releases\/advisory-senators-sasse-and-fischer-vote-to-take-away-health-care\/","url":"https:\/\/nebraskademocrats.org\/press-releases\/advisory-senators-sasse-and-fischer-vote-to-take-away-health-care\/","name":"ADVISORY: Senators Sasse and Fischer Vote to take away Health Care &#8211; Nebraska Democratic Party","isPartOf":{"@id":"https:\/\/nebraskademocrats.org\/#website"},"datePublished":"2017-07-26T21:01:57+00:00","breadcrumb":{"@id":"https:\/\/nebraskademocrats.org\/press-releases\/advisory-senators-sasse-and-fischer-vote-to-take-away-health-care\/#breadcrumb"},"inLanguage":"su","potentialAction":[{"@type":"ReadAction","target":["https:\/\/nebraskademocrats.org\/press-releases\/advisory-senators-sasse-and-fischer-vote-to-take-away-health-care\/"]}]},{"@type":"BreadcrumbList","@id":"https:\/\/nebraskademocrats.org\/press-releases\/advisory-senators-sasse-and-fischer-vote-to-take-away-health-care\/#breadcrumb","itemListElement":[{"@type":"ListItem","position":1,"name":"Home","item":"https:\/\/nebraskademocrats.org\/"},{"@type":"ListItem","position":2,"name":"ADVISORY: Senators Sasse and Fischer Vote to take away Health Care"}]},{"@type":"WebSite","@id":"https:\/\/nebraskademocrats.org\/#website","url":"https:\/\/nebraskademocrats.org\/","name":"Nebraska Democratic Party","description":"Tumuwuh Kahirupan Anu Sa\u00e9 pikeun Sadayana Nebraskan","publisher":{"@id":"https:\/\/nebraskademocrats.org\/#organization"},"potentialAction":[{"@type":"SearchAction","target":{"@type":"EntryPoint","urlTemplate":"https:\/\/nebraskademocrats.org\/?s={search_term_string}"},"query-input":{"@type":"PropertyValueSpecification","valueRequired":true,"valueName":"search_term_string"}}],"inLanguage":"su"},{"@type":"Organization","@id":"https:\/\/nebraskademocrats.org\/#organization","name":"Nebraska Democratic Party","url":"https:\/\/nebraskademocrats.org\/","logo":{"@type":"ImageObject","inLanguage":"su","@id":"https:\/\/nebraskademocrats.org\/#\/schema\/logo\/image\/","url":"https:\/\/nebraskadem.wpenginepowered.com\/wp-content\/uploads\/2016\/05\/NDP2.jpg","contentUrl":"https:\/\/nebraskadem.wpenginepowered.com\/wp-content\/uploads\/2016\/05\/NDP2.jpg","width":1000,"height":396,"caption":"Nebraska Democratic Party"},"image":{"@id":"https:\/\/nebraskademocrats.org\/#\/schema\/logo\/image\/"},"sameAs":["https:\/\/www.facebook.com\/NebraskaDemocraticParty\/","https:\/\/x.com\/nebraskadems"]},{"@type":"Person","@id":"https:\/\/nebraskademocrats.org\/#\/schema\/person\/33e011ea0795f404810dc40828bcf289","name":"McKesson mulia","image":{"@type":"ImageObject","inLanguage":"su","@id":"https:\/\/secure.gravatar.com\/avatar\/35046e19b3373116ec64c07d386d3312028d3820dc0ffe65c344bcebc8ea9194?s=96&d=mm&r=g","url":"https:\/\/secure.gravatar.com\/avatar\/35046e19b3373116ec64c07d386d3312028d3820dc0ffe65c344bcebc8ea9194?s=96&d=mm&r=g","contentUrl":"https:\/\/secure.gravatar.com\/avatar\/35046e19b3373116ec64c07d386d3312028d3820dc0ffe65c344bcebc8ea9194?s=96&d=mm&r=g","caption":"Precious McKesson"}}]}},"_links":{"self":[{"href":"https:\/\/nebraskademocrats.org\/su\/wp-json\/wp\/v2\/posts\/2687","targetHints":{"allow":["GET"]}}],"collection":[{"href":"https:\/\/nebraskademocrats.org\/su\/wp-json\/wp\/v2\/posts"}],"about":[{"href":"https:\/\/nebraskademocrats.org\/su\/wp-json\/wp\/v2\/types\/post"}],"author":[{"embeddable":true,"href":"https:\/\/nebraskademocrats.org\/su\/wp-json\/wp\/v2\/users\/19"}],"replies":[{"embeddable":true,"href":"https:\/\/nebraskademocrats.org\/su\/wp-json\/wp\/v2\/comments?post=2687"}],"version-history":[{"count":0,"href":"https:\/\/nebraskademocrats.org\/su\/wp-json\/wp\/v2\/posts\/2687\/revisions"}],"wp:attachment":[{"href":"https:\/\/nebraskademocrats.org\/su\/wp-json\/wp\/v2\/media?parent=2687"}],"wp:term":[{"taxonomy":"category","embeddable":true,"href":"https:\/\/nebraskademocrats.org\/su\/wp-json\/wp\/v2\/categories?post=2687"},{"taxonomy":"post_tag","embeddable":true,"href":"https:\/\/nebraskademocrats.org\/su\/wp-json\/wp\/v2\/tags?post=2687"}],"curies":[{"name":"wp","href":"https:\/\/api.w.org\/{rel}","templated":true}]}}