{"id":29241,"date":"2021-01-06T15:34:42","date_gmt":"2021-01-06T21:34:42","guid":{"rendered":"https:\/\/nebraskadem.wpenginepowered.com\/?p=29241"},"modified":"2021-01-06T18:38:59","modified_gmt":"2021-01-07T00:38:59","slug":"press-release-ndp-condemns-trump-protesters-who-broke-into-capitol","status":"publish","type":"post","link":"https:\/\/nebraskademocrats.org\/su\/press-releases\/press-release-ndp-condemns-trump-protesters-who-broke-into-capitol\/","title":{"rendered":"Kaluaran pers: NDP ngutuk perusuhan pro-Trump anu asup ka Capitol"},"content":{"rendered":"<p><span style=\"font-weight: 400;\">Pupuhu NDP Jane Kleeb sareng Nebraska Democratic Party ngutuk tindakan tina sakumpulan panyokong Pr\u00e9sid\u00e9n Trump anu ngalanggar kaamanan sareng ngabobol ka Capitol AS Rebo dina kapercayaan y\u00e9n Trump henteu leres-leres \u00e9l\u00e9h dina pamilihan 3 Nov ka Pr\u00e9sid\u00e9n anu kapilih Joe Biden.<\/span><\/p>\n<p><span style=\"font-weight: 400;\">Trump - anu \u00e9l\u00e9h sora sora anu popul\u00e9r sareng pamilihan umum - terus ngabantah hasilna, tanpa bukti, sareng parantos ngadorong panyokongna pikeun ngiringan rally di ibukota bangsa, <\/span><a href=\"https:\/\/www.washingtonpost.com\/dc-md-va\/2021\/01\/06\/dc-protests-trump-rally-live-updates\/\"><span style=\"font-weight: 400;\">numutkeun laporan berita<\/span><\/a><span style=\"font-weight: 400;\">. Saatos Trump nyarioskeun ka anu prot\u00e9s, puluhan diantarana ngabobol ka Capitol. Salah saurang anu prot\u00e9s dikabarkan dit\u00e9mbak.<\/span><\/p>\n<p><span style=\"font-weight: 400;\">&quot;Kekerasan anu pikareueuseun anu urang nyaksian mangrupikeun kalepatan Trump sareng para pendukung GOP na - kalebet Wakil. Don Bacon, Jeff Fortenberry sareng Adrian Smith sareng S\u00e9nator Sasse sareng Fischer,&quot; sa Kleeb. &quot;Trump parantos ngambek amarah di antara para pendukungna ku ngulang pamiceunan y\u00e9n pamilihan umum dicabut ngalawan anjeunna. Am\u00e9rika langkung sa\u00e9 tibatan kalakuan ieu ti Part\u00e9i Republik henteu paduli naon tweet anu aranjeunna coba kirimkeun ayeuna. &quot;<\/span><\/p>\n<p><span style=\"font-weight: 400;\">&quot;Jalma dina korsi roda dit\u00e9wak di 2017 nalika aranjeunna damai nalika aranjeunna prot\u00e9s teu gaduh aks\u00e9s ka Podomoro,&quot; ceuk Kleeb &quot;Tapi preman Republik telenges diidinan ngan ukur nyerbu gedong \u00e9ta? Part\u00e9i R\u00e9publik repot nepi ka inti. Trump sareng Republik parantos ny\u00e9\u00e9pkeun opat taun ka pengker sareng ratusan jutaan dolar pikeun ngalukis Demokrat sareng jalma-jalma sa\u00e9 anu janten part\u00e9y urang salaku jahat sareng radikal - terang pisan y\u00e9n Trump sareng Part\u00e9y R\u00e9publik nyababkeun amarah diantara basis radikalna anu bakal mingpin dugi ka ayeuna, &quot;sa Kleeb. &quot;GOP ngahutang ka Amerika urang hampura pikeun kabiasaan njijiki anu parantos dilakukeun ku aranjeunna. Teu aya sisi ieu. Teu aya jalan anu san\u00e9s. Part\u00e9i R\u00e9publik kedah ngagaduhan kabiasaan anu diaktipkeun tina dasar radikalna. &quot;<\/span><\/p>","protected":false},"excerpt":{"rendered":"<p>NDP Chair Jane Kleeb and the Nebraska Democratic Party condemned the actions of a throng of President Trump supporters who breached security and broke into the U.S. Capitol on Wednesday under the belief that\u00a0 Trump did not actually lose the Nov. 3 election to President-elect Joe Biden. Trump \u2014 who lost the popular and electoral &#8230; <a title=\"Kaluaran pers: NDP ngutuk perusuhan pro-Trump anu asup ka Capitol\" class=\"read-more\" href=\"https:\/\/nebraskademocrats.org\/su\/press-releases\/press-release-ndp-condemns-trump-protesters-who-broke-into-capitol\/\" aria-label=\"More on Press release: NDP condemns pro-Trump rioters who broke into Capitol\">Maca deui<\/a><\/p>","protected":false},"author":19,"featured_media":0,"comment_status":"closed","ping_status":"closed","sticky":false,"template":"","format":"standard","meta":{"_acf_changed":false,"_exactmetrics_skip_tracking":false,"_exactmetrics_sitenote_active":false,"_exactmetrics_sitenote_note":"","_exactmetrics_sitenote_category":0,"footnotes":""},"categories":[4],"tags":[],"class_list":["post-29241","post","type-post","status-publish","format-standard","hentry","category-press-releases"],"acf":[],"yoast_head":"<!-- This site is optimized with the Yoast SEO plugin v27.4 - https:\/\/yoast.com\/product\/yoast-seo-wordpress\/ -->\n<title>Press release: NDP condemns pro-Trump rioters who broke into Capitol &#8211; Nebraska Democratic Party<\/title>\n<meta name=\"robots\" content=\"index, follow, max-snippet:-1, max-image-preview:large, max-video-preview:-1\" \/>\n<link rel=\"canonical\" href=\"https:\/\/nebraskademocrats.org\/su\/press-releases\/press-release-ndp-condemns-trump-protesters-who-broke-into-capitol\/\" \/>\n<meta property=\"og:locale\" content=\"en_US\" \/>\n<meta property=\"og:type\" content=\"article\" \/>\n<meta property=\"og:title\" content=\"Press release: NDP condemns pro-Trump rioters who broke into Capitol &#8211; Nebraska Democratic Party\" \/>\n<meta property=\"og:description\" content=\"NDP Chair Jane Kleeb and the Nebraska Democratic Party condemned the actions of a throng of President Trump supporters who breached security and broke into the U.S. Capitol on Wednesday under the belief that\u00a0 Trump did not actually lose the Nov. 3 election to President-elect Joe Biden. Trump \u2014 who lost the popular and electoral ... Read more\" \/>\n<meta property=\"og:url\" content=\"https:\/\/nebraskademocrats.org\/su\/press-releases\/press-release-ndp-condemns-trump-protesters-who-broke-into-capitol\/\" \/>\n<meta property=\"og:site_name\" content=\"Nebraska Democratic Party\" \/>\n<meta property=\"article:publisher\" content=\"https:\/\/www.facebook.com\/NebraskaDemocraticParty\/\" \/>\n<meta property=\"article:published_time\" content=\"2021-01-06T21:34:42+00:00\" \/>\n<meta property=\"article:modified_time\" content=\"2021-01-07T00:38:59+00:00\" \/>\n<meta property=\"og:image\" content=\"https:\/\/nebraskademocrats.org\/wp-content\/uploads\/2018\/09\/ne-dems-fb.jpg\" \/>\n\t<meta property=\"og:image:width\" content=\"1200\" \/>\n\t<meta property=\"og:image:height\" content=\"630\" \/>\n\t<meta property=\"og:image:type\" content=\"image\/jpeg\" \/>\n<meta name=\"author\" content=\"Precious McKesson\" \/>\n<meta name=\"twitter:card\" content=\"summary_large_image\" \/>\n<meta name=\"twitter:creator\" content=\"@nebraskadems\" \/>\n<meta name=\"twitter:site\" content=\"@nebraskadems\" \/>\n<meta name=\"twitter:label1\" content=\"Written by\" \/>\n\t<meta name=\"twitter:data1\" content=\"Precious McKesson\" \/>\n\t<meta name=\"twitter:label2\" content=\"Est. reading time\" \/>\n\t<meta name=\"twitter:data2\" content=\"2 minutes\" \/>\n<script type=\"application\/ld+json\" class=\"yoast-schema-graph\">{\"@context\":\"https:\\\/\\\/schema.org\",\"@graph\":[{\"@type\":\"Article\",\"@id\":\"https:\\\/\\\/nebraskademocrats.org\\\/press-releases\\\/press-release-ndp-condemns-trump-protesters-who-broke-into-capitol\\\/#article\",\"isPartOf\":{\"@id\":\"https:\\\/\\\/nebraskademocrats.org\\\/press-releases\\\/press-release-ndp-condemns-trump-protesters-who-broke-into-capitol\\\/\"},\"author\":{\"name\":\"Precious McKesson\",\"@id\":\"https:\\\/\\\/nebraskademocrats.org\\\/#\\\/schema\\\/person\\\/33e011ea0795f404810dc40828bcf289\"},\"headline\":\"Press release: NDP condemns pro-Trump rioters who broke into Capitol\",\"datePublished\":\"2021-01-06T21:34:42+00:00\",\"dateModified\":\"2021-01-07T00:38:59+00:00\",\"mainEntityOfPage\":{\"@id\":\"https:\\\/\\\/nebraskademocrats.org\\\/press-releases\\\/press-release-ndp-condemns-trump-protesters-who-broke-into-capitol\\\/\"},\"wordCount\":313,\"publisher\":{\"@id\":\"https:\\\/\\\/nebraskademocrats.org\\\/#organization\"},\"articleSection\":[\"Press Releases\"],\"inLanguage\":\"su\"},{\"@type\":\"WebPage\",\"@id\":\"https:\\\/\\\/nebraskademocrats.org\\\/press-releases\\\/press-release-ndp-condemns-trump-protesters-who-broke-into-capitol\\\/\",\"url\":\"https:\\\/\\\/nebraskademocrats.org\\\/press-releases\\\/press-release-ndp-condemns-trump-protesters-who-broke-into-capitol\\\/\",\"name\":\"Press release: NDP condemns pro-Trump rioters who broke into Capitol &#8211; Nebraska Democratic Party\",\"isPartOf\":{\"@id\":\"https:\\\/\\\/nebraskademocrats.org\\\/#website\"},\"datePublished\":\"2021-01-06T21:34:42+00:00\",\"dateModified\":\"2021-01-07T00:38:59+00:00\",\"breadcrumb\":{\"@id\":\"https:\\\/\\\/nebraskademocrats.org\\\/press-releases\\\/press-release-ndp-condemns-trump-protesters-who-broke-into-capitol\\\/#breadcrumb\"},\"inLanguage\":\"su\",\"potentialAction\":[{\"@type\":\"ReadAction\",\"target\":[\"https:\\\/\\\/nebraskademocrats.org\\\/press-releases\\\/press-release-ndp-condemns-trump-protesters-who-broke-into-capitol\\\/\"]}]},{\"@type\":\"BreadcrumbList\",\"@id\":\"https:\\\/\\\/nebraskademocrats.org\\\/press-releases\\\/press-release-ndp-condemns-trump-protesters-who-broke-into-capitol\\\/#breadcrumb\",\"itemListElement\":[{\"@type\":\"ListItem\",\"position\":1,\"name\":\"Home\",\"item\":\"https:\\\/\\\/nebraskademocrats.org\\\/\"},{\"@type\":\"ListItem\",\"position\":2,\"name\":\"Press release: NDP condemns pro-Trump rioters who broke into Capitol\"}]},{\"@type\":\"WebSite\",\"@id\":\"https:\\\/\\\/nebraskademocrats.org\\\/#website\",\"url\":\"https:\\\/\\\/nebraskademocrats.org\\\/\",\"name\":\"Nebraska Democratic Party\",\"description\":\"Growing the Good Life for All Nebraskans\",\"publisher\":{\"@id\":\"https:\\\/\\\/nebraskademocrats.org\\\/#organization\"},\"potentialAction\":[{\"@type\":\"SearchAction\",\"target\":{\"@type\":\"EntryPoint\",\"urlTemplate\":\"https:\\\/\\\/nebraskademocrats.org\\\/?s={search_term_string}\"},\"query-input\":{\"@type\":\"PropertyValueSpecification\",\"valueRequired\":true,\"valueName\":\"search_term_string\"}}],\"inLanguage\":\"su\"},{\"@type\":\"Organization\",\"@id\":\"https:\\\/\\\/nebraskademocrats.org\\\/#organization\",\"name\":\"Nebraska Democratic Party\",\"url\":\"https:\\\/\\\/nebraskademocrats.org\\\/\",\"logo\":{\"@type\":\"ImageObject\",\"inLanguage\":\"su\",\"@id\":\"https:\\\/\\\/nebraskademocrats.org\\\/#\\\/schema\\\/logo\\\/image\\\/\",\"url\":\"https:\\\/\\\/nebraskadem.wpenginepowered.com\\\/wp-content\\\/uploads\\\/2016\\\/05\\\/NDP2.jpg\",\"contentUrl\":\"https:\\\/\\\/nebraskadem.wpenginepowered.com\\\/wp-content\\\/uploads\\\/2016\\\/05\\\/NDP2.jpg\",\"width\":1000,\"height\":396,\"caption\":\"Nebraska Democratic Party\"},\"image\":{\"@id\":\"https:\\\/\\\/nebraskademocrats.org\\\/#\\\/schema\\\/logo\\\/image\\\/\"},\"sameAs\":[\"https:\\\/\\\/www.facebook.com\\\/NebraskaDemocraticParty\\\/\",\"https:\\\/\\\/x.com\\\/nebraskadems\"]},{\"@type\":\"Person\",\"@id\":\"https:\\\/\\\/nebraskademocrats.org\\\/#\\\/schema\\\/person\\\/33e011ea0795f404810dc40828bcf289\",\"name\":\"Precious McKesson\",\"image\":{\"@type\":\"ImageObject\",\"inLanguage\":\"su\",\"@id\":\"https:\\\/\\\/secure.gravatar.com\\\/avatar\\\/35046e19b3373116ec64c07d386d3312028d3820dc0ffe65c344bcebc8ea9194?s=96&d=mm&r=g\",\"url\":\"https:\\\/\\\/secure.gravatar.com\\\/avatar\\\/35046e19b3373116ec64c07d386d3312028d3820dc0ffe65c344bcebc8ea9194?s=96&d=mm&r=g\",\"contentUrl\":\"https:\\\/\\\/secure.gravatar.com\\\/avatar\\\/35046e19b3373116ec64c07d386d3312028d3820dc0ffe65c344bcebc8ea9194?s=96&d=mm&r=g\",\"caption\":\"Precious McKesson\"}}]}<\/script>\n<!-- \/ Yoast SEO plugin. -->","yoast_head_json":{"title":"Press release: NDP condemns pro-Trump rioters who broke into Capitol &#8211; Nebraska Democratic Party","robots":{"index":"index","follow":"follow","max-snippet":"max-snippet:-1","max-image-preview":"max-image-preview:large","max-video-preview":"max-video-preview:-1"},"canonical":"https:\/\/nebraskademocrats.org\/su\/press-releases\/press-release-ndp-condemns-trump-protesters-who-broke-into-capitol\/","og_locale":"en_US","og_type":"article","og_title":"Press release: NDP condemns pro-Trump rioters who broke into Capitol &#8211; Nebraska Democratic Party","og_description":"NDP Chair Jane Kleeb and the Nebraska Democratic Party condemned the actions of a throng of President Trump supporters who breached security and broke into the U.S. Capitol on Wednesday under the belief that\u00a0 Trump did not actually lose the Nov. 3 election to President-elect Joe Biden. Trump \u2014 who lost the popular and electoral ... Read more","og_url":"https:\/\/nebraskademocrats.org\/su\/press-releases\/press-release-ndp-condemns-trump-protesters-who-broke-into-capitol\/","og_site_name":"Nebraska Democratic Party","article_publisher":"https:\/\/www.facebook.com\/NebraskaDemocraticParty\/","article_published_time":"2021-01-06T21:34:42+00:00","article_modified_time":"2021-01-07T00:38:59+00:00","og_image":[{"width":1200,"height":630,"url":"https:\/\/nebraskademocrats.org\/wp-content\/uploads\/2018\/09\/ne-dems-fb.jpg","type":"image\/jpeg"}],"author":"Precious McKesson","twitter_card":"summary_large_image","twitter_creator":"@nebraskadems","twitter_site":"@nebraskadems","twitter_misc":{"Written by":"Precious McKesson","Est. reading time":"2 minutes"},"schema":{"@context":"https:\/\/schema.org","@graph":[{"@type":"Article","@id":"https:\/\/nebraskademocrats.org\/press-releases\/press-release-ndp-condemns-trump-protesters-who-broke-into-capitol\/#article","isPartOf":{"@id":"https:\/\/nebraskademocrats.org\/press-releases\/press-release-ndp-condemns-trump-protesters-who-broke-into-capitol\/"},"author":{"name":"Precious McKesson","@id":"https:\/\/nebraskademocrats.org\/#\/schema\/person\/33e011ea0795f404810dc40828bcf289"},"headline":"Press release: NDP condemns pro-Trump rioters who broke into Capitol","datePublished":"2021-01-06T21:34:42+00:00","dateModified":"2021-01-07T00:38:59+00:00","mainEntityOfPage":{"@id":"https:\/\/nebraskademocrats.org\/press-releases\/press-release-ndp-condemns-trump-protesters-who-broke-into-capitol\/"},"wordCount":313,"publisher":{"@id":"https:\/\/nebraskademocrats.org\/#organization"},"articleSection":["Press Releases"],"inLanguage":"su"},{"@type":"WebPage","@id":"https:\/\/nebraskademocrats.org\/press-releases\/press-release-ndp-condemns-trump-protesters-who-broke-into-capitol\/","url":"https:\/\/nebraskademocrats.org\/press-releases\/press-release-ndp-condemns-trump-protesters-who-broke-into-capitol\/","name":"Press release: NDP condemns pro-Trump rioters who broke into Capitol &#8211; Nebraska Democratic Party","isPartOf":{"@id":"https:\/\/nebraskademocrats.org\/#website"},"datePublished":"2021-01-06T21:34:42+00:00","dateModified":"2021-01-07T00:38:59+00:00","breadcrumb":{"@id":"https:\/\/nebraskademocrats.org\/press-releases\/press-release-ndp-condemns-trump-protesters-who-broke-into-capitol\/#breadcrumb"},"inLanguage":"su","potentialAction":[{"@type":"ReadAction","target":["https:\/\/nebraskademocrats.org\/press-releases\/press-release-ndp-condemns-trump-protesters-who-broke-into-capitol\/"]}]},{"@type":"BreadcrumbList","@id":"https:\/\/nebraskademocrats.org\/press-releases\/press-release-ndp-condemns-trump-protesters-who-broke-into-capitol\/#breadcrumb","itemListElement":[{"@type":"ListItem","position":1,"name":"Home","item":"https:\/\/nebraskademocrats.org\/"},{"@type":"ListItem","position":2,"name":"Press release: NDP condemns pro-Trump rioters who broke into Capitol"}]},{"@type":"WebSite","@id":"https:\/\/nebraskademocrats.org\/#website","url":"https:\/\/nebraskademocrats.org\/","name":"Nebraska Democratic Party","description":"Tumuwuh Kahirupan Anu Sa\u00e9 pikeun Sadayana Nebraskan","publisher":{"@id":"https:\/\/nebraskademocrats.org\/#organization"},"potentialAction":[{"@type":"SearchAction","target":{"@type":"EntryPoint","urlTemplate":"https:\/\/nebraskademocrats.org\/?s={search_term_string}"},"query-input":{"@type":"PropertyValueSpecification","valueRequired":true,"valueName":"search_term_string"}}],"inLanguage":"su"},{"@type":"Organization","@id":"https:\/\/nebraskademocrats.org\/#organization","name":"Nebraska Democratic Party","url":"https:\/\/nebraskademocrats.org\/","logo":{"@type":"ImageObject","inLanguage":"su","@id":"https:\/\/nebraskademocrats.org\/#\/schema\/logo\/image\/","url":"https:\/\/nebraskadem.wpenginepowered.com\/wp-content\/uploads\/2016\/05\/NDP2.jpg","contentUrl":"https:\/\/nebraskadem.wpenginepowered.com\/wp-content\/uploads\/2016\/05\/NDP2.jpg","width":1000,"height":396,"caption":"Nebraska Democratic Party"},"image":{"@id":"https:\/\/nebraskademocrats.org\/#\/schema\/logo\/image\/"},"sameAs":["https:\/\/www.facebook.com\/NebraskaDemocraticParty\/","https:\/\/x.com\/nebraskadems"]},{"@type":"Person","@id":"https:\/\/nebraskademocrats.org\/#\/schema\/person\/33e011ea0795f404810dc40828bcf289","name":"McKesson mulia","image":{"@type":"ImageObject","inLanguage":"su","@id":"https:\/\/secure.gravatar.com\/avatar\/35046e19b3373116ec64c07d386d3312028d3820dc0ffe65c344bcebc8ea9194?s=96&d=mm&r=g","url":"https:\/\/secure.gravatar.com\/avatar\/35046e19b3373116ec64c07d386d3312028d3820dc0ffe65c344bcebc8ea9194?s=96&d=mm&r=g","contentUrl":"https:\/\/secure.gravatar.com\/avatar\/35046e19b3373116ec64c07d386d3312028d3820dc0ffe65c344bcebc8ea9194?s=96&d=mm&r=g","caption":"Precious McKesson"}}]}},"_links":{"self":[{"href":"https:\/\/nebraskademocrats.org\/su\/wp-json\/wp\/v2\/posts\/29241","targetHints":{"allow":["GET"]}}],"collection":[{"href":"https:\/\/nebraskademocrats.org\/su\/wp-json\/wp\/v2\/posts"}],"about":[{"href":"https:\/\/nebraskademocrats.org\/su\/wp-json\/wp\/v2\/types\/post"}],"author":[{"embeddable":true,"href":"https:\/\/nebraskademocrats.org\/su\/wp-json\/wp\/v2\/users\/19"}],"replies":[{"embeddable":true,"href":"https:\/\/nebraskademocrats.org\/su\/wp-json\/wp\/v2\/comments?post=29241"}],"version-history":[{"count":0,"href":"https:\/\/nebraskademocrats.org\/su\/wp-json\/wp\/v2\/posts\/29241\/revisions"}],"wp:attachment":[{"href":"https:\/\/nebraskademocrats.org\/su\/wp-json\/wp\/v2\/media?parent=29241"}],"wp:term":[{"taxonomy":"category","embeddable":true,"href":"https:\/\/nebraskademocrats.org\/su\/wp-json\/wp\/v2\/categories?post=29241"},{"taxonomy":"post_tag","embeddable":true,"href":"https:\/\/nebraskademocrats.org\/su\/wp-json\/wp\/v2\/tags?post=29241"}],"curies":[{"name":"wp","href":"https:\/\/api.w.org\/{rel}","templated":true}]}}