{"id":30073,"date":"2021-01-15T14:27:50","date_gmt":"2021-01-15T20:27:50","guid":{"rendered":"https:\/\/nebraskadem.wpenginepowered.com\/?p=30073"},"modified":"2021-01-15T14:27:50","modified_gmt":"2021-01-15T20:27:50","slug":"take-two-and-more-nebdems-news","status":"publish","type":"post","link":"https:\/\/nebraskademocrats.org\/su\/blog\/take-two-and-more-nebdems-news\/","title":{"rendered":"Candak dua sareng langkung - #NebDems News"},"content":{"rendered":"<p><img fetchpriority=\"high\" decoding=\"async\" class=\"size-medium wp-image-6838 aligncenter\" src=\"https:\/\/nebraskadem.wpenginepowered.com\/wp-content\/uploads\/2018\/12\/NebDems-News-4-300x167.png\" alt=\"\" width=\"300\" height=\"167\" srcset=\"https:\/\/nebraskademocrats.org\/wp-content\/uploads\/2018\/12\/NebDems-News-4-300x167.png 300w, https:\/\/nebraskademocrats.org\/wp-content\/uploads\/2018\/12\/NebDems-News-4-768x427.png 768w, https:\/\/nebraskademocrats.org\/wp-content\/uploads\/2018\/12\/NebDems-News-4-1024x569.png 1024w, https:\/\/nebraskademocrats.org\/wp-content\/uploads\/2018\/12\/NebDems-News-4.png 1081w\" sizes=\"(max-width: 300px) 100vw, 300px\" \/><\/p>\n<p>Hal anu matak ngeunaan panyelepetan Pr\u00e9sid\u00e9n Trump minggu ieu nya\u00e9ta katingalina janten rutin. Parantos aya. Rengse \u00e9ta.<\/p>\n<p>Sakumaha saur Yogi Berra: &quot;\u00c9ta sapertos d\u00e9j\u00e0 vu sadayana deui.&quot;<\/p>\n<p>Ieu henteu leungit dina The New Yorker&#039;s\u00a0<a href=\"https:\/\/www.newyorker.com\/humor\/borowitz-report\/majority-of-americans-say-this-is-their-favorite-impeachment-of-trump\">Andy Borowitz.<\/a><\/p>\n<p><em>Seuseueurna urang Amerika nyauran Donald J. Trump&#039;s<\/em><em>\u00a0impeachment kadua impeachment Trump favorit maran\u00e9hanana, polling anyar manggih.<\/em><\/p>\n<p><em>Numutkeun kana polling, anu dilakukeun ku University of Minnesota&#039;s Opinion Research Institute, urang Am\u00e9rika anu resep impeachment mimiti Trump langkung resep anu kadua ku margin anu lega.<\/em><em><br \/>\n<\/em><em><br \/>\n<\/em><em>Sanaos r\u00e9spond\u00e9n nyatakeun sababaraha kasedihan y\u00e9n ieu sigana bakal janten impeachment Trump anu terakhir anu bakal disaksian, aranjeunna resep pisan ningali s\u00e9ri kaluar dina catetan anu luhur.<\/em><em><br \/>\n<\/em><em><br \/>\n<\/em><em>&quot;Numutkeun r\u00e9spon ieu, impeachment kadua Trump nya\u00e9ta conto langka tina sekuel anu langkung popul\u00e9r tibatan anu aslina,&quot; saur Davis Logsdon, anu ngawas jajak pendapat. &quot;Ieu san\u00e9s &#039;Wonder Woman 1984.&#039; \u201d<\/em><\/p>\n<p>Ngan lima dinten dugi ka mimpi buruk.<\/p>\n<p><img decoding=\"async\" class=\"aligncenter wp-image-30079 size-full\" src=\"https:\/\/nebraskadem.wpenginepowered.com\/wp-content\/uploads\/2021\/01\/Blog-4.jpg\" alt=\"\" width=\"1066\" height=\"600\" srcset=\"https:\/\/nebraskademocrats.org\/wp-content\/uploads\/2021\/01\/Blog-4.jpg 1066w, https:\/\/nebraskademocrats.org\/wp-content\/uploads\/2021\/01\/Blog-4-300x169.jpg 300w, https:\/\/nebraskademocrats.org\/wp-content\/uploads\/2021\/01\/Blog-4-1024x576.jpg 1024w, https:\/\/nebraskademocrats.org\/wp-content\/uploads\/2021\/01\/Blog-4-768x432.jpg 768w, https:\/\/nebraskademocrats.org\/wp-content\/uploads\/2021\/01\/Blog-4-16x9.jpg 16w\" sizes=\"(max-width: 1066px) 100vw, 1066px\" \/><\/p>\n<p style=\"text-align: center;\">***<\/p>\n<p style=\"text-align: left;\">Ketua NDP Jane Kleeb mairan saatos D\u00e9wan Perwakilan Am\u00e9rika Serikat milih 232 dugi ka 197 Rebo pikeun nyatujuan tulisan tina pangadilan ngalawan Trump pikeun ngahasut pemberontakan anu nyerang Capitol minggu kamari - sareng R\u00e9publik Republik. Don Bacon, Jeff Fortenberry sareng Adrian Smith katebak sora. ngalawan ukuran.<\/p>\n<p>&quot;Bacon, Fortenberry sareng Smith mangrupikeun politikus lemah anu bahkan henteu tiasa tahan ka Trump nalika anjeunna ngahasut mob radikal,&quot; saur Pupuhu NDP Jane Kleeb. &quot;Aranjeunna parantos jemp\u00e9 sareng ngamungkinkeun kalakuan gagabah Trump dina opat taun ka pengker.&quot;<\/p>\n<p><a href=\"https:\/\/nebraskadem.wpenginepowered.com\/blog\/press-release-house-votes-to-impeach-trump-bacon-fortenberry-and-smith-still-follow-gop-party-line\/\"><strong>MACA DEUI.<\/strong><br \/>\n<\/a><a href=\"https:\/\/nebraskadem.wpenginepowered.com\/blog\/press-release-house-votes-to-impeach-trump-bacon-fortenberry-and-smith-still-follow-gop-party-line\/\"><br \/>\n<\/a><img decoding=\"async\" class=\"aligncenter\" title=\"\" src=\"https:\/\/lh6.googleusercontent.com\/pF-rszKeHhvysb9OIRSJBYpdkrpQN9uDfH5qCAzBvyWi-uIMDM7aHUnwHq8nkzeFPe_73EXumJ5-qWgp9EXgs7ZlDv-Ecupt76QECzkS6gmanoODkLr3WeA3fskRvFuqdvuGtenP\" alt=\"\" width=\"450\" align=\"center\" \/><\/p>\n<p>***<\/p>\n<p>NDP ngayakeun tilu acara minggu payun pikeun ngabantosan urang nyirian pelantikan Biden-Harris.<\/p>\n<p style=\"text-align: center;\"><strong>18 Januari<\/strong><\/p>\n<p><strong><img decoding=\"async\" class=\"aligncenter\" title=\"\" src=\"https:\/\/lh5.googleusercontent.com\/M4YiVPun4s3OoqtPaONuwrFrxzGr5Lo4ly9FUjxowUHiPNQ2zqTuPXS3DrqarrHrcFzknr1xUdnrBDidub7uatsW0Wcy6T4EjvZN5jxF22ek1c9JvDKip3H7PbT6_9L-r_SbmrB3\" alt=\"\" width=\"400\" align=\"center\" \/><\/strong><\/p>\n<p>Kami gabung sareng Po\u00e9 Jasa ti tim Biden-Harris ku koordinasi a\u00a0<a href=\"https:\/\/www.mobilize.us\/nationaldayofservice\/event\/369132\/\"><strong>dahareun drive sakuliah nagara<\/strong><\/a>\u00a0salaku cara pikeun masihan deui pikeun Martin Luther King Jr Day.<\/p>\n<p>Kusabab pandemi coronavirus, seueur kulawarga anu bajoang ku rasa teu aman tuangeun sareng bank-bank tuangna berjuang pikeun ngajaga permintaan. Tujuan kami nya\u00e9ta ngabantosan meringankeun beban \u00e9ta.<\/p>\n<p style=\"text-align: center;\"><strong>19 Januari<\/strong><\/p>\n<p><strong><img decoding=\"async\" class=\"aligncenter\" title=\"\" src=\"https:\/\/lh4.googleusercontent.com\/pvvAR4WtwbaRVnCqYFqhF_canc23o_nF3jDH1kzK-Drs6RXvpMAlQ3cIxoFVErqjYb6KPTOZjdOrtlGHwii1nRlOjxlWLzSSSyYEZkEUzoED5B-lZOue2ZHJCqUUv268Tii1ytpp\" alt=\"\" width=\"400\" align=\"center\" \/><\/strong><\/p>\n<p>Kami bakal ngagabung sareng tim Biden-Harris dina\u00a0<a href=\"https:\/\/www.mobilize.us\/nebdems\/event\/368914\/\"><strong>dinten peringatan nasional<\/strong><\/a>\u00a0pikeun anu parantos maot kusabab panyakit COVID-19.<\/p>\n<p>Kami bakal terang gelap ku lilin sareng senter dina dua acara pikeun \u00e9mutan jalma-jalma anu urang leungit sareng pikeun ngahargaan jalma anu masih merjuangkeun pandemi ieu.<\/p>\n<p>Dua acara NDP:<\/p>\n<p><strong>Lincoln:<\/strong>\u00a0State Capitol (sisi kulon ku patung Pr\u00e9sid\u00e9n Lincoln), 5:30 CT<\/p>\n<p><strong>Omaha:\u00a0<\/strong>Jalan-jalan 72 sareng Dodge (handapeun tanda Jalan Raya), 5:30 pm CT<\/p>\n<p>NDP og\u00e9 bakal mempermudah anggota m\u00e9dia anu hoyong ngobrol sareng pamimpin D\u00e9mokratik di bagian san\u00e9s nagara.<\/p>\n<p style=\"text-align: center;\"><strong>20 Januari<\/strong><\/p>\n<figure><strong><img decoding=\"async\" class=\"aligncenter\" title=\"\" src=\"https:\/\/lh4.googleusercontent.com\/NGEb5SbfnXW954s-4xBZai16PKJnUbqLf6ZL0xomx26Ngk-RicyxlIDorSAZQ1ord3rc0hIbby3YxeCCu9tTAIsOntdBCkFAqcowgqUQZwEs_9BQ2EHrdoZlsWxzMd-6-Q_zUI6D\" alt=\"\" width=\"400\" align=\"center\" \/><\/strong><\/figure>\n<p>Kami ngondang jalma pikeun ngiringan sareng\u00a0<a href=\"https:\/\/bideninaugural.org\/\"><strong>nonton langsung<\/strong><\/a>\u00a0tina pelantikanana.<\/p>\n<p style=\"text-align: center;\">***<\/p>\n<p>Pr\u00e9sid\u00e9n pinilih Joe Biden ngetok urut<strong>\u00a0<\/strong><a href=\"https:\/\/www.politico.com\/news\/2021\/01\/14\/harrison-selected-as-bidens-dnc-chair-459330?fbclid=IwAR0iQjI9JotnqRzk78AnPrvpoCw54og84SHLTzvR_9bjgP_qvc7j8pEZziI\"><strong>Korsi Partai D\u00e9mokratik Karolina Kidul Jaime Harrison<\/strong><\/a>\u00a0pikeun mingpin Komite Nasional D\u00e9mokratik, numutkeun tilu jalma anu wawuh kana kaputusan \u00e9ta, meunangna utama pikeun kapala partai nagara sareng pimpinan House Majority Whip Jim Clyburn.<\/p>\n<p>&quot;Jaime bakal mastikeun sadayana 57 nagara bagian sareng da\u00e9rah ngagaduhan waragad anu urang butuhkeun san\u00e9s ngan ukur meunang pamilihan umum tapi og\u00e9 ngawangun infrastruktur anu urang peryogikeun pikeun ngatur sapanjang taun,&quot; saur Kleeb Kleeb. &quot;Kami henteu sanggup janten p\u00e9sta anu parasut dina sumber daya dina menit terakhir.&quot;<\/p>\n<p><img decoding=\"async\" class=\"aligncenter\" title=\"\" src=\"https:\/\/can2-prod.s3.amazonaws.com\/uploads\/data\/000\/494\/769\/original\/harrison.jpg\" alt=\"\" width=\"400\" align=\"center\" \/><\/p>\n<p style=\"text-align: center;\">***<\/p>\n<p>Wilujeng sumping di telepon ti Part\u00e9i parantos dilanjutkeun! Kami bungah pikeun ngaliput topik sapertos pamilihan kota, pendaptaran pamilih sareng Perpustakaan. Kami og\u00e9 bakal masihan kaukasus sareng d\u00e9wan kami pikeun ngobrolkeun tujuanana sareng kumaha anjeun tiasa kalibet.<\/p>\n<p>Telepon salajengna nya\u00e9ta\u00a0<a href=\"http:\/\/nebraskadem.wpenginepowered.com\/welcome\"><strong>26 Januari<\/strong><strong>.<\/strong><\/a><\/p>\n<p>Upami anjeun ngagaduhan saran pikeun topik anu kedah dibahas, punten email\u00a0<a href=\"mailto:gina@nebraskademocrats.org\">gina@nebraskademocrats.org<\/a>.<\/p>\n<p>&nbsp;<\/p>\n<p><img decoding=\"async\" class=\"aligncenter\" title=\"\" src=\"https:\/\/lh3.googleusercontent.com\/RiYS14_fneq_NVzj88NfOvYUHGGBrgrvL5wYDcTyzEkUO_8TlU1tA-SKbRly9hHb8Jm7NPbGGdwLQAiIO89DOZpiibTE9XkTQDOSXWKDKiugiso4Mv8ramkKBo2P13seQisIdYFA\" alt=\"\" width=\"400\" align=\"center\" \/><\/p>\n<p style=\"text-align: center;\">***<\/p>\n<p>Pariksa batu tulis urang Calon D\u00e9mokratik anu had\u00e9 pikeun pamilihan kota 2021 di Lincoln sareng Omaha!<\/p>\n<p><a href=\"https:\/\/nebraskadem.wpenginepowered.com\/2021-candidates\/\"><strong>Tingali aranjeunna didieu.<\/strong><\/a><\/p>\n<p>Sareng tingali inpormasi sora sareng tanggal penting dina\u00a0<strong><a href=\"https:\/\/nebraskadem.wpenginepowered.com\/ndp-voting-center\/\">Pusat Undian NDP.<\/a><\/strong><\/p>\n<p><img decoding=\"async\" class=\"aligncenter\" title=\"\" src=\"https:\/\/lh5.googleusercontent.com\/TrwaTNSnWONO922acqUATQxwRsmFsJ5YjKiEMb4eXlkWAPBVthVNe-dG9dITukLMx8IHHRENAykXj5WTwFN-sU9ZqDs5nxEgX28teEYMVCx6LwNeFLy_WZfonuPyfv_ztLSqVjCm\" alt=\"\" width=\"400\" align=\"center\" \/><\/p>\n<p style=\"text-align: center;\">***<\/p>\n<p>Gabung sareng ampir 14,000 Nebraskan anu ngadesek ka Gubernur Pete Ricketts pikeun ngawangun mandat top\u00e9ng pikeun nyalametkeun nyawa!<\/p>\n<p><a href=\"https:\/\/actionnetwork.org\/petitions\/mask-up\/\"><strong>Asup petisi kami di dieu.<\/strong><\/a><\/p>\n<p><img decoding=\"async\" class=\"aligncenter\" title=\"\" src=\"https:\/\/lh3.googleusercontent.com\/Yq-6UjcAzjlSm4nrhp98AVBJPmjZeKaT4N0VzW-umjgNNxnYdxuQcas5hl1kLgnZNJGWprpQ5tebbOre0k_wQ8JeEcSr16tLZ66Geo7sB-inJcPHniVFInEHdngHKw8JRJHV7OeU\" alt=\"\" width=\"400\" align=\"center\" \/><\/p>\n<p>***<br \/>\nK\u00e9ngingkeun swalayan Biden sareng NDP anjeun di\u00a0<strong><a href=\"https:\/\/shirts101.store\/nebraska_democrats\/shop\/home\">NDP \/ kaos 101 toko!<\/a>\u00a0<\/strong>Toko ayeuna ngagaduhan sababaraha swalayan Jomaha anu hebat pisan! ***<strong><img decoding=\"async\" class=\"aligncenter\" title=\"\" src=\"https:\/\/lh4.googleusercontent.com\/OGI3YUjIJCLU0EgN6qmEVTEJKYLawAxmOLO5Jj3vFkbiDMz6UyPiBb2oAx1xPenRsUcSQH2NTGjLSTYg3yiTFPiSYAbxrguaVHkzboCxKLIemPTrSF7ga2BT49Ap6HC194TtnWLa\" alt=\"\" width=\"400\" align=\"center\" \/><\/strong><\/p>\n<p style=\"text-align: center;\">***<\/p>\n<p>Kami ngantunkeun anjeun minggu ieu sareng dilakukeun ku Bill Day ngeunaan kumaha nyandak karusuhan Capitol pikeun tungtungna nampi sababaraha urang Republik pikeun nyebut Trump.<\/p>\n<p><img decoding=\"async\" class=\"aligncenter\" title=\"\" src=\"https:\/\/lh6.googleusercontent.com\/1cL2jyaaSLYg1Mwx_LpitbeCjSqYh-P2mq4CIssm5O0YQtLZdRK9p63yiWwTk2HcqjcYmAaHznt6SeNTAphi4VtKwnESHDef6zQSY5IpV8qhulNl6xnJne1D4a4KgHY42h-9xhFy\" alt=\"\" width=\"650\" align=\"center\" \/><\/p>\n<p style=\"text-align: center;\">\u2013Ku Kevin O&#039;Hanlon \/ Dir\u00e9ktur Komunikasi NDP<\/p>\n<p><strong>CATETAN:<\/strong>\u00a0Upami anjeun hoyong nampi #NebDems News ngalangkungan email, wartoskeun ka kami ku ngirim catetan ka:\u00a0<a href=\"mailto:info@nebraskademocrats.org\"><strong>info@nebraskademocrats.org<\/strong><\/a><\/p>\n<p>###<strong><br \/>\n<\/strong><strong><br \/>\n<\/strong><strong>Tanggal penting<\/strong><\/p>\n<p><strong>18 Januari: <\/strong><a href=\"https:\/\/nebraskadem.wpenginepowered.com\/event\/day-of-service-for-mlk-day\/\">Dinten Pelayanan pikeun Po\u00e9 Martin Luther King Jr<strong><br \/>\n<\/strong><strong><br \/>\n<\/strong><\/a><strong>19 Januari:\u00a0<\/strong><a href=\"https:\/\/nebraskadem.wpenginepowered.com\/event\/national-day-of-remberance-for-covid-victims\/\">Po\u00e9 Peringatan Nasional pikeun korban COVID<strong><br \/>\n<\/strong><strong><br \/>\n<\/strong><\/a><strong>20 Januari:\u00a0<\/strong><a href=\"https:\/\/nebraskadem.wpenginepowered.com\/event\/joe-biden-inauguration-2\/\">Pr\u00e9sid\u00e9n pinilih Joe Biden sareng Wakil Pr\u00e9sid\u00e9n pinilih Kamala Harris pelantikan<strong><br \/>\n<\/strong><strong><br \/>\n<\/strong><\/a><strong>26 Januari:\u00a0<\/strong><a href=\"http:\/\/nebraskadem.wpenginepowered.com\/welcome\">Wilujeng sumping di panggero Part\u00e9i<\/a><\/p>","protected":false},"excerpt":{"rendered":"<p>The striking thing about this week\u2019s impeachment of President Trump was that it\u2019s seemingly becoming routine. Been there. Done that. As Yogi Berra said: \u201cIt&#8217;s like d\u00e9j\u00e0 vu all over again.\u201d This was not lost on The New Yorker\u2019s\u00a0Andy Borowitz. A majority of Americans call Donald J. Trump&#8217;s\u00a0second impeachment their favorite Trump impeachment, a new &#8230; <a title=\"Take two and more &#8212; #NebDems News\" class=\"read-more\" href=\"https:\/\/nebraskademocrats.org\/su\/blog\/take-two-and-more-nebdems-news\/\" aria-label=\"More on Take two and more &#8212; #NebDems News\">Maca deui<\/a><\/p>","protected":false},"author":19,"featured_media":0,"comment_status":"closed","ping_status":"closed","sticky":false,"template":"","format":"standard","meta":{"_acf_changed":false,"_exactmetrics_skip_tracking":false,"_exactmetrics_sitenote_active":false,"_exactmetrics_sitenote_note":"","_exactmetrics_sitenote_category":0,"footnotes":""},"categories":[1],"tags":[],"class_list":["post-30073","post","type-post","status-publish","format-standard","hentry","category-blog"],"acf":[],"yoast_head":"<!-- This site is optimized with the Yoast SEO plugin v27.5 - https:\/\/yoast.com\/product\/yoast-seo-wordpress\/ -->\n<title>Take two and more -- #NebDems News &#8211; Nebraska Democratic Party<\/title>\n<meta name=\"robots\" content=\"index, follow, max-snippet:-1, max-image-preview:large, max-video-preview:-1\" \/>\n<link rel=\"canonical\" href=\"https:\/\/nebraskademocrats.org\/su\/blog\/take-two-and-more-nebdems-news\/\" \/>\n<meta property=\"og:locale\" content=\"en_US\" \/>\n<meta property=\"og:type\" content=\"article\" \/>\n<meta property=\"og:title\" content=\"Take two and more -- #NebDems News &#8211; Nebraska Democratic Party\" \/>\n<meta property=\"og:description\" content=\"The striking thing about this week\u2019s impeachment of President Trump was that it\u2019s seemingly becoming routine. Been there. Done that. As Yogi Berra said: \u201cIt&#8217;s like d\u00e9j\u00e0 vu all over again.\u201d This was not lost on The New Yorker\u2019s\u00a0Andy Borowitz. A majority of Americans call Donald J. Trump&#8217;s\u00a0second impeachment their favorite Trump impeachment, a new ... Read more\" \/>\n<meta property=\"og:url\" content=\"https:\/\/nebraskademocrats.org\/su\/blog\/take-two-and-more-nebdems-news\/\" \/>\n<meta property=\"og:site_name\" content=\"Nebraska Democratic Party\" \/>\n<meta property=\"article:publisher\" content=\"https:\/\/www.facebook.com\/NebraskaDemocraticParty\/\" \/>\n<meta property=\"article:published_time\" content=\"2021-01-15T20:27:50+00:00\" \/>\n<meta property=\"og:image\" content=\"https:\/\/nebraskadem.wpenginepowered.com\/wp-content\/uploads\/2018\/12\/NebDems-News-4-300x167.png\" \/>\n<meta name=\"author\" content=\"Precious McKesson\" \/>\n<meta name=\"twitter:card\" content=\"summary_large_image\" \/>\n<meta name=\"twitter:creator\" content=\"@nebraskadems\" \/>\n<meta name=\"twitter:site\" content=\"@nebraskadems\" \/>\n<meta name=\"twitter:label1\" content=\"Written by\" \/>\n\t<meta name=\"twitter:data1\" content=\"Precious McKesson\" \/>\n\t<meta name=\"twitter:label2\" content=\"Est. reading time\" \/>\n\t<meta name=\"twitter:data2\" content=\"4 minutes\" \/>\n<script type=\"application\/ld+json\" class=\"yoast-schema-graph\">{\"@context\":\"https:\\\/\\\/schema.org\",\"@graph\":[{\"@type\":\"Article\",\"@id\":\"https:\\\/\\\/nebraskademocrats.org\\\/blog\\\/take-two-and-more-nebdems-news\\\/#article\",\"isPartOf\":{\"@id\":\"https:\\\/\\\/nebraskademocrats.org\\\/blog\\\/take-two-and-more-nebdems-news\\\/\"},\"author\":{\"name\":\"Precious McKesson\",\"@id\":\"https:\\\/\\\/nebraskademocrats.org\\\/#\\\/schema\\\/person\\\/33e011ea0795f404810dc40828bcf289\"},\"headline\":\"Take two and more &#8212; #NebDems News\",\"datePublished\":\"2021-01-15T20:27:50+00:00\",\"mainEntityOfPage\":{\"@id\":\"https:\\\/\\\/nebraskademocrats.org\\\/blog\\\/take-two-and-more-nebdems-news\\\/\"},\"wordCount\":771,\"publisher\":{\"@id\":\"https:\\\/\\\/nebraskademocrats.org\\\/#organization\"},\"image\":{\"@id\":\"https:\\\/\\\/nebraskademocrats.org\\\/blog\\\/take-two-and-more-nebdems-news\\\/#primaryimage\"},\"thumbnailUrl\":\"https:\\\/\\\/nebraskadem.wpenginepowered.com\\\/wp-content\\\/uploads\\\/2018\\\/12\\\/NebDems-News-4-300x167.png\",\"articleSection\":[\"NDP Blog\"],\"inLanguage\":\"su\"},{\"@type\":\"WebPage\",\"@id\":\"https:\\\/\\\/nebraskademocrats.org\\\/blog\\\/take-two-and-more-nebdems-news\\\/\",\"url\":\"https:\\\/\\\/nebraskademocrats.org\\\/blog\\\/take-two-and-more-nebdems-news\\\/\",\"name\":\"Take two and more -- #NebDems News &#8211; Nebraska Democratic Party\",\"isPartOf\":{\"@id\":\"https:\\\/\\\/nebraskademocrats.org\\\/#website\"},\"primaryImageOfPage\":{\"@id\":\"https:\\\/\\\/nebraskademocrats.org\\\/blog\\\/take-two-and-more-nebdems-news\\\/#primaryimage\"},\"image\":{\"@id\":\"https:\\\/\\\/nebraskademocrats.org\\\/blog\\\/take-two-and-more-nebdems-news\\\/#primaryimage\"},\"thumbnailUrl\":\"https:\\\/\\\/nebraskadem.wpenginepowered.com\\\/wp-content\\\/uploads\\\/2018\\\/12\\\/NebDems-News-4-300x167.png\",\"datePublished\":\"2021-01-15T20:27:50+00:00\",\"breadcrumb\":{\"@id\":\"https:\\\/\\\/nebraskademocrats.org\\\/blog\\\/take-two-and-more-nebdems-news\\\/#breadcrumb\"},\"inLanguage\":\"su\",\"potentialAction\":[{\"@type\":\"ReadAction\",\"target\":[\"https:\\\/\\\/nebraskademocrats.org\\\/blog\\\/take-two-and-more-nebdems-news\\\/\"]}]},{\"@type\":\"ImageObject\",\"inLanguage\":\"su\",\"@id\":\"https:\\\/\\\/nebraskademocrats.org\\\/blog\\\/take-two-and-more-nebdems-news\\\/#primaryimage\",\"url\":\"https:\\\/\\\/nebraskadem.wpenginepowered.com\\\/wp-content\\\/uploads\\\/2018\\\/12\\\/NebDems-News-4-300x167.png\",\"contentUrl\":\"https:\\\/\\\/nebraskadem.wpenginepowered.com\\\/wp-content\\\/uploads\\\/2018\\\/12\\\/NebDems-News-4-300x167.png\"},{\"@type\":\"BreadcrumbList\",\"@id\":\"https:\\\/\\\/nebraskademocrats.org\\\/blog\\\/take-two-and-more-nebdems-news\\\/#breadcrumb\",\"itemListElement\":[{\"@type\":\"ListItem\",\"position\":1,\"name\":\"Home\",\"item\":\"https:\\\/\\\/nebraskademocrats.org\\\/\"},{\"@type\":\"ListItem\",\"position\":2,\"name\":\"Take two and more &#8212; #NebDems News\"}]},{\"@type\":\"WebSite\",\"@id\":\"https:\\\/\\\/nebraskademocrats.org\\\/#website\",\"url\":\"https:\\\/\\\/nebraskademocrats.org\\\/\",\"name\":\"Nebraska Democratic Party\",\"description\":\"Growing the Good Life for All Nebraskans\",\"publisher\":{\"@id\":\"https:\\\/\\\/nebraskademocrats.org\\\/#organization\"},\"potentialAction\":[{\"@type\":\"SearchAction\",\"target\":{\"@type\":\"EntryPoint\",\"urlTemplate\":\"https:\\\/\\\/nebraskademocrats.org\\\/?s={search_term_string}\"},\"query-input\":{\"@type\":\"PropertyValueSpecification\",\"valueRequired\":true,\"valueName\":\"search_term_string\"}}],\"inLanguage\":\"su\"},{\"@type\":\"Organization\",\"@id\":\"https:\\\/\\\/nebraskademocrats.org\\\/#organization\",\"name\":\"Nebraska Democratic Party\",\"url\":\"https:\\\/\\\/nebraskademocrats.org\\\/\",\"logo\":{\"@type\":\"ImageObject\",\"inLanguage\":\"su\",\"@id\":\"https:\\\/\\\/nebraskademocrats.org\\\/#\\\/schema\\\/logo\\\/image\\\/\",\"url\":\"https:\\\/\\\/nebraskadem.wpenginepowered.com\\\/wp-content\\\/uploads\\\/2016\\\/05\\\/NDP2.jpg\",\"contentUrl\":\"https:\\\/\\\/nebraskadem.wpenginepowered.com\\\/wp-content\\\/uploads\\\/2016\\\/05\\\/NDP2.jpg\",\"width\":1000,\"height\":396,\"caption\":\"Nebraska Democratic Party\"},\"image\":{\"@id\":\"https:\\\/\\\/nebraskademocrats.org\\\/#\\\/schema\\\/logo\\\/image\\\/\"},\"sameAs\":[\"https:\\\/\\\/www.facebook.com\\\/NebraskaDemocraticParty\\\/\",\"https:\\\/\\\/x.com\\\/nebraskadems\"]},{\"@type\":\"Person\",\"@id\":\"https:\\\/\\\/nebraskademocrats.org\\\/#\\\/schema\\\/person\\\/33e011ea0795f404810dc40828bcf289\",\"name\":\"Precious McKesson\",\"image\":{\"@type\":\"ImageObject\",\"inLanguage\":\"su\",\"@id\":\"https:\\\/\\\/secure.gravatar.com\\\/avatar\\\/35046e19b3373116ec64c07d386d3312028d3820dc0ffe65c344bcebc8ea9194?s=96&d=mm&r=g\",\"url\":\"https:\\\/\\\/secure.gravatar.com\\\/avatar\\\/35046e19b3373116ec64c07d386d3312028d3820dc0ffe65c344bcebc8ea9194?s=96&d=mm&r=g\",\"contentUrl\":\"https:\\\/\\\/secure.gravatar.com\\\/avatar\\\/35046e19b3373116ec64c07d386d3312028d3820dc0ffe65c344bcebc8ea9194?s=96&d=mm&r=g\",\"caption\":\"Precious McKesson\"}}]}<\/script>\n<!-- \/ Yoast SEO plugin. -->","yoast_head_json":{"title":"Take two and more -- #NebDems News &#8211; Nebraska Democratic Party","robots":{"index":"index","follow":"follow","max-snippet":"max-snippet:-1","max-image-preview":"max-image-preview:large","max-video-preview":"max-video-preview:-1"},"canonical":"https:\/\/nebraskademocrats.org\/su\/blog\/take-two-and-more-nebdems-news\/","og_locale":"en_US","og_type":"article","og_title":"Take two and more -- #NebDems News &#8211; Nebraska Democratic Party","og_description":"The striking thing about this week\u2019s impeachment of President Trump was that it\u2019s seemingly becoming routine. Been there. Done that. As Yogi Berra said: \u201cIt&#8217;s like d\u00e9j\u00e0 vu all over again.\u201d This was not lost on The New Yorker\u2019s\u00a0Andy Borowitz. A majority of Americans call Donald J. Trump&#8217;s\u00a0second impeachment their favorite Trump impeachment, a new ... Read more","og_url":"https:\/\/nebraskademocrats.org\/su\/blog\/take-two-and-more-nebdems-news\/","og_site_name":"Nebraska Democratic Party","article_publisher":"https:\/\/www.facebook.com\/NebraskaDemocraticParty\/","article_published_time":"2021-01-15T20:27:50+00:00","og_image":[{"url":"https:\/\/nebraskadem.wpenginepowered.com\/wp-content\/uploads\/2018\/12\/NebDems-News-4-300x167.png","type":"","width":"","height":""}],"author":"Precious McKesson","twitter_card":"summary_large_image","twitter_creator":"@nebraskadems","twitter_site":"@nebraskadems","twitter_misc":{"Written by":"Precious McKesson","Est. reading time":"4 minutes"},"schema":{"@context":"https:\/\/schema.org","@graph":[{"@type":"Article","@id":"https:\/\/nebraskademocrats.org\/blog\/take-two-and-more-nebdems-news\/#article","isPartOf":{"@id":"https:\/\/nebraskademocrats.org\/blog\/take-two-and-more-nebdems-news\/"},"author":{"name":"Precious McKesson","@id":"https:\/\/nebraskademocrats.org\/#\/schema\/person\/33e011ea0795f404810dc40828bcf289"},"headline":"Take two and more &#8212; #NebDems News","datePublished":"2021-01-15T20:27:50+00:00","mainEntityOfPage":{"@id":"https:\/\/nebraskademocrats.org\/blog\/take-two-and-more-nebdems-news\/"},"wordCount":771,"publisher":{"@id":"https:\/\/nebraskademocrats.org\/#organization"},"image":{"@id":"https:\/\/nebraskademocrats.org\/blog\/take-two-and-more-nebdems-news\/#primaryimage"},"thumbnailUrl":"https:\/\/nebraskadem.wpenginepowered.com\/wp-content\/uploads\/2018\/12\/NebDems-News-4-300x167.png","articleSection":["NDP Blog"],"inLanguage":"su"},{"@type":"WebPage","@id":"https:\/\/nebraskademocrats.org\/blog\/take-two-and-more-nebdems-news\/","url":"https:\/\/nebraskademocrats.org\/blog\/take-two-and-more-nebdems-news\/","name":"Take two and more -- #NebDems News &#8211; Nebraska Democratic Party","isPartOf":{"@id":"https:\/\/nebraskademocrats.org\/#website"},"primaryImageOfPage":{"@id":"https:\/\/nebraskademocrats.org\/blog\/take-two-and-more-nebdems-news\/#primaryimage"},"image":{"@id":"https:\/\/nebraskademocrats.org\/blog\/take-two-and-more-nebdems-news\/#primaryimage"},"thumbnailUrl":"https:\/\/nebraskadem.wpenginepowered.com\/wp-content\/uploads\/2018\/12\/NebDems-News-4-300x167.png","datePublished":"2021-01-15T20:27:50+00:00","breadcrumb":{"@id":"https:\/\/nebraskademocrats.org\/blog\/take-two-and-more-nebdems-news\/#breadcrumb"},"inLanguage":"su","potentialAction":[{"@type":"ReadAction","target":["https:\/\/nebraskademocrats.org\/blog\/take-two-and-more-nebdems-news\/"]}]},{"@type":"ImageObject","inLanguage":"su","@id":"https:\/\/nebraskademocrats.org\/blog\/take-two-and-more-nebdems-news\/#primaryimage","url":"https:\/\/nebraskadem.wpenginepowered.com\/wp-content\/uploads\/2018\/12\/NebDems-News-4-300x167.png","contentUrl":"https:\/\/nebraskadem.wpenginepowered.com\/wp-content\/uploads\/2018\/12\/NebDems-News-4-300x167.png"},{"@type":"BreadcrumbList","@id":"https:\/\/nebraskademocrats.org\/blog\/take-two-and-more-nebdems-news\/#breadcrumb","itemListElement":[{"@type":"ListItem","position":1,"name":"Home","item":"https:\/\/nebraskademocrats.org\/"},{"@type":"ListItem","position":2,"name":"Take two and more &#8212; #NebDems News"}]},{"@type":"WebSite","@id":"https:\/\/nebraskademocrats.org\/#website","url":"https:\/\/nebraskademocrats.org\/","name":"Nebraska Democratic Party","description":"Tumuwuh Kahirupan Anu Sa\u00e9 pikeun Sadayana Nebraskan","publisher":{"@id":"https:\/\/nebraskademocrats.org\/#organization"},"potentialAction":[{"@type":"SearchAction","target":{"@type":"EntryPoint","urlTemplate":"https:\/\/nebraskademocrats.org\/?s={search_term_string}"},"query-input":{"@type":"PropertyValueSpecification","valueRequired":true,"valueName":"search_term_string"}}],"inLanguage":"su"},{"@type":"Organization","@id":"https:\/\/nebraskademocrats.org\/#organization","name":"Nebraska Democratic Party","url":"https:\/\/nebraskademocrats.org\/","logo":{"@type":"ImageObject","inLanguage":"su","@id":"https:\/\/nebraskademocrats.org\/#\/schema\/logo\/image\/","url":"https:\/\/nebraskadem.wpenginepowered.com\/wp-content\/uploads\/2016\/05\/NDP2.jpg","contentUrl":"https:\/\/nebraskadem.wpenginepowered.com\/wp-content\/uploads\/2016\/05\/NDP2.jpg","width":1000,"height":396,"caption":"Nebraska Democratic Party"},"image":{"@id":"https:\/\/nebraskademocrats.org\/#\/schema\/logo\/image\/"},"sameAs":["https:\/\/www.facebook.com\/NebraskaDemocraticParty\/","https:\/\/x.com\/nebraskadems"]},{"@type":"Person","@id":"https:\/\/nebraskademocrats.org\/#\/schema\/person\/33e011ea0795f404810dc40828bcf289","name":"McKesson mulia","image":{"@type":"ImageObject","inLanguage":"su","@id":"https:\/\/secure.gravatar.com\/avatar\/35046e19b3373116ec64c07d386d3312028d3820dc0ffe65c344bcebc8ea9194?s=96&d=mm&r=g","url":"https:\/\/secure.gravatar.com\/avatar\/35046e19b3373116ec64c07d386d3312028d3820dc0ffe65c344bcebc8ea9194?s=96&d=mm&r=g","contentUrl":"https:\/\/secure.gravatar.com\/avatar\/35046e19b3373116ec64c07d386d3312028d3820dc0ffe65c344bcebc8ea9194?s=96&d=mm&r=g","caption":"Precious McKesson"}}]}},"_links":{"self":[{"href":"https:\/\/nebraskademocrats.org\/su\/wp-json\/wp\/v2\/posts\/30073","targetHints":{"allow":["GET"]}}],"collection":[{"href":"https:\/\/nebraskademocrats.org\/su\/wp-json\/wp\/v2\/posts"}],"about":[{"href":"https:\/\/nebraskademocrats.org\/su\/wp-json\/wp\/v2\/types\/post"}],"author":[{"embeddable":true,"href":"https:\/\/nebraskademocrats.org\/su\/wp-json\/wp\/v2\/users\/19"}],"replies":[{"embeddable":true,"href":"https:\/\/nebraskademocrats.org\/su\/wp-json\/wp\/v2\/comments?post=30073"}],"version-history":[{"count":0,"href":"https:\/\/nebraskademocrats.org\/su\/wp-json\/wp\/v2\/posts\/30073\/revisions"}],"wp:attachment":[{"href":"https:\/\/nebraskademocrats.org\/su\/wp-json\/wp\/v2\/media?parent=30073"}],"wp:term":[{"taxonomy":"category","embeddable":true,"href":"https:\/\/nebraskademocrats.org\/su\/wp-json\/wp\/v2\/categories?post=30073"},{"taxonomy":"post_tag","embeddable":true,"href":"https:\/\/nebraskademocrats.org\/su\/wp-json\/wp\/v2\/tags?post=30073"}],"curies":[{"name":"wp","href":"https:\/\/api.w.org\/{rel}","templated":true}]}}