{"id":32538,"date":"2021-03-19T15:42:34","date_gmt":"2021-03-19T20:42:34","guid":{"rendered":"https:\/\/nebraskadem.wpenginepowered.com\/?p=32538"},"modified":"2021-03-19T15:55:29","modified_gmt":"2021-03-19T20:55:29","slug":"press-release-ndps-candidates-of-color-fund-awards-contributions-to-candidates-ahead-of-the-april-6-city-primary-elections-in-lincoln-and-omaha","status":"publish","type":"post","link":"https:\/\/nebraskademocrats.org\/su\/press-releases\/press-release-ndps-candidates-of-color-fund-awards-contributions-to-candidates-ahead-of-the-april-6-city-primary-elections-in-lincoln-and-omaha\/","title":{"rendered":"Penc\u00e9t pers: Calon NDP ngeunaan Dana Warna masihan kontribusi ka calon sateuacan pamilihan umum kota 6 April di Lincoln sareng Omaha"},"content":{"rendered":"<p>Kaukasus Hideung, Latinx sareng Asli Am\u00e9rika Nebraska Democratic Party bangga ngumumkeun kontribusi ka calon Omaha sareng Lincoln ti Calon Dana Warna.<\/p>\n<p>Sapuluh calon anu kuat bakal nampi total $2,600.<u><\/u><u><\/u><\/p>\n<p>Dana dikembangkeun ku Pupuhu NDP Jane Kleeb di 2017. Kursi Kaukas Hideung Precious McKesson, Kursi Latinx Kaukus Dulce Sherman sareng Kursi Kaukus Asli Am\u00e9rika Colette Kon\u00e9ng Jubah ngawas dana pikeun mastikeun p\u00e9sta kami milih calon anu katingalina sapertos komunitas anu aranjeunna layu. Calon Dana Warna NDP tetep n\u00e9tral di prim\u00e9r bari og\u00e9 ngangkat calon warna ku sumber daya sahingga urang ngawangun p\u00e9sta anu beragam.<u><\/u><u><\/u><\/p>\n<p>Calon Dana Warna ngabag\u00e9akeun sumbangan sapanjang taun.\u00a0<a href=\"https:\/\/nam04.safelinks.protection.outlook.com\/?url=https%3A%2F%2Fsecure.actblue.com%2Fdonate%2Fcofc_fund_nfp&amp;data=04%7C01%7Cnews42%40kptm.com%7Ccde5cf3c26834825f16608d8eb13c4ac%7C897dbc0dc02d43479a713e589c67f8aa%7C0%7C0%7C637517818161468069%7CUnknown%7CTWFpbGZsb3d8eyJWIjoiMC4wLjAwMDAiLCJQIjoiV2luMzIiLCJBTiI6Ik1haWwiLCJXVCI6Mn0%3D%7C2000&amp;sdata=fuBMF%2BlgEkcEqDZfnhZh%2BBkcJKyyWbs%2BElg1DkNFI3A%3D&amp;reserved=0\" target=\"_blank\" rel=\"noopener\" data-saferedirecturl=\"https:\/\/www.google.com\/url?q=https:\/\/nam04.safelinks.protection.outlook.com\/?url%3Dhttps%253A%252F%252Fsecure.actblue.com%252Fdonate%252Fcofc_fund_nfp%26data%3D04%257C01%257Cnews42%2540kptm.com%257Ccde5cf3c26834825f16608d8eb13c4ac%257C897dbc0dc02d43479a713e589c67f8aa%257C0%257C0%257C637517818161468069%257CUnknown%257CTWFpbGZsb3d8eyJWIjoiMC4wLjAwMDAiLCJQIjoiV2luMzIiLCJBTiI6Ik1haWwiLCJXVCI6Mn0%253D%257C2000%26sdata%3DfuBMF%252BlgEkcEqDZfnhZh%252BBkcJKyyWbs%252BElg1DkNFI3A%253D%26reserved%3D0&amp;source=gmail&amp;ust=1616272786995000&amp;usg=AFQjCNGVIkDBPCgq-pejYK1fTzAT-qbiSg\"><b>Sumbangan di dieu.<\/b><\/a><\/p>","protected":false},"excerpt":{"rendered":"<p>The Nebraska Democratic Party\u2019s Black, Latinx and Native American caucuses are proud to announce contributions to Omaha and Lincoln candidates from the Candidates of Color Fund. Ten strong candidates will receive a total of $2,600. The fund was developed by NDP Chair Jane Kleeb in 2017. Black Caucus Chair Precious McKesson, Latinx Caucus Chair Dulce &#8230; <a title=\"Penc\u00e9t pers: Calon NDP ngeunaan Dana Warna masihan kontribusi ka calon sateuacan pamilihan umum kota 6 April di Lincoln sareng Omaha\" class=\"read-more\" href=\"https:\/\/nebraskademocrats.org\/su\/press-releases\/press-release-ndps-candidates-of-color-fund-awards-contributions-to-candidates-ahead-of-the-april-6-city-primary-elections-in-lincoln-and-omaha\/\" aria-label=\"More on Press release: NDP\u2019s Candidates of Color Fund awards contributions to candidates ahead of the April 6 city primary elections in Lincoln and Omaha\">Maca deui<\/a><\/p>","protected":false},"author":19,"featured_media":0,"comment_status":"closed","ping_status":"closed","sticky":false,"template":"","format":"standard","meta":{"_acf_changed":false,"_exactmetrics_skip_tracking":false,"_exactmetrics_sitenote_active":false,"_exactmetrics_sitenote_note":"","_exactmetrics_sitenote_category":0,"footnotes":""},"categories":[4],"tags":[],"class_list":["post-32538","post","type-post","status-publish","format-standard","hentry","category-press-releases"],"acf":[],"yoast_head":"<!-- This site is optimized with the Yoast SEO plugin v27.4 - https:\/\/yoast.com\/product\/yoast-seo-wordpress\/ -->\n<title>Press release: NDP\u2019s Candidates of Color Fund awards contributions to candidates ahead of the April 6 city primary elections in Lincoln and Omaha &#8211; Nebraska Democratic Party<\/title>\n<meta name=\"robots\" content=\"index, follow, max-snippet:-1, max-image-preview:large, max-video-preview:-1\" \/>\n<link rel=\"canonical\" href=\"https:\/\/nebraskademocrats.org\/su\/press-releases\/press-release-ndps-candidates-of-color-fund-awards-contributions-to-candidates-ahead-of-the-april-6-city-primary-elections-in-lincoln-and-omaha\/\" \/>\n<meta property=\"og:locale\" content=\"en_US\" \/>\n<meta property=\"og:type\" content=\"article\" \/>\n<meta property=\"og:title\" content=\"Press release: NDP\u2019s Candidates of Color Fund awards contributions to candidates ahead of the April 6 city primary elections in Lincoln and Omaha &#8211; Nebraska Democratic Party\" \/>\n<meta property=\"og:description\" content=\"The Nebraska Democratic Party\u2019s Black, Latinx and Native American caucuses are proud to announce contributions to Omaha and Lincoln candidates from the Candidates of Color Fund. Ten strong candidates will receive a total of $2,600. The fund was developed by NDP Chair Jane Kleeb in 2017. Black Caucus Chair Precious McKesson, Latinx Caucus Chair Dulce ... Read more\" \/>\n<meta property=\"og:url\" content=\"https:\/\/nebraskademocrats.org\/su\/press-releases\/press-release-ndps-candidates-of-color-fund-awards-contributions-to-candidates-ahead-of-the-april-6-city-primary-elections-in-lincoln-and-omaha\/\" \/>\n<meta property=\"og:site_name\" content=\"Nebraska Democratic Party\" \/>\n<meta property=\"article:publisher\" content=\"https:\/\/www.facebook.com\/NebraskaDemocraticParty\/\" \/>\n<meta property=\"article:published_time\" content=\"2021-03-19T20:42:34+00:00\" \/>\n<meta property=\"article:modified_time\" content=\"2021-03-19T20:55:29+00:00\" \/>\n<meta property=\"og:image\" content=\"https:\/\/nebraskademocrats.org\/wp-content\/uploads\/2018\/09\/ne-dems-fb.jpg\" \/>\n\t<meta property=\"og:image:width\" content=\"1200\" \/>\n\t<meta property=\"og:image:height\" content=\"630\" \/>\n\t<meta property=\"og:image:type\" content=\"image\/jpeg\" \/>\n<meta name=\"author\" content=\"Precious McKesson\" \/>\n<meta name=\"twitter:card\" content=\"summary_large_image\" \/>\n<meta name=\"twitter:creator\" content=\"@nebraskadems\" \/>\n<meta name=\"twitter:site\" content=\"@nebraskadems\" \/>\n<meta name=\"twitter:label1\" content=\"Written by\" \/>\n\t<meta name=\"twitter:data1\" content=\"Precious McKesson\" \/>\n\t<meta name=\"twitter:label2\" content=\"Est. reading time\" \/>\n\t<meta name=\"twitter:data2\" content=\"1 minute\" \/>\n<script type=\"application\/ld+json\" class=\"yoast-schema-graph\">{\"@context\":\"https:\\\/\\\/schema.org\",\"@graph\":[{\"@type\":\"Article\",\"@id\":\"https:\\\/\\\/nebraskademocrats.org\\\/press-releases\\\/press-release-ndps-candidates-of-color-fund-awards-contributions-to-candidates-ahead-of-the-april-6-city-primary-elections-in-lincoln-and-omaha\\\/#article\",\"isPartOf\":{\"@id\":\"https:\\\/\\\/nebraskademocrats.org\\\/press-releases\\\/press-release-ndps-candidates-of-color-fund-awards-contributions-to-candidates-ahead-of-the-april-6-city-primary-elections-in-lincoln-and-omaha\\\/\"},\"author\":{\"name\":\"Precious McKesson\",\"@id\":\"https:\\\/\\\/nebraskademocrats.org\\\/#\\\/schema\\\/person\\\/33e011ea0795f404810dc40828bcf289\"},\"headline\":\"Press release: NDP\u2019s Candidates of Color Fund awards contributions to candidates ahead of the April 6 city primary elections in Lincoln and Omaha\",\"datePublished\":\"2021-03-19T20:42:34+00:00\",\"dateModified\":\"2021-03-19T20:55:29+00:00\",\"mainEntityOfPage\":{\"@id\":\"https:\\\/\\\/nebraskademocrats.org\\\/press-releases\\\/press-release-ndps-candidates-of-color-fund-awards-contributions-to-candidates-ahead-of-the-april-6-city-primary-elections-in-lincoln-and-omaha\\\/\"},\"wordCount\":139,\"publisher\":{\"@id\":\"https:\\\/\\\/nebraskademocrats.org\\\/#organization\"},\"articleSection\":[\"Press Releases\"],\"inLanguage\":\"su\"},{\"@type\":\"WebPage\",\"@id\":\"https:\\\/\\\/nebraskademocrats.org\\\/press-releases\\\/press-release-ndps-candidates-of-color-fund-awards-contributions-to-candidates-ahead-of-the-april-6-city-primary-elections-in-lincoln-and-omaha\\\/\",\"url\":\"https:\\\/\\\/nebraskademocrats.org\\\/press-releases\\\/press-release-ndps-candidates-of-color-fund-awards-contributions-to-candidates-ahead-of-the-april-6-city-primary-elections-in-lincoln-and-omaha\\\/\",\"name\":\"Press release: NDP\u2019s Candidates of Color Fund awards contributions to candidates ahead of the April 6 city primary elections in Lincoln and Omaha &#8211; Nebraska Democratic Party\",\"isPartOf\":{\"@id\":\"https:\\\/\\\/nebraskademocrats.org\\\/#website\"},\"datePublished\":\"2021-03-19T20:42:34+00:00\",\"dateModified\":\"2021-03-19T20:55:29+00:00\",\"breadcrumb\":{\"@id\":\"https:\\\/\\\/nebraskademocrats.org\\\/press-releases\\\/press-release-ndps-candidates-of-color-fund-awards-contributions-to-candidates-ahead-of-the-april-6-city-primary-elections-in-lincoln-and-omaha\\\/#breadcrumb\"},\"inLanguage\":\"su\",\"potentialAction\":[{\"@type\":\"ReadAction\",\"target\":[\"https:\\\/\\\/nebraskademocrats.org\\\/press-releases\\\/press-release-ndps-candidates-of-color-fund-awards-contributions-to-candidates-ahead-of-the-april-6-city-primary-elections-in-lincoln-and-omaha\\\/\"]}]},{\"@type\":\"BreadcrumbList\",\"@id\":\"https:\\\/\\\/nebraskademocrats.org\\\/press-releases\\\/press-release-ndps-candidates-of-color-fund-awards-contributions-to-candidates-ahead-of-the-april-6-city-primary-elections-in-lincoln-and-omaha\\\/#breadcrumb\",\"itemListElement\":[{\"@type\":\"ListItem\",\"position\":1,\"name\":\"Home\",\"item\":\"https:\\\/\\\/nebraskademocrats.org\\\/\"},{\"@type\":\"ListItem\",\"position\":2,\"name\":\"Press release: NDP\u2019s Candidates of Color Fund awards contributions to candidates ahead of the April 6 city primary elections in Lincoln and Omaha\"}]},{\"@type\":\"WebSite\",\"@id\":\"https:\\\/\\\/nebraskademocrats.org\\\/#website\",\"url\":\"https:\\\/\\\/nebraskademocrats.org\\\/\",\"name\":\"Nebraska Democratic Party\",\"description\":\"Growing the Good Life for All Nebraskans\",\"publisher\":{\"@id\":\"https:\\\/\\\/nebraskademocrats.org\\\/#organization\"},\"potentialAction\":[{\"@type\":\"SearchAction\",\"target\":{\"@type\":\"EntryPoint\",\"urlTemplate\":\"https:\\\/\\\/nebraskademocrats.org\\\/?s={search_term_string}\"},\"query-input\":{\"@type\":\"PropertyValueSpecification\",\"valueRequired\":true,\"valueName\":\"search_term_string\"}}],\"inLanguage\":\"su\"},{\"@type\":\"Organization\",\"@id\":\"https:\\\/\\\/nebraskademocrats.org\\\/#organization\",\"name\":\"Nebraska Democratic Party\",\"url\":\"https:\\\/\\\/nebraskademocrats.org\\\/\",\"logo\":{\"@type\":\"ImageObject\",\"inLanguage\":\"su\",\"@id\":\"https:\\\/\\\/nebraskademocrats.org\\\/#\\\/schema\\\/logo\\\/image\\\/\",\"url\":\"https:\\\/\\\/nebraskadem.wpenginepowered.com\\\/wp-content\\\/uploads\\\/2016\\\/05\\\/NDP2.jpg\",\"contentUrl\":\"https:\\\/\\\/nebraskadem.wpenginepowered.com\\\/wp-content\\\/uploads\\\/2016\\\/05\\\/NDP2.jpg\",\"width\":1000,\"height\":396,\"caption\":\"Nebraska Democratic Party\"},\"image\":{\"@id\":\"https:\\\/\\\/nebraskademocrats.org\\\/#\\\/schema\\\/logo\\\/image\\\/\"},\"sameAs\":[\"https:\\\/\\\/www.facebook.com\\\/NebraskaDemocraticParty\\\/\",\"https:\\\/\\\/x.com\\\/nebraskadems\"]},{\"@type\":\"Person\",\"@id\":\"https:\\\/\\\/nebraskademocrats.org\\\/#\\\/schema\\\/person\\\/33e011ea0795f404810dc40828bcf289\",\"name\":\"Precious McKesson\",\"image\":{\"@type\":\"ImageObject\",\"inLanguage\":\"su\",\"@id\":\"https:\\\/\\\/secure.gravatar.com\\\/avatar\\\/35046e19b3373116ec64c07d386d3312028d3820dc0ffe65c344bcebc8ea9194?s=96&d=mm&r=g\",\"url\":\"https:\\\/\\\/secure.gravatar.com\\\/avatar\\\/35046e19b3373116ec64c07d386d3312028d3820dc0ffe65c344bcebc8ea9194?s=96&d=mm&r=g\",\"contentUrl\":\"https:\\\/\\\/secure.gravatar.com\\\/avatar\\\/35046e19b3373116ec64c07d386d3312028d3820dc0ffe65c344bcebc8ea9194?s=96&d=mm&r=g\",\"caption\":\"Precious McKesson\"}}]}<\/script>\n<!-- \/ Yoast SEO plugin. -->","yoast_head_json":{"title":"Press release: NDP\u2019s Candidates of Color Fund awards contributions to candidates ahead of the April 6 city primary elections in Lincoln and Omaha &#8211; Nebraska Democratic Party","robots":{"index":"index","follow":"follow","max-snippet":"max-snippet:-1","max-image-preview":"max-image-preview:large","max-video-preview":"max-video-preview:-1"},"canonical":"https:\/\/nebraskademocrats.org\/su\/press-releases\/press-release-ndps-candidates-of-color-fund-awards-contributions-to-candidates-ahead-of-the-april-6-city-primary-elections-in-lincoln-and-omaha\/","og_locale":"en_US","og_type":"article","og_title":"Press release: NDP\u2019s Candidates of Color Fund awards contributions to candidates ahead of the April 6 city primary elections in Lincoln and Omaha &#8211; Nebraska Democratic Party","og_description":"The Nebraska Democratic Party\u2019s Black, Latinx and Native American caucuses are proud to announce contributions to Omaha and Lincoln candidates from the Candidates of Color Fund. Ten strong candidates will receive a total of $2,600. The fund was developed by NDP Chair Jane Kleeb in 2017. Black Caucus Chair Precious McKesson, Latinx Caucus Chair Dulce ... Read more","og_url":"https:\/\/nebraskademocrats.org\/su\/press-releases\/press-release-ndps-candidates-of-color-fund-awards-contributions-to-candidates-ahead-of-the-april-6-city-primary-elections-in-lincoln-and-omaha\/","og_site_name":"Nebraska Democratic Party","article_publisher":"https:\/\/www.facebook.com\/NebraskaDemocraticParty\/","article_published_time":"2021-03-19T20:42:34+00:00","article_modified_time":"2021-03-19T20:55:29+00:00","og_image":[{"width":1200,"height":630,"url":"https:\/\/nebraskademocrats.org\/wp-content\/uploads\/2018\/09\/ne-dems-fb.jpg","type":"image\/jpeg"}],"author":"Precious McKesson","twitter_card":"summary_large_image","twitter_creator":"@nebraskadems","twitter_site":"@nebraskadems","twitter_misc":{"Written by":"Precious McKesson","Est. reading time":"1 minute"},"schema":{"@context":"https:\/\/schema.org","@graph":[{"@type":"Article","@id":"https:\/\/nebraskademocrats.org\/press-releases\/press-release-ndps-candidates-of-color-fund-awards-contributions-to-candidates-ahead-of-the-april-6-city-primary-elections-in-lincoln-and-omaha\/#article","isPartOf":{"@id":"https:\/\/nebraskademocrats.org\/press-releases\/press-release-ndps-candidates-of-color-fund-awards-contributions-to-candidates-ahead-of-the-april-6-city-primary-elections-in-lincoln-and-omaha\/"},"author":{"name":"Precious McKesson","@id":"https:\/\/nebraskademocrats.org\/#\/schema\/person\/33e011ea0795f404810dc40828bcf289"},"headline":"Press release: NDP\u2019s Candidates of Color Fund awards contributions to candidates ahead of the April 6 city primary elections in Lincoln and Omaha","datePublished":"2021-03-19T20:42:34+00:00","dateModified":"2021-03-19T20:55:29+00:00","mainEntityOfPage":{"@id":"https:\/\/nebraskademocrats.org\/press-releases\/press-release-ndps-candidates-of-color-fund-awards-contributions-to-candidates-ahead-of-the-april-6-city-primary-elections-in-lincoln-and-omaha\/"},"wordCount":139,"publisher":{"@id":"https:\/\/nebraskademocrats.org\/#organization"},"articleSection":["Press Releases"],"inLanguage":"su"},{"@type":"WebPage","@id":"https:\/\/nebraskademocrats.org\/press-releases\/press-release-ndps-candidates-of-color-fund-awards-contributions-to-candidates-ahead-of-the-april-6-city-primary-elections-in-lincoln-and-omaha\/","url":"https:\/\/nebraskademocrats.org\/press-releases\/press-release-ndps-candidates-of-color-fund-awards-contributions-to-candidates-ahead-of-the-april-6-city-primary-elections-in-lincoln-and-omaha\/","name":"Press release: NDP\u2019s Candidates of Color Fund awards contributions to candidates ahead of the April 6 city primary elections in Lincoln and Omaha &#8211; Nebraska Democratic Party","isPartOf":{"@id":"https:\/\/nebraskademocrats.org\/#website"},"datePublished":"2021-03-19T20:42:34+00:00","dateModified":"2021-03-19T20:55:29+00:00","breadcrumb":{"@id":"https:\/\/nebraskademocrats.org\/press-releases\/press-release-ndps-candidates-of-color-fund-awards-contributions-to-candidates-ahead-of-the-april-6-city-primary-elections-in-lincoln-and-omaha\/#breadcrumb"},"inLanguage":"su","potentialAction":[{"@type":"ReadAction","target":["https:\/\/nebraskademocrats.org\/press-releases\/press-release-ndps-candidates-of-color-fund-awards-contributions-to-candidates-ahead-of-the-april-6-city-primary-elections-in-lincoln-and-omaha\/"]}]},{"@type":"BreadcrumbList","@id":"https:\/\/nebraskademocrats.org\/press-releases\/press-release-ndps-candidates-of-color-fund-awards-contributions-to-candidates-ahead-of-the-april-6-city-primary-elections-in-lincoln-and-omaha\/#breadcrumb","itemListElement":[{"@type":"ListItem","position":1,"name":"Home","item":"https:\/\/nebraskademocrats.org\/"},{"@type":"ListItem","position":2,"name":"Press release: NDP\u2019s Candidates of Color Fund awards contributions to candidates ahead of the April 6 city primary elections in Lincoln and Omaha"}]},{"@type":"WebSite","@id":"https:\/\/nebraskademocrats.org\/#website","url":"https:\/\/nebraskademocrats.org\/","name":"Nebraska Democratic Party","description":"Tumuwuh Kahirupan Anu Sa\u00e9 pikeun Sadayana Nebraskan","publisher":{"@id":"https:\/\/nebraskademocrats.org\/#organization"},"potentialAction":[{"@type":"SearchAction","target":{"@type":"EntryPoint","urlTemplate":"https:\/\/nebraskademocrats.org\/?s={search_term_string}"},"query-input":{"@type":"PropertyValueSpecification","valueRequired":true,"valueName":"search_term_string"}}],"inLanguage":"su"},{"@type":"Organization","@id":"https:\/\/nebraskademocrats.org\/#organization","name":"Nebraska Democratic Party","url":"https:\/\/nebraskademocrats.org\/","logo":{"@type":"ImageObject","inLanguage":"su","@id":"https:\/\/nebraskademocrats.org\/#\/schema\/logo\/image\/","url":"https:\/\/nebraskadem.wpenginepowered.com\/wp-content\/uploads\/2016\/05\/NDP2.jpg","contentUrl":"https:\/\/nebraskadem.wpenginepowered.com\/wp-content\/uploads\/2016\/05\/NDP2.jpg","width":1000,"height":396,"caption":"Nebraska Democratic Party"},"image":{"@id":"https:\/\/nebraskademocrats.org\/#\/schema\/logo\/image\/"},"sameAs":["https:\/\/www.facebook.com\/NebraskaDemocraticParty\/","https:\/\/x.com\/nebraskadems"]},{"@type":"Person","@id":"https:\/\/nebraskademocrats.org\/#\/schema\/person\/33e011ea0795f404810dc40828bcf289","name":"McKesson mulia","image":{"@type":"ImageObject","inLanguage":"su","@id":"https:\/\/secure.gravatar.com\/avatar\/35046e19b3373116ec64c07d386d3312028d3820dc0ffe65c344bcebc8ea9194?s=96&d=mm&r=g","url":"https:\/\/secure.gravatar.com\/avatar\/35046e19b3373116ec64c07d386d3312028d3820dc0ffe65c344bcebc8ea9194?s=96&d=mm&r=g","contentUrl":"https:\/\/secure.gravatar.com\/avatar\/35046e19b3373116ec64c07d386d3312028d3820dc0ffe65c344bcebc8ea9194?s=96&d=mm&r=g","caption":"Precious McKesson"}}]}},"_links":{"self":[{"href":"https:\/\/nebraskademocrats.org\/su\/wp-json\/wp\/v2\/posts\/32538","targetHints":{"allow":["GET"]}}],"collection":[{"href":"https:\/\/nebraskademocrats.org\/su\/wp-json\/wp\/v2\/posts"}],"about":[{"href":"https:\/\/nebraskademocrats.org\/su\/wp-json\/wp\/v2\/types\/post"}],"author":[{"embeddable":true,"href":"https:\/\/nebraskademocrats.org\/su\/wp-json\/wp\/v2\/users\/19"}],"replies":[{"embeddable":true,"href":"https:\/\/nebraskademocrats.org\/su\/wp-json\/wp\/v2\/comments?post=32538"}],"version-history":[{"count":0,"href":"https:\/\/nebraskademocrats.org\/su\/wp-json\/wp\/v2\/posts\/32538\/revisions"}],"wp:attachment":[{"href":"https:\/\/nebraskademocrats.org\/su\/wp-json\/wp\/v2\/media?parent=32538"}],"wp:term":[{"taxonomy":"category","embeddable":true,"href":"https:\/\/nebraskademocrats.org\/su\/wp-json\/wp\/v2\/categories?post=32538"},{"taxonomy":"post_tag","embeddable":true,"href":"https:\/\/nebraskademocrats.org\/su\/wp-json\/wp\/v2\/tags?post=32538"}],"curies":[{"name":"wp","href":"https:\/\/api.w.org\/{rel}","templated":true}]}}