{"id":32744,"date":"2021-04-16T13:44:07","date_gmt":"2021-04-16T18:44:07","guid":{"rendered":"https:\/\/nebraskadem.wpenginepowered.com\/?p=32744"},"modified":"2021-04-16T13:44:07","modified_gmt":"2021-04-16T18:44:07","slug":"posturing-pete-and-more-nebdems-news","status":"publish","type":"post","link":"https:\/\/nebraskademocrats.org\/su\/blog\/posturing-pete-and-more-nebdems-news\/","title":{"rendered":"Posturing Pete sareng seueur deui - #NebDems News"},"content":{"rendered":"<p><img fetchpriority=\"high\" decoding=\"async\" class=\"wp-image-6838 aligncenter\" src=\"https:\/\/nebraskadem.wpenginepowered.com\/wp-content\/uploads\/2018\/12\/NebDems-News-4-1024x569.png\" alt=\"\" width=\"316\" height=\"176\" srcset=\"https:\/\/nebraskademocrats.org\/wp-content\/uploads\/2018\/12\/NebDems-News-4-1024x569.png 1024w, https:\/\/nebraskademocrats.org\/wp-content\/uploads\/2018\/12\/NebDems-News-4-300x167.png 300w, https:\/\/nebraskademocrats.org\/wp-content\/uploads\/2018\/12\/NebDems-News-4-768x427.png 768w, https:\/\/nebraskademocrats.org\/wp-content\/uploads\/2018\/12\/NebDems-News-4.png 1081w\" sizes=\"(max-width: 316px) 100vw, 316px\" \/><\/p>\n<p>Dinten sapo\u00e9 saatos Gubernur Pete &quot;Gosh My Daddy&#039;s Rich&quot; Ricketts nolak pam\u00e9nta ti White House pikeun nyandak barudak pangungsi ti perbatasan Kidul, anjeunna ngaduakeun kredensial hak pro-gun na ku<a href=\"https:\/\/omaha.com\/news\/state-and-regional\/govt-and-politics\/gov-ricketts-designates-nebraska-as-sanctuary-state-for-gun-rights\/article_e8e64502-9d3b-11eb-a063-4fca6c88eaf8.html\">\u00a0<strong>nandatangan proklamasi simbolis<\/strong><\/a><strong>\u00a0<\/strong>Rebo nunjuk Nebraska salaku &quot;Amandemen Kadua Nagara.&quot;<\/p>\n<p>Tempat perlindungan Amandemen Kadua &quot;ngarujuk kana deklarasi y\u00e9n nagara, kabupat\u00e9n atanapi kota moal ngalaksanakeun hukum senjata f\u00e9deral anu aranjeunna anggap teuing pangwatesan. Sahenteuna opat nagara bagian, kalebet tatangga Kansas sareng Wyoming, parantos nyatakeun y\u00e9n dirina &quot;tempat suci,&quot; numutkeun Omaha World-Herald.<\/p>\n<p>Ricketts sigana parantos nyita dina unggal masalah GOP anu ngaganggu dada telat. Tapi anjeunna henteu nyalira. Jauh ti \u00e9ta.<\/p>\n<p>The Washington Post urang\u00a0<a href=\"https:\/\/www.washingtonpost.com\/opinions\/2021\/04\/14\/republicans-want-be-working-class-party-not-that-much\/\"><strong>Paul Waldman<\/strong><\/a>\u00a0ngagaduhan t\u00e9ori:<\/p>\n<p><em>Pikeun puluhan taun, Republik parantos nyanghareupan masalah mat\u00e9matika anu mendasar: Tujuan kawijakan utami pikeun ngagambarkeun kapentingan perusahaan sareng jalma jegud, tapi \u00e9ta ngandung harti y\u00e9n sacara konstitu\u00e9n konstitu\u00e9n aslina ngan ukur sabagian leutik tina pamilih.<\/em><\/p>\n<p><em>Janten aranjeunna parantos mendakan rupa-rupa solusi pikeun ngarakit mayoritas pamilihan umum, kalayan masalah anu b\u00e9da ditekenkeun dina waktos anu b\u00e9da. Naha \u00e9ta konservatisme sosial atanapi hyper-patriotisme, aranjeunna sacara rutin milari hal anu san\u00e9s pikeun narik langkung seueur pamilih tibatan program \u00e9konomi na nyalira.<\/em><\/p>\n<p><em>\u2026 Tapi upami urang Republik bad\u00e9 ngabantah sacara \u00e9ksplisit dina hal kelas, maka aranjeunna kedah nampilkeun sababaraha ideu kawijakan anu saleresna bakal ningkatkeun kahirupan jalma-jalma anu hirup gajian kana gaji. Sareng \u00e9ta mangrupikeun hal anu aranjeunna sigana moal tiasa dilakukeun ku aranjeunna.<\/em><\/p>\n<p>Leres, Pete?<\/p>\n<p><img decoding=\"async\" class=\"aligncenter\" title=\"\" src=\"https:\/\/lh4.googleusercontent.com\/pAVxwWrYGufRV1l2mwOD8zWNr3Gr92tYGKpcWD7GySbQUebiLkKUhNk7o3Yb85AZFaw12YGKdRAuSDSoKfKQe5w6AwR3iz_5RpgxAoP6drM4CxXocyRLPnBzIhbs4ojUOoUtylmn\" alt=\"\" width=\"400\" align=\"center\" \/><\/p>\n<p style=\"text-align: center;\">***<\/p>\n<p>Salami mangtaun-taun, infrastruktur di Nebraska kakurangan tina sistemik kakurangan investasi. Peryogi tindakan jelas: Infrastruktur Nebraska nampi nilai C- dina Kartu Laporan Infrastruktur na.<\/p>\n<p>Rencana Padamelan Am\u00e9rika Pr\u00e9sid\u00e9n Biden bakal ngadamel investasi bersejarah pikeun infrastruktur bangsa urang.<\/p>\n<p>Di Nebraska aya 1.302 sasak sareng langkung ti 1,125 mil jalan raya dina kaayaan gor\u00e9ng. Ti saprak 2011, waktos mudik parantos ningkat ku 6.6% di Nebraska sareng rata-rata, unggal supir mayar $461 per taun dina biaya kusabab nyetir di jalan anu peryogi diropea.<\/p>\n<p>Rencana Padamelan Am\u00e9rika bakalan ngahaturkeun langkung ti $600 milyar pikeun ngarobih infrastruktur transportasi bangsa urang sareng ngajantenkeun langkung tahan banting, kalebet $115 milyar kanggo ngalereskeun jalan sareng sasak.<\/p>\n<p><a href=\"https:\/\/nebraskadem.wpenginepowered.com\/wp-content\/uploads\/2021\/04\/AJP-State-Fact-Sheet-NE-1.pdf\"><strong>Maca Langkung Seueur Fakta NEBRASKA.<\/strong><\/a><\/p>\n<p><strong><img decoding=\"async\" class=\"aligncenter\" title=\"\" src=\"https:\/\/lh5.googleusercontent.com\/elADLDaTrOw4IkX4qRQBwhZ384FFbQMT09cnO4RSmLviezzEACud1k_h0NA0e4gYmcB8U_5ymNjrtoYatZVzmELbjEhHvHkwy2jmpTTR2A_W818WQtPnzfEaDWamWnFBJEfKnaj-\" alt=\"\" width=\"450\" align=\"center\" \/><\/strong><\/p>\n<p style=\"text-align: center;\"><strong>***<\/strong><\/p>\n<p><a href=\"https:\/\/nebraskadem.wpenginepowered.com\/2021-candidates\/\"><strong>Maca deui<\/strong><\/a>\u00a0ngeunaan calon D\u00e9mokratik h\u00e9bat kami dina pamilihan umum kota Lincoln (4 Mei) sareng Omaha (11 Mei).<\/p>\n<p>Calon D\u00e9wan Kota Lincoln di-calon anu ageung: Bennie Shobe, S\u00e4ndra Washington sareng Tom Beckius.<\/p>\n<p>Calon D\u00e9wan Pendidikan Lincoln: Kathy Danek di Kacamatan 1, Barb Baier di Kacamatan 3 sareng Don Mayhew di Kacamatan 7.<\/p>\n<p><img decoding=\"async\" class=\"aligncenter\" title=\"\" src=\"https:\/\/lh3.googleusercontent.com\/ArnRN21HqtZEZZvMmfd8Vst6Wry4ExV03tAhTUMwhIoNWOgNXeWqdASlkNkr3afv7BzSeJNYsIGDTXU4_kxBUhsIRxl3UkFELaAjnUqwhSvP5BmarfVhq2JLvG6xCbjohdZXNNfg\" alt=\"\" width=\"400\" align=\"center\" \/><\/p>\n<p>Kanggo walikota Omaha: RJ Neary.<\/p>\n<p>Calon D\u00e9wan Kota Omaha: Pete Festersen di Kacamatan 1, Ben Gray di Kacamatan 2, Juanita Johnson di Kacamatan 2, Danny Begley di Kacamatan 3, Vinny Palermo di Kacamatan 4, Patrick Leahy di Kacamatan 5, Naomi Hattaway di Kacamatan 6 sareng Sara Kohen di Kacamatan 7.<\/p>\n<p>Tingali inpormasi sora sareng tanggal penting dina\u00a0<a href=\"https:\/\/nebraskadem.wpenginepowered.com\/ndp-voting-center\/\"><strong>Pusat Undian NDP.<\/strong><\/a><\/p>\n<p><img decoding=\"async\" class=\"aligncenter\" title=\"\" src=\"https:\/\/lh5.googleusercontent.com\/CCJ_pRxT13etehOOv_DC5uNu-5tn7QgWW0zk3sXrfGR2g6LQFIuVqbKQzZ-cBrnxBPzexhVhVLpRc77LY0YV5ySsQpL2bcLD_6taFp568GHqnqXyLj8NZztCuJCy5YgabNgK9-e0\" alt=\"\" width=\"400\" align=\"center\" \/><\/p>\n<p style=\"text-align: center;\">***<\/p>\n<p><a href=\"https:\/\/www.mobilize.us\/nebdems\/event\/377956\/?fbclid=IwAR0MycZKVbJ7XGD1BTJJzmevvRYIg9dG7P9czL9GwVPr-7qeEbilF1Bqebo\"><strong>Daptar didieu<\/strong><\/a>\u00a0pikeun Sabtu latihan h\u00e9bat ieu!<\/p>\n<p>Ngagabung sareng urang bakal: Sue Martin, pr\u00e9sid\u00e9n \/ sekretaris-bendahara Nebraska AFL-CIO; John Hansen, pr\u00e9sid\u00e9n Uni Patani Nebraska; Matt Lathrop, Nebraska Association of Pengadilan Pengacara lobi; Jenni Benson, pr\u00e9sid\u00e9n Asosiasi Pendidik Propinsi Nebraska; David Corbin, korsi l\u00e9gislatif Nebraska Sierra Club; Rene Fry, dir\u00e9ktur \u00e9ks\u00e9kutif Open Sky Policy Institute; sareng Amanda Temoshek, R\u00e9ncang dir\u00e9ktur PAC Universitas<\/p>\n<p><img decoding=\"async\" class=\"aligncenter\" title=\"\" src=\"https:\/\/lh4.googleusercontent.com\/KLqLEXszUJDtoUl1cIydv7iV3qiRlwShduuc_o2Hq84FB9wlPn1fZtUjPkjxE8Dz64hyl5QxB2srOzQDk9ZkdNVztJLdgAQ_tSEPEhrYR-iQCR6qeWFGxVBxJ_5smDrsDBVLCA-j\" alt=\"\" width=\"400\" align=\"center\" \/><\/p>\n<p style=\"text-align: center;\">***<\/p>\n<p>Upami anjeun resep ngabantosan nyerat sababaraha Hurup ka \u00c9ditor - atanapi bahkan tamu op-ed - salami sataun payun atanapi langkung,\u00a0<a href=\"https:\/\/www.mobilize.us\/nebdems\/event\/378546\/\"><strong>punten daptar didieu<\/strong><\/a>\u00a0pikeun ngabantosan kami ngadukung Demokrat sareng ideu kami.<\/p>\n<p>Program LTE lumayan anyar, tapi urang ngalaman sababaraha kasuks\u00e9san mimiti.<\/p>\n<p>Kami tiasa ngabantosan masihan petunjuk sareng nunjukkeun cara ngalebetkeun surat anjeun!<\/p>\n<p><img decoding=\"async\" class=\"aligncenter\" title=\"\" src=\"https:\/\/lh6.googleusercontent.com\/aHHYSxx9oJgyqAtW6fg5JvjMe8RZBWKH7OU4HpJpz8jMkcM3xSALU2m1Bx-KCLQb7g5uexv1vQ5pMW3uRqOwXPGLXCwpvvAxXvo1Ea_-MeZTvY3NbcCSls-mJ12Qgb_8iYx_8IBe\" alt=\"\" width=\"400\" align=\"center\" \/><\/p>\n<p style=\"text-align: center;\">***<\/p>\n<p>Bantosan ngawangun NDP sareng janten\u00a0<a href=\"https:\/\/secure.actblue.com\/donate\/blueneb?fbclid=IwAR22ngzk6ODmk6uB8vMd9D8QAmNbQ9jsennoQsUgH-kCnEMhG8hxgJZLHY8\"><strong>Donor Bulanan!<\/strong><\/a><\/p>\n<p>Sakitar 550 Demokrat lumpat dina balapan ngalangkungan Nebraska di 2020 sareng ngagaduhan tingkat menang 71 pers\u00e9n. Seueur jasa anu kami tawarkeun ka para calon \u00e9ta didukung ku Donor Bulanan urang.<\/p>\n<figure><img decoding=\"async\" class=\"aligncenter\" title=\"\" src=\"https:\/\/lh5.googleusercontent.com\/SaeKB1tttoe43jpgZXBcAXjoE2I9teYnlVz4XFjOpiJJWIh3ErjE28AZ5cqsL9sLLzy9GsqnOxunv2Vy3b8bS1yDewgHTtrIr6JK-mL_nFA_FFt0OWWOIjSwitFNoPXUkQONE7qv\" alt=\"\" width=\"400\" align=\"center\" \/><\/figure>\n<p style=\"text-align: center;\">***<\/p>\n<p>Wilujeng sumping di telepon ti Part\u00e9i parantos dilanjutkeun! Kami bungah pikeun ngaliput topik sapertos pamilihan kota, pendaptaran pamilih sareng Perpustakaan. Kami og\u00e9 bakal masihan kaukasus sareng d\u00e9wan kami pikeun ngobrolkeun tujuanana sareng kumaha anjeun tiasa kalibet.<\/p>\n<p>Telepon salajengna nya\u00e9ta\u00a0<a href=\"https:\/\/www.mobilize.us\/nebdems\/event\/284401\/\"><strong>20 April.<\/strong><\/a><\/p>\n<p>Upami anjeun ngagaduhan saran pikeun topik anu kedah dibahas, punten email\u00a0<a href=\"mailto:gina@nebraskademocrats.org\">gina@nebraskademocrats.org<\/a>.<\/p>\n<p>&nbsp;<\/p>\n<p><img decoding=\"async\" class=\"aligncenter\" title=\"\" src=\"https:\/\/lh3.googleusercontent.com\/RiYS14_fneq_NVzj88NfOvYUHGGBrgrvL5wYDcTyzEkUO_8TlU1tA-SKbRly9hHb8Jm7NPbGGdwLQAiIO89DOZpiibTE9XkTQDOSXWKDKiugiso4Mv8ramkKBo2P13seQisIdYFA\" alt=\"\" width=\"350\" align=\"center\" \/><\/p>\n<p style=\"text-align: center;\">***<\/p>\n<p>K\u00e9ngingkeun swalayan Biden sareng NDP anjeun di\u00a0<a href=\"https:\/\/shirts101.store\/nebraska_democrats\/shop\/home\"><strong>NDP \/ kaos 101 toko!<\/strong><\/a><\/p>\n<p>Toko ayeuna ngagaduhan sababaraha Jomaha \/ Blue Dot swag anu pikasieuneun!<\/p>\n<p><img decoding=\"async\" class=\"aligncenter\" title=\"\" src=\"https:\/\/lh6.googleusercontent.com\/usy3OJ6rAgmaJsyenkpwt1o4_6pMgW6PDqLlFRwbDZRZ9ppeg7XR1z8hd8vNfmUB1ppHlRVpooqxFXR73QfSIWDl1BXnr-lOwytMdegh7dLV2tzoNgFIgoWrhKcX6z5aE0jfpEqu\" alt=\"\" width=\"400\" align=\"center\" \/><\/p>\n<p style=\"text-align: center;\">***<\/p>\n<p>Kami ngantunkeun anjeun minggu ieu ku Rendering ku\u00a0<strong>Drew Sheneman<\/strong>\u00a0ngeunaan keukeuh GOP pikeun nganut Rencana Padamelan Pr\u00e9sid\u00e9n Biden&#039;s America<strong>.<\/strong><\/p>\n<p><img decoding=\"async\" class=\"aligncenter\" title=\"\" src=\"https:\/\/lh5.googleusercontent.com\/Dvg-0Fj34M2Dhj-h0j0y1nZX_7FcWO_u6q7XpFVLH-5DUbplqKgnI3dghpIy_osVdLuhGmlAVdrTvUaPrBgZCX3iES6tFlRJ-615ZatnAUFAfiFcfpx3cWlGTehKcsEiNvKKujsZ\" alt=\"\" width=\"650\" align=\"center\" \/><\/p>\n<p>\u2013Ku Kevin O&#039;Hanlon \/ Dir\u00e9ktur Komunikasi NDP<\/p>\n<p><strong>CATETAN:<\/strong>\u00a0Upami anjeun hoyong nampi #NebDems News ngalangkungan email, wartoskeun ka kami ku ngirim catetan ka:\u00a0<a href=\"mailto:info@nebraskademocrats.org\"><strong>info@nebraskademocrats.org<\/strong><\/a><\/p>\n<p style=\"text-align: left;\"><strong>\u00a0 \u00a0 \u00a0 \u00a0 \u00a0 \u00a0 \u00a0 \u00a0 \u00a0 \u00a0 \u00a0 \u00a0 \u00a0 \u00a0 \u00a0 \u00a0 \u00a0 \u00a0 \u00a0 Tanggal penting<\/strong><\/p>\n<p><strong>17 April:<\/strong>\u00a0<a href=\"https:\/\/www.mobilize.us\/nebdems\/event\/377956\/\">Pelatihan Calon: Saha \u00c9ta?<\/a><\/p>\n<p style=\"text-align: left;\"><strong>20 April:\u00a0<\/strong><a href=\"https:\/\/www.mobilize.us\/nebdems\/event\/284401\/\">Wilujeng sumping di panggero Part\u00e9i<\/a><br \/>\n<strong><br \/>\n23 April<\/strong>:\u00a0<a href=\"https:\/\/nebraskadem.wpenginepowered.com\/ndp-voting-center\/\">Po\u00e9 kamari kanggo nyungkeun sora sora mimiti ku mail kanggo pamilihan umum Kota Lincoln<\/a><\/p>\n<p><strong>30 April:<\/strong>\u00a0<a href=\"https:\/\/nebraskadem.wpenginepowered.com\/ndp-voting-center\/\">Po\u00e9 kamari kanggo nyungkeun sora sora mimiti pikeun pamilihan umum Kota Omaha<\/a><br \/>\n<strong><br \/>\n4 Mei:<\/strong>\u00a0<a href=\"https:\/\/nebraskadem.wpenginepowered.com\/ndp-voting-center\/\">Pamilihan Umum Lincoln<strong><br \/>\n<\/strong><\/a><\/p>\n<p><strong>4 Mei:\u00a0<\/strong><a href=\"https:\/\/www.mobilize.us\/nebdems\/event\/284401\/\">Wilujeng sumping di panggero Part\u00e9i<strong><br \/>\n<\/strong><\/a><\/p>\n<p><strong>11 M\u00e9i:\u00a0<\/strong><a href=\"https:\/\/nebraskadem.wpenginepowered.com\/ndp-voting-center\/\">Pamilihan Umum Omaha<strong><br \/>\n<\/strong><\/a><\/p>\n<p><strong>11 M\u00e9i:\u00a0<\/strong><a href=\"https:\/\/www.mobilize.us\/nebdems\/event\/284401\/\">Wilujeng sumping di panggero Part\u00e9i<\/a><\/p>","protected":false},"excerpt":{"rendered":"<p>A day after Gov. Pete &#8220;Gosh My Daddy&#8217;s Rich&#8221; Ricketts rejected a request from the White House to take in refugee children from the Southern border, he doubled down on his pro-gun rights credentials by\u00a0signing a symbolic proclamation\u00a0Wednesday designating Nebraska as a &#8220;Second Amendment Sanctuary State.&#8221; Second Amendment sanctuary\u201d refers to a declaration that a &#8230; <a title=\"Posturing Pete and more &#8212; #NebDems News\" class=\"read-more\" href=\"https:\/\/nebraskademocrats.org\/su\/blog\/posturing-pete-and-more-nebdems-news\/\" aria-label=\"More on Posturing Pete and more &#8212; #NebDems News\">Maca deui<\/a><\/p>","protected":false},"author":19,"featured_media":0,"comment_status":"closed","ping_status":"closed","sticky":false,"template":"","format":"standard","meta":{"_acf_changed":false,"_exactmetrics_skip_tracking":false,"_exactmetrics_sitenote_active":false,"_exactmetrics_sitenote_note":"","_exactmetrics_sitenote_category":0,"footnotes":""},"categories":[1],"tags":[],"class_list":["post-32744","post","type-post","status-publish","format-standard","hentry","category-blog"],"acf":[],"yoast_head":"<!-- This site is optimized with the Yoast SEO plugin v27.4 - https:\/\/yoast.com\/product\/yoast-seo-wordpress\/ -->\n<title>Posturing Pete and more -- #NebDems News &#8211; Nebraska Democratic Party<\/title>\n<meta name=\"robots\" content=\"index, follow, max-snippet:-1, max-image-preview:large, max-video-preview:-1\" \/>\n<link rel=\"canonical\" href=\"https:\/\/nebraskademocrats.org\/su\/blog\/posturing-pete-and-more-nebdems-news\/\" \/>\n<meta property=\"og:locale\" content=\"en_US\" \/>\n<meta property=\"og:type\" content=\"article\" \/>\n<meta property=\"og:title\" content=\"Posturing Pete and more -- #NebDems News &#8211; Nebraska Democratic Party\" \/>\n<meta property=\"og:description\" content=\"A day after Gov. Pete &#8220;Gosh My Daddy&#8217;s Rich&#8221; Ricketts rejected a request from the White House to take in refugee children from the Southern border, he doubled down on his pro-gun rights credentials by\u00a0signing a symbolic proclamation\u00a0Wednesday designating Nebraska as a &#8220;Second Amendment Sanctuary State.&#8221; Second Amendment sanctuary\u201d refers to a declaration that a ... Read more\" \/>\n<meta property=\"og:url\" content=\"https:\/\/nebraskademocrats.org\/su\/blog\/posturing-pete-and-more-nebdems-news\/\" \/>\n<meta property=\"og:site_name\" content=\"Nebraska Democratic Party\" \/>\n<meta property=\"article:publisher\" content=\"https:\/\/www.facebook.com\/NebraskaDemocraticParty\/\" \/>\n<meta property=\"article:published_time\" content=\"2021-04-16T18:44:07+00:00\" \/>\n<meta property=\"og:image\" content=\"https:\/\/nebraskadem.wpenginepowered.com\/wp-content\/uploads\/2018\/12\/NebDems-News-4-1024x569.png\" \/>\n<meta name=\"author\" content=\"Precious McKesson\" \/>\n<meta name=\"twitter:card\" content=\"summary_large_image\" \/>\n<meta name=\"twitter:creator\" content=\"@nebraskadems\" \/>\n<meta name=\"twitter:site\" content=\"@nebraskadems\" \/>\n<meta name=\"twitter:label1\" content=\"Written by\" \/>\n\t<meta name=\"twitter:data1\" content=\"Precious McKesson\" \/>\n\t<meta name=\"twitter:label2\" content=\"Est. reading time\" \/>\n\t<meta name=\"twitter:data2\" content=\"6 minutes\" \/>\n<script type=\"application\/ld+json\" class=\"yoast-schema-graph\">{\"@context\":\"https:\\\/\\\/schema.org\",\"@graph\":[{\"@type\":\"Article\",\"@id\":\"https:\\\/\\\/nebraskademocrats.org\\\/blog\\\/posturing-pete-and-more-nebdems-news\\\/#article\",\"isPartOf\":{\"@id\":\"https:\\\/\\\/nebraskademocrats.org\\\/blog\\\/posturing-pete-and-more-nebdems-news\\\/\"},\"author\":{\"name\":\"Precious McKesson\",\"@id\":\"https:\\\/\\\/nebraskademocrats.org\\\/#\\\/schema\\\/person\\\/33e011ea0795f404810dc40828bcf289\"},\"headline\":\"Posturing Pete and more &#8212; #NebDems News\",\"datePublished\":\"2021-04-16T18:44:07+00:00\",\"mainEntityOfPage\":{\"@id\":\"https:\\\/\\\/nebraskademocrats.org\\\/blog\\\/posturing-pete-and-more-nebdems-news\\\/\"},\"wordCount\":850,\"publisher\":{\"@id\":\"https:\\\/\\\/nebraskademocrats.org\\\/#organization\"},\"image\":{\"@id\":\"https:\\\/\\\/nebraskademocrats.org\\\/blog\\\/posturing-pete-and-more-nebdems-news\\\/#primaryimage\"},\"thumbnailUrl\":\"https:\\\/\\\/nebraskadem.wpenginepowered.com\\\/wp-content\\\/uploads\\\/2018\\\/12\\\/NebDems-News-4-1024x569.png\",\"articleSection\":[\"NDP Blog\"],\"inLanguage\":\"su\"},{\"@type\":\"WebPage\",\"@id\":\"https:\\\/\\\/nebraskademocrats.org\\\/blog\\\/posturing-pete-and-more-nebdems-news\\\/\",\"url\":\"https:\\\/\\\/nebraskademocrats.org\\\/blog\\\/posturing-pete-and-more-nebdems-news\\\/\",\"name\":\"Posturing Pete and more -- #NebDems News &#8211; Nebraska Democratic Party\",\"isPartOf\":{\"@id\":\"https:\\\/\\\/nebraskademocrats.org\\\/#website\"},\"primaryImageOfPage\":{\"@id\":\"https:\\\/\\\/nebraskademocrats.org\\\/blog\\\/posturing-pete-and-more-nebdems-news\\\/#primaryimage\"},\"image\":{\"@id\":\"https:\\\/\\\/nebraskademocrats.org\\\/blog\\\/posturing-pete-and-more-nebdems-news\\\/#primaryimage\"},\"thumbnailUrl\":\"https:\\\/\\\/nebraskadem.wpenginepowered.com\\\/wp-content\\\/uploads\\\/2018\\\/12\\\/NebDems-News-4-1024x569.png\",\"datePublished\":\"2021-04-16T18:44:07+00:00\",\"breadcrumb\":{\"@id\":\"https:\\\/\\\/nebraskademocrats.org\\\/blog\\\/posturing-pete-and-more-nebdems-news\\\/#breadcrumb\"},\"inLanguage\":\"su\",\"potentialAction\":[{\"@type\":\"ReadAction\",\"target\":[\"https:\\\/\\\/nebraskademocrats.org\\\/blog\\\/posturing-pete-and-more-nebdems-news\\\/\"]}]},{\"@type\":\"ImageObject\",\"inLanguage\":\"su\",\"@id\":\"https:\\\/\\\/nebraskademocrats.org\\\/blog\\\/posturing-pete-and-more-nebdems-news\\\/#primaryimage\",\"url\":\"https:\\\/\\\/nebraskadem.wpenginepowered.com\\\/wp-content\\\/uploads\\\/2018\\\/12\\\/NebDems-News-4-1024x569.png\",\"contentUrl\":\"https:\\\/\\\/nebraskadem.wpenginepowered.com\\\/wp-content\\\/uploads\\\/2018\\\/12\\\/NebDems-News-4-1024x569.png\"},{\"@type\":\"BreadcrumbList\",\"@id\":\"https:\\\/\\\/nebraskademocrats.org\\\/blog\\\/posturing-pete-and-more-nebdems-news\\\/#breadcrumb\",\"itemListElement\":[{\"@type\":\"ListItem\",\"position\":1,\"name\":\"Home\",\"item\":\"https:\\\/\\\/nebraskademocrats.org\\\/\"},{\"@type\":\"ListItem\",\"position\":2,\"name\":\"Posturing Pete and more &#8212; #NebDems News\"}]},{\"@type\":\"WebSite\",\"@id\":\"https:\\\/\\\/nebraskademocrats.org\\\/#website\",\"url\":\"https:\\\/\\\/nebraskademocrats.org\\\/\",\"name\":\"Nebraska Democratic Party\",\"description\":\"Growing the Good Life for All Nebraskans\",\"publisher\":{\"@id\":\"https:\\\/\\\/nebraskademocrats.org\\\/#organization\"},\"potentialAction\":[{\"@type\":\"SearchAction\",\"target\":{\"@type\":\"EntryPoint\",\"urlTemplate\":\"https:\\\/\\\/nebraskademocrats.org\\\/?s={search_term_string}\"},\"query-input\":{\"@type\":\"PropertyValueSpecification\",\"valueRequired\":true,\"valueName\":\"search_term_string\"}}],\"inLanguage\":\"su\"},{\"@type\":\"Organization\",\"@id\":\"https:\\\/\\\/nebraskademocrats.org\\\/#organization\",\"name\":\"Nebraska Democratic Party\",\"url\":\"https:\\\/\\\/nebraskademocrats.org\\\/\",\"logo\":{\"@type\":\"ImageObject\",\"inLanguage\":\"su\",\"@id\":\"https:\\\/\\\/nebraskademocrats.org\\\/#\\\/schema\\\/logo\\\/image\\\/\",\"url\":\"https:\\\/\\\/nebraskadem.wpenginepowered.com\\\/wp-content\\\/uploads\\\/2016\\\/05\\\/NDP2.jpg\",\"contentUrl\":\"https:\\\/\\\/nebraskadem.wpenginepowered.com\\\/wp-content\\\/uploads\\\/2016\\\/05\\\/NDP2.jpg\",\"width\":1000,\"height\":396,\"caption\":\"Nebraska Democratic Party\"},\"image\":{\"@id\":\"https:\\\/\\\/nebraskademocrats.org\\\/#\\\/schema\\\/logo\\\/image\\\/\"},\"sameAs\":[\"https:\\\/\\\/www.facebook.com\\\/NebraskaDemocraticParty\\\/\",\"https:\\\/\\\/x.com\\\/nebraskadems\"]},{\"@type\":\"Person\",\"@id\":\"https:\\\/\\\/nebraskademocrats.org\\\/#\\\/schema\\\/person\\\/33e011ea0795f404810dc40828bcf289\",\"name\":\"Precious McKesson\",\"image\":{\"@type\":\"ImageObject\",\"inLanguage\":\"su\",\"@id\":\"https:\\\/\\\/secure.gravatar.com\\\/avatar\\\/35046e19b3373116ec64c07d386d3312028d3820dc0ffe65c344bcebc8ea9194?s=96&d=mm&r=g\",\"url\":\"https:\\\/\\\/secure.gravatar.com\\\/avatar\\\/35046e19b3373116ec64c07d386d3312028d3820dc0ffe65c344bcebc8ea9194?s=96&d=mm&r=g\",\"contentUrl\":\"https:\\\/\\\/secure.gravatar.com\\\/avatar\\\/35046e19b3373116ec64c07d386d3312028d3820dc0ffe65c344bcebc8ea9194?s=96&d=mm&r=g\",\"caption\":\"Precious McKesson\"}}]}<\/script>\n<!-- \/ Yoast SEO plugin. -->","yoast_head_json":{"title":"Posturing Pete and more -- #NebDems News &#8211; Nebraska Democratic Party","robots":{"index":"index","follow":"follow","max-snippet":"max-snippet:-1","max-image-preview":"max-image-preview:large","max-video-preview":"max-video-preview:-1"},"canonical":"https:\/\/nebraskademocrats.org\/su\/blog\/posturing-pete-and-more-nebdems-news\/","og_locale":"en_US","og_type":"article","og_title":"Posturing Pete and more -- #NebDems News &#8211; Nebraska Democratic Party","og_description":"A day after Gov. Pete &#8220;Gosh My Daddy&#8217;s Rich&#8221; Ricketts rejected a request from the White House to take in refugee children from the Southern border, he doubled down on his pro-gun rights credentials by\u00a0signing a symbolic proclamation\u00a0Wednesday designating Nebraska as a &#8220;Second Amendment Sanctuary State.&#8221; Second Amendment sanctuary\u201d refers to a declaration that a ... Read more","og_url":"https:\/\/nebraskademocrats.org\/su\/blog\/posturing-pete-and-more-nebdems-news\/","og_site_name":"Nebraska Democratic Party","article_publisher":"https:\/\/www.facebook.com\/NebraskaDemocraticParty\/","article_published_time":"2021-04-16T18:44:07+00:00","og_image":[{"url":"https:\/\/nebraskadem.wpenginepowered.com\/wp-content\/uploads\/2018\/12\/NebDems-News-4-1024x569.png","type":"","width":"","height":""}],"author":"Precious McKesson","twitter_card":"summary_large_image","twitter_creator":"@nebraskadems","twitter_site":"@nebraskadems","twitter_misc":{"Written by":"Precious McKesson","Est. reading time":"6 minutes"},"schema":{"@context":"https:\/\/schema.org","@graph":[{"@type":"Article","@id":"https:\/\/nebraskademocrats.org\/blog\/posturing-pete-and-more-nebdems-news\/#article","isPartOf":{"@id":"https:\/\/nebraskademocrats.org\/blog\/posturing-pete-and-more-nebdems-news\/"},"author":{"name":"Precious McKesson","@id":"https:\/\/nebraskademocrats.org\/#\/schema\/person\/33e011ea0795f404810dc40828bcf289"},"headline":"Posturing Pete and more &#8212; #NebDems News","datePublished":"2021-04-16T18:44:07+00:00","mainEntityOfPage":{"@id":"https:\/\/nebraskademocrats.org\/blog\/posturing-pete-and-more-nebdems-news\/"},"wordCount":850,"publisher":{"@id":"https:\/\/nebraskademocrats.org\/#organization"},"image":{"@id":"https:\/\/nebraskademocrats.org\/blog\/posturing-pete-and-more-nebdems-news\/#primaryimage"},"thumbnailUrl":"https:\/\/nebraskadem.wpenginepowered.com\/wp-content\/uploads\/2018\/12\/NebDems-News-4-1024x569.png","articleSection":["NDP Blog"],"inLanguage":"su"},{"@type":"WebPage","@id":"https:\/\/nebraskademocrats.org\/blog\/posturing-pete-and-more-nebdems-news\/","url":"https:\/\/nebraskademocrats.org\/blog\/posturing-pete-and-more-nebdems-news\/","name":"Posturing Pete and more -- #NebDems News &#8211; Nebraska Democratic Party","isPartOf":{"@id":"https:\/\/nebraskademocrats.org\/#website"},"primaryImageOfPage":{"@id":"https:\/\/nebraskademocrats.org\/blog\/posturing-pete-and-more-nebdems-news\/#primaryimage"},"image":{"@id":"https:\/\/nebraskademocrats.org\/blog\/posturing-pete-and-more-nebdems-news\/#primaryimage"},"thumbnailUrl":"https:\/\/nebraskadem.wpenginepowered.com\/wp-content\/uploads\/2018\/12\/NebDems-News-4-1024x569.png","datePublished":"2021-04-16T18:44:07+00:00","breadcrumb":{"@id":"https:\/\/nebraskademocrats.org\/blog\/posturing-pete-and-more-nebdems-news\/#breadcrumb"},"inLanguage":"su","potentialAction":[{"@type":"ReadAction","target":["https:\/\/nebraskademocrats.org\/blog\/posturing-pete-and-more-nebdems-news\/"]}]},{"@type":"ImageObject","inLanguage":"su","@id":"https:\/\/nebraskademocrats.org\/blog\/posturing-pete-and-more-nebdems-news\/#primaryimage","url":"https:\/\/nebraskadem.wpenginepowered.com\/wp-content\/uploads\/2018\/12\/NebDems-News-4-1024x569.png","contentUrl":"https:\/\/nebraskadem.wpenginepowered.com\/wp-content\/uploads\/2018\/12\/NebDems-News-4-1024x569.png"},{"@type":"BreadcrumbList","@id":"https:\/\/nebraskademocrats.org\/blog\/posturing-pete-and-more-nebdems-news\/#breadcrumb","itemListElement":[{"@type":"ListItem","position":1,"name":"Home","item":"https:\/\/nebraskademocrats.org\/"},{"@type":"ListItem","position":2,"name":"Posturing Pete and more &#8212; #NebDems News"}]},{"@type":"WebSite","@id":"https:\/\/nebraskademocrats.org\/#website","url":"https:\/\/nebraskademocrats.org\/","name":"Nebraska Democratic Party","description":"Tumuwuh Kahirupan Anu Sa\u00e9 pikeun Sadayana Nebraskan","publisher":{"@id":"https:\/\/nebraskademocrats.org\/#organization"},"potentialAction":[{"@type":"SearchAction","target":{"@type":"EntryPoint","urlTemplate":"https:\/\/nebraskademocrats.org\/?s={search_term_string}"},"query-input":{"@type":"PropertyValueSpecification","valueRequired":true,"valueName":"search_term_string"}}],"inLanguage":"su"},{"@type":"Organization","@id":"https:\/\/nebraskademocrats.org\/#organization","name":"Nebraska Democratic Party","url":"https:\/\/nebraskademocrats.org\/","logo":{"@type":"ImageObject","inLanguage":"su","@id":"https:\/\/nebraskademocrats.org\/#\/schema\/logo\/image\/","url":"https:\/\/nebraskadem.wpenginepowered.com\/wp-content\/uploads\/2016\/05\/NDP2.jpg","contentUrl":"https:\/\/nebraskadem.wpenginepowered.com\/wp-content\/uploads\/2016\/05\/NDP2.jpg","width":1000,"height":396,"caption":"Nebraska Democratic Party"},"image":{"@id":"https:\/\/nebraskademocrats.org\/#\/schema\/logo\/image\/"},"sameAs":["https:\/\/www.facebook.com\/NebraskaDemocraticParty\/","https:\/\/x.com\/nebraskadems"]},{"@type":"Person","@id":"https:\/\/nebraskademocrats.org\/#\/schema\/person\/33e011ea0795f404810dc40828bcf289","name":"McKesson mulia","image":{"@type":"ImageObject","inLanguage":"su","@id":"https:\/\/secure.gravatar.com\/avatar\/35046e19b3373116ec64c07d386d3312028d3820dc0ffe65c344bcebc8ea9194?s=96&d=mm&r=g","url":"https:\/\/secure.gravatar.com\/avatar\/35046e19b3373116ec64c07d386d3312028d3820dc0ffe65c344bcebc8ea9194?s=96&d=mm&r=g","contentUrl":"https:\/\/secure.gravatar.com\/avatar\/35046e19b3373116ec64c07d386d3312028d3820dc0ffe65c344bcebc8ea9194?s=96&d=mm&r=g","caption":"Precious McKesson"}}]}},"_links":{"self":[{"href":"https:\/\/nebraskademocrats.org\/su\/wp-json\/wp\/v2\/posts\/32744","targetHints":{"allow":["GET"]}}],"collection":[{"href":"https:\/\/nebraskademocrats.org\/su\/wp-json\/wp\/v2\/posts"}],"about":[{"href":"https:\/\/nebraskademocrats.org\/su\/wp-json\/wp\/v2\/types\/post"}],"author":[{"embeddable":true,"href":"https:\/\/nebraskademocrats.org\/su\/wp-json\/wp\/v2\/users\/19"}],"replies":[{"embeddable":true,"href":"https:\/\/nebraskademocrats.org\/su\/wp-json\/wp\/v2\/comments?post=32744"}],"version-history":[{"count":0,"href":"https:\/\/nebraskademocrats.org\/su\/wp-json\/wp\/v2\/posts\/32744\/revisions"}],"wp:attachment":[{"href":"https:\/\/nebraskademocrats.org\/su\/wp-json\/wp\/v2\/media?parent=32744"}],"wp:term":[{"taxonomy":"category","embeddable":true,"href":"https:\/\/nebraskademocrats.org\/su\/wp-json\/wp\/v2\/categories?post=32744"},{"taxonomy":"post_tag","embeddable":true,"href":"https:\/\/nebraskademocrats.org\/su\/wp-json\/wp\/v2\/tags?post=32744"}],"curies":[{"name":"wp","href":"https:\/\/api.w.org\/{rel}","templated":true}]}}