{"id":34139,"date":"2021-08-20T07:46:19","date_gmt":"2021-08-20T12:46:19","guid":{"rendered":"https:\/\/nebraskadem.wpenginepowered.com\/?p=34139"},"modified":"2021-08-20T07:46:19","modified_gmt":"2021-08-20T12:46:19","slug":"pandemic-pete-and-more-nebdems-news","status":"publish","type":"post","link":"https:\/\/nebraskademocrats.org\/su\/blog\/pandemic-pete-and-more-nebdems-news\/","title":{"rendered":"Pandemi Pete sareng seueur deui - #NebDems News"},"content":{"rendered":"<p><img fetchpriority=\"high\" decoding=\"async\" class=\"wp-image-6838 aligncenter\" src=\"https:\/\/nebraskadem.wpenginepowered.com\/wp-content\/uploads\/2018\/12\/NebDems-News-4-1024x569.png\" alt=\"\" width=\"327\" height=\"182\" srcset=\"https:\/\/nebraskademocrats.org\/wp-content\/uploads\/2018\/12\/NebDems-News-4-1024x569.png 1024w, https:\/\/nebraskademocrats.org\/wp-content\/uploads\/2018\/12\/NebDems-News-4-300x167.png 300w, https:\/\/nebraskademocrats.org\/wp-content\/uploads\/2018\/12\/NebDems-News-4-768x427.png 768w, https:\/\/nebraskademocrats.org\/wp-content\/uploads\/2018\/12\/NebDems-News-4.png 1081w\" sizes=\"(max-width: 327px) 100vw, 327px\" \/><\/p>\n<p>Ayeuna y\u00e9n Gubernur Texas Greg Abbott - anu parantos nolak topeng sareng mandat vaksin pikeun ngabendung pandemi \u00e9ta -\u00a0<a href=\"https:\/\/www.nytimes.com\/2021\/08\/17\/us\/greg-abbott-texas-covid-positive.html\">parantos diuji positip pikeun COVID<\/a>, \u00e9ta waktuna pikeun merhatoskeun urang kana salah sahiji muridna, Gubernur Nebraska sorangan Pete Ricketts, anu sami-sami ngalakukeun sagala anu MAMPU ngajaga Nebraskan aman - sareng hirup.<\/p>\n<p>Kumisan ti merjuangkeun amanat top\u00e9ng, Ricketts ngantepkeun kaayaan Nebraska&#039;s COVID-19 Dashboard janten po\u00e9k. Sareng ayeuna, kabupat\u00e9n kas\u00e9hatan lokal henteu tiasa deui ngalaporkeun statistik COVID pikeun kabupat\u00e9n anu kirang ti 20.000 jalma kusabab par\u00e9ntah \u00e9ks\u00e9kutip anu ngantepkeun \u00e9ta kadaluarsana. Ricketts parantos gagal ngomean par\u00e9ntah.<\/p>\n<p>\u00c9ta 82 nagara bagian Nebraska 93 anu henteu ngalaporkeun data publik.<\/p>\n<p>&quot;Nalika inpormasi \u00e9ta leungit, \u00e9ta h\u00e9s\u00e9 pikeun seueur jalma,&quot; saur Johnathan Hladik sareng Pusat Urusan Pedesaan dina wawancara sareng KPTM di Omaha. &quot;Fakta sareng data sareng inpormasi objektif bakal janten naon anu anjeun pikahoyong kaputusan dumasar.&quot;<\/p>\n<p>Janten nalika anjeun angkat ka halaman w\u00e9b The New York Times &#039;, anu parantos ngalaksanakeun padamelan anu pantes pikeun Pulitzer dina pandemi, aya peta harian anu ngalacak jumlah kasus COVID di unggal kabupaten Am\u00e9rika Serikat salaku palayanan umum - kecuali pikeun kaseueuran Nebraska .<\/p>\n<p>&quot;Kuring henteu kantos ningali aya anu nandeskeun y\u00e9n data sapertos kieu henteu kedah diungkabkeun,&quot; saur <a href=\"https:\/\/nebraskapublicmedia.org\/en\/news\/news-articles\/heres-why-nebraska-isnt-showing-up-on-national-covid-case-maps\/?fbclid=IwAR0hul6ySjTT2L5eh897juwpQvlrrLVYsm6aT_GCkpkxcsNQgrZA_aVleCk\">Dr Tom Safranek,<\/a> Tilas ahli epidemiologis nagara Nebraska, anu nambihan kagagalan ngalaporkeun data anu penting dina waktos sapertos kieu anu disebatna &quot;palanggaran kas\u00e9hatan masarakat.&quot;<\/p>\n<p>Candak ruku, Pandemi Pete.<\/p>\n<p><img decoding=\"async\" class=\"aligncenter\" title=\"\" src=\"https:\/\/lh4.googleusercontent.com\/z0PjB-aWlzKn2dXruWXP-1zT7AeNZtB1MSNSkw-z7P22wBWsdfjZiOMXRwppxrT-oUP8M09f0lZOwRSZMnzF-ZnLkxOQGSZhKHVCnH7Vixu81B9lFdQDbdPPETM7KhGRC1HRocrG\" alt=\"\" width=\"450\" align=\"center\" \/><\/p>\n<p style=\"text-align: center;\">***<\/p>\n<p>Congrats ka S\u00e9n Adam Adam Morfeld, Komite Nasional NDP Ron Kaminski, Jeff Leanna ti Scottsbluff sareng Kursi NDP Jane Kleeb pikeun dingaranan &quot;Dems Muda Pikeun Kahirupan&quot; dina konv\u00e9nsi Young Democrats of America di Cincinnati!<\/p>\n<p><img decoding=\"async\" class=\"aligncenter\" title=\"\" src=\"https:\/\/lh4.googleusercontent.com\/IstkYXsHw5tfw4Q4Hk9dyMPLj6nPKaUgP1McfLHQR0cgKuKZjh4Vd-A8Wcu2QTXFY1acEyM-vm5fBE3Dy-GeJrIwDBSRB398xRR4b8Du38bMh0cl6P2WCShLVDUUMIoLDorHTlYM\" alt=\"\" width=\"450\" align=\"center\" \/><\/p>\n<p style=\"text-align: center;\">***<\/p>\n<p>Tenggat waktu pikeun nominasi penghargaan pikeun acara Morrison-Exon urang nya\u00e9ta<strong>\u00a01 S\u00e9pt\u00e9mber jam 5.pm CT.\u00a0<\/strong><a href=\"https:\/\/docs.google.com\/forms\/d\/1zObT0X_3fS0urSD_x3heG84WBE7PZGQbQBFjgCf7eDM\/edit?ts=60f7444a\"><strong>Kirimkeun nominasi di dieu.<\/strong><\/a><\/p>\n<p>Makan malam Morrison-Exon, anu mangrupikeun acara penggalangan dana taunan kami, nya\u00e9ta nalika urang ngagungkeun sukarelawan sareng pamimpin partai anu ngawangun sareng mekarkeun Nebraska Democratic Party.<\/p>\n<p>Tapi kusabab varian Delta na\u00e9kna na kusabab Gubernur Ricketts parantos ngajelaskeun y\u00e9n anjeunna moal nuturkeun pedoman CDC - upami aranjeunna nyarankeun henteu aya deui pakumpulan langkung ti 100, sareng sajabana - Komite Pusat Nagara nemb\u00e9 milih ngadamel\u00a0<strong><em>Rapat SCC terakhir pikeun 2021 (dina 3 Oktober) sareng acara ME 2021 (6 Nov) acara online.<\/em><\/strong><\/p>\n<p>Kami terang y\u00e9n ieu nguciwakeun, sabab urang sadayana hoyong deui normal. Nanging, kami pisan gugup ngeunaan trend angka sareng panolakan gubernur nuturkeun pituduh CDC.<\/p>\n<p><a href=\"https:\/\/secure.actblue.com\/donate\/2021ndpme\"><strong>K\u00e9ngingkeun tiket ka acara Morrison-Exon di dieu.<\/strong><\/a><\/p>\n<figure><img decoding=\"async\" class=\"aligncenter\" title=\"\" src=\"https:\/\/lh4.googleusercontent.com\/9YxQrHp_vURIzJd56aRleBCFCidio-wAsmRAebZqq0Ehcc4j5olg9xGeBXMfl-_RXa3uxGEgc5SI_h6xkouLzPqkMjzd97QYbDDixd-FAmmh1V5ZVUPo44SwJ95uLcsxrjU846YN\" alt=\"\" width=\"450\" align=\"center\" \/><\/figure>\n<p style=\"text-align: center;\">***<\/p>\n<p>Gedong Bodas ngumumkeun usul 30 \u00d7 30 anu disebut America the Beautiful - nempatkeun 30 pers\u00e9n taneuh sareng cai bangsa dina status konservasi dugi ka 2030.<\/p>\n<p>Sareng pikeun ngabantosan beluk ngeunaan rencana anu disebarkeun ku Ricketts sareng anu san\u00e9s, NDP parantos ngaluncurkeun s\u00e9si sesi &quot;Burgers and Beers&quot; kanggo nyarioskeun bebeneran ngeunaan rencana Am\u00e9rika anu \u00c9ndah.<\/p>\n<p><a href=\"https:\/\/www.mobilize.us\/nebdems\/event\/390021\/\"><strong>Tingali dimana rapat salajengna<\/strong><\/a>\u00a0atanapi nyungkeun hiji di da\u00e9rah anjeun!<\/p>\n<p><a href=\"https:\/\/nebraskadem.wpenginepowered.com\/blog\/ndps-kleeb-take-time-to-learn-about-president-bidens-ambitious-america-the-beautiful-30x30-plan\/\"><strong>Maca blog Kursi NDP Jane Kleeb ngeunaan rencana di dieu.<\/strong><\/a><\/p>\n<p><img decoding=\"async\" class=\"aligncenter\" title=\"\" src=\"https:\/\/lh4.googleusercontent.com\/hL-mMSq_bzgR2YDxJspSmHY_p0DuiFpk3rQy9Y0YRoMuuN7yd8k5qOU3dQTyWVV-KD6RYVfo6dJYN6TMfrS2pB4FDiKBo9TAV7nfkvJg5NrE2-5yyxnlD4CsPoguSYxlyxI_B-LZ\" alt=\"\" width=\"450\" align=\"center\" \/><\/p>\n<p style=\"text-align: center;\"><strong>***<\/strong><\/p>\n<p>Simpen tanggal pikeun Salam taunan kami ka S\u00e9nator, anu bakal dilaksanakeun di luar di Kebon Binatang Lincoln Children on\u00a0<strong>14 S\u00e9pt\u00e9mber.<\/strong><\/p>\n<p><a href=\"https:\/\/secure.actblue.com\/donate\/salute2021\"><strong>K\u00e9ngingkeun tik\u00e9t sareng tabel ayeuna!<\/strong><\/a><\/p>\n<figure><img decoding=\"async\" class=\"aligncenter\" title=\"\" src=\"https:\/\/lh4.googleusercontent.com\/YVapA4KBw7eS6iAThcIO8Wx6O8QwzM8BFrVA45fd5ji8cWCewregsuFjj92eiSEZsZlBfaVRPk4iuDIO0uaZNGQkUasN5dNaC59uUWzYTjuVsK0ZRJ7k54biwnCmhwzMOdtQMfEi\" alt=\"\" width=\"450\" align=\"center\" \/><\/figure>\n<p style=\"text-align: center;\"><strong>***<\/strong><\/p>\n<p>Rangkaian latihan urang pikeun kampanye, dipimpin ku S\u00e9n Carol Blood, teraskeun.<\/p>\n<p><a href=\"https:\/\/www.mobilize.us\/nebdems\/event\/403695\/\"><strong>Daptar<\/strong><\/a><strong>\u00a0f<\/strong>atanapi s\u00e9si salajengna dina S\u00e9pt\u00e9mber 26: Fallicies Logis - Kumaha pernyataan palsu dipak\u00e9 pikeun distorsi masalah dina debat politik sareng kampanye.<\/p>\n<p><img decoding=\"async\" class=\"aligncenter\" title=\"\" src=\"https:\/\/lh4.googleusercontent.com\/L2QDbrh_K9wH-tyjxClHtEFNoUnFZwCOB_KWEQS7TWn8AN9quNg3xrm5LMXhMFjcGCej6v--1PkCcH9dlxGfg0tkysBFvZ3cIWZQt9mnrNtW_iilYcb92yK1w4SoXNhLEHAWwlt2\" alt=\"\" width=\"400\" align=\"center\" \/><\/p>\n<p style=\"text-align: center;\">***<\/p>\n<p>Tunjukkeun ka kami naon anu anjeun terang!\u00a0<a href=\"https:\/\/secure.actblue.com\/donate\/ndptrivianight2021\"><strong>Gabung sareng NDP pikeun wengi anu senang sareng trivia!<\/strong><\/a>\u00a0Lima puteran patarosan trivia mimitian ti politik ayeuna, politik jaman baheula, riwayat Nebraska sareng seueur deui. Candak tim anjeun genep, atanapi upami anjeun solo, kami bakal cocog anjeun sareng pama\u00e9n solo anu san\u00e9s.<\/p>\n<p><strong>7 Nov 2021:<\/strong>\u00a06:30 sonten dugi ka 8:30 pm CT. Ngalangkungan Zum<\/p>\n<figure><img decoding=\"async\" class=\"aligncenter\" title=\"\" src=\"https:\/\/lh6.googleusercontent.com\/VhtrquEKym5wI02SRrks4xNjo0egWYwmSF1tGwfECldCL1-Fjaez8whE0zo0K_o9-2caaHTpyk4484EtckkXPRZtbpdvMIsop5lNSIJIv3rEEZAtQ85BnLSJm7bcFW0g6BnQY5M-\" alt=\"\" width=\"450\" align=\"center\" \/><\/figure>\n<p style=\"text-align: center;\">***<\/p>\n<p>Bantosan ngawangun NDP sareng janten\u00a0<a href=\"https:\/\/secure.actblue.com\/donate\/blueneb?fbclid=IwAR22ngzk6ODmk6uB8vMd9D8QAmNbQ9jsennoQsUgH-kCnEMhG8hxgJZLHY8\"><strong>Donor Bulanan!<\/strong><\/a><\/p>\n<p>Sakitar 550 Demokrat lumpat dina balapan ngalangkungan Nebraska di 2020 sareng ngagaduhan tingkat menang 71 pers\u00e9n. Seueur jasa anu kami tawarkeun ka para calon \u00e9ta didukung ku Donor Bulanan urang.<\/p>\n<p style=\"text-align: center;\"><img decoding=\"async\" class=\"aligncenter\" title=\"\" src=\"https:\/\/can2-prod.s3.amazonaws.com\/uploads\/data\/000\/570\/391\/original\/monthly_1080.png\" alt=\"\" width=\"450\" align=\"center\" \/><br \/>\n***<\/p>\n<p>Telepon wilujeng sumping-ka-Pesta parantos dilanjutkeun! Kami bungah pikeun ngaliput topik sapertos pendaptaran pamilih sareng redistricting. Kami og\u00e9 bakal masihan kaukasus sareng d\u00e9wan kami pikeun ngobrolkeun tujuanana sareng kumaha anjeun tiasa kalibet.<\/p>\n<p>Telepon salajengna nya\u00e9ta\u00a0<a href=\"https:\/\/www.mobilize.us\/nebdems\/event\/284401\/\"><strong>24 Agustus<\/strong><\/a>\u00a0sareng bakal ngabahas platform NDP.<\/p>\n<p>Upami anjeun ngagaduhan saran pikeun topik anu kedah dibahas, punten email\u00a0<a href=\"mailto:gina@nebraskademocrats.org\">gina@nebraskademocrats.org<\/a>.<\/p>\n<p><img decoding=\"async\" class=\"aligncenter\" title=\"\" src=\"https:\/\/lh6.googleusercontent.com\/ofmJ6-spTepQzTU_pOTGEm410iKfAVJXgbJt2QI_5skrXfI5Wuu1Z2CNkqS9Rq8It2-kZduWU4oQimWYmpVvs_FCKT-GawnjgGKlKCHqo1gEb-eXVgJUJojAgS8sCPZNenI_uWN_\" alt=\"\" width=\"400\" align=\"center\" \/><\/p>\n<p>&nbsp;<\/p>\n<p style=\"text-align: center;\">***<\/p>\n<p>K\u00e9ngingkeun swalayan Biden sareng NDP anjeun di\u00a0<a href=\"https:\/\/shirts101.store\/nebraska_democrats\/shop\/home\"><strong>NDP \/ kaos 101 toko!<\/strong><\/a><\/p>\n<p>Toko ayeuna ngagaduhan sababaraha Jomaha \/ Blue Dot swag anu pikasieuneun!<\/p>\n<p><img decoding=\"async\" class=\"aligncenter\" title=\"\" src=\"https:\/\/lh4.googleusercontent.com\/pJDWozBw3KrCfunlAy9caJjvbb7cQ5G8bBuLRliUoKmpG_YqEmI-aONsZOyT9qNxzhn8XF1Ju9eWLQEQnbxl2JYS4IjwCNtxGPCZHVPKY7N04B9PkBwdbYTW5ZxGqj_AMsZKalsA\" alt=\"\" width=\"400\" align=\"center\" \/><\/p>\n<p style=\"text-align: center;\">***<\/p>\n<p>Kami ngantunkeun anjeun minggu ieu ku Rendering ku\u00a0<strong>Mike Luckovich<\/strong>\u00a0dina data S\u00e9nsus AS 2020 nemb\u00e9 dileupaskeun.<\/p>\n<figure><img decoding=\"async\" class=\"aligncenter\" title=\"\" src=\"https:\/\/lh4.googleusercontent.com\/wxSNeto0hrD7wCjuDH3VoL03qtHOpDvg9Vy3DB_9Dat3QjkP4K1U8Nj0Dp-E1zUJVKXGixEkQWSYOD5yLG5iDzFFWxVn1cIGokqPPA3o2qhfnY2f5MJ7FUZ56d1Cr0aCmNwfEa60\" alt=\"\" width=\"850\" align=\"center\" \/><\/figure>\n<p>\u2013Ku Kevin O&#039;Hanlon \/ Dir\u00e9ktur Komunikasi NDP<\/p>\n<p><strong>CATETAN:<\/strong>\u00a0Upami anjeun hoyong nampi #NebDems News ngalangkungan email, wartoskeun ka kami ku ngirim catetan ka:\u00a0<a href=\"mailto:info@nebraskademocrats.org\"><strong>info@nebraskademocrats.org<\/strong><\/a><\/p>\n<p style=\"text-align: center;\">###<strong><br \/>\n<\/strong><strong><br \/>\n<\/strong><strong>Tanggal penting<\/strong><strong><br \/>\n<\/strong><\/p>\n<p><strong>22 Agustus:\u00a0<\/strong><a href=\"https:\/\/www.facebook.com\/events\/573267557187452\/?ref=newsfeed\">Cori Villegas pikeun kickoff kampanye l\u00e9gislatif<\/a><\/p>\n<p><strong>22 Agustus:\u00a0<\/strong><a href=\"https:\/\/www.mobilize.us\/nebdems\/event\/396886\/\">Acara NDP Burgers and Beer di Ft. Calhoun<\/a><\/p>\n<p><strong>26 Agustus:\u00a0<\/strong><a href=\"https:\/\/www.facebook.com\/events\/278193520781112\">Machaela Cavanaugh pikeun kickoff kampanye l\u00e9gislatif<\/a><\/p>\n<p><strong>1 S\u00e9pt\u00e9mber:\u00a0<\/strong><a href=\"https:\/\/docs.google.com\/forms\/d\/1zObT0X_3fS0urSD_x3heG84WBE7PZGQbQBFjgCf7eDM\/edit?ts=60f7444a\">Bates waktos pikeun ngirim nominasi pikeun NDP Morrison-Exon Awards<\/a><\/p>\n<p><strong>13 S\u00e9pt\u00e9mber<\/strong>:\u00a0<a href=\"https:\/\/nebraskalegislature.gov\/\">Sesi l\u00e9gislatif khusus ngeunaan redistricting<\/a><\/p>\n<p><strong>14 S\u00e9pt\u00e9mber:<\/strong>\u00a0<a href=\"https:\/\/secure.actblue.com\/donate\/salute2021\">Salam ka S\u00e9nator Nagara<\/a><\/p>\n<p><strong>26 S\u00e9pt\u00e9mber:\u00a0<\/strong><a href=\"https:\/\/www.mobilize.us\/nebdems\/event\/403695\/\">Pelatihan Kampanye: Kekalahan Logis<\/a><\/p>\n<p><strong>3 Oktober<\/strong>.\u00a0<a href=\"https:\/\/nebraskadem.wpenginepowered.com\/sccminutes\/\">Rapat SCC<\/a><\/p>\n<p><strong>6 Nov<\/strong>:\u00a0<a href=\"https:\/\/secure.actblue.com\/donate\/2021ndpme\">Acara Morrison-Exon<\/a><\/p>","protected":false},"excerpt":{"rendered":"<p>Now\u00a0that\u00a0Texas\u00a0Gov.\u00a0Greg\u00a0Abbott &#8212; who has ardently opposed masks and vaccine mandates to stem the pandemic &#8212;\u00a0has tested positive for COVID, it\u2019s time to turn our attention to one of his understudies, Nebraska\u2019s own Gov. Pete Ricketts, who similarly seems to be doing all he can to NOT keep Nebraskans safe &#8212; and alive. Aside from fighting &#8230; <a title=\"Pandemic Pete and more &#8212; #NebDems News\" class=\"read-more\" href=\"https:\/\/nebraskademocrats.org\/su\/blog\/pandemic-pete-and-more-nebdems-news\/\" aria-label=\"More on Pandemic Pete and more &#8212; #NebDems News\">Maca deui<\/a><\/p>","protected":false},"author":19,"featured_media":0,"comment_status":"closed","ping_status":"closed","sticky":false,"template":"","format":"standard","meta":{"_acf_changed":false,"_exactmetrics_skip_tracking":false,"_exactmetrics_sitenote_active":false,"_exactmetrics_sitenote_note":"","_exactmetrics_sitenote_category":0,"footnotes":""},"categories":[1],"tags":[],"class_list":["post-34139","post","type-post","status-publish","format-standard","hentry","category-blog"],"acf":[],"yoast_head":"<!-- This site is optimized with the Yoast SEO plugin v27.4 - https:\/\/yoast.com\/product\/yoast-seo-wordpress\/ -->\n<title>Pandemic Pete and more -- #NebDems News &#8211; Nebraska Democratic Party<\/title>\n<meta name=\"robots\" content=\"index, follow, max-snippet:-1, max-image-preview:large, max-video-preview:-1\" \/>\n<link rel=\"canonical\" href=\"https:\/\/nebraskademocrats.org\/su\/blog\/pandemic-pete-and-more-nebdems-news\/\" \/>\n<meta property=\"og:locale\" content=\"en_US\" \/>\n<meta property=\"og:type\" content=\"article\" \/>\n<meta property=\"og:title\" content=\"Pandemic Pete and more -- #NebDems News &#8211; Nebraska Democratic Party\" \/>\n<meta property=\"og:description\" content=\"Now\u00a0that\u00a0Texas\u00a0Gov.\u00a0Greg\u00a0Abbott &#8212; who has ardently opposed masks and vaccine mandates to stem the pandemic &#8212;\u00a0has tested positive for COVID, it\u2019s time to turn our attention to one of his understudies, Nebraska\u2019s own Gov. Pete Ricketts, who similarly seems to be doing all he can to NOT keep Nebraskans safe &#8212; and alive. Aside from fighting ... Read more\" \/>\n<meta property=\"og:url\" content=\"https:\/\/nebraskademocrats.org\/su\/blog\/pandemic-pete-and-more-nebdems-news\/\" \/>\n<meta property=\"og:site_name\" content=\"Nebraska Democratic Party\" \/>\n<meta property=\"article:publisher\" content=\"https:\/\/www.facebook.com\/NebraskaDemocraticParty\/\" \/>\n<meta property=\"article:published_time\" content=\"2021-08-20T12:46:19+00:00\" \/>\n<meta property=\"og:image\" content=\"https:\/\/nebraskadem.wpenginepowered.com\/wp-content\/uploads\/2018\/12\/NebDems-News-4-1024x569.png\" \/>\n<meta name=\"author\" content=\"Precious McKesson\" \/>\n<meta name=\"twitter:card\" content=\"summary_large_image\" \/>\n<meta name=\"twitter:creator\" content=\"@nebraskadems\" \/>\n<meta name=\"twitter:site\" content=\"@nebraskadems\" \/>\n<meta name=\"twitter:label1\" content=\"Written by\" \/>\n\t<meta name=\"twitter:data1\" content=\"Precious McKesson\" \/>\n\t<meta name=\"twitter:label2\" content=\"Est. reading time\" \/>\n\t<meta name=\"twitter:data2\" content=\"7 minutes\" \/>\n<script type=\"application\/ld+json\" class=\"yoast-schema-graph\">{\"@context\":\"https:\\\/\\\/schema.org\",\"@graph\":[{\"@type\":\"Article\",\"@id\":\"https:\\\/\\\/nebraskademocrats.org\\\/ar\\\/blog\\\/pandemic-pete-and-more-nebdems-news\\\/#article\",\"isPartOf\":{\"@id\":\"https:\\\/\\\/nebraskademocrats.org\\\/ar\\\/blog\\\/pandemic-pete-and-more-nebdems-news\\\/\"},\"author\":{\"name\":\"Precious McKesson\",\"@id\":\"https:\\\/\\\/nebraskademocrats.org\\\/#\\\/schema\\\/person\\\/33e011ea0795f404810dc40828bcf289\"},\"headline\":\"Pandemic Pete and more &#8212; #NebDems News\",\"datePublished\":\"2021-08-20T12:46:19+00:00\",\"mainEntityOfPage\":{\"@id\":\"https:\\\/\\\/nebraskademocrats.org\\\/ar\\\/blog\\\/pandemic-pete-and-more-nebdems-news\\\/\"},\"wordCount\":880,\"publisher\":{\"@id\":\"https:\\\/\\\/nebraskademocrats.org\\\/#organization\"},\"image\":{\"@id\":\"https:\\\/\\\/nebraskademocrats.org\\\/ar\\\/blog\\\/pandemic-pete-and-more-nebdems-news\\\/#primaryimage\"},\"thumbnailUrl\":\"https:\\\/\\\/nebraskadem.wpenginepowered.com\\\/wp-content\\\/uploads\\\/2018\\\/12\\\/NebDems-News-4-1024x569.png\",\"articleSection\":[\"NDP Blog\"],\"inLanguage\":\"su\"},{\"@type\":\"WebPage\",\"@id\":\"https:\\\/\\\/nebraskademocrats.org\\\/ar\\\/blog\\\/pandemic-pete-and-more-nebdems-news\\\/\",\"url\":\"https:\\\/\\\/nebraskademocrats.org\\\/ar\\\/blog\\\/pandemic-pete-and-more-nebdems-news\\\/\",\"name\":\"Pandemic Pete and more -- #NebDems News &#8211; Nebraska Democratic Party\",\"isPartOf\":{\"@id\":\"https:\\\/\\\/nebraskademocrats.org\\\/#website\"},\"primaryImageOfPage\":{\"@id\":\"https:\\\/\\\/nebraskademocrats.org\\\/ar\\\/blog\\\/pandemic-pete-and-more-nebdems-news\\\/#primaryimage\"},\"image\":{\"@id\":\"https:\\\/\\\/nebraskademocrats.org\\\/ar\\\/blog\\\/pandemic-pete-and-more-nebdems-news\\\/#primaryimage\"},\"thumbnailUrl\":\"https:\\\/\\\/nebraskadem.wpenginepowered.com\\\/wp-content\\\/uploads\\\/2018\\\/12\\\/NebDems-News-4-1024x569.png\",\"datePublished\":\"2021-08-20T12:46:19+00:00\",\"breadcrumb\":{\"@id\":\"https:\\\/\\\/nebraskademocrats.org\\\/ar\\\/blog\\\/pandemic-pete-and-more-nebdems-news\\\/#breadcrumb\"},\"inLanguage\":\"su\",\"potentialAction\":[{\"@type\":\"ReadAction\",\"target\":[\"https:\\\/\\\/nebraskademocrats.org\\\/ar\\\/blog\\\/pandemic-pete-and-more-nebdems-news\\\/\"]}]},{\"@type\":\"ImageObject\",\"inLanguage\":\"su\",\"@id\":\"https:\\\/\\\/nebraskademocrats.org\\\/ar\\\/blog\\\/pandemic-pete-and-more-nebdems-news\\\/#primaryimage\",\"url\":\"https:\\\/\\\/nebraskadem.wpenginepowered.com\\\/wp-content\\\/uploads\\\/2018\\\/12\\\/NebDems-News-4-1024x569.png\",\"contentUrl\":\"https:\\\/\\\/nebraskadem.wpenginepowered.com\\\/wp-content\\\/uploads\\\/2018\\\/12\\\/NebDems-News-4-1024x569.png\"},{\"@type\":\"BreadcrumbList\",\"@id\":\"https:\\\/\\\/nebraskademocrats.org\\\/ar\\\/blog\\\/pandemic-pete-and-more-nebdems-news\\\/#breadcrumb\",\"itemListElement\":[{\"@type\":\"ListItem\",\"position\":1,\"name\":\"Home\",\"item\":\"https:\\\/\\\/nebraskademocrats.org\\\/\"},{\"@type\":\"ListItem\",\"position\":2,\"name\":\"Pandemic Pete and more &#8212; #NebDems News\"}]},{\"@type\":\"WebSite\",\"@id\":\"https:\\\/\\\/nebraskademocrats.org\\\/#website\",\"url\":\"https:\\\/\\\/nebraskademocrats.org\\\/\",\"name\":\"Nebraska Democratic Party\",\"description\":\"Growing the Good Life for All Nebraskans\",\"publisher\":{\"@id\":\"https:\\\/\\\/nebraskademocrats.org\\\/#organization\"},\"potentialAction\":[{\"@type\":\"SearchAction\",\"target\":{\"@type\":\"EntryPoint\",\"urlTemplate\":\"https:\\\/\\\/nebraskademocrats.org\\\/?s={search_term_string}\"},\"query-input\":{\"@type\":\"PropertyValueSpecification\",\"valueRequired\":true,\"valueName\":\"search_term_string\"}}],\"inLanguage\":\"su\"},{\"@type\":\"Organization\",\"@id\":\"https:\\\/\\\/nebraskademocrats.org\\\/#organization\",\"name\":\"Nebraska Democratic Party\",\"url\":\"https:\\\/\\\/nebraskademocrats.org\\\/\",\"logo\":{\"@type\":\"ImageObject\",\"inLanguage\":\"su\",\"@id\":\"https:\\\/\\\/nebraskademocrats.org\\\/#\\\/schema\\\/logo\\\/image\\\/\",\"url\":\"https:\\\/\\\/nebraskadem.wpenginepowered.com\\\/wp-content\\\/uploads\\\/2016\\\/05\\\/NDP2.jpg\",\"contentUrl\":\"https:\\\/\\\/nebraskadem.wpenginepowered.com\\\/wp-content\\\/uploads\\\/2016\\\/05\\\/NDP2.jpg\",\"width\":1000,\"height\":396,\"caption\":\"Nebraska Democratic Party\"},\"image\":{\"@id\":\"https:\\\/\\\/nebraskademocrats.org\\\/#\\\/schema\\\/logo\\\/image\\\/\"},\"sameAs\":[\"https:\\\/\\\/www.facebook.com\\\/NebraskaDemocraticParty\\\/\",\"https:\\\/\\\/x.com\\\/nebraskadems\"]},{\"@type\":\"Person\",\"@id\":\"https:\\\/\\\/nebraskademocrats.org\\\/#\\\/schema\\\/person\\\/33e011ea0795f404810dc40828bcf289\",\"name\":\"Precious McKesson\",\"image\":{\"@type\":\"ImageObject\",\"inLanguage\":\"su\",\"@id\":\"https:\\\/\\\/secure.gravatar.com\\\/avatar\\\/35046e19b3373116ec64c07d386d3312028d3820dc0ffe65c344bcebc8ea9194?s=96&d=mm&r=g\",\"url\":\"https:\\\/\\\/secure.gravatar.com\\\/avatar\\\/35046e19b3373116ec64c07d386d3312028d3820dc0ffe65c344bcebc8ea9194?s=96&d=mm&r=g\",\"contentUrl\":\"https:\\\/\\\/secure.gravatar.com\\\/avatar\\\/35046e19b3373116ec64c07d386d3312028d3820dc0ffe65c344bcebc8ea9194?s=96&d=mm&r=g\",\"caption\":\"Precious McKesson\"}}]}<\/script>\n<!-- \/ Yoast SEO plugin. -->","yoast_head_json":{"title":"Pandemic Pete and more -- #NebDems News &#8211; Nebraska Democratic Party","robots":{"index":"index","follow":"follow","max-snippet":"max-snippet:-1","max-image-preview":"max-image-preview:large","max-video-preview":"max-video-preview:-1"},"canonical":"https:\/\/nebraskademocrats.org\/su\/blog\/pandemic-pete-and-more-nebdems-news\/","og_locale":"en_US","og_type":"article","og_title":"Pandemic Pete and more -- #NebDems News &#8211; Nebraska Democratic Party","og_description":"Now\u00a0that\u00a0Texas\u00a0Gov.\u00a0Greg\u00a0Abbott &#8212; who has ardently opposed masks and vaccine mandates to stem the pandemic &#8212;\u00a0has tested positive for COVID, it\u2019s time to turn our attention to one of his understudies, Nebraska\u2019s own Gov. Pete Ricketts, who similarly seems to be doing all he can to NOT keep Nebraskans safe &#8212; and alive. Aside from fighting ... Read more","og_url":"https:\/\/nebraskademocrats.org\/su\/blog\/pandemic-pete-and-more-nebdems-news\/","og_site_name":"Nebraska Democratic Party","article_publisher":"https:\/\/www.facebook.com\/NebraskaDemocraticParty\/","article_published_time":"2021-08-20T12:46:19+00:00","og_image":[{"url":"https:\/\/nebraskadem.wpenginepowered.com\/wp-content\/uploads\/2018\/12\/NebDems-News-4-1024x569.png","type":"","width":"","height":""}],"author":"Precious McKesson","twitter_card":"summary_large_image","twitter_creator":"@nebraskadems","twitter_site":"@nebraskadems","twitter_misc":{"Written by":"Precious McKesson","Est. reading time":"7 minutes"},"schema":{"@context":"https:\/\/schema.org","@graph":[{"@type":"Article","@id":"https:\/\/nebraskademocrats.org\/ar\/blog\/pandemic-pete-and-more-nebdems-news\/#article","isPartOf":{"@id":"https:\/\/nebraskademocrats.org\/ar\/blog\/pandemic-pete-and-more-nebdems-news\/"},"author":{"name":"Precious McKesson","@id":"https:\/\/nebraskademocrats.org\/#\/schema\/person\/33e011ea0795f404810dc40828bcf289"},"headline":"Pandemic Pete and more &#8212; #NebDems News","datePublished":"2021-08-20T12:46:19+00:00","mainEntityOfPage":{"@id":"https:\/\/nebraskademocrats.org\/ar\/blog\/pandemic-pete-and-more-nebdems-news\/"},"wordCount":880,"publisher":{"@id":"https:\/\/nebraskademocrats.org\/#organization"},"image":{"@id":"https:\/\/nebraskademocrats.org\/ar\/blog\/pandemic-pete-and-more-nebdems-news\/#primaryimage"},"thumbnailUrl":"https:\/\/nebraskadem.wpenginepowered.com\/wp-content\/uploads\/2018\/12\/NebDems-News-4-1024x569.png","articleSection":["NDP Blog"],"inLanguage":"su"},{"@type":"WebPage","@id":"https:\/\/nebraskademocrats.org\/ar\/blog\/pandemic-pete-and-more-nebdems-news\/","url":"https:\/\/nebraskademocrats.org\/ar\/blog\/pandemic-pete-and-more-nebdems-news\/","name":"Pandemic Pete and more -- #NebDems News &#8211; Nebraska Democratic Party","isPartOf":{"@id":"https:\/\/nebraskademocrats.org\/#website"},"primaryImageOfPage":{"@id":"https:\/\/nebraskademocrats.org\/ar\/blog\/pandemic-pete-and-more-nebdems-news\/#primaryimage"},"image":{"@id":"https:\/\/nebraskademocrats.org\/ar\/blog\/pandemic-pete-and-more-nebdems-news\/#primaryimage"},"thumbnailUrl":"https:\/\/nebraskadem.wpenginepowered.com\/wp-content\/uploads\/2018\/12\/NebDems-News-4-1024x569.png","datePublished":"2021-08-20T12:46:19+00:00","breadcrumb":{"@id":"https:\/\/nebraskademocrats.org\/ar\/blog\/pandemic-pete-and-more-nebdems-news\/#breadcrumb"},"inLanguage":"su","potentialAction":[{"@type":"ReadAction","target":["https:\/\/nebraskademocrats.org\/ar\/blog\/pandemic-pete-and-more-nebdems-news\/"]}]},{"@type":"ImageObject","inLanguage":"su","@id":"https:\/\/nebraskademocrats.org\/ar\/blog\/pandemic-pete-and-more-nebdems-news\/#primaryimage","url":"https:\/\/nebraskadem.wpenginepowered.com\/wp-content\/uploads\/2018\/12\/NebDems-News-4-1024x569.png","contentUrl":"https:\/\/nebraskadem.wpenginepowered.com\/wp-content\/uploads\/2018\/12\/NebDems-News-4-1024x569.png"},{"@type":"BreadcrumbList","@id":"https:\/\/nebraskademocrats.org\/ar\/blog\/pandemic-pete-and-more-nebdems-news\/#breadcrumb","itemListElement":[{"@type":"ListItem","position":1,"name":"Home","item":"https:\/\/nebraskademocrats.org\/"},{"@type":"ListItem","position":2,"name":"Pandemic Pete and more &#8212; #NebDems News"}]},{"@type":"WebSite","@id":"https:\/\/nebraskademocrats.org\/#website","url":"https:\/\/nebraskademocrats.org\/","name":"Nebraska Democratic Party","description":"Tumuwuh Kahirupan Anu Sa\u00e9 pikeun Sadayana Nebraskan","publisher":{"@id":"https:\/\/nebraskademocrats.org\/#organization"},"potentialAction":[{"@type":"SearchAction","target":{"@type":"EntryPoint","urlTemplate":"https:\/\/nebraskademocrats.org\/?s={search_term_string}"},"query-input":{"@type":"PropertyValueSpecification","valueRequired":true,"valueName":"search_term_string"}}],"inLanguage":"su"},{"@type":"Organization","@id":"https:\/\/nebraskademocrats.org\/#organization","name":"Nebraska Democratic Party","url":"https:\/\/nebraskademocrats.org\/","logo":{"@type":"ImageObject","inLanguage":"su","@id":"https:\/\/nebraskademocrats.org\/#\/schema\/logo\/image\/","url":"https:\/\/nebraskadem.wpenginepowered.com\/wp-content\/uploads\/2016\/05\/NDP2.jpg","contentUrl":"https:\/\/nebraskadem.wpenginepowered.com\/wp-content\/uploads\/2016\/05\/NDP2.jpg","width":1000,"height":396,"caption":"Nebraska Democratic Party"},"image":{"@id":"https:\/\/nebraskademocrats.org\/#\/schema\/logo\/image\/"},"sameAs":["https:\/\/www.facebook.com\/NebraskaDemocraticParty\/","https:\/\/x.com\/nebraskadems"]},{"@type":"Person","@id":"https:\/\/nebraskademocrats.org\/#\/schema\/person\/33e011ea0795f404810dc40828bcf289","name":"McKesson mulia","image":{"@type":"ImageObject","inLanguage":"su","@id":"https:\/\/secure.gravatar.com\/avatar\/35046e19b3373116ec64c07d386d3312028d3820dc0ffe65c344bcebc8ea9194?s=96&d=mm&r=g","url":"https:\/\/secure.gravatar.com\/avatar\/35046e19b3373116ec64c07d386d3312028d3820dc0ffe65c344bcebc8ea9194?s=96&d=mm&r=g","contentUrl":"https:\/\/secure.gravatar.com\/avatar\/35046e19b3373116ec64c07d386d3312028d3820dc0ffe65c344bcebc8ea9194?s=96&d=mm&r=g","caption":"Precious McKesson"}}]}},"_links":{"self":[{"href":"https:\/\/nebraskademocrats.org\/su\/wp-json\/wp\/v2\/posts\/34139","targetHints":{"allow":["GET"]}}],"collection":[{"href":"https:\/\/nebraskademocrats.org\/su\/wp-json\/wp\/v2\/posts"}],"about":[{"href":"https:\/\/nebraskademocrats.org\/su\/wp-json\/wp\/v2\/types\/post"}],"author":[{"embeddable":true,"href":"https:\/\/nebraskademocrats.org\/su\/wp-json\/wp\/v2\/users\/19"}],"replies":[{"embeddable":true,"href":"https:\/\/nebraskademocrats.org\/su\/wp-json\/wp\/v2\/comments?post=34139"}],"version-history":[{"count":0,"href":"https:\/\/nebraskademocrats.org\/su\/wp-json\/wp\/v2\/posts\/34139\/revisions"}],"wp:attachment":[{"href":"https:\/\/nebraskademocrats.org\/su\/wp-json\/wp\/v2\/media?parent=34139"}],"wp:term":[{"taxonomy":"category","embeddable":true,"href":"https:\/\/nebraskademocrats.org\/su\/wp-json\/wp\/v2\/categories?post=34139"},{"taxonomy":"post_tag","embeddable":true,"href":"https:\/\/nebraskademocrats.org\/su\/wp-json\/wp\/v2\/tags?post=34139"}],"curies":[{"name":"wp","href":"https:\/\/api.w.org\/{rel}","templated":true}]}}