{"id":34167,"date":"2021-08-27T14:36:08","date_gmt":"2021-08-27T19:36:08","guid":{"rendered":"https:\/\/nebraskadem.wpenginepowered.com\/?p=34167"},"modified":"2021-08-27T14:42:37","modified_gmt":"2021-08-27T19:42:37","slug":"reckless-ricketts-and-more-nebdems-news","status":"publish","type":"post","link":"https:\/\/nebraskademocrats.org\/su\/blog\/reckless-ricketts-and-more-nebdems-news\/","title":{"rendered":"Ricketts gagabah sareng seueur deui - #NebDems News"},"content":{"rendered":"<p><img decoding=\"async\" class=\"aligncenter\" title=\"\" src=\"https:\/\/can2-prod.s3.amazonaws.com\/uploads\/data\/000\/573\/042\/original\/NebDems_News_4.png\" alt=\"\" width=\"450\" align=\"center\" \/><\/p>\n<p>Gubernur Pete Ricketts teras-terasan gaduh kaayaan dina kam\u00e9ra kalayan kamampuan sareng kamampuan lalaki nalika ngeunaan kas\u00e9hatan masarakat nalika pandemi.<\/p>\n<p>Ngan minggu ayeuna ieu, Departemen Kas\u00e9hatan sareng Jasa Manusa Nebraska, anu dikawasa Ricketts,\u00a0<a href=\"https:\/\/omaha.com\/news\/local\/state-of-nebraska-rejects-douglas-countys-request-to-order-a-mask-mandate\/article_5972c2be-0457-11ec-95f9-279d29d6f2d7.html#tracking-source=home-top-story\">nampik pam\u00e9nta<\/a>\u00a0ku Douglas County - nagara anu paling pendudukna - ngalaksanakeun mandat top\u00e9ng dina nyanghareupan kasus COVID anu melonjak sareng sajumlah ranjang ICU anu sayogi gancang. Dir\u00e9ktur Kas\u00e9hatan Umum HHS, Gary Anthone nyatakeun ag\u00e9nsiana kedah nyaimbangkeun manpaat pikeun masarakat ku &quot;kab\u00e9basan individu.&quot;<\/p>\n<p>Tarjamahan: &quot;Upami kuring henteu nolak pam\u00e9nta \u00e9ta, gubernur bakal mecat kuring.&quot;<\/p>\n<p>Tapi pi\u00e9ce de r\u00e9sistansi Ricketts &#039;teu malire ngawaskeun kas\u00e9hatan - sareng kahirupan - Nebraskans nya\u00e9ta kanyataan y\u00e9n nagara \u00e9ta mimiti ngajalankeun iklan anu ngadesek perawat anu henteu divaksinasi pikeun ngalamar padamelan di bumi veteran nagara \u00e9ta sareng fasilitas san\u00e9sna.<\/p>\n<p>Ieu sadayana turun salaku rumah sakit di sakumna nagara - sareng sababaraha instansi pamar\u00e9ntah - anu meryogikeun padamel pikeun diinokulasi ngalawan coronavirus upami aranjeunna hoyong tetep padamelan.<\/p>\n<p>Sen\u00e9n Carol Darah Negara, saatos dikontak ngeunaan iklan ku pagaw\u00e9 Podomoro prihatin, mar\u00e9ntahkeun y\u00e9n Ricketts ngajelaskeun naha anggota staf anu henteu divaksinasi direkrut pikeun fasilitas veteran anu dikelola ku nagara,\u00a0<a href=\"https:\/\/www.washingtonpost.com\/nation\/2021\/08\/25\/nebraska-nurses-no-covid-vaccination\/?fbclid=IwAR3YGL54A3dxt_FHvlqVnQTHgLEkb8w1qltus22ALSnJU4150_CTrWWN9NI\">sakumaha dilaporkeun Washington Post.<\/a><\/p>\n<p>&quot;Penting pikeun pamimpin nagara ngahargaan \u00e9lmu,&quot; saur Getih. \u201cIeu t\u00e9h tamparan. Kami tiasa ngalakukeun anu langkung sa\u00e9 pikeun para veteran. &quot;<\/p>\n<p>Henteu, sigana bakal aya dina Kaayaan Kasalahan Ricketts &#039;.<\/p>\n<p><img decoding=\"async\" class=\"aligncenter\" title=\"\" src=\"https:\/\/lh6.googleusercontent.com\/IEgnSkfCVtEIU7kdlinXHhfT-0Q50_fIJg4ITN0J0sHxAX5aYNybZSKz9XiB602EyGV7s6Ww3N5cNYtkDBOCs7mLweRoxA0d55O7J2COmcWlT2_sAx8YP_GcpoP4TVv5l_-7PKGw=s0\" alt=\"\" width=\"450\" align=\"center\" \/><\/p>\n<p style=\"text-align: center;\">***<\/p>\n<p>Bates waktos kanggo nominasi penghargaan pikeun acara Morrison-Exon urang kirang ti saminggu deui!\u00a0<strong>1 S\u00e9pt\u00e9mber jam 5.pm CT.<\/strong><\/p>\n<p><a href=\"https:\/\/docs.google.com\/forms\/d\/1zObT0X_3fS0urSD_x3heG84WBE7PZGQbQBFjgCf7eDM\/edit?ts=60f7444a\"><strong>Kirimkeun nominasi di dieu.<\/strong><\/a><\/p>\n<p>Makan malam Morrison-Exon, anu mangrupikeun acara penggalangan dana taunan kami, nya\u00e9ta nalika urang ngagungkeun sukarelawan sareng pamimpin partai anu ngawangun sareng mekarkeun Nebraska Democratic Party.<\/p>\n<p>Tapi kusabab varian Delta na\u00e9k na kusabab Gubernur Ricketts parantos ngajelaskeun y\u00e9n anjeunna moal nuturkeun pedoman CDC - upami aranjeunna nyarankeun henteu aya deui pakumpulan langkung ti 100, sareng sajabana - Komite Pusat Nagara nemb\u00e9 milih\u00a0<strong><em>Rapat SCC terakhir pikeun 2021 (dina 3 Oktober) sareng acara ME 2021 (6 Nov) acara online.<\/em><\/strong><\/p>\n<p><a href=\"https:\/\/secure.actblue.com\/donate\/2021ndpme\"><strong>K\u00e9ngingkeun tiket ka acara Morrison-Exon di dieu.<\/strong><\/a><\/p>\n<figure><img decoding=\"async\" class=\"aligncenter\" title=\"\" src=\"https:\/\/lh4.googleusercontent.com\/9YxQrHp_vURIzJd56aRleBCFCidio-wAsmRAebZqq0Ehcc4j5olg9xGeBXMfl-_RXa3uxGEgc5SI_h6xkouLzPqkMjzd97QYbDDixd-FAmmh1V5ZVUPo44SwJ95uLcsxrjU846YN=s0\" alt=\"\" width=\"450\" align=\"center\" \/><\/figure>\n<p style=\"text-align: center;\">***<\/p>\n<p>Upami anjeun ngiringan Pameran Nagara Nebraska, anu dimimitian dinten ayeuna dugi ka 6 S\u00e9pt\u00e9mber di Grand Island, punten mampir ka NDP Booth di Pusat Pameran Pinnacle Bank, Booth L102!<\/p>\n<p>Upami anjeun henteu tiasa, mangga penc\u00e9t dina tautan di handap pikeun nyandak survey pamilih kami, ngadaptar pikeun milih atanapi ngadatangan carita online NDP!<\/p>\n<p><a href=\"https:\/\/forms.gle\/idVWD7FbJBQQWJtJ9\"><img decoding=\"async\" class=\"aligncenter\" title=\"\" src=\"https:\/\/nebraskadem.wpenginepowered.com\/wp-content\/uploads\/2021\/08\/Take-Our-Summer-Issues-Survey-1024x341.png\" alt=\"\" width=\"450\" align=\"center\" \/><\/a><\/p>\n<p>&nbsp;<\/p>\n<p><a href=\"https:\/\/iwillvote.com\/NE\"><img decoding=\"async\" class=\"aligncenter\" title=\"\" src=\"https:\/\/nebraskadem.wpenginepowered.com\/wp-content\/uploads\/2019\/08\/Button-2-300x100.png\" alt=\"\" width=\"450\" align=\"center\" \/><\/a><\/p>\n<p>&nbsp;<\/p>\n<p><a href=\"https:\/\/shirts101.store\/nebraska_democrats\/shop\/home\"><img decoding=\"async\" class=\"aligncenter\" title=\"\" src=\"https:\/\/nebraskadem.wpenginepowered.com\/wp-content\/uploads\/2019\/08\/Button-3-300x100.png\" alt=\"\" width=\"450\" align=\"center\" \/><\/a><\/p>\n<p>&nbsp;<\/p>\n<p><img decoding=\"async\" class=\"aligncenter\" title=\"\" src=\"https:\/\/lh5.googleusercontent.com\/Ek5_AIcukIYh2FRRrCUzgx9i1rCUJ9FH3t7-QIbChiLMqvNXIw9W2CJ-TiPeBnvMWE6cpy202QGXbD2uEaJ2Gvg8vqvwmuIThAwbBIuep4pI3Th-D_RF0eUWRIdlxMv-pPeOocDJ=s0\" alt=\"\" width=\"450\" align=\"center\" \/><\/p>\n<p style=\"text-align: center;\">***<\/p>\n<p>Simpen tanggal pikeun Salam taunan kami ka S\u00e9nator, anu bakal dilaksanakeun di luar di Kebon Binatang Lincoln Children on\u00a0<strong>14 S\u00e9pt\u00e9mber.<\/strong><\/p>\n<p><a href=\"https:\/\/secure.actblue.com\/donate\/salute2021\"><strong>K\u00e9ngingkeun tik\u00e9t sareng tabel ayeuna!<\/strong><\/a><\/p>\n<figure><img decoding=\"async\" class=\"aligncenter\" title=\"\" src=\"https:\/\/lh4.googleusercontent.com\/YVapA4KBw7eS6iAThcIO8Wx6O8QwzM8BFrVA45fd5ji8cWCewregsuFjj92eiSEZsZlBfaVRPk4iuDIO0uaZNGQkUasN5dNaC59uUWzYTjuVsK0ZRJ7k54biwnCmhwzMOdtQMfEi=s0\" alt=\"\" width=\"450\" align=\"center\" \/><\/figure>\n<p style=\"text-align: center;\">***<\/p>\n<p>Gabung sareng kami dina Zum<strong>\u00a012 S\u00e9pt\u00e9mber\u00a0<\/strong>pikeun latihan Blok Kapt\u00e9n anu had\u00e9!\u00a0<a href=\"https:\/\/www.mobilize.us\/nebdems\/event\/398671\/\"><strong>Daptar didieu.<\/strong><\/a><\/p>\n<p>Sareng\u00a0<a href=\"https:\/\/nebraskadem.wpenginepowered.com\/become-a-block-captain\/\"><strong>klik di dieu<\/strong><\/a><strong>\u00a0<\/strong>pikeun milarian terang ngeunaan program Blok Kapt\u00e9n.<\/p>\n<p style=\"text-align: center;\"><img decoding=\"async\" class=\"aligncenter\" title=\"\" src=\"https:\/\/lh5.googleusercontent.com\/vYl5ypW5tEa2es-cDBB4W4841luoNEtleV5TWr93VT3n4vR-bhdsVhNfmAGdZuSz6okg_AqVht_zaog_6Be0MyYLYD9bpIrU0VdVuHuRMA21wzhaabEvB0HmMEBdZ5XIQG-ET8Nv=s0\" alt=\"\" width=\"400\" align=\"center\" \/><br \/>\n<strong>***<\/strong><\/p>\n<p>NDP parantos ngaluncurkeun proyek Kantor Seluler anu dirancang pikeun ngabantosan part\u00e9y urang langkung sa\u00e9 komunikasi sareng sareng ngalayanan komunitas urang di saluruh nagara.<\/p>\n<p>Kantor Mobile bakal ngijinkeun kami pikeun nyayogikeun pihak-pihak lokal urang ku kit anu komprehensif sareng prop\u00e9sional anu tiasa dianggo pikeun pameran, parada, drive pendaptaran pamilih sareng seueur deui.<\/p>\n<p>Aranjeunna sayogi pikeun parpol kabupaten, kaukus afiliasi sareng d\u00e9wan kawijakan sareng operasional D\u00e9mokratik san\u00e9sna.<\/p>\n<p>Salaku inisiatif akar rumput, proy\u00e9k ngagantungkeun kana kapamimpinan sareng partisipasi pamimpin lokal. Anu milari pamundut ka Kantor Mobile kedah siap-siap balikkeun kantor atanapi ngabantosan nganteurkeunana ka lokasi salajengna.<\/p>\n<p>Unggal Kantor Seluler ngandung tenda kanopi kanggo panggunaan luar ruangan, spanduk parade, m\u00e9ja, kumpulan pustaka anu komprehensif, rupa-rupa barang-barang dasar panutup, alat pertolongan pertama sareng kompon\u00e9n tampilan opsional nalika dip\u00e9nta.<\/p>\n<p><a href=\"https:\/\/docs.google.com\/forms\/d\/e\/1FAIpQLSfb2cJaDgZpgkmDj09RRHhDznOK0ynjKdL5tMrDccezGO3aLA\/viewform\"><strong>Eusian formulir pamundut Kantor Mobile NDP!<\/strong><\/a><\/p>\n<p><a href=\"https:\/\/nebraskadem.wpenginepowered.com\/ndp-rural-outreach\/\"><strong>Tingali halaman Rural Outreach kami.<\/strong><\/a><\/p>\n<p><img decoding=\"async\" class=\"aligncenter\" title=\"\" src=\"https:\/\/lh4.googleusercontent.com\/5jzmhfPSFO-ph-V4pGh01Hib19nukUZApcarmk77uI0ITTdAl1TlzbHPE0aygbAIVrjgq-tUakzuoVN4yRfpBYoddPzny6DVlhchb3da-0161y4jStUSFs3DMBiF2nD-Ol5O3nxy=s0\" alt=\"\" width=\"400\" align=\"center\" \/><\/p>\n<p style=\"text-align: center;\">***<\/p>\n<p>Rangkaian latihan urang pikeun kampanye, dipimpin ku S\u00e9n Carol Blood, teraskeun.<\/p>\n<p><a href=\"https:\/\/www.mobilize.us\/nebdems\/event\/403695\/\"><strong>Daptar<\/strong><\/a><strong>\u00a0f<\/strong>atanapi s\u00e9si salajengna dina S\u00e9pt\u00e9mber 26: Fallicies Logis - Kumaha pernyataan palsu dipak\u00e9 pikeun distorsi masalah dina debat politik sareng kampanye.<\/p>\n<figure><img decoding=\"async\" class=\"aligncenter\" title=\"\" src=\"https:\/\/lh4.googleusercontent.com\/L2QDbrh_K9wH-tyjxClHtEFNoUnFZwCOB_KWEQS7TWn8AN9quNg3xrm5LMXhMFjcGCej6v--1PkCcH9dlxGfg0tkysBFvZ3cIWZQt9mnrNtW_iilYcb92yK1w4SoXNhLEHAWwlt2=s0\" alt=\"\" width=\"400\" align=\"center\" \/><\/figure>\n<p style=\"text-align: center;\">***<\/p>\n<p><a href=\"https:\/\/secure.actblue.com\/donate\/ndptrivianight2021\"><strong>Gabung sareng NDP pikeun wengi anu senang sareng trivia!<\/strong><\/a>\u00a0Lima puteran patarosan trivia mimitian ti politik ayeuna, politik jaman baheula, riwayat Nebraska sareng seueur deui. Candak tim anjeun genep, atanapi upami anjeun solo, kami bakal cocog anjeun sareng pama\u00e9n solo anu san\u00e9s.<\/p>\n<p><strong>7 Nov 2021:<\/strong>\u00a06:30 sonten dugi ka 8:30 pm CT. Ngalangkungan Zum<\/p>\n<p><img decoding=\"async\" class=\"aligncenter\" title=\"\" src=\"https:\/\/lh6.googleusercontent.com\/VhtrquEKym5wI02SRrks4xNjo0egWYwmSF1tGwfECldCL1-Fjaez8whE0zo0K_o9-2caaHTpyk4484EtckkXPRZtbpdvMIsop5lNSIJIv3rEEZAtQ85BnLSJm7bcFW0g6BnQY5M-=s0\" alt=\"\" width=\"400\" align=\"center\" \/><\/p>\n<p style=\"text-align: center;\">***<\/p>\n<p>Bantosan ngawangun NDP sareng janten\u00a0<a href=\"https:\/\/secure.actblue.com\/donate\/blueneb?fbclid=IwAR22ngzk6ODmk6uB8vMd9D8QAmNbQ9jsennoQsUgH-kCnEMhG8hxgJZLHY8\"><strong>Donor Bulanan!<\/strong><\/a><\/p>\n<p>Sakitar 550 Demokrat lumpat dina balapan ngalangkungan Nebraska di 2020 sareng ngagaduhan tingkat menang 71 pers\u00e9n. Seueur jasa anu kami tawarkeun ka para calon \u00e9ta didukung ku Donor Bulanan urang.<\/p>\n<p style=\"text-align: center;\"><img decoding=\"async\" class=\"aligncenter\" title=\"\" src=\"https:\/\/lh5.googleusercontent.com\/EeJunDd7fYKK4sqVrpESj8yjTtKFOY4X_okN_CK1JSvfoBsoZYaW3NXaIaqaeRZYOf2C2Z6Zv58ca4DiWT4HRtrQgntLfUbhyG7eWKJaTW18dqFy3r1US31Q_1EZV902OrTxFsZL=s0\" alt=\"\" width=\"400\" align=\"center\" \/><br \/>\n***<\/p>\n<p>K\u00e9ngingkeun swalayan Biden sareng NDP anjeun di\u00a0<a href=\"https:\/\/shirts101.store\/nebraska_democrats\/shop\/home\"><strong>NDP \/ kaos 101 toko!<\/strong><\/a><\/p>\n<p>Toko ayeuna ngagaduhan sababaraha Jomaha \/ Blue Dot swag anu pikasieuneun!<\/p>\n<p>***<img decoding=\"async\" class=\"aligncenter\" title=\"\" src=\"https:\/\/lh4.googleusercontent.com\/pJDWozBw3KrCfunlAy9caJjvbb7cQ5G8bBuLRliUoKmpG_YqEmI-aONsZOyT9qNxzhn8XF1Ju9eWLQEQnbxl2JYS4IjwCNtxGPCZHVPKY7N04B9PkBwdbYTW5ZxGqj_AMsZKalsA=s0\" alt=\"\" width=\"400\" align=\"center\" \/><\/p>\n<p style=\"text-align: center;\">***<\/p>\n<p>Kami ngantunkeun anjeun minggu ieu ku Rendering ku\u00a0<strong>Mike Luckovich<\/strong>.<\/p>\n<p><img decoding=\"async\" class=\"aligncenter\" title=\"\" src=\"https:\/\/lh3.googleusercontent.com\/UMxKF_6R_KR141B8AIRaHHoyjCh_7y4NzIbpC_UhizW376QbgOXkBEcADOU3cI74L83qnZSGLX3S-nwwI1kINnWCUH3SM35HtV95ZkJhObftu3P63abLA-eM-N1lJQDicCKOvKZo=s0\" alt=\"\" width=\"650\" align=\"center\" \/><\/p>\n<p>\u2013Ku Kevin O&#039;Hanlon \/ Dir\u00e9ktur Komunikasi NDP<\/p>\n<p><strong>CATETAN:<\/strong>\u00a0Upami anjeun hoyong nampi #NebDems News ngalangkungan email, wartoskeun ka kami ku ngirim catetan ka:\u00a0<a href=\"mailto:info@nebraskademocrats.org\"><strong>info@nebraskademocrats.org<\/strong><\/a><\/p>\n<p>###<strong><br \/>\n<\/strong><strong><br \/>\n<\/strong><strong>Tanggal penting<\/strong><strong><br \/>\n<\/strong><\/p>\n<p><strong>1 S\u00e9pt\u00e9mber:\u00a0<\/strong><a href=\"https:\/\/docs.google.com\/forms\/d\/1zObT0X_3fS0urSD_x3heG84WBE7PZGQbQBFjgCf7eDM\/edit?ts=60f7444a\">Bates waktos pikeun ngirim nominasi pikeun NDP Morrison-Exon Awards<\/a><\/p>\n<p><strong>Septu 12:<\/strong>\u00a0<a href=\"https:\/\/www.mobilize.us\/nebdems\/event\/398671\/\">Latihan Juragan Blok<\/a><\/p>\n<p><strong>13 S\u00e9pt\u00e9mber<\/strong>:\u00a0<a href=\"https:\/\/nebraskalegislature.gov\/\">Sesi l\u00e9gislatif khusus ngeunaan redistricting<\/a><\/p>\n<p><strong>14 S\u00e9pt\u00e9mber:<\/strong>\u00a0<a href=\"https:\/\/secure.actblue.com\/donate\/salute2021\">Salam ka S\u00e9nator Nagara<\/a><\/p>\n<p><strong>26 S\u00e9pt\u00e9mber:\u00a0<\/strong><a href=\"https:\/\/www.mobilize.us\/nebdems\/event\/403695\/\">Pelatihan Kampanye: Kekalahan Logis<\/a><\/p>\n<p><strong>3 Oktober<\/strong>.\u00a0<a href=\"https:\/\/nebraskadem.wpenginepowered.com\/sccminutes\/\">Rapat SCC<\/a><\/p>\n<p><strong>6 Nov<\/strong>:\u00a0<a href=\"https:\/\/secure.actblue.com\/donate\/2021ndpme\">Acara Morrison-Exon<\/a><\/p>","protected":false},"excerpt":{"rendered":"<p>Gov. Pete Ricketts continues to have the state in a headlock with his incompetence and malevolence when it comes to public health during the pandemic. Just this week, the Nebraska Department of Health and Human Services, which Ricketts controls,\u00a0denied a request\u00a0by Douglas County &#8212; the state&#8217;s most populous &#8212; to implement a mask mandate in &#8230; <a title=\"Reckless Ricketts and more &#8212; #NebDems News\" class=\"read-more\" href=\"https:\/\/nebraskademocrats.org\/su\/blog\/reckless-ricketts-and-more-nebdems-news\/\" aria-label=\"More on Reckless Ricketts and more &#8212; #NebDems News\">Maca deui<\/a><\/p>","protected":false},"author":19,"featured_media":0,"comment_status":"closed","ping_status":"closed","sticky":false,"template":"","format":"standard","meta":{"_acf_changed":false,"_exactmetrics_skip_tracking":false,"_exactmetrics_sitenote_active":false,"_exactmetrics_sitenote_note":"","_exactmetrics_sitenote_category":0,"footnotes":""},"categories":[1],"tags":[],"class_list":["post-34167","post","type-post","status-publish","format-standard","hentry","category-blog"],"acf":[],"yoast_head":"<!-- This site is optimized with the Yoast SEO plugin v27.5 - https:\/\/yoast.com\/product\/yoast-seo-wordpress\/ -->\n<title>Reckless Ricketts and more -- #NebDems News &#8211; Nebraska Democratic Party<\/title>\n<meta name=\"robots\" content=\"index, follow, max-snippet:-1, max-image-preview:large, max-video-preview:-1\" \/>\n<link rel=\"canonical\" href=\"https:\/\/nebraskademocrats.org\/su\/blog\/reckless-ricketts-and-more-nebdems-news\/\" \/>\n<meta property=\"og:locale\" content=\"en_US\" \/>\n<meta property=\"og:type\" content=\"article\" \/>\n<meta property=\"og:title\" content=\"Reckless Ricketts and more -- #NebDems News &#8211; Nebraska Democratic Party\" \/>\n<meta property=\"og:description\" content=\"Gov. Pete Ricketts continues to have the state in a headlock with his incompetence and malevolence when it comes to public health during the pandemic. Just this week, the Nebraska Department of Health and Human Services, which Ricketts controls,\u00a0denied a request\u00a0by Douglas County &#8212; the state&#8217;s most populous &#8212; to implement a mask mandate in ... Read more\" \/>\n<meta property=\"og:url\" content=\"https:\/\/nebraskademocrats.org\/su\/blog\/reckless-ricketts-and-more-nebdems-news\/\" \/>\n<meta property=\"og:site_name\" content=\"Nebraska Democratic Party\" \/>\n<meta property=\"article:publisher\" content=\"https:\/\/www.facebook.com\/NebraskaDemocraticParty\/\" \/>\n<meta property=\"article:published_time\" content=\"2021-08-27T19:36:08+00:00\" \/>\n<meta property=\"article:modified_time\" content=\"2021-08-27T19:42:37+00:00\" \/>\n<meta property=\"og:image\" content=\"https:\/\/can2-prod.s3.amazonaws.com\/uploads\/data\/000\/573\/042\/original\/NebDems_News_4.png\" \/>\n<meta name=\"author\" content=\"Precious McKesson\" \/>\n<meta name=\"twitter:card\" content=\"summary_large_image\" \/>\n<meta name=\"twitter:creator\" content=\"@nebraskadems\" \/>\n<meta name=\"twitter:site\" content=\"@nebraskadems\" \/>\n<meta name=\"twitter:label1\" content=\"Written by\" \/>\n\t<meta name=\"twitter:data1\" content=\"Precious McKesson\" \/>\n\t<meta name=\"twitter:label2\" content=\"Est. reading time\" \/>\n\t<meta name=\"twitter:data2\" content=\"7 minutes\" \/>\n<script type=\"application\/ld+json\" class=\"yoast-schema-graph\">{\"@context\":\"https:\\\/\\\/schema.org\",\"@graph\":[{\"@type\":\"Article\",\"@id\":\"https:\\\/\\\/nebraskademocrats.org\\\/zh\\\/blog\\\/reckless-ricketts-and-more-nebdems-news\\\/#article\",\"isPartOf\":{\"@id\":\"https:\\\/\\\/nebraskademocrats.org\\\/zh\\\/blog\\\/reckless-ricketts-and-more-nebdems-news\\\/\"},\"author\":{\"name\":\"Precious McKesson\",\"@id\":\"https:\\\/\\\/nebraskademocrats.org\\\/#\\\/schema\\\/person\\\/33e011ea0795f404810dc40828bcf289\"},\"headline\":\"Reckless Ricketts and more &#8212; #NebDems News\",\"datePublished\":\"2021-08-27T19:36:08+00:00\",\"dateModified\":\"2021-08-27T19:42:37+00:00\",\"mainEntityOfPage\":{\"@id\":\"https:\\\/\\\/nebraskademocrats.org\\\/zh\\\/blog\\\/reckless-ricketts-and-more-nebdems-news\\\/\"},\"wordCount\":865,\"publisher\":{\"@id\":\"https:\\\/\\\/nebraskademocrats.org\\\/#organization\"},\"image\":{\"@id\":\"https:\\\/\\\/nebraskademocrats.org\\\/zh\\\/blog\\\/reckless-ricketts-and-more-nebdems-news\\\/#primaryimage\"},\"thumbnailUrl\":\"https:\\\/\\\/can2-prod.s3.amazonaws.com\\\/uploads\\\/data\\\/000\\\/573\\\/042\\\/original\\\/NebDems_News_4.png\",\"articleSection\":[\"NDP Blog\"],\"inLanguage\":\"su\"},{\"@type\":\"WebPage\",\"@id\":\"https:\\\/\\\/nebraskademocrats.org\\\/zh\\\/blog\\\/reckless-ricketts-and-more-nebdems-news\\\/\",\"url\":\"https:\\\/\\\/nebraskademocrats.org\\\/zh\\\/blog\\\/reckless-ricketts-and-more-nebdems-news\\\/\",\"name\":\"Reckless Ricketts and more -- #NebDems News &#8211; Nebraska Democratic Party\",\"isPartOf\":{\"@id\":\"https:\\\/\\\/nebraskademocrats.org\\\/#website\"},\"primaryImageOfPage\":{\"@id\":\"https:\\\/\\\/nebraskademocrats.org\\\/zh\\\/blog\\\/reckless-ricketts-and-more-nebdems-news\\\/#primaryimage\"},\"image\":{\"@id\":\"https:\\\/\\\/nebraskademocrats.org\\\/zh\\\/blog\\\/reckless-ricketts-and-more-nebdems-news\\\/#primaryimage\"},\"thumbnailUrl\":\"https:\\\/\\\/can2-prod.s3.amazonaws.com\\\/uploads\\\/data\\\/000\\\/573\\\/042\\\/original\\\/NebDems_News_4.png\",\"datePublished\":\"2021-08-27T19:36:08+00:00\",\"dateModified\":\"2021-08-27T19:42:37+00:00\",\"breadcrumb\":{\"@id\":\"https:\\\/\\\/nebraskademocrats.org\\\/zh\\\/blog\\\/reckless-ricketts-and-more-nebdems-news\\\/#breadcrumb\"},\"inLanguage\":\"su\",\"potentialAction\":[{\"@type\":\"ReadAction\",\"target\":[\"https:\\\/\\\/nebraskademocrats.org\\\/zh\\\/blog\\\/reckless-ricketts-and-more-nebdems-news\\\/\"]}]},{\"@type\":\"ImageObject\",\"inLanguage\":\"su\",\"@id\":\"https:\\\/\\\/nebraskademocrats.org\\\/zh\\\/blog\\\/reckless-ricketts-and-more-nebdems-news\\\/#primaryimage\",\"url\":\"https:\\\/\\\/can2-prod.s3.amazonaws.com\\\/uploads\\\/data\\\/000\\\/573\\\/042\\\/original\\\/NebDems_News_4.png\",\"contentUrl\":\"https:\\\/\\\/can2-prod.s3.amazonaws.com\\\/uploads\\\/data\\\/000\\\/573\\\/042\\\/original\\\/NebDems_News_4.png\"},{\"@type\":\"BreadcrumbList\",\"@id\":\"https:\\\/\\\/nebraskademocrats.org\\\/zh\\\/blog\\\/reckless-ricketts-and-more-nebdems-news\\\/#breadcrumb\",\"itemListElement\":[{\"@type\":\"ListItem\",\"position\":1,\"name\":\"Home\",\"item\":\"https:\\\/\\\/nebraskademocrats.org\\\/\"},{\"@type\":\"ListItem\",\"position\":2,\"name\":\"Reckless Ricketts and more &#8212; #NebDems News\"}]},{\"@type\":\"WebSite\",\"@id\":\"https:\\\/\\\/nebraskademocrats.org\\\/#website\",\"url\":\"https:\\\/\\\/nebraskademocrats.org\\\/\",\"name\":\"Nebraska Democratic Party\",\"description\":\"Growing the Good Life for All Nebraskans\",\"publisher\":{\"@id\":\"https:\\\/\\\/nebraskademocrats.org\\\/#organization\"},\"potentialAction\":[{\"@type\":\"SearchAction\",\"target\":{\"@type\":\"EntryPoint\",\"urlTemplate\":\"https:\\\/\\\/nebraskademocrats.org\\\/?s={search_term_string}\"},\"query-input\":{\"@type\":\"PropertyValueSpecification\",\"valueRequired\":true,\"valueName\":\"search_term_string\"}}],\"inLanguage\":\"su\"},{\"@type\":\"Organization\",\"@id\":\"https:\\\/\\\/nebraskademocrats.org\\\/#organization\",\"name\":\"Nebraska Democratic Party\",\"url\":\"https:\\\/\\\/nebraskademocrats.org\\\/\",\"logo\":{\"@type\":\"ImageObject\",\"inLanguage\":\"su\",\"@id\":\"https:\\\/\\\/nebraskademocrats.org\\\/#\\\/schema\\\/logo\\\/image\\\/\",\"url\":\"https:\\\/\\\/nebraskadem.wpenginepowered.com\\\/wp-content\\\/uploads\\\/2016\\\/05\\\/NDP2.jpg\",\"contentUrl\":\"https:\\\/\\\/nebraskadem.wpenginepowered.com\\\/wp-content\\\/uploads\\\/2016\\\/05\\\/NDP2.jpg\",\"width\":1000,\"height\":396,\"caption\":\"Nebraska Democratic Party\"},\"image\":{\"@id\":\"https:\\\/\\\/nebraskademocrats.org\\\/#\\\/schema\\\/logo\\\/image\\\/\"},\"sameAs\":[\"https:\\\/\\\/www.facebook.com\\\/NebraskaDemocraticParty\\\/\",\"https:\\\/\\\/x.com\\\/nebraskadems\"]},{\"@type\":\"Person\",\"@id\":\"https:\\\/\\\/nebraskademocrats.org\\\/#\\\/schema\\\/person\\\/33e011ea0795f404810dc40828bcf289\",\"name\":\"Precious McKesson\",\"image\":{\"@type\":\"ImageObject\",\"inLanguage\":\"su\",\"@id\":\"https:\\\/\\\/secure.gravatar.com\\\/avatar\\\/35046e19b3373116ec64c07d386d3312028d3820dc0ffe65c344bcebc8ea9194?s=96&d=mm&r=g\",\"url\":\"https:\\\/\\\/secure.gravatar.com\\\/avatar\\\/35046e19b3373116ec64c07d386d3312028d3820dc0ffe65c344bcebc8ea9194?s=96&d=mm&r=g\",\"contentUrl\":\"https:\\\/\\\/secure.gravatar.com\\\/avatar\\\/35046e19b3373116ec64c07d386d3312028d3820dc0ffe65c344bcebc8ea9194?s=96&d=mm&r=g\",\"caption\":\"Precious McKesson\"}}]}<\/script>\n<!-- \/ Yoast SEO plugin. -->","yoast_head_json":{"title":"Reckless Ricketts and more -- #NebDems News &#8211; Nebraska Democratic Party","robots":{"index":"index","follow":"follow","max-snippet":"max-snippet:-1","max-image-preview":"max-image-preview:large","max-video-preview":"max-video-preview:-1"},"canonical":"https:\/\/nebraskademocrats.org\/su\/blog\/reckless-ricketts-and-more-nebdems-news\/","og_locale":"en_US","og_type":"article","og_title":"Reckless Ricketts and more -- #NebDems News &#8211; Nebraska Democratic Party","og_description":"Gov. Pete Ricketts continues to have the state in a headlock with his incompetence and malevolence when it comes to public health during the pandemic. Just this week, the Nebraska Department of Health and Human Services, which Ricketts controls,\u00a0denied a request\u00a0by Douglas County &#8212; the state&#8217;s most populous &#8212; to implement a mask mandate in ... Read more","og_url":"https:\/\/nebraskademocrats.org\/su\/blog\/reckless-ricketts-and-more-nebdems-news\/","og_site_name":"Nebraska Democratic Party","article_publisher":"https:\/\/www.facebook.com\/NebraskaDemocraticParty\/","article_published_time":"2021-08-27T19:36:08+00:00","article_modified_time":"2021-08-27T19:42:37+00:00","og_image":[{"url":"https:\/\/can2-prod.s3.amazonaws.com\/uploads\/data\/000\/573\/042\/original\/NebDems_News_4.png","type":"","width":"","height":""}],"author":"Precious McKesson","twitter_card":"summary_large_image","twitter_creator":"@nebraskadems","twitter_site":"@nebraskadems","twitter_misc":{"Written by":"Precious McKesson","Est. reading time":"7 minutes"},"schema":{"@context":"https:\/\/schema.org","@graph":[{"@type":"Article","@id":"https:\/\/nebraskademocrats.org\/zh\/blog\/reckless-ricketts-and-more-nebdems-news\/#article","isPartOf":{"@id":"https:\/\/nebraskademocrats.org\/zh\/blog\/reckless-ricketts-and-more-nebdems-news\/"},"author":{"name":"Precious McKesson","@id":"https:\/\/nebraskademocrats.org\/#\/schema\/person\/33e011ea0795f404810dc40828bcf289"},"headline":"Reckless Ricketts and more &#8212; #NebDems News","datePublished":"2021-08-27T19:36:08+00:00","dateModified":"2021-08-27T19:42:37+00:00","mainEntityOfPage":{"@id":"https:\/\/nebraskademocrats.org\/zh\/blog\/reckless-ricketts-and-more-nebdems-news\/"},"wordCount":865,"publisher":{"@id":"https:\/\/nebraskademocrats.org\/#organization"},"image":{"@id":"https:\/\/nebraskademocrats.org\/zh\/blog\/reckless-ricketts-and-more-nebdems-news\/#primaryimage"},"thumbnailUrl":"https:\/\/can2-prod.s3.amazonaws.com\/uploads\/data\/000\/573\/042\/original\/NebDems_News_4.png","articleSection":["NDP Blog"],"inLanguage":"su"},{"@type":"WebPage","@id":"https:\/\/nebraskademocrats.org\/zh\/blog\/reckless-ricketts-and-more-nebdems-news\/","url":"https:\/\/nebraskademocrats.org\/zh\/blog\/reckless-ricketts-and-more-nebdems-news\/","name":"Reckless Ricketts and more -- #NebDems News &#8211; Nebraska Democratic Party","isPartOf":{"@id":"https:\/\/nebraskademocrats.org\/#website"},"primaryImageOfPage":{"@id":"https:\/\/nebraskademocrats.org\/zh\/blog\/reckless-ricketts-and-more-nebdems-news\/#primaryimage"},"image":{"@id":"https:\/\/nebraskademocrats.org\/zh\/blog\/reckless-ricketts-and-more-nebdems-news\/#primaryimage"},"thumbnailUrl":"https:\/\/can2-prod.s3.amazonaws.com\/uploads\/data\/000\/573\/042\/original\/NebDems_News_4.png","datePublished":"2021-08-27T19:36:08+00:00","dateModified":"2021-08-27T19:42:37+00:00","breadcrumb":{"@id":"https:\/\/nebraskademocrats.org\/zh\/blog\/reckless-ricketts-and-more-nebdems-news\/#breadcrumb"},"inLanguage":"su","potentialAction":[{"@type":"ReadAction","target":["https:\/\/nebraskademocrats.org\/zh\/blog\/reckless-ricketts-and-more-nebdems-news\/"]}]},{"@type":"ImageObject","inLanguage":"su","@id":"https:\/\/nebraskademocrats.org\/zh\/blog\/reckless-ricketts-and-more-nebdems-news\/#primaryimage","url":"https:\/\/can2-prod.s3.amazonaws.com\/uploads\/data\/000\/573\/042\/original\/NebDems_News_4.png","contentUrl":"https:\/\/can2-prod.s3.amazonaws.com\/uploads\/data\/000\/573\/042\/original\/NebDems_News_4.png"},{"@type":"BreadcrumbList","@id":"https:\/\/nebraskademocrats.org\/zh\/blog\/reckless-ricketts-and-more-nebdems-news\/#breadcrumb","itemListElement":[{"@type":"ListItem","position":1,"name":"Home","item":"https:\/\/nebraskademocrats.org\/"},{"@type":"ListItem","position":2,"name":"Reckless Ricketts and more &#8212; #NebDems News"}]},{"@type":"WebSite","@id":"https:\/\/nebraskademocrats.org\/#website","url":"https:\/\/nebraskademocrats.org\/","name":"Nebraska Democratic Party","description":"Tumuwuh Kahirupan Anu Sa\u00e9 pikeun Sadayana Nebraskan","publisher":{"@id":"https:\/\/nebraskademocrats.org\/#organization"},"potentialAction":[{"@type":"SearchAction","target":{"@type":"EntryPoint","urlTemplate":"https:\/\/nebraskademocrats.org\/?s={search_term_string}"},"query-input":{"@type":"PropertyValueSpecification","valueRequired":true,"valueName":"search_term_string"}}],"inLanguage":"su"},{"@type":"Organization","@id":"https:\/\/nebraskademocrats.org\/#organization","name":"Nebraska Democratic Party","url":"https:\/\/nebraskademocrats.org\/","logo":{"@type":"ImageObject","inLanguage":"su","@id":"https:\/\/nebraskademocrats.org\/#\/schema\/logo\/image\/","url":"https:\/\/nebraskadem.wpenginepowered.com\/wp-content\/uploads\/2016\/05\/NDP2.jpg","contentUrl":"https:\/\/nebraskadem.wpenginepowered.com\/wp-content\/uploads\/2016\/05\/NDP2.jpg","width":1000,"height":396,"caption":"Nebraska Democratic Party"},"image":{"@id":"https:\/\/nebraskademocrats.org\/#\/schema\/logo\/image\/"},"sameAs":["https:\/\/www.facebook.com\/NebraskaDemocraticParty\/","https:\/\/x.com\/nebraskadems"]},{"@type":"Person","@id":"https:\/\/nebraskademocrats.org\/#\/schema\/person\/33e011ea0795f404810dc40828bcf289","name":"McKesson mulia","image":{"@type":"ImageObject","inLanguage":"su","@id":"https:\/\/secure.gravatar.com\/avatar\/35046e19b3373116ec64c07d386d3312028d3820dc0ffe65c344bcebc8ea9194?s=96&d=mm&r=g","url":"https:\/\/secure.gravatar.com\/avatar\/35046e19b3373116ec64c07d386d3312028d3820dc0ffe65c344bcebc8ea9194?s=96&d=mm&r=g","contentUrl":"https:\/\/secure.gravatar.com\/avatar\/35046e19b3373116ec64c07d386d3312028d3820dc0ffe65c344bcebc8ea9194?s=96&d=mm&r=g","caption":"Precious McKesson"}}]}},"_links":{"self":[{"href":"https:\/\/nebraskademocrats.org\/su\/wp-json\/wp\/v2\/posts\/34167","targetHints":{"allow":["GET"]}}],"collection":[{"href":"https:\/\/nebraskademocrats.org\/su\/wp-json\/wp\/v2\/posts"}],"about":[{"href":"https:\/\/nebraskademocrats.org\/su\/wp-json\/wp\/v2\/types\/post"}],"author":[{"embeddable":true,"href":"https:\/\/nebraskademocrats.org\/su\/wp-json\/wp\/v2\/users\/19"}],"replies":[{"embeddable":true,"href":"https:\/\/nebraskademocrats.org\/su\/wp-json\/wp\/v2\/comments?post=34167"}],"version-history":[{"count":0,"href":"https:\/\/nebraskademocrats.org\/su\/wp-json\/wp\/v2\/posts\/34167\/revisions"}],"wp:attachment":[{"href":"https:\/\/nebraskademocrats.org\/su\/wp-json\/wp\/v2\/media?parent=34167"}],"wp:term":[{"taxonomy":"category","embeddable":true,"href":"https:\/\/nebraskademocrats.org\/su\/wp-json\/wp\/v2\/categories?post=34167"},{"taxonomy":"post_tag","embeddable":true,"href":"https:\/\/nebraskademocrats.org\/su\/wp-json\/wp\/v2\/tags?post=34167"}],"curies":[{"name":"wp","href":"https:\/\/api.w.org\/{rel}","templated":true}]}}