{"id":35928,"date":"2022-01-16T14:51:02","date_gmt":"2022-01-16T20:51:02","guid":{"rendered":"https:\/\/nebraskadem.wpenginepowered.com\/?p=35928"},"modified":"2022-01-16T14:51:02","modified_gmt":"2022-01-16T20:51:02","slug":"press-release-ndps-kleeb-comments-on-mike-flood-entering-cd1-race","status":"publish","type":"post","link":"https:\/\/nebraskademocrats.org\/su\/blog\/press-release-ndps-kleeb-comments-on-mike-flood-entering-cd1-race\/","title":{"rendered":"siaran pers: Kom\u00e9ntar Kleeb NDP ngeunaan Mike Banjir asup kana balapan CD1"},"content":{"rendered":"<p><span style=\"font-weight: 400;\">Nebraska Democratic Party Kursi Jane Kleeb ngaluarkeun pernyataan di handap Minggu sanggeus kaayaan S\u00e9nator Mike Banjir ngumumkeun anjeunna nyieun tangtangan prim\u00e9r pikeun GOP Rep Jeff Fortenberry, anu nyanghareup biaya f\u00e9deral pikeun bohong ka FBI ngeunaan kontribusi kampanye.<\/span><\/p>\n<p><span style=\"font-weight: 400;\">&quot;Ieu retakan munggaran dina firewall GOP. The Republicans resep pretend y\u00e9n Jeff Fortenberry teu aya dina kasulitan - nu mangrupa lamunan. Ieu kasempetan generasi pikeun Demokrat meunang korsi CD1 ku ngirim kaayaan Sen Patty Pansing Brooks atawa <\/span><span style=\"font-weight: 400;\">Jazari Kual ka Washington DC kalayan ideu sareng harepan \u00e9nggal, \u201dsaur Kleeb. &quot;Kami pasti henteu peryogi banjir ideu anu langkung gor\u00e9ng tina GOP.&quot;<\/span><\/p>\n<p style=\"text-align: center;\"><span style=\"font-weight: 400;\">###<\/span><\/p>","protected":false},"excerpt":{"rendered":"<p>Nebraska Democratic Party Chair Jane Kleeb issued the following statement Sunday after state Sen. Mike Flood announced he was making a primary challenge to GOP Rep. Jeff Fortenberry, who is facing federal charges for lying to the FBI about campaign contributions. \u201cThis is the first crack in the GOP firewall. The Republicans like to pretend &#8230; <a title=\"Press release: NDP&#8217;s Kleeb comments on Mike Flood entering CD1 race\" class=\"read-more\" href=\"https:\/\/nebraskademocrats.org\/su\/blog\/press-release-ndps-kleeb-comments-on-mike-flood-entering-cd1-race\/\" aria-label=\"More on Press release: NDP&#8217;s Kleeb comments on Mike Flood entering CD1 race\">Maca deui<\/a><\/p>","protected":false},"author":19,"featured_media":0,"comment_status":"closed","ping_status":"closed","sticky":false,"template":"","format":"standard","meta":{"_acf_changed":false,"_exactmetrics_skip_tracking":false,"_exactmetrics_sitenote_active":false,"_exactmetrics_sitenote_note":"","_exactmetrics_sitenote_category":0,"footnotes":""},"categories":[1],"tags":[],"class_list":["post-35928","post","type-post","status-publish","format-standard","hentry","category-blog"],"acf":[],"yoast_head":"<!-- This site is optimized with the Yoast SEO plugin v27.4 - https:\/\/yoast.com\/product\/yoast-seo-wordpress\/ -->\n<title>Press release: NDP&#039;s Kleeb comments on Mike Flood entering CD1 race &#8211; Nebraska Democratic Party<\/title>\n<meta name=\"robots\" content=\"index, follow, max-snippet:-1, max-image-preview:large, max-video-preview:-1\" \/>\n<link rel=\"canonical\" href=\"https:\/\/nebraskademocrats.org\/su\/blog\/press-release-ndps-kleeb-comments-on-mike-flood-entering-cd1-race\/\" \/>\n<meta property=\"og:locale\" content=\"en_US\" \/>\n<meta property=\"og:type\" content=\"article\" \/>\n<meta property=\"og:title\" content=\"Press release: NDP&#039;s Kleeb comments on Mike Flood entering CD1 race &#8211; Nebraska Democratic Party\" \/>\n<meta property=\"og:description\" content=\"Nebraska Democratic Party Chair Jane Kleeb issued the following statement Sunday after state Sen. Mike Flood announced he was making a primary challenge to GOP Rep. Jeff Fortenberry, who is facing federal charges for lying to the FBI about campaign contributions. \u201cThis is the first crack in the GOP firewall. The Republicans like to pretend ... Read more\" \/>\n<meta property=\"og:url\" content=\"https:\/\/nebraskademocrats.org\/su\/blog\/press-release-ndps-kleeb-comments-on-mike-flood-entering-cd1-race\/\" \/>\n<meta property=\"og:site_name\" content=\"Nebraska Democratic Party\" \/>\n<meta property=\"article:publisher\" content=\"https:\/\/www.facebook.com\/NebraskaDemocraticParty\/\" \/>\n<meta property=\"article:published_time\" content=\"2022-01-16T20:51:02+00:00\" \/>\n<meta property=\"og:image\" content=\"https:\/\/nebraskademocrats.org\/wp-content\/uploads\/2018\/09\/ne-dems-fb.jpg\" \/>\n\t<meta property=\"og:image:width\" content=\"1200\" \/>\n\t<meta property=\"og:image:height\" content=\"630\" \/>\n\t<meta property=\"og:image:type\" content=\"image\/jpeg\" \/>\n<meta name=\"author\" content=\"Precious McKesson\" \/>\n<meta name=\"twitter:card\" content=\"summary_large_image\" \/>\n<meta name=\"twitter:creator\" content=\"@nebraskadems\" \/>\n<meta name=\"twitter:site\" content=\"@nebraskadems\" \/>\n<meta name=\"twitter:label1\" content=\"Written by\" \/>\n\t<meta name=\"twitter:data1\" content=\"Precious McKesson\" \/>\n\t<meta name=\"twitter:label2\" content=\"Est. reading time\" \/>\n\t<meta name=\"twitter:data2\" content=\"1 minute\" \/>\n<script type=\"application\/ld+json\" class=\"yoast-schema-graph\">{\"@context\":\"https:\\\/\\\/schema.org\",\"@graph\":[{\"@type\":\"Article\",\"@id\":\"https:\\\/\\\/nebraskademocrats.org\\\/blog\\\/press-release-ndps-kleeb-comments-on-mike-flood-entering-cd1-race\\\/#article\",\"isPartOf\":{\"@id\":\"https:\\\/\\\/nebraskademocrats.org\\\/blog\\\/press-release-ndps-kleeb-comments-on-mike-flood-entering-cd1-race\\\/\"},\"author\":{\"name\":\"Precious McKesson\",\"@id\":\"https:\\\/\\\/nebraskademocrats.org\\\/#\\\/schema\\\/person\\\/33e011ea0795f404810dc40828bcf289\"},\"headline\":\"Press release: NDP&#8217;s Kleeb comments on Mike Flood entering CD1 race\",\"datePublished\":\"2022-01-16T20:51:02+00:00\",\"mainEntityOfPage\":{\"@id\":\"https:\\\/\\\/nebraskademocrats.org\\\/blog\\\/press-release-ndps-kleeb-comments-on-mike-flood-entering-cd1-race\\\/\"},\"wordCount\":126,\"publisher\":{\"@id\":\"https:\\\/\\\/nebraskademocrats.org\\\/#organization\"},\"articleSection\":[\"NDP Blog\"],\"inLanguage\":\"su\"},{\"@type\":\"WebPage\",\"@id\":\"https:\\\/\\\/nebraskademocrats.org\\\/blog\\\/press-release-ndps-kleeb-comments-on-mike-flood-entering-cd1-race\\\/\",\"url\":\"https:\\\/\\\/nebraskademocrats.org\\\/blog\\\/press-release-ndps-kleeb-comments-on-mike-flood-entering-cd1-race\\\/\",\"name\":\"Press release: NDP's Kleeb comments on Mike Flood entering CD1 race &#8211; Nebraska Democratic Party\",\"isPartOf\":{\"@id\":\"https:\\\/\\\/nebraskademocrats.org\\\/#website\"},\"datePublished\":\"2022-01-16T20:51:02+00:00\",\"breadcrumb\":{\"@id\":\"https:\\\/\\\/nebraskademocrats.org\\\/blog\\\/press-release-ndps-kleeb-comments-on-mike-flood-entering-cd1-race\\\/#breadcrumb\"},\"inLanguage\":\"su\",\"potentialAction\":[{\"@type\":\"ReadAction\",\"target\":[\"https:\\\/\\\/nebraskademocrats.org\\\/blog\\\/press-release-ndps-kleeb-comments-on-mike-flood-entering-cd1-race\\\/\"]}]},{\"@type\":\"BreadcrumbList\",\"@id\":\"https:\\\/\\\/nebraskademocrats.org\\\/blog\\\/press-release-ndps-kleeb-comments-on-mike-flood-entering-cd1-race\\\/#breadcrumb\",\"itemListElement\":[{\"@type\":\"ListItem\",\"position\":1,\"name\":\"Home\",\"item\":\"https:\\\/\\\/nebraskademocrats.org\\\/\"},{\"@type\":\"ListItem\",\"position\":2,\"name\":\"Press release: NDP&#8217;s Kleeb comments on Mike Flood entering CD1 race\"}]},{\"@type\":\"WebSite\",\"@id\":\"https:\\\/\\\/nebraskademocrats.org\\\/#website\",\"url\":\"https:\\\/\\\/nebraskademocrats.org\\\/\",\"name\":\"Nebraska Democratic Party\",\"description\":\"Growing the Good Life for All Nebraskans\",\"publisher\":{\"@id\":\"https:\\\/\\\/nebraskademocrats.org\\\/#organization\"},\"potentialAction\":[{\"@type\":\"SearchAction\",\"target\":{\"@type\":\"EntryPoint\",\"urlTemplate\":\"https:\\\/\\\/nebraskademocrats.org\\\/?s={search_term_string}\"},\"query-input\":{\"@type\":\"PropertyValueSpecification\",\"valueRequired\":true,\"valueName\":\"search_term_string\"}}],\"inLanguage\":\"su\"},{\"@type\":\"Organization\",\"@id\":\"https:\\\/\\\/nebraskademocrats.org\\\/#organization\",\"name\":\"Nebraska Democratic Party\",\"url\":\"https:\\\/\\\/nebraskademocrats.org\\\/\",\"logo\":{\"@type\":\"ImageObject\",\"inLanguage\":\"su\",\"@id\":\"https:\\\/\\\/nebraskademocrats.org\\\/#\\\/schema\\\/logo\\\/image\\\/\",\"url\":\"https:\\\/\\\/nebraskadem.wpenginepowered.com\\\/wp-content\\\/uploads\\\/2016\\\/05\\\/NDP2.jpg\",\"contentUrl\":\"https:\\\/\\\/nebraskadem.wpenginepowered.com\\\/wp-content\\\/uploads\\\/2016\\\/05\\\/NDP2.jpg\",\"width\":1000,\"height\":396,\"caption\":\"Nebraska Democratic Party\"},\"image\":{\"@id\":\"https:\\\/\\\/nebraskademocrats.org\\\/#\\\/schema\\\/logo\\\/image\\\/\"},\"sameAs\":[\"https:\\\/\\\/www.facebook.com\\\/NebraskaDemocraticParty\\\/\",\"https:\\\/\\\/x.com\\\/nebraskadems\"]},{\"@type\":\"Person\",\"@id\":\"https:\\\/\\\/nebraskademocrats.org\\\/#\\\/schema\\\/person\\\/33e011ea0795f404810dc40828bcf289\",\"name\":\"Precious McKesson\",\"image\":{\"@type\":\"ImageObject\",\"inLanguage\":\"su\",\"@id\":\"https:\\\/\\\/secure.gravatar.com\\\/avatar\\\/35046e19b3373116ec64c07d386d3312028d3820dc0ffe65c344bcebc8ea9194?s=96&d=mm&r=g\",\"url\":\"https:\\\/\\\/secure.gravatar.com\\\/avatar\\\/35046e19b3373116ec64c07d386d3312028d3820dc0ffe65c344bcebc8ea9194?s=96&d=mm&r=g\",\"contentUrl\":\"https:\\\/\\\/secure.gravatar.com\\\/avatar\\\/35046e19b3373116ec64c07d386d3312028d3820dc0ffe65c344bcebc8ea9194?s=96&d=mm&r=g\",\"caption\":\"Precious McKesson\"}}]}<\/script>\n<!-- \/ Yoast SEO plugin. -->","yoast_head_json":{"title":"Press release: NDP's Kleeb comments on Mike Flood entering CD1 race &#8211; Nebraska Democratic Party","robots":{"index":"index","follow":"follow","max-snippet":"max-snippet:-1","max-image-preview":"max-image-preview:large","max-video-preview":"max-video-preview:-1"},"canonical":"https:\/\/nebraskademocrats.org\/su\/blog\/press-release-ndps-kleeb-comments-on-mike-flood-entering-cd1-race\/","og_locale":"en_US","og_type":"article","og_title":"Press release: NDP's Kleeb comments on Mike Flood entering CD1 race &#8211; Nebraska Democratic Party","og_description":"Nebraska Democratic Party Chair Jane Kleeb issued the following statement Sunday after state Sen. Mike Flood announced he was making a primary challenge to GOP Rep. Jeff Fortenberry, who is facing federal charges for lying to the FBI about campaign contributions. \u201cThis is the first crack in the GOP firewall. The Republicans like to pretend ... Read more","og_url":"https:\/\/nebraskademocrats.org\/su\/blog\/press-release-ndps-kleeb-comments-on-mike-flood-entering-cd1-race\/","og_site_name":"Nebraska Democratic Party","article_publisher":"https:\/\/www.facebook.com\/NebraskaDemocraticParty\/","article_published_time":"2022-01-16T20:51:02+00:00","og_image":[{"width":1200,"height":630,"url":"https:\/\/nebraskademocrats.org\/wp-content\/uploads\/2018\/09\/ne-dems-fb.jpg","type":"image\/jpeg"}],"author":"Precious McKesson","twitter_card":"summary_large_image","twitter_creator":"@nebraskadems","twitter_site":"@nebraskadems","twitter_misc":{"Written by":"Precious McKesson","Est. reading time":"1 minute"},"schema":{"@context":"https:\/\/schema.org","@graph":[{"@type":"Article","@id":"https:\/\/nebraskademocrats.org\/blog\/press-release-ndps-kleeb-comments-on-mike-flood-entering-cd1-race\/#article","isPartOf":{"@id":"https:\/\/nebraskademocrats.org\/blog\/press-release-ndps-kleeb-comments-on-mike-flood-entering-cd1-race\/"},"author":{"name":"Precious McKesson","@id":"https:\/\/nebraskademocrats.org\/#\/schema\/person\/33e011ea0795f404810dc40828bcf289"},"headline":"Press release: NDP&#8217;s Kleeb comments on Mike Flood entering CD1 race","datePublished":"2022-01-16T20:51:02+00:00","mainEntityOfPage":{"@id":"https:\/\/nebraskademocrats.org\/blog\/press-release-ndps-kleeb-comments-on-mike-flood-entering-cd1-race\/"},"wordCount":126,"publisher":{"@id":"https:\/\/nebraskademocrats.org\/#organization"},"articleSection":["NDP Blog"],"inLanguage":"su"},{"@type":"WebPage","@id":"https:\/\/nebraskademocrats.org\/blog\/press-release-ndps-kleeb-comments-on-mike-flood-entering-cd1-race\/","url":"https:\/\/nebraskademocrats.org\/blog\/press-release-ndps-kleeb-comments-on-mike-flood-entering-cd1-race\/","name":"Press release: NDP's Kleeb comments on Mike Flood entering CD1 race &#8211; Nebraska Democratic Party","isPartOf":{"@id":"https:\/\/nebraskademocrats.org\/#website"},"datePublished":"2022-01-16T20:51:02+00:00","breadcrumb":{"@id":"https:\/\/nebraskademocrats.org\/blog\/press-release-ndps-kleeb-comments-on-mike-flood-entering-cd1-race\/#breadcrumb"},"inLanguage":"su","potentialAction":[{"@type":"ReadAction","target":["https:\/\/nebraskademocrats.org\/blog\/press-release-ndps-kleeb-comments-on-mike-flood-entering-cd1-race\/"]}]},{"@type":"BreadcrumbList","@id":"https:\/\/nebraskademocrats.org\/blog\/press-release-ndps-kleeb-comments-on-mike-flood-entering-cd1-race\/#breadcrumb","itemListElement":[{"@type":"ListItem","position":1,"name":"Home","item":"https:\/\/nebraskademocrats.org\/"},{"@type":"ListItem","position":2,"name":"Press release: NDP&#8217;s Kleeb comments on Mike Flood entering CD1 race"}]},{"@type":"WebSite","@id":"https:\/\/nebraskademocrats.org\/#website","url":"https:\/\/nebraskademocrats.org\/","name":"Nebraska Democratic Party","description":"Tumuwuh Kahirupan Anu Sa\u00e9 pikeun Sadayana Nebraskan","publisher":{"@id":"https:\/\/nebraskademocrats.org\/#organization"},"potentialAction":[{"@type":"SearchAction","target":{"@type":"EntryPoint","urlTemplate":"https:\/\/nebraskademocrats.org\/?s={search_term_string}"},"query-input":{"@type":"PropertyValueSpecification","valueRequired":true,"valueName":"search_term_string"}}],"inLanguage":"su"},{"@type":"Organization","@id":"https:\/\/nebraskademocrats.org\/#organization","name":"Nebraska Democratic Party","url":"https:\/\/nebraskademocrats.org\/","logo":{"@type":"ImageObject","inLanguage":"su","@id":"https:\/\/nebraskademocrats.org\/#\/schema\/logo\/image\/","url":"https:\/\/nebraskadem.wpenginepowered.com\/wp-content\/uploads\/2016\/05\/NDP2.jpg","contentUrl":"https:\/\/nebraskadem.wpenginepowered.com\/wp-content\/uploads\/2016\/05\/NDP2.jpg","width":1000,"height":396,"caption":"Nebraska Democratic Party"},"image":{"@id":"https:\/\/nebraskademocrats.org\/#\/schema\/logo\/image\/"},"sameAs":["https:\/\/www.facebook.com\/NebraskaDemocraticParty\/","https:\/\/x.com\/nebraskadems"]},{"@type":"Person","@id":"https:\/\/nebraskademocrats.org\/#\/schema\/person\/33e011ea0795f404810dc40828bcf289","name":"McKesson mulia","image":{"@type":"ImageObject","inLanguage":"su","@id":"https:\/\/secure.gravatar.com\/avatar\/35046e19b3373116ec64c07d386d3312028d3820dc0ffe65c344bcebc8ea9194?s=96&d=mm&r=g","url":"https:\/\/secure.gravatar.com\/avatar\/35046e19b3373116ec64c07d386d3312028d3820dc0ffe65c344bcebc8ea9194?s=96&d=mm&r=g","contentUrl":"https:\/\/secure.gravatar.com\/avatar\/35046e19b3373116ec64c07d386d3312028d3820dc0ffe65c344bcebc8ea9194?s=96&d=mm&r=g","caption":"Precious McKesson"}}]}},"_links":{"self":[{"href":"https:\/\/nebraskademocrats.org\/su\/wp-json\/wp\/v2\/posts\/35928","targetHints":{"allow":["GET"]}}],"collection":[{"href":"https:\/\/nebraskademocrats.org\/su\/wp-json\/wp\/v2\/posts"}],"about":[{"href":"https:\/\/nebraskademocrats.org\/su\/wp-json\/wp\/v2\/types\/post"}],"author":[{"embeddable":true,"href":"https:\/\/nebraskademocrats.org\/su\/wp-json\/wp\/v2\/users\/19"}],"replies":[{"embeddable":true,"href":"https:\/\/nebraskademocrats.org\/su\/wp-json\/wp\/v2\/comments?post=35928"}],"version-history":[{"count":0,"href":"https:\/\/nebraskademocrats.org\/su\/wp-json\/wp\/v2\/posts\/35928\/revisions"}],"wp:attachment":[{"href":"https:\/\/nebraskademocrats.org\/su\/wp-json\/wp\/v2\/media?parent=35928"}],"wp:term":[{"taxonomy":"category","embeddable":true,"href":"https:\/\/nebraskademocrats.org\/su\/wp-json\/wp\/v2\/categories?post=35928"},{"taxonomy":"post_tag","embeddable":true,"href":"https:\/\/nebraskademocrats.org\/su\/wp-json\/wp\/v2\/tags?post=35928"}],"curies":[{"name":"wp","href":"https:\/\/api.w.org\/{rel}","templated":true}]}}